{"id":191047,"date":"2020-03-16T07:59:01","date_gmt":"2020-03-16T12:59:01","guid":{"rendered":"https:\/\/www.fiscalia.gov.co\/colombia\/?p=191047"},"modified":"2020-03-16T07:59:01","modified_gmt":"2020-03-16T12:59:01","slug":"fiscalia-ocupa-con-fines-de-extincion-de-dominio-bienes-de-alias-faraon-presunto-integrante-de-la-oficina","status":"publish","type":"post","link":"https:\/\/www.fiscalia.gov.co\/colombia\/extincion-de-dominio\/fiscalia-ocupa-con-fines-de-extincion-de-dominio-bienes-de-alias-faraon-presunto-integrante-de-la-oficina\/","title":{"rendered":"Fiscal\u00eda ocupa, con fines de extinci\u00f3n de dominio, bienes de alias \u2018Fara\u00f3n\u2019, presunto integrante de la \u2018Oficina\u2019"},"content":{"rendered":"<p><em>Este constituye un duro golpe a las <strong>finanzas del narcotr\u00e1fico<\/strong> de la llamada \u2018<strong>Oficina<\/strong>\u2019 y del <strong>Clan del Golfo<\/strong>, que servir\u00eda de puente para sacar sustancias il\u00edcitas por el Urab\u00e1 Antioque\u00f1o hacia <strong>Centro Am\u00e9rica y Estados Unidos<\/strong>.<\/em><\/p>\n<p>En una operaci\u00f3n conjunta entre la <strong>Fiscal\u00eda General de la Naci\u00f3n y la Direcci\u00f3n Antinarc\u00f3ticos de la Polic\u00eda Nacional<\/strong> fueron ocupados, con fines de extinci\u00f3n del derecho de dominio, <strong>4.401 bienes<\/strong> entre muebles e inmuebles de propiedad del presunto narcotraficante <strong>Wilson Abad Ospina Mar\u00edn<\/strong>, conocido con los alias de <strong>\u2018Fara\u00f3n\u2019 o \u2018Desierto\u2019<\/strong>, capturado en Colombia en septiembre de 2019.<\/p>\n<p>Se trata de <strong>4.357 semovientes, 9 veh\u00edculos y 1 sociedad agr\u00edcola<\/strong> a trav\u00e9s de la cual se habr\u00edan lavado, mediante la comercializaci\u00f3n de insumos para el campo y la venta de cabezas de ganado, millonarias sumas de dineros producto del tr\u00e1fico de <strong>coca\u00edna y hero\u00edna<\/strong>.<\/p>\n<p>En las indagaciones iniciales llam\u00f3 la atenci\u00f3n el incremento patrimonial de una de las empresas agr\u00edcolas del implicado; \u00a0que fue <strong>constituida en 2012 con 5 millones de pesos, y tres a\u00f1os m\u00e1s tarde alcanzaba los 8.000 millones de pesos<\/strong>.<\/p>\n<p>A la lista de bienes ocupados se suman 34 inmuebles entre casas, apartamentos y fincas ubicadas en los departamentos de <strong>Antioquia, Valle del Cauca y Risaralda<\/strong>.<\/p>\n<p>As\u00ed las cosas, el valor de los bienes afectados alcanza los <strong>7.500 millones de pesos<\/strong>.<\/p>\n<p><strong>\u2018El Fara\u00f3n\u2019<\/strong><\/p>\n<p>Wilson Abad Ospina Mar\u00edn, presunto integrante de la llamada \u2018Oficina\u2019, es considerado por las autoridades como un \u2018<strong>narco invisible\u2019<\/strong>, por el constante cambio de sus alias para evadir la acci\u00f3n de la justicia. En contra de <strong>El Fara\u00f3n<\/strong> existe un pedido de extradici\u00f3n de la Corte del <strong>Distrito Este de Texas en Estados Unidos<\/strong>.<\/p>\n<p>Las labores investigativas evidenciaron c\u00f3mo Ospina Mar\u00edn, apoyado por el <strong>Clan del Golfo<\/strong>, habr\u00eda <strong>usado rutas en Urab\u00e1<\/strong> para sacar sustancias estupefacientes en embarcaciones que eran enviadas hacia <strong>Panam\u00e1, Costa Rica, M\u00e9xico y Guatemala<\/strong> y posteriormente ser ingresada por la costa este de los <strong>Estados Unidos a Nueva York<\/strong>.<\/p>\n<p>Las investigaciones adelantadas por los fiscales de la direcci\u00f3n de extinci\u00f3n del derecho de dominio revelaron que los bienes afectados aparec\u00edan a nombre de <strong>Ospina Mar\u00edn<\/strong> y de su <strong>c\u00edrculo familiar m\u00e1s cercano<\/strong>.<\/p>\n<p>Llam\u00f3 la atenci\u00f3n de la polic\u00eda judicial el que muchos de los terceros que, a pesar de contar con <strong>lujosas propiedades<\/strong>, aparec\u00edan como <strong>beneficiarios del Sisb\u00e9n<\/strong>.<\/p>\n<p>Los bienes ocupados fueron dejados a disposici\u00f3n de la <strong>Sociedad de Activos Especiales (SAE)<\/strong> para su administraci\u00f3n.<\/p>\n<p>La Fiscal\u00eda hace p\u00fablica esta informaci\u00f3n por razones de inter\u00e9s general.<\/p>\n<p>&nbsp;<\/p>\n\n<div class=\"twitter-share\"><a href=\"https:\/\/twitter.com\/intent\/tweet?via=fiscaliacol\" class=\"twitter-share-button\">Tweet<\/a><\/div>\n","protected":false},"excerpt":{"rendered":"<p>Este constituye un duro golpe a las finanzas del narcotr\u00e1fico de la llamada \u2018Oficina\u2019 y del Clan del Golfo, que servir\u00eda de puente para sacar sustancias il\u00edcitas por el Urab\u00e1 Antioque\u00f1o hacia Centro Am\u00e9rica y Estados Unidos. En una operaci\u00f3n conjunta entre la Fiscal\u00eda General de la Naci\u00f3n y la Direcci\u00f3n Antinarc\u00f3ticos de la Polic\u00eda [&hellip;]<\/p>\n","protected":false},"author":162,"featured_media":0,"comment_status":"closed","ping_status":"open","sticky":false,"template":"","format":"standard","meta":{"tdm_status":"","tdm_grid_status":"","footnotes":""},"categories":[24116,24157],"tags":[],"class_list":{"0":"post-191047","1":"post","2":"type-post","3":"status-publish","4":"format-standard","6":"category-extincion-de-dominio","7":"category-finanzas-criminales"},"yoast_head":"<!-- This site is optimized with the Yoast SEO plugin v24.3 - https:\/\/yoast.com\/wordpress\/plugins\/seo\/ -->\n<title>Fiscal\u00eda General de la Naci\u00f3n<\/title>\n<meta name=\"description\" content=\"P\u00e1gina oficial de la Fiscal\u00eda General de la Naci\u00f3n \u2013 Colombia. Garantizamos el acceso efectivo a la justicia, la verdad y la reparaci\u00f3n de las v\u00edctimas de los delitos.\" \/>\n<meta name=\"robots\" content=\"noindex, follow\" \/>\n<meta property=\"og:locale\" content=\"es_ES\" \/>\n<meta property=\"og:type\" content=\"article\" \/>\n<meta property=\"og:title\" content=\"Fiscal\u00eda General de la Naci\u00f3n\" \/>\n<meta property=\"og:description\" content=\"P\u00e1gina oficial de la Fiscal\u00eda General de la Naci\u00f3n \u2013 Colombia. Garantizamos el acceso efectivo a la justicia, la verdad y la reparaci\u00f3n de las v\u00edctimas de los delitos.\" \/>\n<meta property=\"og:url\" content=\"https:\/\/www.fiscalia.gov.co\/colombia\/extincion-de-dominio\/fiscalia-ocupa-con-fines-de-extincion-de-dominio-bienes-de-alias-faraon-presunto-integrante-de-la-oficina\/\" \/>\n<meta property=\"og:site_name\" content=\"Fiscal\u00eda General de la Naci\u00f3n\" \/>\n<meta property=\"article:publisher\" content=\"https:\/\/www.facebook.com\/FiscaliaCol\" \/>\n<meta property=\"article:published_time\" content=\"2020-03-16T12:59:01+00:00\" \/>\n<meta name=\"author\" content=\"Direcci\u00f3n de Comunicaciones Fiscal\u00eda General de la Naci\u00f3n\" \/>\n<meta name=\"twitter:card\" content=\"summary_large_image\" \/>\n<meta name=\"twitter:creator\" content=\"@FiscaliaCol\" \/>\n<meta name=\"twitter:site\" content=\"@FiscaliaCol\" \/>\n<meta name=\"twitter:label1\" content=\"Escrito por\" \/>\n\t<meta name=\"twitter:data1\" content=\"Direcci\u00f3n de Comunicaciones Fiscal\u00eda General de la Naci\u00f3n\" \/>\n\t<meta name=\"twitter:label2\" content=\"Tiempo de lectura\" \/>\n\t<meta name=\"twitter:data2\" content=\"2 minutos\" \/>\n<script type=\"application\/ld+json\" class=\"yoast-schema-graph\">{\"@context\":\"https:\/\/schema.org\",\"@graph\":[{\"@type\":\"Article\",\"@id\":\"https:\/\/www.fiscalia.gov.co\/colombia\/extincion-de-dominio\/fiscalia-ocupa-con-fines-de-extincion-de-dominio-bienes-de-alias-faraon-presunto-integrante-de-la-oficina\/#article\",\"isPartOf\":{\"@id\":\"https:\/\/www.fiscalia.gov.co\/colombia\/extincion-de-dominio\/fiscalia-ocupa-con-fines-de-extincion-de-dominio-bienes-de-alias-faraon-presunto-integrante-de-la-oficina\/\"},\"author\":{\"name\":\"Direcci\u00f3n de Comunicaciones Fiscal\u00eda General de la Naci\u00f3n\",\"@id\":\"https:\/\/www.fiscalia.gov.co\/colombia\/#\/schema\/person\/bf28d8ae7f1b287bbe3af484b04f43ea\"},\"headline\":\"Fiscal\u00eda ocupa, con fines de extinci\u00f3n de dominio, bienes de alias \u2018Fara\u00f3n\u2019, presunto integrante de la \u2018Oficina\u2019\",\"datePublished\":\"2020-03-16T12:59:01+00:00\",\"dateModified\":\"2020-03-16T12:59:01+00:00\",\"mainEntityOfPage\":{\"@id\":\"https:\/\/www.fiscalia.gov.co\/colombia\/extincion-de-dominio\/fiscalia-ocupa-con-fines-de-extincion-de-dominio-bienes-de-alias-faraon-presunto-integrante-de-la-oficina\/\"},\"wordCount\":475,\"publisher\":{\"@id\":\"https:\/\/www.fiscalia.gov.co\/colombia\/#organization\"},\"articleSection\":[\"Extinci\u00f3n de dominio\",\"Finanzas criminales\"],\"inLanguage\":\"es-CO\"},{\"@type\":\"WebPage\",\"@id\":\"https:\/\/www.fiscalia.gov.co\/colombia\/extincion-de-dominio\/fiscalia-ocupa-con-fines-de-extincion-de-dominio-bienes-de-alias-faraon-presunto-integrante-de-la-oficina\/\",\"url\":\"https:\/\/www.fiscalia.gov.co\/colombia\/extincion-de-dominio\/fiscalia-ocupa-con-fines-de-extincion-de-dominio-bienes-de-alias-faraon-presunto-integrante-de-la-oficina\/\",\"name\":\"Fiscal\u00eda General de la Naci\u00f3n\",\"isPartOf\":{\"@id\":\"https:\/\/www.fiscalia.gov.co\/colombia\/#website\"},\"datePublished\":\"2020-03-16T12:59:01+00:00\",\"dateModified\":\"2020-03-16T12:59:01+00:00\",\"description\":\"P\u00e1gina oficial de la Fiscal\u00eda General de la Naci\u00f3n \u2013 Colombia. Garantizamos el acceso efectivo a la justicia, la verdad y la reparaci\u00f3n de las v\u00edctimas de los delitos.\",\"breadcrumb\":{\"@id\":\"https:\/\/www.fiscalia.gov.co\/colombia\/extincion-de-dominio\/fiscalia-ocupa-con-fines-de-extincion-de-dominio-bienes-de-alias-faraon-presunto-integrante-de-la-oficina\/#breadcrumb\"},\"inLanguage\":\"es-CO\",\"potentialAction\":[{\"@type\":\"ReadAction\",\"target\":[\"https:\/\/www.fiscalia.gov.co\/colombia\/extincion-de-dominio\/fiscalia-ocupa-con-fines-de-extincion-de-dominio-bienes-de-alias-faraon-presunto-integrante-de-la-oficina\/\"]}]},{\"@type\":\"BreadcrumbList\",\"@id\":\"https:\/\/www.fiscalia.gov.co\/colombia\/extincion-de-dominio\/fiscalia-ocupa-con-fines-de-extincion-de-dominio-bienes-de-alias-faraon-presunto-integrante-de-la-oficina\/#breadcrumb\",\"itemListElement\":[{\"@type\":\"ListItem\",\"position\":1,\"name\":\"Home\",\"item\":\"https:\/\/www.fiscalia.gov.co\/colombia\/\"},{\"@type\":\"ListItem\",\"position\":2,\"name\":\"Fiscal\u00eda ocupa, con fines de extinci\u00f3n de dominio, bienes de alias \u2018Fara\u00f3n\u2019, presunto integrante de la \u2018Oficina\u2019\"}]},{\"@type\":\"WebSite\",\"@id\":\"https:\/\/www.fiscalia.gov.co\/colombia\/#website\",\"url\":\"https:\/\/www.fiscalia.gov.co\/colombia\/\",\"name\":\"Fiscal\u00eda General de la Naci\u00f3n\",\"description\":\"P\u00e1gina oficial de la Fiscal\u00eda General de la Naci\u00f3n \u2013 Colombia. Garantizamos el acceso efectivo a la justicia, la verdad y la reparaci\u00f3n de las v\u00edctimas de los delitos.\",\"publisher\":{\"@id\":\"https:\/\/www.fiscalia.gov.co\/colombia\/#organization\"},\"potentialAction\":[{\"@type\":\"SearchAction\",\"target\":{\"@type\":\"EntryPoint\",\"urlTemplate\":\"https:\/\/www.fiscalia.gov.co\/colombia\/?s={search_term_string}\"},\"query-input\":{\"@type\":\"PropertyValueSpecification\",\"valueRequired\":true,\"valueName\":\"search_term_string\"}}],\"inLanguage\":\"es-CO\"},{\"@type\":\"Organization\",\"@id\":\"https:\/\/www.fiscalia.gov.co\/colombia\/#organization\",\"name\":\"Fiscal\u00eda General de la Naci\u00f3n\",\"url\":\"https:\/\/www.fiscalia.gov.co\/colombia\/\",\"logo\":{\"@type\":\"ImageObject\",\"inLanguage\":\"es-CO\",\"@id\":\"https:\/\/www.fiscalia.gov.co\/colombia\/#\/schema\/logo\/image\/\",\"url\":\"https:\/\/www.fiscalia.gov.co\/colombia\/wp-content\/uploads\/LogoHorizontal_1.jpg\",\"contentUrl\":\"https:\/\/www.fiscalia.gov.co\/colombia\/wp-content\/uploads\/LogoHorizontal_1.jpg\",\"width\":300,\"height\":90,\"caption\":\"Fiscal\u00eda General de la Naci\u00f3n\"},\"image\":{\"@id\":\"https:\/\/www.fiscalia.gov.co\/colombia\/#\/schema\/logo\/image\/\"},\"sameAs\":[\"https:\/\/www.facebook.com\/FiscaliaCol\",\"https:\/\/x.com\/FiscaliaCol\",\"https:\/\/www.instagram.com\/fiscaliacol\",\"https:\/\/www.linkedin.com\/company\/fiscalia-general-de-la-naci-n\/\",\"https:\/\/youtube.com\/@fiscaliageneraldelanacion-4668?si=6nN79nyQICPU5iTh\"]},{\"@type\":\"Person\",\"@id\":\"https:\/\/www.fiscalia.gov.co\/colombia\/#\/schema\/person\/bf28d8ae7f1b287bbe3af484b04f43ea\",\"name\":\"Direcci\u00f3n de Comunicaciones Fiscal\u00eda General de la Naci\u00f3n\",\"image\":{\"@type\":\"ImageObject\",\"inLanguage\":\"es-CO\",\"@id\":\"https:\/\/www.fiscalia.gov.co\/colombia\/#\/schema\/person\/image\/\",\"url\":\"https:\/\/secure.gravatar.com\/avatar\/9d55ae161d32da16dbdd0b380c080a5f?s=96&d=mm&r=g\",\"contentUrl\":\"https:\/\/secure.gravatar.com\/avatar\/9d55ae161d32da16dbdd0b380c080a5f?s=96&d=mm&r=g\",\"caption\":\"Direcci\u00f3n de Comunicaciones Fiscal\u00eda General de la Naci\u00f3n\"},\"url\":\"https:\/\/www.fiscalia.gov.co\/colombia\/author\/kbonilla\/\"}]}<\/script>\n<!-- \/ Yoast SEO plugin. -->","yoast_head_json":{"title":"Fiscal\u00eda General de la Naci\u00f3n","description":"P\u00e1gina oficial de la Fiscal\u00eda General de la Naci\u00f3n \u2013 Colombia. Garantizamos el acceso efectivo a la justicia, la verdad y la reparaci\u00f3n de las v\u00edctimas de los delitos.","robots":{"index":"noindex","follow":"follow"},"og_locale":"es_ES","og_type":"article","og_title":"Fiscal\u00eda General de la Naci\u00f3n","og_description":"P\u00e1gina oficial de la Fiscal\u00eda General de la Naci\u00f3n \u2013 Colombia. Garantizamos el acceso efectivo a la justicia, la verdad y la reparaci\u00f3n de las v\u00edctimas de los delitos.","og_url":"https:\/\/www.fiscalia.gov.co\/colombia\/extincion-de-dominio\/fiscalia-ocupa-con-fines-de-extincion-de-dominio-bienes-de-alias-faraon-presunto-integrante-de-la-oficina\/","og_site_name":"Fiscal\u00eda General de la Naci\u00f3n","article_publisher":"https:\/\/www.facebook.com\/FiscaliaCol","article_published_time":"2020-03-16T12:59:01+00:00","author":"Direcci\u00f3n de Comunicaciones Fiscal\u00eda General de la Naci\u00f3n","twitter_card":"summary_large_image","twitter_creator":"@FiscaliaCol","twitter_site":"@FiscaliaCol","twitter_misc":{"Escrito por":"Direcci\u00f3n de Comunicaciones Fiscal\u00eda General de la Naci\u00f3n","Tiempo de lectura":"2 minutos"},"schema":{"@context":"https:\/\/schema.org","@graph":[{"@type":"Article","@id":"https:\/\/www.fiscalia.gov.co\/colombia\/extincion-de-dominio\/fiscalia-ocupa-con-fines-de-extincion-de-dominio-bienes-de-alias-faraon-presunto-integrante-de-la-oficina\/#article","isPartOf":{"@id":"https:\/\/www.fiscalia.gov.co\/colombia\/extincion-de-dominio\/fiscalia-ocupa-con-fines-de-extincion-de-dominio-bienes-de-alias-faraon-presunto-integrante-de-la-oficina\/"},"author":{"name":"Direcci\u00f3n de Comunicaciones Fiscal\u00eda General de la Naci\u00f3n","@id":"https:\/\/www.fiscalia.gov.co\/colombia\/#\/schema\/person\/bf28d8ae7f1b287bbe3af484b04f43ea"},"headline":"Fiscal\u00eda ocupa, con fines de extinci\u00f3n de dominio, bienes de alias \u2018Fara\u00f3n\u2019, presunto integrante de la \u2018Oficina\u2019","datePublished":"2020-03-16T12:59:01+00:00","dateModified":"2020-03-16T12:59:01+00:00","mainEntityOfPage":{"@id":"https:\/\/www.fiscalia.gov.co\/colombia\/extincion-de-dominio\/fiscalia-ocupa-con-fines-de-extincion-de-dominio-bienes-de-alias-faraon-presunto-integrante-de-la-oficina\/"},"wordCount":475,"publisher":{"@id":"https:\/\/www.fiscalia.gov.co\/colombia\/#organization"},"articleSection":["Extinci\u00f3n de dominio","Finanzas criminales"],"inLanguage":"es-CO"},{"@type":"WebPage","@id":"https:\/\/www.fiscalia.gov.co\/colombia\/extincion-de-dominio\/fiscalia-ocupa-con-fines-de-extincion-de-dominio-bienes-de-alias-faraon-presunto-integrante-de-la-oficina\/","url":"https:\/\/www.fiscalia.gov.co\/colombia\/extincion-de-dominio\/fiscalia-ocupa-con-fines-de-extincion-de-dominio-bienes-de-alias-faraon-presunto-integrante-de-la-oficina\/","name":"Fiscal\u00eda General de la Naci\u00f3n","isPartOf":{"@id":"https:\/\/www.fiscalia.gov.co\/colombia\/#website"},"datePublished":"2020-03-16T12:59:01+00:00","dateModified":"2020-03-16T12:59:01+00:00","description":"P\u00e1gina oficial de la Fiscal\u00eda General de la Naci\u00f3n \u2013 Colombia. Garantizamos el acceso efectivo a la justicia, la verdad y la reparaci\u00f3n de las v\u00edctimas de los delitos.","breadcrumb":{"@id":"https:\/\/www.fiscalia.gov.co\/colombia\/extincion-de-dominio\/fiscalia-ocupa-con-fines-de-extincion-de-dominio-bienes-de-alias-faraon-presunto-integrante-de-la-oficina\/#breadcrumb"},"inLanguage":"es-CO","potentialAction":[{"@type":"ReadAction","target":["https:\/\/www.fiscalia.gov.co\/colombia\/extincion-de-dominio\/fiscalia-ocupa-con-fines-de-extincion-de-dominio-bienes-de-alias-faraon-presunto-integrante-de-la-oficina\/"]}]},{"@type":"BreadcrumbList","@id":"https:\/\/www.fiscalia.gov.co\/colombia\/extincion-de-dominio\/fiscalia-ocupa-con-fines-de-extincion-de-dominio-bienes-de-alias-faraon-presunto-integrante-de-la-oficina\/#breadcrumb","itemListElement":[{"@type":"ListItem","position":1,"name":"Home","item":"https:\/\/www.fiscalia.gov.co\/colombia\/"},{"@type":"ListItem","position":2,"name":"Fiscal\u00eda ocupa, con fines de extinci\u00f3n de dominio, bienes de alias \u2018Fara\u00f3n\u2019, presunto integrante de la \u2018Oficina\u2019"}]},{"@type":"WebSite","@id":"https:\/\/www.fiscalia.gov.co\/colombia\/#website","url":"https:\/\/www.fiscalia.gov.co\/colombia\/","name":"Fiscal\u00eda General de la Naci\u00f3n","description":"P\u00e1gina oficial de la Fiscal\u00eda General de la Naci\u00f3n \u2013 Colombia. Garantizamos el acceso efectivo a la justicia, la verdad y la reparaci\u00f3n de las v\u00edctimas de los delitos.","publisher":{"@id":"https:\/\/www.fiscalia.gov.co\/colombia\/#organization"},"potentialAction":[{"@type":"SearchAction","target":{"@type":"EntryPoint","urlTemplate":"https:\/\/www.fiscalia.gov.co\/colombia\/?s={search_term_string}"},"query-input":{"@type":"PropertyValueSpecification","valueRequired":true,"valueName":"search_term_string"}}],"inLanguage":"es-CO"},{"@type":"Organization","@id":"https:\/\/www.fiscalia.gov.co\/colombia\/#organization","name":"Fiscal\u00eda General de la Naci\u00f3n","url":"https:\/\/www.fiscalia.gov.co\/colombia\/","logo":{"@type":"ImageObject","inLanguage":"es-CO","@id":"https:\/\/www.fiscalia.gov.co\/colombia\/#\/schema\/logo\/image\/","url":"https:\/\/www.fiscalia.gov.co\/colombia\/wp-content\/uploads\/LogoHorizontal_1.jpg","contentUrl":"https:\/\/www.fiscalia.gov.co\/colombia\/wp-content\/uploads\/LogoHorizontal_1.jpg","width":300,"height":90,"caption":"Fiscal\u00eda General de la Naci\u00f3n"},"image":{"@id":"https:\/\/www.fiscalia.gov.co\/colombia\/#\/schema\/logo\/image\/"},"sameAs":["https:\/\/www.facebook.com\/FiscaliaCol","https:\/\/x.com\/FiscaliaCol","https:\/\/www.instagram.com\/fiscaliacol","https:\/\/www.linkedin.com\/company\/fiscalia-general-de-la-naci-n\/","https:\/\/youtube.com\/@fiscaliageneraldelanacion-4668?si=6nN79nyQICPU5iTh"]},{"@type":"Person","@id":"https:\/\/www.fiscalia.gov.co\/colombia\/#\/schema\/person\/bf28d8ae7f1b287bbe3af484b04f43ea","name":"Direcci\u00f3n de Comunicaciones Fiscal\u00eda General de la Naci\u00f3n","image":{"@type":"ImageObject","inLanguage":"es-CO","@id":"https:\/\/www.fiscalia.gov.co\/colombia\/#\/schema\/person\/image\/","url":"https:\/\/secure.gravatar.com\/avatar\/9d55ae161d32da16dbdd0b380c080a5f?s=96&d=mm&r=g","contentUrl":"https:\/\/secure.gravatar.com\/avatar\/9d55ae161d32da16dbdd0b380c080a5f?s=96&d=mm&r=g","caption":"Direcci\u00f3n de Comunicaciones Fiscal\u00eda General de la Naci\u00f3n"},"url":"https:\/\/www.fiscalia.gov.co\/colombia\/author\/kbonilla\/"}]}},"_links":{"self":[{"href":"https:\/\/www.fiscalia.gov.co\/colombia\/wp-json\/wp\/v2\/posts\/191047","targetHints":{"allow":["GET"]}}],"collection":[{"href":"https:\/\/www.fiscalia.gov.co\/colombia\/wp-json\/wp\/v2\/posts"}],"about":[{"href":"https:\/\/www.fiscalia.gov.co\/colombia\/wp-json\/wp\/v2\/types\/post"}],"author":[{"embeddable":true,"href":"https:\/\/www.fiscalia.gov.co\/colombia\/wp-json\/wp\/v2\/users\/162"}],"replies":[{"embeddable":true,"href":"https:\/\/www.fiscalia.gov.co\/colombia\/wp-json\/wp\/v2\/comments?post=191047"}],"version-history":[{"count":1,"href":"https:\/\/www.fiscalia.gov.co\/colombia\/wp-json\/wp\/v2\/posts\/191047\/revisions"}],"predecessor-version":[{"id":191048,"href":"https:\/\/www.fiscalia.gov.co\/colombia\/wp-json\/wp\/v2\/posts\/191047\/revisions\/191048"}],"wp:attachment":[{"href":"https:\/\/www.fiscalia.gov.co\/colombia\/wp-json\/wp\/v2\/media?parent=191047"}],"wp:term":[{"taxonomy":"category","embeddable":true,"href":"https:\/\/www.fiscalia.gov.co\/colombia\/wp-json\/wp\/v2\/categories?post=191047"},{"taxonomy":"post_tag","embeddable":true,"href":"https:\/\/www.fiscalia.gov.co\/colombia\/wp-json\/wp\/v2\/tags?post=191047"}],"curies":[{"name":"wp","href":"https:\/\/api.w.org\/{rel}","templated":true}]}}