{"id":191037,"date":"2020-03-13T17:12:49","date_gmt":"2020-03-13T22:12:49","guid":{"rendered":"https:\/\/www.fiscalia.gov.co\/colombia\/?p=191037"},"modified":"2020-03-13T17:12:49","modified_gmt":"2020-03-13T22:12:49","slug":"condenados-un-cabecilla-y-4-integrantes-de-la-banda-criminal-la-agonia","status":"publish","type":"post","link":"https:\/\/www.fiscalia.gov.co\/colombia\/seccionales\/condenados-un-cabecilla-y-4-integrantes-de-la-banda-criminal-la-agonia\/","title":{"rendered":"Condenados un cabecilla y 4 integrantes de la banda criminal La Agon\u00eda"},"content":{"rendered":"<p>Luego de ser vencidos en las audiencias de\u00a0<strong>juicio oral<\/strong> por la Fiscal\u00eda General de la Naci\u00f3n, el\u00a0Juzgado Cuarto Penal del Circuito Especializado de Medell\u00edn conden\u00f3 al cabecilla\u00a0y 4 integrantes de la estructura criminal La Agon\u00eda,\u00a0a penas que oscilan entre los 14 y 52 a\u00f1os de prisi\u00f3n, por delitos como <strong>concierto para delinquir agravado<\/strong>, <strong>homicidio agravado<\/strong>, <strong>secuestro extorsivo agravado<\/strong> y <strong>tr\u00e1fico de estupefacientes<\/strong>.<\/p>\n<p>Los afectados con la decisi\u00f3n fueron el cabecilla Edwin Alberto Morales Ram\u00edrez, alias Gordo Lindo, sentenciado a <strong>45 a\u00f1os de prisi\u00f3n<\/strong>; adem\u00e1s de los integrantes Juan Felipe Meneces Zuleta, alias Pipe Rata,\u00a0condenado a <strong>52 a\u00f1os de prisi\u00f3n<\/strong>;\u00a0Cristian Camilo Mesa R\u00faa, alias Fresas, quien recibi\u00f3 una pena de 41 a\u00f1os de prisi\u00f3n;\u00a0Jorge Andr\u00e9s Ortiz Arenas, alias La Uva o Gurre, sentenciado a <strong>39 a\u00f1os<\/strong> de c\u00e1rcel; y Jhony Andr\u00e9s Fl\u00f3rez, Jhony Caca,\u00a0a <strong>14 a\u00f1os<\/strong>.<\/p>\n<p>Durante la investigaci\u00f3n, los funcionarios de la Polic\u00eda Nacional lograron establecer que\u00a0alias Gordo Lindo, de 36 a\u00f1os de edad, era el coordinador de la estructura criminal La Agon\u00eda.<\/p>\n<p>Por su parte,\u00a0 alias La Uva o Gurre, de 37 a\u00f1os de edad, alias Pipe Rata, de 27 a\u00f1os;\u00a0\u00a0alias Fresas, de 27 a\u00f1os de edad; y\u00a0 alias Jhony Caca, de 34 a\u00f1os,\u00a0<strong>se dedicaban a ejecutar homicidios<\/strong>, <strong>manejar las plazas de vicio<\/strong> y al <strong>cobro de las extorsiones<\/strong> en los barrios La Agon\u00eda, San Javier, Juan XXIII, La Loma, El Socorro, La Quiebra, Antonio Nari\u00f1o, El Alto de la Virgen, La luz del Mundo y El Morro,\u00a0 de La Comuna Trece de la capital antioque\u00f1a.<\/p>\n<p>En las audiencias de juicio oral, un fiscal especializado de Medell\u00edn logr\u00f3 evidenciar la responsabilidad de Ortiz Arenas en el homicidio de Iv\u00e1n Andr\u00e9s Ochoa Higuita, hecho ocurrido el 25 noviembre de 2012.<\/p>\n<p>Adem\u00e1s, se\u00a0estableci\u00f3 la participaci\u00f3n de Meneces Zuleta en la muerte de Cristian Iv\u00e1n Higuita Pinillo, el cual fue perpetrado el 9 de febrero de 2014. Igualmente, el antes mencionado fue condenado por la muerte de Edin Alonso Sep\u00falveda Ruiz, quien fue asesinado el 27 de abril de 2016 en el sector La Luz del Mundo de la Comuna Trece, porque al parecer le deb\u00eda a la banda criminal $40.000.<\/p>\n<p>Entre otros hechos, se tiene el <strong>secuestro extorsivo<\/strong> en contra de\u00a0un comerciante de la zona, a quien el 25 de julio de 2015 se lo llevaron en contra de su voluntad. La v\u00edctima estuvo retenida durante 12 horas, tiempo en el cual recibi\u00f3 amenazas de muerte, y <strong>le exigieron\u00a0200 millones de pesos<\/strong>, suma que baj\u00f3 a 10 millones m\u00e1s una camioneta de alta gama. De este il\u00edcito fueron hallados responsables Edwin Alberto Morales Ram\u00edrez y Cristian Camilo Mesa R\u00faa.<\/p>\n<p>Alias Jhony Caca y alias Pipe Rata fueron capturados en julio de 2017 en un operativo de allanamiento y registro realizado por la Polic\u00eda Nacional y les fueron hallados en sus viviendas 29.3 gramos y 291.5 gramos de coca\u00edna, respectivamente.<\/p>\n<p><strong>La sentencia fue apelada por la defensa<\/strong> ante la\u00a0Sala Penal del Tribunal Superior de Medell\u00edn.<\/p>\n<p>La Fiscal\u00eda hace p\u00fablica esta informaci\u00f3n por razones de inter\u00e9s general<\/p>\n<p>&nbsp;<\/p>\n<p>NAMT\/DLBM<\/p>\n\n<div class=\"twitter-share\"><a href=\"https:\/\/twitter.com\/intent\/tweet?via=fiscaliacol\" class=\"twitter-share-button\">Tweet<\/a><\/div>\n","protected":false},"excerpt":{"rendered":"<p>Luego de ser vencidos en las audiencias de\u00a0juicio oral por la Fiscal\u00eda General de la Naci\u00f3n, el\u00a0Juzgado Cuarto Penal del Circuito Especializado de Medell\u00edn conden\u00f3 al cabecilla\u00a0y 4 integrantes de la estructura criminal La Agon\u00eda,\u00a0a penas que oscilan entre los 14 y 52 a\u00f1os de prisi\u00f3n, por delitos como concierto para delinquir agravado, homicidio agravado, [&hellip;]<\/p>\n","protected":false},"author":162,"featured_media":0,"comment_status":"closed","ping_status":"open","sticky":false,"template":"","format":"standard","meta":{"tdm_status":"","tdm_grid_status":"","footnotes":""},"categories":[24098,331,303],"tags":[],"class_list":{"0":"post-191037","1":"post","2":"type-post","3":"status-publish","4":"format-standard","6":"category-crimen-organizado","7":"category-seccional-medellin","8":"category-seccionales"},"yoast_head":"<!-- This site is optimized with the Yoast SEO plugin v24.3 - https:\/\/yoast.com\/wordpress\/plugins\/seo\/ -->\n<title>Fiscal\u00eda General de la Naci\u00f3n<\/title>\n<meta name=\"description\" content=\"P\u00e1gina oficial de la Fiscal\u00eda General de la Naci\u00f3n \u2013 Colombia. Garantizamos el acceso efectivo a la justicia, la verdad y la reparaci\u00f3n de las v\u00edctimas de los delitos.\" \/>\n<meta name=\"robots\" content=\"noindex, follow\" \/>\n<meta property=\"og:locale\" content=\"es_ES\" \/>\n<meta property=\"og:type\" content=\"article\" \/>\n<meta property=\"og:title\" content=\"Fiscal\u00eda General de la Naci\u00f3n\" \/>\n<meta property=\"og:description\" content=\"P\u00e1gina oficial de la Fiscal\u00eda General de la Naci\u00f3n \u2013 Colombia. Garantizamos el acceso efectivo a la justicia, la verdad y la reparaci\u00f3n de las v\u00edctimas de los delitos.\" \/>\n<meta property=\"og:url\" content=\"https:\/\/www.fiscalia.gov.co\/colombia\/seccionales\/condenados-un-cabecilla-y-4-integrantes-de-la-banda-criminal-la-agonia\/\" \/>\n<meta property=\"og:site_name\" content=\"Fiscal\u00eda General de la Naci\u00f3n\" \/>\n<meta property=\"article:publisher\" content=\"https:\/\/www.facebook.com\/FiscaliaCol\" \/>\n<meta property=\"article:published_time\" content=\"2020-03-13T22:12:49+00:00\" \/>\n<meta name=\"author\" content=\"Direcci\u00f3n de Comunicaciones Fiscal\u00eda General de la Naci\u00f3n\" \/>\n<meta name=\"twitter:card\" content=\"summary_large_image\" \/>\n<meta name=\"twitter:creator\" content=\"@FiscaliaCol\" \/>\n<meta name=\"twitter:site\" content=\"@FiscaliaCol\" \/>\n<meta name=\"twitter:label1\" content=\"Escrito por\" \/>\n\t<meta name=\"twitter:data1\" content=\"Direcci\u00f3n de Comunicaciones Fiscal\u00eda General de la Naci\u00f3n\" \/>\n\t<meta name=\"twitter:label2\" content=\"Tiempo de lectura\" \/>\n\t<meta name=\"twitter:data2\" content=\"3 minutos\" \/>\n<script type=\"application\/ld+json\" class=\"yoast-schema-graph\">{\"@context\":\"https:\/\/schema.org\",\"@graph\":[{\"@type\":\"Article\",\"@id\":\"https:\/\/www.fiscalia.gov.co\/colombia\/seccionales\/condenados-un-cabecilla-y-4-integrantes-de-la-banda-criminal-la-agonia\/#article\",\"isPartOf\":{\"@id\":\"https:\/\/www.fiscalia.gov.co\/colombia\/seccionales\/condenados-un-cabecilla-y-4-integrantes-de-la-banda-criminal-la-agonia\/\"},\"author\":{\"name\":\"Direcci\u00f3n de Comunicaciones Fiscal\u00eda General de la Naci\u00f3n\",\"@id\":\"https:\/\/www.fiscalia.gov.co\/colombia\/#\/schema\/person\/bf28d8ae7f1b287bbe3af484b04f43ea\"},\"headline\":\"Condenados un cabecilla y 4 integrantes de la banda criminal La Agon\u00eda\",\"datePublished\":\"2020-03-13T22:12:49+00:00\",\"dateModified\":\"2020-03-13T22:12:49+00:00\",\"mainEntityOfPage\":{\"@id\":\"https:\/\/www.fiscalia.gov.co\/colombia\/seccionales\/condenados-un-cabecilla-y-4-integrantes-de-la-banda-criminal-la-agonia\/\"},\"wordCount\":550,\"publisher\":{\"@id\":\"https:\/\/www.fiscalia.gov.co\/colombia\/#organization\"},\"articleSection\":[\"Crimen organizado\",\"Seccional Medell\u00edn\",\"Seccionales\"],\"inLanguage\":\"es-CO\"},{\"@type\":\"WebPage\",\"@id\":\"https:\/\/www.fiscalia.gov.co\/colombia\/seccionales\/condenados-un-cabecilla-y-4-integrantes-de-la-banda-criminal-la-agonia\/\",\"url\":\"https:\/\/www.fiscalia.gov.co\/colombia\/seccionales\/condenados-un-cabecilla-y-4-integrantes-de-la-banda-criminal-la-agonia\/\",\"name\":\"Fiscal\u00eda General de la Naci\u00f3n\",\"isPartOf\":{\"@id\":\"https:\/\/www.fiscalia.gov.co\/colombia\/#website\"},\"datePublished\":\"2020-03-13T22:12:49+00:00\",\"dateModified\":\"2020-03-13T22:12:49+00:00\",\"description\":\"P\u00e1gina oficial de la Fiscal\u00eda General de la Naci\u00f3n \u2013 Colombia. Garantizamos el acceso efectivo a la justicia, la verdad y la reparaci\u00f3n de las v\u00edctimas de los delitos.\",\"breadcrumb\":{\"@id\":\"https:\/\/www.fiscalia.gov.co\/colombia\/seccionales\/condenados-un-cabecilla-y-4-integrantes-de-la-banda-criminal-la-agonia\/#breadcrumb\"},\"inLanguage\":\"es-CO\",\"potentialAction\":[{\"@type\":\"ReadAction\",\"target\":[\"https:\/\/www.fiscalia.gov.co\/colombia\/seccionales\/condenados-un-cabecilla-y-4-integrantes-de-la-banda-criminal-la-agonia\/\"]}]},{\"@type\":\"BreadcrumbList\",\"@id\":\"https:\/\/www.fiscalia.gov.co\/colombia\/seccionales\/condenados-un-cabecilla-y-4-integrantes-de-la-banda-criminal-la-agonia\/#breadcrumb\",\"itemListElement\":[{\"@type\":\"ListItem\",\"position\":1,\"name\":\"Home\",\"item\":\"https:\/\/www.fiscalia.gov.co\/colombia\/\"},{\"@type\":\"ListItem\",\"position\":2,\"name\":\"Condenados un cabecilla y 4 integrantes de la banda criminal La Agon\u00eda\"}]},{\"@type\":\"WebSite\",\"@id\":\"https:\/\/www.fiscalia.gov.co\/colombia\/#website\",\"url\":\"https:\/\/www.fiscalia.gov.co\/colombia\/\",\"name\":\"Fiscal\u00eda General de la Naci\u00f3n\",\"description\":\"P\u00e1gina oficial de la Fiscal\u00eda General de la Naci\u00f3n \u2013 Colombia. Garantizamos el acceso efectivo a la justicia, la verdad y la reparaci\u00f3n de las v\u00edctimas de los delitos.\",\"publisher\":{\"@id\":\"https:\/\/www.fiscalia.gov.co\/colombia\/#organization\"},\"potentialAction\":[{\"@type\":\"SearchAction\",\"target\":{\"@type\":\"EntryPoint\",\"urlTemplate\":\"https:\/\/www.fiscalia.gov.co\/colombia\/?s={search_term_string}\"},\"query-input\":{\"@type\":\"PropertyValueSpecification\",\"valueRequired\":true,\"valueName\":\"search_term_string\"}}],\"inLanguage\":\"es-CO\"},{\"@type\":\"Organization\",\"@id\":\"https:\/\/www.fiscalia.gov.co\/colombia\/#organization\",\"name\":\"Fiscal\u00eda General de la Naci\u00f3n\",\"url\":\"https:\/\/www.fiscalia.gov.co\/colombia\/\",\"logo\":{\"@type\":\"ImageObject\",\"inLanguage\":\"es-CO\",\"@id\":\"https:\/\/www.fiscalia.gov.co\/colombia\/#\/schema\/logo\/image\/\",\"url\":\"https:\/\/www.fiscalia.gov.co\/colombia\/wp-content\/uploads\/LogoHorizontal_1.jpg\",\"contentUrl\":\"https:\/\/www.fiscalia.gov.co\/colombia\/wp-content\/uploads\/LogoHorizontal_1.jpg\",\"width\":300,\"height\":90,\"caption\":\"Fiscal\u00eda General de la Naci\u00f3n\"},\"image\":{\"@id\":\"https:\/\/www.fiscalia.gov.co\/colombia\/#\/schema\/logo\/image\/\"},\"sameAs\":[\"https:\/\/www.facebook.com\/FiscaliaCol\",\"https:\/\/x.com\/FiscaliaCol\",\"https:\/\/www.instagram.com\/fiscaliacol\",\"https:\/\/www.linkedin.com\/company\/fiscalia-general-de-la-naci-n\/\",\"https:\/\/youtube.com\/@fiscaliageneraldelanacion-4668?si=6nN79nyQICPU5iTh\"]},{\"@type\":\"Person\",\"@id\":\"https:\/\/www.fiscalia.gov.co\/colombia\/#\/schema\/person\/bf28d8ae7f1b287bbe3af484b04f43ea\",\"name\":\"Direcci\u00f3n de Comunicaciones Fiscal\u00eda General de la Naci\u00f3n\",\"image\":{\"@type\":\"ImageObject\",\"inLanguage\":\"es-CO\",\"@id\":\"https:\/\/www.fiscalia.gov.co\/colombia\/#\/schema\/person\/image\/\",\"url\":\"https:\/\/secure.gravatar.com\/avatar\/9d55ae161d32da16dbdd0b380c080a5f?s=96&d=mm&r=g\",\"contentUrl\":\"https:\/\/secure.gravatar.com\/avatar\/9d55ae161d32da16dbdd0b380c080a5f?s=96&d=mm&r=g\",\"caption\":\"Direcci\u00f3n de Comunicaciones Fiscal\u00eda General de la Naci\u00f3n\"},\"url\":\"https:\/\/www.fiscalia.gov.co\/colombia\/author\/kbonilla\/\"}]}<\/script>\n<!-- \/ Yoast SEO plugin. -->","yoast_head_json":{"title":"Fiscal\u00eda General de la Naci\u00f3n","description":"P\u00e1gina oficial de la Fiscal\u00eda General de la Naci\u00f3n \u2013 Colombia. Garantizamos el acceso efectivo a la justicia, la verdad y la reparaci\u00f3n de las v\u00edctimas de los delitos.","robots":{"index":"noindex","follow":"follow"},"og_locale":"es_ES","og_type":"article","og_title":"Fiscal\u00eda General de la Naci\u00f3n","og_description":"P\u00e1gina oficial de la Fiscal\u00eda General de la Naci\u00f3n \u2013 Colombia. Garantizamos el acceso efectivo a la justicia, la verdad y la reparaci\u00f3n de las v\u00edctimas de los delitos.","og_url":"https:\/\/www.fiscalia.gov.co\/colombia\/seccionales\/condenados-un-cabecilla-y-4-integrantes-de-la-banda-criminal-la-agonia\/","og_site_name":"Fiscal\u00eda General de la Naci\u00f3n","article_publisher":"https:\/\/www.facebook.com\/FiscaliaCol","article_published_time":"2020-03-13T22:12:49+00:00","author":"Direcci\u00f3n de Comunicaciones Fiscal\u00eda General de la Naci\u00f3n","twitter_card":"summary_large_image","twitter_creator":"@FiscaliaCol","twitter_site":"@FiscaliaCol","twitter_misc":{"Escrito por":"Direcci\u00f3n de Comunicaciones Fiscal\u00eda General de la Naci\u00f3n","Tiempo de lectura":"3 minutos"},"schema":{"@context":"https:\/\/schema.org","@graph":[{"@type":"Article","@id":"https:\/\/www.fiscalia.gov.co\/colombia\/seccionales\/condenados-un-cabecilla-y-4-integrantes-de-la-banda-criminal-la-agonia\/#article","isPartOf":{"@id":"https:\/\/www.fiscalia.gov.co\/colombia\/seccionales\/condenados-un-cabecilla-y-4-integrantes-de-la-banda-criminal-la-agonia\/"},"author":{"name":"Direcci\u00f3n de Comunicaciones Fiscal\u00eda General de la Naci\u00f3n","@id":"https:\/\/www.fiscalia.gov.co\/colombia\/#\/schema\/person\/bf28d8ae7f1b287bbe3af484b04f43ea"},"headline":"Condenados un cabecilla y 4 integrantes de la banda criminal La Agon\u00eda","datePublished":"2020-03-13T22:12:49+00:00","dateModified":"2020-03-13T22:12:49+00:00","mainEntityOfPage":{"@id":"https:\/\/www.fiscalia.gov.co\/colombia\/seccionales\/condenados-un-cabecilla-y-4-integrantes-de-la-banda-criminal-la-agonia\/"},"wordCount":550,"publisher":{"@id":"https:\/\/www.fiscalia.gov.co\/colombia\/#organization"},"articleSection":["Crimen organizado","Seccional Medell\u00edn","Seccionales"],"inLanguage":"es-CO"},{"@type":"WebPage","@id":"https:\/\/www.fiscalia.gov.co\/colombia\/seccionales\/condenados-un-cabecilla-y-4-integrantes-de-la-banda-criminal-la-agonia\/","url":"https:\/\/www.fiscalia.gov.co\/colombia\/seccionales\/condenados-un-cabecilla-y-4-integrantes-de-la-banda-criminal-la-agonia\/","name":"Fiscal\u00eda General de la Naci\u00f3n","isPartOf":{"@id":"https:\/\/www.fiscalia.gov.co\/colombia\/#website"},"datePublished":"2020-03-13T22:12:49+00:00","dateModified":"2020-03-13T22:12:49+00:00","description":"P\u00e1gina oficial de la Fiscal\u00eda General de la Naci\u00f3n \u2013 Colombia. Garantizamos el acceso efectivo a la justicia, la verdad y la reparaci\u00f3n de las v\u00edctimas de los delitos.","breadcrumb":{"@id":"https:\/\/www.fiscalia.gov.co\/colombia\/seccionales\/condenados-un-cabecilla-y-4-integrantes-de-la-banda-criminal-la-agonia\/#breadcrumb"},"inLanguage":"es-CO","potentialAction":[{"@type":"ReadAction","target":["https:\/\/www.fiscalia.gov.co\/colombia\/seccionales\/condenados-un-cabecilla-y-4-integrantes-de-la-banda-criminal-la-agonia\/"]}]},{"@type":"BreadcrumbList","@id":"https:\/\/www.fiscalia.gov.co\/colombia\/seccionales\/condenados-un-cabecilla-y-4-integrantes-de-la-banda-criminal-la-agonia\/#breadcrumb","itemListElement":[{"@type":"ListItem","position":1,"name":"Home","item":"https:\/\/www.fiscalia.gov.co\/colombia\/"},{"@type":"ListItem","position":2,"name":"Condenados un cabecilla y 4 integrantes de la banda criminal La Agon\u00eda"}]},{"@type":"WebSite","@id":"https:\/\/www.fiscalia.gov.co\/colombia\/#website","url":"https:\/\/www.fiscalia.gov.co\/colombia\/","name":"Fiscal\u00eda General de la Naci\u00f3n","description":"P\u00e1gina oficial de la Fiscal\u00eda General de la Naci\u00f3n \u2013 Colombia. Garantizamos el acceso efectivo a la justicia, la verdad y la reparaci\u00f3n de las v\u00edctimas de los delitos.","publisher":{"@id":"https:\/\/www.fiscalia.gov.co\/colombia\/#organization"},"potentialAction":[{"@type":"SearchAction","target":{"@type":"EntryPoint","urlTemplate":"https:\/\/www.fiscalia.gov.co\/colombia\/?s={search_term_string}"},"query-input":{"@type":"PropertyValueSpecification","valueRequired":true,"valueName":"search_term_string"}}],"inLanguage":"es-CO"},{"@type":"Organization","@id":"https:\/\/www.fiscalia.gov.co\/colombia\/#organization","name":"Fiscal\u00eda General de la Naci\u00f3n","url":"https:\/\/www.fiscalia.gov.co\/colombia\/","logo":{"@type":"ImageObject","inLanguage":"es-CO","@id":"https:\/\/www.fiscalia.gov.co\/colombia\/#\/schema\/logo\/image\/","url":"https:\/\/www.fiscalia.gov.co\/colombia\/wp-content\/uploads\/LogoHorizontal_1.jpg","contentUrl":"https:\/\/www.fiscalia.gov.co\/colombia\/wp-content\/uploads\/LogoHorizontal_1.jpg","width":300,"height":90,"caption":"Fiscal\u00eda General de la Naci\u00f3n"},"image":{"@id":"https:\/\/www.fiscalia.gov.co\/colombia\/#\/schema\/logo\/image\/"},"sameAs":["https:\/\/www.facebook.com\/FiscaliaCol","https:\/\/x.com\/FiscaliaCol","https:\/\/www.instagram.com\/fiscaliacol","https:\/\/www.linkedin.com\/company\/fiscalia-general-de-la-naci-n\/","https:\/\/youtube.com\/@fiscaliageneraldelanacion-4668?si=6nN79nyQICPU5iTh"]},{"@type":"Person","@id":"https:\/\/www.fiscalia.gov.co\/colombia\/#\/schema\/person\/bf28d8ae7f1b287bbe3af484b04f43ea","name":"Direcci\u00f3n de Comunicaciones Fiscal\u00eda General de la Naci\u00f3n","image":{"@type":"ImageObject","inLanguage":"es-CO","@id":"https:\/\/www.fiscalia.gov.co\/colombia\/#\/schema\/person\/image\/","url":"https:\/\/secure.gravatar.com\/avatar\/9d55ae161d32da16dbdd0b380c080a5f?s=96&d=mm&r=g","contentUrl":"https:\/\/secure.gravatar.com\/avatar\/9d55ae161d32da16dbdd0b380c080a5f?s=96&d=mm&r=g","caption":"Direcci\u00f3n de Comunicaciones Fiscal\u00eda General de la Naci\u00f3n"},"url":"https:\/\/www.fiscalia.gov.co\/colombia\/author\/kbonilla\/"}]}},"_links":{"self":[{"href":"https:\/\/www.fiscalia.gov.co\/colombia\/wp-json\/wp\/v2\/posts\/191037","targetHints":{"allow":["GET"]}}],"collection":[{"href":"https:\/\/www.fiscalia.gov.co\/colombia\/wp-json\/wp\/v2\/posts"}],"about":[{"href":"https:\/\/www.fiscalia.gov.co\/colombia\/wp-json\/wp\/v2\/types\/post"}],"author":[{"embeddable":true,"href":"https:\/\/www.fiscalia.gov.co\/colombia\/wp-json\/wp\/v2\/users\/162"}],"replies":[{"embeddable":true,"href":"https:\/\/www.fiscalia.gov.co\/colombia\/wp-json\/wp\/v2\/comments?post=191037"}],"version-history":[{"count":1,"href":"https:\/\/www.fiscalia.gov.co\/colombia\/wp-json\/wp\/v2\/posts\/191037\/revisions"}],"predecessor-version":[{"id":191038,"href":"https:\/\/www.fiscalia.gov.co\/colombia\/wp-json\/wp\/v2\/posts\/191037\/revisions\/191038"}],"wp:attachment":[{"href":"https:\/\/www.fiscalia.gov.co\/colombia\/wp-json\/wp\/v2\/media?parent=191037"}],"wp:term":[{"taxonomy":"category","embeddable":true,"href":"https:\/\/www.fiscalia.gov.co\/colombia\/wp-json\/wp\/v2\/categories?post=191037"},{"taxonomy":"post_tag","embeddable":true,"href":"https:\/\/www.fiscalia.gov.co\/colombia\/wp-json\/wp\/v2\/tags?post=191037"}],"curies":[{"name":"wp","href":"https:\/\/api.w.org\/{rel}","templated":true}]}}