{"id":190736,"date":"2020-03-10T17:15:25","date_gmt":"2020-03-10T22:15:25","guid":{"rendered":"https:\/\/www.fiscalia.gov.co\/colombia\/?p=190736"},"modified":"2020-03-10T17:15:25","modified_gmt":"2020-03-10T22:15:25","slug":"cae-organizacion-criminal-carrusel-por-microtrafico-de-estupefacientes-en-pereira-risaralda","status":"publish","type":"post","link":"https:\/\/www.fiscalia.gov.co\/colombia\/seccionales\/cae-organizacion-criminal-carrusel-por-microtrafico-de-estupefacientes-en-pereira-risaralda\/","title":{"rendered":"Cae organizaci\u00f3n criminal Carrusel por microtr\u00e1fico de estupefacientes en Pereira (Risaralda)"},"content":{"rendered":"<blockquote class=\"td_quote_box td_box_center\">\n<h4><strong>Al parecer, la presunta cabecilla de la estructura y su hermana instrumentalizaban a una menor de edad, hija y sobrina respectivamente, para el expendio de drogas.<\/strong><\/h4>\n<\/blockquote>\n<p>El 8 de marzo pasado, bajo la coordinaci\u00f3n de la Fiscal\u00eda Antinarc\u00f3ticos de Pereira, miembros del CTI en asocio con la Sij\u00edn llevaron a cabo la <strong>operaci\u00f3n Erebo<\/strong>, que permiti\u00f3 la desarticulaci\u00f3n del <strong>grupo delincuencial Carrusel<\/strong>, el cual vendr\u00eda <strong>comercializando marihuana y bazuco<\/strong> en el sector La Churria del barrio Travesuras, en la capital risaraldense.<\/p>\n<p>El ente acusador, mediante labores t\u00e9cnicas y de polic\u00eda judicial logr\u00f3 infiltrar esa estructura criminal y document\u00f3 35 materialidades.<\/p>\n<p>Con base en el material recopilado y los argumentos de la Fiscal\u00eda, un juez de garant\u00edas de Pereira cobij\u00f3 con <strong>medida intramuros<\/strong> a las dos hermanas, una que al parecer fung\u00eda como jefe de la organizaci\u00f3n y la otra como supuesta expendedora.<\/p>\n<p>Las dos fueron imputadas por los delitos de <strong>uso de menores para la comisi\u00f3n de delitos<\/strong> en concurso heterog\u00e9neo con <strong>tr\u00e1fico, fabricaci\u00f3n o porte de estupefacientes<\/strong> en concurso homog\u00e9neo. A la primera, por seis eventos y la siguiente por ocho.<\/p>\n<p>Las investigadas aceptaron cargos mediante preacuerdo y, en virtud de ello, se les rebajar\u00eda la pena hasta en un 50%, as\u00ed como la mitad de la multa a pagar. Sin embargo, el mismo deber\u00e1 ser avalado por un juez de conocimiento.<\/p>\n<p>Los otros procesados que tambi\u00e9n quedaron con la medida de aseguramiento son:<\/p>\n<ul>\n<li>Michael Andr\u00e9s Ram\u00edrez Ben\u00edtez, alias Ojitos, presunto expendedor: deber\u00e1 responder por tr\u00e1fico, fabricaci\u00f3n o porte de estupefacientes en concurso homog\u00e9neo por 8 eventos. Guard\u00f3 silencio.<\/li>\n<li>David Steven G\u00f3mez Jaramillo, alias el Flaco, presunto expendedor: tr\u00e1fico, fabricaci\u00f3n o porte de estupefacientes en concurso homog\u00e9neo por 4 eventos. Decidi\u00f3 guardar silencio.<\/li>\n<li>Gabriel \u00c1ngel Chiquito Garc\u00eda, alias el Viejo, presunto expendedor: tr\u00e1fico, fabricaci\u00f3n o porte de estupefacientes en concurso homog\u00e9neo por 2 eventos. No acept\u00f3 cargos.<\/li>\n<\/ul>\n<p>Por otra parte, un adulto que fue capturado en flagrancia qued\u00f3 en libertad, pues hasta el momento no se cuenta con elementos suficientes para determinar su participaci\u00f3n en la venta de alucin\u00f3genos.<\/p>\n<p>Entretanto, u<strong>na menor de edad aprehendida fue imputada por el delito de tr\u00e1fico, fabricaci\u00f3n o porte de estupefacientes<\/strong> ante un juez de Infancia y Adolescencia. Aunque qued\u00f3 en libertad, seguir\u00e1 vinculada al proceso.<\/p>\n<p>En el marco de la investigaci\u00f3n se estableci\u00f3 que la organizaci\u00f3n delictiva ten\u00eda como <em>modus operandi<\/em> acumular a varios compradores y llevarles peque\u00f1as cantidades de droga para la venta, con el fin de evitar la incautaci\u00f3n o los controles por parte de las autoridades.<\/p>\n<p>Adem\u00e1s, se conoci\u00f3 que las hermanas judicializadas, al parecer instrumentalizaban a la hija de la supuesta cabecilla, para el expendio o distribuci\u00f3n de sustancias, con el mismo prop\u00f3sito de evitar ser detectadas.<\/p>\n<p>Durante el operativo se efectuaron 5 diligencias de allanamiento y registro y se incautaron <strong>2390.8 gramos de marihuana, 46 dosis de bazuco, $846.300 en efectivo<\/strong> al parecer producto de la venta de las sustancias, un celular y documentos en los que se relacionaba la contabilidad y comercializaci\u00f3n de la venta<em>. <\/em><\/p>\n<p>La Fiscal\u00eda hace p\u00fablica esta informaci\u00f3n por razones de inter\u00e9s general.<\/p>\n<p>&nbsp;<\/p>\n<p>LMGM\/DLBM<\/p>\n<p>&nbsp;<\/p>\n\n<div class=\"twitter-share\"><a href=\"https:\/\/twitter.com\/intent\/tweet?via=fiscaliacol\" class=\"twitter-share-button\">Tweet<\/a><\/div>\n","protected":false},"excerpt":{"rendered":"<p>Al parecer, la presunta cabecilla de la estructura y su hermana instrumentalizaban a una menor de edad, hija y sobrina respectivamente, para el expendio de drogas. El 8 de marzo pasado, bajo la coordinaci\u00f3n de la Fiscal\u00eda Antinarc\u00f3ticos de Pereira, miembros del CTI en asocio con la Sij\u00edn llevaron a cabo la operaci\u00f3n Erebo, que [&hellip;]<\/p>\n","protected":false},"author":162,"featured_media":0,"comment_status":"closed","ping_status":"open","sticky":false,"template":"","format":"standard","meta":{"_price":"","_stock":"","_tribe_ticket_header":"","_tribe_default_ticket_provider":"","_tribe_ticket_capacity":"0","_ticket_start_date":"","_ticket_end_date":"","_tribe_ticket_show_description":"","_tribe_ticket_show_not_going":false,"_tribe_ticket_use_global_stock":"","_tribe_ticket_global_stock_level":"","_global_stock_mode":"","_global_stock_cap":"","_tribe_rsvp_for_event":"","_tribe_ticket_going_count":"","_tribe_ticket_not_going_count":"","_tribe_tickets_list":"[]","_tribe_ticket_has_attendee_info_fields":false,"tdm_status":"","tdm_grid_status":"","footnotes":""},"categories":[335,303,24103],"tags":[],"class_list":{"0":"post-190736","1":"post","2":"type-post","3":"status-publish","4":"format-standard","6":"category-seccional-pereira","7":"category-seccionales","8":"category-trafico-de-estupefacientes"},"yoast_head":"<!-- This site is optimized with the Yoast SEO plugin v24.3 - https:\/\/yoast.com\/wordpress\/plugins\/seo\/ -->\n<title>Fiscal\u00eda General de la Naci\u00f3n<\/title>\n<meta name=\"description\" content=\"P\u00e1gina oficial de la Fiscal\u00eda General de la Naci\u00f3n \u2013 Colombia. Garantizamos el acceso efectivo a la justicia, la verdad y la reparaci\u00f3n de las v\u00edctimas de los delitos.\" \/>\n<meta name=\"robots\" content=\"noindex, follow\" \/>\n<meta property=\"og:locale\" content=\"es_ES\" \/>\n<meta property=\"og:type\" content=\"article\" \/>\n<meta property=\"og:title\" content=\"Fiscal\u00eda General de la Naci\u00f3n\" \/>\n<meta property=\"og:description\" content=\"P\u00e1gina oficial de la Fiscal\u00eda General de la Naci\u00f3n \u2013 Colombia. Garantizamos el acceso efectivo a la justicia, la verdad y la reparaci\u00f3n de las v\u00edctimas de los delitos.\" \/>\n<meta property=\"og:url\" content=\"https:\/\/www.fiscalia.gov.co\/colombia\/seccionales\/cae-organizacion-criminal-carrusel-por-microtrafico-de-estupefacientes-en-pereira-risaralda\/\" \/>\n<meta property=\"og:site_name\" content=\"Fiscal\u00eda General de la Naci\u00f3n\" \/>\n<meta property=\"article:publisher\" content=\"https:\/\/www.facebook.com\/FiscaliaCol\" \/>\n<meta property=\"article:published_time\" content=\"2020-03-10T22:15:25+00:00\" \/>\n<meta name=\"author\" content=\"Direcci\u00f3n de Comunicaciones Fiscal\u00eda General de la Naci\u00f3n\" \/>\n<meta name=\"twitter:card\" content=\"summary_large_image\" \/>\n<meta name=\"twitter:creator\" content=\"@FiscaliaCol\" \/>\n<meta name=\"twitter:site\" content=\"@FiscaliaCol\" \/>\n<meta name=\"twitter:label1\" content=\"Escrito por\" \/>\n\t<meta name=\"twitter:data1\" content=\"Direcci\u00f3n de Comunicaciones Fiscal\u00eda General de la Naci\u00f3n\" \/>\n\t<meta name=\"twitter:label2\" content=\"Tiempo de lectura\" \/>\n\t<meta name=\"twitter:data2\" content=\"3 minutos\" \/>\n<script type=\"application\/ld+json\" class=\"yoast-schema-graph\">{\"@context\":\"https:\/\/schema.org\",\"@graph\":[{\"@type\":\"Article\",\"@id\":\"https:\/\/www.fiscalia.gov.co\/colombia\/seccionales\/cae-organizacion-criminal-carrusel-por-microtrafico-de-estupefacientes-en-pereira-risaralda\/#article\",\"isPartOf\":{\"@id\":\"https:\/\/www.fiscalia.gov.co\/colombia\/seccionales\/cae-organizacion-criminal-carrusel-por-microtrafico-de-estupefacientes-en-pereira-risaralda\/\"},\"author\":{\"name\":\"Direcci\u00f3n de Comunicaciones Fiscal\u00eda General de la Naci\u00f3n\",\"@id\":\"https:\/\/www.fiscalia.gov.co\/colombia\/#\/schema\/person\/bf28d8ae7f1b287bbe3af484b04f43ea\"},\"headline\":\"Cae organizaci\u00f3n criminal Carrusel por microtr\u00e1fico de estupefacientes en Pereira (Risaralda)\",\"datePublished\":\"2020-03-10T22:15:25+00:00\",\"dateModified\":\"2020-03-10T22:15:25+00:00\",\"mainEntityOfPage\":{\"@id\":\"https:\/\/www.fiscalia.gov.co\/colombia\/seccionales\/cae-organizacion-criminal-carrusel-por-microtrafico-de-estupefacientes-en-pereira-risaralda\/\"},\"wordCount\":568,\"publisher\":{\"@id\":\"https:\/\/www.fiscalia.gov.co\/colombia\/#organization\"},\"articleSection\":[\"Seccional Pereira\",\"Seccionales\",\"Tr\u00e1fico de estupefacientes\"],\"inLanguage\":\"es-CO\"},{\"@type\":\"WebPage\",\"@id\":\"https:\/\/www.fiscalia.gov.co\/colombia\/seccionales\/cae-organizacion-criminal-carrusel-por-microtrafico-de-estupefacientes-en-pereira-risaralda\/\",\"url\":\"https:\/\/www.fiscalia.gov.co\/colombia\/seccionales\/cae-organizacion-criminal-carrusel-por-microtrafico-de-estupefacientes-en-pereira-risaralda\/\",\"name\":\"Fiscal\u00eda General de la Naci\u00f3n\",\"isPartOf\":{\"@id\":\"https:\/\/www.fiscalia.gov.co\/colombia\/#website\"},\"datePublished\":\"2020-03-10T22:15:25+00:00\",\"dateModified\":\"2020-03-10T22:15:25+00:00\",\"description\":\"P\u00e1gina oficial de la Fiscal\u00eda General de la Naci\u00f3n \u2013 Colombia. Garantizamos el acceso efectivo a la justicia, la verdad y la reparaci\u00f3n de las v\u00edctimas de los delitos.\",\"breadcrumb\":{\"@id\":\"https:\/\/www.fiscalia.gov.co\/colombia\/seccionales\/cae-organizacion-criminal-carrusel-por-microtrafico-de-estupefacientes-en-pereira-risaralda\/#breadcrumb\"},\"inLanguage\":\"es-CO\",\"potentialAction\":[{\"@type\":\"ReadAction\",\"target\":[\"https:\/\/www.fiscalia.gov.co\/colombia\/seccionales\/cae-organizacion-criminal-carrusel-por-microtrafico-de-estupefacientes-en-pereira-risaralda\/\"]}]},{\"@type\":\"BreadcrumbList\",\"@id\":\"https:\/\/www.fiscalia.gov.co\/colombia\/seccionales\/cae-organizacion-criminal-carrusel-por-microtrafico-de-estupefacientes-en-pereira-risaralda\/#breadcrumb\",\"itemListElement\":[{\"@type\":\"ListItem\",\"position\":1,\"name\":\"Home\",\"item\":\"https:\/\/www.fiscalia.gov.co\/colombia\/\"},{\"@type\":\"ListItem\",\"position\":2,\"name\":\"Cae organizaci\u00f3n criminal Carrusel por microtr\u00e1fico de estupefacientes en Pereira (Risaralda)\"}]},{\"@type\":\"WebSite\",\"@id\":\"https:\/\/www.fiscalia.gov.co\/colombia\/#website\",\"url\":\"https:\/\/www.fiscalia.gov.co\/colombia\/\",\"name\":\"Fiscal\u00eda General de la Naci\u00f3n\",\"description\":\"P\u00e1gina oficial de la Fiscal\u00eda General de la Naci\u00f3n \u2013 Colombia. Garantizamos el acceso efectivo a la justicia, la verdad y la reparaci\u00f3n de las v\u00edctimas de los delitos.\",\"publisher\":{\"@id\":\"https:\/\/www.fiscalia.gov.co\/colombia\/#organization\"},\"potentialAction\":[{\"@type\":\"SearchAction\",\"target\":{\"@type\":\"EntryPoint\",\"urlTemplate\":\"https:\/\/www.fiscalia.gov.co\/colombia\/?s={search_term_string}\"},\"query-input\":{\"@type\":\"PropertyValueSpecification\",\"valueRequired\":true,\"valueName\":\"search_term_string\"}}],\"inLanguage\":\"es-CO\"},{\"@type\":\"Organization\",\"@id\":\"https:\/\/www.fiscalia.gov.co\/colombia\/#organization\",\"name\":\"Fiscal\u00eda General de la Naci\u00f3n\",\"url\":\"https:\/\/www.fiscalia.gov.co\/colombia\/\",\"logo\":{\"@type\":\"ImageObject\",\"inLanguage\":\"es-CO\",\"@id\":\"https:\/\/www.fiscalia.gov.co\/colombia\/#\/schema\/logo\/image\/\",\"url\":\"https:\/\/www.fiscalia.gov.co\/colombia\/wp-content\/uploads\/LogoHorizontal_1.jpg\",\"contentUrl\":\"https:\/\/www.fiscalia.gov.co\/colombia\/wp-content\/uploads\/LogoHorizontal_1.jpg\",\"width\":300,\"height\":90,\"caption\":\"Fiscal\u00eda General de la Naci\u00f3n\"},\"image\":{\"@id\":\"https:\/\/www.fiscalia.gov.co\/colombia\/#\/schema\/logo\/image\/\"},\"sameAs\":[\"https:\/\/www.facebook.com\/FiscaliaCol\",\"https:\/\/x.com\/FiscaliaCol\",\"https:\/\/www.instagram.com\/fiscaliacol\",\"https:\/\/www.linkedin.com\/company\/fiscalia-general-de-la-naci-n\/\",\"https:\/\/youtube.com\/@fiscaliageneraldelanacion-4668?si=6nN79nyQICPU5iTh\"]},{\"@type\":\"Person\",\"@id\":\"https:\/\/www.fiscalia.gov.co\/colombia\/#\/schema\/person\/bf28d8ae7f1b287bbe3af484b04f43ea\",\"name\":\"Direcci\u00f3n de Comunicaciones Fiscal\u00eda General de la Naci\u00f3n\",\"image\":{\"@type\":\"ImageObject\",\"inLanguage\":\"es-CO\",\"@id\":\"https:\/\/www.fiscalia.gov.co\/colombia\/#\/schema\/person\/image\/\",\"url\":\"https:\/\/secure.gravatar.com\/avatar\/9d55ae161d32da16dbdd0b380c080a5f?s=96&d=mm&r=g\",\"contentUrl\":\"https:\/\/secure.gravatar.com\/avatar\/9d55ae161d32da16dbdd0b380c080a5f?s=96&d=mm&r=g\",\"caption\":\"Direcci\u00f3n de Comunicaciones Fiscal\u00eda General de la Naci\u00f3n\"},\"url\":\"https:\/\/www.fiscalia.gov.co\/colombia\/author\/kbonilla\/\"}]}<\/script>\n<!-- \/ Yoast SEO plugin. -->","yoast_head_json":{"title":"Fiscal\u00eda General de la Naci\u00f3n","description":"P\u00e1gina oficial de la Fiscal\u00eda General de la Naci\u00f3n \u2013 Colombia. Garantizamos el acceso efectivo a la justicia, la verdad y la reparaci\u00f3n de las v\u00edctimas de los delitos.","robots":{"index":"noindex","follow":"follow"},"og_locale":"es_ES","og_type":"article","og_title":"Fiscal\u00eda General de la Naci\u00f3n","og_description":"P\u00e1gina oficial de la Fiscal\u00eda General de la Naci\u00f3n \u2013 Colombia. Garantizamos el acceso efectivo a la justicia, la verdad y la reparaci\u00f3n de las v\u00edctimas de los delitos.","og_url":"https:\/\/www.fiscalia.gov.co\/colombia\/seccionales\/cae-organizacion-criminal-carrusel-por-microtrafico-de-estupefacientes-en-pereira-risaralda\/","og_site_name":"Fiscal\u00eda General de la Naci\u00f3n","article_publisher":"https:\/\/www.facebook.com\/FiscaliaCol","article_published_time":"2020-03-10T22:15:25+00:00","author":"Direcci\u00f3n de Comunicaciones Fiscal\u00eda General de la Naci\u00f3n","twitter_card":"summary_large_image","twitter_creator":"@FiscaliaCol","twitter_site":"@FiscaliaCol","twitter_misc":{"Escrito por":"Direcci\u00f3n de Comunicaciones Fiscal\u00eda General de la Naci\u00f3n","Tiempo de lectura":"3 minutos"},"schema":{"@context":"https:\/\/schema.org","@graph":[{"@type":"Article","@id":"https:\/\/www.fiscalia.gov.co\/colombia\/seccionales\/cae-organizacion-criminal-carrusel-por-microtrafico-de-estupefacientes-en-pereira-risaralda\/#article","isPartOf":{"@id":"https:\/\/www.fiscalia.gov.co\/colombia\/seccionales\/cae-organizacion-criminal-carrusel-por-microtrafico-de-estupefacientes-en-pereira-risaralda\/"},"author":{"name":"Direcci\u00f3n de Comunicaciones Fiscal\u00eda General de la Naci\u00f3n","@id":"https:\/\/www.fiscalia.gov.co\/colombia\/#\/schema\/person\/bf28d8ae7f1b287bbe3af484b04f43ea"},"headline":"Cae organizaci\u00f3n criminal Carrusel por microtr\u00e1fico de estupefacientes en Pereira (Risaralda)","datePublished":"2020-03-10T22:15:25+00:00","dateModified":"2020-03-10T22:15:25+00:00","mainEntityOfPage":{"@id":"https:\/\/www.fiscalia.gov.co\/colombia\/seccionales\/cae-organizacion-criminal-carrusel-por-microtrafico-de-estupefacientes-en-pereira-risaralda\/"},"wordCount":568,"publisher":{"@id":"https:\/\/www.fiscalia.gov.co\/colombia\/#organization"},"articleSection":["Seccional Pereira","Seccionales","Tr\u00e1fico de estupefacientes"],"inLanguage":"es-CO"},{"@type":"WebPage","@id":"https:\/\/www.fiscalia.gov.co\/colombia\/seccionales\/cae-organizacion-criminal-carrusel-por-microtrafico-de-estupefacientes-en-pereira-risaralda\/","url":"https:\/\/www.fiscalia.gov.co\/colombia\/seccionales\/cae-organizacion-criminal-carrusel-por-microtrafico-de-estupefacientes-en-pereira-risaralda\/","name":"Fiscal\u00eda General de la Naci\u00f3n","isPartOf":{"@id":"https:\/\/www.fiscalia.gov.co\/colombia\/#website"},"datePublished":"2020-03-10T22:15:25+00:00","dateModified":"2020-03-10T22:15:25+00:00","description":"P\u00e1gina oficial de la Fiscal\u00eda General de la Naci\u00f3n \u2013 Colombia. Garantizamos el acceso efectivo a la justicia, la verdad y la reparaci\u00f3n de las v\u00edctimas de los delitos.","breadcrumb":{"@id":"https:\/\/www.fiscalia.gov.co\/colombia\/seccionales\/cae-organizacion-criminal-carrusel-por-microtrafico-de-estupefacientes-en-pereira-risaralda\/#breadcrumb"},"inLanguage":"es-CO","potentialAction":[{"@type":"ReadAction","target":["https:\/\/www.fiscalia.gov.co\/colombia\/seccionales\/cae-organizacion-criminal-carrusel-por-microtrafico-de-estupefacientes-en-pereira-risaralda\/"]}]},{"@type":"BreadcrumbList","@id":"https:\/\/www.fiscalia.gov.co\/colombia\/seccionales\/cae-organizacion-criminal-carrusel-por-microtrafico-de-estupefacientes-en-pereira-risaralda\/#breadcrumb","itemListElement":[{"@type":"ListItem","position":1,"name":"Home","item":"https:\/\/www.fiscalia.gov.co\/colombia\/"},{"@type":"ListItem","position":2,"name":"Cae organizaci\u00f3n criminal Carrusel por microtr\u00e1fico de estupefacientes en Pereira (Risaralda)"}]},{"@type":"WebSite","@id":"https:\/\/www.fiscalia.gov.co\/colombia\/#website","url":"https:\/\/www.fiscalia.gov.co\/colombia\/","name":"Fiscal\u00eda General de la Naci\u00f3n","description":"P\u00e1gina oficial de la Fiscal\u00eda General de la Naci\u00f3n \u2013 Colombia. Garantizamos el acceso efectivo a la justicia, la verdad y la reparaci\u00f3n de las v\u00edctimas de los delitos.","publisher":{"@id":"https:\/\/www.fiscalia.gov.co\/colombia\/#organization"},"potentialAction":[{"@type":"SearchAction","target":{"@type":"EntryPoint","urlTemplate":"https:\/\/www.fiscalia.gov.co\/colombia\/?s={search_term_string}"},"query-input":{"@type":"PropertyValueSpecification","valueRequired":true,"valueName":"search_term_string"}}],"inLanguage":"es-CO"},{"@type":"Organization","@id":"https:\/\/www.fiscalia.gov.co\/colombia\/#organization","name":"Fiscal\u00eda General de la Naci\u00f3n","url":"https:\/\/www.fiscalia.gov.co\/colombia\/","logo":{"@type":"ImageObject","inLanguage":"es-CO","@id":"https:\/\/www.fiscalia.gov.co\/colombia\/#\/schema\/logo\/image\/","url":"https:\/\/www.fiscalia.gov.co\/colombia\/wp-content\/uploads\/LogoHorizontal_1.jpg","contentUrl":"https:\/\/www.fiscalia.gov.co\/colombia\/wp-content\/uploads\/LogoHorizontal_1.jpg","width":300,"height":90,"caption":"Fiscal\u00eda General de la Naci\u00f3n"},"image":{"@id":"https:\/\/www.fiscalia.gov.co\/colombia\/#\/schema\/logo\/image\/"},"sameAs":["https:\/\/www.facebook.com\/FiscaliaCol","https:\/\/x.com\/FiscaliaCol","https:\/\/www.instagram.com\/fiscaliacol","https:\/\/www.linkedin.com\/company\/fiscalia-general-de-la-naci-n\/","https:\/\/youtube.com\/@fiscaliageneraldelanacion-4668?si=6nN79nyQICPU5iTh"]},{"@type":"Person","@id":"https:\/\/www.fiscalia.gov.co\/colombia\/#\/schema\/person\/bf28d8ae7f1b287bbe3af484b04f43ea","name":"Direcci\u00f3n de Comunicaciones Fiscal\u00eda General de la Naci\u00f3n","image":{"@type":"ImageObject","inLanguage":"es-CO","@id":"https:\/\/www.fiscalia.gov.co\/colombia\/#\/schema\/person\/image\/","url":"https:\/\/secure.gravatar.com\/avatar\/9d55ae161d32da16dbdd0b380c080a5f?s=96&d=mm&r=g","contentUrl":"https:\/\/secure.gravatar.com\/avatar\/9d55ae161d32da16dbdd0b380c080a5f?s=96&d=mm&r=g","caption":"Direcci\u00f3n de Comunicaciones Fiscal\u00eda General de la Naci\u00f3n"},"url":"https:\/\/www.fiscalia.gov.co\/colombia\/author\/kbonilla\/"}]}},"_links":{"self":[{"href":"https:\/\/www.fiscalia.gov.co\/colombia\/wp-json\/wp\/v2\/posts\/190736","targetHints":{"allow":["GET"]}}],"collection":[{"href":"https:\/\/www.fiscalia.gov.co\/colombia\/wp-json\/wp\/v2\/posts"}],"about":[{"href":"https:\/\/www.fiscalia.gov.co\/colombia\/wp-json\/wp\/v2\/types\/post"}],"author":[{"embeddable":true,"href":"https:\/\/www.fiscalia.gov.co\/colombia\/wp-json\/wp\/v2\/users\/162"}],"replies":[{"embeddable":true,"href":"https:\/\/www.fiscalia.gov.co\/colombia\/wp-json\/wp\/v2\/comments?post=190736"}],"version-history":[{"count":1,"href":"https:\/\/www.fiscalia.gov.co\/colombia\/wp-json\/wp\/v2\/posts\/190736\/revisions"}],"predecessor-version":[{"id":190737,"href":"https:\/\/www.fiscalia.gov.co\/colombia\/wp-json\/wp\/v2\/posts\/190736\/revisions\/190737"}],"wp:attachment":[{"href":"https:\/\/www.fiscalia.gov.co\/colombia\/wp-json\/wp\/v2\/media?parent=190736"}],"wp:term":[{"taxonomy":"category","embeddable":true,"href":"https:\/\/www.fiscalia.gov.co\/colombia\/wp-json\/wp\/v2\/categories?post=190736"},{"taxonomy":"post_tag","embeddable":true,"href":"https:\/\/www.fiscalia.gov.co\/colombia\/wp-json\/wp\/v2\/tags?post=190736"}],"curies":[{"name":"wp","href":"https:\/\/api.w.org\/{rel}","templated":true}]}}