{"id":190524,"date":"2020-03-05T19:53:11","date_gmt":"2020-03-06T00:53:11","guid":{"rendered":"https:\/\/www.fiscalia.gov.co\/colombia\/?p=190524"},"modified":"2020-03-05T19:53:11","modified_gmt":"2020-03-06T00:53:11","slug":"carcel-para-expresidente-de-la-liga-de-triatlon-de-santander-que-habria-acreditado-informacion-falsa-para-solicitar-visas-estadounidenses","status":"publish","type":"post","link":"https:\/\/www.fiscalia.gov.co\/colombia\/noticias\/carcel-para-expresidente-de-la-liga-de-triatlon-de-santander-que-habria-acreditado-informacion-falsa-para-solicitar-visas-estadounidenses\/","title":{"rendered":"C\u00e1rcel para expresidente de la Liga de Triatl\u00f3n de Santander que habr\u00eda acreditado  informaci\u00f3n falsa para solicitar visas estadounidenses"},"content":{"rendered":"<blockquote class=\"td_quote_box td_box_center\">\n<h4><strong>La Fiscal\u00eda General de la Naci\u00f3n y Migraci\u00f3n Colombia tienen evidencias de que \u00d3scar Mauricio Uribe Pinilla emiti\u00f3 cartas en las que certific\u00f3 la calidad de deportistas de alto rendimiento a personas que no cumpl\u00edan esa condici\u00f3n. <\/strong><\/h4>\n<\/blockquote>\n<p>En audiencias cumplidas en el Complejo Judicial de Paloquemao, un fiscal de la Direcci\u00f3n Especializada contra las Organizaciones Criminales imput\u00f3 a \u00d3scar Mauricio Uribe Pinilla, expresidente de la Liga de Triatl\u00f3n de Santander, como presunto responsable del delito de tr\u00e1fico de migrantes.<\/p>\n<p>El fiscal de conocimiento revel\u00f3 que Uribe Pinilla habr\u00eda montado un modelo de asesor\u00edas para tramitar visas a Estados Unidos, en el que supuestamente modificada los perfiles de los solicitantes con informaci\u00f3n falsa sobre el estado socioecon\u00f3mico, laboral y familiar.<\/p>\n<p>Al parecer, aprovech\u00f3 su condici\u00f3n de dirigente deportivo y entreg\u00f3 a sus \u2018clientes\u2019 certificaciones de la Liga de Triatl\u00f3n o del Instituto de Deportes de Santander para hacerlos pasar como deportistas de alto rendimiento o empleados de estas entidades, en cargos como m\u00e9dicos, fisioterapeutas, masajistas, personal de log\u00edstica, entre otros oficios. De esta manera, aumentaban las probabilidades de que la Embajada de Estados Unidos aceptara el ingreso de los peticionarios a su pa\u00eds.<\/p>\n<p>De acuerdo con el material probatorio recopilado por la Fiscal\u00eda y personal de polic\u00eda judicial de Migraci\u00f3n Colombia, \u00d3scar Mauricio Uribe Pinilla tambi\u00e9n vend\u00eda los uniformes y sudaderas oficiales con logos y marcas originales de la Liga de Triatl\u00f3n de Santander. Las prendas eran vestidas por los solicitantes el d\u00eda en el que se acercaban ante el c\u00f3nsul para tramitar la visa.<\/p>\n<p>El hoy procesado habr\u00eda asesorado a 64 personas en dos a\u00f1os. A 59 de ellas les fueron expedidas las respectivas visas. Muchos de los peticionarios eran migrantes venezolanos que pagaron entre 500 y 900 mil pesos por el diligenciamiento de los documentos.<\/p>\n<p><strong><u>Captura<\/u><\/strong><\/p>\n<p>Uribe Pinilla fue capturado por funcionarios del CTI de la Fiscal\u00eda y de Migraci\u00f3n Colombia en un apartamento de Bucaramanga (Santander), donde supuestamente ejerc\u00eda la actividad ilegal. En la diligencia judicial fueron incautados un computador port\u00e1til, dos tel\u00e9fonos celulares y un disco duro.<\/p>\n<p>Por solicitud del fiscal de conocimiento, un juez de control de garant\u00edas de Bogot\u00e1 impuso medida de aseguramiento privativa de la libertad contra el expresidente de la Liga de Triatl\u00f3n de Santander y dispuso su traslado a la c\u00e1rcel La Modelo de Bucaramanga.<\/p>\n<p>En las audiencias concentradas se conoci\u00f3 que, a ra\u00edz del presunto comportamiento il\u00edcito de \u00d3scar Mauricio Uribe Pinilla, la Embajada de Estados Unidos habr\u00eda aumentado los controles y restricciones para la autorizaci\u00f3n de visas a los deportistas de las diferentes ligas de Santander.<\/p>\n<p>Recientemente, luego de la renuncia de Uribe Pinilla a la Liga de Triatl\u00f3n de Santander en febrero de 2019, la Fiscal\u00eda y Migraci\u00f3n Colombia constataron que esta persona supuestamente continu\u00f3 con la asesor\u00eda ilegal.<\/p>\n<p>Esta investigaci\u00f3n inici\u00f3 con un informe emitido por la Oficina de Seguridad Diplom\u00e1tica de la Embajada de Estados Unidos en Bogot\u00e1, en octubre de 2018. En su momento se puso en conocimiento que una supuesta deportista santandereana ped\u00eda autorizaci\u00f3n para ingresar a territorio norteamericano; sin embargo, las certificaciones que present\u00f3 conten\u00edan informaci\u00f3n err\u00f3nea.<\/p>\n<p>La Fiscal\u00eda General de la Naci\u00f3n hace p\u00fablica esta informaci\u00f3n por razones de inter\u00e9s general.<\/p>\n<p>&nbsp;<\/p>\n\n<div class=\"twitter-share\"><a href=\"https:\/\/twitter.com\/intent\/tweet?via=fiscaliacol\" class=\"twitter-share-button\">Tweet<\/a><\/div>\n","protected":false},"excerpt":{"rendered":"<p>La Fiscal\u00eda General de la Naci\u00f3n y Migraci\u00f3n Colombia tienen evidencias de que \u00d3scar Mauricio Uribe Pinilla emiti\u00f3 cartas en las que certific\u00f3 la calidad de deportistas de alto rendimiento a personas que no cumpl\u00edan esa condici\u00f3n. En audiencias cumplidas en el Complejo Judicial de Paloquemao, un fiscal de la Direcci\u00f3n Especializada contra las Organizaciones [&hellip;]<\/p>\n","protected":false},"author":162,"featured_media":0,"comment_status":"closed","ping_status":"open","sticky":false,"template":"","format":"standard","meta":{"_price":"","_stock":"","_tribe_ticket_header":"","_tribe_default_ticket_provider":"","_tribe_ticket_capacity":"0","_ticket_start_date":"","_ticket_end_date":"","_tribe_ticket_show_description":"","_tribe_ticket_show_not_going":false,"_tribe_ticket_use_global_stock":"","_tribe_ticket_global_stock_level":"","_global_stock_mode":"","_global_stock_cap":"","_tribe_rsvp_for_event":"","_tribe_ticket_going_count":"","_tribe_ticket_not_going_count":"","_tribe_tickets_list":"[]","_tribe_ticket_has_attendee_info_fields":false,"tdm_status":"","tdm_grid_status":"","footnotes":""},"categories":[24098,1,321,303],"tags":[],"class_list":{"0":"post-190524","1":"post","2":"type-post","3":"status-publish","4":"format-standard","6":"category-crimen-organizado","7":"category-noticias","8":"category-seccional-bogota","9":"category-seccionales"},"yoast_head":"<!-- This site is optimized with the Yoast SEO plugin v24.3 - https:\/\/yoast.com\/wordpress\/plugins\/seo\/ -->\n<title>Fiscal\u00eda General de la Naci\u00f3n<\/title>\n<meta name=\"description\" content=\"P\u00e1gina oficial de la Fiscal\u00eda General de la Naci\u00f3n \u2013 Colombia. Garantizamos el acceso efectivo a la justicia, la verdad y la reparaci\u00f3n de las v\u00edctimas de los delitos.\" \/>\n<meta name=\"robots\" content=\"noindex, follow\" \/>\n<meta property=\"og:locale\" content=\"es_ES\" \/>\n<meta property=\"og:type\" content=\"article\" \/>\n<meta property=\"og:title\" content=\"Fiscal\u00eda General de la Naci\u00f3n\" \/>\n<meta property=\"og:description\" content=\"P\u00e1gina oficial de la Fiscal\u00eda General de la Naci\u00f3n \u2013 Colombia. Garantizamos el acceso efectivo a la justicia, la verdad y la reparaci\u00f3n de las v\u00edctimas de los delitos.\" \/>\n<meta property=\"og:url\" content=\"https:\/\/www.fiscalia.gov.co\/colombia\/noticias\/carcel-para-expresidente-de-la-liga-de-triatlon-de-santander-que-habria-acreditado-informacion-falsa-para-solicitar-visas-estadounidenses\/\" \/>\n<meta property=\"og:site_name\" content=\"Fiscal\u00eda General de la Naci\u00f3n\" \/>\n<meta property=\"article:publisher\" content=\"https:\/\/www.facebook.com\/FiscaliaCol\" \/>\n<meta property=\"article:published_time\" content=\"2020-03-06T00:53:11+00:00\" \/>\n<meta name=\"author\" content=\"Direcci\u00f3n de Comunicaciones Fiscal\u00eda General de la Naci\u00f3n\" \/>\n<meta name=\"twitter:card\" content=\"summary_large_image\" \/>\n<meta name=\"twitter:creator\" content=\"@FiscaliaCol\" \/>\n<meta name=\"twitter:site\" content=\"@FiscaliaCol\" \/>\n<meta name=\"twitter:label1\" content=\"Escrito por\" \/>\n\t<meta name=\"twitter:data1\" content=\"Direcci\u00f3n de Comunicaciones Fiscal\u00eda General de la Naci\u00f3n\" \/>\n\t<meta name=\"twitter:label2\" content=\"Tiempo de lectura\" \/>\n\t<meta name=\"twitter:data2\" content=\"3 minutos\" \/>\n<script type=\"application\/ld+json\" class=\"yoast-schema-graph\">{\"@context\":\"https:\/\/schema.org\",\"@graph\":[{\"@type\":\"Article\",\"@id\":\"https:\/\/www.fiscalia.gov.co\/colombia\/noticias\/carcel-para-expresidente-de-la-liga-de-triatlon-de-santander-que-habria-acreditado-informacion-falsa-para-solicitar-visas-estadounidenses\/#article\",\"isPartOf\":{\"@id\":\"https:\/\/www.fiscalia.gov.co\/colombia\/noticias\/carcel-para-expresidente-de-la-liga-de-triatlon-de-santander-que-habria-acreditado-informacion-falsa-para-solicitar-visas-estadounidenses\/\"},\"author\":{\"name\":\"Direcci\u00f3n de Comunicaciones Fiscal\u00eda General de la Naci\u00f3n\",\"@id\":\"https:\/\/www.fiscalia.gov.co\/colombia\/#\/schema\/person\/bf28d8ae7f1b287bbe3af484b04f43ea\"},\"headline\":\"C\u00e1rcel para expresidente de la Liga de Triatl\u00f3n de Santander que habr\u00eda acreditado informaci\u00f3n falsa para solicitar visas estadounidenses\",\"datePublished\":\"2020-03-06T00:53:11+00:00\",\"dateModified\":\"2020-03-06T00:53:11+00:00\",\"mainEntityOfPage\":{\"@id\":\"https:\/\/www.fiscalia.gov.co\/colombia\/noticias\/carcel-para-expresidente-de-la-liga-de-triatlon-de-santander-que-habria-acreditado-informacion-falsa-para-solicitar-visas-estadounidenses\/\"},\"wordCount\":601,\"publisher\":{\"@id\":\"https:\/\/www.fiscalia.gov.co\/colombia\/#organization\"},\"articleSection\":[\"Crimen organizado\",\"Noticias\",\"Seccional Bogot\u00e1\",\"Seccionales\"],\"inLanguage\":\"es-CO\"},{\"@type\":\"WebPage\",\"@id\":\"https:\/\/www.fiscalia.gov.co\/colombia\/noticias\/carcel-para-expresidente-de-la-liga-de-triatlon-de-santander-que-habria-acreditado-informacion-falsa-para-solicitar-visas-estadounidenses\/\",\"url\":\"https:\/\/www.fiscalia.gov.co\/colombia\/noticias\/carcel-para-expresidente-de-la-liga-de-triatlon-de-santander-que-habria-acreditado-informacion-falsa-para-solicitar-visas-estadounidenses\/\",\"name\":\"Fiscal\u00eda General de la Naci\u00f3n\",\"isPartOf\":{\"@id\":\"https:\/\/www.fiscalia.gov.co\/colombia\/#website\"},\"datePublished\":\"2020-03-06T00:53:11+00:00\",\"dateModified\":\"2020-03-06T00:53:11+00:00\",\"description\":\"P\u00e1gina oficial de la Fiscal\u00eda General de la Naci\u00f3n \u2013 Colombia. Garantizamos el acceso efectivo a la justicia, la verdad y la reparaci\u00f3n de las v\u00edctimas de los delitos.\",\"breadcrumb\":{\"@id\":\"https:\/\/www.fiscalia.gov.co\/colombia\/noticias\/carcel-para-expresidente-de-la-liga-de-triatlon-de-santander-que-habria-acreditado-informacion-falsa-para-solicitar-visas-estadounidenses\/#breadcrumb\"},\"inLanguage\":\"es-CO\",\"potentialAction\":[{\"@type\":\"ReadAction\",\"target\":[\"https:\/\/www.fiscalia.gov.co\/colombia\/noticias\/carcel-para-expresidente-de-la-liga-de-triatlon-de-santander-que-habria-acreditado-informacion-falsa-para-solicitar-visas-estadounidenses\/\"]}]},{\"@type\":\"BreadcrumbList\",\"@id\":\"https:\/\/www.fiscalia.gov.co\/colombia\/noticias\/carcel-para-expresidente-de-la-liga-de-triatlon-de-santander-que-habria-acreditado-informacion-falsa-para-solicitar-visas-estadounidenses\/#breadcrumb\",\"itemListElement\":[{\"@type\":\"ListItem\",\"position\":1,\"name\":\"Home\",\"item\":\"https:\/\/www.fiscalia.gov.co\/colombia\/\"},{\"@type\":\"ListItem\",\"position\":2,\"name\":\"C\u00e1rcel para expresidente de la Liga de Triatl\u00f3n de Santander que habr\u00eda acreditado informaci\u00f3n falsa para solicitar visas estadounidenses\"}]},{\"@type\":\"WebSite\",\"@id\":\"https:\/\/www.fiscalia.gov.co\/colombia\/#website\",\"url\":\"https:\/\/www.fiscalia.gov.co\/colombia\/\",\"name\":\"Fiscal\u00eda General de la Naci\u00f3n\",\"description\":\"P\u00e1gina oficial de la Fiscal\u00eda General de la Naci\u00f3n \u2013 Colombia. Garantizamos el acceso efectivo a la justicia, la verdad y la reparaci\u00f3n de las v\u00edctimas de los delitos.\",\"publisher\":{\"@id\":\"https:\/\/www.fiscalia.gov.co\/colombia\/#organization\"},\"potentialAction\":[{\"@type\":\"SearchAction\",\"target\":{\"@type\":\"EntryPoint\",\"urlTemplate\":\"https:\/\/www.fiscalia.gov.co\/colombia\/?s={search_term_string}\"},\"query-input\":{\"@type\":\"PropertyValueSpecification\",\"valueRequired\":true,\"valueName\":\"search_term_string\"}}],\"inLanguage\":\"es-CO\"},{\"@type\":\"Organization\",\"@id\":\"https:\/\/www.fiscalia.gov.co\/colombia\/#organization\",\"name\":\"Fiscal\u00eda General de la Naci\u00f3n\",\"url\":\"https:\/\/www.fiscalia.gov.co\/colombia\/\",\"logo\":{\"@type\":\"ImageObject\",\"inLanguage\":\"es-CO\",\"@id\":\"https:\/\/www.fiscalia.gov.co\/colombia\/#\/schema\/logo\/image\/\",\"url\":\"https:\/\/www.fiscalia.gov.co\/colombia\/wp-content\/uploads\/LogoHorizontal_1.jpg\",\"contentUrl\":\"https:\/\/www.fiscalia.gov.co\/colombia\/wp-content\/uploads\/LogoHorizontal_1.jpg\",\"width\":300,\"height\":90,\"caption\":\"Fiscal\u00eda General de la Naci\u00f3n\"},\"image\":{\"@id\":\"https:\/\/www.fiscalia.gov.co\/colombia\/#\/schema\/logo\/image\/\"},\"sameAs\":[\"https:\/\/www.facebook.com\/FiscaliaCol\",\"https:\/\/x.com\/FiscaliaCol\",\"https:\/\/www.instagram.com\/fiscaliacol\",\"https:\/\/www.linkedin.com\/company\/fiscalia-general-de-la-naci-n\/\",\"https:\/\/youtube.com\/@fiscaliageneraldelanacion-4668?si=6nN79nyQICPU5iTh\"]},{\"@type\":\"Person\",\"@id\":\"https:\/\/www.fiscalia.gov.co\/colombia\/#\/schema\/person\/bf28d8ae7f1b287bbe3af484b04f43ea\",\"name\":\"Direcci\u00f3n de Comunicaciones Fiscal\u00eda General de la Naci\u00f3n\",\"image\":{\"@type\":\"ImageObject\",\"inLanguage\":\"es-CO\",\"@id\":\"https:\/\/www.fiscalia.gov.co\/colombia\/#\/schema\/person\/image\/\",\"url\":\"https:\/\/secure.gravatar.com\/avatar\/9d55ae161d32da16dbdd0b380c080a5f?s=96&d=mm&r=g\",\"contentUrl\":\"https:\/\/secure.gravatar.com\/avatar\/9d55ae161d32da16dbdd0b380c080a5f?s=96&d=mm&r=g\",\"caption\":\"Direcci\u00f3n de Comunicaciones Fiscal\u00eda General de la Naci\u00f3n\"},\"url\":\"https:\/\/www.fiscalia.gov.co\/colombia\/author\/kbonilla\/\"}]}<\/script>\n<!-- \/ Yoast SEO plugin. -->","yoast_head_json":{"title":"Fiscal\u00eda General de la Naci\u00f3n","description":"P\u00e1gina oficial de la Fiscal\u00eda General de la Naci\u00f3n \u2013 Colombia. Garantizamos el acceso efectivo a la justicia, la verdad y la reparaci\u00f3n de las v\u00edctimas de los delitos.","robots":{"index":"noindex","follow":"follow"},"og_locale":"es_ES","og_type":"article","og_title":"Fiscal\u00eda General de la Naci\u00f3n","og_description":"P\u00e1gina oficial de la Fiscal\u00eda General de la Naci\u00f3n \u2013 Colombia. Garantizamos el acceso efectivo a la justicia, la verdad y la reparaci\u00f3n de las v\u00edctimas de los delitos.","og_url":"https:\/\/www.fiscalia.gov.co\/colombia\/noticias\/carcel-para-expresidente-de-la-liga-de-triatlon-de-santander-que-habria-acreditado-informacion-falsa-para-solicitar-visas-estadounidenses\/","og_site_name":"Fiscal\u00eda General de la Naci\u00f3n","article_publisher":"https:\/\/www.facebook.com\/FiscaliaCol","article_published_time":"2020-03-06T00:53:11+00:00","author":"Direcci\u00f3n de Comunicaciones Fiscal\u00eda General de la Naci\u00f3n","twitter_card":"summary_large_image","twitter_creator":"@FiscaliaCol","twitter_site":"@FiscaliaCol","twitter_misc":{"Escrito por":"Direcci\u00f3n de Comunicaciones Fiscal\u00eda General de la Naci\u00f3n","Tiempo de lectura":"3 minutos"},"schema":{"@context":"https:\/\/schema.org","@graph":[{"@type":"Article","@id":"https:\/\/www.fiscalia.gov.co\/colombia\/noticias\/carcel-para-expresidente-de-la-liga-de-triatlon-de-santander-que-habria-acreditado-informacion-falsa-para-solicitar-visas-estadounidenses\/#article","isPartOf":{"@id":"https:\/\/www.fiscalia.gov.co\/colombia\/noticias\/carcel-para-expresidente-de-la-liga-de-triatlon-de-santander-que-habria-acreditado-informacion-falsa-para-solicitar-visas-estadounidenses\/"},"author":{"name":"Direcci\u00f3n de Comunicaciones Fiscal\u00eda General de la Naci\u00f3n","@id":"https:\/\/www.fiscalia.gov.co\/colombia\/#\/schema\/person\/bf28d8ae7f1b287bbe3af484b04f43ea"},"headline":"C\u00e1rcel para expresidente de la Liga de Triatl\u00f3n de Santander que habr\u00eda acreditado informaci\u00f3n falsa para solicitar visas estadounidenses","datePublished":"2020-03-06T00:53:11+00:00","dateModified":"2020-03-06T00:53:11+00:00","mainEntityOfPage":{"@id":"https:\/\/www.fiscalia.gov.co\/colombia\/noticias\/carcel-para-expresidente-de-la-liga-de-triatlon-de-santander-que-habria-acreditado-informacion-falsa-para-solicitar-visas-estadounidenses\/"},"wordCount":601,"publisher":{"@id":"https:\/\/www.fiscalia.gov.co\/colombia\/#organization"},"articleSection":["Crimen organizado","Noticias","Seccional Bogot\u00e1","Seccionales"],"inLanguage":"es-CO"},{"@type":"WebPage","@id":"https:\/\/www.fiscalia.gov.co\/colombia\/noticias\/carcel-para-expresidente-de-la-liga-de-triatlon-de-santander-que-habria-acreditado-informacion-falsa-para-solicitar-visas-estadounidenses\/","url":"https:\/\/www.fiscalia.gov.co\/colombia\/noticias\/carcel-para-expresidente-de-la-liga-de-triatlon-de-santander-que-habria-acreditado-informacion-falsa-para-solicitar-visas-estadounidenses\/","name":"Fiscal\u00eda General de la Naci\u00f3n","isPartOf":{"@id":"https:\/\/www.fiscalia.gov.co\/colombia\/#website"},"datePublished":"2020-03-06T00:53:11+00:00","dateModified":"2020-03-06T00:53:11+00:00","description":"P\u00e1gina oficial de la Fiscal\u00eda General de la Naci\u00f3n \u2013 Colombia. Garantizamos el acceso efectivo a la justicia, la verdad y la reparaci\u00f3n de las v\u00edctimas de los delitos.","breadcrumb":{"@id":"https:\/\/www.fiscalia.gov.co\/colombia\/noticias\/carcel-para-expresidente-de-la-liga-de-triatlon-de-santander-que-habria-acreditado-informacion-falsa-para-solicitar-visas-estadounidenses\/#breadcrumb"},"inLanguage":"es-CO","potentialAction":[{"@type":"ReadAction","target":["https:\/\/www.fiscalia.gov.co\/colombia\/noticias\/carcel-para-expresidente-de-la-liga-de-triatlon-de-santander-que-habria-acreditado-informacion-falsa-para-solicitar-visas-estadounidenses\/"]}]},{"@type":"BreadcrumbList","@id":"https:\/\/www.fiscalia.gov.co\/colombia\/noticias\/carcel-para-expresidente-de-la-liga-de-triatlon-de-santander-que-habria-acreditado-informacion-falsa-para-solicitar-visas-estadounidenses\/#breadcrumb","itemListElement":[{"@type":"ListItem","position":1,"name":"Home","item":"https:\/\/www.fiscalia.gov.co\/colombia\/"},{"@type":"ListItem","position":2,"name":"C\u00e1rcel para expresidente de la Liga de Triatl\u00f3n de Santander que habr\u00eda acreditado informaci\u00f3n falsa para solicitar visas estadounidenses"}]},{"@type":"WebSite","@id":"https:\/\/www.fiscalia.gov.co\/colombia\/#website","url":"https:\/\/www.fiscalia.gov.co\/colombia\/","name":"Fiscal\u00eda General de la Naci\u00f3n","description":"P\u00e1gina oficial de la Fiscal\u00eda General de la Naci\u00f3n \u2013 Colombia. Garantizamos el acceso efectivo a la justicia, la verdad y la reparaci\u00f3n de las v\u00edctimas de los delitos.","publisher":{"@id":"https:\/\/www.fiscalia.gov.co\/colombia\/#organization"},"potentialAction":[{"@type":"SearchAction","target":{"@type":"EntryPoint","urlTemplate":"https:\/\/www.fiscalia.gov.co\/colombia\/?s={search_term_string}"},"query-input":{"@type":"PropertyValueSpecification","valueRequired":true,"valueName":"search_term_string"}}],"inLanguage":"es-CO"},{"@type":"Organization","@id":"https:\/\/www.fiscalia.gov.co\/colombia\/#organization","name":"Fiscal\u00eda General de la Naci\u00f3n","url":"https:\/\/www.fiscalia.gov.co\/colombia\/","logo":{"@type":"ImageObject","inLanguage":"es-CO","@id":"https:\/\/www.fiscalia.gov.co\/colombia\/#\/schema\/logo\/image\/","url":"https:\/\/www.fiscalia.gov.co\/colombia\/wp-content\/uploads\/LogoHorizontal_1.jpg","contentUrl":"https:\/\/www.fiscalia.gov.co\/colombia\/wp-content\/uploads\/LogoHorizontal_1.jpg","width":300,"height":90,"caption":"Fiscal\u00eda General de la Naci\u00f3n"},"image":{"@id":"https:\/\/www.fiscalia.gov.co\/colombia\/#\/schema\/logo\/image\/"},"sameAs":["https:\/\/www.facebook.com\/FiscaliaCol","https:\/\/x.com\/FiscaliaCol","https:\/\/www.instagram.com\/fiscaliacol","https:\/\/www.linkedin.com\/company\/fiscalia-general-de-la-naci-n\/","https:\/\/youtube.com\/@fiscaliageneraldelanacion-4668?si=6nN79nyQICPU5iTh"]},{"@type":"Person","@id":"https:\/\/www.fiscalia.gov.co\/colombia\/#\/schema\/person\/bf28d8ae7f1b287bbe3af484b04f43ea","name":"Direcci\u00f3n de Comunicaciones Fiscal\u00eda General de la Naci\u00f3n","image":{"@type":"ImageObject","inLanguage":"es-CO","@id":"https:\/\/www.fiscalia.gov.co\/colombia\/#\/schema\/person\/image\/","url":"https:\/\/secure.gravatar.com\/avatar\/9d55ae161d32da16dbdd0b380c080a5f?s=96&d=mm&r=g","contentUrl":"https:\/\/secure.gravatar.com\/avatar\/9d55ae161d32da16dbdd0b380c080a5f?s=96&d=mm&r=g","caption":"Direcci\u00f3n de Comunicaciones Fiscal\u00eda General de la Naci\u00f3n"},"url":"https:\/\/www.fiscalia.gov.co\/colombia\/author\/kbonilla\/"}]}},"_links":{"self":[{"href":"https:\/\/www.fiscalia.gov.co\/colombia\/wp-json\/wp\/v2\/posts\/190524","targetHints":{"allow":["GET"]}}],"collection":[{"href":"https:\/\/www.fiscalia.gov.co\/colombia\/wp-json\/wp\/v2\/posts"}],"about":[{"href":"https:\/\/www.fiscalia.gov.co\/colombia\/wp-json\/wp\/v2\/types\/post"}],"author":[{"embeddable":true,"href":"https:\/\/www.fiscalia.gov.co\/colombia\/wp-json\/wp\/v2\/users\/162"}],"replies":[{"embeddable":true,"href":"https:\/\/www.fiscalia.gov.co\/colombia\/wp-json\/wp\/v2\/comments?post=190524"}],"version-history":[{"count":1,"href":"https:\/\/www.fiscalia.gov.co\/colombia\/wp-json\/wp\/v2\/posts\/190524\/revisions"}],"predecessor-version":[{"id":190525,"href":"https:\/\/www.fiscalia.gov.co\/colombia\/wp-json\/wp\/v2\/posts\/190524\/revisions\/190525"}],"wp:attachment":[{"href":"https:\/\/www.fiscalia.gov.co\/colombia\/wp-json\/wp\/v2\/media?parent=190524"}],"wp:term":[{"taxonomy":"category","embeddable":true,"href":"https:\/\/www.fiscalia.gov.co\/colombia\/wp-json\/wp\/v2\/categories?post=190524"},{"taxonomy":"post_tag","embeddable":true,"href":"https:\/\/www.fiscalia.gov.co\/colombia\/wp-json\/wp\/v2\/tags?post=190524"}],"curies":[{"name":"wp","href":"https:\/\/api.w.org\/{rel}","templated":true}]}}