{"id":190147,"date":"2020-03-02T10:32:30","date_gmt":"2020-03-02T15:32:30","guid":{"rendered":"https:\/\/www.fiscalia.gov.co\/colombia\/?p=190147"},"modified":"2020-03-02T11:46:40","modified_gmt":"2020-03-02T16:46:40","slug":"tribunal-superior-de-medellin-confirmo-sentencia-condenatoria-en-contra-de-dos-mujeres-por-homicidio-del-ex-companero-sentimental-de-una-de-ellas","status":"publish","type":"post","link":"https:\/\/www.fiscalia.gov.co\/colombia\/seccionales\/tribunal-superior-de-medellin-confirmo-sentencia-condenatoria-en-contra-de-dos-mujeres-por-homicidio-del-ex-companero-sentimental-de-una-de-ellas\/","title":{"rendered":"Tribunal Superior de Medell\u00edn confirm\u00f3 sentencia condenatoria en contra de dos mujeres por homicidio del ex compa\u00f1ero sentimental de una de ellas"},"content":{"rendered":"<p>La Sala Penal del Tribunal Superior de Medell\u00edn confirm\u00f3 la sentencia\u00a0de\u00a0<strong>30 a\u00f1os de prisi\u00f3n<\/strong>\u00a0en contra de Kimberly Cristina Mac\u00edas Upegui y Nury Estella Hern\u00e1ndez Quintero, por el homicidio de Daniel Rend\u00f3n Areiza, de 26 a\u00f1os de edad.<\/p>\n<p>El 2 de octubre de 2016, en un apartamento del barrio Robledo de la capital antioque\u00f1a, las autoridades encontraron a la v\u00edctima esposada a un tubo,\u00a0con signos de <strong>asfixia mec\u00e1nica y heridas producidas por un arma corto contundente<\/strong> en la cabeza.<\/p>\n<p>En el lugar fueron encontrados papel chicle,\u00a0usado para amordazar a la v\u00edctima, cinta de enmascarar y un hacha impregnada de sangre.<\/p>\n<p>Un d\u00eda antes de los hechos, Hern\u00e1ndez Quintero y Mac\u00edas Upegui, quien tiene una hija de 9 a\u00f1os con el hoy occiso,\u00a0alquilaron el inmueble donde se cometi\u00f3 el homicidio para realizar un supuesto estudio demogr\u00e1fico para una entidad del estado.<\/p>\n<p>Los investigadores establecieron que las mujeres pretend\u00edan ocultar el cuerpo sin vida del hombre, pero ese domingo hab\u00eda jornada electoral en el pa\u00eds y frente al inmueble donde ocurrieron los hechos se ubicaba un puesto de votaci\u00f3n, por lo tanto estaba custodiado por polic\u00edas y otras autoridades, y cuya presencia oblig\u00f3 a las mujeres a dejar el cad\u00e1ver en la vivienda.<\/p>\n<p>De acuerdo a la investigaci\u00f3n adelantada por una fiscal de la Unidad de Vida, <strong>la v\u00edctima no estaba de acuerdo con la relaci\u00f3n homosexual de su expareja<\/strong> y se opon\u00eda a que\u00a0su hija\u00a0viviera en ese contexto.<\/p>\n<p>El propietario del apartamento declar\u00f3 a la Fiscal\u00eda que el mismo d\u00eda del crimen, las arrendatarias lo llamaron y le advirtieron que iba a encontrar algo en la vivienda pero que no pod\u00eda avisar a las autoridades o correr\u00eda la misma suerte.<\/p>\n<p>Mac\u00edas Upegui y\u00a0Hern\u00e1ndez Quintero fueron sentenciadas por el delito de <strong>homicidio simple.<\/strong><\/p>\n<p>La Fiscal\u00eda hace p\u00fablica esta informaci\u00f3n por razones de inter\u00e9s general.<\/p>\n<p>&nbsp;<\/p>\n<p>NAMT\/DLBM<\/p>\n\n<div class=\"twitter-share\"><a href=\"https:\/\/twitter.com\/intent\/tweet?via=fiscaliacol\" class=\"twitter-share-button\">Tweet<\/a><\/div>\n","protected":false},"excerpt":{"rendered":"<p>La Sala Penal del Tribunal Superior de Medell\u00edn confirm\u00f3 la sentencia\u00a0de\u00a030 a\u00f1os de prisi\u00f3n\u00a0en contra de Kimberly Cristina Mac\u00edas Upegui y Nury Estella Hern\u00e1ndez Quintero, por el homicidio de Daniel Rend\u00f3n Areiza, de 26 a\u00f1os de edad. El 2 de octubre de 2016, en un apartamento del barrio Robledo de la capital antioque\u00f1a, las autoridades [&hellip;]<\/p>\n","protected":false},"author":162,"featured_media":0,"comment_status":"closed","ping_status":"open","sticky":false,"template":"","format":"standard","meta":{"_price":"","_stock":"","_tribe_ticket_header":"","_tribe_default_ticket_provider":"","_tribe_ticket_capacity":"0","_ticket_start_date":"","_ticket_end_date":"","_tribe_ticket_show_description":"","_tribe_ticket_show_not_going":false,"_tribe_ticket_use_global_stock":"","_tribe_ticket_global_stock_level":"","_global_stock_mode":"","_global_stock_cap":"","_tribe_rsvp_for_event":"","_tribe_ticket_going_count":"","_tribe_ticket_not_going_count":"","_tribe_tickets_list":"[]","_tribe_ticket_has_attendee_info_fields":false,"tdm_status":"","tdm_grid_status":"","footnotes":""},"categories":[331,303,24099],"tags":[],"class_list":{"0":"post-190147","1":"post","2":"type-post","3":"status-publish","4":"format-standard","6":"category-seccional-medellin","7":"category-seccionales","8":"category-seguridad-territorial"},"yoast_head":"<!-- This site is optimized with the Yoast SEO plugin v24.3 - https:\/\/yoast.com\/wordpress\/plugins\/seo\/ -->\n<title>Fiscal\u00eda General de la Naci\u00f3n<\/title>\n<meta name=\"description\" content=\"P\u00e1gina oficial de la Fiscal\u00eda General de la Naci\u00f3n \u2013 Colombia. Garantizamos el acceso efectivo a la justicia, la verdad y la reparaci\u00f3n de las v\u00edctimas de los delitos.\" \/>\n<meta name=\"robots\" content=\"noindex, follow\" \/>\n<meta property=\"og:locale\" content=\"es_ES\" \/>\n<meta property=\"og:type\" content=\"article\" \/>\n<meta property=\"og:title\" content=\"Fiscal\u00eda General de la Naci\u00f3n\" \/>\n<meta property=\"og:description\" content=\"P\u00e1gina oficial de la Fiscal\u00eda General de la Naci\u00f3n \u2013 Colombia. Garantizamos el acceso efectivo a la justicia, la verdad y la reparaci\u00f3n de las v\u00edctimas de los delitos.\" \/>\n<meta property=\"og:url\" content=\"https:\/\/www.fiscalia.gov.co\/colombia\/seccionales\/tribunal-superior-de-medellin-confirmo-sentencia-condenatoria-en-contra-de-dos-mujeres-por-homicidio-del-ex-companero-sentimental-de-una-de-ellas\/\" \/>\n<meta property=\"og:site_name\" content=\"Fiscal\u00eda General de la Naci\u00f3n\" \/>\n<meta property=\"article:publisher\" content=\"https:\/\/www.facebook.com\/FiscaliaCol\" \/>\n<meta property=\"article:published_time\" content=\"2020-03-02T15:32:30+00:00\" \/>\n<meta property=\"article:modified_time\" content=\"2020-03-02T16:46:40+00:00\" \/>\n<meta name=\"author\" content=\"Direcci\u00f3n de Comunicaciones Fiscal\u00eda General de la Naci\u00f3n\" \/>\n<meta name=\"twitter:card\" content=\"summary_large_image\" \/>\n<meta name=\"twitter:creator\" content=\"@FiscaliaCol\" \/>\n<meta name=\"twitter:site\" content=\"@FiscaliaCol\" \/>\n<meta name=\"twitter:label1\" content=\"Escrito por\" \/>\n\t<meta name=\"twitter:data1\" content=\"Direcci\u00f3n de Comunicaciones Fiscal\u00eda General de la Naci\u00f3n\" \/>\n\t<meta name=\"twitter:label2\" content=\"Tiempo de lectura\" \/>\n\t<meta name=\"twitter:data2\" content=\"2 minutos\" \/>\n<script type=\"application\/ld+json\" class=\"yoast-schema-graph\">{\"@context\":\"https:\/\/schema.org\",\"@graph\":[{\"@type\":\"Article\",\"@id\":\"https:\/\/www.fiscalia.gov.co\/colombia\/seccionales\/tribunal-superior-de-medellin-confirmo-sentencia-condenatoria-en-contra-de-dos-mujeres-por-homicidio-del-ex-companero-sentimental-de-una-de-ellas\/#article\",\"isPartOf\":{\"@id\":\"https:\/\/www.fiscalia.gov.co\/colombia\/seccionales\/tribunal-superior-de-medellin-confirmo-sentencia-condenatoria-en-contra-de-dos-mujeres-por-homicidio-del-ex-companero-sentimental-de-una-de-ellas\/\"},\"author\":{\"name\":\"Direcci\u00f3n de Comunicaciones Fiscal\u00eda General de la Naci\u00f3n\",\"@id\":\"https:\/\/www.fiscalia.gov.co\/colombia\/#\/schema\/person\/bf28d8ae7f1b287bbe3af484b04f43ea\"},\"headline\":\"Tribunal Superior de Medell\u00edn confirm\u00f3 sentencia condenatoria en contra de dos mujeres por homicidio del ex compa\u00f1ero sentimental de una de ellas\",\"datePublished\":\"2020-03-02T15:32:30+00:00\",\"dateModified\":\"2020-03-02T16:46:40+00:00\",\"mainEntityOfPage\":{\"@id\":\"https:\/\/www.fiscalia.gov.co\/colombia\/seccionales\/tribunal-superior-de-medellin-confirmo-sentencia-condenatoria-en-contra-de-dos-mujeres-por-homicidio-del-ex-companero-sentimental-de-una-de-ellas\/\"},\"wordCount\":368,\"publisher\":{\"@id\":\"https:\/\/www.fiscalia.gov.co\/colombia\/#organization\"},\"articleSection\":[\"Seccional Medell\u00edn\",\"Seccionales\",\"Seguridad territorial\"],\"inLanguage\":\"es-CO\"},{\"@type\":\"WebPage\",\"@id\":\"https:\/\/www.fiscalia.gov.co\/colombia\/seccionales\/tribunal-superior-de-medellin-confirmo-sentencia-condenatoria-en-contra-de-dos-mujeres-por-homicidio-del-ex-companero-sentimental-de-una-de-ellas\/\",\"url\":\"https:\/\/www.fiscalia.gov.co\/colombia\/seccionales\/tribunal-superior-de-medellin-confirmo-sentencia-condenatoria-en-contra-de-dos-mujeres-por-homicidio-del-ex-companero-sentimental-de-una-de-ellas\/\",\"name\":\"Fiscal\u00eda General de la Naci\u00f3n\",\"isPartOf\":{\"@id\":\"https:\/\/www.fiscalia.gov.co\/colombia\/#website\"},\"datePublished\":\"2020-03-02T15:32:30+00:00\",\"dateModified\":\"2020-03-02T16:46:40+00:00\",\"description\":\"P\u00e1gina oficial de la Fiscal\u00eda General de la Naci\u00f3n \u2013 Colombia. Garantizamos el acceso efectivo a la justicia, la verdad y la reparaci\u00f3n de las v\u00edctimas de los delitos.\",\"breadcrumb\":{\"@id\":\"https:\/\/www.fiscalia.gov.co\/colombia\/seccionales\/tribunal-superior-de-medellin-confirmo-sentencia-condenatoria-en-contra-de-dos-mujeres-por-homicidio-del-ex-companero-sentimental-de-una-de-ellas\/#breadcrumb\"},\"inLanguage\":\"es-CO\",\"potentialAction\":[{\"@type\":\"ReadAction\",\"target\":[\"https:\/\/www.fiscalia.gov.co\/colombia\/seccionales\/tribunal-superior-de-medellin-confirmo-sentencia-condenatoria-en-contra-de-dos-mujeres-por-homicidio-del-ex-companero-sentimental-de-una-de-ellas\/\"]}]},{\"@type\":\"BreadcrumbList\",\"@id\":\"https:\/\/www.fiscalia.gov.co\/colombia\/seccionales\/tribunal-superior-de-medellin-confirmo-sentencia-condenatoria-en-contra-de-dos-mujeres-por-homicidio-del-ex-companero-sentimental-de-una-de-ellas\/#breadcrumb\",\"itemListElement\":[{\"@type\":\"ListItem\",\"position\":1,\"name\":\"Home\",\"item\":\"https:\/\/www.fiscalia.gov.co\/colombia\/\"},{\"@type\":\"ListItem\",\"position\":2,\"name\":\"Tribunal Superior de Medell\u00edn confirm\u00f3 sentencia condenatoria en contra de dos mujeres por homicidio del ex compa\u00f1ero sentimental de una de ellas\"}]},{\"@type\":\"WebSite\",\"@id\":\"https:\/\/www.fiscalia.gov.co\/colombia\/#website\",\"url\":\"https:\/\/www.fiscalia.gov.co\/colombia\/\",\"name\":\"Fiscal\u00eda General de la Naci\u00f3n\",\"description\":\"P\u00e1gina oficial de la Fiscal\u00eda General de la Naci\u00f3n \u2013 Colombia. Garantizamos el acceso efectivo a la justicia, la verdad y la reparaci\u00f3n de las v\u00edctimas de los delitos.\",\"publisher\":{\"@id\":\"https:\/\/www.fiscalia.gov.co\/colombia\/#organization\"},\"potentialAction\":[{\"@type\":\"SearchAction\",\"target\":{\"@type\":\"EntryPoint\",\"urlTemplate\":\"https:\/\/www.fiscalia.gov.co\/colombia\/?s={search_term_string}\"},\"query-input\":{\"@type\":\"PropertyValueSpecification\",\"valueRequired\":true,\"valueName\":\"search_term_string\"}}],\"inLanguage\":\"es-CO\"},{\"@type\":\"Organization\",\"@id\":\"https:\/\/www.fiscalia.gov.co\/colombia\/#organization\",\"name\":\"Fiscal\u00eda General de la Naci\u00f3n\",\"url\":\"https:\/\/www.fiscalia.gov.co\/colombia\/\",\"logo\":{\"@type\":\"ImageObject\",\"inLanguage\":\"es-CO\",\"@id\":\"https:\/\/www.fiscalia.gov.co\/colombia\/#\/schema\/logo\/image\/\",\"url\":\"https:\/\/www.fiscalia.gov.co\/colombia\/wp-content\/uploads\/LogoHorizontal_1.jpg\",\"contentUrl\":\"https:\/\/www.fiscalia.gov.co\/colombia\/wp-content\/uploads\/LogoHorizontal_1.jpg\",\"width\":300,\"height\":90,\"caption\":\"Fiscal\u00eda General de la Naci\u00f3n\"},\"image\":{\"@id\":\"https:\/\/www.fiscalia.gov.co\/colombia\/#\/schema\/logo\/image\/\"},\"sameAs\":[\"https:\/\/www.facebook.com\/FiscaliaCol\",\"https:\/\/x.com\/FiscaliaCol\",\"https:\/\/www.instagram.com\/fiscaliacol\",\"https:\/\/www.linkedin.com\/company\/fiscalia-general-de-la-naci-n\/\",\"https:\/\/youtube.com\/@fiscaliageneraldelanacion-4668?si=6nN79nyQICPU5iTh\"]},{\"@type\":\"Person\",\"@id\":\"https:\/\/www.fiscalia.gov.co\/colombia\/#\/schema\/person\/bf28d8ae7f1b287bbe3af484b04f43ea\",\"name\":\"Direcci\u00f3n de Comunicaciones Fiscal\u00eda General de la Naci\u00f3n\",\"image\":{\"@type\":\"ImageObject\",\"inLanguage\":\"es-CO\",\"@id\":\"https:\/\/www.fiscalia.gov.co\/colombia\/#\/schema\/person\/image\/\",\"url\":\"https:\/\/secure.gravatar.com\/avatar\/9d55ae161d32da16dbdd0b380c080a5f?s=96&d=mm&r=g\",\"contentUrl\":\"https:\/\/secure.gravatar.com\/avatar\/9d55ae161d32da16dbdd0b380c080a5f?s=96&d=mm&r=g\",\"caption\":\"Direcci\u00f3n de Comunicaciones Fiscal\u00eda General de la Naci\u00f3n\"},\"url\":\"https:\/\/www.fiscalia.gov.co\/colombia\/author\/kbonilla\/\"}]}<\/script>\n<!-- \/ Yoast SEO plugin. -->","yoast_head_json":{"title":"Fiscal\u00eda General de la Naci\u00f3n","description":"P\u00e1gina oficial de la Fiscal\u00eda General de la Naci\u00f3n \u2013 Colombia. Garantizamos el acceso efectivo a la justicia, la verdad y la reparaci\u00f3n de las v\u00edctimas de los delitos.","robots":{"index":"noindex","follow":"follow"},"og_locale":"es_ES","og_type":"article","og_title":"Fiscal\u00eda General de la Naci\u00f3n","og_description":"P\u00e1gina oficial de la Fiscal\u00eda General de la Naci\u00f3n \u2013 Colombia. Garantizamos el acceso efectivo a la justicia, la verdad y la reparaci\u00f3n de las v\u00edctimas de los delitos.","og_url":"https:\/\/www.fiscalia.gov.co\/colombia\/seccionales\/tribunal-superior-de-medellin-confirmo-sentencia-condenatoria-en-contra-de-dos-mujeres-por-homicidio-del-ex-companero-sentimental-de-una-de-ellas\/","og_site_name":"Fiscal\u00eda General de la Naci\u00f3n","article_publisher":"https:\/\/www.facebook.com\/FiscaliaCol","article_published_time":"2020-03-02T15:32:30+00:00","article_modified_time":"2020-03-02T16:46:40+00:00","author":"Direcci\u00f3n de Comunicaciones Fiscal\u00eda General de la Naci\u00f3n","twitter_card":"summary_large_image","twitter_creator":"@FiscaliaCol","twitter_site":"@FiscaliaCol","twitter_misc":{"Escrito por":"Direcci\u00f3n de Comunicaciones Fiscal\u00eda General de la Naci\u00f3n","Tiempo de lectura":"2 minutos"},"schema":{"@context":"https:\/\/schema.org","@graph":[{"@type":"Article","@id":"https:\/\/www.fiscalia.gov.co\/colombia\/seccionales\/tribunal-superior-de-medellin-confirmo-sentencia-condenatoria-en-contra-de-dos-mujeres-por-homicidio-del-ex-companero-sentimental-de-una-de-ellas\/#article","isPartOf":{"@id":"https:\/\/www.fiscalia.gov.co\/colombia\/seccionales\/tribunal-superior-de-medellin-confirmo-sentencia-condenatoria-en-contra-de-dos-mujeres-por-homicidio-del-ex-companero-sentimental-de-una-de-ellas\/"},"author":{"name":"Direcci\u00f3n de Comunicaciones Fiscal\u00eda General de la Naci\u00f3n","@id":"https:\/\/www.fiscalia.gov.co\/colombia\/#\/schema\/person\/bf28d8ae7f1b287bbe3af484b04f43ea"},"headline":"Tribunal Superior de Medell\u00edn confirm\u00f3 sentencia condenatoria en contra de dos mujeres por homicidio del ex compa\u00f1ero sentimental de una de ellas","datePublished":"2020-03-02T15:32:30+00:00","dateModified":"2020-03-02T16:46:40+00:00","mainEntityOfPage":{"@id":"https:\/\/www.fiscalia.gov.co\/colombia\/seccionales\/tribunal-superior-de-medellin-confirmo-sentencia-condenatoria-en-contra-de-dos-mujeres-por-homicidio-del-ex-companero-sentimental-de-una-de-ellas\/"},"wordCount":368,"publisher":{"@id":"https:\/\/www.fiscalia.gov.co\/colombia\/#organization"},"articleSection":["Seccional Medell\u00edn","Seccionales","Seguridad territorial"],"inLanguage":"es-CO"},{"@type":"WebPage","@id":"https:\/\/www.fiscalia.gov.co\/colombia\/seccionales\/tribunal-superior-de-medellin-confirmo-sentencia-condenatoria-en-contra-de-dos-mujeres-por-homicidio-del-ex-companero-sentimental-de-una-de-ellas\/","url":"https:\/\/www.fiscalia.gov.co\/colombia\/seccionales\/tribunal-superior-de-medellin-confirmo-sentencia-condenatoria-en-contra-de-dos-mujeres-por-homicidio-del-ex-companero-sentimental-de-una-de-ellas\/","name":"Fiscal\u00eda General de la Naci\u00f3n","isPartOf":{"@id":"https:\/\/www.fiscalia.gov.co\/colombia\/#website"},"datePublished":"2020-03-02T15:32:30+00:00","dateModified":"2020-03-02T16:46:40+00:00","description":"P\u00e1gina oficial de la Fiscal\u00eda General de la Naci\u00f3n \u2013 Colombia. Garantizamos el acceso efectivo a la justicia, la verdad y la reparaci\u00f3n de las v\u00edctimas de los delitos.","breadcrumb":{"@id":"https:\/\/www.fiscalia.gov.co\/colombia\/seccionales\/tribunal-superior-de-medellin-confirmo-sentencia-condenatoria-en-contra-de-dos-mujeres-por-homicidio-del-ex-companero-sentimental-de-una-de-ellas\/#breadcrumb"},"inLanguage":"es-CO","potentialAction":[{"@type":"ReadAction","target":["https:\/\/www.fiscalia.gov.co\/colombia\/seccionales\/tribunal-superior-de-medellin-confirmo-sentencia-condenatoria-en-contra-de-dos-mujeres-por-homicidio-del-ex-companero-sentimental-de-una-de-ellas\/"]}]},{"@type":"BreadcrumbList","@id":"https:\/\/www.fiscalia.gov.co\/colombia\/seccionales\/tribunal-superior-de-medellin-confirmo-sentencia-condenatoria-en-contra-de-dos-mujeres-por-homicidio-del-ex-companero-sentimental-de-una-de-ellas\/#breadcrumb","itemListElement":[{"@type":"ListItem","position":1,"name":"Home","item":"https:\/\/www.fiscalia.gov.co\/colombia\/"},{"@type":"ListItem","position":2,"name":"Tribunal Superior de Medell\u00edn confirm\u00f3 sentencia condenatoria en contra de dos mujeres por homicidio del ex compa\u00f1ero sentimental de una de ellas"}]},{"@type":"WebSite","@id":"https:\/\/www.fiscalia.gov.co\/colombia\/#website","url":"https:\/\/www.fiscalia.gov.co\/colombia\/","name":"Fiscal\u00eda General de la Naci\u00f3n","description":"P\u00e1gina oficial de la Fiscal\u00eda General de la Naci\u00f3n \u2013 Colombia. Garantizamos el acceso efectivo a la justicia, la verdad y la reparaci\u00f3n de las v\u00edctimas de los delitos.","publisher":{"@id":"https:\/\/www.fiscalia.gov.co\/colombia\/#organization"},"potentialAction":[{"@type":"SearchAction","target":{"@type":"EntryPoint","urlTemplate":"https:\/\/www.fiscalia.gov.co\/colombia\/?s={search_term_string}"},"query-input":{"@type":"PropertyValueSpecification","valueRequired":true,"valueName":"search_term_string"}}],"inLanguage":"es-CO"},{"@type":"Organization","@id":"https:\/\/www.fiscalia.gov.co\/colombia\/#organization","name":"Fiscal\u00eda General de la Naci\u00f3n","url":"https:\/\/www.fiscalia.gov.co\/colombia\/","logo":{"@type":"ImageObject","inLanguage":"es-CO","@id":"https:\/\/www.fiscalia.gov.co\/colombia\/#\/schema\/logo\/image\/","url":"https:\/\/www.fiscalia.gov.co\/colombia\/wp-content\/uploads\/LogoHorizontal_1.jpg","contentUrl":"https:\/\/www.fiscalia.gov.co\/colombia\/wp-content\/uploads\/LogoHorizontal_1.jpg","width":300,"height":90,"caption":"Fiscal\u00eda General de la Naci\u00f3n"},"image":{"@id":"https:\/\/www.fiscalia.gov.co\/colombia\/#\/schema\/logo\/image\/"},"sameAs":["https:\/\/www.facebook.com\/FiscaliaCol","https:\/\/x.com\/FiscaliaCol","https:\/\/www.instagram.com\/fiscaliacol","https:\/\/www.linkedin.com\/company\/fiscalia-general-de-la-naci-n\/","https:\/\/youtube.com\/@fiscaliageneraldelanacion-4668?si=6nN79nyQICPU5iTh"]},{"@type":"Person","@id":"https:\/\/www.fiscalia.gov.co\/colombia\/#\/schema\/person\/bf28d8ae7f1b287bbe3af484b04f43ea","name":"Direcci\u00f3n de Comunicaciones Fiscal\u00eda General de la Naci\u00f3n","image":{"@type":"ImageObject","inLanguage":"es-CO","@id":"https:\/\/www.fiscalia.gov.co\/colombia\/#\/schema\/person\/image\/","url":"https:\/\/secure.gravatar.com\/avatar\/9d55ae161d32da16dbdd0b380c080a5f?s=96&d=mm&r=g","contentUrl":"https:\/\/secure.gravatar.com\/avatar\/9d55ae161d32da16dbdd0b380c080a5f?s=96&d=mm&r=g","caption":"Direcci\u00f3n de Comunicaciones Fiscal\u00eda General de la Naci\u00f3n"},"url":"https:\/\/www.fiscalia.gov.co\/colombia\/author\/kbonilla\/"}]}},"_links":{"self":[{"href":"https:\/\/www.fiscalia.gov.co\/colombia\/wp-json\/wp\/v2\/posts\/190147","targetHints":{"allow":["GET"]}}],"collection":[{"href":"https:\/\/www.fiscalia.gov.co\/colombia\/wp-json\/wp\/v2\/posts"}],"about":[{"href":"https:\/\/www.fiscalia.gov.co\/colombia\/wp-json\/wp\/v2\/types\/post"}],"author":[{"embeddable":true,"href":"https:\/\/www.fiscalia.gov.co\/colombia\/wp-json\/wp\/v2\/users\/162"}],"replies":[{"embeddable":true,"href":"https:\/\/www.fiscalia.gov.co\/colombia\/wp-json\/wp\/v2\/comments?post=190147"}],"version-history":[{"count":2,"href":"https:\/\/www.fiscalia.gov.co\/colombia\/wp-json\/wp\/v2\/posts\/190147\/revisions"}],"predecessor-version":[{"id":190153,"href":"https:\/\/www.fiscalia.gov.co\/colombia\/wp-json\/wp\/v2\/posts\/190147\/revisions\/190153"}],"wp:attachment":[{"href":"https:\/\/www.fiscalia.gov.co\/colombia\/wp-json\/wp\/v2\/media?parent=190147"}],"wp:term":[{"taxonomy":"category","embeddable":true,"href":"https:\/\/www.fiscalia.gov.co\/colombia\/wp-json\/wp\/v2\/categories?post=190147"},{"taxonomy":"post_tag","embeddable":true,"href":"https:\/\/www.fiscalia.gov.co\/colombia\/wp-json\/wp\/v2\/tags?post=190147"}],"curies":[{"name":"wp","href":"https:\/\/api.w.org\/{rel}","templated":true}]}}