{"id":190138,"date":"2020-03-02T09:34:56","date_gmt":"2020-03-02T14:34:56","guid":{"rendered":"https:\/\/www.fiscalia.gov.co\/colombia\/?p=190138"},"modified":"2020-03-02T09:34:56","modified_gmt":"2020-03-02T14:34:56","slug":"judicializada-organizacion-de-microtrafico-de-estupefacientes-en-pereira","status":"publish","type":"post","link":"https:\/\/www.fiscalia.gov.co\/colombia\/seccionales\/judicializada-organizacion-de-microtrafico-de-estupefacientes-en-pereira\/","title":{"rendered":"Judicializada organizaci\u00f3n de microtr\u00e1fico de estupefacientes en Pereira"},"content":{"rendered":"<p>Tras un trabajo investigativo liderado por la <strong>Unidad Regional Antinarc\u00f3ticos<\/strong> de la Fiscal\u00eda en Pereira fue desarticulada este 27 de febrero una organizaci\u00f3n delincuencial dedicada al tr\u00e1fico de sustancias estupefacientes en el <strong>sector de Los Puentes<\/strong> de la capital risaraldense, en la carrera 10 entre calles 12 y 13.<\/p>\n<p>Durante la <strong>operaci\u00f3n Neptuno<\/strong> <strong>realizada en conjunto con la Sij\u00edn<\/strong>, se efectuaron 11 allanamientos que permitieron la captura de 19 personas, mediante orden judicial.<\/p>\n<p>Los detenidos al parecer delinqu\u00edan al servicio del denominado <strong>GDCO Cordillera o La Oficina<\/strong> y presuntamente se dedicaban a la de venta de bazuco. Se conoci\u00f3 que tendr\u00edan establecida toda la cadena de transporte, acopio, dosificaci\u00f3n y distribuci\u00f3n de este tipo de estupefaciente; acciones que les representaban <strong>ganancias de 187 millones de pesos por ventas semanales<\/strong>.<\/p>\n<p>En el operativo fueron incautadas <strong>120 dosis bazuco, 1.360.000 pesos en efectivo, 16 celulares <\/strong>y seis cuadernos con informaci\u00f3n de inter\u00e9s.<\/p>\n<p>Durante la investigaci\u00f3n adelantada por el ente acusador se evidenci\u00f3 esta estructura habr\u00eda comercializado alrededor de 17.500 dosis de bazuco.<\/p>\n<p>Los capturados fueron judicializados ante un juez de garant\u00edas de la siguiente manera:<\/p>\n<p>-Jhon Alex\u00e1nder L\u00f3pez Hoyos, alias Monoleche: Fung\u00eda como el presunto cabecilla, encargado del expendio de estupefacientes y quien supuestamente daba las \u00f3rdenes para despachar las mismas.<\/p>\n<p>Tras la imputaci\u00f3n, acept\u00f3 cargos mediante preacuerdo por los delitos de <strong>concierto para delinquir agravado<\/strong> en concurso heterog\u00e9neo con <strong>tr\u00e1fico fabricaci\u00f3n o porte de estupefacientes<\/strong> en concurso homog\u00e9neo por 11 materialidades.<\/p>\n<p>Seg\u00fan lo previsto en el acuerdo, obtendr\u00eda una rebaja del 50% en la pena que le imponga el juez de conocimiento.<\/p>\n<p><strong>Imputados por concierto para delinquir agravado en concurso heterog\u00e9neo con tr\u00e1fico fabricaci\u00f3n o porte de estupefacientes:<\/strong><\/p>\n<p>-Omaira S\u00e1nchez de Mart\u00ednez, alias La t\u00eda Idal\u00ed: presunta l\u00edder y coordinadora. No acept\u00f3 cargos.<\/p>\n<p>-Andr\u00e9s Salgado Mar\u00edn, alias Salgado (<strong>Expatrullero de la Polic\u00eda Nacional<\/strong>): al parecer facilitaba el comercio libre del estupefaciente. No acept\u00f3 cargos.<\/p>\n<p>-Reinel Montoya V\u00e9lez, alias Cale\u00f1o: presunto colaborador. No acept\u00f3 cargos.<\/p>\n<p>-Jaime Andr\u00e9s Cruz Boh\u00f3rquez, alias Jaime: presunto colaborador. No acept\u00f3 cargos.<\/p>\n<p>-Yeison Alfredo Fl\u00f3rez Lozano, alias Mono Tita: presunto colaborador. No acept\u00f3 cargos.<\/p>\n<p>-Orlando Mart\u00ednez S\u00e1nchez, alias Orlando: presunto colaborador. No acept\u00f3 cargos.<\/p>\n<p>-Leidy Jhoana\u00a0Arboleda, alias la Chamaca: supuesta expendedora. Adem\u00e1s de los delitos mencionados fue imputada por uso de menores de edad para la comisi\u00f3n de delitos. No acept\u00f3 cargos.<\/p>\n<p>-Gloria Deisy Arboleda, alias Mama de la Chamaca: presunta expendedora. No acept\u00f3 cargos.<\/p>\n<p>-Gladis Marina Hincapi\u00e9 Ochoa, alias la Coste\u00f1a: presunta\u00a0expendedora. No acept\u00f3 cargos.<\/p>\n<p>-Libia Morales, alias Mama de France: presunta expendedora. No acept\u00f3 cargos.<\/p>\n<p>-France Milena Morales, alias France: presunta expendedora. No acept\u00f3 cargos.<\/p>\n<p>-Mar\u00eda Nancy S\u00e1nchez Hern\u00e1ndez, alias Nancy: presunta coordinadora. No acept\u00f3 cargos.<\/p>\n<p><strong>Imputados por concierto para delinquir agravado<\/strong><strong>:<\/strong><\/p>\n<p>-Juan Pablo Mahecha Villa, alias Pablo: presunto coordinador y encargado de control de seguridad y bodega. No acept\u00f3 cargos.<\/p>\n<p>-Juli\u00e1n Alberto Mar\u00edn Villegas, alias Mec\u00e1nico: presunto expendedor. En virtud de <strong>preacuerdo <\/strong>acept\u00f3 cargos y se le quit\u00f3 el agravante del concierto para delinquir.<\/p>\n<p>-Jhon Jairo Aguirre C\u00e9spedes, alias Zarco: presunto expendedor. En virtud de preacuerdo acept\u00f3 cargos y se le quit\u00f3 el agravante del concierto para delinquir.<\/p>\n<p>-Andr\u00e9s Fabi\u00e1n Lotero L\u00f3pez, alias Chinga: presunto expendedor. No acept\u00f3 cargos.<\/p>\n<p>-Yuri Andrea Arbel\u00e1ez Castrill\u00f3n, alias Zarca: presunta expendedora. En virtud de preacuerdo acept\u00f3 cargos y se le quit\u00f3 el agravante del concierto para delinquir.<\/p>\n<p>Al t\u00e9rmino de las audiencias, el juez de control de garant\u00edas decidi\u00f3 imponer <strong>medida de aseguramiento intramuros a 18 de los procesados<\/strong>. Entretanto, le concedi\u00f3 el mecanismo de vigilancia electr\u00f3nica a Leidy Daniela Jaramillo (presunta colaboradora), quien no admiti\u00f3 su responsabilidad, por estar en estado de embarazo con complicaciones.<\/p>\n<p>Cabe anotar que, entre los 19 investigados suman 102 anotaciones judiciales por los delitos de homicidio, tr\u00e1fico de estupefacientes, hurto, receptaci\u00f3n, lesiones personales y fuga de presos.<\/p>\n<p>La Fiscal\u00eda hace p\u00fablica esta informaci\u00f3n por razones de inter\u00e9s general.<\/p>\n<p>&nbsp;<\/p>\n<p>LMGM\/DLBM<\/p>\n\n<div class=\"twitter-share\"><a href=\"https:\/\/twitter.com\/intent\/tweet?via=fiscaliacol\" class=\"twitter-share-button\">Tweet<\/a><\/div>\n","protected":false},"excerpt":{"rendered":"<p>Tras un trabajo investigativo liderado por la Unidad Regional Antinarc\u00f3ticos de la Fiscal\u00eda en Pereira fue desarticulada este 27 de febrero una organizaci\u00f3n delincuencial dedicada al tr\u00e1fico de sustancias estupefacientes en el sector de Los Puentes de la capital risaraldense, en la carrera 10 entre calles 12 y 13. Durante la operaci\u00f3n Neptuno realizada en [&hellip;]<\/p>\n","protected":false},"author":162,"featured_media":0,"comment_status":"closed","ping_status":"open","sticky":false,"template":"","format":"standard","meta":{"_price":"","_stock":"","_tribe_ticket_header":"","_tribe_default_ticket_provider":"","_tribe_ticket_capacity":"0","_ticket_start_date":"","_ticket_end_date":"","_tribe_ticket_show_description":"","_tribe_ticket_show_not_going":false,"_tribe_ticket_use_global_stock":"","_tribe_ticket_global_stock_level":"","_global_stock_mode":"","_global_stock_cap":"","_tribe_rsvp_for_event":"","_tribe_ticket_going_count":"","_tribe_ticket_not_going_count":"","_tribe_tickets_list":"[]","_tribe_ticket_has_attendee_info_fields":false,"tdm_status":"","tdm_grid_status":"","footnotes":""},"categories":[335,303,24103],"tags":[],"class_list":{"0":"post-190138","1":"post","2":"type-post","3":"status-publish","4":"format-standard","6":"category-seccional-pereira","7":"category-seccionales","8":"category-trafico-de-estupefacientes"},"yoast_head":"<!-- This site is optimized with the Yoast SEO plugin v24.3 - https:\/\/yoast.com\/wordpress\/plugins\/seo\/ -->\n<title>Fiscal\u00eda General de la Naci\u00f3n<\/title>\n<meta name=\"description\" content=\"P\u00e1gina oficial de la Fiscal\u00eda General de la Naci\u00f3n \u2013 Colombia. Garantizamos el acceso efectivo a la justicia, la verdad y la reparaci\u00f3n de las v\u00edctimas de los delitos.\" \/>\n<meta name=\"robots\" content=\"noindex, follow\" \/>\n<meta property=\"og:locale\" content=\"es_ES\" \/>\n<meta property=\"og:type\" content=\"article\" \/>\n<meta property=\"og:title\" content=\"Fiscal\u00eda General de la Naci\u00f3n\" \/>\n<meta property=\"og:description\" content=\"P\u00e1gina oficial de la Fiscal\u00eda General de la Naci\u00f3n \u2013 Colombia. Garantizamos el acceso efectivo a la justicia, la verdad y la reparaci\u00f3n de las v\u00edctimas de los delitos.\" \/>\n<meta property=\"og:url\" content=\"https:\/\/www.fiscalia.gov.co\/colombia\/seccionales\/judicializada-organizacion-de-microtrafico-de-estupefacientes-en-pereira\/\" \/>\n<meta property=\"og:site_name\" content=\"Fiscal\u00eda General de la Naci\u00f3n\" \/>\n<meta property=\"article:publisher\" content=\"https:\/\/www.facebook.com\/FiscaliaCol\" \/>\n<meta property=\"article:published_time\" content=\"2020-03-02T14:34:56+00:00\" \/>\n<meta name=\"author\" content=\"Direcci\u00f3n de Comunicaciones Fiscal\u00eda General de la Naci\u00f3n\" \/>\n<meta name=\"twitter:card\" content=\"summary_large_image\" \/>\n<meta name=\"twitter:creator\" content=\"@FiscaliaCol\" \/>\n<meta name=\"twitter:site\" content=\"@FiscaliaCol\" \/>\n<meta name=\"twitter:label1\" content=\"Escrito por\" \/>\n\t<meta name=\"twitter:data1\" content=\"Direcci\u00f3n de Comunicaciones Fiscal\u00eda General de la Naci\u00f3n\" \/>\n\t<meta name=\"twitter:label2\" content=\"Tiempo de lectura\" \/>\n\t<meta name=\"twitter:data2\" content=\"3 minutos\" \/>\n<script type=\"application\/ld+json\" class=\"yoast-schema-graph\">{\"@context\":\"https:\/\/schema.org\",\"@graph\":[{\"@type\":\"Article\",\"@id\":\"https:\/\/www.fiscalia.gov.co\/colombia\/seccionales\/judicializada-organizacion-de-microtrafico-de-estupefacientes-en-pereira\/#article\",\"isPartOf\":{\"@id\":\"https:\/\/www.fiscalia.gov.co\/colombia\/seccionales\/judicializada-organizacion-de-microtrafico-de-estupefacientes-en-pereira\/\"},\"author\":{\"name\":\"Direcci\u00f3n de Comunicaciones Fiscal\u00eda General de la Naci\u00f3n\",\"@id\":\"https:\/\/www.fiscalia.gov.co\/colombia\/#\/schema\/person\/bf28d8ae7f1b287bbe3af484b04f43ea\"},\"headline\":\"Judicializada organizaci\u00f3n de microtr\u00e1fico de estupefacientes en Pereira\",\"datePublished\":\"2020-03-02T14:34:56+00:00\",\"dateModified\":\"2020-03-02T14:34:56+00:00\",\"mainEntityOfPage\":{\"@id\":\"https:\/\/www.fiscalia.gov.co\/colombia\/seccionales\/judicializada-organizacion-de-microtrafico-de-estupefacientes-en-pereira\/\"},\"wordCount\":700,\"publisher\":{\"@id\":\"https:\/\/www.fiscalia.gov.co\/colombia\/#organization\"},\"articleSection\":[\"Seccional Pereira\",\"Seccionales\",\"Tr\u00e1fico de estupefacientes\"],\"inLanguage\":\"es-CO\"},{\"@type\":\"WebPage\",\"@id\":\"https:\/\/www.fiscalia.gov.co\/colombia\/seccionales\/judicializada-organizacion-de-microtrafico-de-estupefacientes-en-pereira\/\",\"url\":\"https:\/\/www.fiscalia.gov.co\/colombia\/seccionales\/judicializada-organizacion-de-microtrafico-de-estupefacientes-en-pereira\/\",\"name\":\"Fiscal\u00eda General de la Naci\u00f3n\",\"isPartOf\":{\"@id\":\"https:\/\/www.fiscalia.gov.co\/colombia\/#website\"},\"datePublished\":\"2020-03-02T14:34:56+00:00\",\"dateModified\":\"2020-03-02T14:34:56+00:00\",\"description\":\"P\u00e1gina oficial de la Fiscal\u00eda General de la Naci\u00f3n \u2013 Colombia. Garantizamos el acceso efectivo a la justicia, la verdad y la reparaci\u00f3n de las v\u00edctimas de los delitos.\",\"breadcrumb\":{\"@id\":\"https:\/\/www.fiscalia.gov.co\/colombia\/seccionales\/judicializada-organizacion-de-microtrafico-de-estupefacientes-en-pereira\/#breadcrumb\"},\"inLanguage\":\"es-CO\",\"potentialAction\":[{\"@type\":\"ReadAction\",\"target\":[\"https:\/\/www.fiscalia.gov.co\/colombia\/seccionales\/judicializada-organizacion-de-microtrafico-de-estupefacientes-en-pereira\/\"]}]},{\"@type\":\"BreadcrumbList\",\"@id\":\"https:\/\/www.fiscalia.gov.co\/colombia\/seccionales\/judicializada-organizacion-de-microtrafico-de-estupefacientes-en-pereira\/#breadcrumb\",\"itemListElement\":[{\"@type\":\"ListItem\",\"position\":1,\"name\":\"Home\",\"item\":\"https:\/\/www.fiscalia.gov.co\/colombia\/\"},{\"@type\":\"ListItem\",\"position\":2,\"name\":\"Judicializada organizaci\u00f3n de microtr\u00e1fico de estupefacientes en Pereira\"}]},{\"@type\":\"WebSite\",\"@id\":\"https:\/\/www.fiscalia.gov.co\/colombia\/#website\",\"url\":\"https:\/\/www.fiscalia.gov.co\/colombia\/\",\"name\":\"Fiscal\u00eda General de la Naci\u00f3n\",\"description\":\"P\u00e1gina oficial de la Fiscal\u00eda General de la Naci\u00f3n \u2013 Colombia. Garantizamos el acceso efectivo a la justicia, la verdad y la reparaci\u00f3n de las v\u00edctimas de los delitos.\",\"publisher\":{\"@id\":\"https:\/\/www.fiscalia.gov.co\/colombia\/#organization\"},\"potentialAction\":[{\"@type\":\"SearchAction\",\"target\":{\"@type\":\"EntryPoint\",\"urlTemplate\":\"https:\/\/www.fiscalia.gov.co\/colombia\/?s={search_term_string}\"},\"query-input\":{\"@type\":\"PropertyValueSpecification\",\"valueRequired\":true,\"valueName\":\"search_term_string\"}}],\"inLanguage\":\"es-CO\"},{\"@type\":\"Organization\",\"@id\":\"https:\/\/www.fiscalia.gov.co\/colombia\/#organization\",\"name\":\"Fiscal\u00eda General de la Naci\u00f3n\",\"url\":\"https:\/\/www.fiscalia.gov.co\/colombia\/\",\"logo\":{\"@type\":\"ImageObject\",\"inLanguage\":\"es-CO\",\"@id\":\"https:\/\/www.fiscalia.gov.co\/colombia\/#\/schema\/logo\/image\/\",\"url\":\"https:\/\/www.fiscalia.gov.co\/colombia\/wp-content\/uploads\/LogoHorizontal_1.jpg\",\"contentUrl\":\"https:\/\/www.fiscalia.gov.co\/colombia\/wp-content\/uploads\/LogoHorizontal_1.jpg\",\"width\":300,\"height\":90,\"caption\":\"Fiscal\u00eda General de la Naci\u00f3n\"},\"image\":{\"@id\":\"https:\/\/www.fiscalia.gov.co\/colombia\/#\/schema\/logo\/image\/\"},\"sameAs\":[\"https:\/\/www.facebook.com\/FiscaliaCol\",\"https:\/\/x.com\/FiscaliaCol\",\"https:\/\/www.instagram.com\/fiscaliacol\",\"https:\/\/www.linkedin.com\/company\/fiscalia-general-de-la-naci-n\/\",\"https:\/\/youtube.com\/@fiscaliageneraldelanacion-4668?si=6nN79nyQICPU5iTh\"]},{\"@type\":\"Person\",\"@id\":\"https:\/\/www.fiscalia.gov.co\/colombia\/#\/schema\/person\/bf28d8ae7f1b287bbe3af484b04f43ea\",\"name\":\"Direcci\u00f3n de Comunicaciones Fiscal\u00eda General de la Naci\u00f3n\",\"image\":{\"@type\":\"ImageObject\",\"inLanguage\":\"es-CO\",\"@id\":\"https:\/\/www.fiscalia.gov.co\/colombia\/#\/schema\/person\/image\/\",\"url\":\"https:\/\/secure.gravatar.com\/avatar\/9d55ae161d32da16dbdd0b380c080a5f?s=96&d=mm&r=g\",\"contentUrl\":\"https:\/\/secure.gravatar.com\/avatar\/9d55ae161d32da16dbdd0b380c080a5f?s=96&d=mm&r=g\",\"caption\":\"Direcci\u00f3n de Comunicaciones Fiscal\u00eda General de la Naci\u00f3n\"},\"url\":\"https:\/\/www.fiscalia.gov.co\/colombia\/author\/kbonilla\/\"}]}<\/script>\n<!-- \/ Yoast SEO plugin. -->","yoast_head_json":{"title":"Fiscal\u00eda General de la Naci\u00f3n","description":"P\u00e1gina oficial de la Fiscal\u00eda General de la Naci\u00f3n \u2013 Colombia. Garantizamos el acceso efectivo a la justicia, la verdad y la reparaci\u00f3n de las v\u00edctimas de los delitos.","robots":{"index":"noindex","follow":"follow"},"og_locale":"es_ES","og_type":"article","og_title":"Fiscal\u00eda General de la Naci\u00f3n","og_description":"P\u00e1gina oficial de la Fiscal\u00eda General de la Naci\u00f3n \u2013 Colombia. Garantizamos el acceso efectivo a la justicia, la verdad y la reparaci\u00f3n de las v\u00edctimas de los delitos.","og_url":"https:\/\/www.fiscalia.gov.co\/colombia\/seccionales\/judicializada-organizacion-de-microtrafico-de-estupefacientes-en-pereira\/","og_site_name":"Fiscal\u00eda General de la Naci\u00f3n","article_publisher":"https:\/\/www.facebook.com\/FiscaliaCol","article_published_time":"2020-03-02T14:34:56+00:00","author":"Direcci\u00f3n de Comunicaciones Fiscal\u00eda General de la Naci\u00f3n","twitter_card":"summary_large_image","twitter_creator":"@FiscaliaCol","twitter_site":"@FiscaliaCol","twitter_misc":{"Escrito por":"Direcci\u00f3n de Comunicaciones Fiscal\u00eda General de la Naci\u00f3n","Tiempo de lectura":"3 minutos"},"schema":{"@context":"https:\/\/schema.org","@graph":[{"@type":"Article","@id":"https:\/\/www.fiscalia.gov.co\/colombia\/seccionales\/judicializada-organizacion-de-microtrafico-de-estupefacientes-en-pereira\/#article","isPartOf":{"@id":"https:\/\/www.fiscalia.gov.co\/colombia\/seccionales\/judicializada-organizacion-de-microtrafico-de-estupefacientes-en-pereira\/"},"author":{"name":"Direcci\u00f3n de Comunicaciones Fiscal\u00eda General de la Naci\u00f3n","@id":"https:\/\/www.fiscalia.gov.co\/colombia\/#\/schema\/person\/bf28d8ae7f1b287bbe3af484b04f43ea"},"headline":"Judicializada organizaci\u00f3n de microtr\u00e1fico de estupefacientes en Pereira","datePublished":"2020-03-02T14:34:56+00:00","dateModified":"2020-03-02T14:34:56+00:00","mainEntityOfPage":{"@id":"https:\/\/www.fiscalia.gov.co\/colombia\/seccionales\/judicializada-organizacion-de-microtrafico-de-estupefacientes-en-pereira\/"},"wordCount":700,"publisher":{"@id":"https:\/\/www.fiscalia.gov.co\/colombia\/#organization"},"articleSection":["Seccional Pereira","Seccionales","Tr\u00e1fico de estupefacientes"],"inLanguage":"es-CO"},{"@type":"WebPage","@id":"https:\/\/www.fiscalia.gov.co\/colombia\/seccionales\/judicializada-organizacion-de-microtrafico-de-estupefacientes-en-pereira\/","url":"https:\/\/www.fiscalia.gov.co\/colombia\/seccionales\/judicializada-organizacion-de-microtrafico-de-estupefacientes-en-pereira\/","name":"Fiscal\u00eda General de la Naci\u00f3n","isPartOf":{"@id":"https:\/\/www.fiscalia.gov.co\/colombia\/#website"},"datePublished":"2020-03-02T14:34:56+00:00","dateModified":"2020-03-02T14:34:56+00:00","description":"P\u00e1gina oficial de la Fiscal\u00eda General de la Naci\u00f3n \u2013 Colombia. Garantizamos el acceso efectivo a la justicia, la verdad y la reparaci\u00f3n de las v\u00edctimas de los delitos.","breadcrumb":{"@id":"https:\/\/www.fiscalia.gov.co\/colombia\/seccionales\/judicializada-organizacion-de-microtrafico-de-estupefacientes-en-pereira\/#breadcrumb"},"inLanguage":"es-CO","potentialAction":[{"@type":"ReadAction","target":["https:\/\/www.fiscalia.gov.co\/colombia\/seccionales\/judicializada-organizacion-de-microtrafico-de-estupefacientes-en-pereira\/"]}]},{"@type":"BreadcrumbList","@id":"https:\/\/www.fiscalia.gov.co\/colombia\/seccionales\/judicializada-organizacion-de-microtrafico-de-estupefacientes-en-pereira\/#breadcrumb","itemListElement":[{"@type":"ListItem","position":1,"name":"Home","item":"https:\/\/www.fiscalia.gov.co\/colombia\/"},{"@type":"ListItem","position":2,"name":"Judicializada organizaci\u00f3n de microtr\u00e1fico de estupefacientes en Pereira"}]},{"@type":"WebSite","@id":"https:\/\/www.fiscalia.gov.co\/colombia\/#website","url":"https:\/\/www.fiscalia.gov.co\/colombia\/","name":"Fiscal\u00eda General de la Naci\u00f3n","description":"P\u00e1gina oficial de la Fiscal\u00eda General de la Naci\u00f3n \u2013 Colombia. Garantizamos el acceso efectivo a la justicia, la verdad y la reparaci\u00f3n de las v\u00edctimas de los delitos.","publisher":{"@id":"https:\/\/www.fiscalia.gov.co\/colombia\/#organization"},"potentialAction":[{"@type":"SearchAction","target":{"@type":"EntryPoint","urlTemplate":"https:\/\/www.fiscalia.gov.co\/colombia\/?s={search_term_string}"},"query-input":{"@type":"PropertyValueSpecification","valueRequired":true,"valueName":"search_term_string"}}],"inLanguage":"es-CO"},{"@type":"Organization","@id":"https:\/\/www.fiscalia.gov.co\/colombia\/#organization","name":"Fiscal\u00eda General de la Naci\u00f3n","url":"https:\/\/www.fiscalia.gov.co\/colombia\/","logo":{"@type":"ImageObject","inLanguage":"es-CO","@id":"https:\/\/www.fiscalia.gov.co\/colombia\/#\/schema\/logo\/image\/","url":"https:\/\/www.fiscalia.gov.co\/colombia\/wp-content\/uploads\/LogoHorizontal_1.jpg","contentUrl":"https:\/\/www.fiscalia.gov.co\/colombia\/wp-content\/uploads\/LogoHorizontal_1.jpg","width":300,"height":90,"caption":"Fiscal\u00eda General de la Naci\u00f3n"},"image":{"@id":"https:\/\/www.fiscalia.gov.co\/colombia\/#\/schema\/logo\/image\/"},"sameAs":["https:\/\/www.facebook.com\/FiscaliaCol","https:\/\/x.com\/FiscaliaCol","https:\/\/www.instagram.com\/fiscaliacol","https:\/\/www.linkedin.com\/company\/fiscalia-general-de-la-naci-n\/","https:\/\/youtube.com\/@fiscaliageneraldelanacion-4668?si=6nN79nyQICPU5iTh"]},{"@type":"Person","@id":"https:\/\/www.fiscalia.gov.co\/colombia\/#\/schema\/person\/bf28d8ae7f1b287bbe3af484b04f43ea","name":"Direcci\u00f3n de Comunicaciones Fiscal\u00eda General de la Naci\u00f3n","image":{"@type":"ImageObject","inLanguage":"es-CO","@id":"https:\/\/www.fiscalia.gov.co\/colombia\/#\/schema\/person\/image\/","url":"https:\/\/secure.gravatar.com\/avatar\/9d55ae161d32da16dbdd0b380c080a5f?s=96&d=mm&r=g","contentUrl":"https:\/\/secure.gravatar.com\/avatar\/9d55ae161d32da16dbdd0b380c080a5f?s=96&d=mm&r=g","caption":"Direcci\u00f3n de Comunicaciones Fiscal\u00eda General de la Naci\u00f3n"},"url":"https:\/\/www.fiscalia.gov.co\/colombia\/author\/kbonilla\/"}]}},"_links":{"self":[{"href":"https:\/\/www.fiscalia.gov.co\/colombia\/wp-json\/wp\/v2\/posts\/190138","targetHints":{"allow":["GET"]}}],"collection":[{"href":"https:\/\/www.fiscalia.gov.co\/colombia\/wp-json\/wp\/v2\/posts"}],"about":[{"href":"https:\/\/www.fiscalia.gov.co\/colombia\/wp-json\/wp\/v2\/types\/post"}],"author":[{"embeddable":true,"href":"https:\/\/www.fiscalia.gov.co\/colombia\/wp-json\/wp\/v2\/users\/162"}],"replies":[{"embeddable":true,"href":"https:\/\/www.fiscalia.gov.co\/colombia\/wp-json\/wp\/v2\/comments?post=190138"}],"version-history":[{"count":1,"href":"https:\/\/www.fiscalia.gov.co\/colombia\/wp-json\/wp\/v2\/posts\/190138\/revisions"}],"predecessor-version":[{"id":190140,"href":"https:\/\/www.fiscalia.gov.co\/colombia\/wp-json\/wp\/v2\/posts\/190138\/revisions\/190140"}],"wp:attachment":[{"href":"https:\/\/www.fiscalia.gov.co\/colombia\/wp-json\/wp\/v2\/media?parent=190138"}],"wp:term":[{"taxonomy":"category","embeddable":true,"href":"https:\/\/www.fiscalia.gov.co\/colombia\/wp-json\/wp\/v2\/categories?post=190138"},{"taxonomy":"post_tag","embeddable":true,"href":"https:\/\/www.fiscalia.gov.co\/colombia\/wp-json\/wp\/v2\/tags?post=190138"}],"curies":[{"name":"wp","href":"https:\/\/api.w.org\/{rel}","templated":true}]}}