{"id":189014,"date":"2020-02-13T12:34:17","date_gmt":"2020-02-13T17:34:17","guid":{"rendered":"https:\/\/www.fiscalia.gov.co\/colombia\/?p=189014"},"modified":"2020-02-13T19:08:42","modified_gmt":"2020-02-14T00:08:42","slug":"francisco-barbosa-delgado-tomo-posesion-como-fiscal-general-de-la-nacion","status":"publish","type":"post","link":"https:\/\/www.fiscalia.gov.co\/colombia\/noticias\/francisco-barbosa-delgado-tomo-posesion-como-fiscal-general-de-la-nacion\/","title":{"rendered":"Francisco Barbosa Delgado tom\u00f3 posesi\u00f3n como Fiscal General de la Naci\u00f3n"},"content":{"rendered":"<blockquote class=\"td_quote_box td_box_center\">\n<h4><strong>El doctor Francisco Barbosa Delgado hizo una invitaci\u00f3n al Contralor General de la Rep\u00fablica y al Procurador General de la Naci\u00f3n para impulsar una inhabilidad temporal que evite pretensiones presidenciales mientras est\u00e1n en ejercicio de sus funciones. <\/strong><\/h4>\n<\/blockquote>\n<p>Luego de tomar posesi\u00f3n como Fiscal General de la Naci\u00f3n y se\u00f1alar que ser\u00e1 el <em>\u201cfiscal de todos los colombianos y de nuestros territorios\u201d<\/em>, el doctor Francisco Barbosa Delgado se\u00f1al\u00f3 que cumplir\u00e1 su rol a tiempo completo, sin agendas dobles y con compromiso patri\u00f3tico, por lo que extendi\u00f3 una invitaci\u00f3n a otros representantes de los entes de control de Estado.<\/p>\n<p><em>\u201cInvito al Contralor General de la Rep\u00fablica, Carlos Felipe C\u00f3rdoba, y al Procurador General de la Naci\u00f3n, Fernando Carrillo, a que acompa\u00f1en la propuesta, como lo hace hoy el Fiscal General, de impulsar la inhabilidad temporal que se quiere establecer a nuestros cargos para evitar el af\u00e1n de iniciar campa\u00f1as presidenciales precoces en el marco de nuestras funciones\u201d<\/em>.<\/p>\n<p>El Fiscal General de la Naci\u00f3n insisti\u00f3 en que su principal reto, adem\u00e1s de dirigir a 25 mil funcionarios que conforman la entidad, ser\u00e1 elevar la instituci\u00f3n a un lugar privilegiado que represente justicia y esperanza para los colombianos. En ese prop\u00f3sito el fiscal Barbosa destac\u00f3 nueve ejes sobre los cuales enfocar\u00e1 su gesti\u00f3n.<\/p>\n<ol>\n<li>Presencia en los territorios. En la actualidad la entidad est\u00e1 en 550 municipios y se espera llegar a 200 municipios m\u00e1s, especialmente a las regiones donde se desarrolla la reincorporaci\u00f3n de los desmovilizados del Acuerdo de Paz.<\/li>\n<\/ol>\n<p><em>\u201cLlegando a los territorios con justicia no solo perseguiremos las econom\u00edas criminales, sino que protegeremos el medio ambiente del pa\u00eds. No podemos dejar al garete a departamentos como Guain\u00eda, Cauca, Vichada, Vaup\u00e9s, Putumayo, Choc\u00f3 y Amazonas, entre otros\u201d<\/em>, precis\u00f3 el Fiscal General.<\/p>\n<p>2. Lucha contra la corrupci\u00f3n. La Fiscal\u00eda General de la Naci\u00f3n concentrar\u00e1 esfuerzos para investigar los hechos criminales que comprometan y pongan en riesgo los recursos de la salud, el medio ambiente, la educaci\u00f3n y la contrataci\u00f3n p\u00fablica.<\/p>\n<p>3. Derechos de ni\u00f1as, ni\u00f1os y adolescentes. El fiscal Barbosa fortalecer\u00e1 las unidades que investigan conductas que afectan los derechos fundamentales de la infancia y la adolescencia, en especial el reclutamiento por parte de los grupos armados ilegales y la instrumentalizaci\u00f3n del delito.<\/p>\n<p>4. Lucha contra la criminalidad de l\u00edderes sociales. La Unidad Especial de Investigaci\u00f3n trabajar\u00e1 articuladamente con la Delegada para la Seguridad Ciudadana y la Delegada contra la Criminalidad Organizada para incrementar los \u00edndices de esclarecimiento de los cr\u00edmenes y amenazas contra defensores de derechos humanos, excombatientes y sus familiares.<\/p>\n<p><em>\u201cComo Fiscal General de la Naci\u00f3n, la lucha por la defensa de los derechos humanos es un punto de honor\u201d<\/em>, enfatiz\u00f3 Francisco Barbosa Delgado.<\/p>\n<p>5. Fortalecimiento de la investigaci\u00f3n. Garantizar justicia pronta y efectiva mediante el fortalecimiento de los equipos de investigaci\u00f3n y de las Unidades de Reacci\u00f3n Inmediata (URI), ser\u00e1 otro de los prop\u00f3sitos del Fiscal General.<\/p>\n<p>6. Priorizaci\u00f3n de casos. Desarrollar una estrategia litigiosa en la que las medidas privativas de la libertad y el descubrimiento del material probatorio no sean las \u00fanicas salidas para el \u00e9xito de los procesos.<\/p>\n<p>7. Lucha contra el narcotr\u00e1fico y las estructuras criminales. En palabras del fiscal Barbosa: <em>\u201cEl da\u00f1o que produce esa actividad lleva no solo a la destrucci\u00f3n del tejido social, sino produce un da\u00f1o ambiental sin igual. M\u00e1s de 200.000 hect\u00e1reas de cultivos de coca, lleva a ser imaginativos en la acci\u00f3n contra ese flagelo\u201d.<\/em><\/p>\n<p>8. Derechos de mujeres y minor\u00edas. Avanzar en el esclarecimiento de los cr\u00edmenes contra mujeres y los grupos de especial protecci\u00f3n ser\u00e1 un aspecto relevante. Al respecto, se\u00f1al\u00f3 el Fiscal General:<\/p>\n<p><em>\u201cNo tolerar\u00e9 el feminicidio, ni el trato discriminatorio contra nuestros pueblos ind\u00edgenas ancestrales\u201d.<\/em><\/p>\n<p>9. Relacionamiento interinstitucional. El doctor Francisco Barbosa Delgado manifest\u00f3 que mantendr\u00e1 relaciones arm\u00f3nicas y de m\u00e1xima colaboraci\u00f3n, en el marco de las competencias, con otras entidades y jurisdicciones como la Justicia Especial para la Paz (JEP).<\/p>\n<p>Estos ejes de gesti\u00f3n ser\u00e1n soportados con un proyecto de ley que la Fiscal\u00eda presentar\u00e1 ante el Congreso de la Rep\u00fablica en el primer semestre de 2020. La iniciativa buscar\u00e1 reestructurar la entidad y crear m\u00e1s capacidades t\u00e9cnicas investigativas y financieras que permitan avanzar en una mayor cobertura y disponibilidad en los territorios.<\/p>\n<div id=\"su_carousel_69f7147d539c6\" class=\"su-carousel su-carousel-centered su-carousel-pages-no su-carousel-responsive-yes su-lightbox-gallery\" style=\"width:100%\" data-autoplay=\"2000\" data-speed=\"400\" data-mousewheel=\"true\" data-items=\"3\" data-scroll=\"1\"><div class=\"su-carousel-slides\"><div class=\"su-carousel-slide\"><a href=\"https:\/\/www.fiscalia.gov.co\/colombia\/wp-content\/uploads\/GALERIA5.jpg\" target=\"_blank\" title=\"GALERIA5\"><img decoding=\"async\" src=\"https:\/\/www.fiscalia.gov.co\/colombia\/wp-content\/uploads\/GALERIA5-249x240.jpg\" alt=\"GALERIA5\" \/><\/a><\/div><div class=\"su-carousel-slide\"><a href=\"https:\/\/www.fiscalia.gov.co\/colombia\/wp-content\/uploads\/GALERIA3.jpg\" target=\"_blank\" title=\"GALERIA3\"><img decoding=\"async\" src=\"https:\/\/www.fiscalia.gov.co\/colombia\/wp-content\/uploads\/GALERIA3-249x240.jpg\" alt=\"GALERIA3\" \/><\/a><\/div><div class=\"su-carousel-slide\"><a href=\"https:\/\/www.fiscalia.gov.co\/colombia\/wp-content\/uploads\/GALERIA2.jpg\" target=\"_blank\" title=\"GALERIA2\"><img decoding=\"async\" src=\"https:\/\/www.fiscalia.gov.co\/colombia\/wp-content\/uploads\/GALERIA2-249x240.jpg\" alt=\"GALERIA2\" \/><\/a><\/div><div class=\"su-carousel-slide\"><a href=\"https:\/\/www.fiscalia.gov.co\/colombia\/wp-content\/uploads\/GALERIA1.jpg\" target=\"_blank\" title=\"GALERIA1\"><img decoding=\"async\" src=\"https:\/\/www.fiscalia.gov.co\/colombia\/wp-content\/uploads\/GALERIA1-249x240.jpg\" alt=\"GALERIA1\" \/><\/a><\/div><div class=\"su-carousel-slide\"><a href=\"https:\/\/www.fiscalia.gov.co\/colombia\/wp-content\/uploads\/GALERIA4.jpg\" target=\"_blank\" title=\"GALERIA4\"><img decoding=\"async\" src=\"https:\/\/www.fiscalia.gov.co\/colombia\/wp-content\/uploads\/GALERIA4-249x240.jpg\" alt=\"GALERIA4\" \/><\/a><\/div><div class=\"su-carousel-slide\"><a href=\"https:\/\/www.fiscalia.gov.co\/colombia\/wp-content\/uploads\/GALERIA6.jpg\" target=\"_blank\" title=\"GALERIA6\"><img decoding=\"async\" src=\"https:\/\/www.fiscalia.gov.co\/colombia\/wp-content\/uploads\/GALERIA6-249x240.jpg\" alt=\"GALERIA6\" \/><\/a><\/div><\/div><div class=\"su-carousel-nav\"><div class=\"su-carousel-direction\"><span class=\"su-carousel-prev\"><\/span><span class=\"su-carousel-next\"><\/span><\/div><div class=\"su-carousel-pagination\"><\/div><\/div><\/div>\n\n<div class=\"twitter-share\"><a href=\"https:\/\/twitter.com\/intent\/tweet?via=fiscaliacol\" class=\"twitter-share-button\">Tweet<\/a><\/div>\n","protected":false},"excerpt":{"rendered":"<p>El doctor Francisco Barbosa Delgado hizo una invitaci\u00f3n al Contralor General de la Rep\u00fablica y al Procurador General de la Naci\u00f3n para impulsar una inhabilidad temporal que evite pretensiones presidenciales mientras est\u00e1n en ejercicio de sus funciones. Luego de tomar posesi\u00f3n como Fiscal General de la Naci\u00f3n y se\u00f1alar que ser\u00e1 el \u201cfiscal de todos [&hellip;]<\/p>\n","protected":false},"author":162,"featured_media":0,"comment_status":"closed","ping_status":"open","sticky":false,"template":"","format":"video","meta":{"_price":"","_stock":"","_tribe_ticket_header":"","_tribe_default_ticket_provider":"","_tribe_ticket_capacity":"0","_ticket_start_date":"","_ticket_end_date":"","_tribe_ticket_show_description":"","_tribe_ticket_show_not_going":false,"_tribe_ticket_use_global_stock":"","_tribe_ticket_global_stock_level":"","_global_stock_mode":"","_global_stock_cap":"","_tribe_rsvp_for_event":"","_tribe_ticket_going_count":"","_tribe_ticket_not_going_count":"","_tribe_tickets_list":"[]","_tribe_ticket_has_attendee_info_fields":false,"tdm_status":"","tdm_grid_status":"","footnotes":""},"categories":[24096,1],"tags":[],"class_list":{"0":"post-189014","1":"post","2":"type-post","3":"status-publish","4":"format-video","6":"category-fiscal-general-de-la-nacion","7":"category-noticias","8":"post_format-post-format-video"},"yoast_head":"<!-- This site is optimized with the Yoast SEO plugin v24.3 - https:\/\/yoast.com\/wordpress\/plugins\/seo\/ -->\n<title>Fiscal\u00eda General de la Naci\u00f3n<\/title>\n<meta name=\"description\" content=\"P\u00e1gina oficial de la Fiscal\u00eda General de la Naci\u00f3n \u2013 Colombia. Garantizamos el acceso efectivo a la justicia, la verdad y la reparaci\u00f3n de las v\u00edctimas de los delitos.\" \/>\n<meta name=\"robots\" content=\"noindex, follow\" \/>\n<meta property=\"og:locale\" content=\"es_ES\" \/>\n<meta property=\"og:type\" content=\"article\" \/>\n<meta property=\"og:title\" content=\"Fiscal\u00eda General de la Naci\u00f3n\" \/>\n<meta property=\"og:description\" content=\"P\u00e1gina oficial de la Fiscal\u00eda General de la Naci\u00f3n \u2013 Colombia. Garantizamos el acceso efectivo a la justicia, la verdad y la reparaci\u00f3n de las v\u00edctimas de los delitos.\" \/>\n<meta property=\"og:url\" content=\"https:\/\/www.fiscalia.gov.co\/colombia\/noticias\/francisco-barbosa-delgado-tomo-posesion-como-fiscal-general-de-la-nacion\/\" \/>\n<meta property=\"og:site_name\" content=\"Fiscal\u00eda General de la Naci\u00f3n\" \/>\n<meta property=\"article:publisher\" content=\"https:\/\/www.facebook.com\/FiscaliaCol\" \/>\n<meta property=\"article:published_time\" content=\"2020-02-13T17:34:17+00:00\" \/>\n<meta property=\"article:modified_time\" content=\"2020-02-14T00:08:42+00:00\" \/>\n<meta name=\"author\" content=\"Direcci\u00f3n de Comunicaciones Fiscal\u00eda General de la Naci\u00f3n\" \/>\n<meta name=\"twitter:card\" content=\"summary_large_image\" \/>\n<meta name=\"twitter:creator\" content=\"@FiscaliaCol\" \/>\n<meta name=\"twitter:site\" content=\"@FiscaliaCol\" \/>\n<meta name=\"twitter:label1\" content=\"Escrito por\" \/>\n\t<meta name=\"twitter:data1\" content=\"Direcci\u00f3n de Comunicaciones Fiscal\u00eda General de la Naci\u00f3n\" \/>\n\t<meta name=\"twitter:label2\" content=\"Tiempo de lectura\" \/>\n\t<meta name=\"twitter:data2\" content=\"4 minutos\" \/>\n<script type=\"application\/ld+json\" class=\"yoast-schema-graph\">{\"@context\":\"https:\/\/schema.org\",\"@graph\":[{\"@type\":\"Article\",\"@id\":\"https:\/\/www.fiscalia.gov.co\/colombia\/noticias\/francisco-barbosa-delgado-tomo-posesion-como-fiscal-general-de-la-nacion\/#article\",\"isPartOf\":{\"@id\":\"https:\/\/www.fiscalia.gov.co\/colombia\/noticias\/francisco-barbosa-delgado-tomo-posesion-como-fiscal-general-de-la-nacion\/\"},\"author\":{\"name\":\"Direcci\u00f3n de Comunicaciones Fiscal\u00eda General de la Naci\u00f3n\",\"@id\":\"https:\/\/www.fiscalia.gov.co\/colombia\/#\/schema\/person\/bf28d8ae7f1b287bbe3af484b04f43ea\"},\"headline\":\"Francisco Barbosa Delgado tom\u00f3 posesi\u00f3n como Fiscal General de la Naci\u00f3n\",\"datePublished\":\"2020-02-13T17:34:17+00:00\",\"dateModified\":\"2020-02-14T00:08:42+00:00\",\"mainEntityOfPage\":{\"@id\":\"https:\/\/www.fiscalia.gov.co\/colombia\/noticias\/francisco-barbosa-delgado-tomo-posesion-como-fiscal-general-de-la-nacion\/\"},\"wordCount\":778,\"publisher\":{\"@id\":\"https:\/\/www.fiscalia.gov.co\/colombia\/#organization\"},\"articleSection\":[\"Fiscal General de la Naci\u00f3n\",\"Noticias\"],\"inLanguage\":\"es-CO\"},{\"@type\":\"WebPage\",\"@id\":\"https:\/\/www.fiscalia.gov.co\/colombia\/noticias\/francisco-barbosa-delgado-tomo-posesion-como-fiscal-general-de-la-nacion\/\",\"url\":\"https:\/\/www.fiscalia.gov.co\/colombia\/noticias\/francisco-barbosa-delgado-tomo-posesion-como-fiscal-general-de-la-nacion\/\",\"name\":\"Fiscal\u00eda General de la Naci\u00f3n\",\"isPartOf\":{\"@id\":\"https:\/\/www.fiscalia.gov.co\/colombia\/#website\"},\"datePublished\":\"2020-02-13T17:34:17+00:00\",\"dateModified\":\"2020-02-14T00:08:42+00:00\",\"description\":\"P\u00e1gina oficial de la Fiscal\u00eda General de la Naci\u00f3n \u2013 Colombia. Garantizamos el acceso efectivo a la justicia, la verdad y la reparaci\u00f3n de las v\u00edctimas de los delitos.\",\"breadcrumb\":{\"@id\":\"https:\/\/www.fiscalia.gov.co\/colombia\/noticias\/francisco-barbosa-delgado-tomo-posesion-como-fiscal-general-de-la-nacion\/#breadcrumb\"},\"inLanguage\":\"es-CO\",\"potentialAction\":[{\"@type\":\"ReadAction\",\"target\":[\"https:\/\/www.fiscalia.gov.co\/colombia\/noticias\/francisco-barbosa-delgado-tomo-posesion-como-fiscal-general-de-la-nacion\/\"]}]},{\"@type\":\"BreadcrumbList\",\"@id\":\"https:\/\/www.fiscalia.gov.co\/colombia\/noticias\/francisco-barbosa-delgado-tomo-posesion-como-fiscal-general-de-la-nacion\/#breadcrumb\",\"itemListElement\":[{\"@type\":\"ListItem\",\"position\":1,\"name\":\"Home\",\"item\":\"https:\/\/www.fiscalia.gov.co\/colombia\/\"},{\"@type\":\"ListItem\",\"position\":2,\"name\":\"Francisco Barbosa Delgado tom\u00f3 posesi\u00f3n como Fiscal General de la Naci\u00f3n\"}]},{\"@type\":\"WebSite\",\"@id\":\"https:\/\/www.fiscalia.gov.co\/colombia\/#website\",\"url\":\"https:\/\/www.fiscalia.gov.co\/colombia\/\",\"name\":\"Fiscal\u00eda General de la Naci\u00f3n\",\"description\":\"P\u00e1gina oficial de la Fiscal\u00eda General de la Naci\u00f3n \u2013 Colombia. Garantizamos el acceso efectivo a la justicia, la verdad y la reparaci\u00f3n de las v\u00edctimas de los delitos.\",\"publisher\":{\"@id\":\"https:\/\/www.fiscalia.gov.co\/colombia\/#organization\"},\"potentialAction\":[{\"@type\":\"SearchAction\",\"target\":{\"@type\":\"EntryPoint\",\"urlTemplate\":\"https:\/\/www.fiscalia.gov.co\/colombia\/?s={search_term_string}\"},\"query-input\":{\"@type\":\"PropertyValueSpecification\",\"valueRequired\":true,\"valueName\":\"search_term_string\"}}],\"inLanguage\":\"es-CO\"},{\"@type\":\"Organization\",\"@id\":\"https:\/\/www.fiscalia.gov.co\/colombia\/#organization\",\"name\":\"Fiscal\u00eda General de la Naci\u00f3n\",\"url\":\"https:\/\/www.fiscalia.gov.co\/colombia\/\",\"logo\":{\"@type\":\"ImageObject\",\"inLanguage\":\"es-CO\",\"@id\":\"https:\/\/www.fiscalia.gov.co\/colombia\/#\/schema\/logo\/image\/\",\"url\":\"https:\/\/www.fiscalia.gov.co\/colombia\/wp-content\/uploads\/LogoHorizontal_1.jpg\",\"contentUrl\":\"https:\/\/www.fiscalia.gov.co\/colombia\/wp-content\/uploads\/LogoHorizontal_1.jpg\",\"width\":300,\"height\":90,\"caption\":\"Fiscal\u00eda General de la Naci\u00f3n\"},\"image\":{\"@id\":\"https:\/\/www.fiscalia.gov.co\/colombia\/#\/schema\/logo\/image\/\"},\"sameAs\":[\"https:\/\/www.facebook.com\/FiscaliaCol\",\"https:\/\/x.com\/FiscaliaCol\",\"https:\/\/www.instagram.com\/fiscaliacol\",\"https:\/\/www.linkedin.com\/company\/fiscalia-general-de-la-naci-n\/\",\"https:\/\/youtube.com\/@fiscaliageneraldelanacion-4668?si=6nN79nyQICPU5iTh\"]},{\"@type\":\"Person\",\"@id\":\"https:\/\/www.fiscalia.gov.co\/colombia\/#\/schema\/person\/bf28d8ae7f1b287bbe3af484b04f43ea\",\"name\":\"Direcci\u00f3n de Comunicaciones Fiscal\u00eda General de la Naci\u00f3n\",\"image\":{\"@type\":\"ImageObject\",\"inLanguage\":\"es-CO\",\"@id\":\"https:\/\/www.fiscalia.gov.co\/colombia\/#\/schema\/person\/image\/\",\"url\":\"https:\/\/secure.gravatar.com\/avatar\/9d55ae161d32da16dbdd0b380c080a5f?s=96&d=mm&r=g\",\"contentUrl\":\"https:\/\/secure.gravatar.com\/avatar\/9d55ae161d32da16dbdd0b380c080a5f?s=96&d=mm&r=g\",\"caption\":\"Direcci\u00f3n de Comunicaciones Fiscal\u00eda General de la Naci\u00f3n\"},\"url\":\"https:\/\/www.fiscalia.gov.co\/colombia\/author\/kbonilla\/\"}]}<\/script>\n<!-- \/ Yoast SEO plugin. -->","yoast_head_json":{"title":"Fiscal\u00eda General de la Naci\u00f3n","description":"P\u00e1gina oficial de la Fiscal\u00eda General de la Naci\u00f3n \u2013 Colombia. Garantizamos el acceso efectivo a la justicia, la verdad y la reparaci\u00f3n de las v\u00edctimas de los delitos.","robots":{"index":"noindex","follow":"follow"},"og_locale":"es_ES","og_type":"article","og_title":"Fiscal\u00eda General de la Naci\u00f3n","og_description":"P\u00e1gina oficial de la Fiscal\u00eda General de la Naci\u00f3n \u2013 Colombia. Garantizamos el acceso efectivo a la justicia, la verdad y la reparaci\u00f3n de las v\u00edctimas de los delitos.","og_url":"https:\/\/www.fiscalia.gov.co\/colombia\/noticias\/francisco-barbosa-delgado-tomo-posesion-como-fiscal-general-de-la-nacion\/","og_site_name":"Fiscal\u00eda General de la Naci\u00f3n","article_publisher":"https:\/\/www.facebook.com\/FiscaliaCol","article_published_time":"2020-02-13T17:34:17+00:00","article_modified_time":"2020-02-14T00:08:42+00:00","author":"Direcci\u00f3n de Comunicaciones Fiscal\u00eda General de la Naci\u00f3n","twitter_card":"summary_large_image","twitter_creator":"@FiscaliaCol","twitter_site":"@FiscaliaCol","twitter_misc":{"Escrito por":"Direcci\u00f3n de Comunicaciones Fiscal\u00eda General de la Naci\u00f3n","Tiempo de lectura":"4 minutos"},"schema":{"@context":"https:\/\/schema.org","@graph":[{"@type":"Article","@id":"https:\/\/www.fiscalia.gov.co\/colombia\/noticias\/francisco-barbosa-delgado-tomo-posesion-como-fiscal-general-de-la-nacion\/#article","isPartOf":{"@id":"https:\/\/www.fiscalia.gov.co\/colombia\/noticias\/francisco-barbosa-delgado-tomo-posesion-como-fiscal-general-de-la-nacion\/"},"author":{"name":"Direcci\u00f3n de Comunicaciones Fiscal\u00eda General de la Naci\u00f3n","@id":"https:\/\/www.fiscalia.gov.co\/colombia\/#\/schema\/person\/bf28d8ae7f1b287bbe3af484b04f43ea"},"headline":"Francisco Barbosa Delgado tom\u00f3 posesi\u00f3n como Fiscal General de la Naci\u00f3n","datePublished":"2020-02-13T17:34:17+00:00","dateModified":"2020-02-14T00:08:42+00:00","mainEntityOfPage":{"@id":"https:\/\/www.fiscalia.gov.co\/colombia\/noticias\/francisco-barbosa-delgado-tomo-posesion-como-fiscal-general-de-la-nacion\/"},"wordCount":778,"publisher":{"@id":"https:\/\/www.fiscalia.gov.co\/colombia\/#organization"},"articleSection":["Fiscal General de la Naci\u00f3n","Noticias"],"inLanguage":"es-CO"},{"@type":"WebPage","@id":"https:\/\/www.fiscalia.gov.co\/colombia\/noticias\/francisco-barbosa-delgado-tomo-posesion-como-fiscal-general-de-la-nacion\/","url":"https:\/\/www.fiscalia.gov.co\/colombia\/noticias\/francisco-barbosa-delgado-tomo-posesion-como-fiscal-general-de-la-nacion\/","name":"Fiscal\u00eda General de la Naci\u00f3n","isPartOf":{"@id":"https:\/\/www.fiscalia.gov.co\/colombia\/#website"},"datePublished":"2020-02-13T17:34:17+00:00","dateModified":"2020-02-14T00:08:42+00:00","description":"P\u00e1gina oficial de la Fiscal\u00eda General de la Naci\u00f3n \u2013 Colombia. Garantizamos el acceso efectivo a la justicia, la verdad y la reparaci\u00f3n de las v\u00edctimas de los delitos.","breadcrumb":{"@id":"https:\/\/www.fiscalia.gov.co\/colombia\/noticias\/francisco-barbosa-delgado-tomo-posesion-como-fiscal-general-de-la-nacion\/#breadcrumb"},"inLanguage":"es-CO","potentialAction":[{"@type":"ReadAction","target":["https:\/\/www.fiscalia.gov.co\/colombia\/noticias\/francisco-barbosa-delgado-tomo-posesion-como-fiscal-general-de-la-nacion\/"]}]},{"@type":"BreadcrumbList","@id":"https:\/\/www.fiscalia.gov.co\/colombia\/noticias\/francisco-barbosa-delgado-tomo-posesion-como-fiscal-general-de-la-nacion\/#breadcrumb","itemListElement":[{"@type":"ListItem","position":1,"name":"Home","item":"https:\/\/www.fiscalia.gov.co\/colombia\/"},{"@type":"ListItem","position":2,"name":"Francisco Barbosa Delgado tom\u00f3 posesi\u00f3n como Fiscal General de la Naci\u00f3n"}]},{"@type":"WebSite","@id":"https:\/\/www.fiscalia.gov.co\/colombia\/#website","url":"https:\/\/www.fiscalia.gov.co\/colombia\/","name":"Fiscal\u00eda General de la Naci\u00f3n","description":"P\u00e1gina oficial de la Fiscal\u00eda General de la Naci\u00f3n \u2013 Colombia. Garantizamos el acceso efectivo a la justicia, la verdad y la reparaci\u00f3n de las v\u00edctimas de los delitos.","publisher":{"@id":"https:\/\/www.fiscalia.gov.co\/colombia\/#organization"},"potentialAction":[{"@type":"SearchAction","target":{"@type":"EntryPoint","urlTemplate":"https:\/\/www.fiscalia.gov.co\/colombia\/?s={search_term_string}"},"query-input":{"@type":"PropertyValueSpecification","valueRequired":true,"valueName":"search_term_string"}}],"inLanguage":"es-CO"},{"@type":"Organization","@id":"https:\/\/www.fiscalia.gov.co\/colombia\/#organization","name":"Fiscal\u00eda General de la Naci\u00f3n","url":"https:\/\/www.fiscalia.gov.co\/colombia\/","logo":{"@type":"ImageObject","inLanguage":"es-CO","@id":"https:\/\/www.fiscalia.gov.co\/colombia\/#\/schema\/logo\/image\/","url":"https:\/\/www.fiscalia.gov.co\/colombia\/wp-content\/uploads\/LogoHorizontal_1.jpg","contentUrl":"https:\/\/www.fiscalia.gov.co\/colombia\/wp-content\/uploads\/LogoHorizontal_1.jpg","width":300,"height":90,"caption":"Fiscal\u00eda General de la Naci\u00f3n"},"image":{"@id":"https:\/\/www.fiscalia.gov.co\/colombia\/#\/schema\/logo\/image\/"},"sameAs":["https:\/\/www.facebook.com\/FiscaliaCol","https:\/\/x.com\/FiscaliaCol","https:\/\/www.instagram.com\/fiscaliacol","https:\/\/www.linkedin.com\/company\/fiscalia-general-de-la-naci-n\/","https:\/\/youtube.com\/@fiscaliageneraldelanacion-4668?si=6nN79nyQICPU5iTh"]},{"@type":"Person","@id":"https:\/\/www.fiscalia.gov.co\/colombia\/#\/schema\/person\/bf28d8ae7f1b287bbe3af484b04f43ea","name":"Direcci\u00f3n de Comunicaciones Fiscal\u00eda General de la Naci\u00f3n","image":{"@type":"ImageObject","inLanguage":"es-CO","@id":"https:\/\/www.fiscalia.gov.co\/colombia\/#\/schema\/person\/image\/","url":"https:\/\/secure.gravatar.com\/avatar\/9d55ae161d32da16dbdd0b380c080a5f?s=96&d=mm&r=g","contentUrl":"https:\/\/secure.gravatar.com\/avatar\/9d55ae161d32da16dbdd0b380c080a5f?s=96&d=mm&r=g","caption":"Direcci\u00f3n de Comunicaciones Fiscal\u00eda General de la Naci\u00f3n"},"url":"https:\/\/www.fiscalia.gov.co\/colombia\/author\/kbonilla\/"}]}},"_links":{"self":[{"href":"https:\/\/www.fiscalia.gov.co\/colombia\/wp-json\/wp\/v2\/posts\/189014","targetHints":{"allow":["GET"]}}],"collection":[{"href":"https:\/\/www.fiscalia.gov.co\/colombia\/wp-json\/wp\/v2\/posts"}],"about":[{"href":"https:\/\/www.fiscalia.gov.co\/colombia\/wp-json\/wp\/v2\/types\/post"}],"author":[{"embeddable":true,"href":"https:\/\/www.fiscalia.gov.co\/colombia\/wp-json\/wp\/v2\/users\/162"}],"replies":[{"embeddable":true,"href":"https:\/\/www.fiscalia.gov.co\/colombia\/wp-json\/wp\/v2\/comments?post=189014"}],"version-history":[{"count":5,"href":"https:\/\/www.fiscalia.gov.co\/colombia\/wp-json\/wp\/v2\/posts\/189014\/revisions"}],"predecessor-version":[{"id":189083,"href":"https:\/\/www.fiscalia.gov.co\/colombia\/wp-json\/wp\/v2\/posts\/189014\/revisions\/189083"}],"wp:attachment":[{"href":"https:\/\/www.fiscalia.gov.co\/colombia\/wp-json\/wp\/v2\/media?parent=189014"}],"wp:term":[{"taxonomy":"category","embeddable":true,"href":"https:\/\/www.fiscalia.gov.co\/colombia\/wp-json\/wp\/v2\/categories?post=189014"},{"taxonomy":"post_tag","embeddable":true,"href":"https:\/\/www.fiscalia.gov.co\/colombia\/wp-json\/wp\/v2\/tags?post=189014"}],"curies":[{"name":"wp","href":"https:\/\/api.w.org\/{rel}","templated":true}]}}