{"id":188984,"date":"2020-02-12T11:56:58","date_gmt":"2020-02-12T16:56:58","guid":{"rendered":"https:\/\/www.fiscalia.gov.co\/colombia\/?p=188984"},"modified":"2020-02-12T11:56:58","modified_gmt":"2020-02-12T16:56:58","slug":"detencion-domiciliaria-para-concejal-de-san-vicente-del-caguan-caqueta-por-presunta-extorsion-a-nombre-de-un-grupo-armado-residual","status":"publish","type":"post","link":"https:\/\/www.fiscalia.gov.co\/colombia\/seccionales\/detencion-domiciliaria-para-concejal-de-san-vicente-del-caguan-caqueta-por-presunta-extorsion-a-nombre-de-un-grupo-armado-residual\/","title":{"rendered":"Detenci\u00f3n domiciliaria para concejal de San Vicente del Cagu\u00e1n (Caquet\u00e1) por presunta extorsi\u00f3n a nombre de un grupo armado residual"},"content":{"rendered":"<blockquote class=\"td_quote_box td_box_center\">\n<h4><strong>La Fiscal\u00eda cuenta con entrevistas, declaraciones juradas, resultados de interceptaciones telef\u00f3nicas, informes de inteligencia, entre otros elementos que llevar\u00edan a demostrar su participaci\u00f3n en la actividad delictiva.<\/strong><\/h4>\n<\/blockquote>\n<p>Jos\u00e9 Iv\u00e1n Suaza Guti\u00e9rrez, concejal del municipio caquete\u00f1o de San Vicente del Cagu\u00e1n, fue cobijado anoche con medida de aseguramiento en su domicilio, por decisi\u00f3n del Juzgado Promiscuo Municipal de esa ciudad, por el delito de <strong>extorsi\u00f3n agravada tentada.<\/strong><\/p>\n<p>Presuntamente fueron v\u00edctimas 5 personas, a quienes les habr\u00edan pedido millonarias sumas de dinero v\u00eda telef\u00f3nica o mensaje de texto, a cambio de no atentar contra sus vidas, sus familias o afectar sus patrimonios.<\/p>\n<p>La investigaci\u00f3n se deriva de una denuncia interpuesta el 31 de enero de 2018, en la que un ciudadano aseguraba ser v\u00edctima de extorsiones por alias Calarc\u00e1, mando medio de Gentil Duarte, y quien al parecer lidera el <strong>Gaor 40<\/strong> (Grupo Armado Residual) en la zona norte de Caquet\u00e1.<\/p>\n<p>A su vez, el ente acusador empez\u00f3 a recibir otras denuncias de comerciantes e ingenieros que se encontraban en la zona trabajando para multinacionales, petroleras y otras empresas, a quienes <strong>les hac\u00edan exigencias entre $100.000.000 y $300.000.000 bajo fuertes amenazas.<\/strong><\/p>\n<p>En desarrollo de las labores investigativas por parte de la polic\u00eda judicial, se conoci\u00f3 mediante fuentes no formales, que una persona del Concejo de esa localidad, conocida como alias Rojo o Iv\u00e1n Suaza, estar\u00eda participando en esa actividad delictiva.<\/p>\n<p>Fue as\u00ed como informes de inteligencia de las Fuerzas Militares lograron establecer la probable vinculaci\u00f3n del concejal con la citada estructura criminal; esto teniendo en cuenta que fueron interceptadas varias l\u00edneas telef\u00f3nicas que aportaron las personas afectadas, descubriendo que una de ellas estaba a nombre del procesado.<\/p>\n<p>De igual manera, a trav\u00e9s de una prueba t\u00e9cnica se logr\u00f3 constatar que el equipo celular con IMEI asignado al n\u00famero personal de Suaza Guti\u00e9rrez, era utilizado para insertar varias Sim Card, y as\u00ed enviar mensajes y llamadas extorsivas desde n\u00fameros diferentes.<\/p>\n<p>En una de las llamadas interceptadas se logr\u00f3 identificar al concejal, cuando al parecer sosten\u00eda una conversaci\u00f3n con otra persona a quien le est\u00e1 pidiendo informaci\u00f3n personal y detallada de la que ser\u00eda una posible v\u00edctima.<\/p>\n<p><strong>Su captura<\/strong><\/p>\n<p>El cabildante fue detenido en horas de la tarde de este lunes 10 de febrero en la vereda Campo Alegre del municipio en menci\u00f3n, por servidores del Gaula de la Polic\u00eda con el apoyo del Ej\u00e9rcito Nacional.<\/p>\n<p>En audiencias concentradas realizadas hasta la medianoche de ayer 11 de febrero, <strong>no acept\u00f3 los cargos imputados<\/strong> por el ente acusador y, pese a que se cumpl\u00edan los requisitos objetivos y subjetivos para la imposici\u00f3n de la medida de aseguramiento en centro carcelario, el juez se abstuvo al considerar que por ser una figura p\u00fablica, tener arraigo y porque <strong>d\u00edas atr\u00e1s hab\u00eda enviado un oficio al ente acusador manifestando su inter\u00e9s de colaborar con la justicia<\/strong>, deb\u00eda concederle el beneficio de casa por c\u00e1rcel.<\/p>\n<p>La Fiscal\u00eda hace p\u00fablica esta informaci\u00f3n por razones de inter\u00e9s general.<\/p>\n<p>&nbsp;<\/p>\n<p>PAAM\/DLBM<\/p>\n\n<div class=\"twitter-share\"><a href=\"https:\/\/twitter.com\/intent\/tweet?via=fiscaliacol\" class=\"twitter-share-button\">Tweet<\/a><\/div>\n","protected":false},"excerpt":{"rendered":"<p>La Fiscal\u00eda cuenta con entrevistas, declaraciones juradas, resultados de interceptaciones telef\u00f3nicas, informes de inteligencia, entre otros elementos que llevar\u00edan a demostrar su participaci\u00f3n en la actividad delictiva. Jos\u00e9 Iv\u00e1n Suaza [&hellip;]<\/p>\n","protected":false},"author":162,"featured_media":0,"comment_status":"closed","ping_status":"open","sticky":false,"template":"","format":"standard","meta":{"tdm_status":"","tdm_grid_status":"","footnotes":""},"categories":[328,303,24099],"tags":[],"class_list":["post-188984","post","type-post","status-publish","format-standard","category-seccional-florencia","category-seccionales","category-seguridad-territorial"],"yoast_head":"<!-- This site is optimized with the Yoast SEO plugin v24.3 - https:\/\/yoast.com\/wordpress\/plugins\/seo\/ -->\n<title>Fiscal\u00eda General de la Naci\u00f3n<\/title>\n<meta name=\"description\" content=\"P\u00e1gina oficial de la Fiscal\u00eda General de la Naci\u00f3n \u2013 Colombia. Garantizamos el acceso efectivo a la justicia, la verdad y la reparaci\u00f3n de las v\u00edctimas de los delitos.\" \/>\n<meta name=\"robots\" content=\"noindex, follow\" \/>\n<meta property=\"og:locale\" content=\"es_ES\" \/>\n<meta property=\"og:type\" content=\"article\" \/>\n<meta property=\"og:title\" content=\"Fiscal\u00eda General de la Naci\u00f3n\" \/>\n<meta property=\"og:description\" content=\"P\u00e1gina oficial de la Fiscal\u00eda General de la Naci\u00f3n \u2013 Colombia. Garantizamos el acceso efectivo a la justicia, la verdad y la reparaci\u00f3n de las v\u00edctimas de los delitos.\" \/>\n<meta property=\"og:url\" content=\"https:\/\/www.fiscalia.gov.co\/colombia\/seccionales\/detencion-domiciliaria-para-concejal-de-san-vicente-del-caguan-caqueta-por-presunta-extorsion-a-nombre-de-un-grupo-armado-residual\/\" \/>\n<meta property=\"og:site_name\" content=\"Fiscal\u00eda General de la Naci\u00f3n\" \/>\n<meta property=\"article:publisher\" content=\"https:\/\/www.facebook.com\/FiscaliaCol\" \/>\n<meta property=\"article:published_time\" content=\"2020-02-12T16:56:58+00:00\" \/>\n<meta name=\"author\" content=\"Direcci\u00f3n de Comunicaciones Fiscal\u00eda General de la Naci\u00f3n\" \/>\n<meta name=\"twitter:card\" content=\"summary_large_image\" \/>\n<meta name=\"twitter:creator\" content=\"@FiscaliaCol\" \/>\n<meta name=\"twitter:site\" content=\"@FiscaliaCol\" \/>\n<meta name=\"twitter:label1\" content=\"Escrito por\" \/>\n\t<meta name=\"twitter:data1\" content=\"Direcci\u00f3n de Comunicaciones Fiscal\u00eda General de la Naci\u00f3n\" \/>\n\t<meta name=\"twitter:label2\" content=\"Tiempo de lectura\" \/>\n\t<meta name=\"twitter:data2\" content=\"3 minutos\" \/>\n<script type=\"application\/ld+json\" class=\"yoast-schema-graph\">{\"@context\":\"https:\/\/schema.org\",\"@graph\":[{\"@type\":\"Article\",\"@id\":\"https:\/\/www.fiscalia.gov.co\/colombia\/seccionales\/detencion-domiciliaria-para-concejal-de-san-vicente-del-caguan-caqueta-por-presunta-extorsion-a-nombre-de-un-grupo-armado-residual\/#article\",\"isPartOf\":{\"@id\":\"https:\/\/www.fiscalia.gov.co\/colombia\/seccionales\/detencion-domiciliaria-para-concejal-de-san-vicente-del-caguan-caqueta-por-presunta-extorsion-a-nombre-de-un-grupo-armado-residual\/\"},\"author\":{\"name\":\"Direcci\u00f3n de Comunicaciones Fiscal\u00eda General de la Naci\u00f3n\",\"@id\":\"https:\/\/www.fiscalia.gov.co\/colombia\/#\/schema\/person\/bf28d8ae7f1b287bbe3af484b04f43ea\"},\"headline\":\"Detenci\u00f3n domiciliaria para concejal de San Vicente del Cagu\u00e1n (Caquet\u00e1) por presunta extorsi\u00f3n a nombre de un grupo armado residual\",\"datePublished\":\"2020-02-12T16:56:58+00:00\",\"dateModified\":\"2020-02-12T16:56:58+00:00\",\"mainEntityOfPage\":{\"@id\":\"https:\/\/www.fiscalia.gov.co\/colombia\/seccionales\/detencion-domiciliaria-para-concejal-de-san-vicente-del-caguan-caqueta-por-presunta-extorsion-a-nombre-de-un-grupo-armado-residual\/\"},\"wordCount\":554,\"publisher\":{\"@id\":\"https:\/\/www.fiscalia.gov.co\/colombia\/#organization\"},\"articleSection\":[\"Seccional Florencia\",\"Seccionales\",\"Seguridad territorial\"],\"inLanguage\":\"es-CO\"},{\"@type\":\"WebPage\",\"@id\":\"https:\/\/www.fiscalia.gov.co\/colombia\/seccionales\/detencion-domiciliaria-para-concejal-de-san-vicente-del-caguan-caqueta-por-presunta-extorsion-a-nombre-de-un-grupo-armado-residual\/\",\"url\":\"https:\/\/www.fiscalia.gov.co\/colombia\/seccionales\/detencion-domiciliaria-para-concejal-de-san-vicente-del-caguan-caqueta-por-presunta-extorsion-a-nombre-de-un-grupo-armado-residual\/\",\"name\":\"Fiscal\u00eda General de la Naci\u00f3n\",\"isPartOf\":{\"@id\":\"https:\/\/www.fiscalia.gov.co\/colombia\/#website\"},\"datePublished\":\"2020-02-12T16:56:58+00:00\",\"dateModified\":\"2020-02-12T16:56:58+00:00\",\"description\":\"P\u00e1gina oficial de la Fiscal\u00eda General de la Naci\u00f3n \u2013 Colombia. Garantizamos el acceso efectivo a la justicia, la verdad y la reparaci\u00f3n de las v\u00edctimas de los delitos.\",\"breadcrumb\":{\"@id\":\"https:\/\/www.fiscalia.gov.co\/colombia\/seccionales\/detencion-domiciliaria-para-concejal-de-san-vicente-del-caguan-caqueta-por-presunta-extorsion-a-nombre-de-un-grupo-armado-residual\/#breadcrumb\"},\"inLanguage\":\"es-CO\",\"potentialAction\":[{\"@type\":\"ReadAction\",\"target\":[\"https:\/\/www.fiscalia.gov.co\/colombia\/seccionales\/detencion-domiciliaria-para-concejal-de-san-vicente-del-caguan-caqueta-por-presunta-extorsion-a-nombre-de-un-grupo-armado-residual\/\"]}]},{\"@type\":\"BreadcrumbList\",\"@id\":\"https:\/\/www.fiscalia.gov.co\/colombia\/seccionales\/detencion-domiciliaria-para-concejal-de-san-vicente-del-caguan-caqueta-por-presunta-extorsion-a-nombre-de-un-grupo-armado-residual\/#breadcrumb\",\"itemListElement\":[{\"@type\":\"ListItem\",\"position\":1,\"name\":\"Home\",\"item\":\"https:\/\/www.fiscalia.gov.co\/colombia\/\"},{\"@type\":\"ListItem\",\"position\":2,\"name\":\"Detenci\u00f3n domiciliaria para concejal de San Vicente del Cagu\u00e1n (Caquet\u00e1) por presunta extorsi\u00f3n a nombre de un grupo armado residual\"}]},{\"@type\":\"WebSite\",\"@id\":\"https:\/\/www.fiscalia.gov.co\/colombia\/#website\",\"url\":\"https:\/\/www.fiscalia.gov.co\/colombia\/\",\"name\":\"Fiscal\u00eda General de la Naci\u00f3n\",\"description\":\"P\u00e1gina oficial de la Fiscal\u00eda General de la Naci\u00f3n \u2013 Colombia. Garantizamos el acceso efectivo a la justicia, la verdad y la reparaci\u00f3n de las v\u00edctimas de los delitos.\",\"publisher\":{\"@id\":\"https:\/\/www.fiscalia.gov.co\/colombia\/#organization\"},\"potentialAction\":[{\"@type\":\"SearchAction\",\"target\":{\"@type\":\"EntryPoint\",\"urlTemplate\":\"https:\/\/www.fiscalia.gov.co\/colombia\/?s={search_term_string}\"},\"query-input\":{\"@type\":\"PropertyValueSpecification\",\"valueRequired\":true,\"valueName\":\"search_term_string\"}}],\"inLanguage\":\"es-CO\"},{\"@type\":\"Organization\",\"@id\":\"https:\/\/www.fiscalia.gov.co\/colombia\/#organization\",\"name\":\"Fiscal\u00eda General de la Naci\u00f3n\",\"url\":\"https:\/\/www.fiscalia.gov.co\/colombia\/\",\"logo\":{\"@type\":\"ImageObject\",\"inLanguage\":\"es-CO\",\"@id\":\"https:\/\/www.fiscalia.gov.co\/colombia\/#\/schema\/logo\/image\/\",\"url\":\"https:\/\/www.fiscalia.gov.co\/colombia\/wp-content\/uploads\/LogoHorizontal_1.jpg\",\"contentUrl\":\"https:\/\/www.fiscalia.gov.co\/colombia\/wp-content\/uploads\/LogoHorizontal_1.jpg\",\"width\":300,\"height\":90,\"caption\":\"Fiscal\u00eda General de la Naci\u00f3n\"},\"image\":{\"@id\":\"https:\/\/www.fiscalia.gov.co\/colombia\/#\/schema\/logo\/image\/\"},\"sameAs\":[\"https:\/\/www.facebook.com\/FiscaliaCol\",\"https:\/\/x.com\/FiscaliaCol\",\"https:\/\/www.instagram.com\/fiscaliacol\",\"https:\/\/www.linkedin.com\/company\/fiscalia-general-de-la-naci-n\/\",\"https:\/\/youtube.com\/@fiscaliageneraldelanacion-4668?si=6nN79nyQICPU5iTh\"]},{\"@type\":\"Person\",\"@id\":\"https:\/\/www.fiscalia.gov.co\/colombia\/#\/schema\/person\/bf28d8ae7f1b287bbe3af484b04f43ea\",\"name\":\"Direcci\u00f3n de Comunicaciones Fiscal\u00eda General de la Naci\u00f3n\",\"image\":{\"@type\":\"ImageObject\",\"inLanguage\":\"es-CO\",\"@id\":\"https:\/\/www.fiscalia.gov.co\/colombia\/#\/schema\/person\/image\/\",\"url\":\"https:\/\/secure.gravatar.com\/avatar\/9d55ae161d32da16dbdd0b380c080a5f?s=96&d=mm&r=g\",\"contentUrl\":\"https:\/\/secure.gravatar.com\/avatar\/9d55ae161d32da16dbdd0b380c080a5f?s=96&d=mm&r=g\",\"caption\":\"Direcci\u00f3n de Comunicaciones Fiscal\u00eda General de la Naci\u00f3n\"},\"url\":\"https:\/\/www.fiscalia.gov.co\/colombia\/author\/kbonilla\/\"}]}<\/script>\n<!-- \/ Yoast SEO plugin. -->","yoast_head_json":{"title":"Fiscal\u00eda General de la Naci\u00f3n","description":"P\u00e1gina oficial de la Fiscal\u00eda General de la Naci\u00f3n \u2013 Colombia. Garantizamos el acceso efectivo a la justicia, la verdad y la reparaci\u00f3n de las v\u00edctimas de los delitos.","robots":{"index":"noindex","follow":"follow"},"og_locale":"es_ES","og_type":"article","og_title":"Fiscal\u00eda General de la Naci\u00f3n","og_description":"P\u00e1gina oficial de la Fiscal\u00eda General de la Naci\u00f3n \u2013 Colombia. Garantizamos el acceso efectivo a la justicia, la verdad y la reparaci\u00f3n de las v\u00edctimas de los delitos.","og_url":"https:\/\/www.fiscalia.gov.co\/colombia\/seccionales\/detencion-domiciliaria-para-concejal-de-san-vicente-del-caguan-caqueta-por-presunta-extorsion-a-nombre-de-un-grupo-armado-residual\/","og_site_name":"Fiscal\u00eda General de la Naci\u00f3n","article_publisher":"https:\/\/www.facebook.com\/FiscaliaCol","article_published_time":"2020-02-12T16:56:58+00:00","author":"Direcci\u00f3n de Comunicaciones Fiscal\u00eda General de la Naci\u00f3n","twitter_card":"summary_large_image","twitter_creator":"@FiscaliaCol","twitter_site":"@FiscaliaCol","twitter_misc":{"Escrito por":"Direcci\u00f3n de Comunicaciones Fiscal\u00eda General de la Naci\u00f3n","Tiempo de lectura":"3 minutos"},"schema":{"@context":"https:\/\/schema.org","@graph":[{"@type":"Article","@id":"https:\/\/www.fiscalia.gov.co\/colombia\/seccionales\/detencion-domiciliaria-para-concejal-de-san-vicente-del-caguan-caqueta-por-presunta-extorsion-a-nombre-de-un-grupo-armado-residual\/#article","isPartOf":{"@id":"https:\/\/www.fiscalia.gov.co\/colombia\/seccionales\/detencion-domiciliaria-para-concejal-de-san-vicente-del-caguan-caqueta-por-presunta-extorsion-a-nombre-de-un-grupo-armado-residual\/"},"author":{"name":"Direcci\u00f3n de Comunicaciones Fiscal\u00eda General de la Naci\u00f3n","@id":"https:\/\/www.fiscalia.gov.co\/colombia\/#\/schema\/person\/bf28d8ae7f1b287bbe3af484b04f43ea"},"headline":"Detenci\u00f3n domiciliaria para concejal de San Vicente del Cagu\u00e1n (Caquet\u00e1) por presunta extorsi\u00f3n a nombre de un grupo armado residual","datePublished":"2020-02-12T16:56:58+00:00","dateModified":"2020-02-12T16:56:58+00:00","mainEntityOfPage":{"@id":"https:\/\/www.fiscalia.gov.co\/colombia\/seccionales\/detencion-domiciliaria-para-concejal-de-san-vicente-del-caguan-caqueta-por-presunta-extorsion-a-nombre-de-un-grupo-armado-residual\/"},"wordCount":554,"publisher":{"@id":"https:\/\/www.fiscalia.gov.co\/colombia\/#organization"},"articleSection":["Seccional Florencia","Seccionales","Seguridad territorial"],"inLanguage":"es-CO"},{"@type":"WebPage","@id":"https:\/\/www.fiscalia.gov.co\/colombia\/seccionales\/detencion-domiciliaria-para-concejal-de-san-vicente-del-caguan-caqueta-por-presunta-extorsion-a-nombre-de-un-grupo-armado-residual\/","url":"https:\/\/www.fiscalia.gov.co\/colombia\/seccionales\/detencion-domiciliaria-para-concejal-de-san-vicente-del-caguan-caqueta-por-presunta-extorsion-a-nombre-de-un-grupo-armado-residual\/","name":"Fiscal\u00eda General de la Naci\u00f3n","isPartOf":{"@id":"https:\/\/www.fiscalia.gov.co\/colombia\/#website"},"datePublished":"2020-02-12T16:56:58+00:00","dateModified":"2020-02-12T16:56:58+00:00","description":"P\u00e1gina oficial de la Fiscal\u00eda General de la Naci\u00f3n \u2013 Colombia. Garantizamos el acceso efectivo a la justicia, la verdad y la reparaci\u00f3n de las v\u00edctimas de los delitos.","breadcrumb":{"@id":"https:\/\/www.fiscalia.gov.co\/colombia\/seccionales\/detencion-domiciliaria-para-concejal-de-san-vicente-del-caguan-caqueta-por-presunta-extorsion-a-nombre-de-un-grupo-armado-residual\/#breadcrumb"},"inLanguage":"es-CO","potentialAction":[{"@type":"ReadAction","target":["https:\/\/www.fiscalia.gov.co\/colombia\/seccionales\/detencion-domiciliaria-para-concejal-de-san-vicente-del-caguan-caqueta-por-presunta-extorsion-a-nombre-de-un-grupo-armado-residual\/"]}]},{"@type":"BreadcrumbList","@id":"https:\/\/www.fiscalia.gov.co\/colombia\/seccionales\/detencion-domiciliaria-para-concejal-de-san-vicente-del-caguan-caqueta-por-presunta-extorsion-a-nombre-de-un-grupo-armado-residual\/#breadcrumb","itemListElement":[{"@type":"ListItem","position":1,"name":"Home","item":"https:\/\/www.fiscalia.gov.co\/colombia\/"},{"@type":"ListItem","position":2,"name":"Detenci\u00f3n domiciliaria para concejal de San Vicente del Cagu\u00e1n (Caquet\u00e1) por presunta extorsi\u00f3n a nombre de un grupo armado residual"}]},{"@type":"WebSite","@id":"https:\/\/www.fiscalia.gov.co\/colombia\/#website","url":"https:\/\/www.fiscalia.gov.co\/colombia\/","name":"Fiscal\u00eda General de la Naci\u00f3n","description":"P\u00e1gina oficial de la Fiscal\u00eda General de la Naci\u00f3n \u2013 Colombia. Garantizamos el acceso efectivo a la justicia, la verdad y la reparaci\u00f3n de las v\u00edctimas de los delitos.","publisher":{"@id":"https:\/\/www.fiscalia.gov.co\/colombia\/#organization"},"potentialAction":[{"@type":"SearchAction","target":{"@type":"EntryPoint","urlTemplate":"https:\/\/www.fiscalia.gov.co\/colombia\/?s={search_term_string}"},"query-input":{"@type":"PropertyValueSpecification","valueRequired":true,"valueName":"search_term_string"}}],"inLanguage":"es-CO"},{"@type":"Organization","@id":"https:\/\/www.fiscalia.gov.co\/colombia\/#organization","name":"Fiscal\u00eda General de la Naci\u00f3n","url":"https:\/\/www.fiscalia.gov.co\/colombia\/","logo":{"@type":"ImageObject","inLanguage":"es-CO","@id":"https:\/\/www.fiscalia.gov.co\/colombia\/#\/schema\/logo\/image\/","url":"https:\/\/www.fiscalia.gov.co\/colombia\/wp-content\/uploads\/LogoHorizontal_1.jpg","contentUrl":"https:\/\/www.fiscalia.gov.co\/colombia\/wp-content\/uploads\/LogoHorizontal_1.jpg","width":300,"height":90,"caption":"Fiscal\u00eda General de la Naci\u00f3n"},"image":{"@id":"https:\/\/www.fiscalia.gov.co\/colombia\/#\/schema\/logo\/image\/"},"sameAs":["https:\/\/www.facebook.com\/FiscaliaCol","https:\/\/x.com\/FiscaliaCol","https:\/\/www.instagram.com\/fiscaliacol","https:\/\/www.linkedin.com\/company\/fiscalia-general-de-la-naci-n\/","https:\/\/youtube.com\/@fiscaliageneraldelanacion-4668?si=6nN79nyQICPU5iTh"]},{"@type":"Person","@id":"https:\/\/www.fiscalia.gov.co\/colombia\/#\/schema\/person\/bf28d8ae7f1b287bbe3af484b04f43ea","name":"Direcci\u00f3n de Comunicaciones Fiscal\u00eda General de la Naci\u00f3n","image":{"@type":"ImageObject","inLanguage":"es-CO","@id":"https:\/\/www.fiscalia.gov.co\/colombia\/#\/schema\/person\/image\/","url":"https:\/\/secure.gravatar.com\/avatar\/9d55ae161d32da16dbdd0b380c080a5f?s=96&d=mm&r=g","contentUrl":"https:\/\/secure.gravatar.com\/avatar\/9d55ae161d32da16dbdd0b380c080a5f?s=96&d=mm&r=g","caption":"Direcci\u00f3n de Comunicaciones Fiscal\u00eda General de la Naci\u00f3n"},"url":"https:\/\/www.fiscalia.gov.co\/colombia\/author\/kbonilla\/"}]}},"_links":{"self":[{"href":"https:\/\/www.fiscalia.gov.co\/colombia\/wp-json\/wp\/v2\/posts\/188984","targetHints":{"allow":["GET"]}}],"collection":[{"href":"https:\/\/www.fiscalia.gov.co\/colombia\/wp-json\/wp\/v2\/posts"}],"about":[{"href":"https:\/\/www.fiscalia.gov.co\/colombia\/wp-json\/wp\/v2\/types\/post"}],"author":[{"embeddable":true,"href":"https:\/\/www.fiscalia.gov.co\/colombia\/wp-json\/wp\/v2\/users\/162"}],"replies":[{"embeddable":true,"href":"https:\/\/www.fiscalia.gov.co\/colombia\/wp-json\/wp\/v2\/comments?post=188984"}],"version-history":[{"count":1,"href":"https:\/\/www.fiscalia.gov.co\/colombia\/wp-json\/wp\/v2\/posts\/188984\/revisions"}],"predecessor-version":[{"id":188985,"href":"https:\/\/www.fiscalia.gov.co\/colombia\/wp-json\/wp\/v2\/posts\/188984\/revisions\/188985"}],"wp:attachment":[{"href":"https:\/\/www.fiscalia.gov.co\/colombia\/wp-json\/wp\/v2\/media?parent=188984"}],"wp:term":[{"taxonomy":"category","embeddable":true,"href":"https:\/\/www.fiscalia.gov.co\/colombia\/wp-json\/wp\/v2\/categories?post=188984"},{"taxonomy":"post_tag","embeddable":true,"href":"https:\/\/www.fiscalia.gov.co\/colombia\/wp-json\/wp\/v2\/tags?post=188984"}],"curies":[{"name":"wp","href":"https:\/\/api.w.org\/{rel}","templated":true}]}}