{"id":188837,"date":"2020-02-10T12:44:47","date_gmt":"2020-02-10T17:44:47","guid":{"rendered":"https:\/\/www.fiscalia.gov.co\/colombia\/?p=188837"},"modified":"2020-02-10T12:46:29","modified_gmt":"2020-02-10T17:46:29","slug":"comunicado-de-prensa-207","status":"publish","type":"post","link":"https:\/\/www.fiscalia.gov.co\/colombia\/seccionales\/comunicado-de-prensa-207\/","title":{"rendered":"Comunicado de prensa 207"},"content":{"rendered":"<p>La Fiscal\u00eda General de la Naci\u00f3n exhorta de manera urgente a quienes se consideren afectados por\u00a0\u00a0 los proyectos de vivienda de Invernorte en la ciudad de Medell\u00edn y en el municipio de Bello (Antioquia), para que acrediten su calidad de v\u00edctimas en la sede Caribe de la capital antioque\u00f1a carrera 64C N\u00famero 67 \u2013 300 (B\u00fanker).\u00a0 Bloque H, piso 3 SAC. Entre las 8 de la ma\u00f1ana y las 12 del d\u00eda.<\/p>\n<p>Esta es la lista de proyectos y su respectiva ubicaci\u00f3n.<\/p>\n<p><strong>PROYECTO INVERNORTE MEDELL\u00cdN<\/strong><\/p>\n<table>\n<tbody>\n<tr>\n<td width=\"37\"><strong>1<\/strong><\/td>\n<td width=\"237\">EDIFICIO NEBRASKA<\/td>\n<td width=\"293\">Circular 73 A\u00a0 No. 34 A &#8211; 60 \/ Laureles<\/td>\n<\/tr>\n<tr>\n<td width=\"37\"><strong>2<\/strong><\/td>\n<td width=\"237\">SANTA MAGNOLIA<\/td>\n<td width=\"293\">Cra 33 No. 46 -13 \/ Buenos Aires<\/td>\n<\/tr>\n<tr>\n<td width=\"37\"><strong>3<\/strong><\/td>\n<td width=\"237\">EDIFICIO BALTIMORE<\/td>\n<td width=\"293\">Cll 34 No. 76 -26 \/ Laureles<\/td>\n<\/tr>\n<tr>\n<td width=\"37\"><strong>4<\/strong><\/td>\n<td width=\"237\">EDIFICIO ANKARA<\/td>\n<td width=\"293\">Cll 40 No. 81 A 151\/ 161 \/ Sim\u00f3n Bolivar<\/td>\n<\/tr>\n<tr>\n<td width=\"37\"><strong>5<\/strong><\/td>\n<td width=\"237\">EDIFICIO PIETRA SANTA<\/td>\n<td width=\"293\">Trsv. 32 C No. 74 D &#8211; 13 \/ Almer\u00eda<\/td>\n<\/tr>\n<tr>\n<td width=\"37\"><strong>6<\/strong><\/td>\n<td width=\"237\">NEW YORK<\/td>\n<td width=\"293\">Cra 48 No. 41-24 \/ Centro Av. Oriental<\/td>\n<\/tr>\n<tr>\n<td width=\"37\"><strong>7<\/strong><\/td>\n<td width=\"237\">EDIFICO MINEAPOLIS<\/td>\n<td width=\"293\">Cra 42 No. 50 -19 \/ Centro \/ T. Bombon\u00e1<\/td>\n<\/tr>\n<tr>\n<td width=\"37\"><strong>8<\/strong><\/td>\n<td width=\"237\">PROYECTO GIBRALTAR<\/td>\n<td width=\"293\">CLL 47 No. 39 -25 \/ 21 \/ Buenos Aires<\/td>\n<\/tr>\n<tr>\n<td width=\"37\"><strong>9<\/strong><\/td>\n<td width=\"237\">EDIFICIO KAIROS<\/td>\n<td width=\"293\">CRA 79 No. 49 A 14 \/ Los Colores<\/td>\n<\/tr>\n<tr>\n<td width=\"37\"><strong>10<\/strong><\/td>\n<td width=\"237\">BUDAPEST<\/td>\n<td width=\"293\">CLL 56 No. 78 A 57 \/ Los Colores<\/td>\n<\/tr>\n<tr>\n<td width=\"37\"><strong>11<\/strong><\/td>\n<td width=\"237\">AGUANOVA<\/td>\n<td width=\"293\">CRA 90 No. 44 C -08 \/ San Javier<\/td>\n<\/tr>\n<tr>\n<td width=\"37\"><strong>12<\/strong><\/td>\n<td width=\"237\">ARIZONA<\/td>\n<td width=\"293\">CRA 46 No. 61 &#8211; 51 \/ Boston<\/td>\n<\/tr>\n<tr>\n<td width=\"37\"><strong>13<\/strong><\/td>\n<td width=\"237\">ARKANSAS<\/td>\n<td width=\"293\">CRA 81 No.34 C 39 \/ Sim\u00f3n Bolivar<\/td>\n<\/tr>\n<tr>\n<td width=\"37\"><strong>14<\/strong><\/td>\n<td width=\"237\">ATALANTA<\/td>\n<td width=\"293\">CLL 46 No. 70 A 20\/24 \/ Flda nueva<\/td>\n<\/tr>\n<tr>\n<td width=\"37\"><strong>15<\/strong><\/td>\n<td width=\"237\">BRUSELAS<\/td>\n<td width=\"293\">CRA 72 No. 45 E &#8211; 81 \/ Flda Nueva<\/td>\n<\/tr>\n<tr>\n<td width=\"37\"><strong>16<\/strong><\/td>\n<td width=\"237\">EDIFICIO CALYPSO<\/td>\n<td width=\"293\">CALLE 56 No. 78 A 11 \/ Los Colores<\/td>\n<\/tr>\n<tr>\n<td width=\"37\"><strong>17<\/strong><\/td>\n<td width=\"237\">SINGAPUR<\/td>\n<td width=\"293\">Calle 43 No. 72 &#8211; 65\/73 \/ Laureles<\/td>\n<\/tr>\n<tr>\n<td width=\"37\"><strong>18<\/strong><\/td>\n<td width=\"237\">MICHIGAN<\/td>\n<td width=\"293\">Carrera 76 No. 48 A &#8211; 57 Estadio<\/td>\n<\/tr>\n<tr>\n<td width=\"37\"><strong>19<\/strong><\/td>\n<td width=\"237\">OKLAHOMA<\/td>\n<td width=\"293\">Calle 49 F No. 81 C &#8211; 24 Calasanz<\/td>\n<\/tr>\n<tr>\n<td width=\"37\"><strong>20<\/strong><\/td>\n<td width=\"237\">OREGON<\/td>\n<td width=\"293\">Calle 56 No.78A &#8211; 59 Los Colores<\/td>\n<\/tr>\n<tr>\n<td width=\"37\"><strong>21<\/strong><\/td>\n<td width=\"237\">MARBELLA<\/td>\n<td width=\"293\">Calle 49 A No.77 C &#8211; 116\/118 Estadio<\/td>\n<\/tr>\n<tr>\n<td width=\"37\"><strong>22<\/strong><\/td>\n<td width=\"237\">OSAKA (KATAI)<\/td>\n<td width=\"293\">Calle 37 No. 84 &#8211; 21 Simon Bolivar<\/td>\n<\/tr>\n<tr>\n<td width=\"37\"><strong>23<\/strong><\/td>\n<td width=\"237\">LIVERPOOL<\/td>\n<td width=\"293\">Carrera 73 B No.75 &#8211; 80 Pilarica<\/td>\n<\/tr>\n<tr>\n<td width=\"37\"><strong>24<\/strong><\/td>\n<td width=\"237\">ALABAMA<\/td>\n<td width=\"293\">Cra 69 No. 30 a 21 Bel\u00e9n<\/td>\n<\/tr>\n<tr>\n<td width=\"37\"><strong>25<\/strong><\/td>\n<td width=\"237\">KASA BLANCA<\/td>\n<td width=\"293\">Cll 34 a No. 80 B &#8211; 34 Laureles<\/td>\n<\/tr>\n<tr>\n<td width=\"37\"><strong>26<\/strong><\/td>\n<td width=\"237\">MONSERRATE<\/td>\n<td width=\"293\">Calle 47 No. 72 &#8211; 48 Flda Nueva<\/td>\n<\/tr>\n<tr>\n<td width=\"37\"><strong>27<\/strong><\/td>\n<td width=\"237\">PORTO SANTO<\/td>\n<td width=\"293\">Cra. 80 A No. 33 &#8211; 85 Laureles<\/td>\n<\/tr>\n<tr>\n<td width=\"37\"><strong>28<\/strong><\/td>\n<td width=\"237\">SAN REMO<\/td>\n<td width=\"293\">Calle 45 F No. 72 &#8211; 53 Flda Nueva<\/td>\n<\/tr>\n<tr>\n<td width=\"37\"><strong>29<\/strong><\/td>\n<td width=\"237\">SAN JOSE DE LAS CUMBRES<\/td>\n<td width=\"293\">Cir 2da. No. 73 -29 Laureles<\/td>\n<\/tr>\n<tr>\n<td width=\"37\"><strong>30<\/strong><\/td>\n<td width=\"237\">BARI<\/td>\n<td width=\"293\">Calle 49 No. 76 A 24 Estadio<\/td>\n<\/tr>\n<tr>\n<td width=\"37\"><strong>31<\/strong><\/td>\n<td width=\"237\">SANTIBARI<\/td>\n<td width=\"293\">CRA 41 No. 56 &#8211; 40 Boston<\/td>\n<\/tr>\n<tr>\n<td width=\"37\"><strong>32<\/strong><\/td>\n<td width=\"237\">AREZZO<\/td>\n<td width=\"293\">CLL 34 A No. 76 &#8211; 44 Laureles<\/td>\n<\/tr>\n<tr>\n<td width=\"37\"><strong>33<\/strong><\/td>\n<td width=\"237\">SAN BASILIO<\/td>\n<td width=\"293\">CRA 78 B No.55 &#8211; 20\u00a0 Los Colores<\/td>\n<\/tr>\n<tr>\n<td width=\"37\"><strong>34<\/strong><\/td>\n<td width=\"237\">MINESOTA<\/td>\n<td width=\"293\">CRA 80 No. 39 &#8211; 05 Laureles<\/td>\n<\/tr>\n<tr>\n<td width=\"37\"><strong>35<\/strong><\/td>\n<td width=\"237\">SAN ANGEL<\/td>\n<td width=\"293\">CLL 56 No. 78 B 34 Los Colores<\/td>\n<\/tr>\n<tr>\n<td width=\"37\"><strong>36<\/strong><\/td>\n<td width=\"237\">MALANDAY<\/td>\n<td width=\"293\">CRA. 76 No. 48 A &#8211; 62 Estadio<\/td>\n<\/tr>\n<\/tbody>\n<\/table>\n<p>&nbsp;<\/p>\n<p><strong>PROYECTO INVERNORTE BELLO<\/strong><\/p>\n<table width=\"371\">\n<tbody>\n<tr>\n<td width=\"30\"><strong>1<\/strong><\/td>\n<td width=\"341\">ATLANTIS<\/td>\n<\/tr>\n<tr>\n<td width=\"30\"><strong>2<\/strong><\/td>\n<td width=\"341\">C\u00d3RCEGA<\/td>\n<\/tr>\n<tr>\n<td width=\"30\"><strong>3<\/strong><\/td>\n<td width=\"341\">KENTUCKY<\/td>\n<\/tr>\n<tr>\n<td width=\"30\"><strong>4<\/strong><\/td>\n<td width=\"341\">IPANEMA<\/td>\n<\/tr>\n<tr>\n<td width=\"30\"><strong>5<\/strong><\/td>\n<td width=\"341\">MONSERRAT<\/td>\n<\/tr>\n<tr>\n<td width=\"30\"><strong>6<\/strong><\/td>\n<td width=\"341\">KATANIA<\/td>\n<\/tr>\n<tr>\n<td width=\"30\"><strong>7<\/strong><\/td>\n<td width=\"341\">TALLAHASSEE I<\/td>\n<\/tr>\n<tr>\n<td width=\"30\"><strong>8<\/strong><\/td>\n<td width=\"341\">TALLAHASSEE II<\/td>\n<\/tr>\n<\/tbody>\n<\/table>\n<p>&nbsp;<\/p>\n<p>&nbsp;<\/p>\n\n<div class=\"twitter-share\"><a href=\"https:\/\/twitter.com\/intent\/tweet?via=fiscaliacol\" class=\"twitter-share-button\">Tweet<\/a><\/div>\n","protected":false},"excerpt":{"rendered":"<p>La Fiscal\u00eda General de la Naci\u00f3n exhorta de manera urgente a quienes se consideren afectados por\u00a0\u00a0 los proyectos de vivienda de Invernorte en la ciudad de Medell\u00edn y en el municipio de Bello (Antioquia), para que acrediten su calidad de v\u00edctimas en la sede Caribe de la capital antioque\u00f1a carrera 64C N\u00famero 67 \u2013 300 [&hellip;]<\/p>\n","protected":false},"author":162,"featured_media":0,"comment_status":"closed","ping_status":"open","sticky":false,"template":"","format":"standard","meta":{"_price":"","_stock":"","_tribe_ticket_header":"","_tribe_default_ticket_provider":"","_tribe_ticket_capacity":"0","_ticket_start_date":"","_ticket_end_date":"","_tribe_ticket_show_description":"","_tribe_ticket_show_not_going":false,"_tribe_ticket_use_global_stock":"","_tribe_ticket_global_stock_level":"","_global_stock_mode":"","_global_stock_cap":"","_tribe_rsvp_for_event":"","_tribe_ticket_going_count":"","_tribe_ticket_not_going_count":"","_tribe_tickets_list":"[]","_tribe_ticket_has_attendee_info_fields":false,"tdm_status":"","tdm_grid_status":"","footnotes":""},"categories":[331,303,24099],"tags":[],"class_list":{"0":"post-188837","1":"post","2":"type-post","3":"status-publish","4":"format-standard","6":"category-seccional-medellin","7":"category-seccionales","8":"category-seguridad-territorial"},"yoast_head":"<!-- This site is optimized with the Yoast SEO plugin v24.3 - https:\/\/yoast.com\/wordpress\/plugins\/seo\/ -->\n<title>Fiscal\u00eda General de la Naci\u00f3n<\/title>\n<meta name=\"description\" content=\"P\u00e1gina oficial de la Fiscal\u00eda General de la Naci\u00f3n \u2013 Colombia. Garantizamos el acceso efectivo a la justicia, la verdad y la reparaci\u00f3n de las v\u00edctimas de los delitos.\" \/>\n<meta name=\"robots\" content=\"noindex, follow\" \/>\n<meta property=\"og:locale\" content=\"es_ES\" \/>\n<meta property=\"og:type\" content=\"article\" \/>\n<meta property=\"og:title\" content=\"Fiscal\u00eda General de la Naci\u00f3n\" \/>\n<meta property=\"og:description\" content=\"P\u00e1gina oficial de la Fiscal\u00eda General de la Naci\u00f3n \u2013 Colombia. Garantizamos el acceso efectivo a la justicia, la verdad y la reparaci\u00f3n de las v\u00edctimas de los delitos.\" \/>\n<meta property=\"og:url\" content=\"https:\/\/www.fiscalia.gov.co\/colombia\/seccionales\/comunicado-de-prensa-207\/\" \/>\n<meta property=\"og:site_name\" content=\"Fiscal\u00eda General de la Naci\u00f3n\" \/>\n<meta property=\"article:publisher\" content=\"https:\/\/www.facebook.com\/FiscaliaCol\" \/>\n<meta property=\"article:published_time\" content=\"2020-02-10T17:44:47+00:00\" \/>\n<meta property=\"article:modified_time\" content=\"2020-02-10T17:46:29+00:00\" \/>\n<meta name=\"author\" content=\"Direcci\u00f3n de Comunicaciones Fiscal\u00eda General de la Naci\u00f3n\" \/>\n<meta name=\"twitter:card\" content=\"summary_large_image\" \/>\n<meta name=\"twitter:creator\" content=\"@FiscaliaCol\" \/>\n<meta name=\"twitter:site\" content=\"@FiscaliaCol\" \/>\n<meta name=\"twitter:label1\" content=\"Escrito por\" \/>\n\t<meta name=\"twitter:data1\" content=\"Direcci\u00f3n de Comunicaciones Fiscal\u00eda General de la Naci\u00f3n\" \/>\n\t<meta name=\"twitter:label2\" content=\"Tiempo de lectura\" \/>\n\t<meta name=\"twitter:data2\" content=\"2 minutos\" \/>\n<script type=\"application\/ld+json\" class=\"yoast-schema-graph\">{\"@context\":\"https:\/\/schema.org\",\"@graph\":[{\"@type\":\"Article\",\"@id\":\"https:\/\/www.fiscalia.gov.co\/colombia\/seccionales\/comunicado-de-prensa-207\/#article\",\"isPartOf\":{\"@id\":\"https:\/\/www.fiscalia.gov.co\/colombia\/seccionales\/comunicado-de-prensa-207\/\"},\"author\":{\"name\":\"Direcci\u00f3n de Comunicaciones Fiscal\u00eda General de la Naci\u00f3n\",\"@id\":\"https:\/\/www.fiscalia.gov.co\/colombia\/#\/schema\/person\/bf28d8ae7f1b287bbe3af484b04f43ea\"},\"headline\":\"Comunicado de prensa 207\",\"datePublished\":\"2020-02-10T17:44:47+00:00\",\"dateModified\":\"2020-02-10T17:46:29+00:00\",\"mainEntityOfPage\":{\"@id\":\"https:\/\/www.fiscalia.gov.co\/colombia\/seccionales\/comunicado-de-prensa-207\/\"},\"wordCount\":356,\"publisher\":{\"@id\":\"https:\/\/www.fiscalia.gov.co\/colombia\/#organization\"},\"articleSection\":[\"Seccional Medell\u00edn\",\"Seccionales\",\"Seguridad territorial\"],\"inLanguage\":\"es-CO\"},{\"@type\":\"WebPage\",\"@id\":\"https:\/\/www.fiscalia.gov.co\/colombia\/seccionales\/comunicado-de-prensa-207\/\",\"url\":\"https:\/\/www.fiscalia.gov.co\/colombia\/seccionales\/comunicado-de-prensa-207\/\",\"name\":\"Fiscal\u00eda General de la Naci\u00f3n\",\"isPartOf\":{\"@id\":\"https:\/\/www.fiscalia.gov.co\/colombia\/#website\"},\"datePublished\":\"2020-02-10T17:44:47+00:00\",\"dateModified\":\"2020-02-10T17:46:29+00:00\",\"description\":\"P\u00e1gina oficial de la Fiscal\u00eda General de la Naci\u00f3n \u2013 Colombia. Garantizamos el acceso efectivo a la justicia, la verdad y la reparaci\u00f3n de las v\u00edctimas de los delitos.\",\"breadcrumb\":{\"@id\":\"https:\/\/www.fiscalia.gov.co\/colombia\/seccionales\/comunicado-de-prensa-207\/#breadcrumb\"},\"inLanguage\":\"es-CO\",\"potentialAction\":[{\"@type\":\"ReadAction\",\"target\":[\"https:\/\/www.fiscalia.gov.co\/colombia\/seccionales\/comunicado-de-prensa-207\/\"]}]},{\"@type\":\"BreadcrumbList\",\"@id\":\"https:\/\/www.fiscalia.gov.co\/colombia\/seccionales\/comunicado-de-prensa-207\/#breadcrumb\",\"itemListElement\":[{\"@type\":\"ListItem\",\"position\":1,\"name\":\"Home\",\"item\":\"https:\/\/www.fiscalia.gov.co\/colombia\/\"},{\"@type\":\"ListItem\",\"position\":2,\"name\":\"Comunicado de prensa 207\"}]},{\"@type\":\"WebSite\",\"@id\":\"https:\/\/www.fiscalia.gov.co\/colombia\/#website\",\"url\":\"https:\/\/www.fiscalia.gov.co\/colombia\/\",\"name\":\"Fiscal\u00eda General de la Naci\u00f3n\",\"description\":\"P\u00e1gina oficial de la Fiscal\u00eda General de la Naci\u00f3n \u2013 Colombia. Garantizamos el acceso efectivo a la justicia, la verdad y la reparaci\u00f3n de las v\u00edctimas de los delitos.\",\"publisher\":{\"@id\":\"https:\/\/www.fiscalia.gov.co\/colombia\/#organization\"},\"potentialAction\":[{\"@type\":\"SearchAction\",\"target\":{\"@type\":\"EntryPoint\",\"urlTemplate\":\"https:\/\/www.fiscalia.gov.co\/colombia\/?s={search_term_string}\"},\"query-input\":{\"@type\":\"PropertyValueSpecification\",\"valueRequired\":true,\"valueName\":\"search_term_string\"}}],\"inLanguage\":\"es-CO\"},{\"@type\":\"Organization\",\"@id\":\"https:\/\/www.fiscalia.gov.co\/colombia\/#organization\",\"name\":\"Fiscal\u00eda General de la Naci\u00f3n\",\"url\":\"https:\/\/www.fiscalia.gov.co\/colombia\/\",\"logo\":{\"@type\":\"ImageObject\",\"inLanguage\":\"es-CO\",\"@id\":\"https:\/\/www.fiscalia.gov.co\/colombia\/#\/schema\/logo\/image\/\",\"url\":\"https:\/\/www.fiscalia.gov.co\/colombia\/wp-content\/uploads\/LogoHorizontal_1.jpg\",\"contentUrl\":\"https:\/\/www.fiscalia.gov.co\/colombia\/wp-content\/uploads\/LogoHorizontal_1.jpg\",\"width\":300,\"height\":90,\"caption\":\"Fiscal\u00eda General de la Naci\u00f3n\"},\"image\":{\"@id\":\"https:\/\/www.fiscalia.gov.co\/colombia\/#\/schema\/logo\/image\/\"},\"sameAs\":[\"https:\/\/www.facebook.com\/FiscaliaCol\",\"https:\/\/x.com\/FiscaliaCol\",\"https:\/\/www.instagram.com\/fiscaliacol\",\"https:\/\/www.linkedin.com\/company\/fiscalia-general-de-la-naci-n\/\",\"https:\/\/youtube.com\/@fiscaliageneraldelanacion-4668?si=6nN79nyQICPU5iTh\"]},{\"@type\":\"Person\",\"@id\":\"https:\/\/www.fiscalia.gov.co\/colombia\/#\/schema\/person\/bf28d8ae7f1b287bbe3af484b04f43ea\",\"name\":\"Direcci\u00f3n de Comunicaciones Fiscal\u00eda General de la Naci\u00f3n\",\"image\":{\"@type\":\"ImageObject\",\"inLanguage\":\"es-CO\",\"@id\":\"https:\/\/www.fiscalia.gov.co\/colombia\/#\/schema\/person\/image\/\",\"url\":\"https:\/\/secure.gravatar.com\/avatar\/9d55ae161d32da16dbdd0b380c080a5f?s=96&d=mm&r=g\",\"contentUrl\":\"https:\/\/secure.gravatar.com\/avatar\/9d55ae161d32da16dbdd0b380c080a5f?s=96&d=mm&r=g\",\"caption\":\"Direcci\u00f3n de Comunicaciones Fiscal\u00eda General de la Naci\u00f3n\"},\"url\":\"https:\/\/www.fiscalia.gov.co\/colombia\/author\/kbonilla\/\"}]}<\/script>\n<!-- \/ Yoast SEO plugin. -->","yoast_head_json":{"title":"Fiscal\u00eda General de la Naci\u00f3n","description":"P\u00e1gina oficial de la Fiscal\u00eda General de la Naci\u00f3n \u2013 Colombia. Garantizamos el acceso efectivo a la justicia, la verdad y la reparaci\u00f3n de las v\u00edctimas de los delitos.","robots":{"index":"noindex","follow":"follow"},"og_locale":"es_ES","og_type":"article","og_title":"Fiscal\u00eda General de la Naci\u00f3n","og_description":"P\u00e1gina oficial de la Fiscal\u00eda General de la Naci\u00f3n \u2013 Colombia. Garantizamos el acceso efectivo a la justicia, la verdad y la reparaci\u00f3n de las v\u00edctimas de los delitos.","og_url":"https:\/\/www.fiscalia.gov.co\/colombia\/seccionales\/comunicado-de-prensa-207\/","og_site_name":"Fiscal\u00eda General de la Naci\u00f3n","article_publisher":"https:\/\/www.facebook.com\/FiscaliaCol","article_published_time":"2020-02-10T17:44:47+00:00","article_modified_time":"2020-02-10T17:46:29+00:00","author":"Direcci\u00f3n de Comunicaciones Fiscal\u00eda General de la Naci\u00f3n","twitter_card":"summary_large_image","twitter_creator":"@FiscaliaCol","twitter_site":"@FiscaliaCol","twitter_misc":{"Escrito por":"Direcci\u00f3n de Comunicaciones Fiscal\u00eda General de la Naci\u00f3n","Tiempo de lectura":"2 minutos"},"schema":{"@context":"https:\/\/schema.org","@graph":[{"@type":"Article","@id":"https:\/\/www.fiscalia.gov.co\/colombia\/seccionales\/comunicado-de-prensa-207\/#article","isPartOf":{"@id":"https:\/\/www.fiscalia.gov.co\/colombia\/seccionales\/comunicado-de-prensa-207\/"},"author":{"name":"Direcci\u00f3n de Comunicaciones Fiscal\u00eda General de la Naci\u00f3n","@id":"https:\/\/www.fiscalia.gov.co\/colombia\/#\/schema\/person\/bf28d8ae7f1b287bbe3af484b04f43ea"},"headline":"Comunicado de prensa 207","datePublished":"2020-02-10T17:44:47+00:00","dateModified":"2020-02-10T17:46:29+00:00","mainEntityOfPage":{"@id":"https:\/\/www.fiscalia.gov.co\/colombia\/seccionales\/comunicado-de-prensa-207\/"},"wordCount":356,"publisher":{"@id":"https:\/\/www.fiscalia.gov.co\/colombia\/#organization"},"articleSection":["Seccional Medell\u00edn","Seccionales","Seguridad territorial"],"inLanguage":"es-CO"},{"@type":"WebPage","@id":"https:\/\/www.fiscalia.gov.co\/colombia\/seccionales\/comunicado-de-prensa-207\/","url":"https:\/\/www.fiscalia.gov.co\/colombia\/seccionales\/comunicado-de-prensa-207\/","name":"Fiscal\u00eda General de la Naci\u00f3n","isPartOf":{"@id":"https:\/\/www.fiscalia.gov.co\/colombia\/#website"},"datePublished":"2020-02-10T17:44:47+00:00","dateModified":"2020-02-10T17:46:29+00:00","description":"P\u00e1gina oficial de la Fiscal\u00eda General de la Naci\u00f3n \u2013 Colombia. Garantizamos el acceso efectivo a la justicia, la verdad y la reparaci\u00f3n de las v\u00edctimas de los delitos.","breadcrumb":{"@id":"https:\/\/www.fiscalia.gov.co\/colombia\/seccionales\/comunicado-de-prensa-207\/#breadcrumb"},"inLanguage":"es-CO","potentialAction":[{"@type":"ReadAction","target":["https:\/\/www.fiscalia.gov.co\/colombia\/seccionales\/comunicado-de-prensa-207\/"]}]},{"@type":"BreadcrumbList","@id":"https:\/\/www.fiscalia.gov.co\/colombia\/seccionales\/comunicado-de-prensa-207\/#breadcrumb","itemListElement":[{"@type":"ListItem","position":1,"name":"Home","item":"https:\/\/www.fiscalia.gov.co\/colombia\/"},{"@type":"ListItem","position":2,"name":"Comunicado de prensa 207"}]},{"@type":"WebSite","@id":"https:\/\/www.fiscalia.gov.co\/colombia\/#website","url":"https:\/\/www.fiscalia.gov.co\/colombia\/","name":"Fiscal\u00eda General de la Naci\u00f3n","description":"P\u00e1gina oficial de la Fiscal\u00eda General de la Naci\u00f3n \u2013 Colombia. Garantizamos el acceso efectivo a la justicia, la verdad y la reparaci\u00f3n de las v\u00edctimas de los delitos.","publisher":{"@id":"https:\/\/www.fiscalia.gov.co\/colombia\/#organization"},"potentialAction":[{"@type":"SearchAction","target":{"@type":"EntryPoint","urlTemplate":"https:\/\/www.fiscalia.gov.co\/colombia\/?s={search_term_string}"},"query-input":{"@type":"PropertyValueSpecification","valueRequired":true,"valueName":"search_term_string"}}],"inLanguage":"es-CO"},{"@type":"Organization","@id":"https:\/\/www.fiscalia.gov.co\/colombia\/#organization","name":"Fiscal\u00eda General de la Naci\u00f3n","url":"https:\/\/www.fiscalia.gov.co\/colombia\/","logo":{"@type":"ImageObject","inLanguage":"es-CO","@id":"https:\/\/www.fiscalia.gov.co\/colombia\/#\/schema\/logo\/image\/","url":"https:\/\/www.fiscalia.gov.co\/colombia\/wp-content\/uploads\/LogoHorizontal_1.jpg","contentUrl":"https:\/\/www.fiscalia.gov.co\/colombia\/wp-content\/uploads\/LogoHorizontal_1.jpg","width":300,"height":90,"caption":"Fiscal\u00eda General de la Naci\u00f3n"},"image":{"@id":"https:\/\/www.fiscalia.gov.co\/colombia\/#\/schema\/logo\/image\/"},"sameAs":["https:\/\/www.facebook.com\/FiscaliaCol","https:\/\/x.com\/FiscaliaCol","https:\/\/www.instagram.com\/fiscaliacol","https:\/\/www.linkedin.com\/company\/fiscalia-general-de-la-naci-n\/","https:\/\/youtube.com\/@fiscaliageneraldelanacion-4668?si=6nN79nyQICPU5iTh"]},{"@type":"Person","@id":"https:\/\/www.fiscalia.gov.co\/colombia\/#\/schema\/person\/bf28d8ae7f1b287bbe3af484b04f43ea","name":"Direcci\u00f3n de Comunicaciones Fiscal\u00eda General de la Naci\u00f3n","image":{"@type":"ImageObject","inLanguage":"es-CO","@id":"https:\/\/www.fiscalia.gov.co\/colombia\/#\/schema\/person\/image\/","url":"https:\/\/secure.gravatar.com\/avatar\/9d55ae161d32da16dbdd0b380c080a5f?s=96&d=mm&r=g","contentUrl":"https:\/\/secure.gravatar.com\/avatar\/9d55ae161d32da16dbdd0b380c080a5f?s=96&d=mm&r=g","caption":"Direcci\u00f3n de Comunicaciones Fiscal\u00eda General de la Naci\u00f3n"},"url":"https:\/\/www.fiscalia.gov.co\/colombia\/author\/kbonilla\/"}]}},"_links":{"self":[{"href":"https:\/\/www.fiscalia.gov.co\/colombia\/wp-json\/wp\/v2\/posts\/188837","targetHints":{"allow":["GET"]}}],"collection":[{"href":"https:\/\/www.fiscalia.gov.co\/colombia\/wp-json\/wp\/v2\/posts"}],"about":[{"href":"https:\/\/www.fiscalia.gov.co\/colombia\/wp-json\/wp\/v2\/types\/post"}],"author":[{"embeddable":true,"href":"https:\/\/www.fiscalia.gov.co\/colombia\/wp-json\/wp\/v2\/users\/162"}],"replies":[{"embeddable":true,"href":"https:\/\/www.fiscalia.gov.co\/colombia\/wp-json\/wp\/v2\/comments?post=188837"}],"version-history":[{"count":2,"href":"https:\/\/www.fiscalia.gov.co\/colombia\/wp-json\/wp\/v2\/posts\/188837\/revisions"}],"predecessor-version":[{"id":188840,"href":"https:\/\/www.fiscalia.gov.co\/colombia\/wp-json\/wp\/v2\/posts\/188837\/revisions\/188840"}],"wp:attachment":[{"href":"https:\/\/www.fiscalia.gov.co\/colombia\/wp-json\/wp\/v2\/media?parent=188837"}],"wp:term":[{"taxonomy":"category","embeddable":true,"href":"https:\/\/www.fiscalia.gov.co\/colombia\/wp-json\/wp\/v2\/categories?post=188837"},{"taxonomy":"post_tag","embeddable":true,"href":"https:\/\/www.fiscalia.gov.co\/colombia\/wp-json\/wp\/v2\/tags?post=188837"}],"curies":[{"name":"wp","href":"https:\/\/api.w.org\/{rel}","templated":true}]}}