{"id":188770,"date":"2020-02-07T12:05:34","date_gmt":"2020-02-07T17:05:34","guid":{"rendered":"https:\/\/www.fiscalia.gov.co\/colombia\/?p=188770"},"modified":"2020-02-07T12:05:34","modified_gmt":"2020-02-07T17:05:34","slug":"carcel-para-presuntos-enlaces-de-los-grupos-residuales-senalados-de-reclutar-jovenes-y-promover-actos-vandalicos-en-bogota","status":"publish","type":"post","link":"https:\/\/www.fiscalia.gov.co\/colombia\/seccionales\/carcel-para-presuntos-enlaces-de-los-grupos-residuales-senalados-de-reclutar-jovenes-y-promover-actos-vandalicos-en-bogota\/","title":{"rendered":"C\u00e1rcel para presuntos enlaces de los grupos residuales se\u00f1alados de reclutar j\u00f3venes y promover actos vand\u00e1licos en Bogot\u00e1"},"content":{"rendered":"<p>Durante tres a\u00f1os, la Fiscal\u00eda General de la Naci\u00f3n, a trav\u00e9s de la Direcci\u00f3n Especializada contra las Organizaciones Criminales, y la DIJIN de la Polic\u00eda Nacional recopilaron audios, videos, documentos y abundante material probatorio que puso en evidencia a los presuntos enlaces de tres estructuras residuales de las desmovilizadas Farc, que ser\u00edan los responsables de reclutar j\u00f3venes para realizar actos vand\u00e1licos durante las jornadas de protesta programadas en Bogot\u00e1.<\/p>\n<p>Los supuestos responsables de esta actividad fueron identificados como: Jaime Hernando Olarte Torres, Yeiner Avenda\u00f1o Boh\u00f3rquez, David Revelo Guti\u00e9rrez, V\u00edctor Hugo Ruiz Herrera, Yeison Manyiver Franco S\u00e1nchez y Julio Mart\u00ednez Tautiva.<\/p>\n<p>Estas seis personas fueron capturadas y presentadas en audiencias concentradas en el Complejo Judicial de Paloquemao. Durante las diligencias, un fiscal de la Direcci\u00f3n Especializada contra las Organizaciones Criminales imput\u00f3 a los detenidos delitos como concierto para delinquir en concurso con terrorismo, homicidio, tr\u00e1fico de estupefacientes y porte ilegal de armas y municiones.<\/p>\n<p>Ante la contundencia de los argumentos y elementos presentados por el fiscal del caso, el juez de control de garant\u00edas impuso medida de aseguramiento privativa de la libertad contra los capturados y dispuso su traslado a la c\u00e1rcel la Modelo, en Bogot\u00e1.<\/p>\n<p><strong><u>Las actividades ilegales<\/u><\/strong><\/p>\n<p>La Fiscal\u00eda identific\u00f3 cuatro actividades il\u00edcitas.<\/p>\n<ul>\n<li>Infiltrar marchas: est\u00e1 acreditado en el proceso que los hoy procesados tendr\u00edan relaci\u00f3n estrecha con estructuras disidentes de los frentes primero, s\u00e9ptimo y d\u00e9cimo de las desmovilizadas Farc. Por instrucci\u00f3n de los cabecillas de estas organizaciones, al parecer, se hac\u00edan pasar como universitarios, y se relacionaban con j\u00f3venes y distintas agrupaciones con el \u00fanico prop\u00f3sito de infiltrar sus movilizaciones y promover cierre de v\u00edas, obstrucci\u00f3n del transporte p\u00fablico, enfrentamientos con la fuerza p\u00fablica y ataques a los bienes de p\u00fablicos.<\/li>\n<\/ul>\n<p>El material de prueba da cuenta de que estas personas cooptaban agitadores y los abastec\u00eda de insumos qu\u00edmicos para fabricar artefactos explosivos.<\/p>\n<ul>\n<li>Reclutamiento ilegal: algunos de los presuntos enlaces de los grupos residuales supuestamente hicieron parte de los Espacios Territoriales\u00a0de Capacitaci\u00f3n y Reincorporaci\u00f3n y los abandonaron para seguir a cabecillas como \u2018Gentil Duarte\u2019, \u2018Loco Iv\u00e1n\u2019 y \u2018Jer\u00f3nimo\u2019. Hay evidencia de que llegaron a Bogot\u00e1 para reclutar y realizar actividades de adoctrinamiento.<\/li>\n<\/ul>\n<p>Algunos j\u00f3venes que fueron contactados y convencidos habr\u00edan sido trasladados hasta los campamentos de alias Jer\u00f3nimo en Arauca y de Gentil Duarte en Guaviare. All\u00ed, supuestamente, recibieron instrucci\u00f3n y publicidad subversiva con el compromiso de compartirla a su regreso a Bogot\u00e1.<\/p>\n<ul>\n<li>Correos humanos: las investigaciones acreditaron que, en muchos casos, los hoy procesados buscaron en la ciudad personas menores de 25 a\u00f1os para que sirvieran de correos humanos y llevaran los mensajes y encargos de los cabecillas de los grupos residuales a diferentes puntos del pa\u00eds o c\u00e1rceles.<\/li>\n<\/ul>\n<p>De esta manera, los disidentes detenidos permanec\u00edan enterados de las disposiciones de la organizaci\u00f3n criminal, y recib\u00edan asistencia econ\u00f3mica y jur\u00eddica.<\/p>\n<ul>\n<li>Actividades delincuenciales: se estableci\u00f3 que para garantizar el sostenimiento financiero de las actividades violentas y de adoctrinamiento en Bogot\u00e1, los se\u00f1alados enlaces de los grupos residuales comercializaban estupefacientes. Los elementos recaudados por la Fiscal\u00eda permitieron conocer que vend\u00edan coca\u00edna tra\u00edda del oriente del pa\u00eds y marihuana procesada en Cauca. Las sustancias eran vendidas en los entornos universitarios que frecuentaban.<\/li>\n<\/ul>\n<p><strong><u>Los procesados<\/u><\/strong><\/p>\n<ul>\n<li>Jaime Hernando Olarte Torres, alias La Abuela. Ser\u00eda enviado de \u2018Gentil Duarte\u2019, m\u00e1ximo cabecilla de los grupos disidentes de las Farc. Fue imputado por concierto para delinquir en concurso con terrorismo y tr\u00e1fico de estupefacientes.<\/li>\n<li>Yeiner Avenda\u00f1o Boh\u00f3rquez. Supuesto correo humano de \u2018Gentil Duarte\u2019 para el tr\u00e1fico de drogas. Habr\u00eda participado en el homicidio de un abogado que segu\u00eda un proceso contra un cabecilla disidente detenido en Huila. Fue imputado por concierto para delinquir con fines de homicidio y tr\u00e1fico de estupefacientes.<\/li>\n<li>David Revelo Guti\u00e9rrez. Presunto nexo con los encargados de proveer los insumos qu\u00edmicos y artefactos. Imputado por concierto para delinquir en concurso con terrorismo y tr\u00e1fico de estupefacientes.<\/li>\n<li>V\u00edctor Hugo Ruiz Herrera. Ser\u00eda el encargado de la compra y venta de insumos para la elaboraci\u00f3n de explosivos. Estar\u00eda vinculado a la venta de marihuana. Fue imputado por concierto para delinquir con fines de tr\u00e1fico de estupefacciones y tr\u00e1fico armas o municiones.<\/li>\n<li>Yeison Manyiver Franco S\u00e1nchez. Esta persona habr\u00eda sido escolta personal de alias Loco Iv\u00e1n. Es se\u00f1alado de trasladar j\u00f3venes desde Bogot\u00e1 hasta los campamentos en Arauca. El material de prueba lo relaciona como el hombre que dirigi\u00f3 el ataque con bombas molotov contra la sede de RCN Radio, ocurrido en noviembre de 2018. Fue imputado por concierto para delinquir con fines de tr\u00e1fico de armas y tr\u00e1fico de estupefacientes.<\/li>\n<li>Julio Mart\u00ednez Tautiva, alias Pericles.\u00a0 Ser\u00eda el encargado de brindar apoyo a los disidentes recluidos en c\u00e1rceles y tramitar material log\u00edstico para las estructuras residuales. Imputado por concierto para delinquir asociado a tr\u00e1fico de estupefacientes.<\/li>\n<\/ul>\n<p>La Fiscal\u00eda General de la Naci\u00f3n hace p\u00fablica esta informaci\u00f3n por razones de inter\u00e9s general.<\/p>\n<p>&nbsp;<\/p>\n<p>LAGP\/JARG<\/p>\n<p>&nbsp;<\/p>\n<p>&nbsp;<\/p>\n\n<div class=\"twitter-share\"><a href=\"https:\/\/twitter.com\/intent\/tweet?via=fiscaliacol\" class=\"twitter-share-button\">Tweet<\/a><\/div>\n","protected":false},"excerpt":{"rendered":"<p>Durante tres a\u00f1os, la Fiscal\u00eda General de la Naci\u00f3n, a trav\u00e9s de la Direcci\u00f3n Especializada contra las Organizaciones Criminales, y la DIJIN de la Polic\u00eda Nacional recopilaron audios, videos, documentos y abundante material probatorio que puso en evidencia a los presuntos enlaces de tres estructuras residuales de las desmovilizadas Farc, que ser\u00edan los responsables de [&hellip;]<\/p>\n","protected":false},"author":162,"featured_media":0,"comment_status":"closed","ping_status":"open","sticky":false,"template":"","format":"standard","meta":{"_price":"","_stock":"","_tribe_ticket_header":"","_tribe_default_ticket_provider":"","_tribe_ticket_capacity":"0","_ticket_start_date":"","_ticket_end_date":"","_tribe_ticket_show_description":"","_tribe_ticket_show_not_going":false,"_tribe_ticket_use_global_stock":"","_tribe_ticket_global_stock_level":"","_global_stock_mode":"","_global_stock_cap":"","_tribe_rsvp_for_event":"","_tribe_ticket_going_count":"","_tribe_ticket_not_going_count":"","_tribe_tickets_list":"[]","_tribe_ticket_has_attendee_info_fields":false,"tdm_status":"","tdm_grid_status":"","footnotes":""},"categories":[24098,321,303],"tags":[],"class_list":{"0":"post-188770","1":"post","2":"type-post","3":"status-publish","4":"format-standard","6":"category-crimen-organizado","7":"category-seccional-bogota","8":"category-seccionales"},"yoast_head":"<!-- This site is optimized with the Yoast SEO plugin v24.3 - https:\/\/yoast.com\/wordpress\/plugins\/seo\/ -->\n<title>Fiscal\u00eda General de la Naci\u00f3n<\/title>\n<meta name=\"description\" content=\"P\u00e1gina oficial de la Fiscal\u00eda General de la Naci\u00f3n \u2013 Colombia. Garantizamos el acceso efectivo a la justicia, la verdad y la reparaci\u00f3n de las v\u00edctimas de los delitos.\" \/>\n<meta name=\"robots\" content=\"noindex, follow\" \/>\n<meta property=\"og:locale\" content=\"es_ES\" \/>\n<meta property=\"og:type\" content=\"article\" \/>\n<meta property=\"og:title\" content=\"Fiscal\u00eda General de la Naci\u00f3n\" \/>\n<meta property=\"og:description\" content=\"P\u00e1gina oficial de la Fiscal\u00eda General de la Naci\u00f3n \u2013 Colombia. Garantizamos el acceso efectivo a la justicia, la verdad y la reparaci\u00f3n de las v\u00edctimas de los delitos.\" \/>\n<meta property=\"og:url\" content=\"https:\/\/www.fiscalia.gov.co\/colombia\/seccionales\/carcel-para-presuntos-enlaces-de-los-grupos-residuales-senalados-de-reclutar-jovenes-y-promover-actos-vandalicos-en-bogota\/\" \/>\n<meta property=\"og:site_name\" content=\"Fiscal\u00eda General de la Naci\u00f3n\" \/>\n<meta property=\"article:publisher\" content=\"https:\/\/www.facebook.com\/FiscaliaCol\" \/>\n<meta property=\"article:published_time\" content=\"2020-02-07T17:05:34+00:00\" \/>\n<meta name=\"author\" content=\"Direcci\u00f3n de Comunicaciones Fiscal\u00eda General de la Naci\u00f3n\" \/>\n<meta name=\"twitter:card\" content=\"summary_large_image\" \/>\n<meta name=\"twitter:creator\" content=\"@FiscaliaCol\" \/>\n<meta name=\"twitter:site\" content=\"@FiscaliaCol\" \/>\n<meta name=\"twitter:label1\" content=\"Escrito por\" \/>\n\t<meta name=\"twitter:data1\" content=\"Direcci\u00f3n de Comunicaciones Fiscal\u00eda General de la Naci\u00f3n\" \/>\n\t<meta name=\"twitter:label2\" content=\"Tiempo de lectura\" \/>\n\t<meta name=\"twitter:data2\" content=\"4 minutos\" \/>\n<script type=\"application\/ld+json\" class=\"yoast-schema-graph\">{\"@context\":\"https:\/\/schema.org\",\"@graph\":[{\"@type\":\"Article\",\"@id\":\"https:\/\/www.fiscalia.gov.co\/colombia\/seccionales\/carcel-para-presuntos-enlaces-de-los-grupos-residuales-senalados-de-reclutar-jovenes-y-promover-actos-vandalicos-en-bogota\/#article\",\"isPartOf\":{\"@id\":\"https:\/\/www.fiscalia.gov.co\/colombia\/seccionales\/carcel-para-presuntos-enlaces-de-los-grupos-residuales-senalados-de-reclutar-jovenes-y-promover-actos-vandalicos-en-bogota\/\"},\"author\":{\"name\":\"Direcci\u00f3n de Comunicaciones Fiscal\u00eda General de la Naci\u00f3n\",\"@id\":\"https:\/\/www.fiscalia.gov.co\/colombia\/#\/schema\/person\/bf28d8ae7f1b287bbe3af484b04f43ea\"},\"headline\":\"C\u00e1rcel para presuntos enlaces de los grupos residuales se\u00f1alados de reclutar j\u00f3venes y promover actos vand\u00e1licos en Bogot\u00e1\",\"datePublished\":\"2020-02-07T17:05:34+00:00\",\"dateModified\":\"2020-02-07T17:05:34+00:00\",\"mainEntityOfPage\":{\"@id\":\"https:\/\/www.fiscalia.gov.co\/colombia\/seccionales\/carcel-para-presuntos-enlaces-de-los-grupos-residuales-senalados-de-reclutar-jovenes-y-promover-actos-vandalicos-en-bogota\/\"},\"wordCount\":916,\"publisher\":{\"@id\":\"https:\/\/www.fiscalia.gov.co\/colombia\/#organization\"},\"articleSection\":[\"Crimen organizado\",\"Seccional Bogot\u00e1\",\"Seccionales\"],\"inLanguage\":\"es-CO\"},{\"@type\":\"WebPage\",\"@id\":\"https:\/\/www.fiscalia.gov.co\/colombia\/seccionales\/carcel-para-presuntos-enlaces-de-los-grupos-residuales-senalados-de-reclutar-jovenes-y-promover-actos-vandalicos-en-bogota\/\",\"url\":\"https:\/\/www.fiscalia.gov.co\/colombia\/seccionales\/carcel-para-presuntos-enlaces-de-los-grupos-residuales-senalados-de-reclutar-jovenes-y-promover-actos-vandalicos-en-bogota\/\",\"name\":\"Fiscal\u00eda General de la Naci\u00f3n\",\"isPartOf\":{\"@id\":\"https:\/\/www.fiscalia.gov.co\/colombia\/#website\"},\"datePublished\":\"2020-02-07T17:05:34+00:00\",\"dateModified\":\"2020-02-07T17:05:34+00:00\",\"description\":\"P\u00e1gina oficial de la Fiscal\u00eda General de la Naci\u00f3n \u2013 Colombia. Garantizamos el acceso efectivo a la justicia, la verdad y la reparaci\u00f3n de las v\u00edctimas de los delitos.\",\"breadcrumb\":{\"@id\":\"https:\/\/www.fiscalia.gov.co\/colombia\/seccionales\/carcel-para-presuntos-enlaces-de-los-grupos-residuales-senalados-de-reclutar-jovenes-y-promover-actos-vandalicos-en-bogota\/#breadcrumb\"},\"inLanguage\":\"es-CO\",\"potentialAction\":[{\"@type\":\"ReadAction\",\"target\":[\"https:\/\/www.fiscalia.gov.co\/colombia\/seccionales\/carcel-para-presuntos-enlaces-de-los-grupos-residuales-senalados-de-reclutar-jovenes-y-promover-actos-vandalicos-en-bogota\/\"]}]},{\"@type\":\"BreadcrumbList\",\"@id\":\"https:\/\/www.fiscalia.gov.co\/colombia\/seccionales\/carcel-para-presuntos-enlaces-de-los-grupos-residuales-senalados-de-reclutar-jovenes-y-promover-actos-vandalicos-en-bogota\/#breadcrumb\",\"itemListElement\":[{\"@type\":\"ListItem\",\"position\":1,\"name\":\"Home\",\"item\":\"https:\/\/www.fiscalia.gov.co\/colombia\/\"},{\"@type\":\"ListItem\",\"position\":2,\"name\":\"C\u00e1rcel para presuntos enlaces de los grupos residuales se\u00f1alados de reclutar j\u00f3venes y promover actos vand\u00e1licos en Bogot\u00e1\"}]},{\"@type\":\"WebSite\",\"@id\":\"https:\/\/www.fiscalia.gov.co\/colombia\/#website\",\"url\":\"https:\/\/www.fiscalia.gov.co\/colombia\/\",\"name\":\"Fiscal\u00eda General de la Naci\u00f3n\",\"description\":\"P\u00e1gina oficial de la Fiscal\u00eda General de la Naci\u00f3n \u2013 Colombia. Garantizamos el acceso efectivo a la justicia, la verdad y la reparaci\u00f3n de las v\u00edctimas de los delitos.\",\"publisher\":{\"@id\":\"https:\/\/www.fiscalia.gov.co\/colombia\/#organization\"},\"potentialAction\":[{\"@type\":\"SearchAction\",\"target\":{\"@type\":\"EntryPoint\",\"urlTemplate\":\"https:\/\/www.fiscalia.gov.co\/colombia\/?s={search_term_string}\"},\"query-input\":{\"@type\":\"PropertyValueSpecification\",\"valueRequired\":true,\"valueName\":\"search_term_string\"}}],\"inLanguage\":\"es-CO\"},{\"@type\":\"Organization\",\"@id\":\"https:\/\/www.fiscalia.gov.co\/colombia\/#organization\",\"name\":\"Fiscal\u00eda General de la Naci\u00f3n\",\"url\":\"https:\/\/www.fiscalia.gov.co\/colombia\/\",\"logo\":{\"@type\":\"ImageObject\",\"inLanguage\":\"es-CO\",\"@id\":\"https:\/\/www.fiscalia.gov.co\/colombia\/#\/schema\/logo\/image\/\",\"url\":\"https:\/\/www.fiscalia.gov.co\/colombia\/wp-content\/uploads\/LogoHorizontal_1.jpg\",\"contentUrl\":\"https:\/\/www.fiscalia.gov.co\/colombia\/wp-content\/uploads\/LogoHorizontal_1.jpg\",\"width\":300,\"height\":90,\"caption\":\"Fiscal\u00eda General de la Naci\u00f3n\"},\"image\":{\"@id\":\"https:\/\/www.fiscalia.gov.co\/colombia\/#\/schema\/logo\/image\/\"},\"sameAs\":[\"https:\/\/www.facebook.com\/FiscaliaCol\",\"https:\/\/x.com\/FiscaliaCol\",\"https:\/\/www.instagram.com\/fiscaliacol\",\"https:\/\/www.linkedin.com\/company\/fiscalia-general-de-la-naci-n\/\",\"https:\/\/youtube.com\/@fiscaliageneraldelanacion-4668?si=6nN79nyQICPU5iTh\"]},{\"@type\":\"Person\",\"@id\":\"https:\/\/www.fiscalia.gov.co\/colombia\/#\/schema\/person\/bf28d8ae7f1b287bbe3af484b04f43ea\",\"name\":\"Direcci\u00f3n de Comunicaciones Fiscal\u00eda General de la Naci\u00f3n\",\"image\":{\"@type\":\"ImageObject\",\"inLanguage\":\"es-CO\",\"@id\":\"https:\/\/www.fiscalia.gov.co\/colombia\/#\/schema\/person\/image\/\",\"url\":\"https:\/\/secure.gravatar.com\/avatar\/9d55ae161d32da16dbdd0b380c080a5f?s=96&d=mm&r=g\",\"contentUrl\":\"https:\/\/secure.gravatar.com\/avatar\/9d55ae161d32da16dbdd0b380c080a5f?s=96&d=mm&r=g\",\"caption\":\"Direcci\u00f3n de Comunicaciones Fiscal\u00eda General de la Naci\u00f3n\"},\"url\":\"https:\/\/www.fiscalia.gov.co\/colombia\/author\/kbonilla\/\"}]}<\/script>\n<!-- \/ Yoast SEO plugin. -->","yoast_head_json":{"title":"Fiscal\u00eda General de la Naci\u00f3n","description":"P\u00e1gina oficial de la Fiscal\u00eda General de la Naci\u00f3n \u2013 Colombia. Garantizamos el acceso efectivo a la justicia, la verdad y la reparaci\u00f3n de las v\u00edctimas de los delitos.","robots":{"index":"noindex","follow":"follow"},"og_locale":"es_ES","og_type":"article","og_title":"Fiscal\u00eda General de la Naci\u00f3n","og_description":"P\u00e1gina oficial de la Fiscal\u00eda General de la Naci\u00f3n \u2013 Colombia. Garantizamos el acceso efectivo a la justicia, la verdad y la reparaci\u00f3n de las v\u00edctimas de los delitos.","og_url":"https:\/\/www.fiscalia.gov.co\/colombia\/seccionales\/carcel-para-presuntos-enlaces-de-los-grupos-residuales-senalados-de-reclutar-jovenes-y-promover-actos-vandalicos-en-bogota\/","og_site_name":"Fiscal\u00eda General de la Naci\u00f3n","article_publisher":"https:\/\/www.facebook.com\/FiscaliaCol","article_published_time":"2020-02-07T17:05:34+00:00","author":"Direcci\u00f3n de Comunicaciones Fiscal\u00eda General de la Naci\u00f3n","twitter_card":"summary_large_image","twitter_creator":"@FiscaliaCol","twitter_site":"@FiscaliaCol","twitter_misc":{"Escrito por":"Direcci\u00f3n de Comunicaciones Fiscal\u00eda General de la Naci\u00f3n","Tiempo de lectura":"4 minutos"},"schema":{"@context":"https:\/\/schema.org","@graph":[{"@type":"Article","@id":"https:\/\/www.fiscalia.gov.co\/colombia\/seccionales\/carcel-para-presuntos-enlaces-de-los-grupos-residuales-senalados-de-reclutar-jovenes-y-promover-actos-vandalicos-en-bogota\/#article","isPartOf":{"@id":"https:\/\/www.fiscalia.gov.co\/colombia\/seccionales\/carcel-para-presuntos-enlaces-de-los-grupos-residuales-senalados-de-reclutar-jovenes-y-promover-actos-vandalicos-en-bogota\/"},"author":{"name":"Direcci\u00f3n de Comunicaciones Fiscal\u00eda General de la Naci\u00f3n","@id":"https:\/\/www.fiscalia.gov.co\/colombia\/#\/schema\/person\/bf28d8ae7f1b287bbe3af484b04f43ea"},"headline":"C\u00e1rcel para presuntos enlaces de los grupos residuales se\u00f1alados de reclutar j\u00f3venes y promover actos vand\u00e1licos en Bogot\u00e1","datePublished":"2020-02-07T17:05:34+00:00","dateModified":"2020-02-07T17:05:34+00:00","mainEntityOfPage":{"@id":"https:\/\/www.fiscalia.gov.co\/colombia\/seccionales\/carcel-para-presuntos-enlaces-de-los-grupos-residuales-senalados-de-reclutar-jovenes-y-promover-actos-vandalicos-en-bogota\/"},"wordCount":916,"publisher":{"@id":"https:\/\/www.fiscalia.gov.co\/colombia\/#organization"},"articleSection":["Crimen organizado","Seccional Bogot\u00e1","Seccionales"],"inLanguage":"es-CO"},{"@type":"WebPage","@id":"https:\/\/www.fiscalia.gov.co\/colombia\/seccionales\/carcel-para-presuntos-enlaces-de-los-grupos-residuales-senalados-de-reclutar-jovenes-y-promover-actos-vandalicos-en-bogota\/","url":"https:\/\/www.fiscalia.gov.co\/colombia\/seccionales\/carcel-para-presuntos-enlaces-de-los-grupos-residuales-senalados-de-reclutar-jovenes-y-promover-actos-vandalicos-en-bogota\/","name":"Fiscal\u00eda General de la Naci\u00f3n","isPartOf":{"@id":"https:\/\/www.fiscalia.gov.co\/colombia\/#website"},"datePublished":"2020-02-07T17:05:34+00:00","dateModified":"2020-02-07T17:05:34+00:00","description":"P\u00e1gina oficial de la Fiscal\u00eda General de la Naci\u00f3n \u2013 Colombia. Garantizamos el acceso efectivo a la justicia, la verdad y la reparaci\u00f3n de las v\u00edctimas de los delitos.","breadcrumb":{"@id":"https:\/\/www.fiscalia.gov.co\/colombia\/seccionales\/carcel-para-presuntos-enlaces-de-los-grupos-residuales-senalados-de-reclutar-jovenes-y-promover-actos-vandalicos-en-bogota\/#breadcrumb"},"inLanguage":"es-CO","potentialAction":[{"@type":"ReadAction","target":["https:\/\/www.fiscalia.gov.co\/colombia\/seccionales\/carcel-para-presuntos-enlaces-de-los-grupos-residuales-senalados-de-reclutar-jovenes-y-promover-actos-vandalicos-en-bogota\/"]}]},{"@type":"BreadcrumbList","@id":"https:\/\/www.fiscalia.gov.co\/colombia\/seccionales\/carcel-para-presuntos-enlaces-de-los-grupos-residuales-senalados-de-reclutar-jovenes-y-promover-actos-vandalicos-en-bogota\/#breadcrumb","itemListElement":[{"@type":"ListItem","position":1,"name":"Home","item":"https:\/\/www.fiscalia.gov.co\/colombia\/"},{"@type":"ListItem","position":2,"name":"C\u00e1rcel para presuntos enlaces de los grupos residuales se\u00f1alados de reclutar j\u00f3venes y promover actos vand\u00e1licos en Bogot\u00e1"}]},{"@type":"WebSite","@id":"https:\/\/www.fiscalia.gov.co\/colombia\/#website","url":"https:\/\/www.fiscalia.gov.co\/colombia\/","name":"Fiscal\u00eda General de la Naci\u00f3n","description":"P\u00e1gina oficial de la Fiscal\u00eda General de la Naci\u00f3n \u2013 Colombia. Garantizamos el acceso efectivo a la justicia, la verdad y la reparaci\u00f3n de las v\u00edctimas de los delitos.","publisher":{"@id":"https:\/\/www.fiscalia.gov.co\/colombia\/#organization"},"potentialAction":[{"@type":"SearchAction","target":{"@type":"EntryPoint","urlTemplate":"https:\/\/www.fiscalia.gov.co\/colombia\/?s={search_term_string}"},"query-input":{"@type":"PropertyValueSpecification","valueRequired":true,"valueName":"search_term_string"}}],"inLanguage":"es-CO"},{"@type":"Organization","@id":"https:\/\/www.fiscalia.gov.co\/colombia\/#organization","name":"Fiscal\u00eda General de la Naci\u00f3n","url":"https:\/\/www.fiscalia.gov.co\/colombia\/","logo":{"@type":"ImageObject","inLanguage":"es-CO","@id":"https:\/\/www.fiscalia.gov.co\/colombia\/#\/schema\/logo\/image\/","url":"https:\/\/www.fiscalia.gov.co\/colombia\/wp-content\/uploads\/LogoHorizontal_1.jpg","contentUrl":"https:\/\/www.fiscalia.gov.co\/colombia\/wp-content\/uploads\/LogoHorizontal_1.jpg","width":300,"height":90,"caption":"Fiscal\u00eda General de la Naci\u00f3n"},"image":{"@id":"https:\/\/www.fiscalia.gov.co\/colombia\/#\/schema\/logo\/image\/"},"sameAs":["https:\/\/www.facebook.com\/FiscaliaCol","https:\/\/x.com\/FiscaliaCol","https:\/\/www.instagram.com\/fiscaliacol","https:\/\/www.linkedin.com\/company\/fiscalia-general-de-la-naci-n\/","https:\/\/youtube.com\/@fiscaliageneraldelanacion-4668?si=6nN79nyQICPU5iTh"]},{"@type":"Person","@id":"https:\/\/www.fiscalia.gov.co\/colombia\/#\/schema\/person\/bf28d8ae7f1b287bbe3af484b04f43ea","name":"Direcci\u00f3n de Comunicaciones Fiscal\u00eda General de la Naci\u00f3n","image":{"@type":"ImageObject","inLanguage":"es-CO","@id":"https:\/\/www.fiscalia.gov.co\/colombia\/#\/schema\/person\/image\/","url":"https:\/\/secure.gravatar.com\/avatar\/9d55ae161d32da16dbdd0b380c080a5f?s=96&d=mm&r=g","contentUrl":"https:\/\/secure.gravatar.com\/avatar\/9d55ae161d32da16dbdd0b380c080a5f?s=96&d=mm&r=g","caption":"Direcci\u00f3n de Comunicaciones Fiscal\u00eda General de la Naci\u00f3n"},"url":"https:\/\/www.fiscalia.gov.co\/colombia\/author\/kbonilla\/"}]}},"_links":{"self":[{"href":"https:\/\/www.fiscalia.gov.co\/colombia\/wp-json\/wp\/v2\/posts\/188770","targetHints":{"allow":["GET"]}}],"collection":[{"href":"https:\/\/www.fiscalia.gov.co\/colombia\/wp-json\/wp\/v2\/posts"}],"about":[{"href":"https:\/\/www.fiscalia.gov.co\/colombia\/wp-json\/wp\/v2\/types\/post"}],"author":[{"embeddable":true,"href":"https:\/\/www.fiscalia.gov.co\/colombia\/wp-json\/wp\/v2\/users\/162"}],"replies":[{"embeddable":true,"href":"https:\/\/www.fiscalia.gov.co\/colombia\/wp-json\/wp\/v2\/comments?post=188770"}],"version-history":[{"count":2,"href":"https:\/\/www.fiscalia.gov.co\/colombia\/wp-json\/wp\/v2\/posts\/188770\/revisions"}],"predecessor-version":[{"id":188772,"href":"https:\/\/www.fiscalia.gov.co\/colombia\/wp-json\/wp\/v2\/posts\/188770\/revisions\/188772"}],"wp:attachment":[{"href":"https:\/\/www.fiscalia.gov.co\/colombia\/wp-json\/wp\/v2\/media?parent=188770"}],"wp:term":[{"taxonomy":"category","embeddable":true,"href":"https:\/\/www.fiscalia.gov.co\/colombia\/wp-json\/wp\/v2\/categories?post=188770"},{"taxonomy":"post_tag","embeddable":true,"href":"https:\/\/www.fiscalia.gov.co\/colombia\/wp-json\/wp\/v2\/tags?post=188770"}],"curies":[{"name":"wp","href":"https:\/\/api.w.org\/{rel}","templated":true}]}}