{"id":188654,"date":"2020-02-05T14:51:49","date_gmt":"2020-02-05T19:51:49","guid":{"rendered":"https:\/\/www.fiscalia.gov.co\/colombia\/?p=188654"},"modified":"2020-02-05T14:51:49","modified_gmt":"2020-02-05T19:51:49","slug":"los-ninos-ninas-y-adolescentes-podran-proponer-sobre-prevencion-y-defensa-de-sus-derechos","status":"publish","type":"post","link":"https:\/\/www.fiscalia.gov.co\/colombia\/noticias\/los-ninos-ninas-y-adolescentes-podran-proponer-sobre-prevencion-y-defensa-de-sus-derechos\/","title":{"rendered":"Los ni\u00f1os, ni\u00f1as y adolescentes podr\u00e1n proponer sobre prevenci\u00f3n y defensa de sus derechos"},"content":{"rendered":"<p>La Fiscal\u00eda General de la Naci\u00f3n, el Ministerio de Educaci\u00f3n y el Instituto Colombiano de Bienestar Familiar (ICBF) lanzaron el concurso \u201860 segundos a tu manera\u2019, en el que ni\u00f1os, ni\u00f1as, adolescentes y j\u00f3venes entre los 6 y 25 a\u00f1os podr\u00e1n compartir videos con mensajes en defensa de sus derechos y que promuevan soluciones a las problem\u00e1ticas sociales que m\u00e1s afectan a la ni\u00f1ez colombiana.<\/p>\n<p>Los interesados participar\u00e1n con piezas audiovisuales de un minuto de duraci\u00f3n en las que hablar\u00e1n de prevenci\u00f3n de las diferentes formas de violencia que los afectan, como las agresiones en los planteles educativos, en las familias, en las redes sociales y las plataformas digitales; as\u00ed como el reclutamiento il\u00edcito y uso por parte de grupos armados ilegales, la instrumentalizaci\u00f3n para diferentes conductas delincuenciales y la discriminaci\u00f3n.<\/p>\n<p>Habr\u00e1 libertad de formato, cada concursante podr\u00e1 elegir la animaci\u00f3n, el canto, la pintura, la locuci\u00f3n y cualquier expresi\u00f3n que le permita difundir de la mejor manera sus ideas. Los menores de 18 a\u00f1os que est\u00e9n interesados podr\u00e1n vincularse con autorizaci\u00f3n expresa de los padres de familia o cuidadores.<\/p>\n<p>Los productos ser\u00e1n revisados y evaluados por un equipo conformado por un representante de cada entidad y de otras empresas aliadas a este proyecto. Los ganadores de \u201860 segundos a tu manera\u2019 ser\u00e1n premiados con c\u00e1maras fotogr\u00e1ficas, computadores port\u00e1tiles y kits escolares. Adicionalmente, tendr\u00e1n la oportunidad de exponer sus videos en el Festival de Cine en Cartagena (FestiCineKids) y en el Festival Internacional de Cine de Santander.<\/p>\n<p>Las inscripciones est\u00e1n habilitadas desde hoy hasta el 20 de abril. El 15 de mayo del a\u00f1o en curso se conocer\u00e1n los resultados. En la p\u00e1gina web www.60segundosatumanera.com encontrar\u00e1n detalles sobre el proceso de inscripci\u00f3n y de env\u00edo de los audiovisuales.<\/p>\n<p>El concurso cuenta con el apoyo de los ministerios de Educaci\u00f3n y de las Tecnolog\u00edas de la Informaci\u00f3n y las Comunicaciones (TIC), la Organizaci\u00f3n Internacional para las Migraciones (OIM), UNICEF, REDPAPAZ, Fundaci\u00f3n Renacer, Plan Internacional, Save The Children, Aldeas SOS y la Fundaci\u00f3n Natalia Ponce De Le\u00f3n.<\/p>\n<p><strong>En Cifras<\/strong><\/p>\n<p>La importancia de sensibilizar sobre la defensa de los derechos de la ni\u00f1ez y adolescencia la explican las cifras consolidadas por la Fiscal\u00eda General de la Naci\u00f3n. 75% de las vulneraciones en contra de ni\u00f1as y ni\u00f1os ocurren en sus propias casas y suelen ser perpetradas por parientes o conocidos. Mientras que las denuncias por explotaci\u00f3n sexual han aumentado 39% en los \u00faltimos 3 a\u00f1os.<\/p>\n<p>La conformaci\u00f3n de grupos especiales de fiscales e investigadores para atender los delitos contra los ni\u00f1os, ni\u00f1as y adolescentes, permitieron 10 mil condenas contra agresores sexuales de menores de 14 a\u00f1os en cinco a\u00f1os.<\/p>\n<p>Asimismo, la Fiscal\u00eda ha fortalecido su presencia en 500 municipios del territorio nacional. Todas las seccionales del pa\u00eds se dotaron con c\u00e1maras Gesell en los \u00faltimos tres a\u00f1os. Tambi\u00e9n, en ese plazo, se habilit\u00f3 el sistema electr\u00f3nico ADenunciar y se cre\u00f3 el primer Centro de Contacto telef\u00f3nico, herramientas que tienen como prop\u00f3sito la denuncia de delitos contra los menores de edad.<\/p>\n<p>De igual manera, en acciones investigativas y operativas realizadas en los entornos educativos fueron desarticuladas 202 expendios de drogas y 278 personas fueron capturadas por intentar inducir a los estudiantes al consumo.<\/p>\n<p>La Fiscal\u00eda General de la Naci\u00f3n hace p\u00fablica esta informaci\u00f3n por razones de inter\u00e9s general.<\/p>\n\n<div class=\"twitter-share\"><a href=\"https:\/\/twitter.com\/intent\/tweet?via=fiscaliacol\" class=\"twitter-share-button\">Tweet<\/a><\/div>\n","protected":false},"excerpt":{"rendered":"<p>La Fiscal\u00eda General de la Naci\u00f3n, el Ministerio de Educaci\u00f3n y el Instituto Colombiano de Bienestar Familiar (ICBF) lanzaron el concurso \u201860 segundos a tu manera\u2019, en el que ni\u00f1os, ni\u00f1as, adolescentes y j\u00f3venes entre los 6 y 25 a\u00f1os podr\u00e1n compartir videos con mensajes en defensa de sus derechos y que promuevan soluciones a [&hellip;]<\/p>\n","protected":false},"author":162,"featured_media":0,"comment_status":"closed","ping_status":"open","sticky":false,"template":"","format":"standard","meta":{"_price":"","_stock":"","_tribe_ticket_header":"","_tribe_default_ticket_provider":"","_tribe_ticket_capacity":"0","_ticket_start_date":"","_ticket_end_date":"","_tribe_ticket_show_description":"","_tribe_ticket_show_not_going":false,"_tribe_ticket_use_global_stock":"","_tribe_ticket_global_stock_level":"","_global_stock_mode":"","_global_stock_cap":"","_tribe_rsvp_for_event":"","_tribe_ticket_going_count":"","_tribe_ticket_not_going_count":"","_tribe_tickets_list":"[]","_tribe_ticket_has_attendee_info_fields":false,"tdm_status":"","tdm_grid_status":"","footnotes":""},"categories":[1],"tags":[],"class_list":{"0":"post-188654","1":"post","2":"type-post","3":"status-publish","4":"format-standard","6":"category-noticias"},"yoast_head":"<!-- This site is optimized with the Yoast SEO plugin v24.3 - https:\/\/yoast.com\/wordpress\/plugins\/seo\/ -->\n<title>Fiscal\u00eda General de la Naci\u00f3n<\/title>\n<meta name=\"description\" content=\"P\u00e1gina oficial de la Fiscal\u00eda General de la Naci\u00f3n \u2013 Colombia. Garantizamos el acceso efectivo a la justicia, la verdad y la reparaci\u00f3n de las v\u00edctimas de los delitos.\" \/>\n<meta name=\"robots\" content=\"noindex, follow\" \/>\n<meta property=\"og:locale\" content=\"es_ES\" \/>\n<meta property=\"og:type\" content=\"article\" \/>\n<meta property=\"og:title\" content=\"Fiscal\u00eda General de la Naci\u00f3n\" \/>\n<meta property=\"og:description\" content=\"P\u00e1gina oficial de la Fiscal\u00eda General de la Naci\u00f3n \u2013 Colombia. Garantizamos el acceso efectivo a la justicia, la verdad y la reparaci\u00f3n de las v\u00edctimas de los delitos.\" \/>\n<meta property=\"og:url\" content=\"https:\/\/www.fiscalia.gov.co\/colombia\/noticias\/los-ninos-ninas-y-adolescentes-podran-proponer-sobre-prevencion-y-defensa-de-sus-derechos\/\" \/>\n<meta property=\"og:site_name\" content=\"Fiscal\u00eda General de la Naci\u00f3n\" \/>\n<meta property=\"article:publisher\" content=\"https:\/\/www.facebook.com\/FiscaliaCol\" \/>\n<meta property=\"article:published_time\" content=\"2020-02-05T19:51:49+00:00\" \/>\n<meta name=\"author\" content=\"Direcci\u00f3n de Comunicaciones Fiscal\u00eda General de la Naci\u00f3n\" \/>\n<meta name=\"twitter:card\" content=\"summary_large_image\" \/>\n<meta name=\"twitter:creator\" content=\"@FiscaliaCol\" \/>\n<meta name=\"twitter:site\" content=\"@FiscaliaCol\" \/>\n<meta name=\"twitter:label1\" content=\"Escrito por\" \/>\n\t<meta name=\"twitter:data1\" content=\"Direcci\u00f3n de Comunicaciones Fiscal\u00eda General de la Naci\u00f3n\" \/>\n\t<meta name=\"twitter:label2\" content=\"Tiempo de lectura\" \/>\n\t<meta name=\"twitter:data2\" content=\"3 minutos\" \/>\n<script type=\"application\/ld+json\" class=\"yoast-schema-graph\">{\"@context\":\"https:\/\/schema.org\",\"@graph\":[{\"@type\":\"Article\",\"@id\":\"https:\/\/www.fiscalia.gov.co\/colombia\/noticias\/los-ninos-ninas-y-adolescentes-podran-proponer-sobre-prevencion-y-defensa-de-sus-derechos\/#article\",\"isPartOf\":{\"@id\":\"https:\/\/www.fiscalia.gov.co\/colombia\/noticias\/los-ninos-ninas-y-adolescentes-podran-proponer-sobre-prevencion-y-defensa-de-sus-derechos\/\"},\"author\":{\"name\":\"Direcci\u00f3n de Comunicaciones Fiscal\u00eda General de la Naci\u00f3n\",\"@id\":\"https:\/\/www.fiscalia.gov.co\/colombia\/#\/schema\/person\/bf28d8ae7f1b287bbe3af484b04f43ea\"},\"headline\":\"Los ni\u00f1os, ni\u00f1as y adolescentes podr\u00e1n proponer sobre prevenci\u00f3n y defensa de sus derechos\",\"datePublished\":\"2020-02-05T19:51:49+00:00\",\"dateModified\":\"2020-02-05T19:51:49+00:00\",\"mainEntityOfPage\":{\"@id\":\"https:\/\/www.fiscalia.gov.co\/colombia\/noticias\/los-ninos-ninas-y-adolescentes-podran-proponer-sobre-prevencion-y-defensa-de-sus-derechos\/\"},\"wordCount\":619,\"publisher\":{\"@id\":\"https:\/\/www.fiscalia.gov.co\/colombia\/#organization\"},\"articleSection\":[\"Noticias\"],\"inLanguage\":\"es-CO\"},{\"@type\":\"WebPage\",\"@id\":\"https:\/\/www.fiscalia.gov.co\/colombia\/noticias\/los-ninos-ninas-y-adolescentes-podran-proponer-sobre-prevencion-y-defensa-de-sus-derechos\/\",\"url\":\"https:\/\/www.fiscalia.gov.co\/colombia\/noticias\/los-ninos-ninas-y-adolescentes-podran-proponer-sobre-prevencion-y-defensa-de-sus-derechos\/\",\"name\":\"Fiscal\u00eda General de la Naci\u00f3n\",\"isPartOf\":{\"@id\":\"https:\/\/www.fiscalia.gov.co\/colombia\/#website\"},\"datePublished\":\"2020-02-05T19:51:49+00:00\",\"dateModified\":\"2020-02-05T19:51:49+00:00\",\"description\":\"P\u00e1gina oficial de la Fiscal\u00eda General de la Naci\u00f3n \u2013 Colombia. Garantizamos el acceso efectivo a la justicia, la verdad y la reparaci\u00f3n de las v\u00edctimas de los delitos.\",\"breadcrumb\":{\"@id\":\"https:\/\/www.fiscalia.gov.co\/colombia\/noticias\/los-ninos-ninas-y-adolescentes-podran-proponer-sobre-prevencion-y-defensa-de-sus-derechos\/#breadcrumb\"},\"inLanguage\":\"es-CO\",\"potentialAction\":[{\"@type\":\"ReadAction\",\"target\":[\"https:\/\/www.fiscalia.gov.co\/colombia\/noticias\/los-ninos-ninas-y-adolescentes-podran-proponer-sobre-prevencion-y-defensa-de-sus-derechos\/\"]}]},{\"@type\":\"BreadcrumbList\",\"@id\":\"https:\/\/www.fiscalia.gov.co\/colombia\/noticias\/los-ninos-ninas-y-adolescentes-podran-proponer-sobre-prevencion-y-defensa-de-sus-derechos\/#breadcrumb\",\"itemListElement\":[{\"@type\":\"ListItem\",\"position\":1,\"name\":\"Home\",\"item\":\"https:\/\/www.fiscalia.gov.co\/colombia\/\"},{\"@type\":\"ListItem\",\"position\":2,\"name\":\"Los ni\u00f1os, ni\u00f1as y adolescentes podr\u00e1n proponer sobre prevenci\u00f3n y defensa de sus derechos\"}]},{\"@type\":\"WebSite\",\"@id\":\"https:\/\/www.fiscalia.gov.co\/colombia\/#website\",\"url\":\"https:\/\/www.fiscalia.gov.co\/colombia\/\",\"name\":\"Fiscal\u00eda General de la Naci\u00f3n\",\"description\":\"P\u00e1gina oficial de la Fiscal\u00eda General de la Naci\u00f3n \u2013 Colombia. Garantizamos el acceso efectivo a la justicia, la verdad y la reparaci\u00f3n de las v\u00edctimas de los delitos.\",\"publisher\":{\"@id\":\"https:\/\/www.fiscalia.gov.co\/colombia\/#organization\"},\"potentialAction\":[{\"@type\":\"SearchAction\",\"target\":{\"@type\":\"EntryPoint\",\"urlTemplate\":\"https:\/\/www.fiscalia.gov.co\/colombia\/?s={search_term_string}\"},\"query-input\":{\"@type\":\"PropertyValueSpecification\",\"valueRequired\":true,\"valueName\":\"search_term_string\"}}],\"inLanguage\":\"es-CO\"},{\"@type\":\"Organization\",\"@id\":\"https:\/\/www.fiscalia.gov.co\/colombia\/#organization\",\"name\":\"Fiscal\u00eda General de la Naci\u00f3n\",\"url\":\"https:\/\/www.fiscalia.gov.co\/colombia\/\",\"logo\":{\"@type\":\"ImageObject\",\"inLanguage\":\"es-CO\",\"@id\":\"https:\/\/www.fiscalia.gov.co\/colombia\/#\/schema\/logo\/image\/\",\"url\":\"https:\/\/www.fiscalia.gov.co\/colombia\/wp-content\/uploads\/LogoHorizontal_1.jpg\",\"contentUrl\":\"https:\/\/www.fiscalia.gov.co\/colombia\/wp-content\/uploads\/LogoHorizontal_1.jpg\",\"width\":300,\"height\":90,\"caption\":\"Fiscal\u00eda General de la Naci\u00f3n\"},\"image\":{\"@id\":\"https:\/\/www.fiscalia.gov.co\/colombia\/#\/schema\/logo\/image\/\"},\"sameAs\":[\"https:\/\/www.facebook.com\/FiscaliaCol\",\"https:\/\/x.com\/FiscaliaCol\",\"https:\/\/www.instagram.com\/fiscaliacol\",\"https:\/\/www.linkedin.com\/company\/fiscalia-general-de-la-naci-n\/\",\"https:\/\/youtube.com\/@fiscaliageneraldelanacion-4668?si=6nN79nyQICPU5iTh\"]},{\"@type\":\"Person\",\"@id\":\"https:\/\/www.fiscalia.gov.co\/colombia\/#\/schema\/person\/bf28d8ae7f1b287bbe3af484b04f43ea\",\"name\":\"Direcci\u00f3n de Comunicaciones Fiscal\u00eda General de la Naci\u00f3n\",\"image\":{\"@type\":\"ImageObject\",\"inLanguage\":\"es-CO\",\"@id\":\"https:\/\/www.fiscalia.gov.co\/colombia\/#\/schema\/person\/image\/\",\"url\":\"https:\/\/secure.gravatar.com\/avatar\/9d55ae161d32da16dbdd0b380c080a5f?s=96&d=mm&r=g\",\"contentUrl\":\"https:\/\/secure.gravatar.com\/avatar\/9d55ae161d32da16dbdd0b380c080a5f?s=96&d=mm&r=g\",\"caption\":\"Direcci\u00f3n de Comunicaciones Fiscal\u00eda General de la Naci\u00f3n\"},\"url\":\"https:\/\/www.fiscalia.gov.co\/colombia\/author\/kbonilla\/\"}]}<\/script>\n<!-- \/ Yoast SEO plugin. -->","yoast_head_json":{"title":"Fiscal\u00eda General de la Naci\u00f3n","description":"P\u00e1gina oficial de la Fiscal\u00eda General de la Naci\u00f3n \u2013 Colombia. Garantizamos el acceso efectivo a la justicia, la verdad y la reparaci\u00f3n de las v\u00edctimas de los delitos.","robots":{"index":"noindex","follow":"follow"},"og_locale":"es_ES","og_type":"article","og_title":"Fiscal\u00eda General de la Naci\u00f3n","og_description":"P\u00e1gina oficial de la Fiscal\u00eda General de la Naci\u00f3n \u2013 Colombia. Garantizamos el acceso efectivo a la justicia, la verdad y la reparaci\u00f3n de las v\u00edctimas de los delitos.","og_url":"https:\/\/www.fiscalia.gov.co\/colombia\/noticias\/los-ninos-ninas-y-adolescentes-podran-proponer-sobre-prevencion-y-defensa-de-sus-derechos\/","og_site_name":"Fiscal\u00eda General de la Naci\u00f3n","article_publisher":"https:\/\/www.facebook.com\/FiscaliaCol","article_published_time":"2020-02-05T19:51:49+00:00","author":"Direcci\u00f3n de Comunicaciones Fiscal\u00eda General de la Naci\u00f3n","twitter_card":"summary_large_image","twitter_creator":"@FiscaliaCol","twitter_site":"@FiscaliaCol","twitter_misc":{"Escrito por":"Direcci\u00f3n de Comunicaciones Fiscal\u00eda General de la Naci\u00f3n","Tiempo de lectura":"3 minutos"},"schema":{"@context":"https:\/\/schema.org","@graph":[{"@type":"Article","@id":"https:\/\/www.fiscalia.gov.co\/colombia\/noticias\/los-ninos-ninas-y-adolescentes-podran-proponer-sobre-prevencion-y-defensa-de-sus-derechos\/#article","isPartOf":{"@id":"https:\/\/www.fiscalia.gov.co\/colombia\/noticias\/los-ninos-ninas-y-adolescentes-podran-proponer-sobre-prevencion-y-defensa-de-sus-derechos\/"},"author":{"name":"Direcci\u00f3n de Comunicaciones Fiscal\u00eda General de la Naci\u00f3n","@id":"https:\/\/www.fiscalia.gov.co\/colombia\/#\/schema\/person\/bf28d8ae7f1b287bbe3af484b04f43ea"},"headline":"Los ni\u00f1os, ni\u00f1as y adolescentes podr\u00e1n proponer sobre prevenci\u00f3n y defensa de sus derechos","datePublished":"2020-02-05T19:51:49+00:00","dateModified":"2020-02-05T19:51:49+00:00","mainEntityOfPage":{"@id":"https:\/\/www.fiscalia.gov.co\/colombia\/noticias\/los-ninos-ninas-y-adolescentes-podran-proponer-sobre-prevencion-y-defensa-de-sus-derechos\/"},"wordCount":619,"publisher":{"@id":"https:\/\/www.fiscalia.gov.co\/colombia\/#organization"},"articleSection":["Noticias"],"inLanguage":"es-CO"},{"@type":"WebPage","@id":"https:\/\/www.fiscalia.gov.co\/colombia\/noticias\/los-ninos-ninas-y-adolescentes-podran-proponer-sobre-prevencion-y-defensa-de-sus-derechos\/","url":"https:\/\/www.fiscalia.gov.co\/colombia\/noticias\/los-ninos-ninas-y-adolescentes-podran-proponer-sobre-prevencion-y-defensa-de-sus-derechos\/","name":"Fiscal\u00eda General de la Naci\u00f3n","isPartOf":{"@id":"https:\/\/www.fiscalia.gov.co\/colombia\/#website"},"datePublished":"2020-02-05T19:51:49+00:00","dateModified":"2020-02-05T19:51:49+00:00","description":"P\u00e1gina oficial de la Fiscal\u00eda General de la Naci\u00f3n \u2013 Colombia. Garantizamos el acceso efectivo a la justicia, la verdad y la reparaci\u00f3n de las v\u00edctimas de los delitos.","breadcrumb":{"@id":"https:\/\/www.fiscalia.gov.co\/colombia\/noticias\/los-ninos-ninas-y-adolescentes-podran-proponer-sobre-prevencion-y-defensa-de-sus-derechos\/#breadcrumb"},"inLanguage":"es-CO","potentialAction":[{"@type":"ReadAction","target":["https:\/\/www.fiscalia.gov.co\/colombia\/noticias\/los-ninos-ninas-y-adolescentes-podran-proponer-sobre-prevencion-y-defensa-de-sus-derechos\/"]}]},{"@type":"BreadcrumbList","@id":"https:\/\/www.fiscalia.gov.co\/colombia\/noticias\/los-ninos-ninas-y-adolescentes-podran-proponer-sobre-prevencion-y-defensa-de-sus-derechos\/#breadcrumb","itemListElement":[{"@type":"ListItem","position":1,"name":"Home","item":"https:\/\/www.fiscalia.gov.co\/colombia\/"},{"@type":"ListItem","position":2,"name":"Los ni\u00f1os, ni\u00f1as y adolescentes podr\u00e1n proponer sobre prevenci\u00f3n y defensa de sus derechos"}]},{"@type":"WebSite","@id":"https:\/\/www.fiscalia.gov.co\/colombia\/#website","url":"https:\/\/www.fiscalia.gov.co\/colombia\/","name":"Fiscal\u00eda General de la Naci\u00f3n","description":"P\u00e1gina oficial de la Fiscal\u00eda General de la Naci\u00f3n \u2013 Colombia. Garantizamos el acceso efectivo a la justicia, la verdad y la reparaci\u00f3n de las v\u00edctimas de los delitos.","publisher":{"@id":"https:\/\/www.fiscalia.gov.co\/colombia\/#organization"},"potentialAction":[{"@type":"SearchAction","target":{"@type":"EntryPoint","urlTemplate":"https:\/\/www.fiscalia.gov.co\/colombia\/?s={search_term_string}"},"query-input":{"@type":"PropertyValueSpecification","valueRequired":true,"valueName":"search_term_string"}}],"inLanguage":"es-CO"},{"@type":"Organization","@id":"https:\/\/www.fiscalia.gov.co\/colombia\/#organization","name":"Fiscal\u00eda General de la Naci\u00f3n","url":"https:\/\/www.fiscalia.gov.co\/colombia\/","logo":{"@type":"ImageObject","inLanguage":"es-CO","@id":"https:\/\/www.fiscalia.gov.co\/colombia\/#\/schema\/logo\/image\/","url":"https:\/\/www.fiscalia.gov.co\/colombia\/wp-content\/uploads\/LogoHorizontal_1.jpg","contentUrl":"https:\/\/www.fiscalia.gov.co\/colombia\/wp-content\/uploads\/LogoHorizontal_1.jpg","width":300,"height":90,"caption":"Fiscal\u00eda General de la Naci\u00f3n"},"image":{"@id":"https:\/\/www.fiscalia.gov.co\/colombia\/#\/schema\/logo\/image\/"},"sameAs":["https:\/\/www.facebook.com\/FiscaliaCol","https:\/\/x.com\/FiscaliaCol","https:\/\/www.instagram.com\/fiscaliacol","https:\/\/www.linkedin.com\/company\/fiscalia-general-de-la-naci-n\/","https:\/\/youtube.com\/@fiscaliageneraldelanacion-4668?si=6nN79nyQICPU5iTh"]},{"@type":"Person","@id":"https:\/\/www.fiscalia.gov.co\/colombia\/#\/schema\/person\/bf28d8ae7f1b287bbe3af484b04f43ea","name":"Direcci\u00f3n de Comunicaciones Fiscal\u00eda General de la Naci\u00f3n","image":{"@type":"ImageObject","inLanguage":"es-CO","@id":"https:\/\/www.fiscalia.gov.co\/colombia\/#\/schema\/person\/image\/","url":"https:\/\/secure.gravatar.com\/avatar\/9d55ae161d32da16dbdd0b380c080a5f?s=96&d=mm&r=g","contentUrl":"https:\/\/secure.gravatar.com\/avatar\/9d55ae161d32da16dbdd0b380c080a5f?s=96&d=mm&r=g","caption":"Direcci\u00f3n de Comunicaciones Fiscal\u00eda General de la Naci\u00f3n"},"url":"https:\/\/www.fiscalia.gov.co\/colombia\/author\/kbonilla\/"}]}},"_links":{"self":[{"href":"https:\/\/www.fiscalia.gov.co\/colombia\/wp-json\/wp\/v2\/posts\/188654","targetHints":{"allow":["GET"]}}],"collection":[{"href":"https:\/\/www.fiscalia.gov.co\/colombia\/wp-json\/wp\/v2\/posts"}],"about":[{"href":"https:\/\/www.fiscalia.gov.co\/colombia\/wp-json\/wp\/v2\/types\/post"}],"author":[{"embeddable":true,"href":"https:\/\/www.fiscalia.gov.co\/colombia\/wp-json\/wp\/v2\/users\/162"}],"replies":[{"embeddable":true,"href":"https:\/\/www.fiscalia.gov.co\/colombia\/wp-json\/wp\/v2\/comments?post=188654"}],"version-history":[{"count":1,"href":"https:\/\/www.fiscalia.gov.co\/colombia\/wp-json\/wp\/v2\/posts\/188654\/revisions"}],"predecessor-version":[{"id":188655,"href":"https:\/\/www.fiscalia.gov.co\/colombia\/wp-json\/wp\/v2\/posts\/188654\/revisions\/188655"}],"wp:attachment":[{"href":"https:\/\/www.fiscalia.gov.co\/colombia\/wp-json\/wp\/v2\/media?parent=188654"}],"wp:term":[{"taxonomy":"category","embeddable":true,"href":"https:\/\/www.fiscalia.gov.co\/colombia\/wp-json\/wp\/v2\/categories?post=188654"},{"taxonomy":"post_tag","embeddable":true,"href":"https:\/\/www.fiscalia.gov.co\/colombia\/wp-json\/wp\/v2\/tags?post=188654"}],"curies":[{"name":"wp","href":"https:\/\/api.w.org\/{rel}","templated":true}]}}