{"id":188623,"date":"2020-02-05T10:45:54","date_gmt":"2020-02-05T15:45:54","guid":{"rendered":"https:\/\/www.fiscalia.gov.co\/colombia\/?p=188623"},"modified":"2020-02-05T15:55:16","modified_gmt":"2020-02-05T20:55:16","slug":"historica-y-multimillonaria-operacion-de-extincion-de-dominio-a-bienes-del-denominado-clan-herrera","status":"publish","type":"post","link":"https:\/\/www.fiscalia.gov.co\/colombia\/noticias\/historica-y-multimillonaria-operacion-de-extincion-de-dominio-a-bienes-del-denominado-clan-herrera\/","title":{"rendered":"Hist\u00f3rica y multimillonaria operaci\u00f3n de extinci\u00f3n de dominio a bienes del denominado \u2018Clan Herrera\u2019"},"content":{"rendered":"<blockquote class=\"td_quote_box td_box_center\">\n<h4><strong>576 bienes, avaluados en 5.6 billones de pesos, fueron ocupados en diligencias de ocupaci\u00f3n realizadas por la Fiscal\u00eda General de la Naci\u00f3n y la DIJIN de la Polic\u00eda Nacional en Valle del Cauca, Cundinamarca, Santander, Bol\u00edvar, Risaralda y Bogot\u00e1. Esta operaci\u00f3n de extinci\u00f3n de dominio es la m\u00e1s grande realizada en el pa\u00eds por el avalu\u00f3 de las propiedades afectadas.<\/strong><\/h4>\n<\/blockquote>\n<p>La captura de William Herrera L\u00f3pez, alias W, sobrino del extinto narcotraficante H\u00e9lmer \u2018Pacho\u2019 Herrera, puso al descubierto la millonaria fortuna ilegal que el asesinado capo del Cartel de Cali hab\u00eda dejado a nombre de presuntos testaferros en varios departamentos del pa\u00eds.<\/p>\n<p>En el lugar de la detenci\u00f3n, realizada en agosto de 2019 en Cali (Valle del Cauca), fueron encontrados libros, escrituras y certificados de tradici\u00f3n y libertad, los cuales conten\u00edan detalles de propiedades y de 35 supuestos propietarios.<\/p>\n<p>De acuerdo con los elementos conocidos, alias W se habr\u00eda aliado con un componente armado del Clan del Golfo para recuperar violentamente los inmuebles, sociedades y establecimientos comerciales que el denominado \u2018Clan Herrera\u2019 supuestamente obtuvo del tr\u00e1fico de coca\u00edna y que permanec\u00edan ocultos. A cambio, la estructura criminal supuestamente recib\u00eda el 30% del valor de cada propiedad.<\/p>\n<p>Con la informaci\u00f3n y evidencia f\u00edsica obtenida en el proceso de captura de William Herrera L\u00f3pez, alias W, la Fiscal\u00eda General de la Naci\u00f3n y la DIJIN de la Polic\u00eda Nacional identificaron y ubicaron 576 bienes, avaluados en 5.6 billones de pesos, que hac\u00edan parte del patrimonio ilegal del extinto alias \u2018Pacho\u2019 Herrera.<\/p>\n<p>Una fiscal de la Direcci\u00f3n Especializada de Extinci\u00f3n del Derecho de Dominio impuso medidas cautelares de secuestro, suspensi\u00f3n del poder dispositivo y embargo a las propiedades detectadas. Todas fueron ocupadas en diligencias simult\u00e1neas realizadas en municipios de los departamentos de Valle del Cauca, Cundinamarca, Santander, Bol\u00edvar y Risaralda, y en Bogot\u00e1.<\/p>\n<p>En total fueron afectados 324 inmuebles\u00a0(37 apartamentos, 93 casas, 62 parqueaderos, 8 fincas, 108 Lotes \u2018Proyecto de Condominio\u2019 y 16 oficinas), 2 sociedades, 3 establecimientos de comercio y 247 semovientes.<\/p>\n<p>318 bienes fueron ocupados en Cali, Cerrito, Jamund\u00ed, Tulu\u00e1, Yumbo, Ginebra, Calima, Palmira, Candelaria y Dagua (Valle del Cauca); 5 m\u00e1s en zona rural de Cimitarra (Santander), 2 en Bogot\u00e1, 2 en Cartagena (Bol\u00edvar), 1 en Pereira (Risaralda), y 1 en Girardot (Cundinamarca).<\/p>\n<p>Sobresale una hacienda ubicada en el lago Calima, cuya extensi\u00f3n supera las 137 hect\u00e1reas y est\u00e1 avaluada comercialmente en 3.3 billones de pesos.<\/p>\n<p>Todos los bienes quedaron a disposici\u00f3n de la Sociedad de Activos Especiales (SAE).<\/p>\n<p><strong><u>Clan Herrera<\/u><\/strong><\/p>\n<p>El \u2018Clan Herrera\u2019 fue fundado por el extinto capo conocido como \u2018Pacho Herrera\u2019, integrante del cartel de Cali, quien fue asesinado el 4 de noviembre de 1998 en la C\u00e1rcel de Palmira, donde cumpl\u00eda una sentencia de 14 a\u00f1os de prisi\u00f3n por narcotr\u00e1fico.<\/p>\n<p>Ramiro Herrera Buitrago, conocido como \u2018Don R\u2019, hermano de \u2018Pacho Herrera\u2019, regres\u00f3 en 2012, luego de pagar una condena en Estados Unidos. En febrero de 2016 fue capturado nuevamente, se\u00f1alado de ordenar asesinatos selectivos en el occidente del pa\u00eds y de iniciar acciones violentas para recuperar la fortuna de su asesinado hermano. En diciembre de 2018 qued\u00f3 en libertad luego de cumplir la condena.<\/p>\n<p>La Fiscal\u00eda General de la Naci\u00f3n hace p\u00fablica esta informaci\u00f3n por razones de inter\u00e9s general.<\/p>\n<p>&nbsp;<\/p>\n\n<div class=\"twitter-share\"><a href=\"https:\/\/twitter.com\/intent\/tweet?via=fiscaliacol\" class=\"twitter-share-button\">Tweet<\/a><\/div>\n","protected":false},"excerpt":{"rendered":"<p>576 bienes, avaluados en 5.6 billones de pesos, fueron ocupados en diligencias de ocupaci\u00f3n realizadas por la Fiscal\u00eda General de la Naci\u00f3n y la DIJIN de la Polic\u00eda Nacional en [&hellip;]<\/p>\n","protected":false},"author":162,"featured_media":0,"comment_status":"closed","ping_status":"open","sticky":false,"template":"","format":"video","meta":{"tdm_status":"","tdm_grid_status":"","footnotes":""},"categories":[24116,24157,1],"tags":[],"class_list":["post-188623","post","type-post","status-publish","format-video","category-extincion-de-dominio","category-finanzas-criminales","category-noticias","post_format-post-format-video"],"yoast_head":"<!-- This site is optimized with the Yoast SEO plugin v24.3 - https:\/\/yoast.com\/wordpress\/plugins\/seo\/ -->\n<title>Fiscal\u00eda General de la Naci\u00f3n<\/title>\n<meta name=\"description\" content=\"P\u00e1gina oficial de la Fiscal\u00eda General de la Naci\u00f3n \u2013 Colombia. Garantizamos el acceso efectivo a la justicia, la verdad y la reparaci\u00f3n de las v\u00edctimas de los delitos.\" \/>\n<meta name=\"robots\" content=\"noindex, follow\" \/>\n<meta property=\"og:locale\" content=\"es_ES\" \/>\n<meta property=\"og:type\" content=\"article\" \/>\n<meta property=\"og:title\" content=\"Fiscal\u00eda General de la Naci\u00f3n\" \/>\n<meta property=\"og:description\" content=\"P\u00e1gina oficial de la Fiscal\u00eda General de la Naci\u00f3n \u2013 Colombia. Garantizamos el acceso efectivo a la justicia, la verdad y la reparaci\u00f3n de las v\u00edctimas de los delitos.\" \/>\n<meta property=\"og:url\" content=\"https:\/\/www.fiscalia.gov.co\/colombia\/noticias\/historica-y-multimillonaria-operacion-de-extincion-de-dominio-a-bienes-del-denominado-clan-herrera\/\" \/>\n<meta property=\"og:site_name\" content=\"Fiscal\u00eda General de la Naci\u00f3n\" \/>\n<meta property=\"article:publisher\" content=\"https:\/\/www.facebook.com\/FiscaliaCol\" \/>\n<meta property=\"article:published_time\" content=\"2020-02-05T15:45:54+00:00\" \/>\n<meta property=\"article:modified_time\" content=\"2020-02-05T20:55:16+00:00\" \/>\n<meta name=\"author\" content=\"Direcci\u00f3n de Comunicaciones Fiscal\u00eda General de la Naci\u00f3n\" \/>\n<meta name=\"twitter:card\" content=\"summary_large_image\" \/>\n<meta name=\"twitter:creator\" content=\"@FiscaliaCol\" \/>\n<meta name=\"twitter:site\" content=\"@FiscaliaCol\" \/>\n<meta name=\"twitter:label1\" content=\"Escrito por\" \/>\n\t<meta name=\"twitter:data1\" content=\"Direcci\u00f3n de Comunicaciones Fiscal\u00eda General de la Naci\u00f3n\" \/>\n\t<meta name=\"twitter:label2\" content=\"Tiempo de lectura\" \/>\n\t<meta name=\"twitter:data2\" content=\"3 minutos\" \/>\n<script type=\"application\/ld+json\" class=\"yoast-schema-graph\">{\"@context\":\"https:\/\/schema.org\",\"@graph\":[{\"@type\":\"Article\",\"@id\":\"https:\/\/www.fiscalia.gov.co\/colombia\/noticias\/historica-y-multimillonaria-operacion-de-extincion-de-dominio-a-bienes-del-denominado-clan-herrera\/#article\",\"isPartOf\":{\"@id\":\"https:\/\/www.fiscalia.gov.co\/colombia\/noticias\/historica-y-multimillonaria-operacion-de-extincion-de-dominio-a-bienes-del-denominado-clan-herrera\/\"},\"author\":{\"name\":\"Direcci\u00f3n de Comunicaciones Fiscal\u00eda General de la Naci\u00f3n\",\"@id\":\"https:\/\/www.fiscalia.gov.co\/colombia\/#\/schema\/person\/bf28d8ae7f1b287bbe3af484b04f43ea\"},\"headline\":\"Hist\u00f3rica y multimillonaria operaci\u00f3n de extinci\u00f3n de dominio a bienes del denominado \u2018Clan Herrera\u2019\",\"datePublished\":\"2020-02-05T15:45:54+00:00\",\"dateModified\":\"2020-02-05T20:55:16+00:00\",\"mainEntityOfPage\":{\"@id\":\"https:\/\/www.fiscalia.gov.co\/colombia\/noticias\/historica-y-multimillonaria-operacion-de-extincion-de-dominio-a-bienes-del-denominado-clan-herrera\/\"},\"wordCount\":571,\"publisher\":{\"@id\":\"https:\/\/www.fiscalia.gov.co\/colombia\/#organization\"},\"articleSection\":[\"Extinci\u00f3n de dominio\",\"Finanzas criminales\",\"Noticias\"],\"inLanguage\":\"es-CO\"},{\"@type\":\"WebPage\",\"@id\":\"https:\/\/www.fiscalia.gov.co\/colombia\/noticias\/historica-y-multimillonaria-operacion-de-extincion-de-dominio-a-bienes-del-denominado-clan-herrera\/\",\"url\":\"https:\/\/www.fiscalia.gov.co\/colombia\/noticias\/historica-y-multimillonaria-operacion-de-extincion-de-dominio-a-bienes-del-denominado-clan-herrera\/\",\"name\":\"Fiscal\u00eda General de la Naci\u00f3n\",\"isPartOf\":{\"@id\":\"https:\/\/www.fiscalia.gov.co\/colombia\/#website\"},\"datePublished\":\"2020-02-05T15:45:54+00:00\",\"dateModified\":\"2020-02-05T20:55:16+00:00\",\"description\":\"P\u00e1gina oficial de la Fiscal\u00eda General de la Naci\u00f3n \u2013 Colombia. Garantizamos el acceso efectivo a la justicia, la verdad y la reparaci\u00f3n de las v\u00edctimas de los delitos.\",\"breadcrumb\":{\"@id\":\"https:\/\/www.fiscalia.gov.co\/colombia\/noticias\/historica-y-multimillonaria-operacion-de-extincion-de-dominio-a-bienes-del-denominado-clan-herrera\/#breadcrumb\"},\"inLanguage\":\"es-CO\",\"potentialAction\":[{\"@type\":\"ReadAction\",\"target\":[\"https:\/\/www.fiscalia.gov.co\/colombia\/noticias\/historica-y-multimillonaria-operacion-de-extincion-de-dominio-a-bienes-del-denominado-clan-herrera\/\"]}]},{\"@type\":\"BreadcrumbList\",\"@id\":\"https:\/\/www.fiscalia.gov.co\/colombia\/noticias\/historica-y-multimillonaria-operacion-de-extincion-de-dominio-a-bienes-del-denominado-clan-herrera\/#breadcrumb\",\"itemListElement\":[{\"@type\":\"ListItem\",\"position\":1,\"name\":\"Home\",\"item\":\"https:\/\/www.fiscalia.gov.co\/colombia\/\"},{\"@type\":\"ListItem\",\"position\":2,\"name\":\"Hist\u00f3rica y multimillonaria operaci\u00f3n de extinci\u00f3n de dominio a bienes del denominado \u2018Clan Herrera\u2019\"}]},{\"@type\":\"WebSite\",\"@id\":\"https:\/\/www.fiscalia.gov.co\/colombia\/#website\",\"url\":\"https:\/\/www.fiscalia.gov.co\/colombia\/\",\"name\":\"Fiscal\u00eda General de la Naci\u00f3n\",\"description\":\"P\u00e1gina oficial de la Fiscal\u00eda General de la Naci\u00f3n \u2013 Colombia. Garantizamos el acceso efectivo a la justicia, la verdad y la reparaci\u00f3n de las v\u00edctimas de los delitos.\",\"publisher\":{\"@id\":\"https:\/\/www.fiscalia.gov.co\/colombia\/#organization\"},\"potentialAction\":[{\"@type\":\"SearchAction\",\"target\":{\"@type\":\"EntryPoint\",\"urlTemplate\":\"https:\/\/www.fiscalia.gov.co\/colombia\/?s={search_term_string}\"},\"query-input\":{\"@type\":\"PropertyValueSpecification\",\"valueRequired\":true,\"valueName\":\"search_term_string\"}}],\"inLanguage\":\"es-CO\"},{\"@type\":\"Organization\",\"@id\":\"https:\/\/www.fiscalia.gov.co\/colombia\/#organization\",\"name\":\"Fiscal\u00eda General de la Naci\u00f3n\",\"url\":\"https:\/\/www.fiscalia.gov.co\/colombia\/\",\"logo\":{\"@type\":\"ImageObject\",\"inLanguage\":\"es-CO\",\"@id\":\"https:\/\/www.fiscalia.gov.co\/colombia\/#\/schema\/logo\/image\/\",\"url\":\"https:\/\/www.fiscalia.gov.co\/colombia\/wp-content\/uploads\/LogoHorizontal_1.jpg\",\"contentUrl\":\"https:\/\/www.fiscalia.gov.co\/colombia\/wp-content\/uploads\/LogoHorizontal_1.jpg\",\"width\":300,\"height\":90,\"caption\":\"Fiscal\u00eda General de la Naci\u00f3n\"},\"image\":{\"@id\":\"https:\/\/www.fiscalia.gov.co\/colombia\/#\/schema\/logo\/image\/\"},\"sameAs\":[\"https:\/\/www.facebook.com\/FiscaliaCol\",\"https:\/\/x.com\/FiscaliaCol\",\"https:\/\/www.instagram.com\/fiscaliacol\",\"https:\/\/www.linkedin.com\/company\/fiscalia-general-de-la-naci-n\/\",\"https:\/\/youtube.com\/@fiscaliageneraldelanacion-4668?si=6nN79nyQICPU5iTh\"]},{\"@type\":\"Person\",\"@id\":\"https:\/\/www.fiscalia.gov.co\/colombia\/#\/schema\/person\/bf28d8ae7f1b287bbe3af484b04f43ea\",\"name\":\"Direcci\u00f3n de Comunicaciones Fiscal\u00eda General de la Naci\u00f3n\",\"image\":{\"@type\":\"ImageObject\",\"inLanguage\":\"es-CO\",\"@id\":\"https:\/\/www.fiscalia.gov.co\/colombia\/#\/schema\/person\/image\/\",\"url\":\"https:\/\/secure.gravatar.com\/avatar\/9d55ae161d32da16dbdd0b380c080a5f?s=96&d=mm&r=g\",\"contentUrl\":\"https:\/\/secure.gravatar.com\/avatar\/9d55ae161d32da16dbdd0b380c080a5f?s=96&d=mm&r=g\",\"caption\":\"Direcci\u00f3n de Comunicaciones Fiscal\u00eda General de la Naci\u00f3n\"},\"url\":\"https:\/\/www.fiscalia.gov.co\/colombia\/author\/kbonilla\/\"}]}<\/script>\n<!-- \/ Yoast SEO plugin. -->","yoast_head_json":{"title":"Fiscal\u00eda General de la Naci\u00f3n","description":"P\u00e1gina oficial de la Fiscal\u00eda General de la Naci\u00f3n \u2013 Colombia. Garantizamos el acceso efectivo a la justicia, la verdad y la reparaci\u00f3n de las v\u00edctimas de los delitos.","robots":{"index":"noindex","follow":"follow"},"og_locale":"es_ES","og_type":"article","og_title":"Fiscal\u00eda General de la Naci\u00f3n","og_description":"P\u00e1gina oficial de la Fiscal\u00eda General de la Naci\u00f3n \u2013 Colombia. Garantizamos el acceso efectivo a la justicia, la verdad y la reparaci\u00f3n de las v\u00edctimas de los delitos.","og_url":"https:\/\/www.fiscalia.gov.co\/colombia\/noticias\/historica-y-multimillonaria-operacion-de-extincion-de-dominio-a-bienes-del-denominado-clan-herrera\/","og_site_name":"Fiscal\u00eda General de la Naci\u00f3n","article_publisher":"https:\/\/www.facebook.com\/FiscaliaCol","article_published_time":"2020-02-05T15:45:54+00:00","article_modified_time":"2020-02-05T20:55:16+00:00","author":"Direcci\u00f3n de Comunicaciones Fiscal\u00eda General de la Naci\u00f3n","twitter_card":"summary_large_image","twitter_creator":"@FiscaliaCol","twitter_site":"@FiscaliaCol","twitter_misc":{"Escrito por":"Direcci\u00f3n de Comunicaciones Fiscal\u00eda General de la Naci\u00f3n","Tiempo de lectura":"3 minutos"},"schema":{"@context":"https:\/\/schema.org","@graph":[{"@type":"Article","@id":"https:\/\/www.fiscalia.gov.co\/colombia\/noticias\/historica-y-multimillonaria-operacion-de-extincion-de-dominio-a-bienes-del-denominado-clan-herrera\/#article","isPartOf":{"@id":"https:\/\/www.fiscalia.gov.co\/colombia\/noticias\/historica-y-multimillonaria-operacion-de-extincion-de-dominio-a-bienes-del-denominado-clan-herrera\/"},"author":{"name":"Direcci\u00f3n de Comunicaciones Fiscal\u00eda General de la Naci\u00f3n","@id":"https:\/\/www.fiscalia.gov.co\/colombia\/#\/schema\/person\/bf28d8ae7f1b287bbe3af484b04f43ea"},"headline":"Hist\u00f3rica y multimillonaria operaci\u00f3n de extinci\u00f3n de dominio a bienes del denominado \u2018Clan Herrera\u2019","datePublished":"2020-02-05T15:45:54+00:00","dateModified":"2020-02-05T20:55:16+00:00","mainEntityOfPage":{"@id":"https:\/\/www.fiscalia.gov.co\/colombia\/noticias\/historica-y-multimillonaria-operacion-de-extincion-de-dominio-a-bienes-del-denominado-clan-herrera\/"},"wordCount":571,"publisher":{"@id":"https:\/\/www.fiscalia.gov.co\/colombia\/#organization"},"articleSection":["Extinci\u00f3n de dominio","Finanzas criminales","Noticias"],"inLanguage":"es-CO"},{"@type":"WebPage","@id":"https:\/\/www.fiscalia.gov.co\/colombia\/noticias\/historica-y-multimillonaria-operacion-de-extincion-de-dominio-a-bienes-del-denominado-clan-herrera\/","url":"https:\/\/www.fiscalia.gov.co\/colombia\/noticias\/historica-y-multimillonaria-operacion-de-extincion-de-dominio-a-bienes-del-denominado-clan-herrera\/","name":"Fiscal\u00eda General de la Naci\u00f3n","isPartOf":{"@id":"https:\/\/www.fiscalia.gov.co\/colombia\/#website"},"datePublished":"2020-02-05T15:45:54+00:00","dateModified":"2020-02-05T20:55:16+00:00","description":"P\u00e1gina oficial de la Fiscal\u00eda General de la Naci\u00f3n \u2013 Colombia. Garantizamos el acceso efectivo a la justicia, la verdad y la reparaci\u00f3n de las v\u00edctimas de los delitos.","breadcrumb":{"@id":"https:\/\/www.fiscalia.gov.co\/colombia\/noticias\/historica-y-multimillonaria-operacion-de-extincion-de-dominio-a-bienes-del-denominado-clan-herrera\/#breadcrumb"},"inLanguage":"es-CO","potentialAction":[{"@type":"ReadAction","target":["https:\/\/www.fiscalia.gov.co\/colombia\/noticias\/historica-y-multimillonaria-operacion-de-extincion-de-dominio-a-bienes-del-denominado-clan-herrera\/"]}]},{"@type":"BreadcrumbList","@id":"https:\/\/www.fiscalia.gov.co\/colombia\/noticias\/historica-y-multimillonaria-operacion-de-extincion-de-dominio-a-bienes-del-denominado-clan-herrera\/#breadcrumb","itemListElement":[{"@type":"ListItem","position":1,"name":"Home","item":"https:\/\/www.fiscalia.gov.co\/colombia\/"},{"@type":"ListItem","position":2,"name":"Hist\u00f3rica y multimillonaria operaci\u00f3n de extinci\u00f3n de dominio a bienes del denominado \u2018Clan Herrera\u2019"}]},{"@type":"WebSite","@id":"https:\/\/www.fiscalia.gov.co\/colombia\/#website","url":"https:\/\/www.fiscalia.gov.co\/colombia\/","name":"Fiscal\u00eda General de la Naci\u00f3n","description":"P\u00e1gina oficial de la Fiscal\u00eda General de la Naci\u00f3n \u2013 Colombia. Garantizamos el acceso efectivo a la justicia, la verdad y la reparaci\u00f3n de las v\u00edctimas de los delitos.","publisher":{"@id":"https:\/\/www.fiscalia.gov.co\/colombia\/#organization"},"potentialAction":[{"@type":"SearchAction","target":{"@type":"EntryPoint","urlTemplate":"https:\/\/www.fiscalia.gov.co\/colombia\/?s={search_term_string}"},"query-input":{"@type":"PropertyValueSpecification","valueRequired":true,"valueName":"search_term_string"}}],"inLanguage":"es-CO"},{"@type":"Organization","@id":"https:\/\/www.fiscalia.gov.co\/colombia\/#organization","name":"Fiscal\u00eda General de la Naci\u00f3n","url":"https:\/\/www.fiscalia.gov.co\/colombia\/","logo":{"@type":"ImageObject","inLanguage":"es-CO","@id":"https:\/\/www.fiscalia.gov.co\/colombia\/#\/schema\/logo\/image\/","url":"https:\/\/www.fiscalia.gov.co\/colombia\/wp-content\/uploads\/LogoHorizontal_1.jpg","contentUrl":"https:\/\/www.fiscalia.gov.co\/colombia\/wp-content\/uploads\/LogoHorizontal_1.jpg","width":300,"height":90,"caption":"Fiscal\u00eda General de la Naci\u00f3n"},"image":{"@id":"https:\/\/www.fiscalia.gov.co\/colombia\/#\/schema\/logo\/image\/"},"sameAs":["https:\/\/www.facebook.com\/FiscaliaCol","https:\/\/x.com\/FiscaliaCol","https:\/\/www.instagram.com\/fiscaliacol","https:\/\/www.linkedin.com\/company\/fiscalia-general-de-la-naci-n\/","https:\/\/youtube.com\/@fiscaliageneraldelanacion-4668?si=6nN79nyQICPU5iTh"]},{"@type":"Person","@id":"https:\/\/www.fiscalia.gov.co\/colombia\/#\/schema\/person\/bf28d8ae7f1b287bbe3af484b04f43ea","name":"Direcci\u00f3n de Comunicaciones Fiscal\u00eda General de la Naci\u00f3n","image":{"@type":"ImageObject","inLanguage":"es-CO","@id":"https:\/\/www.fiscalia.gov.co\/colombia\/#\/schema\/person\/image\/","url":"https:\/\/secure.gravatar.com\/avatar\/9d55ae161d32da16dbdd0b380c080a5f?s=96&d=mm&r=g","contentUrl":"https:\/\/secure.gravatar.com\/avatar\/9d55ae161d32da16dbdd0b380c080a5f?s=96&d=mm&r=g","caption":"Direcci\u00f3n de Comunicaciones Fiscal\u00eda General de la Naci\u00f3n"},"url":"https:\/\/www.fiscalia.gov.co\/colombia\/author\/kbonilla\/"}]}},"_links":{"self":[{"href":"https:\/\/www.fiscalia.gov.co\/colombia\/wp-json\/wp\/v2\/posts\/188623","targetHints":{"allow":["GET"]}}],"collection":[{"href":"https:\/\/www.fiscalia.gov.co\/colombia\/wp-json\/wp\/v2\/posts"}],"about":[{"href":"https:\/\/www.fiscalia.gov.co\/colombia\/wp-json\/wp\/v2\/types\/post"}],"author":[{"embeddable":true,"href":"https:\/\/www.fiscalia.gov.co\/colombia\/wp-json\/wp\/v2\/users\/162"}],"replies":[{"embeddable":true,"href":"https:\/\/www.fiscalia.gov.co\/colombia\/wp-json\/wp\/v2\/comments?post=188623"}],"version-history":[{"count":1,"href":"https:\/\/www.fiscalia.gov.co\/colombia\/wp-json\/wp\/v2\/posts\/188623\/revisions"}],"predecessor-version":[{"id":188624,"href":"https:\/\/www.fiscalia.gov.co\/colombia\/wp-json\/wp\/v2\/posts\/188623\/revisions\/188624"}],"wp:attachment":[{"href":"https:\/\/www.fiscalia.gov.co\/colombia\/wp-json\/wp\/v2\/media?parent=188623"}],"wp:term":[{"taxonomy":"category","embeddable":true,"href":"https:\/\/www.fiscalia.gov.co\/colombia\/wp-json\/wp\/v2\/categories?post=188623"},{"taxonomy":"post_tag","embeddable":true,"href":"https:\/\/www.fiscalia.gov.co\/colombia\/wp-json\/wp\/v2\/tags?post=188623"}],"curies":[{"name":"wp","href":"https:\/\/api.w.org\/{rel}","templated":true}]}}