{"id":188271,"date":"2020-01-27T10:38:16","date_gmt":"2020-01-27T15:38:16","guid":{"rendered":"https:\/\/www.fiscalia.gov.co\/colombia\/?p=188271"},"modified":"2020-01-27T10:38:16","modified_gmt":"2020-01-27T15:38:16","slug":"por-homicidio-de-excombatiente-de-las-farc-dimar-torres-arevalo-fueron-asegurados-un-coronel-y-otros-tres-militares-retirados","status":"publish","type":"post","link":"https:\/\/www.fiscalia.gov.co\/colombia\/noticias\/por-homicidio-de-excombatiente-de-las-farc-dimar-torres-arevalo-fueron-asegurados-un-coronel-y-otros-tres-militares-retirados\/","title":{"rendered":"Por homicidio de excombatiente de las Farc Dimar Torres Ar\u00e9valo, fueron asegurados un coronel y otros tres militares retirados"},"content":{"rendered":"<blockquote class=\"td_quote_box td_box_center\">\n<h4><strong>Fiscal\u00eda imput\u00f3 a los cuatro militares retirados por el delito de homicidio en persona protegida.<\/strong><\/h4>\n<\/blockquote>\n<p>Un juez de control de garant\u00edas de Bogot\u00e1 acogi\u00f3 los argumentos presentados por la Fiscal\u00eda General de la Naci\u00f3n e impuso medida de aseguramiento intramural contra cuatro militares retirados que habr\u00edan participado en el crimen del excombatiente de las Farc, Dimar Torres Ar\u00e9valo, ocurrido el 22 de abril de 2019, en la vereda Carrizal, en Convenci\u00f3n (Norte de Santander).<\/p>\n<p>Los afectados con la decisi\u00f3n son el coronel (r) Jorge Armando P\u00e9rez Am\u00e9zquita y los soldados Yorman Alexander Buritic\u00e1 Duarte, Cristian David Casilimas Pulido y William Andr\u00e9s Alarc\u00f3n Castrill\u00f3n.<\/p>\n<p>Durante las audiencias concentradas, el fiscal de conocimiento argument\u00f3 que la muerte del exintegrante de las desmovilizadas Farc se podr\u00eda considerar como una ejecuci\u00f3n extrajudicial, en el entendido de que la v\u00edctima era una persona en estado de indefensi\u00f3n, desarmada y no combatiente.<\/p>\n<p>En ese sentido, los cuatro militares retirados fueron imputados por el delito de homicidio en persona protegida. Los procesados no aceptaron los cargos en su contra.<\/p>\n<p>De acuerdo con los elementos recopilados en las investigaciones, la tarde del 22 de abril de 2019, Dimar Torres se movilizaba en una motocicleta azul y, mientras pasaba frente a la base Sina\u00ed del Ej\u00e9rcito Nacional, fue detenido y recibi\u00f3 cuatro disparos de fusil que le propin\u00f3 el cabo\u00a0Daniel Eduardo\u00a0G\u00f3mez\u00a0Robledo.<\/p>\n<p>Al parecer, un grupo de soldados ayud\u00f3 a esconder la motocicleta y habr\u00eda cavado una fosa en una zona boscosa ubicada a 15 metros de las instalaciones militares, en la que presuntamente fue sepultado el cuerpo de la v\u00edctima.<\/p>\n<p>Las evidencias indicar\u00edan que el entonces coronel P\u00e9rez Am\u00e9zquita, supuestamente, orden\u00f3 el crimen porque ten\u00eda informaci\u00f3n de que Dimar Torres ser\u00eda el explosivita del ELN que aparentemente instal\u00f3 un campo minado en el que cay\u00f3 un soldado el 12 de abril de 2019, en zona rural de Convenci\u00f3n (Norte de Santander).<\/p>\n<p>La Fiscal\u00eda obtuvo elementos de prueba que permitieron conocer que el oficial quer\u00eda vengar la muerte de uno de sus hombres y, en ese sentido, habr\u00eda pedido actuar contra Dimar Torres. As\u00ed est\u00e1 documentado en varios testimonios, en la versi\u00f3n del cabo Daniel Eduardo G\u00f3mez, quien reconoci\u00f3 su participaci\u00f3n en el crimen; y en algunas interceptaciones telef\u00f3nicas.<\/p>\n<p>En una de las comunicaciones conocidas el coronel P\u00e9rez Am\u00e9zquita habr\u00eda se\u00f1alado: <em>\u201cno hay que capturarlo, hay que matarlo. No aguanta que se vaya a engordar a la c\u00e1rcel&#8221;. <\/em><\/p>\n<p>El juez de control de garant\u00edas dispuso que los cuatro procesados deber\u00e1n cumplir la medida de aseguramiento privativa de la libertad en una instalaci\u00f3n militar.<\/p>\n<p>Por estos mismos hechos, el cabo Daniel Eduardo G\u00f3mez fue condenado a 20 a\u00f1os de c\u00e1rcel, luego de aceptar que dispar\u00f3 contra Dimar Torres.<\/p>\n<p>La Fiscal\u00eda General de la Naci\u00f3n hace p\u00fablica esta informaci\u00f3n por razones de inter\u00e9s general.<\/p>\n<p>&nbsp;<\/p>\n<p>LAGP\/JARG<\/p>\n\n<div class=\"twitter-share\"><a href=\"https:\/\/twitter.com\/intent\/tweet?via=fiscaliacol\" class=\"twitter-share-button\">Tweet<\/a><\/div>\n","protected":false},"excerpt":{"rendered":"<p>Fiscal\u00eda imput\u00f3 a los cuatro militares retirados por el delito de homicidio en persona protegida. Un juez de control de garant\u00edas de Bogot\u00e1 acogi\u00f3 los argumentos presentados por la Fiscal\u00eda General de la Naci\u00f3n e impuso medida de aseguramiento intramural contra cuatro militares retirados que habr\u00edan participado en el crimen del excombatiente de las Farc, [&hellip;]<\/p>\n","protected":false},"author":162,"featured_media":0,"comment_status":"closed","ping_status":"open","sticky":false,"template":"","format":"standard","meta":{"_price":"","_stock":"","_tribe_ticket_header":"","_tribe_default_ticket_provider":"","_tribe_ticket_capacity":"0","_ticket_start_date":"","_ticket_end_date":"","_tribe_ticket_show_description":"","_tribe_ticket_show_not_going":false,"_tribe_ticket_use_global_stock":"","_tribe_ticket_global_stock_level":"","_global_stock_mode":"","_global_stock_cap":"","_tribe_rsvp_for_event":"","_tribe_ticket_going_count":"","_tribe_ticket_not_going_count":"","_tribe_tickets_list":"[]","_tribe_ticket_has_attendee_info_fields":false,"tdm_status":"","tdm_grid_status":"","footnotes":""},"categories":[24102,1],"tags":[],"class_list":{"0":"post-188271","1":"post","2":"type-post","3":"status-publish","4":"format-standard","6":"category-derechos-humanos","7":"category-noticias"},"yoast_head":"<!-- This site is optimized with the Yoast SEO plugin v24.3 - https:\/\/yoast.com\/wordpress\/plugins\/seo\/ -->\n<title>Fiscal\u00eda General de la Naci\u00f3n<\/title>\n<meta name=\"description\" content=\"P\u00e1gina oficial de la Fiscal\u00eda General de la Naci\u00f3n \u2013 Colombia. Garantizamos el acceso efectivo a la justicia, la verdad y la reparaci\u00f3n de las v\u00edctimas de los delitos.\" \/>\n<meta name=\"robots\" content=\"noindex, follow\" \/>\n<meta property=\"og:locale\" content=\"es_ES\" \/>\n<meta property=\"og:type\" content=\"article\" \/>\n<meta property=\"og:title\" content=\"Fiscal\u00eda General de la Naci\u00f3n\" \/>\n<meta property=\"og:description\" content=\"P\u00e1gina oficial de la Fiscal\u00eda General de la Naci\u00f3n \u2013 Colombia. Garantizamos el acceso efectivo a la justicia, la verdad y la reparaci\u00f3n de las v\u00edctimas de los delitos.\" \/>\n<meta property=\"og:url\" content=\"https:\/\/www.fiscalia.gov.co\/colombia\/noticias\/por-homicidio-de-excombatiente-de-las-farc-dimar-torres-arevalo-fueron-asegurados-un-coronel-y-otros-tres-militares-retirados\/\" \/>\n<meta property=\"og:site_name\" content=\"Fiscal\u00eda General de la Naci\u00f3n\" \/>\n<meta property=\"article:publisher\" content=\"https:\/\/www.facebook.com\/FiscaliaCol\" \/>\n<meta property=\"article:published_time\" content=\"2020-01-27T15:38:16+00:00\" \/>\n<meta name=\"author\" content=\"Direcci\u00f3n de Comunicaciones Fiscal\u00eda General de la Naci\u00f3n\" \/>\n<meta name=\"twitter:card\" content=\"summary_large_image\" \/>\n<meta name=\"twitter:creator\" content=\"@FiscaliaCol\" \/>\n<meta name=\"twitter:site\" content=\"@FiscaliaCol\" \/>\n<meta name=\"twitter:label1\" content=\"Escrito por\" \/>\n\t<meta name=\"twitter:data1\" content=\"Direcci\u00f3n de Comunicaciones Fiscal\u00eda General de la Naci\u00f3n\" \/>\n\t<meta name=\"twitter:label2\" content=\"Tiempo de lectura\" \/>\n\t<meta name=\"twitter:data2\" content=\"3 minutos\" \/>\n<script type=\"application\/ld+json\" class=\"yoast-schema-graph\">{\"@context\":\"https:\/\/schema.org\",\"@graph\":[{\"@type\":\"Article\",\"@id\":\"https:\/\/www.fiscalia.gov.co\/colombia\/noticias\/por-homicidio-de-excombatiente-de-las-farc-dimar-torres-arevalo-fueron-asegurados-un-coronel-y-otros-tres-militares-retirados\/#article\",\"isPartOf\":{\"@id\":\"https:\/\/www.fiscalia.gov.co\/colombia\/noticias\/por-homicidio-de-excombatiente-de-las-farc-dimar-torres-arevalo-fueron-asegurados-un-coronel-y-otros-tres-militares-retirados\/\"},\"author\":{\"name\":\"Direcci\u00f3n de Comunicaciones Fiscal\u00eda General de la Naci\u00f3n\",\"@id\":\"https:\/\/www.fiscalia.gov.co\/colombia\/#\/schema\/person\/bf28d8ae7f1b287bbe3af484b04f43ea\"},\"headline\":\"Por homicidio de excombatiente de las Farc Dimar Torres Ar\u00e9valo, fueron asegurados un coronel y otros tres militares retirados\",\"datePublished\":\"2020-01-27T15:38:16+00:00\",\"dateModified\":\"2020-01-27T15:38:16+00:00\",\"mainEntityOfPage\":{\"@id\":\"https:\/\/www.fiscalia.gov.co\/colombia\/noticias\/por-homicidio-de-excombatiente-de-las-farc-dimar-torres-arevalo-fueron-asegurados-un-coronel-y-otros-tres-militares-retirados\/\"},\"wordCount\":531,\"publisher\":{\"@id\":\"https:\/\/www.fiscalia.gov.co\/colombia\/#organization\"},\"articleSection\":[\"Derechos Humanos\",\"Noticias\"],\"inLanguage\":\"es-CO\"},{\"@type\":\"WebPage\",\"@id\":\"https:\/\/www.fiscalia.gov.co\/colombia\/noticias\/por-homicidio-de-excombatiente-de-las-farc-dimar-torres-arevalo-fueron-asegurados-un-coronel-y-otros-tres-militares-retirados\/\",\"url\":\"https:\/\/www.fiscalia.gov.co\/colombia\/noticias\/por-homicidio-de-excombatiente-de-las-farc-dimar-torres-arevalo-fueron-asegurados-un-coronel-y-otros-tres-militares-retirados\/\",\"name\":\"Fiscal\u00eda General de la Naci\u00f3n\",\"isPartOf\":{\"@id\":\"https:\/\/www.fiscalia.gov.co\/colombia\/#website\"},\"datePublished\":\"2020-01-27T15:38:16+00:00\",\"dateModified\":\"2020-01-27T15:38:16+00:00\",\"description\":\"P\u00e1gina oficial de la Fiscal\u00eda General de la Naci\u00f3n \u2013 Colombia. Garantizamos el acceso efectivo a la justicia, la verdad y la reparaci\u00f3n de las v\u00edctimas de los delitos.\",\"breadcrumb\":{\"@id\":\"https:\/\/www.fiscalia.gov.co\/colombia\/noticias\/por-homicidio-de-excombatiente-de-las-farc-dimar-torres-arevalo-fueron-asegurados-un-coronel-y-otros-tres-militares-retirados\/#breadcrumb\"},\"inLanguage\":\"es-CO\",\"potentialAction\":[{\"@type\":\"ReadAction\",\"target\":[\"https:\/\/www.fiscalia.gov.co\/colombia\/noticias\/por-homicidio-de-excombatiente-de-las-farc-dimar-torres-arevalo-fueron-asegurados-un-coronel-y-otros-tres-militares-retirados\/\"]}]},{\"@type\":\"BreadcrumbList\",\"@id\":\"https:\/\/www.fiscalia.gov.co\/colombia\/noticias\/por-homicidio-de-excombatiente-de-las-farc-dimar-torres-arevalo-fueron-asegurados-un-coronel-y-otros-tres-militares-retirados\/#breadcrumb\",\"itemListElement\":[{\"@type\":\"ListItem\",\"position\":1,\"name\":\"Home\",\"item\":\"https:\/\/www.fiscalia.gov.co\/colombia\/\"},{\"@type\":\"ListItem\",\"position\":2,\"name\":\"Por homicidio de excombatiente de las Farc Dimar Torres Ar\u00e9valo, fueron asegurados un coronel y otros tres militares retirados\"}]},{\"@type\":\"WebSite\",\"@id\":\"https:\/\/www.fiscalia.gov.co\/colombia\/#website\",\"url\":\"https:\/\/www.fiscalia.gov.co\/colombia\/\",\"name\":\"Fiscal\u00eda General de la Naci\u00f3n\",\"description\":\"P\u00e1gina oficial de la Fiscal\u00eda General de la Naci\u00f3n \u2013 Colombia. Garantizamos el acceso efectivo a la justicia, la verdad y la reparaci\u00f3n de las v\u00edctimas de los delitos.\",\"publisher\":{\"@id\":\"https:\/\/www.fiscalia.gov.co\/colombia\/#organization\"},\"potentialAction\":[{\"@type\":\"SearchAction\",\"target\":{\"@type\":\"EntryPoint\",\"urlTemplate\":\"https:\/\/www.fiscalia.gov.co\/colombia\/?s={search_term_string}\"},\"query-input\":{\"@type\":\"PropertyValueSpecification\",\"valueRequired\":true,\"valueName\":\"search_term_string\"}}],\"inLanguage\":\"es-CO\"},{\"@type\":\"Organization\",\"@id\":\"https:\/\/www.fiscalia.gov.co\/colombia\/#organization\",\"name\":\"Fiscal\u00eda General de la Naci\u00f3n\",\"url\":\"https:\/\/www.fiscalia.gov.co\/colombia\/\",\"logo\":{\"@type\":\"ImageObject\",\"inLanguage\":\"es-CO\",\"@id\":\"https:\/\/www.fiscalia.gov.co\/colombia\/#\/schema\/logo\/image\/\",\"url\":\"https:\/\/www.fiscalia.gov.co\/colombia\/wp-content\/uploads\/LogoHorizontal_1.jpg\",\"contentUrl\":\"https:\/\/www.fiscalia.gov.co\/colombia\/wp-content\/uploads\/LogoHorizontal_1.jpg\",\"width\":300,\"height\":90,\"caption\":\"Fiscal\u00eda General de la Naci\u00f3n\"},\"image\":{\"@id\":\"https:\/\/www.fiscalia.gov.co\/colombia\/#\/schema\/logo\/image\/\"},\"sameAs\":[\"https:\/\/www.facebook.com\/FiscaliaCol\",\"https:\/\/x.com\/FiscaliaCol\",\"https:\/\/www.instagram.com\/fiscaliacol\",\"https:\/\/www.linkedin.com\/company\/fiscalia-general-de-la-naci-n\/\",\"https:\/\/youtube.com\/@fiscaliageneraldelanacion-4668?si=6nN79nyQICPU5iTh\"]},{\"@type\":\"Person\",\"@id\":\"https:\/\/www.fiscalia.gov.co\/colombia\/#\/schema\/person\/bf28d8ae7f1b287bbe3af484b04f43ea\",\"name\":\"Direcci\u00f3n de Comunicaciones Fiscal\u00eda General de la Naci\u00f3n\",\"image\":{\"@type\":\"ImageObject\",\"inLanguage\":\"es-CO\",\"@id\":\"https:\/\/www.fiscalia.gov.co\/colombia\/#\/schema\/person\/image\/\",\"url\":\"https:\/\/secure.gravatar.com\/avatar\/9d55ae161d32da16dbdd0b380c080a5f?s=96&d=mm&r=g\",\"contentUrl\":\"https:\/\/secure.gravatar.com\/avatar\/9d55ae161d32da16dbdd0b380c080a5f?s=96&d=mm&r=g\",\"caption\":\"Direcci\u00f3n de Comunicaciones Fiscal\u00eda General de la Naci\u00f3n\"},\"url\":\"https:\/\/www.fiscalia.gov.co\/colombia\/author\/kbonilla\/\"}]}<\/script>\n<!-- \/ Yoast SEO plugin. -->","yoast_head_json":{"title":"Fiscal\u00eda General de la Naci\u00f3n","description":"P\u00e1gina oficial de la Fiscal\u00eda General de la Naci\u00f3n \u2013 Colombia. Garantizamos el acceso efectivo a la justicia, la verdad y la reparaci\u00f3n de las v\u00edctimas de los delitos.","robots":{"index":"noindex","follow":"follow"},"og_locale":"es_ES","og_type":"article","og_title":"Fiscal\u00eda General de la Naci\u00f3n","og_description":"P\u00e1gina oficial de la Fiscal\u00eda General de la Naci\u00f3n \u2013 Colombia. Garantizamos el acceso efectivo a la justicia, la verdad y la reparaci\u00f3n de las v\u00edctimas de los delitos.","og_url":"https:\/\/www.fiscalia.gov.co\/colombia\/noticias\/por-homicidio-de-excombatiente-de-las-farc-dimar-torres-arevalo-fueron-asegurados-un-coronel-y-otros-tres-militares-retirados\/","og_site_name":"Fiscal\u00eda General de la Naci\u00f3n","article_publisher":"https:\/\/www.facebook.com\/FiscaliaCol","article_published_time":"2020-01-27T15:38:16+00:00","author":"Direcci\u00f3n de Comunicaciones Fiscal\u00eda General de la Naci\u00f3n","twitter_card":"summary_large_image","twitter_creator":"@FiscaliaCol","twitter_site":"@FiscaliaCol","twitter_misc":{"Escrito por":"Direcci\u00f3n de Comunicaciones Fiscal\u00eda General de la Naci\u00f3n","Tiempo de lectura":"3 minutos"},"schema":{"@context":"https:\/\/schema.org","@graph":[{"@type":"Article","@id":"https:\/\/www.fiscalia.gov.co\/colombia\/noticias\/por-homicidio-de-excombatiente-de-las-farc-dimar-torres-arevalo-fueron-asegurados-un-coronel-y-otros-tres-militares-retirados\/#article","isPartOf":{"@id":"https:\/\/www.fiscalia.gov.co\/colombia\/noticias\/por-homicidio-de-excombatiente-de-las-farc-dimar-torres-arevalo-fueron-asegurados-un-coronel-y-otros-tres-militares-retirados\/"},"author":{"name":"Direcci\u00f3n de Comunicaciones Fiscal\u00eda General de la Naci\u00f3n","@id":"https:\/\/www.fiscalia.gov.co\/colombia\/#\/schema\/person\/bf28d8ae7f1b287bbe3af484b04f43ea"},"headline":"Por homicidio de excombatiente de las Farc Dimar Torres Ar\u00e9valo, fueron asegurados un coronel y otros tres militares retirados","datePublished":"2020-01-27T15:38:16+00:00","dateModified":"2020-01-27T15:38:16+00:00","mainEntityOfPage":{"@id":"https:\/\/www.fiscalia.gov.co\/colombia\/noticias\/por-homicidio-de-excombatiente-de-las-farc-dimar-torres-arevalo-fueron-asegurados-un-coronel-y-otros-tres-militares-retirados\/"},"wordCount":531,"publisher":{"@id":"https:\/\/www.fiscalia.gov.co\/colombia\/#organization"},"articleSection":["Derechos Humanos","Noticias"],"inLanguage":"es-CO"},{"@type":"WebPage","@id":"https:\/\/www.fiscalia.gov.co\/colombia\/noticias\/por-homicidio-de-excombatiente-de-las-farc-dimar-torres-arevalo-fueron-asegurados-un-coronel-y-otros-tres-militares-retirados\/","url":"https:\/\/www.fiscalia.gov.co\/colombia\/noticias\/por-homicidio-de-excombatiente-de-las-farc-dimar-torres-arevalo-fueron-asegurados-un-coronel-y-otros-tres-militares-retirados\/","name":"Fiscal\u00eda General de la Naci\u00f3n","isPartOf":{"@id":"https:\/\/www.fiscalia.gov.co\/colombia\/#website"},"datePublished":"2020-01-27T15:38:16+00:00","dateModified":"2020-01-27T15:38:16+00:00","description":"P\u00e1gina oficial de la Fiscal\u00eda General de la Naci\u00f3n \u2013 Colombia. Garantizamos el acceso efectivo a la justicia, la verdad y la reparaci\u00f3n de las v\u00edctimas de los delitos.","breadcrumb":{"@id":"https:\/\/www.fiscalia.gov.co\/colombia\/noticias\/por-homicidio-de-excombatiente-de-las-farc-dimar-torres-arevalo-fueron-asegurados-un-coronel-y-otros-tres-militares-retirados\/#breadcrumb"},"inLanguage":"es-CO","potentialAction":[{"@type":"ReadAction","target":["https:\/\/www.fiscalia.gov.co\/colombia\/noticias\/por-homicidio-de-excombatiente-de-las-farc-dimar-torres-arevalo-fueron-asegurados-un-coronel-y-otros-tres-militares-retirados\/"]}]},{"@type":"BreadcrumbList","@id":"https:\/\/www.fiscalia.gov.co\/colombia\/noticias\/por-homicidio-de-excombatiente-de-las-farc-dimar-torres-arevalo-fueron-asegurados-un-coronel-y-otros-tres-militares-retirados\/#breadcrumb","itemListElement":[{"@type":"ListItem","position":1,"name":"Home","item":"https:\/\/www.fiscalia.gov.co\/colombia\/"},{"@type":"ListItem","position":2,"name":"Por homicidio de excombatiente de las Farc Dimar Torres Ar\u00e9valo, fueron asegurados un coronel y otros tres militares retirados"}]},{"@type":"WebSite","@id":"https:\/\/www.fiscalia.gov.co\/colombia\/#website","url":"https:\/\/www.fiscalia.gov.co\/colombia\/","name":"Fiscal\u00eda General de la Naci\u00f3n","description":"P\u00e1gina oficial de la Fiscal\u00eda General de la Naci\u00f3n \u2013 Colombia. Garantizamos el acceso efectivo a la justicia, la verdad y la reparaci\u00f3n de las v\u00edctimas de los delitos.","publisher":{"@id":"https:\/\/www.fiscalia.gov.co\/colombia\/#organization"},"potentialAction":[{"@type":"SearchAction","target":{"@type":"EntryPoint","urlTemplate":"https:\/\/www.fiscalia.gov.co\/colombia\/?s={search_term_string}"},"query-input":{"@type":"PropertyValueSpecification","valueRequired":true,"valueName":"search_term_string"}}],"inLanguage":"es-CO"},{"@type":"Organization","@id":"https:\/\/www.fiscalia.gov.co\/colombia\/#organization","name":"Fiscal\u00eda General de la Naci\u00f3n","url":"https:\/\/www.fiscalia.gov.co\/colombia\/","logo":{"@type":"ImageObject","inLanguage":"es-CO","@id":"https:\/\/www.fiscalia.gov.co\/colombia\/#\/schema\/logo\/image\/","url":"https:\/\/www.fiscalia.gov.co\/colombia\/wp-content\/uploads\/LogoHorizontal_1.jpg","contentUrl":"https:\/\/www.fiscalia.gov.co\/colombia\/wp-content\/uploads\/LogoHorizontal_1.jpg","width":300,"height":90,"caption":"Fiscal\u00eda General de la Naci\u00f3n"},"image":{"@id":"https:\/\/www.fiscalia.gov.co\/colombia\/#\/schema\/logo\/image\/"},"sameAs":["https:\/\/www.facebook.com\/FiscaliaCol","https:\/\/x.com\/FiscaliaCol","https:\/\/www.instagram.com\/fiscaliacol","https:\/\/www.linkedin.com\/company\/fiscalia-general-de-la-naci-n\/","https:\/\/youtube.com\/@fiscaliageneraldelanacion-4668?si=6nN79nyQICPU5iTh"]},{"@type":"Person","@id":"https:\/\/www.fiscalia.gov.co\/colombia\/#\/schema\/person\/bf28d8ae7f1b287bbe3af484b04f43ea","name":"Direcci\u00f3n de Comunicaciones Fiscal\u00eda General de la Naci\u00f3n","image":{"@type":"ImageObject","inLanguage":"es-CO","@id":"https:\/\/www.fiscalia.gov.co\/colombia\/#\/schema\/person\/image\/","url":"https:\/\/secure.gravatar.com\/avatar\/9d55ae161d32da16dbdd0b380c080a5f?s=96&d=mm&r=g","contentUrl":"https:\/\/secure.gravatar.com\/avatar\/9d55ae161d32da16dbdd0b380c080a5f?s=96&d=mm&r=g","caption":"Direcci\u00f3n de Comunicaciones Fiscal\u00eda General de la Naci\u00f3n"},"url":"https:\/\/www.fiscalia.gov.co\/colombia\/author\/kbonilla\/"}]}},"_links":{"self":[{"href":"https:\/\/www.fiscalia.gov.co\/colombia\/wp-json\/wp\/v2\/posts\/188271","targetHints":{"allow":["GET"]}}],"collection":[{"href":"https:\/\/www.fiscalia.gov.co\/colombia\/wp-json\/wp\/v2\/posts"}],"about":[{"href":"https:\/\/www.fiscalia.gov.co\/colombia\/wp-json\/wp\/v2\/types\/post"}],"author":[{"embeddable":true,"href":"https:\/\/www.fiscalia.gov.co\/colombia\/wp-json\/wp\/v2\/users\/162"}],"replies":[{"embeddable":true,"href":"https:\/\/www.fiscalia.gov.co\/colombia\/wp-json\/wp\/v2\/comments?post=188271"}],"version-history":[{"count":1,"href":"https:\/\/www.fiscalia.gov.co\/colombia\/wp-json\/wp\/v2\/posts\/188271\/revisions"}],"predecessor-version":[{"id":188272,"href":"https:\/\/www.fiscalia.gov.co\/colombia\/wp-json\/wp\/v2\/posts\/188271\/revisions\/188272"}],"wp:attachment":[{"href":"https:\/\/www.fiscalia.gov.co\/colombia\/wp-json\/wp\/v2\/media?parent=188271"}],"wp:term":[{"taxonomy":"category","embeddable":true,"href":"https:\/\/www.fiscalia.gov.co\/colombia\/wp-json\/wp\/v2\/categories?post=188271"},{"taxonomy":"post_tag","embeddable":true,"href":"https:\/\/www.fiscalia.gov.co\/colombia\/wp-json\/wp\/v2\/tags?post=188271"}],"curies":[{"name":"wp","href":"https:\/\/api.w.org\/{rel}","templated":true}]}}