{"id":187841,"date":"2020-01-08T11:33:43","date_gmt":"2020-01-08T16:33:43","guid":{"rendered":"https:\/\/www.fiscalia.gov.co\/colombia\/?p=187841"},"modified":"2020-01-08T11:33:43","modified_gmt":"2020-01-08T16:33:43","slug":"caen-presuntos-responsables-del-asesinato-del-fiscal-alcibiades-libreros-varela","status":"publish","type":"post","link":"https:\/\/www.fiscalia.gov.co\/colombia\/seccionales\/caen-presuntos-responsables-del-asesinato-del-fiscal-alcibiades-libreros-varela\/","title":{"rendered":"Caen presuntos responsables del asesinato del fiscal Alcibiades Libreros Varela"},"content":{"rendered":"<blockquote class=\"td_quote_box td_box_center\">\n<h4><strong>La Fiscal\u00eda General de la Naci\u00f3n y la Polic\u00eda Nacional capturaron a siete personas que har\u00edan parte de una banda delincuencial dedicada al robo de joyas, que estar\u00eda vinculada al crimen del funcionario judicial. Cuatro de los detenidos habr\u00edan participado directamente en el homicidio ocurrido el pasado 29 de diciembre en Cali (Valle del Cauca).<\/strong><\/h4>\n<\/blockquote>\n<p>Desde el momento en el que se conoci\u00f3 el asesinato del fiscal especializado contra el crimen organizado, Alcibiades Libreros Varela, ocurrido en Cali (Valle del Cauca), la Fiscal\u00eda General de la Naci\u00f3n y la Polic\u00eda Nacional dispusieron de un equipo interdisciplinario para identificar a los responsables y esclarecer los m\u00f3viles.<\/p>\n<p>En ocho d\u00edas de indagaciones, desde el pasado 29 de diciembre, los investigadores verificaron las c\u00e1maras de seguridad del sector donde ocurrieron los hechos, realizaron interceptaciones telef\u00f3nicas, entrevistas y reconocimientos morfol\u00f3gicos, entre otras t\u00e9cnicas de polic\u00eda judicial, e identificaron a una banda delincuencial dedicada al robo de joyas y elementos de valor en Cali que estar\u00eda vinculada al homicidio.<\/p>\n<p>Gracias al material probatorio obtenido, se tuvo claridad sobre los presuntos integrantes de la red de asaltantes que habr\u00edan participado en el crimen, as\u00ed como los veh\u00edculos que supuestamente utilizaron durante el homicidio y las rutas que usaron para escapar.<\/p>\n<p>Con autorizaci\u00f3n de un juez de control de garant\u00edas, la Fiscal\u00eda General de la Naci\u00f3n y la Polic\u00eda Nacional realizaron 10 diligencias de registro y allanamiento en el oriente de Cali. En los procedimientos fueron capturadas cuatro personas que estar\u00edan vinculadas directamente al asesinato del fiscal Alcib\u00edades Libreros Varela.<\/p>\n<p>Adicionalmente, fueron detenidos en flagrancia un hombre y una mujer que portaban armas de fuego, y otra persona requerida judicialmente por hechos distintos.<\/p>\n<p>Durante las diligencias, los investigadores del CTI de la Fiscal\u00eda y de la Polic\u00eda encontraron un veh\u00edculo que habr\u00eda sido usado por los supuestos responsables del crimen para huir, prendas de vestir, cascos y otros elementos que, al parecer, vinculan a los capturados con el asesinato.<\/p>\n<p><strong>CAPTURADOS<\/strong><\/p>\n<p>Entre las cuatro personas capturadas directamente por el crimen, est\u00e1 un hombre de 20 a\u00f1os, quien presuntamente intercept\u00f3 el carro en el que se movilizaba el fiscal Libreros, lo intimid\u00f3 con arma de fuego con el prop\u00f3sito de hurtarle una cadena, y posteriormente le habr\u00eda propinado dos disparos.<\/p>\n<p>Asimismo, fue detenido el se\u00f1alado cabecilla de la presunta banda de asaltantes. Este hombre habr\u00eda movilizado a la persona que, al parecer, dispar\u00f3 contra el fiscal y, de acuerdo con las verificaciones hechas, registra dos condenas por hurto y porte ilegal de armas. Actualmente estaba beneficiado con medida de detenci\u00f3n domiciliaria.<\/p>\n<p>Los otros dos capturados tambi\u00e9n habr\u00edan facilitado la huida y el traslado del supuesto asaltante del fiscal Libreros Varela, y tambi\u00e9n tienen antecedentes judiciales por diferentes delitos.<\/p>\n<p>Estas cuatro personas ser\u00e1n imputadas por los delitos de homicidio agravado; fabricaci\u00f3n, tr\u00e1fico y porte de armas de fuego; y hurto calificado y agravado. Las audiencias de control de garant\u00edas se cumplir\u00e1n en Cali (Valle del Cauca)<\/p>\n<p>Hasta el momento est\u00e1 acreditado que los detenidos pertenecer\u00edan a una red delincuencial responsable de robo de joyas y elementos de valor, y sus anotaciones judiciales los vincular\u00edan a varios asaltos de este tipo en Cali, algunos cometidos d\u00edas despu\u00e9s del crimen del fiscal Alcibiades Libreros Varela.<\/p>\n<p>La Fiscal\u00eda General de la Naci\u00f3n reitera su solidaridad y acompa\u00f1amiento a la familia del fiscal Alcib\u00edades Libreros Varela, y el compromiso de continuar con las investigaciones para esclarecer y tener absoluta certeza sobre lo ocurrido el 29 de diciembre.<\/p>\n<p>La Fiscal\u00eda General de la Naci\u00f3n hace p\u00fablica esta informaci\u00f3n por razones de inter\u00e9s general.<\/p>\n<p>&nbsp;<\/p>\n\n<div class=\"twitter-share\"><a href=\"https:\/\/twitter.com\/intent\/tweet?via=fiscaliacol\" class=\"twitter-share-button\">Tweet<\/a><\/div>\n","protected":false},"excerpt":{"rendered":"<p>La Fiscal\u00eda General de la Naci\u00f3n y la Polic\u00eda Nacional capturaron a siete personas que har\u00edan parte de una banda delincuencial dedicada al robo de joyas, que estar\u00eda vinculada al crimen del funcionario judicial. Cuatro de los detenidos habr\u00edan participado directamente en el homicidio ocurrido el pasado 29 de diciembre en Cali (Valle del Cauca). [&hellip;]<\/p>\n","protected":false},"author":162,"featured_media":0,"comment_status":"closed","ping_status":"open","sticky":false,"template":"","format":"standard","meta":{"tdm_status":"","tdm_grid_status":"","footnotes":""},"categories":[24096,324,303],"tags":[],"class_list":{"0":"post-187841","1":"post","2":"type-post","3":"status-publish","4":"format-standard","6":"category-fiscal-general-de-la-nacion","7":"category-seccional-cali","8":"category-seccionales"},"yoast_head":"<!-- This site is optimized with the Yoast SEO plugin v24.3 - https:\/\/yoast.com\/wordpress\/plugins\/seo\/ -->\n<title>Fiscal\u00eda General de la Naci\u00f3n<\/title>\n<meta name=\"description\" content=\"P\u00e1gina oficial de la Fiscal\u00eda General de la Naci\u00f3n \u2013 Colombia. Garantizamos el acceso efectivo a la justicia, la verdad y la reparaci\u00f3n de las v\u00edctimas de los delitos.\" \/>\n<meta name=\"robots\" content=\"noindex, follow\" \/>\n<meta property=\"og:locale\" content=\"es_ES\" \/>\n<meta property=\"og:type\" content=\"article\" \/>\n<meta property=\"og:title\" content=\"Fiscal\u00eda General de la Naci\u00f3n\" \/>\n<meta property=\"og:description\" content=\"P\u00e1gina oficial de la Fiscal\u00eda General de la Naci\u00f3n \u2013 Colombia. Garantizamos el acceso efectivo a la justicia, la verdad y la reparaci\u00f3n de las v\u00edctimas de los delitos.\" \/>\n<meta property=\"og:url\" content=\"https:\/\/www.fiscalia.gov.co\/colombia\/seccionales\/caen-presuntos-responsables-del-asesinato-del-fiscal-alcibiades-libreros-varela\/\" \/>\n<meta property=\"og:site_name\" content=\"Fiscal\u00eda General de la Naci\u00f3n\" \/>\n<meta property=\"article:publisher\" content=\"https:\/\/www.facebook.com\/FiscaliaCol\" \/>\n<meta property=\"article:published_time\" content=\"2020-01-08T16:33:43+00:00\" \/>\n<meta name=\"author\" content=\"Direcci\u00f3n de Comunicaciones Fiscal\u00eda General de la Naci\u00f3n\" \/>\n<meta name=\"twitter:card\" content=\"summary_large_image\" \/>\n<meta name=\"twitter:creator\" content=\"@FiscaliaCol\" \/>\n<meta name=\"twitter:site\" content=\"@FiscaliaCol\" \/>\n<meta name=\"twitter:label1\" content=\"Escrito por\" \/>\n\t<meta name=\"twitter:data1\" content=\"Direcci\u00f3n de Comunicaciones Fiscal\u00eda General de la Naci\u00f3n\" \/>\n\t<meta name=\"twitter:label2\" content=\"Tiempo de lectura\" \/>\n\t<meta name=\"twitter:data2\" content=\"3 minutos\" \/>\n<script type=\"application\/ld+json\" class=\"yoast-schema-graph\">{\"@context\":\"https:\/\/schema.org\",\"@graph\":[{\"@type\":\"Article\",\"@id\":\"https:\/\/www.fiscalia.gov.co\/colombia\/seccionales\/caen-presuntos-responsables-del-asesinato-del-fiscal-alcibiades-libreros-varela\/#article\",\"isPartOf\":{\"@id\":\"https:\/\/www.fiscalia.gov.co\/colombia\/seccionales\/caen-presuntos-responsables-del-asesinato-del-fiscal-alcibiades-libreros-varela\/\"},\"author\":{\"name\":\"Direcci\u00f3n de Comunicaciones Fiscal\u00eda General de la Naci\u00f3n\",\"@id\":\"https:\/\/www.fiscalia.gov.co\/colombia\/#\/schema\/person\/bf28d8ae7f1b287bbe3af484b04f43ea\"},\"headline\":\"Caen presuntos responsables del asesinato del fiscal Alcibiades Libreros Varela\",\"datePublished\":\"2020-01-08T16:33:43+00:00\",\"dateModified\":\"2020-01-08T16:33:43+00:00\",\"mainEntityOfPage\":{\"@id\":\"https:\/\/www.fiscalia.gov.co\/colombia\/seccionales\/caen-presuntos-responsables-del-asesinato-del-fiscal-alcibiades-libreros-varela\/\"},\"wordCount\":651,\"publisher\":{\"@id\":\"https:\/\/www.fiscalia.gov.co\/colombia\/#organization\"},\"articleSection\":[\"Fiscal General de la Naci\u00f3n\",\"Seccional Cali\",\"Seccionales\"],\"inLanguage\":\"es-CO\"},{\"@type\":\"WebPage\",\"@id\":\"https:\/\/www.fiscalia.gov.co\/colombia\/seccionales\/caen-presuntos-responsables-del-asesinato-del-fiscal-alcibiades-libreros-varela\/\",\"url\":\"https:\/\/www.fiscalia.gov.co\/colombia\/seccionales\/caen-presuntos-responsables-del-asesinato-del-fiscal-alcibiades-libreros-varela\/\",\"name\":\"Fiscal\u00eda General de la Naci\u00f3n\",\"isPartOf\":{\"@id\":\"https:\/\/www.fiscalia.gov.co\/colombia\/#website\"},\"datePublished\":\"2020-01-08T16:33:43+00:00\",\"dateModified\":\"2020-01-08T16:33:43+00:00\",\"description\":\"P\u00e1gina oficial de la Fiscal\u00eda General de la Naci\u00f3n \u2013 Colombia. Garantizamos el acceso efectivo a la justicia, la verdad y la reparaci\u00f3n de las v\u00edctimas de los delitos.\",\"breadcrumb\":{\"@id\":\"https:\/\/www.fiscalia.gov.co\/colombia\/seccionales\/caen-presuntos-responsables-del-asesinato-del-fiscal-alcibiades-libreros-varela\/#breadcrumb\"},\"inLanguage\":\"es-CO\",\"potentialAction\":[{\"@type\":\"ReadAction\",\"target\":[\"https:\/\/www.fiscalia.gov.co\/colombia\/seccionales\/caen-presuntos-responsables-del-asesinato-del-fiscal-alcibiades-libreros-varela\/\"]}]},{\"@type\":\"BreadcrumbList\",\"@id\":\"https:\/\/www.fiscalia.gov.co\/colombia\/seccionales\/caen-presuntos-responsables-del-asesinato-del-fiscal-alcibiades-libreros-varela\/#breadcrumb\",\"itemListElement\":[{\"@type\":\"ListItem\",\"position\":1,\"name\":\"Home\",\"item\":\"https:\/\/www.fiscalia.gov.co\/colombia\/\"},{\"@type\":\"ListItem\",\"position\":2,\"name\":\"Caen presuntos responsables del asesinato del fiscal Alcibiades Libreros Varela\"}]},{\"@type\":\"WebSite\",\"@id\":\"https:\/\/www.fiscalia.gov.co\/colombia\/#website\",\"url\":\"https:\/\/www.fiscalia.gov.co\/colombia\/\",\"name\":\"Fiscal\u00eda General de la Naci\u00f3n\",\"description\":\"P\u00e1gina oficial de la Fiscal\u00eda General de la Naci\u00f3n \u2013 Colombia. Garantizamos el acceso efectivo a la justicia, la verdad y la reparaci\u00f3n de las v\u00edctimas de los delitos.\",\"publisher\":{\"@id\":\"https:\/\/www.fiscalia.gov.co\/colombia\/#organization\"},\"potentialAction\":[{\"@type\":\"SearchAction\",\"target\":{\"@type\":\"EntryPoint\",\"urlTemplate\":\"https:\/\/www.fiscalia.gov.co\/colombia\/?s={search_term_string}\"},\"query-input\":{\"@type\":\"PropertyValueSpecification\",\"valueRequired\":true,\"valueName\":\"search_term_string\"}}],\"inLanguage\":\"es-CO\"},{\"@type\":\"Organization\",\"@id\":\"https:\/\/www.fiscalia.gov.co\/colombia\/#organization\",\"name\":\"Fiscal\u00eda General de la Naci\u00f3n\",\"url\":\"https:\/\/www.fiscalia.gov.co\/colombia\/\",\"logo\":{\"@type\":\"ImageObject\",\"inLanguage\":\"es-CO\",\"@id\":\"https:\/\/www.fiscalia.gov.co\/colombia\/#\/schema\/logo\/image\/\",\"url\":\"https:\/\/www.fiscalia.gov.co\/colombia\/wp-content\/uploads\/LogoHorizontal_1.jpg\",\"contentUrl\":\"https:\/\/www.fiscalia.gov.co\/colombia\/wp-content\/uploads\/LogoHorizontal_1.jpg\",\"width\":300,\"height\":90,\"caption\":\"Fiscal\u00eda General de la Naci\u00f3n\"},\"image\":{\"@id\":\"https:\/\/www.fiscalia.gov.co\/colombia\/#\/schema\/logo\/image\/\"},\"sameAs\":[\"https:\/\/www.facebook.com\/FiscaliaCol\",\"https:\/\/x.com\/FiscaliaCol\",\"https:\/\/www.instagram.com\/fiscaliacol\",\"https:\/\/www.linkedin.com\/company\/fiscalia-general-de-la-naci-n\/\",\"https:\/\/youtube.com\/@fiscaliageneraldelanacion-4668?si=6nN79nyQICPU5iTh\"]},{\"@type\":\"Person\",\"@id\":\"https:\/\/www.fiscalia.gov.co\/colombia\/#\/schema\/person\/bf28d8ae7f1b287bbe3af484b04f43ea\",\"name\":\"Direcci\u00f3n de Comunicaciones Fiscal\u00eda General de la Naci\u00f3n\",\"image\":{\"@type\":\"ImageObject\",\"inLanguage\":\"es-CO\",\"@id\":\"https:\/\/www.fiscalia.gov.co\/colombia\/#\/schema\/person\/image\/\",\"url\":\"https:\/\/secure.gravatar.com\/avatar\/9d55ae161d32da16dbdd0b380c080a5f?s=96&d=mm&r=g\",\"contentUrl\":\"https:\/\/secure.gravatar.com\/avatar\/9d55ae161d32da16dbdd0b380c080a5f?s=96&d=mm&r=g\",\"caption\":\"Direcci\u00f3n de Comunicaciones Fiscal\u00eda General de la Naci\u00f3n\"},\"url\":\"https:\/\/www.fiscalia.gov.co\/colombia\/author\/kbonilla\/\"}]}<\/script>\n<!-- \/ Yoast SEO plugin. -->","yoast_head_json":{"title":"Fiscal\u00eda General de la Naci\u00f3n","description":"P\u00e1gina oficial de la Fiscal\u00eda General de la Naci\u00f3n \u2013 Colombia. Garantizamos el acceso efectivo a la justicia, la verdad y la reparaci\u00f3n de las v\u00edctimas de los delitos.","robots":{"index":"noindex","follow":"follow"},"og_locale":"es_ES","og_type":"article","og_title":"Fiscal\u00eda General de la Naci\u00f3n","og_description":"P\u00e1gina oficial de la Fiscal\u00eda General de la Naci\u00f3n \u2013 Colombia. Garantizamos el acceso efectivo a la justicia, la verdad y la reparaci\u00f3n de las v\u00edctimas de los delitos.","og_url":"https:\/\/www.fiscalia.gov.co\/colombia\/seccionales\/caen-presuntos-responsables-del-asesinato-del-fiscal-alcibiades-libreros-varela\/","og_site_name":"Fiscal\u00eda General de la Naci\u00f3n","article_publisher":"https:\/\/www.facebook.com\/FiscaliaCol","article_published_time":"2020-01-08T16:33:43+00:00","author":"Direcci\u00f3n de Comunicaciones Fiscal\u00eda General de la Naci\u00f3n","twitter_card":"summary_large_image","twitter_creator":"@FiscaliaCol","twitter_site":"@FiscaliaCol","twitter_misc":{"Escrito por":"Direcci\u00f3n de Comunicaciones Fiscal\u00eda General de la Naci\u00f3n","Tiempo de lectura":"3 minutos"},"schema":{"@context":"https:\/\/schema.org","@graph":[{"@type":"Article","@id":"https:\/\/www.fiscalia.gov.co\/colombia\/seccionales\/caen-presuntos-responsables-del-asesinato-del-fiscal-alcibiades-libreros-varela\/#article","isPartOf":{"@id":"https:\/\/www.fiscalia.gov.co\/colombia\/seccionales\/caen-presuntos-responsables-del-asesinato-del-fiscal-alcibiades-libreros-varela\/"},"author":{"name":"Direcci\u00f3n de Comunicaciones Fiscal\u00eda General de la Naci\u00f3n","@id":"https:\/\/www.fiscalia.gov.co\/colombia\/#\/schema\/person\/bf28d8ae7f1b287bbe3af484b04f43ea"},"headline":"Caen presuntos responsables del asesinato del fiscal Alcibiades Libreros Varela","datePublished":"2020-01-08T16:33:43+00:00","dateModified":"2020-01-08T16:33:43+00:00","mainEntityOfPage":{"@id":"https:\/\/www.fiscalia.gov.co\/colombia\/seccionales\/caen-presuntos-responsables-del-asesinato-del-fiscal-alcibiades-libreros-varela\/"},"wordCount":651,"publisher":{"@id":"https:\/\/www.fiscalia.gov.co\/colombia\/#organization"},"articleSection":["Fiscal General de la Naci\u00f3n","Seccional Cali","Seccionales"],"inLanguage":"es-CO"},{"@type":"WebPage","@id":"https:\/\/www.fiscalia.gov.co\/colombia\/seccionales\/caen-presuntos-responsables-del-asesinato-del-fiscal-alcibiades-libreros-varela\/","url":"https:\/\/www.fiscalia.gov.co\/colombia\/seccionales\/caen-presuntos-responsables-del-asesinato-del-fiscal-alcibiades-libreros-varela\/","name":"Fiscal\u00eda General de la Naci\u00f3n","isPartOf":{"@id":"https:\/\/www.fiscalia.gov.co\/colombia\/#website"},"datePublished":"2020-01-08T16:33:43+00:00","dateModified":"2020-01-08T16:33:43+00:00","description":"P\u00e1gina oficial de la Fiscal\u00eda General de la Naci\u00f3n \u2013 Colombia. Garantizamos el acceso efectivo a la justicia, la verdad y la reparaci\u00f3n de las v\u00edctimas de los delitos.","breadcrumb":{"@id":"https:\/\/www.fiscalia.gov.co\/colombia\/seccionales\/caen-presuntos-responsables-del-asesinato-del-fiscal-alcibiades-libreros-varela\/#breadcrumb"},"inLanguage":"es-CO","potentialAction":[{"@type":"ReadAction","target":["https:\/\/www.fiscalia.gov.co\/colombia\/seccionales\/caen-presuntos-responsables-del-asesinato-del-fiscal-alcibiades-libreros-varela\/"]}]},{"@type":"BreadcrumbList","@id":"https:\/\/www.fiscalia.gov.co\/colombia\/seccionales\/caen-presuntos-responsables-del-asesinato-del-fiscal-alcibiades-libreros-varela\/#breadcrumb","itemListElement":[{"@type":"ListItem","position":1,"name":"Home","item":"https:\/\/www.fiscalia.gov.co\/colombia\/"},{"@type":"ListItem","position":2,"name":"Caen presuntos responsables del asesinato del fiscal Alcibiades Libreros Varela"}]},{"@type":"WebSite","@id":"https:\/\/www.fiscalia.gov.co\/colombia\/#website","url":"https:\/\/www.fiscalia.gov.co\/colombia\/","name":"Fiscal\u00eda General de la Naci\u00f3n","description":"P\u00e1gina oficial de la Fiscal\u00eda General de la Naci\u00f3n \u2013 Colombia. Garantizamos el acceso efectivo a la justicia, la verdad y la reparaci\u00f3n de las v\u00edctimas de los delitos.","publisher":{"@id":"https:\/\/www.fiscalia.gov.co\/colombia\/#organization"},"potentialAction":[{"@type":"SearchAction","target":{"@type":"EntryPoint","urlTemplate":"https:\/\/www.fiscalia.gov.co\/colombia\/?s={search_term_string}"},"query-input":{"@type":"PropertyValueSpecification","valueRequired":true,"valueName":"search_term_string"}}],"inLanguage":"es-CO"},{"@type":"Organization","@id":"https:\/\/www.fiscalia.gov.co\/colombia\/#organization","name":"Fiscal\u00eda General de la Naci\u00f3n","url":"https:\/\/www.fiscalia.gov.co\/colombia\/","logo":{"@type":"ImageObject","inLanguage":"es-CO","@id":"https:\/\/www.fiscalia.gov.co\/colombia\/#\/schema\/logo\/image\/","url":"https:\/\/www.fiscalia.gov.co\/colombia\/wp-content\/uploads\/LogoHorizontal_1.jpg","contentUrl":"https:\/\/www.fiscalia.gov.co\/colombia\/wp-content\/uploads\/LogoHorizontal_1.jpg","width":300,"height":90,"caption":"Fiscal\u00eda General de la Naci\u00f3n"},"image":{"@id":"https:\/\/www.fiscalia.gov.co\/colombia\/#\/schema\/logo\/image\/"},"sameAs":["https:\/\/www.facebook.com\/FiscaliaCol","https:\/\/x.com\/FiscaliaCol","https:\/\/www.instagram.com\/fiscaliacol","https:\/\/www.linkedin.com\/company\/fiscalia-general-de-la-naci-n\/","https:\/\/youtube.com\/@fiscaliageneraldelanacion-4668?si=6nN79nyQICPU5iTh"]},{"@type":"Person","@id":"https:\/\/www.fiscalia.gov.co\/colombia\/#\/schema\/person\/bf28d8ae7f1b287bbe3af484b04f43ea","name":"Direcci\u00f3n de Comunicaciones Fiscal\u00eda General de la Naci\u00f3n","image":{"@type":"ImageObject","inLanguage":"es-CO","@id":"https:\/\/www.fiscalia.gov.co\/colombia\/#\/schema\/person\/image\/","url":"https:\/\/secure.gravatar.com\/avatar\/9d55ae161d32da16dbdd0b380c080a5f?s=96&d=mm&r=g","contentUrl":"https:\/\/secure.gravatar.com\/avatar\/9d55ae161d32da16dbdd0b380c080a5f?s=96&d=mm&r=g","caption":"Direcci\u00f3n de Comunicaciones Fiscal\u00eda General de la Naci\u00f3n"},"url":"https:\/\/www.fiscalia.gov.co\/colombia\/author\/kbonilla\/"}]}},"_links":{"self":[{"href":"https:\/\/www.fiscalia.gov.co\/colombia\/wp-json\/wp\/v2\/posts\/187841","targetHints":{"allow":["GET"]}}],"collection":[{"href":"https:\/\/www.fiscalia.gov.co\/colombia\/wp-json\/wp\/v2\/posts"}],"about":[{"href":"https:\/\/www.fiscalia.gov.co\/colombia\/wp-json\/wp\/v2\/types\/post"}],"author":[{"embeddable":true,"href":"https:\/\/www.fiscalia.gov.co\/colombia\/wp-json\/wp\/v2\/users\/162"}],"replies":[{"embeddable":true,"href":"https:\/\/www.fiscalia.gov.co\/colombia\/wp-json\/wp\/v2\/comments?post=187841"}],"version-history":[{"count":1,"href":"https:\/\/www.fiscalia.gov.co\/colombia\/wp-json\/wp\/v2\/posts\/187841\/revisions"}],"predecessor-version":[{"id":187842,"href":"https:\/\/www.fiscalia.gov.co\/colombia\/wp-json\/wp\/v2\/posts\/187841\/revisions\/187842"}],"wp:attachment":[{"href":"https:\/\/www.fiscalia.gov.co\/colombia\/wp-json\/wp\/v2\/media?parent=187841"}],"wp:term":[{"taxonomy":"category","embeddable":true,"href":"https:\/\/www.fiscalia.gov.co\/colombia\/wp-json\/wp\/v2\/categories?post=187841"},{"taxonomy":"post_tag","embeddable":true,"href":"https:\/\/www.fiscalia.gov.co\/colombia\/wp-json\/wp\/v2\/tags?post=187841"}],"curies":[{"name":"wp","href":"https:\/\/api.w.org\/{rel}","templated":true}]}}