{"id":187655,"date":"2019-12-19T12:19:48","date_gmt":"2019-12-19T17:19:48","guid":{"rendered":"https:\/\/www.fiscalia.gov.co\/colombia\/?p=187655"},"modified":"2019-12-19T12:19:48","modified_gmt":"2019-12-19T17:19:48","slug":"desarticulada-red-de-trata-de-personas-senalada-de-explotar-sexualmente-a-ninas-y-adolescentes-en-zona-de-frontera-con-ecuador","status":"publish","type":"post","link":"https:\/\/www.fiscalia.gov.co\/colombia\/noticias\/desarticulada-red-de-trata-de-personas-senalada-de-explotar-sexualmente-a-ninas-y-adolescentes-en-zona-de-frontera-con-ecuador\/","title":{"rendered":"Desarticulada red de trata de personas se\u00f1alada de explotar sexualmente a ni\u00f1as y adolescentes en zona de frontera con Ecuador"},"content":{"rendered":"<p><strong>#EsoEsCuento<\/strong><\/p>\n<blockquote class=\"td_quote_box td_box_center\">\n<h4><strong>La Fiscal\u00eda General de la Naci\u00f3n y la Polic\u00eda Nacional capturaron a seis presuntos integrantes de una estructura criminal se\u00f1alada de cooptar adolescentes entre 13 y 17 en redes sociales e inducirlas a ejercer actividades de tipo sexual en Putumayo y Ecuador. A13 ni\u00f1as v\u00edctimas el Instituto Colombiano de Bienestar Familiar (ICBF) les reestableci\u00f3 sus derechos, 6 de ellas hac\u00edan parte de comunidades ind\u00edgenas.<\/strong><\/h4>\n<\/blockquote>\n<p>Las investigaciones y acciones preventivas realizadas coordinadamente por la Fiscal\u00eda General de la Naci\u00f3n, a trav\u00e9s del Grupo contra la Trata Transnacional de Personas de la Delegada contra la Criminalidad Organizada; y la Direcci\u00f3n de Protecci\u00f3n y Servicios Especiales de la Polic\u00eda Nacional (Dipro), permitieron atender varias denuncias sobre la posible explotaci\u00f3n sexual comercial de ni\u00f1as y adolescentes, algunas de ellas ind\u00edgenas, en zonas aleda\u00f1as al paso fronterizo San Miguel, en Putumayo.<\/p>\n<p>Con la informaci\u00f3n recibida, los investigadores realizaron m\u00e1s de 200 actividades de polic\u00eda judicial como entrevistas, vigilancias, interrogatorios e interceptaciones telef\u00f3nicas, y conocieron las maniobras il\u00edcitas a las que habr\u00edan recurrido los presuntos integrantes de una red de trata de personas.<\/p>\n<p>Los indicios establecieron que Jhonatan Juli\u00e1n Jacanamejoy, conocido como \u2018Tato\u2019, al parecer, creaba perfiles falsos en las redes sociales, buscaba a menores de edad entre los 13 y 17 a\u00f1os, y las convenc\u00eda de aceptar ofertas laborales con una supuesta agencia de modelaje llamada Tentaciones, que tambi\u00e9n hac\u00eda publicaciones en una p\u00e1gina web denominada Mil Er\u00f3ticos Putumayo.<\/p>\n<p>Las ni\u00f1as y adolescentes que aceptaron los ofrecimientos, en realidad, eran inducidas a ejercer actividades de tipo sexual por las que el se\u00f1alado cabecilla de la estructura cobraba entre 60 mil y 200 mil pesos.<\/p>\n<p>Las v\u00edctimas eran transportadas a hoteles y a las residencias de los adultos que pagaban por los servicios sexuales, algunas fueron trasladadas a municipios fronterizos y otras cruzaron a territorio ecuatoriano.<\/p>\n<p>&nbsp;<\/p>\n<p>En las indagaciones se conoci\u00f3 que \u2018Tato\u2019 perteneci\u00f3 a un resguardo ind\u00edgena del que fue expulsado por su comportamiento ilegal y porque gran parte de las adolescentes enga\u00f1adas pertenec\u00edan a su comunidad. Precisamente, en el curso de las investigaciones fueron identificadas, recuperadas y defensores de familia del Instituto Colombiano de Bienestar Familiar (ICBF) les restablecieron los derechos a 13 v\u00edctimas, 6 de ellas eran ni\u00f1as ind\u00edgenas, y las indagaciones dar\u00edan cuenta de que podr\u00edan ser m\u00e1s.<\/p>\n<p>Ante la contundencia del material probatorio recopilado por la Fiscal\u00eda y la Polic\u00eda, cuatro presuntos integrantes de la red trasnacional de trata de personas fueron capturados en diligencias cumplidas en Mocoa, Villa Garz\u00f3n y Puerto As\u00eds (Putumayo).<\/p>\n<p>Los detenidos fueron imputados seg\u00fan su nivel de responsabilidad por los siguientes delitos:<\/p>\n<ul>\n<li>Trata de personas agravada en concurso heterog\u00e9neo.<\/li>\n<li>Est\u00edmulo a la prostituci\u00f3n de menores.<\/li>\n<li>Concierto para delinquir.<\/li>\n<li>Facilitaci\u00f3n de medios tecnol\u00f3gicos para ofrecer servicios sexuales.<\/li>\n<\/ul>\n<p>Por solicitud de la fiscal de conocimiento, adscrita a la Direcci\u00f3n Especializada contra las Organizaciones Criminales, un juez de control de garant\u00edas impuso a los seis detenidos medidas privativas de la libertad.<\/p>\n<p>Alias \u2018Tato\u2019 fue enviado a la c\u00e1rcel municipal de Pitalito (Huila), dos de sus presuntos c\u00f3mplices permanecer\u00e1n recluidos en resguardos ind\u00edgenas, y otras tres personas, administradores de algunos hoteles en los que fueron explotadas sexualmente menores de edad, cumplir\u00e1n la medida en sus lugares de domicilio.<\/p>\n<p><strong><u>Eso es cuento<\/u><\/strong><\/p>\n<p>No crea en ofertas laborales que incluya servicios de modelaje en el extranjero con sueldos exorbitantes, eso es cuento.<\/p>\n<p>Si conoce actividad sospechosa o es v\u00edctima de trata de personas, denuncie en\u00a0<a href=\"https:\/\/twitter.com\/hashtag\/Colombia?src=hash\">Colombia<\/a>\u00a0al 018000522020 o desde el celular al 122 o 123, y desde el exterior al 0180009197478. En redes sociales puede conocer m\u00e1s informaci\u00f3n a trav\u00e9s de las cuentas @Fiscaliacol y @ProteccionPonal.<\/p>\n<p>&nbsp;<\/p>\n<p>&nbsp;<\/p>\n<p>&nbsp;<\/p>\n\n<div class=\"twitter-share\"><a href=\"https:\/\/twitter.com\/intent\/tweet?via=fiscaliacol\" class=\"twitter-share-button\">Tweet<\/a><\/div>\n","protected":false},"excerpt":{"rendered":"<p>#EsoEsCuento La Fiscal\u00eda General de la Naci\u00f3n y la Polic\u00eda Nacional capturaron a seis presuntos integrantes de una estructura criminal se\u00f1alada de cooptar adolescentes entre 13 y 17 en redes sociales e inducirlas a ejercer actividades de tipo sexual en Putumayo y Ecuador. A13 ni\u00f1as v\u00edctimas el Instituto Colombiano de Bienestar Familiar (ICBF) les reestableci\u00f3 [&hellip;]<\/p>\n","protected":false},"author":162,"featured_media":0,"comment_status":"closed","ping_status":"open","sticky":false,"template":"","format":"standard","meta":{"tdm_status":"","tdm_grid_status":"","footnotes":""},"categories":[24098,24102,1],"tags":[],"class_list":{"0":"post-187655","1":"post","2":"type-post","3":"status-publish","4":"format-standard","6":"category-crimen-organizado","7":"category-derechos-humanos","8":"category-noticias"},"yoast_head":"<!-- This site is optimized with the Yoast SEO plugin v24.3 - https:\/\/yoast.com\/wordpress\/plugins\/seo\/ -->\n<title>Fiscal\u00eda General de la Naci\u00f3n<\/title>\n<meta name=\"description\" content=\"P\u00e1gina oficial de la Fiscal\u00eda General de la Naci\u00f3n \u2013 Colombia. Garantizamos el acceso efectivo a la justicia, la verdad y la reparaci\u00f3n de las v\u00edctimas de los delitos.\" \/>\n<meta name=\"robots\" content=\"noindex, follow\" \/>\n<meta property=\"og:locale\" content=\"es_ES\" \/>\n<meta property=\"og:type\" content=\"article\" \/>\n<meta property=\"og:title\" content=\"Fiscal\u00eda General de la Naci\u00f3n\" \/>\n<meta property=\"og:description\" content=\"P\u00e1gina oficial de la Fiscal\u00eda General de la Naci\u00f3n \u2013 Colombia. Garantizamos el acceso efectivo a la justicia, la verdad y la reparaci\u00f3n de las v\u00edctimas de los delitos.\" \/>\n<meta property=\"og:url\" content=\"https:\/\/www.fiscalia.gov.co\/colombia\/noticias\/desarticulada-red-de-trata-de-personas-senalada-de-explotar-sexualmente-a-ninas-y-adolescentes-en-zona-de-frontera-con-ecuador\/\" \/>\n<meta property=\"og:site_name\" content=\"Fiscal\u00eda General de la Naci\u00f3n\" \/>\n<meta property=\"article:publisher\" content=\"https:\/\/www.facebook.com\/FiscaliaCol\" \/>\n<meta property=\"article:published_time\" content=\"2019-12-19T17:19:48+00:00\" \/>\n<meta name=\"author\" content=\"Direcci\u00f3n de Comunicaciones Fiscal\u00eda General de la Naci\u00f3n\" \/>\n<meta name=\"twitter:card\" content=\"summary_large_image\" \/>\n<meta name=\"twitter:creator\" content=\"@FiscaliaCol\" \/>\n<meta name=\"twitter:site\" content=\"@FiscaliaCol\" \/>\n<meta name=\"twitter:label1\" content=\"Escrito por\" \/>\n\t<meta name=\"twitter:data1\" content=\"Direcci\u00f3n de Comunicaciones Fiscal\u00eda General de la Naci\u00f3n\" \/>\n\t<meta name=\"twitter:label2\" content=\"Tiempo de lectura\" \/>\n\t<meta name=\"twitter:data2\" content=\"3 minutos\" \/>\n<script type=\"application\/ld+json\" class=\"yoast-schema-graph\">{\"@context\":\"https:\/\/schema.org\",\"@graph\":[{\"@type\":\"Article\",\"@id\":\"https:\/\/www.fiscalia.gov.co\/colombia\/noticias\/desarticulada-red-de-trata-de-personas-senalada-de-explotar-sexualmente-a-ninas-y-adolescentes-en-zona-de-frontera-con-ecuador\/#article\",\"isPartOf\":{\"@id\":\"https:\/\/www.fiscalia.gov.co\/colombia\/noticias\/desarticulada-red-de-trata-de-personas-senalada-de-explotar-sexualmente-a-ninas-y-adolescentes-en-zona-de-frontera-con-ecuador\/\"},\"author\":{\"name\":\"Direcci\u00f3n de Comunicaciones Fiscal\u00eda General de la Naci\u00f3n\",\"@id\":\"https:\/\/www.fiscalia.gov.co\/colombia\/#\/schema\/person\/bf28d8ae7f1b287bbe3af484b04f43ea\"},\"headline\":\"Desarticulada red de trata de personas se\u00f1alada de explotar sexualmente a ni\u00f1as y adolescentes en zona de frontera con Ecuador\",\"datePublished\":\"2019-12-19T17:19:48+00:00\",\"dateModified\":\"2019-12-19T17:19:48+00:00\",\"mainEntityOfPage\":{\"@id\":\"https:\/\/www.fiscalia.gov.co\/colombia\/noticias\/desarticulada-red-de-trata-de-personas-senalada-de-explotar-sexualmente-a-ninas-y-adolescentes-en-zona-de-frontera-con-ecuador\/\"},\"wordCount\":672,\"publisher\":{\"@id\":\"https:\/\/www.fiscalia.gov.co\/colombia\/#organization\"},\"articleSection\":[\"Crimen organizado\",\"Derechos Humanos\",\"Noticias\"],\"inLanguage\":\"es-CO\"},{\"@type\":\"WebPage\",\"@id\":\"https:\/\/www.fiscalia.gov.co\/colombia\/noticias\/desarticulada-red-de-trata-de-personas-senalada-de-explotar-sexualmente-a-ninas-y-adolescentes-en-zona-de-frontera-con-ecuador\/\",\"url\":\"https:\/\/www.fiscalia.gov.co\/colombia\/noticias\/desarticulada-red-de-trata-de-personas-senalada-de-explotar-sexualmente-a-ninas-y-adolescentes-en-zona-de-frontera-con-ecuador\/\",\"name\":\"Fiscal\u00eda General de la Naci\u00f3n\",\"isPartOf\":{\"@id\":\"https:\/\/www.fiscalia.gov.co\/colombia\/#website\"},\"datePublished\":\"2019-12-19T17:19:48+00:00\",\"dateModified\":\"2019-12-19T17:19:48+00:00\",\"description\":\"P\u00e1gina oficial de la Fiscal\u00eda General de la Naci\u00f3n \u2013 Colombia. Garantizamos el acceso efectivo a la justicia, la verdad y la reparaci\u00f3n de las v\u00edctimas de los delitos.\",\"breadcrumb\":{\"@id\":\"https:\/\/www.fiscalia.gov.co\/colombia\/noticias\/desarticulada-red-de-trata-de-personas-senalada-de-explotar-sexualmente-a-ninas-y-adolescentes-en-zona-de-frontera-con-ecuador\/#breadcrumb\"},\"inLanguage\":\"es-CO\",\"potentialAction\":[{\"@type\":\"ReadAction\",\"target\":[\"https:\/\/www.fiscalia.gov.co\/colombia\/noticias\/desarticulada-red-de-trata-de-personas-senalada-de-explotar-sexualmente-a-ninas-y-adolescentes-en-zona-de-frontera-con-ecuador\/\"]}]},{\"@type\":\"BreadcrumbList\",\"@id\":\"https:\/\/www.fiscalia.gov.co\/colombia\/noticias\/desarticulada-red-de-trata-de-personas-senalada-de-explotar-sexualmente-a-ninas-y-adolescentes-en-zona-de-frontera-con-ecuador\/#breadcrumb\",\"itemListElement\":[{\"@type\":\"ListItem\",\"position\":1,\"name\":\"Home\",\"item\":\"https:\/\/www.fiscalia.gov.co\/colombia\/\"},{\"@type\":\"ListItem\",\"position\":2,\"name\":\"Desarticulada red de trata de personas se\u00f1alada de explotar sexualmente a ni\u00f1as y adolescentes en zona de frontera con Ecuador\"}]},{\"@type\":\"WebSite\",\"@id\":\"https:\/\/www.fiscalia.gov.co\/colombia\/#website\",\"url\":\"https:\/\/www.fiscalia.gov.co\/colombia\/\",\"name\":\"Fiscal\u00eda General de la Naci\u00f3n\",\"description\":\"P\u00e1gina oficial de la Fiscal\u00eda General de la Naci\u00f3n \u2013 Colombia. Garantizamos el acceso efectivo a la justicia, la verdad y la reparaci\u00f3n de las v\u00edctimas de los delitos.\",\"publisher\":{\"@id\":\"https:\/\/www.fiscalia.gov.co\/colombia\/#organization\"},\"potentialAction\":[{\"@type\":\"SearchAction\",\"target\":{\"@type\":\"EntryPoint\",\"urlTemplate\":\"https:\/\/www.fiscalia.gov.co\/colombia\/?s={search_term_string}\"},\"query-input\":{\"@type\":\"PropertyValueSpecification\",\"valueRequired\":true,\"valueName\":\"search_term_string\"}}],\"inLanguage\":\"es-CO\"},{\"@type\":\"Organization\",\"@id\":\"https:\/\/www.fiscalia.gov.co\/colombia\/#organization\",\"name\":\"Fiscal\u00eda General de la Naci\u00f3n\",\"url\":\"https:\/\/www.fiscalia.gov.co\/colombia\/\",\"logo\":{\"@type\":\"ImageObject\",\"inLanguage\":\"es-CO\",\"@id\":\"https:\/\/www.fiscalia.gov.co\/colombia\/#\/schema\/logo\/image\/\",\"url\":\"https:\/\/www.fiscalia.gov.co\/colombia\/wp-content\/uploads\/LogoHorizontal_1.jpg\",\"contentUrl\":\"https:\/\/www.fiscalia.gov.co\/colombia\/wp-content\/uploads\/LogoHorizontal_1.jpg\",\"width\":300,\"height\":90,\"caption\":\"Fiscal\u00eda General de la Naci\u00f3n\"},\"image\":{\"@id\":\"https:\/\/www.fiscalia.gov.co\/colombia\/#\/schema\/logo\/image\/\"},\"sameAs\":[\"https:\/\/www.facebook.com\/FiscaliaCol\",\"https:\/\/x.com\/FiscaliaCol\",\"https:\/\/www.instagram.com\/fiscaliacol\",\"https:\/\/www.linkedin.com\/company\/fiscalia-general-de-la-naci-n\/\",\"https:\/\/youtube.com\/@fiscaliageneraldelanacion-4668?si=6nN79nyQICPU5iTh\"]},{\"@type\":\"Person\",\"@id\":\"https:\/\/www.fiscalia.gov.co\/colombia\/#\/schema\/person\/bf28d8ae7f1b287bbe3af484b04f43ea\",\"name\":\"Direcci\u00f3n de Comunicaciones Fiscal\u00eda General de la Naci\u00f3n\",\"image\":{\"@type\":\"ImageObject\",\"inLanguage\":\"es-CO\",\"@id\":\"https:\/\/www.fiscalia.gov.co\/colombia\/#\/schema\/person\/image\/\",\"url\":\"https:\/\/secure.gravatar.com\/avatar\/9d55ae161d32da16dbdd0b380c080a5f?s=96&d=mm&r=g\",\"contentUrl\":\"https:\/\/secure.gravatar.com\/avatar\/9d55ae161d32da16dbdd0b380c080a5f?s=96&d=mm&r=g\",\"caption\":\"Direcci\u00f3n de Comunicaciones Fiscal\u00eda General de la Naci\u00f3n\"},\"url\":\"https:\/\/www.fiscalia.gov.co\/colombia\/author\/kbonilla\/\"}]}<\/script>\n<!-- \/ Yoast SEO plugin. -->","yoast_head_json":{"title":"Fiscal\u00eda General de la Naci\u00f3n","description":"P\u00e1gina oficial de la Fiscal\u00eda General de la Naci\u00f3n \u2013 Colombia. Garantizamos el acceso efectivo a la justicia, la verdad y la reparaci\u00f3n de las v\u00edctimas de los delitos.","robots":{"index":"noindex","follow":"follow"},"og_locale":"es_ES","og_type":"article","og_title":"Fiscal\u00eda General de la Naci\u00f3n","og_description":"P\u00e1gina oficial de la Fiscal\u00eda General de la Naci\u00f3n \u2013 Colombia. Garantizamos el acceso efectivo a la justicia, la verdad y la reparaci\u00f3n de las v\u00edctimas de los delitos.","og_url":"https:\/\/www.fiscalia.gov.co\/colombia\/noticias\/desarticulada-red-de-trata-de-personas-senalada-de-explotar-sexualmente-a-ninas-y-adolescentes-en-zona-de-frontera-con-ecuador\/","og_site_name":"Fiscal\u00eda General de la Naci\u00f3n","article_publisher":"https:\/\/www.facebook.com\/FiscaliaCol","article_published_time":"2019-12-19T17:19:48+00:00","author":"Direcci\u00f3n de Comunicaciones Fiscal\u00eda General de la Naci\u00f3n","twitter_card":"summary_large_image","twitter_creator":"@FiscaliaCol","twitter_site":"@FiscaliaCol","twitter_misc":{"Escrito por":"Direcci\u00f3n de Comunicaciones Fiscal\u00eda General de la Naci\u00f3n","Tiempo de lectura":"3 minutos"},"schema":{"@context":"https:\/\/schema.org","@graph":[{"@type":"Article","@id":"https:\/\/www.fiscalia.gov.co\/colombia\/noticias\/desarticulada-red-de-trata-de-personas-senalada-de-explotar-sexualmente-a-ninas-y-adolescentes-en-zona-de-frontera-con-ecuador\/#article","isPartOf":{"@id":"https:\/\/www.fiscalia.gov.co\/colombia\/noticias\/desarticulada-red-de-trata-de-personas-senalada-de-explotar-sexualmente-a-ninas-y-adolescentes-en-zona-de-frontera-con-ecuador\/"},"author":{"name":"Direcci\u00f3n de Comunicaciones Fiscal\u00eda General de la Naci\u00f3n","@id":"https:\/\/www.fiscalia.gov.co\/colombia\/#\/schema\/person\/bf28d8ae7f1b287bbe3af484b04f43ea"},"headline":"Desarticulada red de trata de personas se\u00f1alada de explotar sexualmente a ni\u00f1as y adolescentes en zona de frontera con Ecuador","datePublished":"2019-12-19T17:19:48+00:00","dateModified":"2019-12-19T17:19:48+00:00","mainEntityOfPage":{"@id":"https:\/\/www.fiscalia.gov.co\/colombia\/noticias\/desarticulada-red-de-trata-de-personas-senalada-de-explotar-sexualmente-a-ninas-y-adolescentes-en-zona-de-frontera-con-ecuador\/"},"wordCount":672,"publisher":{"@id":"https:\/\/www.fiscalia.gov.co\/colombia\/#organization"},"articleSection":["Crimen organizado","Derechos Humanos","Noticias"],"inLanguage":"es-CO"},{"@type":"WebPage","@id":"https:\/\/www.fiscalia.gov.co\/colombia\/noticias\/desarticulada-red-de-trata-de-personas-senalada-de-explotar-sexualmente-a-ninas-y-adolescentes-en-zona-de-frontera-con-ecuador\/","url":"https:\/\/www.fiscalia.gov.co\/colombia\/noticias\/desarticulada-red-de-trata-de-personas-senalada-de-explotar-sexualmente-a-ninas-y-adolescentes-en-zona-de-frontera-con-ecuador\/","name":"Fiscal\u00eda General de la Naci\u00f3n","isPartOf":{"@id":"https:\/\/www.fiscalia.gov.co\/colombia\/#website"},"datePublished":"2019-12-19T17:19:48+00:00","dateModified":"2019-12-19T17:19:48+00:00","description":"P\u00e1gina oficial de la Fiscal\u00eda General de la Naci\u00f3n \u2013 Colombia. Garantizamos el acceso efectivo a la justicia, la verdad y la reparaci\u00f3n de las v\u00edctimas de los delitos.","breadcrumb":{"@id":"https:\/\/www.fiscalia.gov.co\/colombia\/noticias\/desarticulada-red-de-trata-de-personas-senalada-de-explotar-sexualmente-a-ninas-y-adolescentes-en-zona-de-frontera-con-ecuador\/#breadcrumb"},"inLanguage":"es-CO","potentialAction":[{"@type":"ReadAction","target":["https:\/\/www.fiscalia.gov.co\/colombia\/noticias\/desarticulada-red-de-trata-de-personas-senalada-de-explotar-sexualmente-a-ninas-y-adolescentes-en-zona-de-frontera-con-ecuador\/"]}]},{"@type":"BreadcrumbList","@id":"https:\/\/www.fiscalia.gov.co\/colombia\/noticias\/desarticulada-red-de-trata-de-personas-senalada-de-explotar-sexualmente-a-ninas-y-adolescentes-en-zona-de-frontera-con-ecuador\/#breadcrumb","itemListElement":[{"@type":"ListItem","position":1,"name":"Home","item":"https:\/\/www.fiscalia.gov.co\/colombia\/"},{"@type":"ListItem","position":2,"name":"Desarticulada red de trata de personas se\u00f1alada de explotar sexualmente a ni\u00f1as y adolescentes en zona de frontera con Ecuador"}]},{"@type":"WebSite","@id":"https:\/\/www.fiscalia.gov.co\/colombia\/#website","url":"https:\/\/www.fiscalia.gov.co\/colombia\/","name":"Fiscal\u00eda General de la Naci\u00f3n","description":"P\u00e1gina oficial de la Fiscal\u00eda General de la Naci\u00f3n \u2013 Colombia. Garantizamos el acceso efectivo a la justicia, la verdad y la reparaci\u00f3n de las v\u00edctimas de los delitos.","publisher":{"@id":"https:\/\/www.fiscalia.gov.co\/colombia\/#organization"},"potentialAction":[{"@type":"SearchAction","target":{"@type":"EntryPoint","urlTemplate":"https:\/\/www.fiscalia.gov.co\/colombia\/?s={search_term_string}"},"query-input":{"@type":"PropertyValueSpecification","valueRequired":true,"valueName":"search_term_string"}}],"inLanguage":"es-CO"},{"@type":"Organization","@id":"https:\/\/www.fiscalia.gov.co\/colombia\/#organization","name":"Fiscal\u00eda General de la Naci\u00f3n","url":"https:\/\/www.fiscalia.gov.co\/colombia\/","logo":{"@type":"ImageObject","inLanguage":"es-CO","@id":"https:\/\/www.fiscalia.gov.co\/colombia\/#\/schema\/logo\/image\/","url":"https:\/\/www.fiscalia.gov.co\/colombia\/wp-content\/uploads\/LogoHorizontal_1.jpg","contentUrl":"https:\/\/www.fiscalia.gov.co\/colombia\/wp-content\/uploads\/LogoHorizontal_1.jpg","width":300,"height":90,"caption":"Fiscal\u00eda General de la Naci\u00f3n"},"image":{"@id":"https:\/\/www.fiscalia.gov.co\/colombia\/#\/schema\/logo\/image\/"},"sameAs":["https:\/\/www.facebook.com\/FiscaliaCol","https:\/\/x.com\/FiscaliaCol","https:\/\/www.instagram.com\/fiscaliacol","https:\/\/www.linkedin.com\/company\/fiscalia-general-de-la-naci-n\/","https:\/\/youtube.com\/@fiscaliageneraldelanacion-4668?si=6nN79nyQICPU5iTh"]},{"@type":"Person","@id":"https:\/\/www.fiscalia.gov.co\/colombia\/#\/schema\/person\/bf28d8ae7f1b287bbe3af484b04f43ea","name":"Direcci\u00f3n de Comunicaciones Fiscal\u00eda General de la Naci\u00f3n","image":{"@type":"ImageObject","inLanguage":"es-CO","@id":"https:\/\/www.fiscalia.gov.co\/colombia\/#\/schema\/person\/image\/","url":"https:\/\/secure.gravatar.com\/avatar\/9d55ae161d32da16dbdd0b380c080a5f?s=96&d=mm&r=g","contentUrl":"https:\/\/secure.gravatar.com\/avatar\/9d55ae161d32da16dbdd0b380c080a5f?s=96&d=mm&r=g","caption":"Direcci\u00f3n de Comunicaciones Fiscal\u00eda General de la Naci\u00f3n"},"url":"https:\/\/www.fiscalia.gov.co\/colombia\/author\/kbonilla\/"}]}},"_links":{"self":[{"href":"https:\/\/www.fiscalia.gov.co\/colombia\/wp-json\/wp\/v2\/posts\/187655","targetHints":{"allow":["GET"]}}],"collection":[{"href":"https:\/\/www.fiscalia.gov.co\/colombia\/wp-json\/wp\/v2\/posts"}],"about":[{"href":"https:\/\/www.fiscalia.gov.co\/colombia\/wp-json\/wp\/v2\/types\/post"}],"author":[{"embeddable":true,"href":"https:\/\/www.fiscalia.gov.co\/colombia\/wp-json\/wp\/v2\/users\/162"}],"replies":[{"embeddable":true,"href":"https:\/\/www.fiscalia.gov.co\/colombia\/wp-json\/wp\/v2\/comments?post=187655"}],"version-history":[{"count":2,"href":"https:\/\/www.fiscalia.gov.co\/colombia\/wp-json\/wp\/v2\/posts\/187655\/revisions"}],"predecessor-version":[{"id":187658,"href":"https:\/\/www.fiscalia.gov.co\/colombia\/wp-json\/wp\/v2\/posts\/187655\/revisions\/187658"}],"wp:attachment":[{"href":"https:\/\/www.fiscalia.gov.co\/colombia\/wp-json\/wp\/v2\/media?parent=187655"}],"wp:term":[{"taxonomy":"category","embeddable":true,"href":"https:\/\/www.fiscalia.gov.co\/colombia\/wp-json\/wp\/v2\/categories?post=187655"},{"taxonomy":"post_tag","embeddable":true,"href":"https:\/\/www.fiscalia.gov.co\/colombia\/wp-json\/wp\/v2\/tags?post=187655"}],"curies":[{"name":"wp","href":"https:\/\/api.w.org\/{rel}","templated":true}]}}