{"id":187587,"date":"2019-12-18T11:46:27","date_gmt":"2019-12-18T16:46:27","guid":{"rendered":"https:\/\/www.fiscalia.gov.co\/colombia\/?p=187587"},"modified":"2019-12-18T11:46:27","modified_gmt":"2019-12-18T16:46:27","slug":"golpe-a-la-multimillonaria-fortuna-oculta-de-uno-de-los-extraditados-capos-del-extinto-cartel-del-norte-del-valle","status":"publish","type":"post","link":"https:\/\/www.fiscalia.gov.co\/colombia\/noticias\/golpe-a-la-multimillonaria-fortuna-oculta-de-uno-de-los-extraditados-capos-del-extinto-cartel-del-norte-del-valle\/","title":{"rendered":"Golpe a la multimillonaria fortuna oculta de uno de los extraditados capos del extinto cartel del Norte del Valle"},"content":{"rendered":"<blockquote class=\"td_quote_box td_box_center\">\n<h4><strong>La Fiscal\u00eda General de la Naci\u00f3n y la Polic\u00eda Nacional ocuparon bienes por 1.2 billones de pesos que har\u00edan parte del patrimonio il\u00edcito que Carlos Felipe Toro S\u00e1nchez o \u2018Pipe Montoya\u2019, primo de alias Don Diego, constituy\u00f3 luego de cumplir una condena por narcotr\u00e1fico en Estados Unidos. Entre las propiedades afectadas est\u00e1 el considerado segundo mejor criadero de caballos del pa\u00eds, un lote en un exclusivo sector de Bol\u00edvar, veh\u00edculos lujosos, colecciones de relojes, obras de reconocidos artistas y lingotes de oro.<\/strong><\/h4>\n<\/blockquote>\n<p>Los rastreos financieros realizados por la Fiscal\u00eda General de la Naci\u00f3n y la Polic\u00eda Nacional, a trav\u00e9s de la DIJIN, a diferentes actividades econ\u00f3micas que durante finales de los noventa y la primera d\u00e9cada de este siglo estuvieron asociadas a los carteles de la droga, arrojaron pistas sobre posibles movimientos il\u00edcitos de activos y millonarias ganancias obtenidas por algunos extraditados que regresaron al pa\u00eds luego de cumplir sus condenas.<\/p>\n<p>Las verificaciones contables pusieron en evidencia a Carlos Felipe Toro S\u00e1nchez o \u2018Pipe Montoya\u2019, primo de alias Don Diego y se\u00f1alado jefe de sicarios del entonces cartel del Norte del Valle. Esta persona fue capturada en noviembre de 2003, condenada en Estados Unidos a 19 a\u00f1os de prisi\u00f3n y, luego de purgar 9 a\u00f1os de c\u00e1rcel, retorn\u00f3 a Colombia en 2012 con la supuesta intenci\u00f3n de recuperar los dineros de la estructura narcotraficante.<\/p>\n<p>En las indagaciones se constat\u00f3 que \u2018Pipe Montoya\u2019 y su esposa consolidaron una presunta red de lavado de activos que les permiti\u00f3 en siete a\u00f1os comprar, vender y enajenar bienes de alto valor. Dichas actividades comerciales se habr\u00edan realizado con ayuda de testaferros, no fueron reportadas a las autoridades tributarias ni soportadas con transacciones a trav\u00e9s del sistema bancario.<\/p>\n<p>De esta manera, se cre\u00f3 en 2015 el Criadero Nuevo Amanecer S.A.S., registrado en Cali (Valle del Cauca) y con sede en Tenjo (Cundinamarca). La informaci\u00f3n financiera indica que esta sociedad tendr\u00eda activos por 50 millones de pesos; sin embargo, es considerado el segundo criadero m\u00e1s importante de Colombia porque tiene los caballos de paso fino m\u00e1s premiados y destacados en los diferentes cert\u00e1menes de la especialidad, cada equino podr\u00eda costar hasta 2 millones de d\u00f3lares.<\/p>\n<p>Adicionalmente, sobresale el lujo de las instalaciones y de los lugares dispuestos para exhibir los ejemplares, as\u00ed como las pesebreras y las t\u00e9cnicas de cuidado utilizadas. Los investigadores tuvieron acceso a varias conversaciones telef\u00f3nicas en las que \u2018Pipe Montoya\u2019 ofrec\u00eda por 2 millones de d\u00f3lares en efectivo al Kan de Kanes de San Marcos, catalogado como el mejor potro de paso fino y ganador de varias copas internacionales.<\/p>\n<p>El mencionado equino habr\u00eda sido vendido por un mill\u00f3n 500 mil d\u00f3lares, pero en las inspecciones no se encontr\u00f3 rastro de esa transacci\u00f3n ni de otras tantas hechas por el Criadero Nuevo Amanecer S.A.S. Incluso, en siete a\u00f1os la sociedad s\u00f3lo declar\u00f3 renta en 2015, los dem\u00e1s a\u00f1os habr\u00eda evadido su responsabilidad tributaria.<\/p>\n<p>Los peritos calculan un incremento patrimonial injustificado cercano a los 20.500 millones de pesos, representado en los dineros que no report\u00f3 la esposa de \u2018Pipe Montoya\u2019 por ventas y compras de bienes, y los negocios cerrados por el Criadero Nuevo Amanecer S.A.S., los cuales fueron identificados gracias a la labor investigativa.<\/p>\n<p>Por estos hechos, Carlos Felipe Toro S\u00e1nchez, alias Pipe Montoya; y su esposa, Mar\u00eda Fernanda \u00c1ngel Mu\u00f1oz o \u2018Nana\u2019, fueron capturados en su residencia ubicada en un lujoso condominio en la v\u00eda Suba &#8211; Cota (Cundinamarca). La pareja fue presentada en audiencias concentradas y una fiscal de la Direcci\u00f3n Especializada contra el Lavado de Activos le imput\u00f3 cargos por los delitos de lavado de activos agravado y enriquecimiento il\u00edcito de particulares.<\/p>\n<p>Por solicitud de la Fiscal\u00eda, un juez de control de garant\u00edas de Bogot\u00e1 impuso a los esposos medida de aseguramiento privativa de la libertad en centro carcelario.<\/p>\n<p><strong><u>Multimillonario patrimonio<\/u><\/strong><\/p>\n<p>Ante la evidencia que demostrar\u00eda el ocultamiento de activos, un fiscal de la Direcci\u00f3n Especializada de Extinci\u00f3n del Derecho de Dominio afect\u00f3 el patrimonio de \u2018Pipe Montoya\u2019 y su esposa con medidas cautelares de embargo, secuestro y suspensi\u00f3n del poder dispositivo.<\/p>\n<p>Los 68 bienes detectados en la investigaci\u00f3n fueron ocupados por la DIJIN de la Polic\u00eda Nacional y su aval\u00fao preliminar alcanzar\u00eda los 1.2 billones de pesos.<\/p>\n<p>Entre las propiedades afectadas est\u00e1 el Criadero Nuevo Amanecer S.A.S., tanto la oficina en Cali (Valle del Cauca) como la sede de funcionamiento en Tenjo (Cundinamarca), donde fueron encontrados 7 eran embriones concebidos por las mejores yeguas y caballos del pa\u00eds, y 48 ejemplares de los m\u00e1s ganadores en ferias nacionales e internacionales como: Novedoso, Violeta II del Cielo, Fragante, So\u00f1ador de San Marcos, Bombonera, Viajera de Yarumalito, reconocida como la mejor yegua de Colombia; y Caballero de Rancho Luna, este \u00faltimo tetracampe\u00f3n en la XXVII Copa Am\u00e9rica Equina, que se cumpli\u00f3 el pasado mes de noviembre en Cali.<\/p>\n<p>Hasta el momento no se ha establecido el valor real de cada uno de los caballos a la espera de un peritaje.<\/p>\n<p>Otro de los bienes ocupados con fines de extinci\u00f3n de dominio es un lote de 305 hect\u00e1reas\u00a0 en la vereda Puerto Badel de Arjona (Bol\u00edvar), una de las zonas inmobiliarias con el metro cuadrado m\u00e1s costoso del pa\u00eds. Este predio localizado en inmediaciones del Canal del Dique habr\u00eda sido enajenado por \u2018Pipe Montoya\u2019, a trav\u00e9s de supuestos testaferros, por un precio irrisorio de 200 millones de pesos, cuando su valor real alcanzar\u00eda el bill\u00f3n de pesos.<\/p>\n<p>Cinco cuentas bancarias y seis camionetas de gama alta, algunas de ellas con blindaje, tambi\u00e9n fueron objeto de las medidas cautelares. Los autom\u00f3viles fueron encontrados en la vivienda donde los investigadores capturaron a \u2018Pipe Montoya\u2019 y su esposa, all\u00ed se tambi\u00e9n fueron incautados 69 relojes de colecci\u00f3n, obras de artistas reconocidos, 218 millones de pesos en efectivo, placas de oro macizo y una pistola Glock calibre 9 mm con proveedor y munici\u00f3n.<\/p>\n<p>El rastreo financiero y las indagaciones continuar\u00e1n para ubicar otros bienes que el se\u00f1alado ex jefe de sicarios del extinto Cartel del Norte del Valle supuestamente compr\u00f3 o vendi\u00f3 en Cundinamarca, Bol\u00edvar, Valle del Cauca, Cauca, Magdalena Medio, Panam\u00e1 y M\u00e9xico, y de los cuales hay referencias en las llamadas telef\u00f3nicas conocidas, como un Ferrari e inmuebles de mil metros cuadrados en sectores exclusivos y otras transacciones que presuntamente se hicieron en efectivo por lo que no hay referencia contable.<\/p>\n<p>&nbsp;<\/p>\n\n<div class=\"twitter-share\"><a href=\"https:\/\/twitter.com\/intent\/tweet?via=fiscaliacol\" class=\"twitter-share-button\">Tweet<\/a><\/div>\n","protected":false},"excerpt":{"rendered":"<p>La Fiscal\u00eda General de la Naci\u00f3n y la Polic\u00eda Nacional ocuparon bienes por 1.2 billones de pesos que har\u00edan parte del patrimonio il\u00edcito que Carlos Felipe Toro S\u00e1nchez o \u2018Pipe Montoya\u2019, primo de alias Don Diego, constituy\u00f3 luego de cumplir una condena por narcotr\u00e1fico en Estados Unidos. Entre las propiedades afectadas est\u00e1 el considerado segundo [&hellip;]<\/p>\n","protected":false},"author":162,"featured_media":0,"comment_status":"closed","ping_status":"open","sticky":false,"template":"","format":"standard","meta":{"tdm_status":"","tdm_grid_status":"","footnotes":""},"categories":[24157,24125,1],"tags":[],"class_list":{"0":"post-187587","1":"post","2":"type-post","3":"status-publish","4":"format-standard","6":"category-finanzas-criminales","7":"category-lavado-de-activos","8":"category-noticias"},"yoast_head":"<!-- This site is optimized with the Yoast SEO plugin v24.3 - https:\/\/yoast.com\/wordpress\/plugins\/seo\/ -->\n<title>Fiscal\u00eda General de la Naci\u00f3n<\/title>\n<meta name=\"description\" content=\"P\u00e1gina oficial de la Fiscal\u00eda General de la Naci\u00f3n \u2013 Colombia. Garantizamos el acceso efectivo a la justicia, la verdad y la reparaci\u00f3n de las v\u00edctimas de los delitos.\" \/>\n<meta name=\"robots\" content=\"noindex, follow\" \/>\n<meta property=\"og:locale\" content=\"es_ES\" \/>\n<meta property=\"og:type\" content=\"article\" \/>\n<meta property=\"og:title\" content=\"Fiscal\u00eda General de la Naci\u00f3n\" \/>\n<meta property=\"og:description\" content=\"P\u00e1gina oficial de la Fiscal\u00eda General de la Naci\u00f3n \u2013 Colombia. Garantizamos el acceso efectivo a la justicia, la verdad y la reparaci\u00f3n de las v\u00edctimas de los delitos.\" \/>\n<meta property=\"og:url\" content=\"https:\/\/www.fiscalia.gov.co\/colombia\/noticias\/golpe-a-la-multimillonaria-fortuna-oculta-de-uno-de-los-extraditados-capos-del-extinto-cartel-del-norte-del-valle\/\" \/>\n<meta property=\"og:site_name\" content=\"Fiscal\u00eda General de la Naci\u00f3n\" \/>\n<meta property=\"article:publisher\" content=\"https:\/\/www.facebook.com\/FiscaliaCol\" \/>\n<meta property=\"article:published_time\" content=\"2019-12-18T16:46:27+00:00\" \/>\n<meta name=\"author\" content=\"Direcci\u00f3n de Comunicaciones Fiscal\u00eda General de la Naci\u00f3n\" \/>\n<meta name=\"twitter:card\" content=\"summary_large_image\" \/>\n<meta name=\"twitter:creator\" content=\"@FiscaliaCol\" \/>\n<meta name=\"twitter:site\" content=\"@FiscaliaCol\" \/>\n<meta name=\"twitter:label1\" content=\"Escrito por\" \/>\n\t<meta name=\"twitter:data1\" content=\"Direcci\u00f3n de Comunicaciones Fiscal\u00eda General de la Naci\u00f3n\" \/>\n\t<meta name=\"twitter:label2\" content=\"Tiempo de lectura\" \/>\n\t<meta name=\"twitter:data2\" content=\"6 minutos\" \/>\n<script type=\"application\/ld+json\" class=\"yoast-schema-graph\">{\"@context\":\"https:\/\/schema.org\",\"@graph\":[{\"@type\":\"Article\",\"@id\":\"https:\/\/www.fiscalia.gov.co\/colombia\/noticias\/golpe-a-la-multimillonaria-fortuna-oculta-de-uno-de-los-extraditados-capos-del-extinto-cartel-del-norte-del-valle\/#article\",\"isPartOf\":{\"@id\":\"https:\/\/www.fiscalia.gov.co\/colombia\/noticias\/golpe-a-la-multimillonaria-fortuna-oculta-de-uno-de-los-extraditados-capos-del-extinto-cartel-del-norte-del-valle\/\"},\"author\":{\"name\":\"Direcci\u00f3n de Comunicaciones Fiscal\u00eda General de la Naci\u00f3n\",\"@id\":\"https:\/\/www.fiscalia.gov.co\/colombia\/#\/schema\/person\/bf28d8ae7f1b287bbe3af484b04f43ea\"},\"headline\":\"Golpe a la multimillonaria fortuna oculta de uno de los extraditados capos del extinto cartel del Norte del Valle\",\"datePublished\":\"2019-12-18T16:46:27+00:00\",\"dateModified\":\"2019-12-18T16:46:27+00:00\",\"mainEntityOfPage\":{\"@id\":\"https:\/\/www.fiscalia.gov.co\/colombia\/noticias\/golpe-a-la-multimillonaria-fortuna-oculta-de-uno-de-los-extraditados-capos-del-extinto-cartel-del-norte-del-valle\/\"},\"wordCount\":1142,\"publisher\":{\"@id\":\"https:\/\/www.fiscalia.gov.co\/colombia\/#organization\"},\"articleSection\":[\"Finanzas criminales\",\"Lavado de activos\",\"Noticias\"],\"inLanguage\":\"es-CO\"},{\"@type\":\"WebPage\",\"@id\":\"https:\/\/www.fiscalia.gov.co\/colombia\/noticias\/golpe-a-la-multimillonaria-fortuna-oculta-de-uno-de-los-extraditados-capos-del-extinto-cartel-del-norte-del-valle\/\",\"url\":\"https:\/\/www.fiscalia.gov.co\/colombia\/noticias\/golpe-a-la-multimillonaria-fortuna-oculta-de-uno-de-los-extraditados-capos-del-extinto-cartel-del-norte-del-valle\/\",\"name\":\"Fiscal\u00eda General de la Naci\u00f3n\",\"isPartOf\":{\"@id\":\"https:\/\/www.fiscalia.gov.co\/colombia\/#website\"},\"datePublished\":\"2019-12-18T16:46:27+00:00\",\"dateModified\":\"2019-12-18T16:46:27+00:00\",\"description\":\"P\u00e1gina oficial de la Fiscal\u00eda General de la Naci\u00f3n \u2013 Colombia. Garantizamos el acceso efectivo a la justicia, la verdad y la reparaci\u00f3n de las v\u00edctimas de los delitos.\",\"breadcrumb\":{\"@id\":\"https:\/\/www.fiscalia.gov.co\/colombia\/noticias\/golpe-a-la-multimillonaria-fortuna-oculta-de-uno-de-los-extraditados-capos-del-extinto-cartel-del-norte-del-valle\/#breadcrumb\"},\"inLanguage\":\"es-CO\",\"potentialAction\":[{\"@type\":\"ReadAction\",\"target\":[\"https:\/\/www.fiscalia.gov.co\/colombia\/noticias\/golpe-a-la-multimillonaria-fortuna-oculta-de-uno-de-los-extraditados-capos-del-extinto-cartel-del-norte-del-valle\/\"]}]},{\"@type\":\"BreadcrumbList\",\"@id\":\"https:\/\/www.fiscalia.gov.co\/colombia\/noticias\/golpe-a-la-multimillonaria-fortuna-oculta-de-uno-de-los-extraditados-capos-del-extinto-cartel-del-norte-del-valle\/#breadcrumb\",\"itemListElement\":[{\"@type\":\"ListItem\",\"position\":1,\"name\":\"Home\",\"item\":\"https:\/\/www.fiscalia.gov.co\/colombia\/\"},{\"@type\":\"ListItem\",\"position\":2,\"name\":\"Golpe a la multimillonaria fortuna oculta de uno de los extraditados capos del extinto cartel del Norte del Valle\"}]},{\"@type\":\"WebSite\",\"@id\":\"https:\/\/www.fiscalia.gov.co\/colombia\/#website\",\"url\":\"https:\/\/www.fiscalia.gov.co\/colombia\/\",\"name\":\"Fiscal\u00eda General de la Naci\u00f3n\",\"description\":\"P\u00e1gina oficial de la Fiscal\u00eda General de la Naci\u00f3n \u2013 Colombia. Garantizamos el acceso efectivo a la justicia, la verdad y la reparaci\u00f3n de las v\u00edctimas de los delitos.\",\"publisher\":{\"@id\":\"https:\/\/www.fiscalia.gov.co\/colombia\/#organization\"},\"potentialAction\":[{\"@type\":\"SearchAction\",\"target\":{\"@type\":\"EntryPoint\",\"urlTemplate\":\"https:\/\/www.fiscalia.gov.co\/colombia\/?s={search_term_string}\"},\"query-input\":{\"@type\":\"PropertyValueSpecification\",\"valueRequired\":true,\"valueName\":\"search_term_string\"}}],\"inLanguage\":\"es-CO\"},{\"@type\":\"Organization\",\"@id\":\"https:\/\/www.fiscalia.gov.co\/colombia\/#organization\",\"name\":\"Fiscal\u00eda General de la Naci\u00f3n\",\"url\":\"https:\/\/www.fiscalia.gov.co\/colombia\/\",\"logo\":{\"@type\":\"ImageObject\",\"inLanguage\":\"es-CO\",\"@id\":\"https:\/\/www.fiscalia.gov.co\/colombia\/#\/schema\/logo\/image\/\",\"url\":\"https:\/\/www.fiscalia.gov.co\/colombia\/wp-content\/uploads\/LogoHorizontal_1.jpg\",\"contentUrl\":\"https:\/\/www.fiscalia.gov.co\/colombia\/wp-content\/uploads\/LogoHorizontal_1.jpg\",\"width\":300,\"height\":90,\"caption\":\"Fiscal\u00eda General de la Naci\u00f3n\"},\"image\":{\"@id\":\"https:\/\/www.fiscalia.gov.co\/colombia\/#\/schema\/logo\/image\/\"},\"sameAs\":[\"https:\/\/www.facebook.com\/FiscaliaCol\",\"https:\/\/x.com\/FiscaliaCol\",\"https:\/\/www.instagram.com\/fiscaliacol\",\"https:\/\/www.linkedin.com\/company\/fiscalia-general-de-la-naci-n\/\",\"https:\/\/youtube.com\/@fiscaliageneraldelanacion-4668?si=6nN79nyQICPU5iTh\"]},{\"@type\":\"Person\",\"@id\":\"https:\/\/www.fiscalia.gov.co\/colombia\/#\/schema\/person\/bf28d8ae7f1b287bbe3af484b04f43ea\",\"name\":\"Direcci\u00f3n de Comunicaciones Fiscal\u00eda General de la Naci\u00f3n\",\"image\":{\"@type\":\"ImageObject\",\"inLanguage\":\"es-CO\",\"@id\":\"https:\/\/www.fiscalia.gov.co\/colombia\/#\/schema\/person\/image\/\",\"url\":\"https:\/\/secure.gravatar.com\/avatar\/9d55ae161d32da16dbdd0b380c080a5f?s=96&d=mm&r=g\",\"contentUrl\":\"https:\/\/secure.gravatar.com\/avatar\/9d55ae161d32da16dbdd0b380c080a5f?s=96&d=mm&r=g\",\"caption\":\"Direcci\u00f3n de Comunicaciones Fiscal\u00eda General de la Naci\u00f3n\"},\"url\":\"https:\/\/www.fiscalia.gov.co\/colombia\/author\/kbonilla\/\"}]}<\/script>\n<!-- \/ Yoast SEO plugin. -->","yoast_head_json":{"title":"Fiscal\u00eda General de la Naci\u00f3n","description":"P\u00e1gina oficial de la Fiscal\u00eda General de la Naci\u00f3n \u2013 Colombia. Garantizamos el acceso efectivo a la justicia, la verdad y la reparaci\u00f3n de las v\u00edctimas de los delitos.","robots":{"index":"noindex","follow":"follow"},"og_locale":"es_ES","og_type":"article","og_title":"Fiscal\u00eda General de la Naci\u00f3n","og_description":"P\u00e1gina oficial de la Fiscal\u00eda General de la Naci\u00f3n \u2013 Colombia. Garantizamos el acceso efectivo a la justicia, la verdad y la reparaci\u00f3n de las v\u00edctimas de los delitos.","og_url":"https:\/\/www.fiscalia.gov.co\/colombia\/noticias\/golpe-a-la-multimillonaria-fortuna-oculta-de-uno-de-los-extraditados-capos-del-extinto-cartel-del-norte-del-valle\/","og_site_name":"Fiscal\u00eda General de la Naci\u00f3n","article_publisher":"https:\/\/www.facebook.com\/FiscaliaCol","article_published_time":"2019-12-18T16:46:27+00:00","author":"Direcci\u00f3n de Comunicaciones Fiscal\u00eda General de la Naci\u00f3n","twitter_card":"summary_large_image","twitter_creator":"@FiscaliaCol","twitter_site":"@FiscaliaCol","twitter_misc":{"Escrito por":"Direcci\u00f3n de Comunicaciones Fiscal\u00eda General de la Naci\u00f3n","Tiempo de lectura":"6 minutos"},"schema":{"@context":"https:\/\/schema.org","@graph":[{"@type":"Article","@id":"https:\/\/www.fiscalia.gov.co\/colombia\/noticias\/golpe-a-la-multimillonaria-fortuna-oculta-de-uno-de-los-extraditados-capos-del-extinto-cartel-del-norte-del-valle\/#article","isPartOf":{"@id":"https:\/\/www.fiscalia.gov.co\/colombia\/noticias\/golpe-a-la-multimillonaria-fortuna-oculta-de-uno-de-los-extraditados-capos-del-extinto-cartel-del-norte-del-valle\/"},"author":{"name":"Direcci\u00f3n de Comunicaciones Fiscal\u00eda General de la Naci\u00f3n","@id":"https:\/\/www.fiscalia.gov.co\/colombia\/#\/schema\/person\/bf28d8ae7f1b287bbe3af484b04f43ea"},"headline":"Golpe a la multimillonaria fortuna oculta de uno de los extraditados capos del extinto cartel del Norte del Valle","datePublished":"2019-12-18T16:46:27+00:00","dateModified":"2019-12-18T16:46:27+00:00","mainEntityOfPage":{"@id":"https:\/\/www.fiscalia.gov.co\/colombia\/noticias\/golpe-a-la-multimillonaria-fortuna-oculta-de-uno-de-los-extraditados-capos-del-extinto-cartel-del-norte-del-valle\/"},"wordCount":1142,"publisher":{"@id":"https:\/\/www.fiscalia.gov.co\/colombia\/#organization"},"articleSection":["Finanzas criminales","Lavado de activos","Noticias"],"inLanguage":"es-CO"},{"@type":"WebPage","@id":"https:\/\/www.fiscalia.gov.co\/colombia\/noticias\/golpe-a-la-multimillonaria-fortuna-oculta-de-uno-de-los-extraditados-capos-del-extinto-cartel-del-norte-del-valle\/","url":"https:\/\/www.fiscalia.gov.co\/colombia\/noticias\/golpe-a-la-multimillonaria-fortuna-oculta-de-uno-de-los-extraditados-capos-del-extinto-cartel-del-norte-del-valle\/","name":"Fiscal\u00eda General de la Naci\u00f3n","isPartOf":{"@id":"https:\/\/www.fiscalia.gov.co\/colombia\/#website"},"datePublished":"2019-12-18T16:46:27+00:00","dateModified":"2019-12-18T16:46:27+00:00","description":"P\u00e1gina oficial de la Fiscal\u00eda General de la Naci\u00f3n \u2013 Colombia. Garantizamos el acceso efectivo a la justicia, la verdad y la reparaci\u00f3n de las v\u00edctimas de los delitos.","breadcrumb":{"@id":"https:\/\/www.fiscalia.gov.co\/colombia\/noticias\/golpe-a-la-multimillonaria-fortuna-oculta-de-uno-de-los-extraditados-capos-del-extinto-cartel-del-norte-del-valle\/#breadcrumb"},"inLanguage":"es-CO","potentialAction":[{"@type":"ReadAction","target":["https:\/\/www.fiscalia.gov.co\/colombia\/noticias\/golpe-a-la-multimillonaria-fortuna-oculta-de-uno-de-los-extraditados-capos-del-extinto-cartel-del-norte-del-valle\/"]}]},{"@type":"BreadcrumbList","@id":"https:\/\/www.fiscalia.gov.co\/colombia\/noticias\/golpe-a-la-multimillonaria-fortuna-oculta-de-uno-de-los-extraditados-capos-del-extinto-cartel-del-norte-del-valle\/#breadcrumb","itemListElement":[{"@type":"ListItem","position":1,"name":"Home","item":"https:\/\/www.fiscalia.gov.co\/colombia\/"},{"@type":"ListItem","position":2,"name":"Golpe a la multimillonaria fortuna oculta de uno de los extraditados capos del extinto cartel del Norte del Valle"}]},{"@type":"WebSite","@id":"https:\/\/www.fiscalia.gov.co\/colombia\/#website","url":"https:\/\/www.fiscalia.gov.co\/colombia\/","name":"Fiscal\u00eda General de la Naci\u00f3n","description":"P\u00e1gina oficial de la Fiscal\u00eda General de la Naci\u00f3n \u2013 Colombia. Garantizamos el acceso efectivo a la justicia, la verdad y la reparaci\u00f3n de las v\u00edctimas de los delitos.","publisher":{"@id":"https:\/\/www.fiscalia.gov.co\/colombia\/#organization"},"potentialAction":[{"@type":"SearchAction","target":{"@type":"EntryPoint","urlTemplate":"https:\/\/www.fiscalia.gov.co\/colombia\/?s={search_term_string}"},"query-input":{"@type":"PropertyValueSpecification","valueRequired":true,"valueName":"search_term_string"}}],"inLanguage":"es-CO"},{"@type":"Organization","@id":"https:\/\/www.fiscalia.gov.co\/colombia\/#organization","name":"Fiscal\u00eda General de la Naci\u00f3n","url":"https:\/\/www.fiscalia.gov.co\/colombia\/","logo":{"@type":"ImageObject","inLanguage":"es-CO","@id":"https:\/\/www.fiscalia.gov.co\/colombia\/#\/schema\/logo\/image\/","url":"https:\/\/www.fiscalia.gov.co\/colombia\/wp-content\/uploads\/LogoHorizontal_1.jpg","contentUrl":"https:\/\/www.fiscalia.gov.co\/colombia\/wp-content\/uploads\/LogoHorizontal_1.jpg","width":300,"height":90,"caption":"Fiscal\u00eda General de la Naci\u00f3n"},"image":{"@id":"https:\/\/www.fiscalia.gov.co\/colombia\/#\/schema\/logo\/image\/"},"sameAs":["https:\/\/www.facebook.com\/FiscaliaCol","https:\/\/x.com\/FiscaliaCol","https:\/\/www.instagram.com\/fiscaliacol","https:\/\/www.linkedin.com\/company\/fiscalia-general-de-la-naci-n\/","https:\/\/youtube.com\/@fiscaliageneraldelanacion-4668?si=6nN79nyQICPU5iTh"]},{"@type":"Person","@id":"https:\/\/www.fiscalia.gov.co\/colombia\/#\/schema\/person\/bf28d8ae7f1b287bbe3af484b04f43ea","name":"Direcci\u00f3n de Comunicaciones Fiscal\u00eda General de la Naci\u00f3n","image":{"@type":"ImageObject","inLanguage":"es-CO","@id":"https:\/\/www.fiscalia.gov.co\/colombia\/#\/schema\/person\/image\/","url":"https:\/\/secure.gravatar.com\/avatar\/9d55ae161d32da16dbdd0b380c080a5f?s=96&d=mm&r=g","contentUrl":"https:\/\/secure.gravatar.com\/avatar\/9d55ae161d32da16dbdd0b380c080a5f?s=96&d=mm&r=g","caption":"Direcci\u00f3n de Comunicaciones Fiscal\u00eda General de la Naci\u00f3n"},"url":"https:\/\/www.fiscalia.gov.co\/colombia\/author\/kbonilla\/"}]}},"_links":{"self":[{"href":"https:\/\/www.fiscalia.gov.co\/colombia\/wp-json\/wp\/v2\/posts\/187587","targetHints":{"allow":["GET"]}}],"collection":[{"href":"https:\/\/www.fiscalia.gov.co\/colombia\/wp-json\/wp\/v2\/posts"}],"about":[{"href":"https:\/\/www.fiscalia.gov.co\/colombia\/wp-json\/wp\/v2\/types\/post"}],"author":[{"embeddable":true,"href":"https:\/\/www.fiscalia.gov.co\/colombia\/wp-json\/wp\/v2\/users\/162"}],"replies":[{"embeddable":true,"href":"https:\/\/www.fiscalia.gov.co\/colombia\/wp-json\/wp\/v2\/comments?post=187587"}],"version-history":[{"count":1,"href":"https:\/\/www.fiscalia.gov.co\/colombia\/wp-json\/wp\/v2\/posts\/187587\/revisions"}],"predecessor-version":[{"id":187588,"href":"https:\/\/www.fiscalia.gov.co\/colombia\/wp-json\/wp\/v2\/posts\/187587\/revisions\/187588"}],"wp:attachment":[{"href":"https:\/\/www.fiscalia.gov.co\/colombia\/wp-json\/wp\/v2\/media?parent=187587"}],"wp:term":[{"taxonomy":"category","embeddable":true,"href":"https:\/\/www.fiscalia.gov.co\/colombia\/wp-json\/wp\/v2\/categories?post=187587"},{"taxonomy":"post_tag","embeddable":true,"href":"https:\/\/www.fiscalia.gov.co\/colombia\/wp-json\/wp\/v2\/tags?post=187587"}],"curies":[{"name":"wp","href":"https:\/\/api.w.org\/{rel}","templated":true}]}}