{"id":187522,"date":"2019-12-16T11:16:25","date_gmt":"2019-12-16T16:16:25","guid":{"rendered":"https:\/\/www.fiscalia.gov.co\/colombia\/?p=187522"},"modified":"2019-12-16T11:16:25","modified_gmt":"2019-12-16T16:16:25","slug":"judicializados-31-presuntos-integrantes-de-los-planchoneros","status":"publish","type":"post","link":"https:\/\/www.fiscalia.gov.co\/colombia\/seccionales\/judicializados-31-presuntos-integrantes-de-los-planchoneros\/","title":{"rendered":"Judicializados 31 presuntos integrantes de \u2018Los Planchoneros\u2019"},"content":{"rendered":"<p>Ante el Juzgado 18 de control de garant\u00edas la <strong>Fiscal\u00eda General de la Naci\u00f3n<\/strong> formul\u00f3 cargos contra 31 presuntos integrantes de la estructura delicita denominada \u2018<strong>Los Planchoneros\u2019 o \u2018Los Paisas\u2019<\/strong>.<\/p>\n<p>Seg\u00fan se ha podido conocer esta organizaci\u00f3n se dedica al <strong>tr\u00e1fico de sustancias estupefacientes<\/strong> en distintas modalidades y cantidades en el surorientes de <strong>Cali (Valle del Cauca)<\/strong>.<\/p>\n<p>De acuerdo con la investigaci\u00f3n, adelanta por un fiscal adscrito al <strong>Grupo de Casos Priorizados de la Seccional Cali<\/strong>, desde febrero de 2018 \u2018Los Planchoneros\u2019 o \u2018Los Paisas\u2019 vienen traficando con estupefacientes, especialmente bazuco.<\/p>\n<p>De acuerdo con el material probatorio recopilado <strong>las sustancias il\u00edcitas son producidas, empacadas y transportadas desde Corinto (Cauca)<\/strong> hasta Cali donde es almacenado en diferentes lugares para; posteriormente, distribuirlas haciendo uso de personas en condici\u00f3n de <strong>habitantes de calle o adictos<\/strong>.<\/p>\n<p>Labores de inteligencia permitieron evidenciar adem\u00e1s que la sustancia es <strong>transportada desde Corinto en veh\u00edculos de baja gama <\/strong>acondicionados con compartimientos secretos.<\/p>\n<p>Durante 17 diligencias de allanamiento y registro fueron capturados los hoy imputados, entre las cuales se encuentra un ciudadano venezolano, y se incautaron los estupefacientes el dinero en efectivo.<\/p>\n<p>En desarrollo de las audiencias preliminares, la Fiscal\u00eda formul\u00f3 cargos a los capturados por los <strong>delitos<\/strong> de concierto para delinquir agravado, fabricaci\u00f3n, tr\u00e1fico, porte o tenencias de armas de fuego, accesorios, partes o municiones; as\u00ed como de estupefacientes y cohecho por dar u ofrecer.<\/p>\n<p>Por determinaci\u00f3n del juez, los imputados que deben cumplir la medida de aseguramiento <strong>en centro carcelario<\/strong> son:<\/p>\n<ul>\n<li>Manuel Charry Llant\u00e9n, alias El Viejo<\/li>\n<li>James Cuen\u00fa Colorado, alias Pipe<\/li>\n<li>Consuelo Zapata Bedoya, alias La India<\/li>\n<li>Luz Stella Ram\u00edrez, alias La T\u00eda<\/li>\n<li>Arnulfo Castro Quintero, alias Pepino<\/li>\n<li>Francy Batioja Estupi\u00f1\u00e1n, alias Frank o Cachama<\/li>\n<li>Diego Andr\u00e9s Mosquera Escobar, alias Grande<\/li>\n<li>Heiber Castillo Cabezas, alias Pilo<\/li>\n<li>Jhon Henry Alegr\u00eda Cort\u00e9s, alias Henry<\/li>\n<li>Plutarco Castro Cort\u00e9s, alias El Mocho<\/li>\n<li>James Steven Mosquea Saa, alias Steven<\/li>\n<li>Alberto Hurtado, alias Semilla<\/li>\n<li>Jos\u00e9 R\u00f3binson Mosquera C\u00f3rdoba, alias Corvina<\/li>\n<li>Roy Bryan Castillo Arce, alias Aruba<\/li>\n<li>Jamer Dar\u00edo Estupi\u00f1\u00e1n Micolta, alias Tumaco<\/li>\n<li>Carlos Javier Guerrero Riascos, alias La Chinca<\/li>\n<li>Jhon Jairo Arango Perdomo, alias Goku<\/li>\n<li>C\u00e9sar Alejandro Boh\u00f3rquez Arango, alias Vegueta o El Cura<\/li>\n<li>Vladimir Mosquera Balanta, alias Trenzas o Popo<\/li>\n<li>Jorge Enrique Quintero Pino, alias George<\/li>\n<li>Gerson Marmolejo Aristiz\u00e1bal, alias El Tuerto<\/li>\n<li>Y\u00e9nifer Zapata Jim\u00e9nez<\/li>\n<li>Yuliana Marcela Zabala Zapata<\/li>\n<li>Juli\u00e1n Alberto Haeusler<\/li>\n<li>Ronald Enrique Plaza Narv\u00e1ez<\/li>\n<\/ul>\n<p>Aunque quedaron <strong>en libertad<\/strong> las siguientes personas seguir\u00e1n <strong>vinculadas al proceso<\/strong>:<\/p>\n<ul>\n<li>Halery Yuliana Ram\u00edrez Zapata<\/li>\n<li>Elizabeth Mateus Pavi<\/li>\n<li>Luc\u00eda Isaza Gonz\u00e1lez<\/li>\n<li>Mario Alberto Pati\u00f1o Cardona<\/li>\n<li>Josuath Jes\u00fas Silva Rodr\u00edguez y<\/li>\n<li>Mireya Garz\u00f3n Mu\u00f1oz<\/li>\n<\/ul>\n<p>En la misma audiencia el juez suspendi\u00f3 el poder dispositivo con fines de comiso de dos veh\u00edculos de placa CFH 153 y CAD 261; as\u00ed como de 1.640.000 pesos que fueron incautados durante las diligencias de allanamiento y registro.<\/p>\n<p>La Fiscal\u00eda General de la Naci\u00f3n hace p\u00fablica esta informaci\u00f3n por razones de inter\u00e9s general.<\/p>\n<p>&nbsp;<\/p>\n<p><strong>MAP\/MAGA<\/strong><\/p>\n<p>&nbsp;<\/p>\n\n<div class=\"twitter-share\"><a href=\"https:\/\/twitter.com\/intent\/tweet?via=fiscaliacol\" class=\"twitter-share-button\">Tweet<\/a><\/div>\n","protected":false},"excerpt":{"rendered":"<p>Ante el Juzgado 18 de control de garant\u00edas la Fiscal\u00eda General de la Naci\u00f3n formul\u00f3 cargos contra 31 presuntos integrantes de la estructura delicita denominada \u2018Los Planchoneros\u2019 o \u2018Los Paisas\u2019. Seg\u00fan se ha podido conocer esta organizaci\u00f3n se dedica al tr\u00e1fico de sustancias estupefacientes en distintas modalidades y cantidades en el surorientes de Cali (Valle [&hellip;]<\/p>\n","protected":false},"author":162,"featured_media":0,"comment_status":"closed","ping_status":"open","sticky":false,"template":"","format":"standard","meta":{"tdm_status":"","tdm_grid_status":"","footnotes":""},"categories":[324,303,24099,24103],"tags":[],"class_list":{"0":"post-187522","1":"post","2":"type-post","3":"status-publish","4":"format-standard","6":"category-seccional-cali","7":"category-seccionales","8":"category-seguridad-territorial","9":"category-trafico-de-estupefacientes"},"yoast_head":"<!-- This site is optimized with the Yoast SEO plugin v24.3 - https:\/\/yoast.com\/wordpress\/plugins\/seo\/ -->\n<title>Fiscal\u00eda General de la Naci\u00f3n<\/title>\n<meta name=\"description\" content=\"P\u00e1gina oficial de la Fiscal\u00eda General de la Naci\u00f3n \u2013 Colombia. Garantizamos el acceso efectivo a la justicia, la verdad y la reparaci\u00f3n de las v\u00edctimas de los delitos.\" \/>\n<meta name=\"robots\" content=\"noindex, follow\" \/>\n<meta property=\"og:locale\" content=\"es_ES\" \/>\n<meta property=\"og:type\" content=\"article\" \/>\n<meta property=\"og:title\" content=\"Fiscal\u00eda General de la Naci\u00f3n\" \/>\n<meta property=\"og:description\" content=\"P\u00e1gina oficial de la Fiscal\u00eda General de la Naci\u00f3n \u2013 Colombia. Garantizamos el acceso efectivo a la justicia, la verdad y la reparaci\u00f3n de las v\u00edctimas de los delitos.\" \/>\n<meta property=\"og:url\" content=\"https:\/\/www.fiscalia.gov.co\/colombia\/seccionales\/judicializados-31-presuntos-integrantes-de-los-planchoneros\/\" \/>\n<meta property=\"og:site_name\" content=\"Fiscal\u00eda General de la Naci\u00f3n\" \/>\n<meta property=\"article:publisher\" content=\"https:\/\/www.facebook.com\/FiscaliaCol\" \/>\n<meta property=\"article:published_time\" content=\"2019-12-16T16:16:25+00:00\" \/>\n<meta name=\"author\" content=\"Direcci\u00f3n de Comunicaciones Fiscal\u00eda General de la Naci\u00f3n\" \/>\n<meta name=\"twitter:card\" content=\"summary_large_image\" \/>\n<meta name=\"twitter:creator\" content=\"@FiscaliaCol\" \/>\n<meta name=\"twitter:site\" content=\"@FiscaliaCol\" \/>\n<meta name=\"twitter:label1\" content=\"Escrito por\" \/>\n\t<meta name=\"twitter:data1\" content=\"Direcci\u00f3n de Comunicaciones Fiscal\u00eda General de la Naci\u00f3n\" \/>\n\t<meta name=\"twitter:label2\" content=\"Tiempo de lectura\" \/>\n\t<meta name=\"twitter:data2\" content=\"3 minutos\" \/>\n<script type=\"application\/ld+json\" class=\"yoast-schema-graph\">{\"@context\":\"https:\/\/schema.org\",\"@graph\":[{\"@type\":\"Article\",\"@id\":\"https:\/\/www.fiscalia.gov.co\/colombia\/seccionales\/judicializados-31-presuntos-integrantes-de-los-planchoneros\/#article\",\"isPartOf\":{\"@id\":\"https:\/\/www.fiscalia.gov.co\/colombia\/seccionales\/judicializados-31-presuntos-integrantes-de-los-planchoneros\/\"},\"author\":{\"name\":\"Direcci\u00f3n de Comunicaciones Fiscal\u00eda General de la Naci\u00f3n\",\"@id\":\"https:\/\/www.fiscalia.gov.co\/colombia\/#\/schema\/person\/bf28d8ae7f1b287bbe3af484b04f43ea\"},\"headline\":\"Judicializados 31 presuntos integrantes de \u2018Los Planchoneros\u2019\",\"datePublished\":\"2019-12-16T16:16:25+00:00\",\"dateModified\":\"2019-12-16T16:16:25+00:00\",\"mainEntityOfPage\":{\"@id\":\"https:\/\/www.fiscalia.gov.co\/colombia\/seccionales\/judicializados-31-presuntos-integrantes-de-los-planchoneros\/\"},\"wordCount\":524,\"publisher\":{\"@id\":\"https:\/\/www.fiscalia.gov.co\/colombia\/#organization\"},\"articleSection\":[\"Seccional Cali\",\"Seccionales\",\"Seguridad territorial\",\"Tr\u00e1fico de estupefacientes\"],\"inLanguage\":\"es-CO\"},{\"@type\":\"WebPage\",\"@id\":\"https:\/\/www.fiscalia.gov.co\/colombia\/seccionales\/judicializados-31-presuntos-integrantes-de-los-planchoneros\/\",\"url\":\"https:\/\/www.fiscalia.gov.co\/colombia\/seccionales\/judicializados-31-presuntos-integrantes-de-los-planchoneros\/\",\"name\":\"Fiscal\u00eda General de la Naci\u00f3n\",\"isPartOf\":{\"@id\":\"https:\/\/www.fiscalia.gov.co\/colombia\/#website\"},\"datePublished\":\"2019-12-16T16:16:25+00:00\",\"dateModified\":\"2019-12-16T16:16:25+00:00\",\"description\":\"P\u00e1gina oficial de la Fiscal\u00eda General de la Naci\u00f3n \u2013 Colombia. Garantizamos el acceso efectivo a la justicia, la verdad y la reparaci\u00f3n de las v\u00edctimas de los delitos.\",\"breadcrumb\":{\"@id\":\"https:\/\/www.fiscalia.gov.co\/colombia\/seccionales\/judicializados-31-presuntos-integrantes-de-los-planchoneros\/#breadcrumb\"},\"inLanguage\":\"es-CO\",\"potentialAction\":[{\"@type\":\"ReadAction\",\"target\":[\"https:\/\/www.fiscalia.gov.co\/colombia\/seccionales\/judicializados-31-presuntos-integrantes-de-los-planchoneros\/\"]}]},{\"@type\":\"BreadcrumbList\",\"@id\":\"https:\/\/www.fiscalia.gov.co\/colombia\/seccionales\/judicializados-31-presuntos-integrantes-de-los-planchoneros\/#breadcrumb\",\"itemListElement\":[{\"@type\":\"ListItem\",\"position\":1,\"name\":\"Home\",\"item\":\"https:\/\/www.fiscalia.gov.co\/colombia\/\"},{\"@type\":\"ListItem\",\"position\":2,\"name\":\"Judicializados 31 presuntos integrantes de \u2018Los Planchoneros\u2019\"}]},{\"@type\":\"WebSite\",\"@id\":\"https:\/\/www.fiscalia.gov.co\/colombia\/#website\",\"url\":\"https:\/\/www.fiscalia.gov.co\/colombia\/\",\"name\":\"Fiscal\u00eda General de la Naci\u00f3n\",\"description\":\"P\u00e1gina oficial de la Fiscal\u00eda General de la Naci\u00f3n \u2013 Colombia. Garantizamos el acceso efectivo a la justicia, la verdad y la reparaci\u00f3n de las v\u00edctimas de los delitos.\",\"publisher\":{\"@id\":\"https:\/\/www.fiscalia.gov.co\/colombia\/#organization\"},\"potentialAction\":[{\"@type\":\"SearchAction\",\"target\":{\"@type\":\"EntryPoint\",\"urlTemplate\":\"https:\/\/www.fiscalia.gov.co\/colombia\/?s={search_term_string}\"},\"query-input\":{\"@type\":\"PropertyValueSpecification\",\"valueRequired\":true,\"valueName\":\"search_term_string\"}}],\"inLanguage\":\"es-CO\"},{\"@type\":\"Organization\",\"@id\":\"https:\/\/www.fiscalia.gov.co\/colombia\/#organization\",\"name\":\"Fiscal\u00eda General de la Naci\u00f3n\",\"url\":\"https:\/\/www.fiscalia.gov.co\/colombia\/\",\"logo\":{\"@type\":\"ImageObject\",\"inLanguage\":\"es-CO\",\"@id\":\"https:\/\/www.fiscalia.gov.co\/colombia\/#\/schema\/logo\/image\/\",\"url\":\"https:\/\/www.fiscalia.gov.co\/colombia\/wp-content\/uploads\/LogoHorizontal_1.jpg\",\"contentUrl\":\"https:\/\/www.fiscalia.gov.co\/colombia\/wp-content\/uploads\/LogoHorizontal_1.jpg\",\"width\":300,\"height\":90,\"caption\":\"Fiscal\u00eda General de la Naci\u00f3n\"},\"image\":{\"@id\":\"https:\/\/www.fiscalia.gov.co\/colombia\/#\/schema\/logo\/image\/\"},\"sameAs\":[\"https:\/\/www.facebook.com\/FiscaliaCol\",\"https:\/\/x.com\/FiscaliaCol\",\"https:\/\/www.instagram.com\/fiscaliacol\",\"https:\/\/www.linkedin.com\/company\/fiscalia-general-de-la-naci-n\/\",\"https:\/\/youtube.com\/@fiscaliageneraldelanacion-4668?si=6nN79nyQICPU5iTh\"]},{\"@type\":\"Person\",\"@id\":\"https:\/\/www.fiscalia.gov.co\/colombia\/#\/schema\/person\/bf28d8ae7f1b287bbe3af484b04f43ea\",\"name\":\"Direcci\u00f3n de Comunicaciones Fiscal\u00eda General de la Naci\u00f3n\",\"image\":{\"@type\":\"ImageObject\",\"inLanguage\":\"es-CO\",\"@id\":\"https:\/\/www.fiscalia.gov.co\/colombia\/#\/schema\/person\/image\/\",\"url\":\"https:\/\/secure.gravatar.com\/avatar\/9d55ae161d32da16dbdd0b380c080a5f?s=96&d=mm&r=g\",\"contentUrl\":\"https:\/\/secure.gravatar.com\/avatar\/9d55ae161d32da16dbdd0b380c080a5f?s=96&d=mm&r=g\",\"caption\":\"Direcci\u00f3n de Comunicaciones Fiscal\u00eda General de la Naci\u00f3n\"},\"url\":\"https:\/\/www.fiscalia.gov.co\/colombia\/author\/kbonilla\/\"}]}<\/script>\n<!-- \/ Yoast SEO plugin. -->","yoast_head_json":{"title":"Fiscal\u00eda General de la Naci\u00f3n","description":"P\u00e1gina oficial de la Fiscal\u00eda General de la Naci\u00f3n \u2013 Colombia. Garantizamos el acceso efectivo a la justicia, la verdad y la reparaci\u00f3n de las v\u00edctimas de los delitos.","robots":{"index":"noindex","follow":"follow"},"og_locale":"es_ES","og_type":"article","og_title":"Fiscal\u00eda General de la Naci\u00f3n","og_description":"P\u00e1gina oficial de la Fiscal\u00eda General de la Naci\u00f3n \u2013 Colombia. Garantizamos el acceso efectivo a la justicia, la verdad y la reparaci\u00f3n de las v\u00edctimas de los delitos.","og_url":"https:\/\/www.fiscalia.gov.co\/colombia\/seccionales\/judicializados-31-presuntos-integrantes-de-los-planchoneros\/","og_site_name":"Fiscal\u00eda General de la Naci\u00f3n","article_publisher":"https:\/\/www.facebook.com\/FiscaliaCol","article_published_time":"2019-12-16T16:16:25+00:00","author":"Direcci\u00f3n de Comunicaciones Fiscal\u00eda General de la Naci\u00f3n","twitter_card":"summary_large_image","twitter_creator":"@FiscaliaCol","twitter_site":"@FiscaliaCol","twitter_misc":{"Escrito por":"Direcci\u00f3n de Comunicaciones Fiscal\u00eda General de la Naci\u00f3n","Tiempo de lectura":"3 minutos"},"schema":{"@context":"https:\/\/schema.org","@graph":[{"@type":"Article","@id":"https:\/\/www.fiscalia.gov.co\/colombia\/seccionales\/judicializados-31-presuntos-integrantes-de-los-planchoneros\/#article","isPartOf":{"@id":"https:\/\/www.fiscalia.gov.co\/colombia\/seccionales\/judicializados-31-presuntos-integrantes-de-los-planchoneros\/"},"author":{"name":"Direcci\u00f3n de Comunicaciones Fiscal\u00eda General de la Naci\u00f3n","@id":"https:\/\/www.fiscalia.gov.co\/colombia\/#\/schema\/person\/bf28d8ae7f1b287bbe3af484b04f43ea"},"headline":"Judicializados 31 presuntos integrantes de \u2018Los Planchoneros\u2019","datePublished":"2019-12-16T16:16:25+00:00","dateModified":"2019-12-16T16:16:25+00:00","mainEntityOfPage":{"@id":"https:\/\/www.fiscalia.gov.co\/colombia\/seccionales\/judicializados-31-presuntos-integrantes-de-los-planchoneros\/"},"wordCount":524,"publisher":{"@id":"https:\/\/www.fiscalia.gov.co\/colombia\/#organization"},"articleSection":["Seccional Cali","Seccionales","Seguridad territorial","Tr\u00e1fico de estupefacientes"],"inLanguage":"es-CO"},{"@type":"WebPage","@id":"https:\/\/www.fiscalia.gov.co\/colombia\/seccionales\/judicializados-31-presuntos-integrantes-de-los-planchoneros\/","url":"https:\/\/www.fiscalia.gov.co\/colombia\/seccionales\/judicializados-31-presuntos-integrantes-de-los-planchoneros\/","name":"Fiscal\u00eda General de la Naci\u00f3n","isPartOf":{"@id":"https:\/\/www.fiscalia.gov.co\/colombia\/#website"},"datePublished":"2019-12-16T16:16:25+00:00","dateModified":"2019-12-16T16:16:25+00:00","description":"P\u00e1gina oficial de la Fiscal\u00eda General de la Naci\u00f3n \u2013 Colombia. Garantizamos el acceso efectivo a la justicia, la verdad y la reparaci\u00f3n de las v\u00edctimas de los delitos.","breadcrumb":{"@id":"https:\/\/www.fiscalia.gov.co\/colombia\/seccionales\/judicializados-31-presuntos-integrantes-de-los-planchoneros\/#breadcrumb"},"inLanguage":"es-CO","potentialAction":[{"@type":"ReadAction","target":["https:\/\/www.fiscalia.gov.co\/colombia\/seccionales\/judicializados-31-presuntos-integrantes-de-los-planchoneros\/"]}]},{"@type":"BreadcrumbList","@id":"https:\/\/www.fiscalia.gov.co\/colombia\/seccionales\/judicializados-31-presuntos-integrantes-de-los-planchoneros\/#breadcrumb","itemListElement":[{"@type":"ListItem","position":1,"name":"Home","item":"https:\/\/www.fiscalia.gov.co\/colombia\/"},{"@type":"ListItem","position":2,"name":"Judicializados 31 presuntos integrantes de \u2018Los Planchoneros\u2019"}]},{"@type":"WebSite","@id":"https:\/\/www.fiscalia.gov.co\/colombia\/#website","url":"https:\/\/www.fiscalia.gov.co\/colombia\/","name":"Fiscal\u00eda General de la Naci\u00f3n","description":"P\u00e1gina oficial de la Fiscal\u00eda General de la Naci\u00f3n \u2013 Colombia. Garantizamos el acceso efectivo a la justicia, la verdad y la reparaci\u00f3n de las v\u00edctimas de los delitos.","publisher":{"@id":"https:\/\/www.fiscalia.gov.co\/colombia\/#organization"},"potentialAction":[{"@type":"SearchAction","target":{"@type":"EntryPoint","urlTemplate":"https:\/\/www.fiscalia.gov.co\/colombia\/?s={search_term_string}"},"query-input":{"@type":"PropertyValueSpecification","valueRequired":true,"valueName":"search_term_string"}}],"inLanguage":"es-CO"},{"@type":"Organization","@id":"https:\/\/www.fiscalia.gov.co\/colombia\/#organization","name":"Fiscal\u00eda General de la Naci\u00f3n","url":"https:\/\/www.fiscalia.gov.co\/colombia\/","logo":{"@type":"ImageObject","inLanguage":"es-CO","@id":"https:\/\/www.fiscalia.gov.co\/colombia\/#\/schema\/logo\/image\/","url":"https:\/\/www.fiscalia.gov.co\/colombia\/wp-content\/uploads\/LogoHorizontal_1.jpg","contentUrl":"https:\/\/www.fiscalia.gov.co\/colombia\/wp-content\/uploads\/LogoHorizontal_1.jpg","width":300,"height":90,"caption":"Fiscal\u00eda General de la Naci\u00f3n"},"image":{"@id":"https:\/\/www.fiscalia.gov.co\/colombia\/#\/schema\/logo\/image\/"},"sameAs":["https:\/\/www.facebook.com\/FiscaliaCol","https:\/\/x.com\/FiscaliaCol","https:\/\/www.instagram.com\/fiscaliacol","https:\/\/www.linkedin.com\/company\/fiscalia-general-de-la-naci-n\/","https:\/\/youtube.com\/@fiscaliageneraldelanacion-4668?si=6nN79nyQICPU5iTh"]},{"@type":"Person","@id":"https:\/\/www.fiscalia.gov.co\/colombia\/#\/schema\/person\/bf28d8ae7f1b287bbe3af484b04f43ea","name":"Direcci\u00f3n de Comunicaciones Fiscal\u00eda General de la Naci\u00f3n","image":{"@type":"ImageObject","inLanguage":"es-CO","@id":"https:\/\/www.fiscalia.gov.co\/colombia\/#\/schema\/person\/image\/","url":"https:\/\/secure.gravatar.com\/avatar\/9d55ae161d32da16dbdd0b380c080a5f?s=96&d=mm&r=g","contentUrl":"https:\/\/secure.gravatar.com\/avatar\/9d55ae161d32da16dbdd0b380c080a5f?s=96&d=mm&r=g","caption":"Direcci\u00f3n de Comunicaciones Fiscal\u00eda General de la Naci\u00f3n"},"url":"https:\/\/www.fiscalia.gov.co\/colombia\/author\/kbonilla\/"}]}},"_links":{"self":[{"href":"https:\/\/www.fiscalia.gov.co\/colombia\/wp-json\/wp\/v2\/posts\/187522","targetHints":{"allow":["GET"]}}],"collection":[{"href":"https:\/\/www.fiscalia.gov.co\/colombia\/wp-json\/wp\/v2\/posts"}],"about":[{"href":"https:\/\/www.fiscalia.gov.co\/colombia\/wp-json\/wp\/v2\/types\/post"}],"author":[{"embeddable":true,"href":"https:\/\/www.fiscalia.gov.co\/colombia\/wp-json\/wp\/v2\/users\/162"}],"replies":[{"embeddable":true,"href":"https:\/\/www.fiscalia.gov.co\/colombia\/wp-json\/wp\/v2\/comments?post=187522"}],"version-history":[{"count":1,"href":"https:\/\/www.fiscalia.gov.co\/colombia\/wp-json\/wp\/v2\/posts\/187522\/revisions"}],"predecessor-version":[{"id":187523,"href":"https:\/\/www.fiscalia.gov.co\/colombia\/wp-json\/wp\/v2\/posts\/187522\/revisions\/187523"}],"wp:attachment":[{"href":"https:\/\/www.fiscalia.gov.co\/colombia\/wp-json\/wp\/v2\/media?parent=187522"}],"wp:term":[{"taxonomy":"category","embeddable":true,"href":"https:\/\/www.fiscalia.gov.co\/colombia\/wp-json\/wp\/v2\/categories?post=187522"},{"taxonomy":"post_tag","embeddable":true,"href":"https:\/\/www.fiscalia.gov.co\/colombia\/wp-json\/wp\/v2\/tags?post=187522"}],"curies":[{"name":"wp","href":"https:\/\/api.w.org\/{rel}","templated":true}]}}