{"id":187454,"date":"2019-12-12T11:09:27","date_gmt":"2019-12-12T16:09:27","guid":{"rendered":"https:\/\/www.fiscalia.gov.co\/colombia\/?p=187454"},"modified":"2019-12-12T11:09:27","modified_gmt":"2019-12-12T16:09:27","slug":"capturados-alcalde-de-california-y-otras-cuatro-personas-que-habrian-facilitado-mineria-ilegal-en-el-paramo-de-santurban","status":"publish","type":"post","link":"https:\/\/www.fiscalia.gov.co\/colombia\/noticias\/capturados-alcalde-de-california-y-otras-cuatro-personas-que-habrian-facilitado-mineria-ilegal-en-el-paramo-de-santurban\/","title":{"rendered":"Capturados alcalde de California y otras cuatro personas que habr\u00edan facilitado miner\u00eda ilegal en el P\u00e1ramo de Santurb\u00e1n"},"content":{"rendered":"<blockquote class=\"td_quote_box td_box_center\">\n<h4><strong>La Fiscal\u00eda General de la Naci\u00f3n, con apoyo del Ej\u00e9rcito Nacional, captur\u00f3 al mandatario del municipio santandereano, dos integrantes de las Fuerzas Militares y dos particulares por supuestamente auspiciar la extracci\u00f3n il\u00edcita de oro en un \u00e1rea de protecci\u00f3n ecol\u00f3gica.<\/strong><\/h4>\n<\/blockquote>\n<p>La denuncia ciudadana y las verificaciones realizadas por personal de polic\u00eda judicial de la Direcci\u00f3n Especializada contra las Violaciones a los Derechos Humanos de la Fiscal\u00eda General de la Naci\u00f3n, pusieron en evidencia graves afectaciones al ecosistema del P\u00e1ramo de Santurb\u00e1n ocasionadas por frentes de miner\u00eda ilegal en el \u00e1rea de protecci\u00f3n especial, en jurisdicci\u00f3n de California y Vetas (Santander).<\/p>\n<p>Los elementos recopilados permitieron conocer que mineros informales, conocidos como \u2018galafardos\u2019, acced\u00edan al macizo monta\u00f1oso a trav\u00e9s de t\u00faneles y huecos improvisados, y extra\u00edan el material rocoso en el que detectaban oro. Este procedimiento lo realizaban sin protocolos de seguridad o de manejo de las paredes ni tratamiento de las aguas \u00e1cidas generadas por la ruptura del subsuelo.<\/p>\n<p>Posteriormente, las rocas eran maceradas en diferentes puntos del P\u00e1ramo de Santurb\u00e1n donde tambi\u00e9n usaban mercurio y otras sustancias qu\u00edmicas para separar el metal precioso. De esta manera, adem\u00e1s de causar un da\u00f1o irreparable en la monta\u00f1a, los residuos t\u00f3xicos terminaban en las fuentes h\u00eddricas o el suelo.<\/p>\n<p>El grupo de mineros, que ascender\u00eda a 30 trabajadores, supuestamente recib\u00eda apoyo de algunos funcionarios para evadir los controles de las autoridades, obtener explosivos para abrir los socavones, entre otras actuaciones il\u00edcitas.<\/p>\n<p>Por estos hechos, investigadores de la Fiscal\u00eda General de la Naci\u00f3n, con apoyo de tropas de la Quinta Brigada del Ej\u00e9rcito Nacional, capturaron al alcalde de California (Santander), a dos integrantes de la fuerza p\u00fablica, uno de ellos en servicio activo y otro retirado; y a dos personas m\u00e1s.<\/p>\n<p>Los cinco detenidos ser\u00e1n presentados el d\u00eda de hoy (12 de diciembre de 2019) ante un juez de control de garant\u00edas de Bucaramanga (Santander). Un fiscal de la Direcci\u00f3n Especializada contra las Violaciones a los Derechos Humanos les imputar\u00e1 cargos por los delitos de:<\/p>\n<ul>\n<li>Contaminaci\u00f3n ambiental.<\/li>\n<li>Invasi\u00f3n de \u00e1rea de especial importancia ecol\u00f3gica (agravado).<\/li>\n<li>Explotaci\u00f3n il\u00edcita de yacimientos minerales y otros materiales.<\/li>\n<li>Concierto para delinquir.<\/li>\n<li>Cohecho por dar u ofrecer.<\/li>\n<\/ul>\n<p>La Fiscal\u00eda General de la Naci\u00f3n hace p\u00fablica esta informaci\u00f3n por razones de inter\u00e9s general.<\/p>\n\n<div class=\"twitter-share\"><a href=\"https:\/\/twitter.com\/intent\/tweet?via=fiscaliacol\" class=\"twitter-share-button\">Tweet<\/a><\/div>\n","protected":false},"excerpt":{"rendered":"<p>La Fiscal\u00eda General de la Naci\u00f3n, con apoyo del Ej\u00e9rcito Nacional, captur\u00f3 al mandatario del municipio santandereano, dos integrantes de las Fuerzas Militares y dos particulares por supuestamente auspiciar la extracci\u00f3n il\u00edcita de oro en un \u00e1rea de protecci\u00f3n ecol\u00f3gica. La denuncia ciudadana y las verificaciones realizadas por personal de polic\u00eda judicial de la Direcci\u00f3n [&hellip;]<\/p>\n","protected":false},"author":162,"featured_media":0,"comment_status":"closed","ping_status":"open","sticky":false,"template":"","format":"standard","meta":{"tdm_status":"","tdm_grid_status":"","footnotes":""},"categories":[24102,1],"tags":[],"class_list":{"0":"post-187454","1":"post","2":"type-post","3":"status-publish","4":"format-standard","6":"category-derechos-humanos","7":"category-noticias"},"yoast_head":"<!-- This site is optimized with the Yoast SEO plugin v24.3 - https:\/\/yoast.com\/wordpress\/plugins\/seo\/ -->\n<title>Fiscal\u00eda General de la Naci\u00f3n<\/title>\n<meta name=\"description\" content=\"P\u00e1gina oficial de la Fiscal\u00eda General de la Naci\u00f3n \u2013 Colombia. Garantizamos el acceso efectivo a la justicia, la verdad y la reparaci\u00f3n de las v\u00edctimas de los delitos.\" \/>\n<meta name=\"robots\" content=\"noindex, follow\" \/>\n<meta property=\"og:locale\" content=\"es_ES\" \/>\n<meta property=\"og:type\" content=\"article\" \/>\n<meta property=\"og:title\" content=\"Fiscal\u00eda General de la Naci\u00f3n\" \/>\n<meta property=\"og:description\" content=\"P\u00e1gina oficial de la Fiscal\u00eda General de la Naci\u00f3n \u2013 Colombia. Garantizamos el acceso efectivo a la justicia, la verdad y la reparaci\u00f3n de las v\u00edctimas de los delitos.\" \/>\n<meta property=\"og:url\" content=\"https:\/\/www.fiscalia.gov.co\/colombia\/noticias\/capturados-alcalde-de-california-y-otras-cuatro-personas-que-habrian-facilitado-mineria-ilegal-en-el-paramo-de-santurban\/\" \/>\n<meta property=\"og:site_name\" content=\"Fiscal\u00eda General de la Naci\u00f3n\" \/>\n<meta property=\"article:publisher\" content=\"https:\/\/www.facebook.com\/FiscaliaCol\" \/>\n<meta property=\"article:published_time\" content=\"2019-12-12T16:09:27+00:00\" \/>\n<meta name=\"author\" content=\"Direcci\u00f3n de Comunicaciones Fiscal\u00eda General de la Naci\u00f3n\" \/>\n<meta name=\"twitter:card\" content=\"summary_large_image\" \/>\n<meta name=\"twitter:creator\" content=\"@FiscaliaCol\" \/>\n<meta name=\"twitter:site\" content=\"@FiscaliaCol\" \/>\n<meta name=\"twitter:label1\" content=\"Escrito por\" \/>\n\t<meta name=\"twitter:data1\" content=\"Direcci\u00f3n de Comunicaciones Fiscal\u00eda General de la Naci\u00f3n\" \/>\n\t<meta name=\"twitter:label2\" content=\"Tiempo de lectura\" \/>\n\t<meta name=\"twitter:data2\" content=\"2 minutos\" \/>\n<script type=\"application\/ld+json\" class=\"yoast-schema-graph\">{\"@context\":\"https:\/\/schema.org\",\"@graph\":[{\"@type\":\"Article\",\"@id\":\"https:\/\/www.fiscalia.gov.co\/colombia\/noticias\/capturados-alcalde-de-california-y-otras-cuatro-personas-que-habrian-facilitado-mineria-ilegal-en-el-paramo-de-santurban\/#article\",\"isPartOf\":{\"@id\":\"https:\/\/www.fiscalia.gov.co\/colombia\/noticias\/capturados-alcalde-de-california-y-otras-cuatro-personas-que-habrian-facilitado-mineria-ilegal-en-el-paramo-de-santurban\/\"},\"author\":{\"name\":\"Direcci\u00f3n de Comunicaciones Fiscal\u00eda General de la Naci\u00f3n\",\"@id\":\"https:\/\/www.fiscalia.gov.co\/colombia\/#\/schema\/person\/bf28d8ae7f1b287bbe3af484b04f43ea\"},\"headline\":\"Capturados alcalde de California y otras cuatro personas que habr\u00edan facilitado miner\u00eda ilegal en el P\u00e1ramo de Santurb\u00e1n\",\"datePublished\":\"2019-12-12T16:09:27+00:00\",\"dateModified\":\"2019-12-12T16:09:27+00:00\",\"mainEntityOfPage\":{\"@id\":\"https:\/\/www.fiscalia.gov.co\/colombia\/noticias\/capturados-alcalde-de-california-y-otras-cuatro-personas-que-habrian-facilitado-mineria-ilegal-en-el-paramo-de-santurban\/\"},\"wordCount\":443,\"publisher\":{\"@id\":\"https:\/\/www.fiscalia.gov.co\/colombia\/#organization\"},\"articleSection\":[\"Derechos Humanos\",\"Noticias\"],\"inLanguage\":\"es-CO\"},{\"@type\":\"WebPage\",\"@id\":\"https:\/\/www.fiscalia.gov.co\/colombia\/noticias\/capturados-alcalde-de-california-y-otras-cuatro-personas-que-habrian-facilitado-mineria-ilegal-en-el-paramo-de-santurban\/\",\"url\":\"https:\/\/www.fiscalia.gov.co\/colombia\/noticias\/capturados-alcalde-de-california-y-otras-cuatro-personas-que-habrian-facilitado-mineria-ilegal-en-el-paramo-de-santurban\/\",\"name\":\"Fiscal\u00eda General de la Naci\u00f3n\",\"isPartOf\":{\"@id\":\"https:\/\/www.fiscalia.gov.co\/colombia\/#website\"},\"datePublished\":\"2019-12-12T16:09:27+00:00\",\"dateModified\":\"2019-12-12T16:09:27+00:00\",\"description\":\"P\u00e1gina oficial de la Fiscal\u00eda General de la Naci\u00f3n \u2013 Colombia. Garantizamos el acceso efectivo a la justicia, la verdad y la reparaci\u00f3n de las v\u00edctimas de los delitos.\",\"breadcrumb\":{\"@id\":\"https:\/\/www.fiscalia.gov.co\/colombia\/noticias\/capturados-alcalde-de-california-y-otras-cuatro-personas-que-habrian-facilitado-mineria-ilegal-en-el-paramo-de-santurban\/#breadcrumb\"},\"inLanguage\":\"es-CO\",\"potentialAction\":[{\"@type\":\"ReadAction\",\"target\":[\"https:\/\/www.fiscalia.gov.co\/colombia\/noticias\/capturados-alcalde-de-california-y-otras-cuatro-personas-que-habrian-facilitado-mineria-ilegal-en-el-paramo-de-santurban\/\"]}]},{\"@type\":\"BreadcrumbList\",\"@id\":\"https:\/\/www.fiscalia.gov.co\/colombia\/noticias\/capturados-alcalde-de-california-y-otras-cuatro-personas-que-habrian-facilitado-mineria-ilegal-en-el-paramo-de-santurban\/#breadcrumb\",\"itemListElement\":[{\"@type\":\"ListItem\",\"position\":1,\"name\":\"Home\",\"item\":\"https:\/\/www.fiscalia.gov.co\/colombia\/\"},{\"@type\":\"ListItem\",\"position\":2,\"name\":\"Capturados alcalde de California y otras cuatro personas que habr\u00edan facilitado miner\u00eda ilegal en el P\u00e1ramo de Santurb\u00e1n\"}]},{\"@type\":\"WebSite\",\"@id\":\"https:\/\/www.fiscalia.gov.co\/colombia\/#website\",\"url\":\"https:\/\/www.fiscalia.gov.co\/colombia\/\",\"name\":\"Fiscal\u00eda General de la Naci\u00f3n\",\"description\":\"P\u00e1gina oficial de la Fiscal\u00eda General de la Naci\u00f3n \u2013 Colombia. Garantizamos el acceso efectivo a la justicia, la verdad y la reparaci\u00f3n de las v\u00edctimas de los delitos.\",\"publisher\":{\"@id\":\"https:\/\/www.fiscalia.gov.co\/colombia\/#organization\"},\"potentialAction\":[{\"@type\":\"SearchAction\",\"target\":{\"@type\":\"EntryPoint\",\"urlTemplate\":\"https:\/\/www.fiscalia.gov.co\/colombia\/?s={search_term_string}\"},\"query-input\":{\"@type\":\"PropertyValueSpecification\",\"valueRequired\":true,\"valueName\":\"search_term_string\"}}],\"inLanguage\":\"es-CO\"},{\"@type\":\"Organization\",\"@id\":\"https:\/\/www.fiscalia.gov.co\/colombia\/#organization\",\"name\":\"Fiscal\u00eda General de la Naci\u00f3n\",\"url\":\"https:\/\/www.fiscalia.gov.co\/colombia\/\",\"logo\":{\"@type\":\"ImageObject\",\"inLanguage\":\"es-CO\",\"@id\":\"https:\/\/www.fiscalia.gov.co\/colombia\/#\/schema\/logo\/image\/\",\"url\":\"https:\/\/www.fiscalia.gov.co\/colombia\/wp-content\/uploads\/LogoHorizontal_1.jpg\",\"contentUrl\":\"https:\/\/www.fiscalia.gov.co\/colombia\/wp-content\/uploads\/LogoHorizontal_1.jpg\",\"width\":300,\"height\":90,\"caption\":\"Fiscal\u00eda General de la Naci\u00f3n\"},\"image\":{\"@id\":\"https:\/\/www.fiscalia.gov.co\/colombia\/#\/schema\/logo\/image\/\"},\"sameAs\":[\"https:\/\/www.facebook.com\/FiscaliaCol\",\"https:\/\/x.com\/FiscaliaCol\",\"https:\/\/www.instagram.com\/fiscaliacol\",\"https:\/\/www.linkedin.com\/company\/fiscalia-general-de-la-naci-n\/\",\"https:\/\/youtube.com\/@fiscaliageneraldelanacion-4668?si=6nN79nyQICPU5iTh\"]},{\"@type\":\"Person\",\"@id\":\"https:\/\/www.fiscalia.gov.co\/colombia\/#\/schema\/person\/bf28d8ae7f1b287bbe3af484b04f43ea\",\"name\":\"Direcci\u00f3n de Comunicaciones Fiscal\u00eda General de la Naci\u00f3n\",\"image\":{\"@type\":\"ImageObject\",\"inLanguage\":\"es-CO\",\"@id\":\"https:\/\/www.fiscalia.gov.co\/colombia\/#\/schema\/person\/image\/\",\"url\":\"https:\/\/secure.gravatar.com\/avatar\/9d55ae161d32da16dbdd0b380c080a5f?s=96&d=mm&r=g\",\"contentUrl\":\"https:\/\/secure.gravatar.com\/avatar\/9d55ae161d32da16dbdd0b380c080a5f?s=96&d=mm&r=g\",\"caption\":\"Direcci\u00f3n de Comunicaciones Fiscal\u00eda General de la Naci\u00f3n\"},\"url\":\"https:\/\/www.fiscalia.gov.co\/colombia\/author\/kbonilla\/\"}]}<\/script>\n<!-- \/ Yoast SEO plugin. -->","yoast_head_json":{"title":"Fiscal\u00eda General de la Naci\u00f3n","description":"P\u00e1gina oficial de la Fiscal\u00eda General de la Naci\u00f3n \u2013 Colombia. Garantizamos el acceso efectivo a la justicia, la verdad y la reparaci\u00f3n de las v\u00edctimas de los delitos.","robots":{"index":"noindex","follow":"follow"},"og_locale":"es_ES","og_type":"article","og_title":"Fiscal\u00eda General de la Naci\u00f3n","og_description":"P\u00e1gina oficial de la Fiscal\u00eda General de la Naci\u00f3n \u2013 Colombia. Garantizamos el acceso efectivo a la justicia, la verdad y la reparaci\u00f3n de las v\u00edctimas de los delitos.","og_url":"https:\/\/www.fiscalia.gov.co\/colombia\/noticias\/capturados-alcalde-de-california-y-otras-cuatro-personas-que-habrian-facilitado-mineria-ilegal-en-el-paramo-de-santurban\/","og_site_name":"Fiscal\u00eda General de la Naci\u00f3n","article_publisher":"https:\/\/www.facebook.com\/FiscaliaCol","article_published_time":"2019-12-12T16:09:27+00:00","author":"Direcci\u00f3n de Comunicaciones Fiscal\u00eda General de la Naci\u00f3n","twitter_card":"summary_large_image","twitter_creator":"@FiscaliaCol","twitter_site":"@FiscaliaCol","twitter_misc":{"Escrito por":"Direcci\u00f3n de Comunicaciones Fiscal\u00eda General de la Naci\u00f3n","Tiempo de lectura":"2 minutos"},"schema":{"@context":"https:\/\/schema.org","@graph":[{"@type":"Article","@id":"https:\/\/www.fiscalia.gov.co\/colombia\/noticias\/capturados-alcalde-de-california-y-otras-cuatro-personas-que-habrian-facilitado-mineria-ilegal-en-el-paramo-de-santurban\/#article","isPartOf":{"@id":"https:\/\/www.fiscalia.gov.co\/colombia\/noticias\/capturados-alcalde-de-california-y-otras-cuatro-personas-que-habrian-facilitado-mineria-ilegal-en-el-paramo-de-santurban\/"},"author":{"name":"Direcci\u00f3n de Comunicaciones Fiscal\u00eda General de la Naci\u00f3n","@id":"https:\/\/www.fiscalia.gov.co\/colombia\/#\/schema\/person\/bf28d8ae7f1b287bbe3af484b04f43ea"},"headline":"Capturados alcalde de California y otras cuatro personas que habr\u00edan facilitado miner\u00eda ilegal en el P\u00e1ramo de Santurb\u00e1n","datePublished":"2019-12-12T16:09:27+00:00","dateModified":"2019-12-12T16:09:27+00:00","mainEntityOfPage":{"@id":"https:\/\/www.fiscalia.gov.co\/colombia\/noticias\/capturados-alcalde-de-california-y-otras-cuatro-personas-que-habrian-facilitado-mineria-ilegal-en-el-paramo-de-santurban\/"},"wordCount":443,"publisher":{"@id":"https:\/\/www.fiscalia.gov.co\/colombia\/#organization"},"articleSection":["Derechos Humanos","Noticias"],"inLanguage":"es-CO"},{"@type":"WebPage","@id":"https:\/\/www.fiscalia.gov.co\/colombia\/noticias\/capturados-alcalde-de-california-y-otras-cuatro-personas-que-habrian-facilitado-mineria-ilegal-en-el-paramo-de-santurban\/","url":"https:\/\/www.fiscalia.gov.co\/colombia\/noticias\/capturados-alcalde-de-california-y-otras-cuatro-personas-que-habrian-facilitado-mineria-ilegal-en-el-paramo-de-santurban\/","name":"Fiscal\u00eda General de la Naci\u00f3n","isPartOf":{"@id":"https:\/\/www.fiscalia.gov.co\/colombia\/#website"},"datePublished":"2019-12-12T16:09:27+00:00","dateModified":"2019-12-12T16:09:27+00:00","description":"P\u00e1gina oficial de la Fiscal\u00eda General de la Naci\u00f3n \u2013 Colombia. Garantizamos el acceso efectivo a la justicia, la verdad y la reparaci\u00f3n de las v\u00edctimas de los delitos.","breadcrumb":{"@id":"https:\/\/www.fiscalia.gov.co\/colombia\/noticias\/capturados-alcalde-de-california-y-otras-cuatro-personas-que-habrian-facilitado-mineria-ilegal-en-el-paramo-de-santurban\/#breadcrumb"},"inLanguage":"es-CO","potentialAction":[{"@type":"ReadAction","target":["https:\/\/www.fiscalia.gov.co\/colombia\/noticias\/capturados-alcalde-de-california-y-otras-cuatro-personas-que-habrian-facilitado-mineria-ilegal-en-el-paramo-de-santurban\/"]}]},{"@type":"BreadcrumbList","@id":"https:\/\/www.fiscalia.gov.co\/colombia\/noticias\/capturados-alcalde-de-california-y-otras-cuatro-personas-que-habrian-facilitado-mineria-ilegal-en-el-paramo-de-santurban\/#breadcrumb","itemListElement":[{"@type":"ListItem","position":1,"name":"Home","item":"https:\/\/www.fiscalia.gov.co\/colombia\/"},{"@type":"ListItem","position":2,"name":"Capturados alcalde de California y otras cuatro personas que habr\u00edan facilitado miner\u00eda ilegal en el P\u00e1ramo de Santurb\u00e1n"}]},{"@type":"WebSite","@id":"https:\/\/www.fiscalia.gov.co\/colombia\/#website","url":"https:\/\/www.fiscalia.gov.co\/colombia\/","name":"Fiscal\u00eda General de la Naci\u00f3n","description":"P\u00e1gina oficial de la Fiscal\u00eda General de la Naci\u00f3n \u2013 Colombia. Garantizamos el acceso efectivo a la justicia, la verdad y la reparaci\u00f3n de las v\u00edctimas de los delitos.","publisher":{"@id":"https:\/\/www.fiscalia.gov.co\/colombia\/#organization"},"potentialAction":[{"@type":"SearchAction","target":{"@type":"EntryPoint","urlTemplate":"https:\/\/www.fiscalia.gov.co\/colombia\/?s={search_term_string}"},"query-input":{"@type":"PropertyValueSpecification","valueRequired":true,"valueName":"search_term_string"}}],"inLanguage":"es-CO"},{"@type":"Organization","@id":"https:\/\/www.fiscalia.gov.co\/colombia\/#organization","name":"Fiscal\u00eda General de la Naci\u00f3n","url":"https:\/\/www.fiscalia.gov.co\/colombia\/","logo":{"@type":"ImageObject","inLanguage":"es-CO","@id":"https:\/\/www.fiscalia.gov.co\/colombia\/#\/schema\/logo\/image\/","url":"https:\/\/www.fiscalia.gov.co\/colombia\/wp-content\/uploads\/LogoHorizontal_1.jpg","contentUrl":"https:\/\/www.fiscalia.gov.co\/colombia\/wp-content\/uploads\/LogoHorizontal_1.jpg","width":300,"height":90,"caption":"Fiscal\u00eda General de la Naci\u00f3n"},"image":{"@id":"https:\/\/www.fiscalia.gov.co\/colombia\/#\/schema\/logo\/image\/"},"sameAs":["https:\/\/www.facebook.com\/FiscaliaCol","https:\/\/x.com\/FiscaliaCol","https:\/\/www.instagram.com\/fiscaliacol","https:\/\/www.linkedin.com\/company\/fiscalia-general-de-la-naci-n\/","https:\/\/youtube.com\/@fiscaliageneraldelanacion-4668?si=6nN79nyQICPU5iTh"]},{"@type":"Person","@id":"https:\/\/www.fiscalia.gov.co\/colombia\/#\/schema\/person\/bf28d8ae7f1b287bbe3af484b04f43ea","name":"Direcci\u00f3n de Comunicaciones Fiscal\u00eda General de la Naci\u00f3n","image":{"@type":"ImageObject","inLanguage":"es-CO","@id":"https:\/\/www.fiscalia.gov.co\/colombia\/#\/schema\/person\/image\/","url":"https:\/\/secure.gravatar.com\/avatar\/9d55ae161d32da16dbdd0b380c080a5f?s=96&d=mm&r=g","contentUrl":"https:\/\/secure.gravatar.com\/avatar\/9d55ae161d32da16dbdd0b380c080a5f?s=96&d=mm&r=g","caption":"Direcci\u00f3n de Comunicaciones Fiscal\u00eda General de la Naci\u00f3n"},"url":"https:\/\/www.fiscalia.gov.co\/colombia\/author\/kbonilla\/"}]}},"_links":{"self":[{"href":"https:\/\/www.fiscalia.gov.co\/colombia\/wp-json\/wp\/v2\/posts\/187454","targetHints":{"allow":["GET"]}}],"collection":[{"href":"https:\/\/www.fiscalia.gov.co\/colombia\/wp-json\/wp\/v2\/posts"}],"about":[{"href":"https:\/\/www.fiscalia.gov.co\/colombia\/wp-json\/wp\/v2\/types\/post"}],"author":[{"embeddable":true,"href":"https:\/\/www.fiscalia.gov.co\/colombia\/wp-json\/wp\/v2\/users\/162"}],"replies":[{"embeddable":true,"href":"https:\/\/www.fiscalia.gov.co\/colombia\/wp-json\/wp\/v2\/comments?post=187454"}],"version-history":[{"count":1,"href":"https:\/\/www.fiscalia.gov.co\/colombia\/wp-json\/wp\/v2\/posts\/187454\/revisions"}],"predecessor-version":[{"id":187455,"href":"https:\/\/www.fiscalia.gov.co\/colombia\/wp-json\/wp\/v2\/posts\/187454\/revisions\/187455"}],"wp:attachment":[{"href":"https:\/\/www.fiscalia.gov.co\/colombia\/wp-json\/wp\/v2\/media?parent=187454"}],"wp:term":[{"taxonomy":"category","embeddable":true,"href":"https:\/\/www.fiscalia.gov.co\/colombia\/wp-json\/wp\/v2\/categories?post=187454"},{"taxonomy":"post_tag","embeddable":true,"href":"https:\/\/www.fiscalia.gov.co\/colombia\/wp-json\/wp\/v2\/tags?post=187454"}],"curies":[{"name":"wp","href":"https:\/\/api.w.org\/{rel}","templated":true}]}}