{"id":187376,"date":"2019-12-11T09:33:18","date_gmt":"2019-12-11T14:33:18","guid":{"rendered":"https:\/\/www.fiscalia.gov.co\/colombia\/?p=187376"},"modified":"2019-12-11T09:33:18","modified_gmt":"2019-12-11T14:33:18","slug":"asegurado-policia-que-en-estado-de-embriaguez-habria-disparado-contra-una-multitud-y-herido-a-dos-personas","status":"publish","type":"post","link":"https:\/\/www.fiscalia.gov.co\/colombia\/seccionales\/asegurado-policia-que-en-estado-de-embriaguez-habria-disparado-contra-una-multitud-y-herido-a-dos-personas\/","title":{"rendered":"Asegurado polic\u00eda que en estado de embriaguez habr\u00eda disparado contra una multitud y herido a dos personas"},"content":{"rendered":"<p>Por solicitud de le Fiscal\u00eda General de la Naci\u00f3n, el Juzgado 11 Penal Municipal de Medell\u00edn, con funciones de control de garant\u00edas, impuso medida de aseguramiento contra el <strong>patrullero de la Polic\u00eda Nacional<\/strong> H\u00e9ctor Julio C\u00e1rdenas Guzm\u00e1n, como presunto responsable de <strong>tentativa de homicidio agravado<\/strong>, en concurso homog\u00e9neo y sucesivo, y <strong>porte ilegal de armas de fuego de defensa personal<\/strong>.<\/p>\n<p>El investigado, de 37 a\u00f1os de edad, fue capturado en flagrancia este domingo 8 de diciembre en inmediaciones de la Estaci\u00f3n Acevedo del Metro de Medell\u00edn, luego de accionar un arma de corto alcance contra una multitud de personas que disfrutaba de las fiestas decembrinas en ese sector.\u00a0En la acci\u00f3n dos hombres adultos resultaron lesionados en el rostro y en el abdomen.<\/p>\n<p>Al uniformado que se encontraba de civil y en aparente estado embriaguez, <strong>le fue incautado un rev\u00f3lver<\/strong> Smith &amp; Wesson calibre 38 largo y 12 cartuchos para el mismo, sin el respectivo permiso para el porte.<\/p>\n<p>C\u00e1rdenas Guzm\u00e1n fue llevado ante el juez de garant\u00edas y <strong>no se allan\u00f3 a los cargos<\/strong> que le imput\u00f3 un fiscal de la Unidad de reacci\u00f3n Inmediata (URI).\u00a0 <strong>La defensa apel\u00f3 la medida de aseguramiento<\/strong> ante los jueces penales del circuito de Medell\u00edn.<\/p>\n<p>La Fiscal\u00eda hace p\u00fablica esta informaci\u00f3n por razones de inter\u00e9s general.<\/p>\n<p>&nbsp;<\/p>\n<p>&nbsp;<\/p>\n<p>LFML\/DLBM<\/p>\n\n<div class=\"twitter-share\"><a href=\"https:\/\/twitter.com\/intent\/tweet?via=fiscaliacol\" class=\"twitter-share-button\">Tweet<\/a><\/div>\n","protected":false},"excerpt":{"rendered":"<p>Por solicitud de le Fiscal\u00eda General de la Naci\u00f3n, el Juzgado 11 Penal Municipal de Medell\u00edn, con funciones de control de garant\u00edas, impuso medida de aseguramiento contra el patrullero de la Polic\u00eda Nacional H\u00e9ctor Julio C\u00e1rdenas Guzm\u00e1n, como presunto responsable de tentativa de homicidio agravado, en concurso homog\u00e9neo y sucesivo, y porte ilegal de armas [&hellip;]<\/p>\n","protected":false},"author":162,"featured_media":0,"comment_status":"closed","ping_status":"open","sticky":false,"template":"","format":"standard","meta":{"tdm_status":"","tdm_grid_status":"","footnotes":""},"categories":[331,303,24099],"tags":[],"class_list":{"0":"post-187376","1":"post","2":"type-post","3":"status-publish","4":"format-standard","6":"category-seccional-medellin","7":"category-seccionales","8":"category-seguridad-territorial"},"yoast_head":"<!-- This site is optimized with the Yoast SEO plugin v24.3 - https:\/\/yoast.com\/wordpress\/plugins\/seo\/ -->\n<title>Fiscal\u00eda General de la Naci\u00f3n<\/title>\n<meta name=\"description\" content=\"P\u00e1gina oficial de la Fiscal\u00eda General de la Naci\u00f3n \u2013 Colombia. Garantizamos el acceso efectivo a la justicia, la verdad y la reparaci\u00f3n de las v\u00edctimas de los delitos.\" \/>\n<meta name=\"robots\" content=\"noindex, follow\" \/>\n<meta property=\"og:locale\" content=\"es_ES\" \/>\n<meta property=\"og:type\" content=\"article\" \/>\n<meta property=\"og:title\" content=\"Fiscal\u00eda General de la Naci\u00f3n\" \/>\n<meta property=\"og:description\" content=\"P\u00e1gina oficial de la Fiscal\u00eda General de la Naci\u00f3n \u2013 Colombia. Garantizamos el acceso efectivo a la justicia, la verdad y la reparaci\u00f3n de las v\u00edctimas de los delitos.\" \/>\n<meta property=\"og:url\" content=\"https:\/\/www.fiscalia.gov.co\/colombia\/seccionales\/asegurado-policia-que-en-estado-de-embriaguez-habria-disparado-contra-una-multitud-y-herido-a-dos-personas\/\" \/>\n<meta property=\"og:site_name\" content=\"Fiscal\u00eda General de la Naci\u00f3n\" \/>\n<meta property=\"article:publisher\" content=\"https:\/\/www.facebook.com\/FiscaliaCol\" \/>\n<meta property=\"article:published_time\" content=\"2019-12-11T14:33:18+00:00\" \/>\n<meta name=\"author\" content=\"Direcci\u00f3n de Comunicaciones Fiscal\u00eda General de la Naci\u00f3n\" \/>\n<meta name=\"twitter:card\" content=\"summary_large_image\" \/>\n<meta name=\"twitter:creator\" content=\"@FiscaliaCol\" \/>\n<meta name=\"twitter:site\" content=\"@FiscaliaCol\" \/>\n<meta name=\"twitter:label1\" content=\"Escrito por\" \/>\n\t<meta name=\"twitter:data1\" content=\"Direcci\u00f3n de Comunicaciones Fiscal\u00eda General de la Naci\u00f3n\" \/>\n\t<meta name=\"twitter:label2\" content=\"Tiempo de lectura\" \/>\n\t<meta name=\"twitter:data2\" content=\"1 minuto\" \/>\n<script type=\"application\/ld+json\" class=\"yoast-schema-graph\">{\"@context\":\"https:\/\/schema.org\",\"@graph\":[{\"@type\":\"Article\",\"@id\":\"https:\/\/www.fiscalia.gov.co\/colombia\/seccionales\/asegurado-policia-que-en-estado-de-embriaguez-habria-disparado-contra-una-multitud-y-herido-a-dos-personas\/#article\",\"isPartOf\":{\"@id\":\"https:\/\/www.fiscalia.gov.co\/colombia\/seccionales\/asegurado-policia-que-en-estado-de-embriaguez-habria-disparado-contra-una-multitud-y-herido-a-dos-personas\/\"},\"author\":{\"name\":\"Direcci\u00f3n de Comunicaciones Fiscal\u00eda General de la Naci\u00f3n\",\"@id\":\"https:\/\/www.fiscalia.gov.co\/colombia\/#\/schema\/person\/bf28d8ae7f1b287bbe3af484b04f43ea\"},\"headline\":\"Asegurado polic\u00eda que en estado de embriaguez habr\u00eda disparado contra una multitud y herido a dos personas\",\"datePublished\":\"2019-12-11T14:33:18+00:00\",\"dateModified\":\"2019-12-11T14:33:18+00:00\",\"mainEntityOfPage\":{\"@id\":\"https:\/\/www.fiscalia.gov.co\/colombia\/seccionales\/asegurado-policia-que-en-estado-de-embriaguez-habria-disparado-contra-una-multitud-y-herido-a-dos-personas\/\"},\"wordCount\":254,\"publisher\":{\"@id\":\"https:\/\/www.fiscalia.gov.co\/colombia\/#organization\"},\"articleSection\":[\"Seccional Medell\u00edn\",\"Seccionales\",\"Seguridad territorial\"],\"inLanguage\":\"es-CO\"},{\"@type\":\"WebPage\",\"@id\":\"https:\/\/www.fiscalia.gov.co\/colombia\/seccionales\/asegurado-policia-que-en-estado-de-embriaguez-habria-disparado-contra-una-multitud-y-herido-a-dos-personas\/\",\"url\":\"https:\/\/www.fiscalia.gov.co\/colombia\/seccionales\/asegurado-policia-que-en-estado-de-embriaguez-habria-disparado-contra-una-multitud-y-herido-a-dos-personas\/\",\"name\":\"Fiscal\u00eda General de la Naci\u00f3n\",\"isPartOf\":{\"@id\":\"https:\/\/www.fiscalia.gov.co\/colombia\/#website\"},\"datePublished\":\"2019-12-11T14:33:18+00:00\",\"dateModified\":\"2019-12-11T14:33:18+00:00\",\"description\":\"P\u00e1gina oficial de la Fiscal\u00eda General de la Naci\u00f3n \u2013 Colombia. Garantizamos el acceso efectivo a la justicia, la verdad y la reparaci\u00f3n de las v\u00edctimas de los delitos.\",\"breadcrumb\":{\"@id\":\"https:\/\/www.fiscalia.gov.co\/colombia\/seccionales\/asegurado-policia-que-en-estado-de-embriaguez-habria-disparado-contra-una-multitud-y-herido-a-dos-personas\/#breadcrumb\"},\"inLanguage\":\"es-CO\",\"potentialAction\":[{\"@type\":\"ReadAction\",\"target\":[\"https:\/\/www.fiscalia.gov.co\/colombia\/seccionales\/asegurado-policia-que-en-estado-de-embriaguez-habria-disparado-contra-una-multitud-y-herido-a-dos-personas\/\"]}]},{\"@type\":\"BreadcrumbList\",\"@id\":\"https:\/\/www.fiscalia.gov.co\/colombia\/seccionales\/asegurado-policia-que-en-estado-de-embriaguez-habria-disparado-contra-una-multitud-y-herido-a-dos-personas\/#breadcrumb\",\"itemListElement\":[{\"@type\":\"ListItem\",\"position\":1,\"name\":\"Home\",\"item\":\"https:\/\/www.fiscalia.gov.co\/colombia\/\"},{\"@type\":\"ListItem\",\"position\":2,\"name\":\"Asegurado polic\u00eda que en estado de embriaguez habr\u00eda disparado contra una multitud y herido a dos personas\"}]},{\"@type\":\"WebSite\",\"@id\":\"https:\/\/www.fiscalia.gov.co\/colombia\/#website\",\"url\":\"https:\/\/www.fiscalia.gov.co\/colombia\/\",\"name\":\"Fiscal\u00eda General de la Naci\u00f3n\",\"description\":\"P\u00e1gina oficial de la Fiscal\u00eda General de la Naci\u00f3n \u2013 Colombia. Garantizamos el acceso efectivo a la justicia, la verdad y la reparaci\u00f3n de las v\u00edctimas de los delitos.\",\"publisher\":{\"@id\":\"https:\/\/www.fiscalia.gov.co\/colombia\/#organization\"},\"potentialAction\":[{\"@type\":\"SearchAction\",\"target\":{\"@type\":\"EntryPoint\",\"urlTemplate\":\"https:\/\/www.fiscalia.gov.co\/colombia\/?s={search_term_string}\"},\"query-input\":{\"@type\":\"PropertyValueSpecification\",\"valueRequired\":true,\"valueName\":\"search_term_string\"}}],\"inLanguage\":\"es-CO\"},{\"@type\":\"Organization\",\"@id\":\"https:\/\/www.fiscalia.gov.co\/colombia\/#organization\",\"name\":\"Fiscal\u00eda General de la Naci\u00f3n\",\"url\":\"https:\/\/www.fiscalia.gov.co\/colombia\/\",\"logo\":{\"@type\":\"ImageObject\",\"inLanguage\":\"es-CO\",\"@id\":\"https:\/\/www.fiscalia.gov.co\/colombia\/#\/schema\/logo\/image\/\",\"url\":\"https:\/\/www.fiscalia.gov.co\/colombia\/wp-content\/uploads\/LogoHorizontal_1.jpg\",\"contentUrl\":\"https:\/\/www.fiscalia.gov.co\/colombia\/wp-content\/uploads\/LogoHorizontal_1.jpg\",\"width\":300,\"height\":90,\"caption\":\"Fiscal\u00eda General de la Naci\u00f3n\"},\"image\":{\"@id\":\"https:\/\/www.fiscalia.gov.co\/colombia\/#\/schema\/logo\/image\/\"},\"sameAs\":[\"https:\/\/www.facebook.com\/FiscaliaCol\",\"https:\/\/x.com\/FiscaliaCol\",\"https:\/\/www.instagram.com\/fiscaliacol\",\"https:\/\/www.linkedin.com\/company\/fiscalia-general-de-la-naci-n\/\",\"https:\/\/youtube.com\/@fiscaliageneraldelanacion-4668?si=6nN79nyQICPU5iTh\"]},{\"@type\":\"Person\",\"@id\":\"https:\/\/www.fiscalia.gov.co\/colombia\/#\/schema\/person\/bf28d8ae7f1b287bbe3af484b04f43ea\",\"name\":\"Direcci\u00f3n de Comunicaciones Fiscal\u00eda General de la Naci\u00f3n\",\"image\":{\"@type\":\"ImageObject\",\"inLanguage\":\"es-CO\",\"@id\":\"https:\/\/www.fiscalia.gov.co\/colombia\/#\/schema\/person\/image\/\",\"url\":\"https:\/\/secure.gravatar.com\/avatar\/9d55ae161d32da16dbdd0b380c080a5f?s=96&d=mm&r=g\",\"contentUrl\":\"https:\/\/secure.gravatar.com\/avatar\/9d55ae161d32da16dbdd0b380c080a5f?s=96&d=mm&r=g\",\"caption\":\"Direcci\u00f3n de Comunicaciones Fiscal\u00eda General de la Naci\u00f3n\"},\"url\":\"https:\/\/www.fiscalia.gov.co\/colombia\/author\/kbonilla\/\"}]}<\/script>\n<!-- \/ Yoast SEO plugin. -->","yoast_head_json":{"title":"Fiscal\u00eda General de la Naci\u00f3n","description":"P\u00e1gina oficial de la Fiscal\u00eda General de la Naci\u00f3n \u2013 Colombia. Garantizamos el acceso efectivo a la justicia, la verdad y la reparaci\u00f3n de las v\u00edctimas de los delitos.","robots":{"index":"noindex","follow":"follow"},"og_locale":"es_ES","og_type":"article","og_title":"Fiscal\u00eda General de la Naci\u00f3n","og_description":"P\u00e1gina oficial de la Fiscal\u00eda General de la Naci\u00f3n \u2013 Colombia. Garantizamos el acceso efectivo a la justicia, la verdad y la reparaci\u00f3n de las v\u00edctimas de los delitos.","og_url":"https:\/\/www.fiscalia.gov.co\/colombia\/seccionales\/asegurado-policia-que-en-estado-de-embriaguez-habria-disparado-contra-una-multitud-y-herido-a-dos-personas\/","og_site_name":"Fiscal\u00eda General de la Naci\u00f3n","article_publisher":"https:\/\/www.facebook.com\/FiscaliaCol","article_published_time":"2019-12-11T14:33:18+00:00","author":"Direcci\u00f3n de Comunicaciones Fiscal\u00eda General de la Naci\u00f3n","twitter_card":"summary_large_image","twitter_creator":"@FiscaliaCol","twitter_site":"@FiscaliaCol","twitter_misc":{"Escrito por":"Direcci\u00f3n de Comunicaciones Fiscal\u00eda General de la Naci\u00f3n","Tiempo de lectura":"1 minuto"},"schema":{"@context":"https:\/\/schema.org","@graph":[{"@type":"Article","@id":"https:\/\/www.fiscalia.gov.co\/colombia\/seccionales\/asegurado-policia-que-en-estado-de-embriaguez-habria-disparado-contra-una-multitud-y-herido-a-dos-personas\/#article","isPartOf":{"@id":"https:\/\/www.fiscalia.gov.co\/colombia\/seccionales\/asegurado-policia-que-en-estado-de-embriaguez-habria-disparado-contra-una-multitud-y-herido-a-dos-personas\/"},"author":{"name":"Direcci\u00f3n de Comunicaciones Fiscal\u00eda General de la Naci\u00f3n","@id":"https:\/\/www.fiscalia.gov.co\/colombia\/#\/schema\/person\/bf28d8ae7f1b287bbe3af484b04f43ea"},"headline":"Asegurado polic\u00eda que en estado de embriaguez habr\u00eda disparado contra una multitud y herido a dos personas","datePublished":"2019-12-11T14:33:18+00:00","dateModified":"2019-12-11T14:33:18+00:00","mainEntityOfPage":{"@id":"https:\/\/www.fiscalia.gov.co\/colombia\/seccionales\/asegurado-policia-que-en-estado-de-embriaguez-habria-disparado-contra-una-multitud-y-herido-a-dos-personas\/"},"wordCount":254,"publisher":{"@id":"https:\/\/www.fiscalia.gov.co\/colombia\/#organization"},"articleSection":["Seccional Medell\u00edn","Seccionales","Seguridad territorial"],"inLanguage":"es-CO"},{"@type":"WebPage","@id":"https:\/\/www.fiscalia.gov.co\/colombia\/seccionales\/asegurado-policia-que-en-estado-de-embriaguez-habria-disparado-contra-una-multitud-y-herido-a-dos-personas\/","url":"https:\/\/www.fiscalia.gov.co\/colombia\/seccionales\/asegurado-policia-que-en-estado-de-embriaguez-habria-disparado-contra-una-multitud-y-herido-a-dos-personas\/","name":"Fiscal\u00eda General de la Naci\u00f3n","isPartOf":{"@id":"https:\/\/www.fiscalia.gov.co\/colombia\/#website"},"datePublished":"2019-12-11T14:33:18+00:00","dateModified":"2019-12-11T14:33:18+00:00","description":"P\u00e1gina oficial de la Fiscal\u00eda General de la Naci\u00f3n \u2013 Colombia. Garantizamos el acceso efectivo a la justicia, la verdad y la reparaci\u00f3n de las v\u00edctimas de los delitos.","breadcrumb":{"@id":"https:\/\/www.fiscalia.gov.co\/colombia\/seccionales\/asegurado-policia-que-en-estado-de-embriaguez-habria-disparado-contra-una-multitud-y-herido-a-dos-personas\/#breadcrumb"},"inLanguage":"es-CO","potentialAction":[{"@type":"ReadAction","target":["https:\/\/www.fiscalia.gov.co\/colombia\/seccionales\/asegurado-policia-que-en-estado-de-embriaguez-habria-disparado-contra-una-multitud-y-herido-a-dos-personas\/"]}]},{"@type":"BreadcrumbList","@id":"https:\/\/www.fiscalia.gov.co\/colombia\/seccionales\/asegurado-policia-que-en-estado-de-embriaguez-habria-disparado-contra-una-multitud-y-herido-a-dos-personas\/#breadcrumb","itemListElement":[{"@type":"ListItem","position":1,"name":"Home","item":"https:\/\/www.fiscalia.gov.co\/colombia\/"},{"@type":"ListItem","position":2,"name":"Asegurado polic\u00eda que en estado de embriaguez habr\u00eda disparado contra una multitud y herido a dos personas"}]},{"@type":"WebSite","@id":"https:\/\/www.fiscalia.gov.co\/colombia\/#website","url":"https:\/\/www.fiscalia.gov.co\/colombia\/","name":"Fiscal\u00eda General de la Naci\u00f3n","description":"P\u00e1gina oficial de la Fiscal\u00eda General de la Naci\u00f3n \u2013 Colombia. Garantizamos el acceso efectivo a la justicia, la verdad y la reparaci\u00f3n de las v\u00edctimas de los delitos.","publisher":{"@id":"https:\/\/www.fiscalia.gov.co\/colombia\/#organization"},"potentialAction":[{"@type":"SearchAction","target":{"@type":"EntryPoint","urlTemplate":"https:\/\/www.fiscalia.gov.co\/colombia\/?s={search_term_string}"},"query-input":{"@type":"PropertyValueSpecification","valueRequired":true,"valueName":"search_term_string"}}],"inLanguage":"es-CO"},{"@type":"Organization","@id":"https:\/\/www.fiscalia.gov.co\/colombia\/#organization","name":"Fiscal\u00eda General de la Naci\u00f3n","url":"https:\/\/www.fiscalia.gov.co\/colombia\/","logo":{"@type":"ImageObject","inLanguage":"es-CO","@id":"https:\/\/www.fiscalia.gov.co\/colombia\/#\/schema\/logo\/image\/","url":"https:\/\/www.fiscalia.gov.co\/colombia\/wp-content\/uploads\/LogoHorizontal_1.jpg","contentUrl":"https:\/\/www.fiscalia.gov.co\/colombia\/wp-content\/uploads\/LogoHorizontal_1.jpg","width":300,"height":90,"caption":"Fiscal\u00eda General de la Naci\u00f3n"},"image":{"@id":"https:\/\/www.fiscalia.gov.co\/colombia\/#\/schema\/logo\/image\/"},"sameAs":["https:\/\/www.facebook.com\/FiscaliaCol","https:\/\/x.com\/FiscaliaCol","https:\/\/www.instagram.com\/fiscaliacol","https:\/\/www.linkedin.com\/company\/fiscalia-general-de-la-naci-n\/","https:\/\/youtube.com\/@fiscaliageneraldelanacion-4668?si=6nN79nyQICPU5iTh"]},{"@type":"Person","@id":"https:\/\/www.fiscalia.gov.co\/colombia\/#\/schema\/person\/bf28d8ae7f1b287bbe3af484b04f43ea","name":"Direcci\u00f3n de Comunicaciones Fiscal\u00eda General de la Naci\u00f3n","image":{"@type":"ImageObject","inLanguage":"es-CO","@id":"https:\/\/www.fiscalia.gov.co\/colombia\/#\/schema\/person\/image\/","url":"https:\/\/secure.gravatar.com\/avatar\/9d55ae161d32da16dbdd0b380c080a5f?s=96&d=mm&r=g","contentUrl":"https:\/\/secure.gravatar.com\/avatar\/9d55ae161d32da16dbdd0b380c080a5f?s=96&d=mm&r=g","caption":"Direcci\u00f3n de Comunicaciones Fiscal\u00eda General de la Naci\u00f3n"},"url":"https:\/\/www.fiscalia.gov.co\/colombia\/author\/kbonilla\/"}]}},"_links":{"self":[{"href":"https:\/\/www.fiscalia.gov.co\/colombia\/wp-json\/wp\/v2\/posts\/187376","targetHints":{"allow":["GET"]}}],"collection":[{"href":"https:\/\/www.fiscalia.gov.co\/colombia\/wp-json\/wp\/v2\/posts"}],"about":[{"href":"https:\/\/www.fiscalia.gov.co\/colombia\/wp-json\/wp\/v2\/types\/post"}],"author":[{"embeddable":true,"href":"https:\/\/www.fiscalia.gov.co\/colombia\/wp-json\/wp\/v2\/users\/162"}],"replies":[{"embeddable":true,"href":"https:\/\/www.fiscalia.gov.co\/colombia\/wp-json\/wp\/v2\/comments?post=187376"}],"version-history":[{"count":2,"href":"https:\/\/www.fiscalia.gov.co\/colombia\/wp-json\/wp\/v2\/posts\/187376\/revisions"}],"predecessor-version":[{"id":187378,"href":"https:\/\/www.fiscalia.gov.co\/colombia\/wp-json\/wp\/v2\/posts\/187376\/revisions\/187378"}],"wp:attachment":[{"href":"https:\/\/www.fiscalia.gov.co\/colombia\/wp-json\/wp\/v2\/media?parent=187376"}],"wp:term":[{"taxonomy":"category","embeddable":true,"href":"https:\/\/www.fiscalia.gov.co\/colombia\/wp-json\/wp\/v2\/categories?post=187376"},{"taxonomy":"post_tag","embeddable":true,"href":"https:\/\/www.fiscalia.gov.co\/colombia\/wp-json\/wp\/v2\/tags?post=187376"}],"curies":[{"name":"wp","href":"https:\/\/api.w.org\/{rel}","templated":true}]}}