{"id":187141,"date":"2019-12-05T14:09:08","date_gmt":"2019-12-05T19:09:08","guid":{"rendered":"https:\/\/www.fiscalia.gov.co\/colombia\/?p=187141"},"modified":"2019-12-05T14:09:08","modified_gmt":"2019-12-05T19:09:08","slug":"a-la-carcel-13-de-los-sicodelicos-por-trafico-de-drogas-sinteticas","status":"publish","type":"post","link":"https:\/\/www.fiscalia.gov.co\/colombia\/seccionales\/a-la-carcel-13-de-los-sicodelicos-por-trafico-de-drogas-sinteticas\/","title":{"rendered":"A la c\u00e1rcel 13 de \u2018Los Sicod\u00e9licos\u2019 por tr\u00e1fico de drogas sint\u00e9ticas"},"content":{"rendered":"<p>El <strong>Juzgado 14 de control de garant\u00edas<\/strong> acogi\u00f3 la petici\u00f3n de la <strong>Fiscal\u00eda General de la Naci\u00f3n<\/strong> e impuso <strong>medida de aseguramiento<\/strong> contra <strong>13 presuntos integrantes de la organizaci\u00f3n delictiva \u2018Los Sicod\u00e9licos\u2019<\/strong>, dedicada al tr\u00e1fico transnacional de drogas sint\u00e9ticas. Otras dos personas, capturadas en flagrancia, tambi\u00e9n deben ir a la c\u00e1rcel en <strong>Cali (Valle del Cauca)<\/strong>.<\/p>\n<p>De acuerdo con la investigaci\u00f3n, coordinada por un fiscal adscrito al Grupo de Casos Priorizados de la Seccional Cali, la estructura delictiva en menci\u00f3n ejerc\u00eda su accionar il\u00edcito en diferentes comunas de Cali mediante la modalidad de domicilio.<\/p>\n<p>Investigadores de la Sijin de la <strong>Polic\u00eda Nacional<\/strong> pudieron establecer que la <strong>organizaci\u00f3n criminal tambi\u00e9n distribu\u00eda estupefacientes a nivel nacional<\/strong>, mediante el env\u00edo de encomiendas; al igual que en discotecas, eventos y fiestas privadas organizadas por estas personas.<\/p>\n<p>Se determin\u00f3 adem\u00e1s que \u2018<strong>Los Sicod\u00e9licos<\/strong>\u2019 expandieron su accionar delictivo a pa\u00edses como <strong>Ecuador y Chile<\/strong>. Una droguer\u00eda era utilizada como \u2018fachada\u2019 para distribuir insumos.<\/p>\n<p>Los hoy imputados fueron capturados durante diligencias de allanamiento y registro. En las audiencias preliminares la Fiscal\u00eda les formul\u00f3 a los implicados <strong>cargos<\/strong> <strong>por los delitos<\/strong> de concierto para delinquir agravado, secuestro extorsivo agravado; fabricaci\u00f3n, tr\u00e1fico o porte de armas de fuego o municiones y cohecho por dar u ofrecer.<\/p>\n<p>Las dos personas capturadas en flagrancia fueron imputadas por el delito de fabricaci\u00f3n, tr\u00e1fico o porte de estupefacientes.<\/p>\n<p><strong>Las sustancias ilegales<\/strong><\/p>\n<p>Labores investigativas determinaron que el <strong>tipo de drogas sint\u00e9ticas<\/strong> comercializadas por dicha organizaci\u00f3n son: Tucibi (2CB), \u00c9xtasis, Cristales de Anfetamina, \u00c1cidos (LSD), Popper, Nexus y Peyote. Adem\u00e1s de f\u00e1rmacos de control especial utilizados para su elaboraci\u00f3n como: Ketamina, Fentanilo, Oxicod\u00f3n, Metadona, Clonazepam, entre otros; as\u00ed como marihuana y coca\u00edna.<\/p>\n<p><strong>Otros delitos:<\/strong><\/p>\n<p>La Fiscal\u00eda pudo establecer otras acciones delictivas cometidas por \u2018<strong>Los Sicod\u00e9licos<\/strong>\u2019, durante el an\u00e1lisis de siete eventos il\u00edcitos, como el secuestro extorsivo y tortura del que habr\u00eda sido v\u00edctima un sujeto, al que bajaron de su motocicleta, lo obligaron a subir a otro veh\u00edculo y fue objeto de tortura y amenazas, adem\u00e1s de exigirle dos millones de pesos para devolverle la motocicleta.<\/p>\n<p>En otras oportunidades habr\u00edan ofrecido dinero a las autoridades que los reten\u00edan con sustancias estupefacientes para que los dejaran ir.<\/p>\n<p>Por determinaci\u00f3n del juez las siguientes personas deben cumplir la <strong>medida de aseguramiento en c\u00e1rcel<\/strong>:<\/p>\n<p>&#8211; Janeth Alexandra Gonz\u00e1lez, alias Jeilo, supuesta l\u00edder de \u2018Los Sicod\u00e9licos\u2019<\/p>\n<p>&#8211; Karen Alejandra Cort\u00e9s Ocampo, alias Alejandra<\/p>\n<p>&#8211; Jes\u00fas David Ojeda Camacho, alias Caco<\/p>\n<p>&#8211; William Ruiz Pav\u00f3n, alias William<\/p>\n<p>&#8211; Nicol\u00e1s Giraldo Rodr\u00edguez, alias Ratas o Rat\u00f3n<\/p>\n<p>&#8211; Carlos Felipe Ceballos Mart\u00ednez, alias Ronco<\/p>\n<p>&#8211; Johan Alberto Blet Ocampo, alias Blet<\/p>\n<p>&#8211; Jorge Eduardo Ortiz Tasc\u00f3n, alias Jorge<\/p>\n<p>&#8211; Francia Nery Arroyabe Viveros, alias Francia<\/p>\n<p>&#8211; Jonathan Daniel Camacho Chicaiza, alias Daniel<\/p>\n<p>&#8211; Tetyana Moskalenko, alias Tetyana, de nacionalidad ucraniana<\/p>\n<p>&#8211; Yolanda D\u00edaz Hern\u00e1ndez, alias Yolanda<\/p>\n<p>&#8211; Leydi Alexandra Parra y<\/p>\n<p>&#8211; Juan Fernando Lopera<\/p>\n<p>Entre tanto, el juez otorg\u00f3 la detenci\u00f3n domiciliaria para Carlos Ori\u00f3n Mart\u00ednez, alias Carlos.<\/p>\n<p>La Fiscal\u00eda hace p\u00fablica esta informaci\u00f3n por razones de inter\u00e9s general.<\/p>\n<p><strong>MAP\/MAGA<\/strong><\/p>\n\n<div class=\"twitter-share\"><a href=\"https:\/\/twitter.com\/intent\/tweet?via=fiscaliacol\" class=\"twitter-share-button\">Tweet<\/a><\/div>\n","protected":false},"excerpt":{"rendered":"<p>El Juzgado 14 de control de garant\u00edas acogi\u00f3 la petici\u00f3n de la Fiscal\u00eda General de la Naci\u00f3n e impuso medida de aseguramiento contra 13 presuntos integrantes de la organizaci\u00f3n delictiva [&hellip;]<\/p>\n","protected":false},"author":162,"featured_media":0,"comment_status":"closed","ping_status":"open","sticky":false,"template":"","format":"standard","meta":{"tdm_status":"","tdm_grid_status":"","footnotes":""},"categories":[324,303,24103],"tags":[],"class_list":["post-187141","post","type-post","status-publish","format-standard","category-seccional-cali","category-seccionales","category-trafico-de-estupefacientes"],"yoast_head":"<!-- This site is optimized with the Yoast SEO plugin v24.3 - https:\/\/yoast.com\/wordpress\/plugins\/seo\/ -->\n<title>Fiscal\u00eda General de la Naci\u00f3n<\/title>\n<meta name=\"description\" content=\"P\u00e1gina oficial de la Fiscal\u00eda General de la Naci\u00f3n \u2013 Colombia. Garantizamos el acceso efectivo a la justicia, la verdad y la reparaci\u00f3n de las v\u00edctimas de los delitos.\" \/>\n<meta name=\"robots\" content=\"noindex, follow\" \/>\n<meta property=\"og:locale\" content=\"es_ES\" \/>\n<meta property=\"og:type\" content=\"article\" \/>\n<meta property=\"og:title\" content=\"Fiscal\u00eda General de la Naci\u00f3n\" \/>\n<meta property=\"og:description\" content=\"P\u00e1gina oficial de la Fiscal\u00eda General de la Naci\u00f3n \u2013 Colombia. Garantizamos el acceso efectivo a la justicia, la verdad y la reparaci\u00f3n de las v\u00edctimas de los delitos.\" \/>\n<meta property=\"og:url\" content=\"https:\/\/www.fiscalia.gov.co\/colombia\/seccionales\/a-la-carcel-13-de-los-sicodelicos-por-trafico-de-drogas-sinteticas\/\" \/>\n<meta property=\"og:site_name\" content=\"Fiscal\u00eda General de la Naci\u00f3n\" \/>\n<meta property=\"article:publisher\" content=\"https:\/\/www.facebook.com\/FiscaliaCol\" \/>\n<meta property=\"article:published_time\" content=\"2019-12-05T19:09:08+00:00\" \/>\n<meta name=\"author\" content=\"Direcci\u00f3n de Comunicaciones Fiscal\u00eda General de la Naci\u00f3n\" \/>\n<meta name=\"twitter:card\" content=\"summary_large_image\" \/>\n<meta name=\"twitter:creator\" content=\"@FiscaliaCol\" \/>\n<meta name=\"twitter:site\" content=\"@FiscaliaCol\" \/>\n<meta name=\"twitter:label1\" content=\"Escrito por\" \/>\n\t<meta name=\"twitter:data1\" content=\"Direcci\u00f3n de Comunicaciones Fiscal\u00eda General de la Naci\u00f3n\" \/>\n\t<meta name=\"twitter:label2\" content=\"Tiempo de lectura\" \/>\n\t<meta name=\"twitter:data2\" content=\"3 minutos\" \/>\n<script type=\"application\/ld+json\" class=\"yoast-schema-graph\">{\"@context\":\"https:\/\/schema.org\",\"@graph\":[{\"@type\":\"Article\",\"@id\":\"https:\/\/www.fiscalia.gov.co\/colombia\/seccionales\/a-la-carcel-13-de-los-sicodelicos-por-trafico-de-drogas-sinteticas\/#article\",\"isPartOf\":{\"@id\":\"https:\/\/www.fiscalia.gov.co\/colombia\/seccionales\/a-la-carcel-13-de-los-sicodelicos-por-trafico-de-drogas-sinteticas\/\"},\"author\":{\"name\":\"Direcci\u00f3n de Comunicaciones Fiscal\u00eda General de la Naci\u00f3n\",\"@id\":\"https:\/\/www.fiscalia.gov.co\/colombia\/#\/schema\/person\/bf28d8ae7f1b287bbe3af484b04f43ea\"},\"headline\":\"A la c\u00e1rcel 13 de \u2018Los Sicod\u00e9licos\u2019 por tr\u00e1fico de drogas sint\u00e9ticas\",\"datePublished\":\"2019-12-05T19:09:08+00:00\",\"dateModified\":\"2019-12-05T19:09:08+00:00\",\"mainEntityOfPage\":{\"@id\":\"https:\/\/www.fiscalia.gov.co\/colombia\/seccionales\/a-la-carcel-13-de-los-sicodelicos-por-trafico-de-drogas-sinteticas\/\"},\"wordCount\":580,\"publisher\":{\"@id\":\"https:\/\/www.fiscalia.gov.co\/colombia\/#organization\"},\"articleSection\":[\"Seccional Cali\",\"Seccionales\",\"Tr\u00e1fico de estupefacientes\"],\"inLanguage\":\"es-CO\"},{\"@type\":\"WebPage\",\"@id\":\"https:\/\/www.fiscalia.gov.co\/colombia\/seccionales\/a-la-carcel-13-de-los-sicodelicos-por-trafico-de-drogas-sinteticas\/\",\"url\":\"https:\/\/www.fiscalia.gov.co\/colombia\/seccionales\/a-la-carcel-13-de-los-sicodelicos-por-trafico-de-drogas-sinteticas\/\",\"name\":\"Fiscal\u00eda General de la Naci\u00f3n\",\"isPartOf\":{\"@id\":\"https:\/\/www.fiscalia.gov.co\/colombia\/#website\"},\"datePublished\":\"2019-12-05T19:09:08+00:00\",\"dateModified\":\"2019-12-05T19:09:08+00:00\",\"description\":\"P\u00e1gina oficial de la Fiscal\u00eda General de la Naci\u00f3n \u2013 Colombia. Garantizamos el acceso efectivo a la justicia, la verdad y la reparaci\u00f3n de las v\u00edctimas de los delitos.\",\"breadcrumb\":{\"@id\":\"https:\/\/www.fiscalia.gov.co\/colombia\/seccionales\/a-la-carcel-13-de-los-sicodelicos-por-trafico-de-drogas-sinteticas\/#breadcrumb\"},\"inLanguage\":\"es-CO\",\"potentialAction\":[{\"@type\":\"ReadAction\",\"target\":[\"https:\/\/www.fiscalia.gov.co\/colombia\/seccionales\/a-la-carcel-13-de-los-sicodelicos-por-trafico-de-drogas-sinteticas\/\"]}]},{\"@type\":\"BreadcrumbList\",\"@id\":\"https:\/\/www.fiscalia.gov.co\/colombia\/seccionales\/a-la-carcel-13-de-los-sicodelicos-por-trafico-de-drogas-sinteticas\/#breadcrumb\",\"itemListElement\":[{\"@type\":\"ListItem\",\"position\":1,\"name\":\"Home\",\"item\":\"https:\/\/www.fiscalia.gov.co\/colombia\/\"},{\"@type\":\"ListItem\",\"position\":2,\"name\":\"A la c\u00e1rcel 13 de \u2018Los Sicod\u00e9licos\u2019 por tr\u00e1fico de drogas sint\u00e9ticas\"}]},{\"@type\":\"WebSite\",\"@id\":\"https:\/\/www.fiscalia.gov.co\/colombia\/#website\",\"url\":\"https:\/\/www.fiscalia.gov.co\/colombia\/\",\"name\":\"Fiscal\u00eda General de la Naci\u00f3n\",\"description\":\"P\u00e1gina oficial de la Fiscal\u00eda General de la Naci\u00f3n \u2013 Colombia. Garantizamos el acceso efectivo a la justicia, la verdad y la reparaci\u00f3n de las v\u00edctimas de los delitos.\",\"publisher\":{\"@id\":\"https:\/\/www.fiscalia.gov.co\/colombia\/#organization\"},\"potentialAction\":[{\"@type\":\"SearchAction\",\"target\":{\"@type\":\"EntryPoint\",\"urlTemplate\":\"https:\/\/www.fiscalia.gov.co\/colombia\/?s={search_term_string}\"},\"query-input\":{\"@type\":\"PropertyValueSpecification\",\"valueRequired\":true,\"valueName\":\"search_term_string\"}}],\"inLanguage\":\"es-CO\"},{\"@type\":\"Organization\",\"@id\":\"https:\/\/www.fiscalia.gov.co\/colombia\/#organization\",\"name\":\"Fiscal\u00eda General de la Naci\u00f3n\",\"url\":\"https:\/\/www.fiscalia.gov.co\/colombia\/\",\"logo\":{\"@type\":\"ImageObject\",\"inLanguage\":\"es-CO\",\"@id\":\"https:\/\/www.fiscalia.gov.co\/colombia\/#\/schema\/logo\/image\/\",\"url\":\"https:\/\/www.fiscalia.gov.co\/colombia\/wp-content\/uploads\/LogoHorizontal_1.jpg\",\"contentUrl\":\"https:\/\/www.fiscalia.gov.co\/colombia\/wp-content\/uploads\/LogoHorizontal_1.jpg\",\"width\":300,\"height\":90,\"caption\":\"Fiscal\u00eda General de la Naci\u00f3n\"},\"image\":{\"@id\":\"https:\/\/www.fiscalia.gov.co\/colombia\/#\/schema\/logo\/image\/\"},\"sameAs\":[\"https:\/\/www.facebook.com\/FiscaliaCol\",\"https:\/\/x.com\/FiscaliaCol\",\"https:\/\/www.instagram.com\/fiscaliacol\",\"https:\/\/www.linkedin.com\/company\/fiscalia-general-de-la-naci-n\/\",\"https:\/\/youtube.com\/@fiscaliageneraldelanacion-4668?si=6nN79nyQICPU5iTh\"]},{\"@type\":\"Person\",\"@id\":\"https:\/\/www.fiscalia.gov.co\/colombia\/#\/schema\/person\/bf28d8ae7f1b287bbe3af484b04f43ea\",\"name\":\"Direcci\u00f3n de Comunicaciones Fiscal\u00eda General de la Naci\u00f3n\",\"image\":{\"@type\":\"ImageObject\",\"inLanguage\":\"es-CO\",\"@id\":\"https:\/\/www.fiscalia.gov.co\/colombia\/#\/schema\/person\/image\/\",\"url\":\"https:\/\/secure.gravatar.com\/avatar\/9d55ae161d32da16dbdd0b380c080a5f?s=96&d=mm&r=g\",\"contentUrl\":\"https:\/\/secure.gravatar.com\/avatar\/9d55ae161d32da16dbdd0b380c080a5f?s=96&d=mm&r=g\",\"caption\":\"Direcci\u00f3n de Comunicaciones Fiscal\u00eda General de la Naci\u00f3n\"},\"url\":\"https:\/\/www.fiscalia.gov.co\/colombia\/author\/kbonilla\/\"}]}<\/script>\n<!-- \/ Yoast SEO plugin. -->","yoast_head_json":{"title":"Fiscal\u00eda General de la Naci\u00f3n","description":"P\u00e1gina oficial de la Fiscal\u00eda General de la Naci\u00f3n \u2013 Colombia. Garantizamos el acceso efectivo a la justicia, la verdad y la reparaci\u00f3n de las v\u00edctimas de los delitos.","robots":{"index":"noindex","follow":"follow"},"og_locale":"es_ES","og_type":"article","og_title":"Fiscal\u00eda General de la Naci\u00f3n","og_description":"P\u00e1gina oficial de la Fiscal\u00eda General de la Naci\u00f3n \u2013 Colombia. Garantizamos el acceso efectivo a la justicia, la verdad y la reparaci\u00f3n de las v\u00edctimas de los delitos.","og_url":"https:\/\/www.fiscalia.gov.co\/colombia\/seccionales\/a-la-carcel-13-de-los-sicodelicos-por-trafico-de-drogas-sinteticas\/","og_site_name":"Fiscal\u00eda General de la Naci\u00f3n","article_publisher":"https:\/\/www.facebook.com\/FiscaliaCol","article_published_time":"2019-12-05T19:09:08+00:00","author":"Direcci\u00f3n de Comunicaciones Fiscal\u00eda General de la Naci\u00f3n","twitter_card":"summary_large_image","twitter_creator":"@FiscaliaCol","twitter_site":"@FiscaliaCol","twitter_misc":{"Escrito por":"Direcci\u00f3n de Comunicaciones Fiscal\u00eda General de la Naci\u00f3n","Tiempo de lectura":"3 minutos"},"schema":{"@context":"https:\/\/schema.org","@graph":[{"@type":"Article","@id":"https:\/\/www.fiscalia.gov.co\/colombia\/seccionales\/a-la-carcel-13-de-los-sicodelicos-por-trafico-de-drogas-sinteticas\/#article","isPartOf":{"@id":"https:\/\/www.fiscalia.gov.co\/colombia\/seccionales\/a-la-carcel-13-de-los-sicodelicos-por-trafico-de-drogas-sinteticas\/"},"author":{"name":"Direcci\u00f3n de Comunicaciones Fiscal\u00eda General de la Naci\u00f3n","@id":"https:\/\/www.fiscalia.gov.co\/colombia\/#\/schema\/person\/bf28d8ae7f1b287bbe3af484b04f43ea"},"headline":"A la c\u00e1rcel 13 de \u2018Los Sicod\u00e9licos\u2019 por tr\u00e1fico de drogas sint\u00e9ticas","datePublished":"2019-12-05T19:09:08+00:00","dateModified":"2019-12-05T19:09:08+00:00","mainEntityOfPage":{"@id":"https:\/\/www.fiscalia.gov.co\/colombia\/seccionales\/a-la-carcel-13-de-los-sicodelicos-por-trafico-de-drogas-sinteticas\/"},"wordCount":580,"publisher":{"@id":"https:\/\/www.fiscalia.gov.co\/colombia\/#organization"},"articleSection":["Seccional Cali","Seccionales","Tr\u00e1fico de estupefacientes"],"inLanguage":"es-CO"},{"@type":"WebPage","@id":"https:\/\/www.fiscalia.gov.co\/colombia\/seccionales\/a-la-carcel-13-de-los-sicodelicos-por-trafico-de-drogas-sinteticas\/","url":"https:\/\/www.fiscalia.gov.co\/colombia\/seccionales\/a-la-carcel-13-de-los-sicodelicos-por-trafico-de-drogas-sinteticas\/","name":"Fiscal\u00eda General de la Naci\u00f3n","isPartOf":{"@id":"https:\/\/www.fiscalia.gov.co\/colombia\/#website"},"datePublished":"2019-12-05T19:09:08+00:00","dateModified":"2019-12-05T19:09:08+00:00","description":"P\u00e1gina oficial de la Fiscal\u00eda General de la Naci\u00f3n \u2013 Colombia. Garantizamos el acceso efectivo a la justicia, la verdad y la reparaci\u00f3n de las v\u00edctimas de los delitos.","breadcrumb":{"@id":"https:\/\/www.fiscalia.gov.co\/colombia\/seccionales\/a-la-carcel-13-de-los-sicodelicos-por-trafico-de-drogas-sinteticas\/#breadcrumb"},"inLanguage":"es-CO","potentialAction":[{"@type":"ReadAction","target":["https:\/\/www.fiscalia.gov.co\/colombia\/seccionales\/a-la-carcel-13-de-los-sicodelicos-por-trafico-de-drogas-sinteticas\/"]}]},{"@type":"BreadcrumbList","@id":"https:\/\/www.fiscalia.gov.co\/colombia\/seccionales\/a-la-carcel-13-de-los-sicodelicos-por-trafico-de-drogas-sinteticas\/#breadcrumb","itemListElement":[{"@type":"ListItem","position":1,"name":"Home","item":"https:\/\/www.fiscalia.gov.co\/colombia\/"},{"@type":"ListItem","position":2,"name":"A la c\u00e1rcel 13 de \u2018Los Sicod\u00e9licos\u2019 por tr\u00e1fico de drogas sint\u00e9ticas"}]},{"@type":"WebSite","@id":"https:\/\/www.fiscalia.gov.co\/colombia\/#website","url":"https:\/\/www.fiscalia.gov.co\/colombia\/","name":"Fiscal\u00eda General de la Naci\u00f3n","description":"P\u00e1gina oficial de la Fiscal\u00eda General de la Naci\u00f3n \u2013 Colombia. Garantizamos el acceso efectivo a la justicia, la verdad y la reparaci\u00f3n de las v\u00edctimas de los delitos.","publisher":{"@id":"https:\/\/www.fiscalia.gov.co\/colombia\/#organization"},"potentialAction":[{"@type":"SearchAction","target":{"@type":"EntryPoint","urlTemplate":"https:\/\/www.fiscalia.gov.co\/colombia\/?s={search_term_string}"},"query-input":{"@type":"PropertyValueSpecification","valueRequired":true,"valueName":"search_term_string"}}],"inLanguage":"es-CO"},{"@type":"Organization","@id":"https:\/\/www.fiscalia.gov.co\/colombia\/#organization","name":"Fiscal\u00eda General de la Naci\u00f3n","url":"https:\/\/www.fiscalia.gov.co\/colombia\/","logo":{"@type":"ImageObject","inLanguage":"es-CO","@id":"https:\/\/www.fiscalia.gov.co\/colombia\/#\/schema\/logo\/image\/","url":"https:\/\/www.fiscalia.gov.co\/colombia\/wp-content\/uploads\/LogoHorizontal_1.jpg","contentUrl":"https:\/\/www.fiscalia.gov.co\/colombia\/wp-content\/uploads\/LogoHorizontal_1.jpg","width":300,"height":90,"caption":"Fiscal\u00eda General de la Naci\u00f3n"},"image":{"@id":"https:\/\/www.fiscalia.gov.co\/colombia\/#\/schema\/logo\/image\/"},"sameAs":["https:\/\/www.facebook.com\/FiscaliaCol","https:\/\/x.com\/FiscaliaCol","https:\/\/www.instagram.com\/fiscaliacol","https:\/\/www.linkedin.com\/company\/fiscalia-general-de-la-naci-n\/","https:\/\/youtube.com\/@fiscaliageneraldelanacion-4668?si=6nN79nyQICPU5iTh"]},{"@type":"Person","@id":"https:\/\/www.fiscalia.gov.co\/colombia\/#\/schema\/person\/bf28d8ae7f1b287bbe3af484b04f43ea","name":"Direcci\u00f3n de Comunicaciones Fiscal\u00eda General de la Naci\u00f3n","image":{"@type":"ImageObject","inLanguage":"es-CO","@id":"https:\/\/www.fiscalia.gov.co\/colombia\/#\/schema\/person\/image\/","url":"https:\/\/secure.gravatar.com\/avatar\/9d55ae161d32da16dbdd0b380c080a5f?s=96&d=mm&r=g","contentUrl":"https:\/\/secure.gravatar.com\/avatar\/9d55ae161d32da16dbdd0b380c080a5f?s=96&d=mm&r=g","caption":"Direcci\u00f3n de Comunicaciones Fiscal\u00eda General de la Naci\u00f3n"},"url":"https:\/\/www.fiscalia.gov.co\/colombia\/author\/kbonilla\/"}]}},"_links":{"self":[{"href":"https:\/\/www.fiscalia.gov.co\/colombia\/wp-json\/wp\/v2\/posts\/187141","targetHints":{"allow":["GET"]}}],"collection":[{"href":"https:\/\/www.fiscalia.gov.co\/colombia\/wp-json\/wp\/v2\/posts"}],"about":[{"href":"https:\/\/www.fiscalia.gov.co\/colombia\/wp-json\/wp\/v2\/types\/post"}],"author":[{"embeddable":true,"href":"https:\/\/www.fiscalia.gov.co\/colombia\/wp-json\/wp\/v2\/users\/162"}],"replies":[{"embeddable":true,"href":"https:\/\/www.fiscalia.gov.co\/colombia\/wp-json\/wp\/v2\/comments?post=187141"}],"version-history":[{"count":1,"href":"https:\/\/www.fiscalia.gov.co\/colombia\/wp-json\/wp\/v2\/posts\/187141\/revisions"}],"predecessor-version":[{"id":187142,"href":"https:\/\/www.fiscalia.gov.co\/colombia\/wp-json\/wp\/v2\/posts\/187141\/revisions\/187142"}],"wp:attachment":[{"href":"https:\/\/www.fiscalia.gov.co\/colombia\/wp-json\/wp\/v2\/media?parent=187141"}],"wp:term":[{"taxonomy":"category","embeddable":true,"href":"https:\/\/www.fiscalia.gov.co\/colombia\/wp-json\/wp\/v2\/categories?post=187141"},{"taxonomy":"post_tag","embeddable":true,"href":"https:\/\/www.fiscalia.gov.co\/colombia\/wp-json\/wp\/v2\/tags?post=187141"}],"curies":[{"name":"wp","href":"https:\/\/api.w.org\/{rel}","templated":true}]}}