{"id":186928,"date":"2019-11-29T16:38:42","date_gmt":"2019-11-29T21:38:42","guid":{"rendered":"https:\/\/www.fiscalia.gov.co\/colombia\/?p=186928"},"modified":"2019-11-29T16:38:42","modified_gmt":"2019-11-29T21:38:42","slug":"juez-acogio-17-testimonios-que-la-fiscalia-presentara-como-prueba-en-juicio-contra-alcalde-electo-de-ibague","status":"publish","type":"post","link":"https:\/\/www.fiscalia.gov.co\/colombia\/seccionales\/juez-acogio-17-testimonios-que-la-fiscalia-presentara-como-prueba-en-juicio-contra-alcalde-electo-de-ibague\/","title":{"rendered":"Juez acogi\u00f3 17 testimonios que la Fiscal\u00eda presentar\u00e1 como prueba en juicio contra alcalde electo de Ibagu\u00e9"},"content":{"rendered":"<p>La\u00a0 continuaci\u00f3n de <strong>audiencia preparatoria<\/strong> de juicio en <strong>contra del alcalde<\/strong> electo de la capital tolimense <strong>Andr\u00e9s Fabi\u00e1n Hurtado Barrera<\/strong> se llev\u00f3 a cabo en las instalaciones del <strong>Palacio de Justicia de Ibagu\u00e9<\/strong> <strong>(Tolima)<\/strong>.<\/p>\n<p>El escenario fue el <strong>Juzgado 2\u00b0 Penal del Circuito<\/strong>, con funciones de conocimiento. All\u00ed se expusieron como <strong>delitos atribuidos al implicado<\/strong> como lo son: el peculado por uso en concurso heterog\u00e9neo con ocultamiento, alteraci\u00f3n o destrucci\u00f3n de elemento material probatorio.<\/p>\n<p>La acusaci\u00f3n fue hecha por la Fiscal\u00eda en <strong>julio de 2018<\/strong>, por <strong>hechos ocurridos en abril de 2014<\/strong> cuando aparentemente fue usada la pista del <strong>Aeropuerto Perales de Ibagu\u00e9 como pista para realizaci\u00f3n de piques ilegales<\/strong> con la participaci\u00f3n de m\u00e1s de 50 veh\u00edculos externos.<\/p>\n<p><strong>La decisi\u00f3n reciente<\/strong><\/p>\n<p>Entre los <strong>17 testimonios<\/strong> que el juez acept\u00f3 introducir se destacan los de guardas de seguridad que estuvieron de turno la noche de los hechos y el de <strong>Daniel Felipe Cadena Ortiz, primo del acusado<\/strong>, encargado de la vigilancia de las c\u00e1maras de seguridad esa noche.<\/p>\n<p>Tambi\u00e9n, funcionarios de diferentes \u00e1reas de la <strong>Aeron\u00e1utica Civil<\/strong>, entre ellas la directora nacional y el gerente regional; comandante y otros uniformados de la <strong>Estaci\u00f3n Aeroportuaria y peritos del CTI<\/strong>.<\/p>\n<p>Adem\u00e1s, pruebas documentales entre ellas el <strong>informe que da cuenta que ning\u00fan veh\u00edculo fue autorizado<\/strong> desde la direcci\u00f3n nacional esa noche para el ingreso a la terminal a\u00e9rea, y en donde consta adem\u00e1s que ese tipo de actividades est\u00e1n prohibidas.<\/p>\n<p>Igualmente los <strong>v\u00eddeos de las c\u00e1maras de seguridad<\/strong> que dan cuenta de la manipulaci\u00f3n al fijarlas en puntos muertos, y as\u00ed evitar que quedara en evidencia el hecho.<\/p>\n<p>Adicional a ello, un <strong>video que fue subido a la plataforma Youtube<\/strong> por un medio de comunicaci\u00f3n denominado como \u2018<strong>la prueba reina<\/strong>\u2019, del cual se determin\u00f3 su autenticidad, y en el que se muestra como un hombre explica las condiciones de las competencias, catalogadas como cuarto de milla. El interlocutor le agradece al gerente del <strong>Aeropuerto Perales, Andr\u00e9s Hurtado, el pr\u00e9stamo del lugar <\/strong>pues no tiene ning\u00fan lugar para practicar su deporte en la ciudad.<\/p>\n<p><strong>Los hechos<\/strong><\/p>\n<p>La noche del 3 de abril, seg\u00fan la Fiscal\u00eda, ingresaron a la terminal \u00e1rea 51 veh\u00edculos de los cuales s\u00f3lo se reportaron 10. Alrededor de 6 c\u00e1maras de seguridad fueron manipuladas desde las 10:00 de la noche al abrir en su totalidad el zoom haciendo imposible una visibilidad clara, y s\u00f3lo volvieron a reactivarse hasta casi las 3:00 de la madrugada del 4 de abril cuando la imagen volvi\u00f3 a ser n\u00edtida.<\/p>\n<p>La Fiscal\u00eda General\u00a0 de la Naci\u00f3n hace p\u00fablica esta informaci\u00f3n por razones de inter\u00e9s general.<\/p>\n<p>&nbsp;<\/p>\n<p><strong>PAAM\/MAGA<\/strong><\/p>\n\n<div class=\"twitter-share\"><a href=\"https:\/\/twitter.com\/intent\/tweet?via=fiscaliacol\" class=\"twitter-share-button\">Tweet<\/a><\/div>\n","protected":false},"excerpt":{"rendered":"<p>La\u00a0 continuaci\u00f3n de audiencia preparatoria de juicio en contra del alcalde electo de la capital tolimense Andr\u00e9s Fabi\u00e1n Hurtado Barrera se llev\u00f3 a cabo en las instalaciones del Palacio de [&hellip;]<\/p>\n","protected":false},"author":163,"featured_media":0,"comment_status":"closed","ping_status":"open","sticky":false,"template":"","format":"standard","meta":{"tdm_status":"","tdm_grid_status":"","footnotes":""},"categories":[24097,329,303],"tags":[],"class_list":["post-186928","post","type-post","status-publish","format-standard","category-corrupcion","category-seccional-ibague","category-seccionales"],"yoast_head":"<!-- This site is optimized with the Yoast SEO plugin v24.3 - https:\/\/yoast.com\/wordpress\/plugins\/seo\/ -->\n<title>Fiscal\u00eda General de la Naci\u00f3n<\/title>\n<meta name=\"description\" content=\"P\u00e1gina oficial de la Fiscal\u00eda General de la Naci\u00f3n \u2013 Colombia. Garantizamos el acceso efectivo a la justicia, la verdad y la reparaci\u00f3n de las v\u00edctimas de los delitos.\" \/>\n<meta name=\"robots\" content=\"noindex, follow\" \/>\n<meta property=\"og:locale\" content=\"es_ES\" \/>\n<meta property=\"og:type\" content=\"article\" \/>\n<meta property=\"og:title\" content=\"Fiscal\u00eda General de la Naci\u00f3n\" \/>\n<meta property=\"og:description\" content=\"P\u00e1gina oficial de la Fiscal\u00eda General de la Naci\u00f3n \u2013 Colombia. Garantizamos el acceso efectivo a la justicia, la verdad y la reparaci\u00f3n de las v\u00edctimas de los delitos.\" \/>\n<meta property=\"og:url\" content=\"https:\/\/www.fiscalia.gov.co\/colombia\/seccionales\/juez-acogio-17-testimonios-que-la-fiscalia-presentara-como-prueba-en-juicio-contra-alcalde-electo-de-ibague\/\" \/>\n<meta property=\"og:site_name\" content=\"Fiscal\u00eda General de la Naci\u00f3n\" \/>\n<meta property=\"article:publisher\" content=\"https:\/\/www.facebook.com\/FiscaliaCol\" \/>\n<meta property=\"article:published_time\" content=\"2019-11-29T21:38:42+00:00\" \/>\n<meta name=\"author\" content=\"Federico Bar\u00f3n\" \/>\n<meta name=\"twitter:card\" content=\"summary_large_image\" \/>\n<meta name=\"twitter:creator\" content=\"@FiscaliaCol\" \/>\n<meta name=\"twitter:site\" content=\"@FiscaliaCol\" \/>\n<meta name=\"twitter:label1\" content=\"Escrito por\" \/>\n\t<meta name=\"twitter:data1\" content=\"Federico Bar\u00f3n\" \/>\n\t<meta name=\"twitter:label2\" content=\"Tiempo de lectura\" \/>\n\t<meta name=\"twitter:data2\" content=\"2 minutos\" \/>\n<script type=\"application\/ld+json\" class=\"yoast-schema-graph\">{\"@context\":\"https:\/\/schema.org\",\"@graph\":[{\"@type\":\"Article\",\"@id\":\"https:\/\/www.fiscalia.gov.co\/colombia\/seccionales\/juez-acogio-17-testimonios-que-la-fiscalia-presentara-como-prueba-en-juicio-contra-alcalde-electo-de-ibague\/#article\",\"isPartOf\":{\"@id\":\"https:\/\/www.fiscalia.gov.co\/colombia\/seccionales\/juez-acogio-17-testimonios-que-la-fiscalia-presentara-como-prueba-en-juicio-contra-alcalde-electo-de-ibague\/\"},\"author\":{\"name\":\"Federico Bar\u00f3n\",\"@id\":\"https:\/\/www.fiscalia.gov.co\/colombia\/#\/schema\/person\/6c583a82254e9615e852ba9db84e67ee\"},\"headline\":\"Juez acogi\u00f3 17 testimonios que la Fiscal\u00eda presentar\u00e1 como prueba en juicio contra alcalde electo de Ibagu\u00e9\",\"datePublished\":\"2019-11-29T21:38:42+00:00\",\"dateModified\":\"2019-11-29T21:38:42+00:00\",\"mainEntityOfPage\":{\"@id\":\"https:\/\/www.fiscalia.gov.co\/colombia\/seccionales\/juez-acogio-17-testimonios-que-la-fiscalia-presentara-como-prueba-en-juicio-contra-alcalde-electo-de-ibague\/\"},\"wordCount\":481,\"publisher\":{\"@id\":\"https:\/\/www.fiscalia.gov.co\/colombia\/#organization\"},\"articleSection\":[\"Corrupci\u00f3n\",\"Seccional Ibagu\u00e9\",\"Seccionales\"],\"inLanguage\":\"es-CO\"},{\"@type\":\"WebPage\",\"@id\":\"https:\/\/www.fiscalia.gov.co\/colombia\/seccionales\/juez-acogio-17-testimonios-que-la-fiscalia-presentara-como-prueba-en-juicio-contra-alcalde-electo-de-ibague\/\",\"url\":\"https:\/\/www.fiscalia.gov.co\/colombia\/seccionales\/juez-acogio-17-testimonios-que-la-fiscalia-presentara-como-prueba-en-juicio-contra-alcalde-electo-de-ibague\/\",\"name\":\"Fiscal\u00eda General de la Naci\u00f3n\",\"isPartOf\":{\"@id\":\"https:\/\/www.fiscalia.gov.co\/colombia\/#website\"},\"datePublished\":\"2019-11-29T21:38:42+00:00\",\"dateModified\":\"2019-11-29T21:38:42+00:00\",\"description\":\"P\u00e1gina oficial de la Fiscal\u00eda General de la Naci\u00f3n \u2013 Colombia. Garantizamos el acceso efectivo a la justicia, la verdad y la reparaci\u00f3n de las v\u00edctimas de los delitos.\",\"breadcrumb\":{\"@id\":\"https:\/\/www.fiscalia.gov.co\/colombia\/seccionales\/juez-acogio-17-testimonios-que-la-fiscalia-presentara-como-prueba-en-juicio-contra-alcalde-electo-de-ibague\/#breadcrumb\"},\"inLanguage\":\"es-CO\",\"potentialAction\":[{\"@type\":\"ReadAction\",\"target\":[\"https:\/\/www.fiscalia.gov.co\/colombia\/seccionales\/juez-acogio-17-testimonios-que-la-fiscalia-presentara-como-prueba-en-juicio-contra-alcalde-electo-de-ibague\/\"]}]},{\"@type\":\"BreadcrumbList\",\"@id\":\"https:\/\/www.fiscalia.gov.co\/colombia\/seccionales\/juez-acogio-17-testimonios-que-la-fiscalia-presentara-como-prueba-en-juicio-contra-alcalde-electo-de-ibague\/#breadcrumb\",\"itemListElement\":[{\"@type\":\"ListItem\",\"position\":1,\"name\":\"Home\",\"item\":\"https:\/\/www.fiscalia.gov.co\/colombia\/\"},{\"@type\":\"ListItem\",\"position\":2,\"name\":\"Juez acogi\u00f3 17 testimonios que la Fiscal\u00eda presentar\u00e1 como prueba en juicio contra alcalde electo de Ibagu\u00e9\"}]},{\"@type\":\"WebSite\",\"@id\":\"https:\/\/www.fiscalia.gov.co\/colombia\/#website\",\"url\":\"https:\/\/www.fiscalia.gov.co\/colombia\/\",\"name\":\"Fiscal\u00eda General de la Naci\u00f3n\",\"description\":\"P\u00e1gina oficial de la Fiscal\u00eda General de la Naci\u00f3n \u2013 Colombia. Garantizamos el acceso efectivo a la justicia, la verdad y la reparaci\u00f3n de las v\u00edctimas de los delitos.\",\"publisher\":{\"@id\":\"https:\/\/www.fiscalia.gov.co\/colombia\/#organization\"},\"potentialAction\":[{\"@type\":\"SearchAction\",\"target\":{\"@type\":\"EntryPoint\",\"urlTemplate\":\"https:\/\/www.fiscalia.gov.co\/colombia\/?s={search_term_string}\"},\"query-input\":{\"@type\":\"PropertyValueSpecification\",\"valueRequired\":true,\"valueName\":\"search_term_string\"}}],\"inLanguage\":\"es-CO\"},{\"@type\":\"Organization\",\"@id\":\"https:\/\/www.fiscalia.gov.co\/colombia\/#organization\",\"name\":\"Fiscal\u00eda General de la Naci\u00f3n\",\"url\":\"https:\/\/www.fiscalia.gov.co\/colombia\/\",\"logo\":{\"@type\":\"ImageObject\",\"inLanguage\":\"es-CO\",\"@id\":\"https:\/\/www.fiscalia.gov.co\/colombia\/#\/schema\/logo\/image\/\",\"url\":\"https:\/\/www.fiscalia.gov.co\/colombia\/wp-content\/uploads\/LogoHorizontal_1.jpg\",\"contentUrl\":\"https:\/\/www.fiscalia.gov.co\/colombia\/wp-content\/uploads\/LogoHorizontal_1.jpg\",\"width\":300,\"height\":90,\"caption\":\"Fiscal\u00eda General de la Naci\u00f3n\"},\"image\":{\"@id\":\"https:\/\/www.fiscalia.gov.co\/colombia\/#\/schema\/logo\/image\/\"},\"sameAs\":[\"https:\/\/www.facebook.com\/FiscaliaCol\",\"https:\/\/x.com\/FiscaliaCol\",\"https:\/\/www.instagram.com\/fiscaliacol\",\"https:\/\/www.linkedin.com\/company\/fiscalia-general-de-la-naci-n\/\",\"https:\/\/youtube.com\/@fiscaliageneraldelanacion-4668?si=6nN79nyQICPU5iTh\"]},{\"@type\":\"Person\",\"@id\":\"https:\/\/www.fiscalia.gov.co\/colombia\/#\/schema\/person\/6c583a82254e9615e852ba9db84e67ee\",\"name\":\"Federico Bar\u00f3n\",\"image\":{\"@type\":\"ImageObject\",\"inLanguage\":\"es-CO\",\"@id\":\"https:\/\/www.fiscalia.gov.co\/colombia\/#\/schema\/person\/image\/\",\"url\":\"https:\/\/secure.gravatar.com\/avatar\/30ff8ce2c54287c7927de9067165726c?s=96&d=mm&r=g\",\"contentUrl\":\"https:\/\/secure.gravatar.com\/avatar\/30ff8ce2c54287c7927de9067165726c?s=96&d=mm&r=g\",\"caption\":\"Federico Bar\u00f3n\"},\"url\":\"https:\/\/www.fiscalia.gov.co\/colombia\/author\/fbaron\/\"}]}<\/script>\n<!-- \/ Yoast SEO plugin. -->","yoast_head_json":{"title":"Fiscal\u00eda General de la Naci\u00f3n","description":"P\u00e1gina oficial de la Fiscal\u00eda General de la Naci\u00f3n \u2013 Colombia. Garantizamos el acceso efectivo a la justicia, la verdad y la reparaci\u00f3n de las v\u00edctimas de los delitos.","robots":{"index":"noindex","follow":"follow"},"og_locale":"es_ES","og_type":"article","og_title":"Fiscal\u00eda General de la Naci\u00f3n","og_description":"P\u00e1gina oficial de la Fiscal\u00eda General de la Naci\u00f3n \u2013 Colombia. Garantizamos el acceso efectivo a la justicia, la verdad y la reparaci\u00f3n de las v\u00edctimas de los delitos.","og_url":"https:\/\/www.fiscalia.gov.co\/colombia\/seccionales\/juez-acogio-17-testimonios-que-la-fiscalia-presentara-como-prueba-en-juicio-contra-alcalde-electo-de-ibague\/","og_site_name":"Fiscal\u00eda General de la Naci\u00f3n","article_publisher":"https:\/\/www.facebook.com\/FiscaliaCol","article_published_time":"2019-11-29T21:38:42+00:00","author":"Federico Bar\u00f3n","twitter_card":"summary_large_image","twitter_creator":"@FiscaliaCol","twitter_site":"@FiscaliaCol","twitter_misc":{"Escrito por":"Federico Bar\u00f3n","Tiempo de lectura":"2 minutos"},"schema":{"@context":"https:\/\/schema.org","@graph":[{"@type":"Article","@id":"https:\/\/www.fiscalia.gov.co\/colombia\/seccionales\/juez-acogio-17-testimonios-que-la-fiscalia-presentara-como-prueba-en-juicio-contra-alcalde-electo-de-ibague\/#article","isPartOf":{"@id":"https:\/\/www.fiscalia.gov.co\/colombia\/seccionales\/juez-acogio-17-testimonios-que-la-fiscalia-presentara-como-prueba-en-juicio-contra-alcalde-electo-de-ibague\/"},"author":{"name":"Federico Bar\u00f3n","@id":"https:\/\/www.fiscalia.gov.co\/colombia\/#\/schema\/person\/6c583a82254e9615e852ba9db84e67ee"},"headline":"Juez acogi\u00f3 17 testimonios que la Fiscal\u00eda presentar\u00e1 como prueba en juicio contra alcalde electo de Ibagu\u00e9","datePublished":"2019-11-29T21:38:42+00:00","dateModified":"2019-11-29T21:38:42+00:00","mainEntityOfPage":{"@id":"https:\/\/www.fiscalia.gov.co\/colombia\/seccionales\/juez-acogio-17-testimonios-que-la-fiscalia-presentara-como-prueba-en-juicio-contra-alcalde-electo-de-ibague\/"},"wordCount":481,"publisher":{"@id":"https:\/\/www.fiscalia.gov.co\/colombia\/#organization"},"articleSection":["Corrupci\u00f3n","Seccional Ibagu\u00e9","Seccionales"],"inLanguage":"es-CO"},{"@type":"WebPage","@id":"https:\/\/www.fiscalia.gov.co\/colombia\/seccionales\/juez-acogio-17-testimonios-que-la-fiscalia-presentara-como-prueba-en-juicio-contra-alcalde-electo-de-ibague\/","url":"https:\/\/www.fiscalia.gov.co\/colombia\/seccionales\/juez-acogio-17-testimonios-que-la-fiscalia-presentara-como-prueba-en-juicio-contra-alcalde-electo-de-ibague\/","name":"Fiscal\u00eda General de la Naci\u00f3n","isPartOf":{"@id":"https:\/\/www.fiscalia.gov.co\/colombia\/#website"},"datePublished":"2019-11-29T21:38:42+00:00","dateModified":"2019-11-29T21:38:42+00:00","description":"P\u00e1gina oficial de la Fiscal\u00eda General de la Naci\u00f3n \u2013 Colombia. Garantizamos el acceso efectivo a la justicia, la verdad y la reparaci\u00f3n de las v\u00edctimas de los delitos.","breadcrumb":{"@id":"https:\/\/www.fiscalia.gov.co\/colombia\/seccionales\/juez-acogio-17-testimonios-que-la-fiscalia-presentara-como-prueba-en-juicio-contra-alcalde-electo-de-ibague\/#breadcrumb"},"inLanguage":"es-CO","potentialAction":[{"@type":"ReadAction","target":["https:\/\/www.fiscalia.gov.co\/colombia\/seccionales\/juez-acogio-17-testimonios-que-la-fiscalia-presentara-como-prueba-en-juicio-contra-alcalde-electo-de-ibague\/"]}]},{"@type":"BreadcrumbList","@id":"https:\/\/www.fiscalia.gov.co\/colombia\/seccionales\/juez-acogio-17-testimonios-que-la-fiscalia-presentara-como-prueba-en-juicio-contra-alcalde-electo-de-ibague\/#breadcrumb","itemListElement":[{"@type":"ListItem","position":1,"name":"Home","item":"https:\/\/www.fiscalia.gov.co\/colombia\/"},{"@type":"ListItem","position":2,"name":"Juez acogi\u00f3 17 testimonios que la Fiscal\u00eda presentar\u00e1 como prueba en juicio contra alcalde electo de Ibagu\u00e9"}]},{"@type":"WebSite","@id":"https:\/\/www.fiscalia.gov.co\/colombia\/#website","url":"https:\/\/www.fiscalia.gov.co\/colombia\/","name":"Fiscal\u00eda General de la Naci\u00f3n","description":"P\u00e1gina oficial de la Fiscal\u00eda General de la Naci\u00f3n \u2013 Colombia. Garantizamos el acceso efectivo a la justicia, la verdad y la reparaci\u00f3n de las v\u00edctimas de los delitos.","publisher":{"@id":"https:\/\/www.fiscalia.gov.co\/colombia\/#organization"},"potentialAction":[{"@type":"SearchAction","target":{"@type":"EntryPoint","urlTemplate":"https:\/\/www.fiscalia.gov.co\/colombia\/?s={search_term_string}"},"query-input":{"@type":"PropertyValueSpecification","valueRequired":true,"valueName":"search_term_string"}}],"inLanguage":"es-CO"},{"@type":"Organization","@id":"https:\/\/www.fiscalia.gov.co\/colombia\/#organization","name":"Fiscal\u00eda General de la Naci\u00f3n","url":"https:\/\/www.fiscalia.gov.co\/colombia\/","logo":{"@type":"ImageObject","inLanguage":"es-CO","@id":"https:\/\/www.fiscalia.gov.co\/colombia\/#\/schema\/logo\/image\/","url":"https:\/\/www.fiscalia.gov.co\/colombia\/wp-content\/uploads\/LogoHorizontal_1.jpg","contentUrl":"https:\/\/www.fiscalia.gov.co\/colombia\/wp-content\/uploads\/LogoHorizontal_1.jpg","width":300,"height":90,"caption":"Fiscal\u00eda General de la Naci\u00f3n"},"image":{"@id":"https:\/\/www.fiscalia.gov.co\/colombia\/#\/schema\/logo\/image\/"},"sameAs":["https:\/\/www.facebook.com\/FiscaliaCol","https:\/\/x.com\/FiscaliaCol","https:\/\/www.instagram.com\/fiscaliacol","https:\/\/www.linkedin.com\/company\/fiscalia-general-de-la-naci-n\/","https:\/\/youtube.com\/@fiscaliageneraldelanacion-4668?si=6nN79nyQICPU5iTh"]},{"@type":"Person","@id":"https:\/\/www.fiscalia.gov.co\/colombia\/#\/schema\/person\/6c583a82254e9615e852ba9db84e67ee","name":"Federico Bar\u00f3n","image":{"@type":"ImageObject","inLanguage":"es-CO","@id":"https:\/\/www.fiscalia.gov.co\/colombia\/#\/schema\/person\/image\/","url":"https:\/\/secure.gravatar.com\/avatar\/30ff8ce2c54287c7927de9067165726c?s=96&d=mm&r=g","contentUrl":"https:\/\/secure.gravatar.com\/avatar\/30ff8ce2c54287c7927de9067165726c?s=96&d=mm&r=g","caption":"Federico Bar\u00f3n"},"url":"https:\/\/www.fiscalia.gov.co\/colombia\/author\/fbaron\/"}]}},"_links":{"self":[{"href":"https:\/\/www.fiscalia.gov.co\/colombia\/wp-json\/wp\/v2\/posts\/186928","targetHints":{"allow":["GET"]}}],"collection":[{"href":"https:\/\/www.fiscalia.gov.co\/colombia\/wp-json\/wp\/v2\/posts"}],"about":[{"href":"https:\/\/www.fiscalia.gov.co\/colombia\/wp-json\/wp\/v2\/types\/post"}],"author":[{"embeddable":true,"href":"https:\/\/www.fiscalia.gov.co\/colombia\/wp-json\/wp\/v2\/users\/163"}],"replies":[{"embeddable":true,"href":"https:\/\/www.fiscalia.gov.co\/colombia\/wp-json\/wp\/v2\/comments?post=186928"}],"version-history":[{"count":1,"href":"https:\/\/www.fiscalia.gov.co\/colombia\/wp-json\/wp\/v2\/posts\/186928\/revisions"}],"predecessor-version":[{"id":186932,"href":"https:\/\/www.fiscalia.gov.co\/colombia\/wp-json\/wp\/v2\/posts\/186928\/revisions\/186932"}],"wp:attachment":[{"href":"https:\/\/www.fiscalia.gov.co\/colombia\/wp-json\/wp\/v2\/media?parent=186928"}],"wp:term":[{"taxonomy":"category","embeddable":true,"href":"https:\/\/www.fiscalia.gov.co\/colombia\/wp-json\/wp\/v2\/categories?post=186928"},{"taxonomy":"post_tag","embeddable":true,"href":"https:\/\/www.fiscalia.gov.co\/colombia\/wp-json\/wp\/v2\/tags?post=186928"}],"curies":[{"name":"wp","href":"https:\/\/api.w.org\/{rel}","templated":true}]}}