{"id":186926,"date":"2019-11-29T15:29:02","date_gmt":"2019-11-29T20:29:02","guid":{"rendered":"https:\/\/www.fiscalia.gov.co\/colombia\/?p=186926"},"modified":"2019-11-29T15:29:02","modified_gmt":"2019-11-29T20:29:02","slug":"desmantelada-estructura-delictiva-dedicada-al-trafico-de-drogas-sinteticas-a-nivel-trasnacional","status":"publish","type":"post","link":"https:\/\/www.fiscalia.gov.co\/colombia\/seccionales\/desmantelada-estructura-delictiva-dedicada-al-trafico-de-drogas-sinteticas-a-nivel-trasnacional\/","title":{"rendered":"Desmantelada estructura delictiva dedicada al tr\u00e1fico de drogas sint\u00e9ticas a nivel trasnacional"},"content":{"rendered":"<p>Ante un juez de control de garant\u00edas, la <strong>Fiscal\u00eda General de la Naci\u00f3n<\/strong> present\u00f3 a <strong>13 presuntos integrantes<\/strong> de la estructura delictiva denominada \u2018<strong>Los Sicod\u00e9licos<\/strong>\u2019, supuestamente liderada por una mujer. Seg\u00fan se ha podido establecer esta red criminal se dedicada a la <strong>producci\u00f3n, comercializaci\u00f3n y expendio de drogas sint\u00e9ticas<\/strong> a nivel trasnacional. Otras dos personas fueron capturadas en flagrancia con sustancias estupefacientes.<\/p>\n<p>De acuerdo con la investigaci\u00f3n, coordinada por un fiscal adscrito al Grupo de <strong>Casos Priorizados<\/strong> de la Seccional Cali, la estructura delictiva en menci\u00f3n ejerc\u00eda su accionar delictivo en <strong>diferentes comunas de Cali<\/strong> (Valle del Cauca) mediante la modalidad de domicilio.<\/p>\n<p>Investigadores de la <strong>Sijin de la Polic\u00eda Nacional<\/strong> pudieron establecer que tambi\u00e9n <strong>distribu\u00edan los estupefacientes<\/strong> a nivel nacional, mediante el <strong>env\u00edo de encomiendas<\/strong>; as\u00ed como tambi\u00e9n en las <strong>diferentes discotecas<\/strong>, <strong>eventos y fiestas privadas<\/strong> organizadas por estas personas.<\/p>\n<p>Se determin\u00f3 adem\u00e1s que \u2018<strong>Los Sicod\u00e9licos<\/strong>\u2019 tambi\u00e9n <strong>expandieron su accionar a Ecuador y Chile<\/strong>.<\/p>\n<p><strong>Drogas y f\u00e1rmacos:<\/strong><\/p>\n<p>Durante las labores investigativas se determin\u00f3 que el tipo de <strong>drogas sint\u00e9ticas comercializadas<\/strong> por dicha organizaci\u00f3n delictiva son:<\/p>\n<ul>\n<li>Tucibi (2CB)<\/li>\n<li>\u00c9xtasis<\/li>\n<li>Cristales de Anfetamina<\/li>\n<li>\u00c1cidos (LSD)<\/li>\n<li>Popper<\/li>\n<li>Nexus y<\/li>\n<li>Peyote<\/li>\n<li>Marihuana y<\/li>\n<li>Coca\u00edna<\/li>\n<\/ul>\n<p>Pero los alcances de la red criminal lleg\u00f3 adem\u00e1s a comercializar f\u00e1rmacos de control especial como:<\/p>\n<ul>\n<li>Ketamina<\/li>\n<li>Fentanilo<\/li>\n<li>Oxicod\u00f3n<\/li>\n<li>Metadona<\/li>\n<li>Clonazepam<\/li>\n<\/ul>\n<p><strong><u>Otros delitos:<\/u><\/strong><\/p>\n<p>La Fiscal\u00eda pudo establecer <strong>otras acciones delictivas <\/strong>cometidas por los presuntos integrantes de \u2018<strong>Los Sicod\u00e9licos<\/strong>\u2019. Durante el an\u00e1lisis de <strong>siete eventos il\u00edcitos<\/strong>, como el <strong>secuestro extorsivo<\/strong> y <strong>tortura<\/strong> del que habr\u00eda sido v\u00edctima un hombre, al que bajaron de su motocicleta lo obligaron a subir a otro veh\u00edculo y fue torturado y amenazado. De la misma manera, le exigieron dos millones de pesos para devolverle la motocicleta.<\/p>\n<p>Los 13 capturados con orden judicial y las otras dos personas capturadas en flagrancia quedaron a disposici\u00f3n de la Fiscal\u00eda quien los present\u00f3 ante un juez de control de garant\u00edas para llevar a cabo las audiencias preliminares, las cuales se encuentran en desarrollo.<\/p>\n<p>La Fiscal\u00eda les formular\u00e1 cargos por los <strong>delitos<\/strong> de concierto para delinquir; fabricaci\u00f3n, tr\u00e1fico o porte de estupefacientes, extorsi\u00f3n, secuestro, tortura, amenazas y cohecho por dar y ofrecer.<\/p>\n<p>La Fiscal\u00eda General de la Naci\u00f3n hace p\u00fablica esta informaci\u00f3n por razones de inter\u00e9s general.<\/p>\n<p>MAP\/MAGA<\/p>\n\n<div class=\"twitter-share\"><a href=\"https:\/\/twitter.com\/intent\/tweet?via=fiscaliacol\" class=\"twitter-share-button\">Tweet<\/a><\/div>\n","protected":false},"excerpt":{"rendered":"<p>Ante un juez de control de garant\u00edas, la Fiscal\u00eda General de la Naci\u00f3n present\u00f3 a 13 presuntos integrantes de la estructura delictiva denominada \u2018Los Sicod\u00e9licos\u2019, supuestamente liderada por una mujer. [&hellip;]<\/p>\n","protected":false},"author":163,"featured_media":0,"comment_status":"closed","ping_status":"open","sticky":false,"template":"","format":"standard","meta":{"tdm_status":"","tdm_grid_status":"","footnotes":""},"categories":[324,303,24103],"tags":[],"class_list":["post-186926","post","type-post","status-publish","format-standard","category-seccional-cali","category-seccionales","category-trafico-de-estupefacientes"],"yoast_head":"<!-- This site is optimized with the Yoast SEO plugin v24.3 - https:\/\/yoast.com\/wordpress\/plugins\/seo\/ -->\n<title>Fiscal\u00eda General de la Naci\u00f3n<\/title>\n<meta name=\"description\" content=\"P\u00e1gina oficial de la Fiscal\u00eda General de la Naci\u00f3n \u2013 Colombia. Garantizamos el acceso efectivo a la justicia, la verdad y la reparaci\u00f3n de las v\u00edctimas de los delitos.\" \/>\n<meta name=\"robots\" content=\"noindex, follow\" \/>\n<meta property=\"og:locale\" content=\"es_ES\" \/>\n<meta property=\"og:type\" content=\"article\" \/>\n<meta property=\"og:title\" content=\"Fiscal\u00eda General de la Naci\u00f3n\" \/>\n<meta property=\"og:description\" content=\"P\u00e1gina oficial de la Fiscal\u00eda General de la Naci\u00f3n \u2013 Colombia. Garantizamos el acceso efectivo a la justicia, la verdad y la reparaci\u00f3n de las v\u00edctimas de los delitos.\" \/>\n<meta property=\"og:url\" content=\"https:\/\/www.fiscalia.gov.co\/colombia\/seccionales\/desmantelada-estructura-delictiva-dedicada-al-trafico-de-drogas-sinteticas-a-nivel-trasnacional\/\" \/>\n<meta property=\"og:site_name\" content=\"Fiscal\u00eda General de la Naci\u00f3n\" \/>\n<meta property=\"article:publisher\" content=\"https:\/\/www.facebook.com\/FiscaliaCol\" \/>\n<meta property=\"article:published_time\" content=\"2019-11-29T20:29:02+00:00\" \/>\n<meta name=\"author\" content=\"Federico Bar\u00f3n\" \/>\n<meta name=\"twitter:card\" content=\"summary_large_image\" \/>\n<meta name=\"twitter:creator\" content=\"@FiscaliaCol\" \/>\n<meta name=\"twitter:site\" content=\"@FiscaliaCol\" \/>\n<meta name=\"twitter:label1\" content=\"Escrito por\" \/>\n\t<meta name=\"twitter:data1\" content=\"Federico Bar\u00f3n\" \/>\n\t<meta name=\"twitter:label2\" content=\"Tiempo de lectura\" \/>\n\t<meta name=\"twitter:data2\" content=\"2 minutos\" \/>\n<script type=\"application\/ld+json\" class=\"yoast-schema-graph\">{\"@context\":\"https:\/\/schema.org\",\"@graph\":[{\"@type\":\"Article\",\"@id\":\"https:\/\/www.fiscalia.gov.co\/colombia\/seccionales\/desmantelada-estructura-delictiva-dedicada-al-trafico-de-drogas-sinteticas-a-nivel-trasnacional\/#article\",\"isPartOf\":{\"@id\":\"https:\/\/www.fiscalia.gov.co\/colombia\/seccionales\/desmantelada-estructura-delictiva-dedicada-al-trafico-de-drogas-sinteticas-a-nivel-trasnacional\/\"},\"author\":{\"name\":\"Federico Bar\u00f3n\",\"@id\":\"https:\/\/www.fiscalia.gov.co\/colombia\/#\/schema\/person\/6c583a82254e9615e852ba9db84e67ee\"},\"headline\":\"Desmantelada estructura delictiva dedicada al tr\u00e1fico de drogas sint\u00e9ticas a nivel trasnacional\",\"datePublished\":\"2019-11-29T20:29:02+00:00\",\"dateModified\":\"2019-11-29T20:29:02+00:00\",\"mainEntityOfPage\":{\"@id\":\"https:\/\/www.fiscalia.gov.co\/colombia\/seccionales\/desmantelada-estructura-delictiva-dedicada-al-trafico-de-drogas-sinteticas-a-nivel-trasnacional\/\"},\"wordCount\":426,\"publisher\":{\"@id\":\"https:\/\/www.fiscalia.gov.co\/colombia\/#organization\"},\"articleSection\":[\"Seccional Cali\",\"Seccionales\",\"Tr\u00e1fico de estupefacientes\"],\"inLanguage\":\"es-CO\"},{\"@type\":\"WebPage\",\"@id\":\"https:\/\/www.fiscalia.gov.co\/colombia\/seccionales\/desmantelada-estructura-delictiva-dedicada-al-trafico-de-drogas-sinteticas-a-nivel-trasnacional\/\",\"url\":\"https:\/\/www.fiscalia.gov.co\/colombia\/seccionales\/desmantelada-estructura-delictiva-dedicada-al-trafico-de-drogas-sinteticas-a-nivel-trasnacional\/\",\"name\":\"Fiscal\u00eda General de la Naci\u00f3n\",\"isPartOf\":{\"@id\":\"https:\/\/www.fiscalia.gov.co\/colombia\/#website\"},\"datePublished\":\"2019-11-29T20:29:02+00:00\",\"dateModified\":\"2019-11-29T20:29:02+00:00\",\"description\":\"P\u00e1gina oficial de la Fiscal\u00eda General de la Naci\u00f3n \u2013 Colombia. Garantizamos el acceso efectivo a la justicia, la verdad y la reparaci\u00f3n de las v\u00edctimas de los delitos.\",\"breadcrumb\":{\"@id\":\"https:\/\/www.fiscalia.gov.co\/colombia\/seccionales\/desmantelada-estructura-delictiva-dedicada-al-trafico-de-drogas-sinteticas-a-nivel-trasnacional\/#breadcrumb\"},\"inLanguage\":\"es-CO\",\"potentialAction\":[{\"@type\":\"ReadAction\",\"target\":[\"https:\/\/www.fiscalia.gov.co\/colombia\/seccionales\/desmantelada-estructura-delictiva-dedicada-al-trafico-de-drogas-sinteticas-a-nivel-trasnacional\/\"]}]},{\"@type\":\"BreadcrumbList\",\"@id\":\"https:\/\/www.fiscalia.gov.co\/colombia\/seccionales\/desmantelada-estructura-delictiva-dedicada-al-trafico-de-drogas-sinteticas-a-nivel-trasnacional\/#breadcrumb\",\"itemListElement\":[{\"@type\":\"ListItem\",\"position\":1,\"name\":\"Home\",\"item\":\"https:\/\/www.fiscalia.gov.co\/colombia\/\"},{\"@type\":\"ListItem\",\"position\":2,\"name\":\"Desmantelada estructura delictiva dedicada al tr\u00e1fico de drogas sint\u00e9ticas a nivel trasnacional\"}]},{\"@type\":\"WebSite\",\"@id\":\"https:\/\/www.fiscalia.gov.co\/colombia\/#website\",\"url\":\"https:\/\/www.fiscalia.gov.co\/colombia\/\",\"name\":\"Fiscal\u00eda General de la Naci\u00f3n\",\"description\":\"P\u00e1gina oficial de la Fiscal\u00eda General de la Naci\u00f3n \u2013 Colombia. Garantizamos el acceso efectivo a la justicia, la verdad y la reparaci\u00f3n de las v\u00edctimas de los delitos.\",\"publisher\":{\"@id\":\"https:\/\/www.fiscalia.gov.co\/colombia\/#organization\"},\"potentialAction\":[{\"@type\":\"SearchAction\",\"target\":{\"@type\":\"EntryPoint\",\"urlTemplate\":\"https:\/\/www.fiscalia.gov.co\/colombia\/?s={search_term_string}\"},\"query-input\":{\"@type\":\"PropertyValueSpecification\",\"valueRequired\":true,\"valueName\":\"search_term_string\"}}],\"inLanguage\":\"es-CO\"},{\"@type\":\"Organization\",\"@id\":\"https:\/\/www.fiscalia.gov.co\/colombia\/#organization\",\"name\":\"Fiscal\u00eda General de la Naci\u00f3n\",\"url\":\"https:\/\/www.fiscalia.gov.co\/colombia\/\",\"logo\":{\"@type\":\"ImageObject\",\"inLanguage\":\"es-CO\",\"@id\":\"https:\/\/www.fiscalia.gov.co\/colombia\/#\/schema\/logo\/image\/\",\"url\":\"https:\/\/www.fiscalia.gov.co\/colombia\/wp-content\/uploads\/LogoHorizontal_1.jpg\",\"contentUrl\":\"https:\/\/www.fiscalia.gov.co\/colombia\/wp-content\/uploads\/LogoHorizontal_1.jpg\",\"width\":300,\"height\":90,\"caption\":\"Fiscal\u00eda General de la Naci\u00f3n\"},\"image\":{\"@id\":\"https:\/\/www.fiscalia.gov.co\/colombia\/#\/schema\/logo\/image\/\"},\"sameAs\":[\"https:\/\/www.facebook.com\/FiscaliaCol\",\"https:\/\/x.com\/FiscaliaCol\",\"https:\/\/www.instagram.com\/fiscaliacol\",\"https:\/\/www.linkedin.com\/company\/fiscalia-general-de-la-naci-n\/\",\"https:\/\/youtube.com\/@fiscaliageneraldelanacion-4668?si=6nN79nyQICPU5iTh\"]},{\"@type\":\"Person\",\"@id\":\"https:\/\/www.fiscalia.gov.co\/colombia\/#\/schema\/person\/6c583a82254e9615e852ba9db84e67ee\",\"name\":\"Federico Bar\u00f3n\",\"image\":{\"@type\":\"ImageObject\",\"inLanguage\":\"es-CO\",\"@id\":\"https:\/\/www.fiscalia.gov.co\/colombia\/#\/schema\/person\/image\/\",\"url\":\"https:\/\/secure.gravatar.com\/avatar\/30ff8ce2c54287c7927de9067165726c?s=96&d=mm&r=g\",\"contentUrl\":\"https:\/\/secure.gravatar.com\/avatar\/30ff8ce2c54287c7927de9067165726c?s=96&d=mm&r=g\",\"caption\":\"Federico Bar\u00f3n\"},\"url\":\"https:\/\/www.fiscalia.gov.co\/colombia\/author\/fbaron\/\"}]}<\/script>\n<!-- \/ Yoast SEO plugin. -->","yoast_head_json":{"title":"Fiscal\u00eda General de la Naci\u00f3n","description":"P\u00e1gina oficial de la Fiscal\u00eda General de la Naci\u00f3n \u2013 Colombia. Garantizamos el acceso efectivo a la justicia, la verdad y la reparaci\u00f3n de las v\u00edctimas de los delitos.","robots":{"index":"noindex","follow":"follow"},"og_locale":"es_ES","og_type":"article","og_title":"Fiscal\u00eda General de la Naci\u00f3n","og_description":"P\u00e1gina oficial de la Fiscal\u00eda General de la Naci\u00f3n \u2013 Colombia. Garantizamos el acceso efectivo a la justicia, la verdad y la reparaci\u00f3n de las v\u00edctimas de los delitos.","og_url":"https:\/\/www.fiscalia.gov.co\/colombia\/seccionales\/desmantelada-estructura-delictiva-dedicada-al-trafico-de-drogas-sinteticas-a-nivel-trasnacional\/","og_site_name":"Fiscal\u00eda General de la Naci\u00f3n","article_publisher":"https:\/\/www.facebook.com\/FiscaliaCol","article_published_time":"2019-11-29T20:29:02+00:00","author":"Federico Bar\u00f3n","twitter_card":"summary_large_image","twitter_creator":"@FiscaliaCol","twitter_site":"@FiscaliaCol","twitter_misc":{"Escrito por":"Federico Bar\u00f3n","Tiempo de lectura":"2 minutos"},"schema":{"@context":"https:\/\/schema.org","@graph":[{"@type":"Article","@id":"https:\/\/www.fiscalia.gov.co\/colombia\/seccionales\/desmantelada-estructura-delictiva-dedicada-al-trafico-de-drogas-sinteticas-a-nivel-trasnacional\/#article","isPartOf":{"@id":"https:\/\/www.fiscalia.gov.co\/colombia\/seccionales\/desmantelada-estructura-delictiva-dedicada-al-trafico-de-drogas-sinteticas-a-nivel-trasnacional\/"},"author":{"name":"Federico Bar\u00f3n","@id":"https:\/\/www.fiscalia.gov.co\/colombia\/#\/schema\/person\/6c583a82254e9615e852ba9db84e67ee"},"headline":"Desmantelada estructura delictiva dedicada al tr\u00e1fico de drogas sint\u00e9ticas a nivel trasnacional","datePublished":"2019-11-29T20:29:02+00:00","dateModified":"2019-11-29T20:29:02+00:00","mainEntityOfPage":{"@id":"https:\/\/www.fiscalia.gov.co\/colombia\/seccionales\/desmantelada-estructura-delictiva-dedicada-al-trafico-de-drogas-sinteticas-a-nivel-trasnacional\/"},"wordCount":426,"publisher":{"@id":"https:\/\/www.fiscalia.gov.co\/colombia\/#organization"},"articleSection":["Seccional Cali","Seccionales","Tr\u00e1fico de estupefacientes"],"inLanguage":"es-CO"},{"@type":"WebPage","@id":"https:\/\/www.fiscalia.gov.co\/colombia\/seccionales\/desmantelada-estructura-delictiva-dedicada-al-trafico-de-drogas-sinteticas-a-nivel-trasnacional\/","url":"https:\/\/www.fiscalia.gov.co\/colombia\/seccionales\/desmantelada-estructura-delictiva-dedicada-al-trafico-de-drogas-sinteticas-a-nivel-trasnacional\/","name":"Fiscal\u00eda General de la Naci\u00f3n","isPartOf":{"@id":"https:\/\/www.fiscalia.gov.co\/colombia\/#website"},"datePublished":"2019-11-29T20:29:02+00:00","dateModified":"2019-11-29T20:29:02+00:00","description":"P\u00e1gina oficial de la Fiscal\u00eda General de la Naci\u00f3n \u2013 Colombia. Garantizamos el acceso efectivo a la justicia, la verdad y la reparaci\u00f3n de las v\u00edctimas de los delitos.","breadcrumb":{"@id":"https:\/\/www.fiscalia.gov.co\/colombia\/seccionales\/desmantelada-estructura-delictiva-dedicada-al-trafico-de-drogas-sinteticas-a-nivel-trasnacional\/#breadcrumb"},"inLanguage":"es-CO","potentialAction":[{"@type":"ReadAction","target":["https:\/\/www.fiscalia.gov.co\/colombia\/seccionales\/desmantelada-estructura-delictiva-dedicada-al-trafico-de-drogas-sinteticas-a-nivel-trasnacional\/"]}]},{"@type":"BreadcrumbList","@id":"https:\/\/www.fiscalia.gov.co\/colombia\/seccionales\/desmantelada-estructura-delictiva-dedicada-al-trafico-de-drogas-sinteticas-a-nivel-trasnacional\/#breadcrumb","itemListElement":[{"@type":"ListItem","position":1,"name":"Home","item":"https:\/\/www.fiscalia.gov.co\/colombia\/"},{"@type":"ListItem","position":2,"name":"Desmantelada estructura delictiva dedicada al tr\u00e1fico de drogas sint\u00e9ticas a nivel trasnacional"}]},{"@type":"WebSite","@id":"https:\/\/www.fiscalia.gov.co\/colombia\/#website","url":"https:\/\/www.fiscalia.gov.co\/colombia\/","name":"Fiscal\u00eda General de la Naci\u00f3n","description":"P\u00e1gina oficial de la Fiscal\u00eda General de la Naci\u00f3n \u2013 Colombia. Garantizamos el acceso efectivo a la justicia, la verdad y la reparaci\u00f3n de las v\u00edctimas de los delitos.","publisher":{"@id":"https:\/\/www.fiscalia.gov.co\/colombia\/#organization"},"potentialAction":[{"@type":"SearchAction","target":{"@type":"EntryPoint","urlTemplate":"https:\/\/www.fiscalia.gov.co\/colombia\/?s={search_term_string}"},"query-input":{"@type":"PropertyValueSpecification","valueRequired":true,"valueName":"search_term_string"}}],"inLanguage":"es-CO"},{"@type":"Organization","@id":"https:\/\/www.fiscalia.gov.co\/colombia\/#organization","name":"Fiscal\u00eda General de la Naci\u00f3n","url":"https:\/\/www.fiscalia.gov.co\/colombia\/","logo":{"@type":"ImageObject","inLanguage":"es-CO","@id":"https:\/\/www.fiscalia.gov.co\/colombia\/#\/schema\/logo\/image\/","url":"https:\/\/www.fiscalia.gov.co\/colombia\/wp-content\/uploads\/LogoHorizontal_1.jpg","contentUrl":"https:\/\/www.fiscalia.gov.co\/colombia\/wp-content\/uploads\/LogoHorizontal_1.jpg","width":300,"height":90,"caption":"Fiscal\u00eda General de la Naci\u00f3n"},"image":{"@id":"https:\/\/www.fiscalia.gov.co\/colombia\/#\/schema\/logo\/image\/"},"sameAs":["https:\/\/www.facebook.com\/FiscaliaCol","https:\/\/x.com\/FiscaliaCol","https:\/\/www.instagram.com\/fiscaliacol","https:\/\/www.linkedin.com\/company\/fiscalia-general-de-la-naci-n\/","https:\/\/youtube.com\/@fiscaliageneraldelanacion-4668?si=6nN79nyQICPU5iTh"]},{"@type":"Person","@id":"https:\/\/www.fiscalia.gov.co\/colombia\/#\/schema\/person\/6c583a82254e9615e852ba9db84e67ee","name":"Federico Bar\u00f3n","image":{"@type":"ImageObject","inLanguage":"es-CO","@id":"https:\/\/www.fiscalia.gov.co\/colombia\/#\/schema\/person\/image\/","url":"https:\/\/secure.gravatar.com\/avatar\/30ff8ce2c54287c7927de9067165726c?s=96&d=mm&r=g","contentUrl":"https:\/\/secure.gravatar.com\/avatar\/30ff8ce2c54287c7927de9067165726c?s=96&d=mm&r=g","caption":"Federico Bar\u00f3n"},"url":"https:\/\/www.fiscalia.gov.co\/colombia\/author\/fbaron\/"}]}},"_links":{"self":[{"href":"https:\/\/www.fiscalia.gov.co\/colombia\/wp-json\/wp\/v2\/posts\/186926","targetHints":{"allow":["GET"]}}],"collection":[{"href":"https:\/\/www.fiscalia.gov.co\/colombia\/wp-json\/wp\/v2\/posts"}],"about":[{"href":"https:\/\/www.fiscalia.gov.co\/colombia\/wp-json\/wp\/v2\/types\/post"}],"author":[{"embeddable":true,"href":"https:\/\/www.fiscalia.gov.co\/colombia\/wp-json\/wp\/v2\/users\/163"}],"replies":[{"embeddable":true,"href":"https:\/\/www.fiscalia.gov.co\/colombia\/wp-json\/wp\/v2\/comments?post=186926"}],"version-history":[{"count":1,"href":"https:\/\/www.fiscalia.gov.co\/colombia\/wp-json\/wp\/v2\/posts\/186926\/revisions"}],"predecessor-version":[{"id":186927,"href":"https:\/\/www.fiscalia.gov.co\/colombia\/wp-json\/wp\/v2\/posts\/186926\/revisions\/186927"}],"wp:attachment":[{"href":"https:\/\/www.fiscalia.gov.co\/colombia\/wp-json\/wp\/v2\/media?parent=186926"}],"wp:term":[{"taxonomy":"category","embeddable":true,"href":"https:\/\/www.fiscalia.gov.co\/colombia\/wp-json\/wp\/v2\/categories?post=186926"},{"taxonomy":"post_tag","embeddable":true,"href":"https:\/\/www.fiscalia.gov.co\/colombia\/wp-json\/wp\/v2\/tags?post=186926"}],"curies":[{"name":"wp","href":"https:\/\/api.w.org\/{rel}","templated":true}]}}