{"id":186810,"date":"2019-11-27T12:28:03","date_gmt":"2019-11-27T17:28:03","guid":{"rendered":"https:\/\/www.fiscalia.gov.co\/colombia\/?p=186810"},"modified":"2019-11-27T12:44:17","modified_gmt":"2019-11-27T17:44:17","slug":"a-la-carcel-medico-general-por-presunto-acceso-carnal-de-tres-pacientes-en-en-ibague-tolima","status":"publish","type":"post","link":"https:\/\/www.fiscalia.gov.co\/colombia\/seccionales\/a-la-carcel-medico-general-por-presunto-acceso-carnal-de-tres-pacientes-en-en-ibague-tolima\/","title":{"rendered":"A la c\u00e1rcel m\u00e9dico general por presunto acceso carnal de tres pacientes en Ibagu\u00e9 (Tolima)"},"content":{"rendered":"<blockquote class=\"td_quote_box td_box_center\">\n<h4><strong>Los hechos se presentaron en los consultorios de cl\u00ednicas y dispensarios donde trabaj\u00f3 el galeno, de quien la Fiscal\u00eda presume existen m\u00e1s v\u00edctimas.<\/strong><\/h4>\n<\/blockquote>\n<p>Mediante enga\u00f1os y aprovechando presuntamente el estado de vulnerabilidad y quebrantos de salud que padec\u00edan tres mujeres de 27, 44 y 18 a\u00f1os, Fabio Enrique Polo Mendoza, de 49 a\u00f1os, habr\u00eda abusado de ellas cuando fueron a consultas con \u00e9l, como su m\u00e9dico general, en la capital tolimense.<\/p>\n<p>El Juzgado 2\u00b0 Penal Municipal, con funciones de control de garant\u00edas de Ibagu\u00e9 (Tolima), imparti\u00f3 legalidad al procedimiento de captura realizado por funcionarios del CTI de la Fiscal\u00eda en la cl\u00ednica donde laboraba en la ciudad; se formul\u00f3 imputaci\u00f3n por los delitos de <strong>acceso carnal abusivo con incapaz de resistir<\/strong> y <strong>actos sexuales abusivos con incapaz de resistir<\/strong> en concurso homog\u00e9neo y sucesivo, los cuales no acept\u00f3. El m\u00e9dico fue afectado con <strong>medida de aseguramiento intramuros.<\/strong><\/p>\n<p>Polo Mendoza, natural de Ci\u00e9naga (Magdalena) pero quien desde hace m\u00e1s de 20 a\u00f1os ejerce la medicina en la capital tolimense, es investigado por un despacho adscrito al Centro de Atenci\u00f3n Integral a V\u00edctimas de Abuso Sexual (Caivas), porque seg\u00fan las denuncias instauradas en su contra, violent\u00f3 la integridad sexual, f\u00edsica e incluso psicol\u00f3gica de tres mujeres, quienes confiando en su profesionalismo resultaron abusadas cuando \u00e9l la valoraba.<\/p>\n<p><strong>Los hechos <\/strong><\/p>\n<p>La primera v\u00edctima fue una mujer que para la \u00e9poca de los hechos (noviembre del a\u00f1o 2011) ten\u00eda 27 a\u00f1os. La joven fue a consulta a su EPS porque ten\u00eda problemas con su ciclo menstrual. Reposa en el expediente que el hombre supuestamente empez\u00f3 a halagarla y hacerle comentarios inc\u00f3modos y luego trat\u00f3 de besarla, arrincon\u00e1ndola en el consultorio. Ella, seg\u00fan declar\u00f3, le ped\u00eda que la dejara ir hasta que logr\u00f3 zafarse y salir corriendo del consultorio.<\/p>\n<p>En el a\u00f1o 2012, al parecer, aprovech\u00f3 que su paciente, una mujer de 44 a\u00f1os ten\u00eda problemas con algunos f\u00e1rmacos y adem\u00e1s era una paciente psiqui\u00e1trica, que ese d\u00eda, lo consult\u00f3 por un simple dolor de cabeza. Sin embargo, el m\u00e9dico le hizo quitar la ropa interior, a lo que ella reaccion\u00f3 con asombro, y este insisti\u00f3 con tono de molestia que deb\u00eda hacerlo para poderla valorar. La se\u00f1ora lo hizo y en ese momento, supuestamente el hombre abus\u00f3 de ella y luego sigui\u00f3 la consulta como si nada. La v\u00edctima asegur\u00f3 que se bloque\u00f3 y que no pudo reaccionar para defenderse.<\/p>\n<p>Ella cont\u00f3 lo sucedido en su casa y al d\u00eda siguiente fue a la cl\u00ednica donde fue atendida \u2014diferente a la del primer caso\u2014 a quejarse, pero le pidieron que desistiera y as\u00ed lo hizo, hasta ahora que la Fiscal\u00eda logr\u00f3 ubicarla y escuchar su versi\u00f3n de los hechos.<\/p>\n<p>En este caso, el hombre denunci\u00f3 a la v\u00edctima por calumnia, asegurando que todo era falso, que la mujer era una farmacodependiente. Posterior a ello, desisti\u00f3 del proceso.<\/p>\n<p>Finalmente, este a\u00f1o, en junio, la afectada fue una joven de 18 a\u00f1os, quien seg\u00fan su denuncia, lo consult\u00f3 por una infecci\u00f3n urinaria; la mujer qued\u00f3 en observaci\u00f3n, y horas despu\u00e9s, cuando fue a que el m\u00e9dico le leyera los resultados de los an\u00e1lisis que le hab\u00eda enviado, le pidi\u00f3 que se bajara el pantal\u00f3n y que se acostara en la camilla para una revisi\u00f3n, a lo que la joven no le vio problema. No obstante, de acuerdo con lo narrado por la v\u00edctima, el galeno la accedi\u00f3 carnalmente y ella lo denunci\u00f3 de inmediato, asegurando que qued\u00f3 inm\u00f3vil y no tuvo las fuerzas para defenderse.<\/p>\n<p>Por estos tres casos, el procesado no acept\u00f3 los cargos y su defensa apel\u00f3 la decisi\u00f3n del juez de privarlo de la libertad de manera preventiva.<\/p>\n<p>Es de anotar que la Fiscal\u00eda presume que el m\u00e9dico graduado de una universidad de Barranquilla (Atl\u00e1ntico) puede tener m\u00e1s v\u00edctimas.<\/p>\n<p>La Fiscal\u00eda hace p\u00fablica esta informaci\u00f3n por razones de inter\u00e9s general.<\/p>\n<p>&nbsp;<\/p>\n<p>PAAM\/DLBM<\/p>\n\n<div class=\"twitter-share\"><a href=\"https:\/\/twitter.com\/intent\/tweet?via=fiscaliacol\" class=\"twitter-share-button\">Tweet<\/a><\/div>\n","protected":false},"excerpt":{"rendered":"<p>Los hechos se presentaron en los consultorios de cl\u00ednicas y dispensarios donde trabaj\u00f3 el galeno, de quien la Fiscal\u00eda presume existen m\u00e1s v\u00edctimas. Mediante enga\u00f1os y aprovechando presuntamente el estado [&hellip;]<\/p>\n","protected":false},"author":162,"featured_media":0,"comment_status":"closed","ping_status":"open","sticky":false,"template":"","format":"standard","meta":{"tdm_status":"","tdm_grid_status":"","footnotes":""},"categories":[329,303,24127],"tags":[],"class_list":["post-186810","post","type-post","status-publish","format-standard","category-seccional-ibague","category-seccionales","category-violencia-sexual-e-intrafamiliar"],"yoast_head":"<!-- This site is optimized with the Yoast SEO plugin v24.3 - https:\/\/yoast.com\/wordpress\/plugins\/seo\/ -->\n<title>Fiscal\u00eda General de la Naci\u00f3n<\/title>\n<meta name=\"description\" content=\"P\u00e1gina oficial de la Fiscal\u00eda General de la Naci\u00f3n \u2013 Colombia. Garantizamos el acceso efectivo a la justicia, la verdad y la reparaci\u00f3n de las v\u00edctimas de los delitos.\" \/>\n<meta name=\"robots\" content=\"noindex, follow\" \/>\n<meta property=\"og:locale\" content=\"es_ES\" \/>\n<meta property=\"og:type\" content=\"article\" \/>\n<meta property=\"og:title\" content=\"Fiscal\u00eda General de la Naci\u00f3n\" \/>\n<meta property=\"og:description\" content=\"P\u00e1gina oficial de la Fiscal\u00eda General de la Naci\u00f3n \u2013 Colombia. Garantizamos el acceso efectivo a la justicia, la verdad y la reparaci\u00f3n de las v\u00edctimas de los delitos.\" \/>\n<meta property=\"og:url\" content=\"https:\/\/www.fiscalia.gov.co\/colombia\/seccionales\/a-la-carcel-medico-general-por-presunto-acceso-carnal-de-tres-pacientes-en-en-ibague-tolima\/\" \/>\n<meta property=\"og:site_name\" content=\"Fiscal\u00eda General de la Naci\u00f3n\" \/>\n<meta property=\"article:publisher\" content=\"https:\/\/www.facebook.com\/FiscaliaCol\" \/>\n<meta property=\"article:published_time\" content=\"2019-11-27T17:28:03+00:00\" \/>\n<meta property=\"article:modified_time\" content=\"2019-11-27T17:44:17+00:00\" \/>\n<meta name=\"author\" content=\"Direcci\u00f3n de Comunicaciones Fiscal\u00eda General de la Naci\u00f3n\" \/>\n<meta name=\"twitter:card\" content=\"summary_large_image\" \/>\n<meta name=\"twitter:creator\" content=\"@FiscaliaCol\" \/>\n<meta name=\"twitter:site\" content=\"@FiscaliaCol\" \/>\n<meta name=\"twitter:label1\" content=\"Escrito por\" \/>\n\t<meta name=\"twitter:data1\" content=\"Direcci\u00f3n de Comunicaciones Fiscal\u00eda General de la Naci\u00f3n\" \/>\n\t<meta name=\"twitter:label2\" content=\"Tiempo de lectura\" \/>\n\t<meta name=\"twitter:data2\" content=\"4 minutos\" \/>\n<script type=\"application\/ld+json\" class=\"yoast-schema-graph\">{\"@context\":\"https:\/\/schema.org\",\"@graph\":[{\"@type\":\"Article\",\"@id\":\"https:\/\/www.fiscalia.gov.co\/colombia\/seccionales\/a-la-carcel-medico-general-por-presunto-acceso-carnal-de-tres-pacientes-en-en-ibague-tolima\/#article\",\"isPartOf\":{\"@id\":\"https:\/\/www.fiscalia.gov.co\/colombia\/seccionales\/a-la-carcel-medico-general-por-presunto-acceso-carnal-de-tres-pacientes-en-en-ibague-tolima\/\"},\"author\":{\"name\":\"Direcci\u00f3n de Comunicaciones Fiscal\u00eda General de la Naci\u00f3n\",\"@id\":\"https:\/\/www.fiscalia.gov.co\/colombia\/#\/schema\/person\/bf28d8ae7f1b287bbe3af484b04f43ea\"},\"headline\":\"A la c\u00e1rcel m\u00e9dico general por presunto acceso carnal de tres pacientes en Ibagu\u00e9 (Tolima)\",\"datePublished\":\"2019-11-27T17:28:03+00:00\",\"dateModified\":\"2019-11-27T17:44:17+00:00\",\"mainEntityOfPage\":{\"@id\":\"https:\/\/www.fiscalia.gov.co\/colombia\/seccionales\/a-la-carcel-medico-general-por-presunto-acceso-carnal-de-tres-pacientes-en-en-ibague-tolima\/\"},\"wordCount\":718,\"publisher\":{\"@id\":\"https:\/\/www.fiscalia.gov.co\/colombia\/#organization\"},\"articleSection\":[\"Seccional Ibagu\u00e9\",\"Seccionales\",\"Violencia sexual e intrafamiliar\"],\"inLanguage\":\"es-CO\"},{\"@type\":\"WebPage\",\"@id\":\"https:\/\/www.fiscalia.gov.co\/colombia\/seccionales\/a-la-carcel-medico-general-por-presunto-acceso-carnal-de-tres-pacientes-en-en-ibague-tolima\/\",\"url\":\"https:\/\/www.fiscalia.gov.co\/colombia\/seccionales\/a-la-carcel-medico-general-por-presunto-acceso-carnal-de-tres-pacientes-en-en-ibague-tolima\/\",\"name\":\"Fiscal\u00eda General de la Naci\u00f3n\",\"isPartOf\":{\"@id\":\"https:\/\/www.fiscalia.gov.co\/colombia\/#website\"},\"datePublished\":\"2019-11-27T17:28:03+00:00\",\"dateModified\":\"2019-11-27T17:44:17+00:00\",\"description\":\"P\u00e1gina oficial de la Fiscal\u00eda General de la Naci\u00f3n \u2013 Colombia. Garantizamos el acceso efectivo a la justicia, la verdad y la reparaci\u00f3n de las v\u00edctimas de los delitos.\",\"breadcrumb\":{\"@id\":\"https:\/\/www.fiscalia.gov.co\/colombia\/seccionales\/a-la-carcel-medico-general-por-presunto-acceso-carnal-de-tres-pacientes-en-en-ibague-tolima\/#breadcrumb\"},\"inLanguage\":\"es-CO\",\"potentialAction\":[{\"@type\":\"ReadAction\",\"target\":[\"https:\/\/www.fiscalia.gov.co\/colombia\/seccionales\/a-la-carcel-medico-general-por-presunto-acceso-carnal-de-tres-pacientes-en-en-ibague-tolima\/\"]}]},{\"@type\":\"BreadcrumbList\",\"@id\":\"https:\/\/www.fiscalia.gov.co\/colombia\/seccionales\/a-la-carcel-medico-general-por-presunto-acceso-carnal-de-tres-pacientes-en-en-ibague-tolima\/#breadcrumb\",\"itemListElement\":[{\"@type\":\"ListItem\",\"position\":1,\"name\":\"Home\",\"item\":\"https:\/\/www.fiscalia.gov.co\/colombia\/\"},{\"@type\":\"ListItem\",\"position\":2,\"name\":\"A la c\u00e1rcel m\u00e9dico general por presunto acceso carnal de tres pacientes en Ibagu\u00e9 (Tolima)\"}]},{\"@type\":\"WebSite\",\"@id\":\"https:\/\/www.fiscalia.gov.co\/colombia\/#website\",\"url\":\"https:\/\/www.fiscalia.gov.co\/colombia\/\",\"name\":\"Fiscal\u00eda General de la Naci\u00f3n\",\"description\":\"P\u00e1gina oficial de la Fiscal\u00eda General de la Naci\u00f3n \u2013 Colombia. Garantizamos el acceso efectivo a la justicia, la verdad y la reparaci\u00f3n de las v\u00edctimas de los delitos.\",\"publisher\":{\"@id\":\"https:\/\/www.fiscalia.gov.co\/colombia\/#organization\"},\"potentialAction\":[{\"@type\":\"SearchAction\",\"target\":{\"@type\":\"EntryPoint\",\"urlTemplate\":\"https:\/\/www.fiscalia.gov.co\/colombia\/?s={search_term_string}\"},\"query-input\":{\"@type\":\"PropertyValueSpecification\",\"valueRequired\":true,\"valueName\":\"search_term_string\"}}],\"inLanguage\":\"es-CO\"},{\"@type\":\"Organization\",\"@id\":\"https:\/\/www.fiscalia.gov.co\/colombia\/#organization\",\"name\":\"Fiscal\u00eda General de la Naci\u00f3n\",\"url\":\"https:\/\/www.fiscalia.gov.co\/colombia\/\",\"logo\":{\"@type\":\"ImageObject\",\"inLanguage\":\"es-CO\",\"@id\":\"https:\/\/www.fiscalia.gov.co\/colombia\/#\/schema\/logo\/image\/\",\"url\":\"https:\/\/www.fiscalia.gov.co\/colombia\/wp-content\/uploads\/LogoHorizontal_1.jpg\",\"contentUrl\":\"https:\/\/www.fiscalia.gov.co\/colombia\/wp-content\/uploads\/LogoHorizontal_1.jpg\",\"width\":300,\"height\":90,\"caption\":\"Fiscal\u00eda General de la Naci\u00f3n\"},\"image\":{\"@id\":\"https:\/\/www.fiscalia.gov.co\/colombia\/#\/schema\/logo\/image\/\"},\"sameAs\":[\"https:\/\/www.facebook.com\/FiscaliaCol\",\"https:\/\/x.com\/FiscaliaCol\",\"https:\/\/www.instagram.com\/fiscaliacol\",\"https:\/\/www.linkedin.com\/company\/fiscalia-general-de-la-naci-n\/\",\"https:\/\/youtube.com\/@fiscaliageneraldelanacion-4668?si=6nN79nyQICPU5iTh\"]},{\"@type\":\"Person\",\"@id\":\"https:\/\/www.fiscalia.gov.co\/colombia\/#\/schema\/person\/bf28d8ae7f1b287bbe3af484b04f43ea\",\"name\":\"Direcci\u00f3n de Comunicaciones Fiscal\u00eda General de la Naci\u00f3n\",\"image\":{\"@type\":\"ImageObject\",\"inLanguage\":\"es-CO\",\"@id\":\"https:\/\/www.fiscalia.gov.co\/colombia\/#\/schema\/person\/image\/\",\"url\":\"https:\/\/secure.gravatar.com\/avatar\/9d55ae161d32da16dbdd0b380c080a5f?s=96&d=mm&r=g\",\"contentUrl\":\"https:\/\/secure.gravatar.com\/avatar\/9d55ae161d32da16dbdd0b380c080a5f?s=96&d=mm&r=g\",\"caption\":\"Direcci\u00f3n de Comunicaciones Fiscal\u00eda General de la Naci\u00f3n\"},\"url\":\"https:\/\/www.fiscalia.gov.co\/colombia\/author\/kbonilla\/\"}]}<\/script>\n<!-- \/ Yoast SEO plugin. -->","yoast_head_json":{"title":"Fiscal\u00eda General de la Naci\u00f3n","description":"P\u00e1gina oficial de la Fiscal\u00eda General de la Naci\u00f3n \u2013 Colombia. Garantizamos el acceso efectivo a la justicia, la verdad y la reparaci\u00f3n de las v\u00edctimas de los delitos.","robots":{"index":"noindex","follow":"follow"},"og_locale":"es_ES","og_type":"article","og_title":"Fiscal\u00eda General de la Naci\u00f3n","og_description":"P\u00e1gina oficial de la Fiscal\u00eda General de la Naci\u00f3n \u2013 Colombia. Garantizamos el acceso efectivo a la justicia, la verdad y la reparaci\u00f3n de las v\u00edctimas de los delitos.","og_url":"https:\/\/www.fiscalia.gov.co\/colombia\/seccionales\/a-la-carcel-medico-general-por-presunto-acceso-carnal-de-tres-pacientes-en-en-ibague-tolima\/","og_site_name":"Fiscal\u00eda General de la Naci\u00f3n","article_publisher":"https:\/\/www.facebook.com\/FiscaliaCol","article_published_time":"2019-11-27T17:28:03+00:00","article_modified_time":"2019-11-27T17:44:17+00:00","author":"Direcci\u00f3n de Comunicaciones Fiscal\u00eda General de la Naci\u00f3n","twitter_card":"summary_large_image","twitter_creator":"@FiscaliaCol","twitter_site":"@FiscaliaCol","twitter_misc":{"Escrito por":"Direcci\u00f3n de Comunicaciones Fiscal\u00eda General de la Naci\u00f3n","Tiempo de lectura":"4 minutos"},"schema":{"@context":"https:\/\/schema.org","@graph":[{"@type":"Article","@id":"https:\/\/www.fiscalia.gov.co\/colombia\/seccionales\/a-la-carcel-medico-general-por-presunto-acceso-carnal-de-tres-pacientes-en-en-ibague-tolima\/#article","isPartOf":{"@id":"https:\/\/www.fiscalia.gov.co\/colombia\/seccionales\/a-la-carcel-medico-general-por-presunto-acceso-carnal-de-tres-pacientes-en-en-ibague-tolima\/"},"author":{"name":"Direcci\u00f3n de Comunicaciones Fiscal\u00eda General de la Naci\u00f3n","@id":"https:\/\/www.fiscalia.gov.co\/colombia\/#\/schema\/person\/bf28d8ae7f1b287bbe3af484b04f43ea"},"headline":"A la c\u00e1rcel m\u00e9dico general por presunto acceso carnal de tres pacientes en Ibagu\u00e9 (Tolima)","datePublished":"2019-11-27T17:28:03+00:00","dateModified":"2019-11-27T17:44:17+00:00","mainEntityOfPage":{"@id":"https:\/\/www.fiscalia.gov.co\/colombia\/seccionales\/a-la-carcel-medico-general-por-presunto-acceso-carnal-de-tres-pacientes-en-en-ibague-tolima\/"},"wordCount":718,"publisher":{"@id":"https:\/\/www.fiscalia.gov.co\/colombia\/#organization"},"articleSection":["Seccional Ibagu\u00e9","Seccionales","Violencia sexual e intrafamiliar"],"inLanguage":"es-CO"},{"@type":"WebPage","@id":"https:\/\/www.fiscalia.gov.co\/colombia\/seccionales\/a-la-carcel-medico-general-por-presunto-acceso-carnal-de-tres-pacientes-en-en-ibague-tolima\/","url":"https:\/\/www.fiscalia.gov.co\/colombia\/seccionales\/a-la-carcel-medico-general-por-presunto-acceso-carnal-de-tres-pacientes-en-en-ibague-tolima\/","name":"Fiscal\u00eda General de la Naci\u00f3n","isPartOf":{"@id":"https:\/\/www.fiscalia.gov.co\/colombia\/#website"},"datePublished":"2019-11-27T17:28:03+00:00","dateModified":"2019-11-27T17:44:17+00:00","description":"P\u00e1gina oficial de la Fiscal\u00eda General de la Naci\u00f3n \u2013 Colombia. Garantizamos el acceso efectivo a la justicia, la verdad y la reparaci\u00f3n de las v\u00edctimas de los delitos.","breadcrumb":{"@id":"https:\/\/www.fiscalia.gov.co\/colombia\/seccionales\/a-la-carcel-medico-general-por-presunto-acceso-carnal-de-tres-pacientes-en-en-ibague-tolima\/#breadcrumb"},"inLanguage":"es-CO","potentialAction":[{"@type":"ReadAction","target":["https:\/\/www.fiscalia.gov.co\/colombia\/seccionales\/a-la-carcel-medico-general-por-presunto-acceso-carnal-de-tres-pacientes-en-en-ibague-tolima\/"]}]},{"@type":"BreadcrumbList","@id":"https:\/\/www.fiscalia.gov.co\/colombia\/seccionales\/a-la-carcel-medico-general-por-presunto-acceso-carnal-de-tres-pacientes-en-en-ibague-tolima\/#breadcrumb","itemListElement":[{"@type":"ListItem","position":1,"name":"Home","item":"https:\/\/www.fiscalia.gov.co\/colombia\/"},{"@type":"ListItem","position":2,"name":"A la c\u00e1rcel m\u00e9dico general por presunto acceso carnal de tres pacientes en Ibagu\u00e9 (Tolima)"}]},{"@type":"WebSite","@id":"https:\/\/www.fiscalia.gov.co\/colombia\/#website","url":"https:\/\/www.fiscalia.gov.co\/colombia\/","name":"Fiscal\u00eda General de la Naci\u00f3n","description":"P\u00e1gina oficial de la Fiscal\u00eda General de la Naci\u00f3n \u2013 Colombia. Garantizamos el acceso efectivo a la justicia, la verdad y la reparaci\u00f3n de las v\u00edctimas de los delitos.","publisher":{"@id":"https:\/\/www.fiscalia.gov.co\/colombia\/#organization"},"potentialAction":[{"@type":"SearchAction","target":{"@type":"EntryPoint","urlTemplate":"https:\/\/www.fiscalia.gov.co\/colombia\/?s={search_term_string}"},"query-input":{"@type":"PropertyValueSpecification","valueRequired":true,"valueName":"search_term_string"}}],"inLanguage":"es-CO"},{"@type":"Organization","@id":"https:\/\/www.fiscalia.gov.co\/colombia\/#organization","name":"Fiscal\u00eda General de la Naci\u00f3n","url":"https:\/\/www.fiscalia.gov.co\/colombia\/","logo":{"@type":"ImageObject","inLanguage":"es-CO","@id":"https:\/\/www.fiscalia.gov.co\/colombia\/#\/schema\/logo\/image\/","url":"https:\/\/www.fiscalia.gov.co\/colombia\/wp-content\/uploads\/LogoHorizontal_1.jpg","contentUrl":"https:\/\/www.fiscalia.gov.co\/colombia\/wp-content\/uploads\/LogoHorizontal_1.jpg","width":300,"height":90,"caption":"Fiscal\u00eda General de la Naci\u00f3n"},"image":{"@id":"https:\/\/www.fiscalia.gov.co\/colombia\/#\/schema\/logo\/image\/"},"sameAs":["https:\/\/www.facebook.com\/FiscaliaCol","https:\/\/x.com\/FiscaliaCol","https:\/\/www.instagram.com\/fiscaliacol","https:\/\/www.linkedin.com\/company\/fiscalia-general-de-la-naci-n\/","https:\/\/youtube.com\/@fiscaliageneraldelanacion-4668?si=6nN79nyQICPU5iTh"]},{"@type":"Person","@id":"https:\/\/www.fiscalia.gov.co\/colombia\/#\/schema\/person\/bf28d8ae7f1b287bbe3af484b04f43ea","name":"Direcci\u00f3n de Comunicaciones Fiscal\u00eda General de la Naci\u00f3n","image":{"@type":"ImageObject","inLanguage":"es-CO","@id":"https:\/\/www.fiscalia.gov.co\/colombia\/#\/schema\/person\/image\/","url":"https:\/\/secure.gravatar.com\/avatar\/9d55ae161d32da16dbdd0b380c080a5f?s=96&d=mm&r=g","contentUrl":"https:\/\/secure.gravatar.com\/avatar\/9d55ae161d32da16dbdd0b380c080a5f?s=96&d=mm&r=g","caption":"Direcci\u00f3n de Comunicaciones Fiscal\u00eda General de la Naci\u00f3n"},"url":"https:\/\/www.fiscalia.gov.co\/colombia\/author\/kbonilla\/"}]}},"_links":{"self":[{"href":"https:\/\/www.fiscalia.gov.co\/colombia\/wp-json\/wp\/v2\/posts\/186810","targetHints":{"allow":["GET"]}}],"collection":[{"href":"https:\/\/www.fiscalia.gov.co\/colombia\/wp-json\/wp\/v2\/posts"}],"about":[{"href":"https:\/\/www.fiscalia.gov.co\/colombia\/wp-json\/wp\/v2\/types\/post"}],"author":[{"embeddable":true,"href":"https:\/\/www.fiscalia.gov.co\/colombia\/wp-json\/wp\/v2\/users\/162"}],"replies":[{"embeddable":true,"href":"https:\/\/www.fiscalia.gov.co\/colombia\/wp-json\/wp\/v2\/comments?post=186810"}],"version-history":[{"count":2,"href":"https:\/\/www.fiscalia.gov.co\/colombia\/wp-json\/wp\/v2\/posts\/186810\/revisions"}],"predecessor-version":[{"id":186825,"href":"https:\/\/www.fiscalia.gov.co\/colombia\/wp-json\/wp\/v2\/posts\/186810\/revisions\/186825"}],"wp:attachment":[{"href":"https:\/\/www.fiscalia.gov.co\/colombia\/wp-json\/wp\/v2\/media?parent=186810"}],"wp:term":[{"taxonomy":"category","embeddable":true,"href":"https:\/\/www.fiscalia.gov.co\/colombia\/wp-json\/wp\/v2\/categories?post=186810"},{"taxonomy":"post_tag","embeddable":true,"href":"https:\/\/www.fiscalia.gov.co\/colombia\/wp-json\/wp\/v2\/tags?post=186810"}],"curies":[{"name":"wp","href":"https:\/\/api.w.org\/{rel}","templated":true}]}}