{"id":186610,"date":"2019-11-20T17:16:12","date_gmt":"2019-11-20T22:16:12","guid":{"rendered":"https:\/\/www.fiscalia.gov.co\/colombia\/?p=186610"},"modified":"2019-11-20T17:16:12","modified_gmt":"2019-11-20T22:16:12","slug":"a-la-carcel-exdirector-y-extesorera-del-idexud-por-presunta-apropiacion-de-mas-de-12-000-millones-de-la-universidad-distrital-francisco-jose-de-caldas","status":"publish","type":"post","link":"https:\/\/www.fiscalia.gov.co\/colombia\/seccionales\/a-la-carcel-exdirector-y-extesorera-del-idexud-por-presunta-apropiacion-de-mas-de-12-000-millones-de-la-universidad-distrital-francisco-jose-de-caldas\/","title":{"rendered":"A la c\u00e1rcel exdirector y extesorera del Idexud por presunta apropiaci\u00f3n de m\u00e1s de $12.000 millones de la Universidad Distrital Francisco Jos\u00e9 de Caldas"},"content":{"rendered":"<p>Por solicitud de la Fiscal\u00eda, el Juzgado 46 Penal Municipal, con funci\u00f3n de control de garant\u00edas, impuso medida de aseguramiento en establecimiento carcelario en contra de Wilman Mu\u00f1oz Prieto y de Patricia Gamboa Rodr\u00edguez, por los delitos de <strong>peculado por apropiaci\u00f3n agravado, falsedad ideol\u00f3gica en documento p\u00fablico y concierto para delinquir agravado<\/strong>.<\/p>\n<p>Esta investigaci\u00f3n tiene su origen en la compulsa de copias realizada por el director nacional de Investigaciones Especiales de la Procuradur\u00eda General de la Naci\u00f3n, en la cual dio a conocer presuntas irregularidades ocurridas en el Instituto de Extensi\u00f3n y Educaci\u00f3n para el Trabajo (Idexud), de la Universidad Distrital Francisco Jos\u00e9 de Caldas, del cual fue director el hoy procesado Wilman Mu\u00f1oz Prieto, desde julio de 2012 hasta enero de 2019, cuando el rector de la Universidad not\u00f3 que hab\u00eda malos manejos del dinero del Instituto.<\/p>\n<p>Mu\u00f1oz Prieto era el ordenador del gasto del instituto, donde se realizaban contratos y convenios con diferentes instituciones nacionales e internacionales. Las ganancias de dichos acuerdos se divid\u00edan en un 60% para la Universidad y un 40 % para el Idexud.<\/p>\n<p>Seg\u00fan el proceso investigativo, el 6 de noviembre de 2012 se abri\u00f3 una cuenta corriente en una reconocida entidad bancaria por parte de un rector que estuvo encargado entre el 27 de octubre y el 2 de noviembre de ese a\u00f1o; sin embargo se evidenci\u00f3 que para la fecha de apertura \u2014de la cual no existe una resoluci\u00f3n o un acto administrativo\u2014 \u00e9l ya no estaba encargado. Se estableci\u00f3 que para el manejo de esta cuenta bancaria la \u00fanica firma autorizada era la de Mu\u00f1oz Prieto, y que se obtuvo una tarjeta de cr\u00e9dito, a nombre de la Universidad, que tambi\u00e9n deb\u00eda ser manejada por el director del Instituto.<\/p>\n<p>Aunque al parecer esa situaci\u00f3n del manejo de la cuenta fue irregular, los hechos sobre los que indaga el ente acusador acaecieron entre enero de 2015 y el 29 de enero de 2019, cuando dej\u00f3 el cargo Mu\u00f1oz Prieto. De acuerdo con la informaci\u00f3n recopilada por el CTI, el entonces funcionario <strong>se habr\u00eda apropiado de aproximadamente $12.200\u00b4000.000<\/strong>.<\/p>\n<p>Por su parte, Patricia Gamboa Rodr\u00edguez, quien se desempe\u00f1aba como tesorera del Idexud, <strong>supuestamente colabor\u00f3 en la apropiaci\u00f3n de $11.600\u00b4000.000<\/strong>, teniendo en cuenta que ella era la encargada del presupuesto y del manejo del mismo.<\/p>\n<p><strong><u>Modalidades para la apropiaci\u00f3n del dinero<\/u><\/strong><\/p>\n<p>El Idexud se encargaba de los contratos y convenios realizados con otras empresas, por tal raz\u00f3n, ten\u00eda el manejo de m\u00e1s de 30 cuentas, de cada convenio y de la Universidad, adem\u00e1s de la cuenta corriente creada en el 2012. En teor\u00eda, de cada convenio o contrato deb\u00eda existir una ganancia de aproximadamente el 12%, dividida como se indic\u00f3 en el 60% para la Universidad y el 40% restante para gastos administrativos que podr\u00edan representar los diferentes convenios.<\/p>\n<p>Sin embargo, Mu\u00f1oz Prieto, en colaboraci\u00f3n con Gamboa Rodr\u00edguez, <strong>al parecer realizaron 383 transferencias<\/strong> para, presuntamente, apropiarse del dinero, utilizando tres modalidades diferentes:<\/p>\n<ol>\n<li>Cheques de la cuenta corriente creada en 2012 emitidos por Mu\u00f1oz Prieto girados a su nombre. Con esta modalidad se habr\u00eda apropiado aproximadamente de <strong>$11.600\u00b4000.000<\/strong>, entre enero de 2015 y enero de 2019.<\/li>\n<li>Cheque de Gerencia a nombre de terceros, se conoci\u00f3 de la <strong>emisi\u00f3n de 6 cheques<\/strong> con los cuales, entre otras cosas, se pagaron tres veh\u00edculos de alta gama. De esta manera, el se\u00f1or Mu\u00f1oz Prieto al parecer se apropi\u00f3 de aproximadamente <strong>$360\u00b4000.000<\/strong>.<\/li>\n<li>Tarjeta de cr\u00e9dito de la Universidad, dicho pl\u00e1stico aparentemente era utilizado por Mu\u00f1oz Prieto para gastos personales, en los que se encuentran pagos en joyer\u00edas, reconocidos almacenes de ropa y viajes al exterior. En estos gastos personales se habla de una apropiaci\u00f3n de <strong>$190\u00b4000.000<\/strong>.<\/li>\n<\/ol>\n<p>Se conoci\u00f3 que Gamboa Rodr\u00edguez, para justificar el movimiento de este dinero al parecer emit\u00eda certificados de disponibilidad presupuestal y certificados de registro presupuestal falsos ideol\u00f3gicamente, ya que dec\u00edan que el dinero era utilizado para gastos administrativos de los diferentes convenios. Adem\u00e1s, ella era quien autorizaba que se realizaran las transferencias, no s\u00f3lo de dineros de los diferentes convenios, sino tambi\u00e9n de la cuenta de beneficio institucional.<\/p>\n<p>En audiencias concentradas, Wilman Mu\u00f1oz Prieto acept\u00f3 parcialmente los cargos que un fiscal de la Direcci\u00f3n Especializada contra la Corrupci\u00f3n le imput\u00f3, ya que no admiti\u00f3 el delito de concierto para delinquir. Entretanto, la extesorera no acept\u00f3 la imputaci\u00f3n y su defensa present\u00f3 recurso de apelaci\u00f3n por la medida impuesta.<\/p>\n<p>La Fiscal\u00eda hace p\u00fablica esta informaci\u00f3n por razones de inter\u00e9s general.<\/p>\n<p>&nbsp;<\/p>\n<p>LMFO\/DLBM<\/p>\n\n<div class=\"twitter-share\"><a href=\"https:\/\/twitter.com\/intent\/tweet?via=fiscaliacol\" class=\"twitter-share-button\">Tweet<\/a><\/div>\n","protected":false},"excerpt":{"rendered":"<p>Por solicitud de la Fiscal\u00eda, el Juzgado 46 Penal Municipal, con funci\u00f3n de control de garant\u00edas, impuso medida de aseguramiento en establecimiento carcelario en contra de Wilman Mu\u00f1oz Prieto y de Patricia Gamboa Rodr\u00edguez, por los delitos de peculado por apropiaci\u00f3n agravado, falsedad ideol\u00f3gica en documento p\u00fablico y concierto para delinquir agravado. Esta investigaci\u00f3n tiene [&hellip;]<\/p>\n","protected":false},"author":162,"featured_media":0,"comment_status":"closed","ping_status":"open","sticky":false,"template":"","format":"standard","meta":{"tdm_status":"","tdm_grid_status":"","footnotes":""},"categories":[24097,321,303],"tags":[],"class_list":{"0":"post-186610","1":"post","2":"type-post","3":"status-publish","4":"format-standard","6":"category-corrupcion","7":"category-seccional-bogota","8":"category-seccionales"},"yoast_head":"<!-- This site is optimized with the Yoast SEO plugin v24.3 - https:\/\/yoast.com\/wordpress\/plugins\/seo\/ -->\n<title>Fiscal\u00eda General de la Naci\u00f3n<\/title>\n<meta name=\"description\" content=\"P\u00e1gina oficial de la Fiscal\u00eda General de la Naci\u00f3n \u2013 Colombia. Garantizamos el acceso efectivo a la justicia, la verdad y la reparaci\u00f3n de las v\u00edctimas de los delitos.\" \/>\n<meta name=\"robots\" content=\"noindex, follow\" \/>\n<meta property=\"og:locale\" content=\"es_ES\" \/>\n<meta property=\"og:type\" content=\"article\" \/>\n<meta property=\"og:title\" content=\"Fiscal\u00eda General de la Naci\u00f3n\" \/>\n<meta property=\"og:description\" content=\"P\u00e1gina oficial de la Fiscal\u00eda General de la Naci\u00f3n \u2013 Colombia. Garantizamos el acceso efectivo a la justicia, la verdad y la reparaci\u00f3n de las v\u00edctimas de los delitos.\" \/>\n<meta property=\"og:url\" content=\"https:\/\/www.fiscalia.gov.co\/colombia\/seccionales\/a-la-carcel-exdirector-y-extesorera-del-idexud-por-presunta-apropiacion-de-mas-de-12-000-millones-de-la-universidad-distrital-francisco-jose-de-caldas\/\" \/>\n<meta property=\"og:site_name\" content=\"Fiscal\u00eda General de la Naci\u00f3n\" \/>\n<meta property=\"article:publisher\" content=\"https:\/\/www.facebook.com\/FiscaliaCol\" \/>\n<meta property=\"article:published_time\" content=\"2019-11-20T22:16:12+00:00\" \/>\n<meta name=\"author\" content=\"Direcci\u00f3n de Comunicaciones Fiscal\u00eda General de la Naci\u00f3n\" \/>\n<meta name=\"twitter:card\" content=\"summary_large_image\" \/>\n<meta name=\"twitter:creator\" content=\"@FiscaliaCol\" \/>\n<meta name=\"twitter:site\" content=\"@FiscaliaCol\" \/>\n<meta name=\"twitter:label1\" content=\"Escrito por\" \/>\n\t<meta name=\"twitter:data1\" content=\"Direcci\u00f3n de Comunicaciones Fiscal\u00eda General de la Naci\u00f3n\" \/>\n\t<meta name=\"twitter:label2\" content=\"Tiempo de lectura\" \/>\n\t<meta name=\"twitter:data2\" content=\"4 minutos\" \/>\n<script type=\"application\/ld+json\" class=\"yoast-schema-graph\">{\"@context\":\"https:\/\/schema.org\",\"@graph\":[{\"@type\":\"Article\",\"@id\":\"https:\/\/www.fiscalia.gov.co\/colombia\/seccionales\/a-la-carcel-exdirector-y-extesorera-del-idexud-por-presunta-apropiacion-de-mas-de-12-000-millones-de-la-universidad-distrital-francisco-jose-de-caldas\/#article\",\"isPartOf\":{\"@id\":\"https:\/\/www.fiscalia.gov.co\/colombia\/seccionales\/a-la-carcel-exdirector-y-extesorera-del-idexud-por-presunta-apropiacion-de-mas-de-12-000-millones-de-la-universidad-distrital-francisco-jose-de-caldas\/\"},\"author\":{\"name\":\"Direcci\u00f3n de Comunicaciones Fiscal\u00eda General de la Naci\u00f3n\",\"@id\":\"https:\/\/www.fiscalia.gov.co\/colombia\/#\/schema\/person\/bf28d8ae7f1b287bbe3af484b04f43ea\"},\"headline\":\"A la c\u00e1rcel exdirector y extesorera del Idexud por presunta apropiaci\u00f3n de m\u00e1s de $12.000 millones de la Universidad Distrital Francisco Jos\u00e9 de Caldas\",\"datePublished\":\"2019-11-20T22:16:12+00:00\",\"dateModified\":\"2019-11-20T22:16:12+00:00\",\"mainEntityOfPage\":{\"@id\":\"https:\/\/www.fiscalia.gov.co\/colombia\/seccionales\/a-la-carcel-exdirector-y-extesorera-del-idexud-por-presunta-apropiacion-de-mas-de-12-000-millones-de-la-universidad-distrital-francisco-jose-de-caldas\/\"},\"wordCount\":804,\"publisher\":{\"@id\":\"https:\/\/www.fiscalia.gov.co\/colombia\/#organization\"},\"articleSection\":[\"Corrupci\u00f3n\",\"Seccional Bogot\u00e1\",\"Seccionales\"],\"inLanguage\":\"es-CO\"},{\"@type\":\"WebPage\",\"@id\":\"https:\/\/www.fiscalia.gov.co\/colombia\/seccionales\/a-la-carcel-exdirector-y-extesorera-del-idexud-por-presunta-apropiacion-de-mas-de-12-000-millones-de-la-universidad-distrital-francisco-jose-de-caldas\/\",\"url\":\"https:\/\/www.fiscalia.gov.co\/colombia\/seccionales\/a-la-carcel-exdirector-y-extesorera-del-idexud-por-presunta-apropiacion-de-mas-de-12-000-millones-de-la-universidad-distrital-francisco-jose-de-caldas\/\",\"name\":\"Fiscal\u00eda General de la Naci\u00f3n\",\"isPartOf\":{\"@id\":\"https:\/\/www.fiscalia.gov.co\/colombia\/#website\"},\"datePublished\":\"2019-11-20T22:16:12+00:00\",\"dateModified\":\"2019-11-20T22:16:12+00:00\",\"description\":\"P\u00e1gina oficial de la Fiscal\u00eda General de la Naci\u00f3n \u2013 Colombia. Garantizamos el acceso efectivo a la justicia, la verdad y la reparaci\u00f3n de las v\u00edctimas de los delitos.\",\"breadcrumb\":{\"@id\":\"https:\/\/www.fiscalia.gov.co\/colombia\/seccionales\/a-la-carcel-exdirector-y-extesorera-del-idexud-por-presunta-apropiacion-de-mas-de-12-000-millones-de-la-universidad-distrital-francisco-jose-de-caldas\/#breadcrumb\"},\"inLanguage\":\"es-CO\",\"potentialAction\":[{\"@type\":\"ReadAction\",\"target\":[\"https:\/\/www.fiscalia.gov.co\/colombia\/seccionales\/a-la-carcel-exdirector-y-extesorera-del-idexud-por-presunta-apropiacion-de-mas-de-12-000-millones-de-la-universidad-distrital-francisco-jose-de-caldas\/\"]}]},{\"@type\":\"BreadcrumbList\",\"@id\":\"https:\/\/www.fiscalia.gov.co\/colombia\/seccionales\/a-la-carcel-exdirector-y-extesorera-del-idexud-por-presunta-apropiacion-de-mas-de-12-000-millones-de-la-universidad-distrital-francisco-jose-de-caldas\/#breadcrumb\",\"itemListElement\":[{\"@type\":\"ListItem\",\"position\":1,\"name\":\"Home\",\"item\":\"https:\/\/www.fiscalia.gov.co\/colombia\/\"},{\"@type\":\"ListItem\",\"position\":2,\"name\":\"A la c\u00e1rcel exdirector y extesorera del Idexud por presunta apropiaci\u00f3n de m\u00e1s de $12.000 millones de la Universidad Distrital Francisco Jos\u00e9 de Caldas\"}]},{\"@type\":\"WebSite\",\"@id\":\"https:\/\/www.fiscalia.gov.co\/colombia\/#website\",\"url\":\"https:\/\/www.fiscalia.gov.co\/colombia\/\",\"name\":\"Fiscal\u00eda General de la Naci\u00f3n\",\"description\":\"P\u00e1gina oficial de la Fiscal\u00eda General de la Naci\u00f3n \u2013 Colombia. Garantizamos el acceso efectivo a la justicia, la verdad y la reparaci\u00f3n de las v\u00edctimas de los delitos.\",\"publisher\":{\"@id\":\"https:\/\/www.fiscalia.gov.co\/colombia\/#organization\"},\"potentialAction\":[{\"@type\":\"SearchAction\",\"target\":{\"@type\":\"EntryPoint\",\"urlTemplate\":\"https:\/\/www.fiscalia.gov.co\/colombia\/?s={search_term_string}\"},\"query-input\":{\"@type\":\"PropertyValueSpecification\",\"valueRequired\":true,\"valueName\":\"search_term_string\"}}],\"inLanguage\":\"es-CO\"},{\"@type\":\"Organization\",\"@id\":\"https:\/\/www.fiscalia.gov.co\/colombia\/#organization\",\"name\":\"Fiscal\u00eda General de la Naci\u00f3n\",\"url\":\"https:\/\/www.fiscalia.gov.co\/colombia\/\",\"logo\":{\"@type\":\"ImageObject\",\"inLanguage\":\"es-CO\",\"@id\":\"https:\/\/www.fiscalia.gov.co\/colombia\/#\/schema\/logo\/image\/\",\"url\":\"https:\/\/www.fiscalia.gov.co\/colombia\/wp-content\/uploads\/LogoHorizontal_1.jpg\",\"contentUrl\":\"https:\/\/www.fiscalia.gov.co\/colombia\/wp-content\/uploads\/LogoHorizontal_1.jpg\",\"width\":300,\"height\":90,\"caption\":\"Fiscal\u00eda General de la Naci\u00f3n\"},\"image\":{\"@id\":\"https:\/\/www.fiscalia.gov.co\/colombia\/#\/schema\/logo\/image\/\"},\"sameAs\":[\"https:\/\/www.facebook.com\/FiscaliaCol\",\"https:\/\/x.com\/FiscaliaCol\",\"https:\/\/www.instagram.com\/fiscaliacol\",\"https:\/\/www.linkedin.com\/company\/fiscalia-general-de-la-naci-n\/\",\"https:\/\/youtube.com\/@fiscaliageneraldelanacion-4668?si=6nN79nyQICPU5iTh\"]},{\"@type\":\"Person\",\"@id\":\"https:\/\/www.fiscalia.gov.co\/colombia\/#\/schema\/person\/bf28d8ae7f1b287bbe3af484b04f43ea\",\"name\":\"Direcci\u00f3n de Comunicaciones Fiscal\u00eda General de la Naci\u00f3n\",\"image\":{\"@type\":\"ImageObject\",\"inLanguage\":\"es-CO\",\"@id\":\"https:\/\/www.fiscalia.gov.co\/colombia\/#\/schema\/person\/image\/\",\"url\":\"https:\/\/secure.gravatar.com\/avatar\/9d55ae161d32da16dbdd0b380c080a5f?s=96&d=mm&r=g\",\"contentUrl\":\"https:\/\/secure.gravatar.com\/avatar\/9d55ae161d32da16dbdd0b380c080a5f?s=96&d=mm&r=g\",\"caption\":\"Direcci\u00f3n de Comunicaciones Fiscal\u00eda General de la Naci\u00f3n\"},\"url\":\"https:\/\/www.fiscalia.gov.co\/colombia\/author\/kbonilla\/\"}]}<\/script>\n<!-- \/ Yoast SEO plugin. -->","yoast_head_json":{"title":"Fiscal\u00eda General de la Naci\u00f3n","description":"P\u00e1gina oficial de la Fiscal\u00eda General de la Naci\u00f3n \u2013 Colombia. Garantizamos el acceso efectivo a la justicia, la verdad y la reparaci\u00f3n de las v\u00edctimas de los delitos.","robots":{"index":"noindex","follow":"follow"},"og_locale":"es_ES","og_type":"article","og_title":"Fiscal\u00eda General de la Naci\u00f3n","og_description":"P\u00e1gina oficial de la Fiscal\u00eda General de la Naci\u00f3n \u2013 Colombia. Garantizamos el acceso efectivo a la justicia, la verdad y la reparaci\u00f3n de las v\u00edctimas de los delitos.","og_url":"https:\/\/www.fiscalia.gov.co\/colombia\/seccionales\/a-la-carcel-exdirector-y-extesorera-del-idexud-por-presunta-apropiacion-de-mas-de-12-000-millones-de-la-universidad-distrital-francisco-jose-de-caldas\/","og_site_name":"Fiscal\u00eda General de la Naci\u00f3n","article_publisher":"https:\/\/www.facebook.com\/FiscaliaCol","article_published_time":"2019-11-20T22:16:12+00:00","author":"Direcci\u00f3n de Comunicaciones Fiscal\u00eda General de la Naci\u00f3n","twitter_card":"summary_large_image","twitter_creator":"@FiscaliaCol","twitter_site":"@FiscaliaCol","twitter_misc":{"Escrito por":"Direcci\u00f3n de Comunicaciones Fiscal\u00eda General de la Naci\u00f3n","Tiempo de lectura":"4 minutos"},"schema":{"@context":"https:\/\/schema.org","@graph":[{"@type":"Article","@id":"https:\/\/www.fiscalia.gov.co\/colombia\/seccionales\/a-la-carcel-exdirector-y-extesorera-del-idexud-por-presunta-apropiacion-de-mas-de-12-000-millones-de-la-universidad-distrital-francisco-jose-de-caldas\/#article","isPartOf":{"@id":"https:\/\/www.fiscalia.gov.co\/colombia\/seccionales\/a-la-carcel-exdirector-y-extesorera-del-idexud-por-presunta-apropiacion-de-mas-de-12-000-millones-de-la-universidad-distrital-francisco-jose-de-caldas\/"},"author":{"name":"Direcci\u00f3n de Comunicaciones Fiscal\u00eda General de la Naci\u00f3n","@id":"https:\/\/www.fiscalia.gov.co\/colombia\/#\/schema\/person\/bf28d8ae7f1b287bbe3af484b04f43ea"},"headline":"A la c\u00e1rcel exdirector y extesorera del Idexud por presunta apropiaci\u00f3n de m\u00e1s de $12.000 millones de la Universidad Distrital Francisco Jos\u00e9 de Caldas","datePublished":"2019-11-20T22:16:12+00:00","dateModified":"2019-11-20T22:16:12+00:00","mainEntityOfPage":{"@id":"https:\/\/www.fiscalia.gov.co\/colombia\/seccionales\/a-la-carcel-exdirector-y-extesorera-del-idexud-por-presunta-apropiacion-de-mas-de-12-000-millones-de-la-universidad-distrital-francisco-jose-de-caldas\/"},"wordCount":804,"publisher":{"@id":"https:\/\/www.fiscalia.gov.co\/colombia\/#organization"},"articleSection":["Corrupci\u00f3n","Seccional Bogot\u00e1","Seccionales"],"inLanguage":"es-CO"},{"@type":"WebPage","@id":"https:\/\/www.fiscalia.gov.co\/colombia\/seccionales\/a-la-carcel-exdirector-y-extesorera-del-idexud-por-presunta-apropiacion-de-mas-de-12-000-millones-de-la-universidad-distrital-francisco-jose-de-caldas\/","url":"https:\/\/www.fiscalia.gov.co\/colombia\/seccionales\/a-la-carcel-exdirector-y-extesorera-del-idexud-por-presunta-apropiacion-de-mas-de-12-000-millones-de-la-universidad-distrital-francisco-jose-de-caldas\/","name":"Fiscal\u00eda General de la Naci\u00f3n","isPartOf":{"@id":"https:\/\/www.fiscalia.gov.co\/colombia\/#website"},"datePublished":"2019-11-20T22:16:12+00:00","dateModified":"2019-11-20T22:16:12+00:00","description":"P\u00e1gina oficial de la Fiscal\u00eda General de la Naci\u00f3n \u2013 Colombia. Garantizamos el acceso efectivo a la justicia, la verdad y la reparaci\u00f3n de las v\u00edctimas de los delitos.","breadcrumb":{"@id":"https:\/\/www.fiscalia.gov.co\/colombia\/seccionales\/a-la-carcel-exdirector-y-extesorera-del-idexud-por-presunta-apropiacion-de-mas-de-12-000-millones-de-la-universidad-distrital-francisco-jose-de-caldas\/#breadcrumb"},"inLanguage":"es-CO","potentialAction":[{"@type":"ReadAction","target":["https:\/\/www.fiscalia.gov.co\/colombia\/seccionales\/a-la-carcel-exdirector-y-extesorera-del-idexud-por-presunta-apropiacion-de-mas-de-12-000-millones-de-la-universidad-distrital-francisco-jose-de-caldas\/"]}]},{"@type":"BreadcrumbList","@id":"https:\/\/www.fiscalia.gov.co\/colombia\/seccionales\/a-la-carcel-exdirector-y-extesorera-del-idexud-por-presunta-apropiacion-de-mas-de-12-000-millones-de-la-universidad-distrital-francisco-jose-de-caldas\/#breadcrumb","itemListElement":[{"@type":"ListItem","position":1,"name":"Home","item":"https:\/\/www.fiscalia.gov.co\/colombia\/"},{"@type":"ListItem","position":2,"name":"A la c\u00e1rcel exdirector y extesorera del Idexud por presunta apropiaci\u00f3n de m\u00e1s de $12.000 millones de la Universidad Distrital Francisco Jos\u00e9 de Caldas"}]},{"@type":"WebSite","@id":"https:\/\/www.fiscalia.gov.co\/colombia\/#website","url":"https:\/\/www.fiscalia.gov.co\/colombia\/","name":"Fiscal\u00eda General de la Naci\u00f3n","description":"P\u00e1gina oficial de la Fiscal\u00eda General de la Naci\u00f3n \u2013 Colombia. Garantizamos el acceso efectivo a la justicia, la verdad y la reparaci\u00f3n de las v\u00edctimas de los delitos.","publisher":{"@id":"https:\/\/www.fiscalia.gov.co\/colombia\/#organization"},"potentialAction":[{"@type":"SearchAction","target":{"@type":"EntryPoint","urlTemplate":"https:\/\/www.fiscalia.gov.co\/colombia\/?s={search_term_string}"},"query-input":{"@type":"PropertyValueSpecification","valueRequired":true,"valueName":"search_term_string"}}],"inLanguage":"es-CO"},{"@type":"Organization","@id":"https:\/\/www.fiscalia.gov.co\/colombia\/#organization","name":"Fiscal\u00eda General de la Naci\u00f3n","url":"https:\/\/www.fiscalia.gov.co\/colombia\/","logo":{"@type":"ImageObject","inLanguage":"es-CO","@id":"https:\/\/www.fiscalia.gov.co\/colombia\/#\/schema\/logo\/image\/","url":"https:\/\/www.fiscalia.gov.co\/colombia\/wp-content\/uploads\/LogoHorizontal_1.jpg","contentUrl":"https:\/\/www.fiscalia.gov.co\/colombia\/wp-content\/uploads\/LogoHorizontal_1.jpg","width":300,"height":90,"caption":"Fiscal\u00eda General de la Naci\u00f3n"},"image":{"@id":"https:\/\/www.fiscalia.gov.co\/colombia\/#\/schema\/logo\/image\/"},"sameAs":["https:\/\/www.facebook.com\/FiscaliaCol","https:\/\/x.com\/FiscaliaCol","https:\/\/www.instagram.com\/fiscaliacol","https:\/\/www.linkedin.com\/company\/fiscalia-general-de-la-naci-n\/","https:\/\/youtube.com\/@fiscaliageneraldelanacion-4668?si=6nN79nyQICPU5iTh"]},{"@type":"Person","@id":"https:\/\/www.fiscalia.gov.co\/colombia\/#\/schema\/person\/bf28d8ae7f1b287bbe3af484b04f43ea","name":"Direcci\u00f3n de Comunicaciones Fiscal\u00eda General de la Naci\u00f3n","image":{"@type":"ImageObject","inLanguage":"es-CO","@id":"https:\/\/www.fiscalia.gov.co\/colombia\/#\/schema\/person\/image\/","url":"https:\/\/secure.gravatar.com\/avatar\/9d55ae161d32da16dbdd0b380c080a5f?s=96&d=mm&r=g","contentUrl":"https:\/\/secure.gravatar.com\/avatar\/9d55ae161d32da16dbdd0b380c080a5f?s=96&d=mm&r=g","caption":"Direcci\u00f3n de Comunicaciones Fiscal\u00eda General de la Naci\u00f3n"},"url":"https:\/\/www.fiscalia.gov.co\/colombia\/author\/kbonilla\/"}]}},"_links":{"self":[{"href":"https:\/\/www.fiscalia.gov.co\/colombia\/wp-json\/wp\/v2\/posts\/186610","targetHints":{"allow":["GET"]}}],"collection":[{"href":"https:\/\/www.fiscalia.gov.co\/colombia\/wp-json\/wp\/v2\/posts"}],"about":[{"href":"https:\/\/www.fiscalia.gov.co\/colombia\/wp-json\/wp\/v2\/types\/post"}],"author":[{"embeddable":true,"href":"https:\/\/www.fiscalia.gov.co\/colombia\/wp-json\/wp\/v2\/users\/162"}],"replies":[{"embeddable":true,"href":"https:\/\/www.fiscalia.gov.co\/colombia\/wp-json\/wp\/v2\/comments?post=186610"}],"version-history":[{"count":1,"href":"https:\/\/www.fiscalia.gov.co\/colombia\/wp-json\/wp\/v2\/posts\/186610\/revisions"}],"predecessor-version":[{"id":186611,"href":"https:\/\/www.fiscalia.gov.co\/colombia\/wp-json\/wp\/v2\/posts\/186610\/revisions\/186611"}],"wp:attachment":[{"href":"https:\/\/www.fiscalia.gov.co\/colombia\/wp-json\/wp\/v2\/media?parent=186610"}],"wp:term":[{"taxonomy":"category","embeddable":true,"href":"https:\/\/www.fiscalia.gov.co\/colombia\/wp-json\/wp\/v2\/categories?post=186610"},{"taxonomy":"post_tag","embeddable":true,"href":"https:\/\/www.fiscalia.gov.co\/colombia\/wp-json\/wp\/v2\/tags?post=186610"}],"curies":[{"name":"wp","href":"https:\/\/api.w.org\/{rel}","templated":true}]}}