{"id":185698,"date":"2019-10-27T14:04:30","date_gmt":"2019-10-27T19:04:30","guid":{"rendered":"https:\/\/www.fiscalia.gov.co\/colombia\/?p=185698"},"modified":"2019-10-27T14:04:30","modified_gmt":"2019-10-27T19:04:30","slug":"segundo-reporte-jornada-electoral-en-las-regiones","status":"publish","type":"post","link":"https:\/\/www.fiscalia.gov.co\/colombia\/noticias\/segundo-reporte-jornada-electoral-en-las-regiones\/","title":{"rendered":"Segundo reporte jornada electoral en las regiones"},"content":{"rendered":"<p class=\"s4\"><span class=\"s5\">La Fiscal\u00eda General de la Naci\u00f3n avanza en el desarrollo del plan dispuesto para garantizar la transparencia en la jornada<\/span><span class=\"s5\"> electoral<\/span><span class=\"s5\">. La Fiscal\u00eda General de la Naci\u00f3n en su compromiso para garantizar la seguridad durante la jornada electoral dispuso <\/span><span class=\"s6\">8.894<\/span><span class=\"s5\"> funcionarios, entre fiscales, asistentes e investigadores. <\/span><\/p>\n<p class=\"s4\"><span class=\"s6\">Resultados<\/span><span class=\"s6\">:<\/span><\/p>\n<p class=\"s4\"><span class=\"s5\">Hasta el momento, hay <\/span><span class=\"s5\">23<\/span><span class=\"s5\"> capturas relacionadas con delitos electorales<\/span><span class=\"s5\">, con los siguientes casos de inter\u00e9s<\/span><span class=\"s5\"> en las diferentes seccionales<\/span><span class=\"s5\"> de la Fiscal\u00eda<\/span><span class=\"s5\">:<\/span><\/p>\n<p class=\"s4\"><span class=\"s6\">Atl\u00e1ntico<\/span><\/p>\n<p class=\"s4\"><span class=\"s5\">Capturada una mujer que ten\u00eda en su poder $1.170.000 en efectivo, y una lista de posibles votantes con nombres y c\u00e9dulas. De acuerdo <\/span><span class=\"s5\">con el <\/span><span class=\"s5\">documento, a cada una de las personas de la lista se les hac\u00eda un pago de 50<\/span><span class=\"s5\">.000<\/span><span class=\"s5\"> pesos en efectivo.<\/span><\/p>\n<p class=\"s4\"><span class=\"s6\">Bol\u00edvar<\/span><\/p>\n<p class=\"s4\"><span class=\"s5\">En uno de los puestos de votaci\u00f3n fue c<\/span><span class=\"s5\">apturada una persona que llevaba 17 sobres con 50<\/span><span class=\"s5\">.000<\/span><span class=\"s5\"> pesos cada uno, para una suma total de $850.000.<\/span><\/p>\n<p class=\"s4\"><span class=\"s6\">C\u00f3rdoba<\/span><\/p>\n<p class=\"s4\"><span class=\"s5\">En el municipio de Monter\u00eda fueron capturadas dos personas que se encontraban repartiendo bonos para entregar mercados. La Fiscal\u00eda imputar\u00e1 cargos por el delito de corrupci\u00f3n al sufragante.<\/span><\/p>\n<p class=\"s4\"><span class=\"s6\">Antioquia<\/span><\/p>\n<p class=\"s4\"><span class=\"s5\">A las afueras de<\/span><span class=\"s5\">l <\/span><span class=\"s5\">municipio El Bagre fue capturado un candidato al Concejo Municipal quien portaba 620<\/span><span class=\"s5\">.000<\/span><span class=\"s5\">pesos en efectivo y propaganda de su propia campa\u00f1a electoral. <\/span><\/p>\n<p class=\"s4\"><span class=\"s6\">Magdalena<\/span><\/p>\n<p class=\"s4\"><span class=\"s5\">En el municipio de El Pi\u00f1\u00f3n fue capturada una persona <\/span><span class=\"s5\">cuando <\/span><span class=\"s5\">sal\u00eda del puesto de votaci\u00f3n y portaba cuatro tarjetones marcados. Asimismo se reportaron alteraciones de orden p\u00fablico <\/span><span class=\"s5\">en San Zen\u00f3n y <\/span><span class=\"s5\">Piji\u00f1o<\/span><span class=\"s5\"> por la anulaci\u00f3n de <\/span><span class=\"s5\">c\u00e9dulas<\/span><span class=\"s5\">.<\/span><\/p>\n<p class=\"s4\"><span class=\"s5\">Por otras conductas, la Fiscal\u00eda ha conocido de la captura de <\/span><span class=\"s5\">5<\/span><span class=\"s5\">8<\/span><span class=\"s5\"> personas con \u00f3rdenes judiciales vigentes por diferentes delitos como: <\/span><span class=\"s5\">concierto para delinquir, extorsi\u00f3n, <\/span><span class=\"s5\">hurto, <\/span><span class=\"s5\">tentativa de homicidio<\/span><span class=\"s5\">, <\/span><span class=\"s5\">delitos de administraci\u00f3n p\u00fablica y <\/span><span class=\"s5\">violencia intrafamiliar e inasistencia alimentaria, entre otros.<\/span><\/p>\n<p class=\"s4\"><span class=\"s5\">Adicionalmente, a las urnas se acercaron<\/span> <span class=\"s5\">2<\/span><span class=\"s5\"> personas que estaban reportadas como desaparecidas<\/span><span class=\"s5\"> en los registros actualizado, luego<\/span><a name=\"_GoBack\"><\/a><span class=\"s5\">\u00a0de verificar la documentaci\u00f3n firmaron las respectivas actas de supervivencia.<\/span><\/p>\n<p class=\"s4\"><span class=\"s6\">Incautaci\u00f3n de dinero<\/span><\/p>\n<p class=\"s4\"><span class=\"s5\">En desarrollo de los operativos de control<\/span><span class=\"s5\"> del CTI \u00a0de la Fiscal\u00eda y la Polic\u00eda Nacional<\/span><span class=\"s5\"> han sido incautados m\u00e1s de <\/span><span class=\"s5\">4<\/span><span class=\"s5\">00 <\/span><span class=\"s5\">millones de pesos<\/span><span class=\"s5\">.<\/span><\/p>\n<p class=\"s4\"><span class=\"s5\">Sobresale la captura<\/span> <span class=\"s5\">en el municipio de San Onofre (Sucre)<\/span><span class=\"s5\"> de<\/span><span class=\"s5\"> Silgado T<\/span><span class=\"s5\">e<\/span><span class=\"s5\">her<\/span><span class=\"s5\">\u00e1<\/span><span class=\"s5\">n Oscar Segundo, <\/span><span class=\"s5\">a quien le fueron incautados <\/span><span class=\"s5\">294 millones de pesos. La Fiscal\u00eda imput\u00f3 cargos por el delito de lavado de activos<\/span><span class=\"s5\">. Tambi\u00e9n se report\u00f3 la captura en el municipio de Sucre, de <\/span><span class=\"s5\">Jhon<\/span><span class=\"s5\">Marlon G\u00f3mez Rojas, <\/span><span class=\"s5\">quien en ten\u00eda en su poder <\/span><span class=\"s5\">78 millones de pesos<\/span> <span class=\"s5\">y en el municipio de Mo\u00f1itos (C\u00f3rdoba), fue capturado Cristian Dar\u00edo Burgos Galv\u00e1n<\/span><span class=\"s5\"> con <\/span><span class=\"s5\">24 millones de pesos en efectivo<\/span><span class=\"s5\">.<\/span><\/p>\n<p class=\"s4\"><span class=\"s5\">La Fiscal\u00eda hace p\u00fablica esta informaci\u00f3n por razones de inter\u00e9s general.<\/span><\/p>\n\n<div class=\"twitter-share\"><a href=\"https:\/\/twitter.com\/intent\/tweet?via=fiscaliacol\" class=\"twitter-share-button\">Tweet<\/a><\/div>\n","protected":false},"excerpt":{"rendered":"<p>La Fiscal\u00eda General de la Naci\u00f3n avanza en el desarrollo del plan dispuesto para garantizar la transparencia en la jornada electoral. La Fiscal\u00eda General de la Naci\u00f3n en su compromiso para garantizar la seguridad durante la jornada electoral dispuso 8.894 funcionarios, entre fiscales, asistentes e investigadores. Resultados: Hasta el momento, hay 23 capturas relacionadas con [&hellip;]<\/p>\n","protected":false},"author":162,"featured_media":0,"comment_status":"closed","ping_status":"open","sticky":false,"template":"","format":"standard","meta":{"_price":"","_stock":"","_tribe_ticket_header":"","_tribe_default_ticket_provider":"","_tribe_ticket_capacity":"0","_ticket_start_date":"","_ticket_end_date":"","_tribe_ticket_show_description":"","_tribe_ticket_show_not_going":false,"_tribe_ticket_use_global_stock":"","_tribe_ticket_global_stock_level":"","_global_stock_mode":"","_global_stock_cap":"","_tribe_rsvp_for_event":"","_tribe_ticket_going_count":"","_tribe_ticket_not_going_count":"","_tribe_tickets_list":"[]","_tribe_ticket_has_attendee_info_fields":false,"tdm_status":"","tdm_grid_status":"","footnotes":""},"categories":[24102,1],"tags":[],"class_list":{"0":"post-185698","1":"post","2":"type-post","3":"status-publish","4":"format-standard","6":"category-derechos-humanos","7":"category-noticias"},"yoast_head":"<!-- This site is optimized with the Yoast SEO plugin v24.3 - https:\/\/yoast.com\/wordpress\/plugins\/seo\/ -->\n<title>Fiscal\u00eda General de la Naci\u00f3n<\/title>\n<meta name=\"description\" content=\"P\u00e1gina oficial de la Fiscal\u00eda General de la Naci\u00f3n \u2013 Colombia. Garantizamos el acceso efectivo a la justicia, la verdad y la reparaci\u00f3n de las v\u00edctimas de los delitos.\" \/>\n<meta name=\"robots\" content=\"noindex, follow\" \/>\n<meta property=\"og:locale\" content=\"es_ES\" \/>\n<meta property=\"og:type\" content=\"article\" \/>\n<meta property=\"og:title\" content=\"Fiscal\u00eda General de la Naci\u00f3n\" \/>\n<meta property=\"og:description\" content=\"P\u00e1gina oficial de la Fiscal\u00eda General de la Naci\u00f3n \u2013 Colombia. Garantizamos el acceso efectivo a la justicia, la verdad y la reparaci\u00f3n de las v\u00edctimas de los delitos.\" \/>\n<meta property=\"og:url\" content=\"https:\/\/www.fiscalia.gov.co\/colombia\/noticias\/segundo-reporte-jornada-electoral-en-las-regiones\/\" \/>\n<meta property=\"og:site_name\" content=\"Fiscal\u00eda General de la Naci\u00f3n\" \/>\n<meta property=\"article:publisher\" content=\"https:\/\/www.facebook.com\/FiscaliaCol\" \/>\n<meta property=\"article:published_time\" content=\"2019-10-27T19:04:30+00:00\" \/>\n<meta name=\"author\" content=\"Direcci\u00f3n de Comunicaciones Fiscal\u00eda General de la Naci\u00f3n\" \/>\n<meta name=\"twitter:card\" content=\"summary_large_image\" \/>\n<meta name=\"twitter:creator\" content=\"@FiscaliaCol\" \/>\n<meta name=\"twitter:site\" content=\"@FiscaliaCol\" \/>\n<meta name=\"twitter:label1\" content=\"Escrito por\" \/>\n\t<meta name=\"twitter:data1\" content=\"Direcci\u00f3n de Comunicaciones Fiscal\u00eda General de la Naci\u00f3n\" \/>\n\t<meta name=\"twitter:label2\" content=\"Tiempo de lectura\" \/>\n\t<meta name=\"twitter:data2\" content=\"2 minutos\" \/>\n<script type=\"application\/ld+json\" class=\"yoast-schema-graph\">{\"@context\":\"https:\/\/schema.org\",\"@graph\":[{\"@type\":\"Article\",\"@id\":\"https:\/\/www.fiscalia.gov.co\/colombia\/noticias\/segundo-reporte-jornada-electoral-en-las-regiones\/#article\",\"isPartOf\":{\"@id\":\"https:\/\/www.fiscalia.gov.co\/colombia\/noticias\/segundo-reporte-jornada-electoral-en-las-regiones\/\"},\"author\":{\"name\":\"Direcci\u00f3n de Comunicaciones Fiscal\u00eda General de la Naci\u00f3n\",\"@id\":\"https:\/\/www.fiscalia.gov.co\/colombia\/#\/schema\/person\/bf28d8ae7f1b287bbe3af484b04f43ea\"},\"headline\":\"Segundo reporte jornada electoral en las regiones\",\"datePublished\":\"2019-10-27T19:04:30+00:00\",\"dateModified\":\"2019-10-27T19:04:30+00:00\",\"mainEntityOfPage\":{\"@id\":\"https:\/\/www.fiscalia.gov.co\/colombia\/noticias\/segundo-reporte-jornada-electoral-en-las-regiones\/\"},\"wordCount\":471,\"publisher\":{\"@id\":\"https:\/\/www.fiscalia.gov.co\/colombia\/#organization\"},\"articleSection\":[\"Derechos Humanos\",\"Noticias\"],\"inLanguage\":\"es-CO\"},{\"@type\":\"WebPage\",\"@id\":\"https:\/\/www.fiscalia.gov.co\/colombia\/noticias\/segundo-reporte-jornada-electoral-en-las-regiones\/\",\"url\":\"https:\/\/www.fiscalia.gov.co\/colombia\/noticias\/segundo-reporte-jornada-electoral-en-las-regiones\/\",\"name\":\"Fiscal\u00eda General de la Naci\u00f3n\",\"isPartOf\":{\"@id\":\"https:\/\/www.fiscalia.gov.co\/colombia\/#website\"},\"datePublished\":\"2019-10-27T19:04:30+00:00\",\"dateModified\":\"2019-10-27T19:04:30+00:00\",\"description\":\"P\u00e1gina oficial de la Fiscal\u00eda General de la Naci\u00f3n \u2013 Colombia. Garantizamos el acceso efectivo a la justicia, la verdad y la reparaci\u00f3n de las v\u00edctimas de los delitos.\",\"breadcrumb\":{\"@id\":\"https:\/\/www.fiscalia.gov.co\/colombia\/noticias\/segundo-reporte-jornada-electoral-en-las-regiones\/#breadcrumb\"},\"inLanguage\":\"es-CO\",\"potentialAction\":[{\"@type\":\"ReadAction\",\"target\":[\"https:\/\/www.fiscalia.gov.co\/colombia\/noticias\/segundo-reporte-jornada-electoral-en-las-regiones\/\"]}]},{\"@type\":\"BreadcrumbList\",\"@id\":\"https:\/\/www.fiscalia.gov.co\/colombia\/noticias\/segundo-reporte-jornada-electoral-en-las-regiones\/#breadcrumb\",\"itemListElement\":[{\"@type\":\"ListItem\",\"position\":1,\"name\":\"Home\",\"item\":\"https:\/\/www.fiscalia.gov.co\/colombia\/\"},{\"@type\":\"ListItem\",\"position\":2,\"name\":\"Segundo reporte jornada electoral en las regiones\"}]},{\"@type\":\"WebSite\",\"@id\":\"https:\/\/www.fiscalia.gov.co\/colombia\/#website\",\"url\":\"https:\/\/www.fiscalia.gov.co\/colombia\/\",\"name\":\"Fiscal\u00eda General de la Naci\u00f3n\",\"description\":\"P\u00e1gina oficial de la Fiscal\u00eda General de la Naci\u00f3n \u2013 Colombia. Garantizamos el acceso efectivo a la justicia, la verdad y la reparaci\u00f3n de las v\u00edctimas de los delitos.\",\"publisher\":{\"@id\":\"https:\/\/www.fiscalia.gov.co\/colombia\/#organization\"},\"potentialAction\":[{\"@type\":\"SearchAction\",\"target\":{\"@type\":\"EntryPoint\",\"urlTemplate\":\"https:\/\/www.fiscalia.gov.co\/colombia\/?s={search_term_string}\"},\"query-input\":{\"@type\":\"PropertyValueSpecification\",\"valueRequired\":true,\"valueName\":\"search_term_string\"}}],\"inLanguage\":\"es-CO\"},{\"@type\":\"Organization\",\"@id\":\"https:\/\/www.fiscalia.gov.co\/colombia\/#organization\",\"name\":\"Fiscal\u00eda General de la Naci\u00f3n\",\"url\":\"https:\/\/www.fiscalia.gov.co\/colombia\/\",\"logo\":{\"@type\":\"ImageObject\",\"inLanguage\":\"es-CO\",\"@id\":\"https:\/\/www.fiscalia.gov.co\/colombia\/#\/schema\/logo\/image\/\",\"url\":\"https:\/\/www.fiscalia.gov.co\/colombia\/wp-content\/uploads\/LogoHorizontal_1.jpg\",\"contentUrl\":\"https:\/\/www.fiscalia.gov.co\/colombia\/wp-content\/uploads\/LogoHorizontal_1.jpg\",\"width\":300,\"height\":90,\"caption\":\"Fiscal\u00eda General de la Naci\u00f3n\"},\"image\":{\"@id\":\"https:\/\/www.fiscalia.gov.co\/colombia\/#\/schema\/logo\/image\/\"},\"sameAs\":[\"https:\/\/www.facebook.com\/FiscaliaCol\",\"https:\/\/x.com\/FiscaliaCol\",\"https:\/\/www.instagram.com\/fiscaliacol\",\"https:\/\/www.linkedin.com\/company\/fiscalia-general-de-la-naci-n\/\",\"https:\/\/youtube.com\/@fiscaliageneraldelanacion-4668?si=6nN79nyQICPU5iTh\"]},{\"@type\":\"Person\",\"@id\":\"https:\/\/www.fiscalia.gov.co\/colombia\/#\/schema\/person\/bf28d8ae7f1b287bbe3af484b04f43ea\",\"name\":\"Direcci\u00f3n de Comunicaciones Fiscal\u00eda General de la Naci\u00f3n\",\"image\":{\"@type\":\"ImageObject\",\"inLanguage\":\"es-CO\",\"@id\":\"https:\/\/www.fiscalia.gov.co\/colombia\/#\/schema\/person\/image\/\",\"url\":\"https:\/\/secure.gravatar.com\/avatar\/9d55ae161d32da16dbdd0b380c080a5f?s=96&d=mm&r=g\",\"contentUrl\":\"https:\/\/secure.gravatar.com\/avatar\/9d55ae161d32da16dbdd0b380c080a5f?s=96&d=mm&r=g\",\"caption\":\"Direcci\u00f3n de Comunicaciones Fiscal\u00eda General de la Naci\u00f3n\"},\"url\":\"https:\/\/www.fiscalia.gov.co\/colombia\/author\/kbonilla\/\"}]}<\/script>\n<!-- \/ Yoast SEO plugin. -->","yoast_head_json":{"title":"Fiscal\u00eda General de la Naci\u00f3n","description":"P\u00e1gina oficial de la Fiscal\u00eda General de la Naci\u00f3n \u2013 Colombia. Garantizamos el acceso efectivo a la justicia, la verdad y la reparaci\u00f3n de las v\u00edctimas de los delitos.","robots":{"index":"noindex","follow":"follow"},"og_locale":"es_ES","og_type":"article","og_title":"Fiscal\u00eda General de la Naci\u00f3n","og_description":"P\u00e1gina oficial de la Fiscal\u00eda General de la Naci\u00f3n \u2013 Colombia. Garantizamos el acceso efectivo a la justicia, la verdad y la reparaci\u00f3n de las v\u00edctimas de los delitos.","og_url":"https:\/\/www.fiscalia.gov.co\/colombia\/noticias\/segundo-reporte-jornada-electoral-en-las-regiones\/","og_site_name":"Fiscal\u00eda General de la Naci\u00f3n","article_publisher":"https:\/\/www.facebook.com\/FiscaliaCol","article_published_time":"2019-10-27T19:04:30+00:00","author":"Direcci\u00f3n de Comunicaciones Fiscal\u00eda General de la Naci\u00f3n","twitter_card":"summary_large_image","twitter_creator":"@FiscaliaCol","twitter_site":"@FiscaliaCol","twitter_misc":{"Escrito por":"Direcci\u00f3n de Comunicaciones Fiscal\u00eda General de la Naci\u00f3n","Tiempo de lectura":"2 minutos"},"schema":{"@context":"https:\/\/schema.org","@graph":[{"@type":"Article","@id":"https:\/\/www.fiscalia.gov.co\/colombia\/noticias\/segundo-reporte-jornada-electoral-en-las-regiones\/#article","isPartOf":{"@id":"https:\/\/www.fiscalia.gov.co\/colombia\/noticias\/segundo-reporte-jornada-electoral-en-las-regiones\/"},"author":{"name":"Direcci\u00f3n de Comunicaciones Fiscal\u00eda General de la Naci\u00f3n","@id":"https:\/\/www.fiscalia.gov.co\/colombia\/#\/schema\/person\/bf28d8ae7f1b287bbe3af484b04f43ea"},"headline":"Segundo reporte jornada electoral en las regiones","datePublished":"2019-10-27T19:04:30+00:00","dateModified":"2019-10-27T19:04:30+00:00","mainEntityOfPage":{"@id":"https:\/\/www.fiscalia.gov.co\/colombia\/noticias\/segundo-reporte-jornada-electoral-en-las-regiones\/"},"wordCount":471,"publisher":{"@id":"https:\/\/www.fiscalia.gov.co\/colombia\/#organization"},"articleSection":["Derechos Humanos","Noticias"],"inLanguage":"es-CO"},{"@type":"WebPage","@id":"https:\/\/www.fiscalia.gov.co\/colombia\/noticias\/segundo-reporte-jornada-electoral-en-las-regiones\/","url":"https:\/\/www.fiscalia.gov.co\/colombia\/noticias\/segundo-reporte-jornada-electoral-en-las-regiones\/","name":"Fiscal\u00eda General de la Naci\u00f3n","isPartOf":{"@id":"https:\/\/www.fiscalia.gov.co\/colombia\/#website"},"datePublished":"2019-10-27T19:04:30+00:00","dateModified":"2019-10-27T19:04:30+00:00","description":"P\u00e1gina oficial de la Fiscal\u00eda General de la Naci\u00f3n \u2013 Colombia. Garantizamos el acceso efectivo a la justicia, la verdad y la reparaci\u00f3n de las v\u00edctimas de los delitos.","breadcrumb":{"@id":"https:\/\/www.fiscalia.gov.co\/colombia\/noticias\/segundo-reporte-jornada-electoral-en-las-regiones\/#breadcrumb"},"inLanguage":"es-CO","potentialAction":[{"@type":"ReadAction","target":["https:\/\/www.fiscalia.gov.co\/colombia\/noticias\/segundo-reporte-jornada-electoral-en-las-regiones\/"]}]},{"@type":"BreadcrumbList","@id":"https:\/\/www.fiscalia.gov.co\/colombia\/noticias\/segundo-reporte-jornada-electoral-en-las-regiones\/#breadcrumb","itemListElement":[{"@type":"ListItem","position":1,"name":"Home","item":"https:\/\/www.fiscalia.gov.co\/colombia\/"},{"@type":"ListItem","position":2,"name":"Segundo reporte jornada electoral en las regiones"}]},{"@type":"WebSite","@id":"https:\/\/www.fiscalia.gov.co\/colombia\/#website","url":"https:\/\/www.fiscalia.gov.co\/colombia\/","name":"Fiscal\u00eda General de la Naci\u00f3n","description":"P\u00e1gina oficial de la Fiscal\u00eda General de la Naci\u00f3n \u2013 Colombia. Garantizamos el acceso efectivo a la justicia, la verdad y la reparaci\u00f3n de las v\u00edctimas de los delitos.","publisher":{"@id":"https:\/\/www.fiscalia.gov.co\/colombia\/#organization"},"potentialAction":[{"@type":"SearchAction","target":{"@type":"EntryPoint","urlTemplate":"https:\/\/www.fiscalia.gov.co\/colombia\/?s={search_term_string}"},"query-input":{"@type":"PropertyValueSpecification","valueRequired":true,"valueName":"search_term_string"}}],"inLanguage":"es-CO"},{"@type":"Organization","@id":"https:\/\/www.fiscalia.gov.co\/colombia\/#organization","name":"Fiscal\u00eda General de la Naci\u00f3n","url":"https:\/\/www.fiscalia.gov.co\/colombia\/","logo":{"@type":"ImageObject","inLanguage":"es-CO","@id":"https:\/\/www.fiscalia.gov.co\/colombia\/#\/schema\/logo\/image\/","url":"https:\/\/www.fiscalia.gov.co\/colombia\/wp-content\/uploads\/LogoHorizontal_1.jpg","contentUrl":"https:\/\/www.fiscalia.gov.co\/colombia\/wp-content\/uploads\/LogoHorizontal_1.jpg","width":300,"height":90,"caption":"Fiscal\u00eda General de la Naci\u00f3n"},"image":{"@id":"https:\/\/www.fiscalia.gov.co\/colombia\/#\/schema\/logo\/image\/"},"sameAs":["https:\/\/www.facebook.com\/FiscaliaCol","https:\/\/x.com\/FiscaliaCol","https:\/\/www.instagram.com\/fiscaliacol","https:\/\/www.linkedin.com\/company\/fiscalia-general-de-la-naci-n\/","https:\/\/youtube.com\/@fiscaliageneraldelanacion-4668?si=6nN79nyQICPU5iTh"]},{"@type":"Person","@id":"https:\/\/www.fiscalia.gov.co\/colombia\/#\/schema\/person\/bf28d8ae7f1b287bbe3af484b04f43ea","name":"Direcci\u00f3n de Comunicaciones Fiscal\u00eda General de la Naci\u00f3n","image":{"@type":"ImageObject","inLanguage":"es-CO","@id":"https:\/\/www.fiscalia.gov.co\/colombia\/#\/schema\/person\/image\/","url":"https:\/\/secure.gravatar.com\/avatar\/9d55ae161d32da16dbdd0b380c080a5f?s=96&d=mm&r=g","contentUrl":"https:\/\/secure.gravatar.com\/avatar\/9d55ae161d32da16dbdd0b380c080a5f?s=96&d=mm&r=g","caption":"Direcci\u00f3n de Comunicaciones Fiscal\u00eda General de la Naci\u00f3n"},"url":"https:\/\/www.fiscalia.gov.co\/colombia\/author\/kbonilla\/"}]}},"_links":{"self":[{"href":"https:\/\/www.fiscalia.gov.co\/colombia\/wp-json\/wp\/v2\/posts\/185698","targetHints":{"allow":["GET"]}}],"collection":[{"href":"https:\/\/www.fiscalia.gov.co\/colombia\/wp-json\/wp\/v2\/posts"}],"about":[{"href":"https:\/\/www.fiscalia.gov.co\/colombia\/wp-json\/wp\/v2\/types\/post"}],"author":[{"embeddable":true,"href":"https:\/\/www.fiscalia.gov.co\/colombia\/wp-json\/wp\/v2\/users\/162"}],"replies":[{"embeddable":true,"href":"https:\/\/www.fiscalia.gov.co\/colombia\/wp-json\/wp\/v2\/comments?post=185698"}],"version-history":[{"count":1,"href":"https:\/\/www.fiscalia.gov.co\/colombia\/wp-json\/wp\/v2\/posts\/185698\/revisions"}],"predecessor-version":[{"id":185699,"href":"https:\/\/www.fiscalia.gov.co\/colombia\/wp-json\/wp\/v2\/posts\/185698\/revisions\/185699"}],"wp:attachment":[{"href":"https:\/\/www.fiscalia.gov.co\/colombia\/wp-json\/wp\/v2\/media?parent=185698"}],"wp:term":[{"taxonomy":"category","embeddable":true,"href":"https:\/\/www.fiscalia.gov.co\/colombia\/wp-json\/wp\/v2\/categories?post=185698"},{"taxonomy":"post_tag","embeddable":true,"href":"https:\/\/www.fiscalia.gov.co\/colombia\/wp-json\/wp\/v2\/tags?post=185698"}],"curies":[{"name":"wp","href":"https:\/\/api.w.org\/{rel}","templated":true}]}}