{"id":185660,"date":"2019-10-25T14:11:11","date_gmt":"2019-10-25T19:11:11","guid":{"rendered":"https:\/\/www.fiscalia.gov.co\/colombia\/?p=185660"},"modified":"2019-10-25T14:11:11","modified_gmt":"2019-10-25T19:11:11","slug":"a-la-carcel-tres-presuntos-disidentes-de-las-farc-por-concierto-para-delinquir-con-fines-de-extorsion-y-cinco-delitos-mas","status":"publish","type":"post","link":"https:\/\/www.fiscalia.gov.co\/colombia\/seccionales\/a-la-carcel-tres-presuntos-disidentes-de-las-farc-por-concierto-para-delinquir-con-fines-de-extorsion-y-cinco-delitos-mas\/","title":{"rendered":"A la c\u00e1rcel tres presuntos disidentes de las Farc por concierto para delinquir con fines de extorsi\u00f3n y cinco delitos m\u00e1s"},"content":{"rendered":"<blockquote class=\"td_quote_box td_box_center\">\n<h4><strong>En el allanamiento, entre los elementos hallados, las autoridades les incautaron armas de corto y largo alcance, dispositivos que estaban listos para ser detonados as\u00ed como para la elaboraci\u00f3n de minas antipersonales que sembrar\u00edan en el sur de Tolima.<\/strong><\/h4>\n<\/blockquote>\n<p>Un total de seis delitos les imput\u00f3 la Fiscal\u00eda a tres presuntos disidentes de las Farc, que a inicios de esta semana fueron detenidos en la vereda San Pedro de Ambeima, zona rural del municipio tolimense de Chaparral, donde se adelant\u00f3 una diligencia de allanamiento y registro en la cual se incautaron varios elementos que demostrar\u00edan su actividad il\u00edcita.<\/p>\n<p>En una labor conjunta entre miembros de la Fiscal\u00eda \u2014a trav\u00e9s de la Unidad Regional Antinarc\u00f3ticos y la polic\u00eda judicial del CTI\u2014 y unidades del Gaula Militar Tolima, se logr\u00f3 llegar hasta el sitio tras cuatro horas de una larga caminata, donde se encontraban los hermanos Wilfred, alias Piloso; y Jos\u00e9 Alexis Criollo Tovar, alias Alex, y Pablo Quesada Cort\u00e9s, alias Fabi\u00e1n Quintero. El primero y el \u00faltimo, exguerrilleros de las Farc.<\/p>\n<p>El ente acusador les enrostr\u00f3 a todos el delito de <strong>concierto para delinquir con fines de extorsi\u00f3n agravado<\/strong> en calidad de autores, mientras que en calidad de coautores los punibles de almacenamiento y uso de prendas de las Fuerzas Militares agravado; <strong>fabricaci\u00f3n, tr\u00e1fico y porte de armas de fuego de uso personal agravado<\/strong>;\u00a0 fabricaci\u00f3n, tr\u00e1fico y porte de armas de fuego de uso privativo de las Fuerzas Militares agravado; y <strong>empleo, producci\u00f3n, comercializaci\u00f3n y almacenamiento de minas antipersonales<\/strong>.<\/p>\n<p>Ninguno acept\u00f3 su responsabilidad y <strong>todos fueron privados de la libertad en centro carcelario<\/strong> de manera preventiva.<\/p>\n<p>Los delitos se agravan para los hoy asegurados porque al t\u00e9rmino de los Acuerdos de Paz con el anterior gobierno y la entonces guerrilla de las Farc, para el caso del Tolima, los municipios de Chaparral, Ataco, Rioblanco y Planadas fueron catalogados como PDET, es decir, quedaron haciendo parte del Programa de Desarrollo con Enfoque Territorial, ya que en su momento fueron de las zonas m\u00e1s afectadas por el conflicto armado, y actualmente cuentan con un apoyo especial para su desarrollo y crecimiento, por lo que el uso del armamento, explosivos y uniformes de uso exclusivo de las Fuerzas Militares, no es permitido.<\/p>\n<p><strong>Seis extorsiones<\/strong><\/p>\n<p>La Fiscal\u00eda tiene elementos de prueba y evidencia f\u00edsica suficientes que dan cuenta de su accionar delincuencial en esa zona y municipios aleda\u00f1os, ejerciendo presi\u00f3n en comerciantes, finqueros, y ciudadanos del com\u00fan a quienes les han exigido altas sumas de dinero a nombre de las disidencias del Frente 21 de las Farc, en hechos ocurridos, seg\u00fan la denuncia, entre julio y octubre de este a\u00f1o.<\/p>\n<p>Reposa en los archivos del despacho seccional que adelanta la investigaci\u00f3n, que fueron denunciadas seis extorsiones, tres de ellas consumadas. En uno de los casos <strong>a la v\u00edctima le pidieron la suma de $100.000.000<\/strong> a cambio de no acabar con su vida o la de su familia, al instalarles una bomba en su finca, o de secuestrarlos.<\/p>\n<p>Las presiones las har\u00edan v\u00eda telef\u00f3nica o de manera personal, present\u00e1ndose en sus casas o negocios.<\/p>\n<p>La Fiscal\u00eda hace p\u00fablica esta informaci\u00f3n por razones de inter\u00e9s general.<\/p>\n<p>&nbsp;<\/p>\n<p>&nbsp;<\/p>\n<p>PAAM\/DLBM<\/p>\n\n<div class=\"twitter-share\"><a href=\"https:\/\/twitter.com\/intent\/tweet?via=fiscaliacol\" class=\"twitter-share-button\">Tweet<\/a><\/div>\n","protected":false},"excerpt":{"rendered":"<p>En el allanamiento, entre los elementos hallados, las autoridades les incautaron armas de corto y largo alcance, dispositivos que estaban listos para ser detonados as\u00ed como para la elaboraci\u00f3n de [&hellip;]<\/p>\n","protected":false},"author":162,"featured_media":0,"comment_status":"closed","ping_status":"open","sticky":false,"template":"","format":"standard","meta":{"tdm_status":"","tdm_grid_status":"","footnotes":""},"categories":[329,303,24099],"tags":[],"class_list":["post-185660","post","type-post","status-publish","format-standard","category-seccional-ibague","category-seccionales","category-seguridad-territorial"],"yoast_head":"<!-- This site is optimized with the Yoast SEO plugin v24.3 - https:\/\/yoast.com\/wordpress\/plugins\/seo\/ -->\n<title>Fiscal\u00eda General de la Naci\u00f3n<\/title>\n<meta name=\"description\" content=\"P\u00e1gina oficial de la Fiscal\u00eda General de la Naci\u00f3n \u2013 Colombia. Garantizamos el acceso efectivo a la justicia, la verdad y la reparaci\u00f3n de las v\u00edctimas de los delitos.\" \/>\n<meta name=\"robots\" content=\"noindex, follow\" \/>\n<meta property=\"og:locale\" content=\"es_ES\" \/>\n<meta property=\"og:type\" content=\"article\" \/>\n<meta property=\"og:title\" content=\"Fiscal\u00eda General de la Naci\u00f3n\" \/>\n<meta property=\"og:description\" content=\"P\u00e1gina oficial de la Fiscal\u00eda General de la Naci\u00f3n \u2013 Colombia. Garantizamos el acceso efectivo a la justicia, la verdad y la reparaci\u00f3n de las v\u00edctimas de los delitos.\" \/>\n<meta property=\"og:url\" content=\"https:\/\/www.fiscalia.gov.co\/colombia\/seccionales\/a-la-carcel-tres-presuntos-disidentes-de-las-farc-por-concierto-para-delinquir-con-fines-de-extorsion-y-cinco-delitos-mas\/\" \/>\n<meta property=\"og:site_name\" content=\"Fiscal\u00eda General de la Naci\u00f3n\" \/>\n<meta property=\"article:publisher\" content=\"https:\/\/www.facebook.com\/FiscaliaCol\" \/>\n<meta property=\"article:published_time\" content=\"2019-10-25T19:11:11+00:00\" \/>\n<meta name=\"author\" content=\"Direcci\u00f3n de Comunicaciones Fiscal\u00eda General de la Naci\u00f3n\" \/>\n<meta name=\"twitter:card\" content=\"summary_large_image\" \/>\n<meta name=\"twitter:creator\" content=\"@FiscaliaCol\" \/>\n<meta name=\"twitter:site\" content=\"@FiscaliaCol\" \/>\n<meta name=\"twitter:label1\" content=\"Escrito por\" \/>\n\t<meta name=\"twitter:data1\" content=\"Direcci\u00f3n de Comunicaciones Fiscal\u00eda General de la Naci\u00f3n\" \/>\n\t<meta name=\"twitter:label2\" content=\"Tiempo de lectura\" \/>\n\t<meta name=\"twitter:data2\" content=\"3 minutos\" \/>\n<script type=\"application\/ld+json\" class=\"yoast-schema-graph\">{\"@context\":\"https:\/\/schema.org\",\"@graph\":[{\"@type\":\"Article\",\"@id\":\"https:\/\/www.fiscalia.gov.co\/colombia\/seccionales\/a-la-carcel-tres-presuntos-disidentes-de-las-farc-por-concierto-para-delinquir-con-fines-de-extorsion-y-cinco-delitos-mas\/#article\",\"isPartOf\":{\"@id\":\"https:\/\/www.fiscalia.gov.co\/colombia\/seccionales\/a-la-carcel-tres-presuntos-disidentes-de-las-farc-por-concierto-para-delinquir-con-fines-de-extorsion-y-cinco-delitos-mas\/\"},\"author\":{\"name\":\"Direcci\u00f3n de Comunicaciones Fiscal\u00eda General de la Naci\u00f3n\",\"@id\":\"https:\/\/www.fiscalia.gov.co\/colombia\/#\/schema\/person\/bf28d8ae7f1b287bbe3af484b04f43ea\"},\"headline\":\"A la c\u00e1rcel tres presuntos disidentes de las Farc por concierto para delinquir con fines de extorsi\u00f3n y cinco delitos m\u00e1s\",\"datePublished\":\"2019-10-25T19:11:11+00:00\",\"dateModified\":\"2019-10-25T19:11:11+00:00\",\"mainEntityOfPage\":{\"@id\":\"https:\/\/www.fiscalia.gov.co\/colombia\/seccionales\/a-la-carcel-tres-presuntos-disidentes-de-las-farc-por-concierto-para-delinquir-con-fines-de-extorsion-y-cinco-delitos-mas\/\"},\"wordCount\":582,\"publisher\":{\"@id\":\"https:\/\/www.fiscalia.gov.co\/colombia\/#organization\"},\"articleSection\":[\"Seccional Ibagu\u00e9\",\"Seccionales\",\"Seguridad territorial\"],\"inLanguage\":\"es-CO\"},{\"@type\":\"WebPage\",\"@id\":\"https:\/\/www.fiscalia.gov.co\/colombia\/seccionales\/a-la-carcel-tres-presuntos-disidentes-de-las-farc-por-concierto-para-delinquir-con-fines-de-extorsion-y-cinco-delitos-mas\/\",\"url\":\"https:\/\/www.fiscalia.gov.co\/colombia\/seccionales\/a-la-carcel-tres-presuntos-disidentes-de-las-farc-por-concierto-para-delinquir-con-fines-de-extorsion-y-cinco-delitos-mas\/\",\"name\":\"Fiscal\u00eda General de la Naci\u00f3n\",\"isPartOf\":{\"@id\":\"https:\/\/www.fiscalia.gov.co\/colombia\/#website\"},\"datePublished\":\"2019-10-25T19:11:11+00:00\",\"dateModified\":\"2019-10-25T19:11:11+00:00\",\"description\":\"P\u00e1gina oficial de la Fiscal\u00eda General de la Naci\u00f3n \u2013 Colombia. Garantizamos el acceso efectivo a la justicia, la verdad y la reparaci\u00f3n de las v\u00edctimas de los delitos.\",\"breadcrumb\":{\"@id\":\"https:\/\/www.fiscalia.gov.co\/colombia\/seccionales\/a-la-carcel-tres-presuntos-disidentes-de-las-farc-por-concierto-para-delinquir-con-fines-de-extorsion-y-cinco-delitos-mas\/#breadcrumb\"},\"inLanguage\":\"es-CO\",\"potentialAction\":[{\"@type\":\"ReadAction\",\"target\":[\"https:\/\/www.fiscalia.gov.co\/colombia\/seccionales\/a-la-carcel-tres-presuntos-disidentes-de-las-farc-por-concierto-para-delinquir-con-fines-de-extorsion-y-cinco-delitos-mas\/\"]}]},{\"@type\":\"BreadcrumbList\",\"@id\":\"https:\/\/www.fiscalia.gov.co\/colombia\/seccionales\/a-la-carcel-tres-presuntos-disidentes-de-las-farc-por-concierto-para-delinquir-con-fines-de-extorsion-y-cinco-delitos-mas\/#breadcrumb\",\"itemListElement\":[{\"@type\":\"ListItem\",\"position\":1,\"name\":\"Home\",\"item\":\"https:\/\/www.fiscalia.gov.co\/colombia\/\"},{\"@type\":\"ListItem\",\"position\":2,\"name\":\"A la c\u00e1rcel tres presuntos disidentes de las Farc por concierto para delinquir con fines de extorsi\u00f3n y cinco delitos m\u00e1s\"}]},{\"@type\":\"WebSite\",\"@id\":\"https:\/\/www.fiscalia.gov.co\/colombia\/#website\",\"url\":\"https:\/\/www.fiscalia.gov.co\/colombia\/\",\"name\":\"Fiscal\u00eda General de la Naci\u00f3n\",\"description\":\"P\u00e1gina oficial de la Fiscal\u00eda General de la Naci\u00f3n \u2013 Colombia. Garantizamos el acceso efectivo a la justicia, la verdad y la reparaci\u00f3n de las v\u00edctimas de los delitos.\",\"publisher\":{\"@id\":\"https:\/\/www.fiscalia.gov.co\/colombia\/#organization\"},\"potentialAction\":[{\"@type\":\"SearchAction\",\"target\":{\"@type\":\"EntryPoint\",\"urlTemplate\":\"https:\/\/www.fiscalia.gov.co\/colombia\/?s={search_term_string}\"},\"query-input\":{\"@type\":\"PropertyValueSpecification\",\"valueRequired\":true,\"valueName\":\"search_term_string\"}}],\"inLanguage\":\"es-CO\"},{\"@type\":\"Organization\",\"@id\":\"https:\/\/www.fiscalia.gov.co\/colombia\/#organization\",\"name\":\"Fiscal\u00eda General de la Naci\u00f3n\",\"url\":\"https:\/\/www.fiscalia.gov.co\/colombia\/\",\"logo\":{\"@type\":\"ImageObject\",\"inLanguage\":\"es-CO\",\"@id\":\"https:\/\/www.fiscalia.gov.co\/colombia\/#\/schema\/logo\/image\/\",\"url\":\"https:\/\/www.fiscalia.gov.co\/colombia\/wp-content\/uploads\/LogoHorizontal_1.jpg\",\"contentUrl\":\"https:\/\/www.fiscalia.gov.co\/colombia\/wp-content\/uploads\/LogoHorizontal_1.jpg\",\"width\":300,\"height\":90,\"caption\":\"Fiscal\u00eda General de la Naci\u00f3n\"},\"image\":{\"@id\":\"https:\/\/www.fiscalia.gov.co\/colombia\/#\/schema\/logo\/image\/\"},\"sameAs\":[\"https:\/\/www.facebook.com\/FiscaliaCol\",\"https:\/\/x.com\/FiscaliaCol\",\"https:\/\/www.instagram.com\/fiscaliacol\",\"https:\/\/www.linkedin.com\/company\/fiscalia-general-de-la-naci-n\/\",\"https:\/\/youtube.com\/@fiscaliageneraldelanacion-4668?si=6nN79nyQICPU5iTh\"]},{\"@type\":\"Person\",\"@id\":\"https:\/\/www.fiscalia.gov.co\/colombia\/#\/schema\/person\/bf28d8ae7f1b287bbe3af484b04f43ea\",\"name\":\"Direcci\u00f3n de Comunicaciones Fiscal\u00eda General de la Naci\u00f3n\",\"image\":{\"@type\":\"ImageObject\",\"inLanguage\":\"es-CO\",\"@id\":\"https:\/\/www.fiscalia.gov.co\/colombia\/#\/schema\/person\/image\/\",\"url\":\"https:\/\/secure.gravatar.com\/avatar\/9d55ae161d32da16dbdd0b380c080a5f?s=96&d=mm&r=g\",\"contentUrl\":\"https:\/\/secure.gravatar.com\/avatar\/9d55ae161d32da16dbdd0b380c080a5f?s=96&d=mm&r=g\",\"caption\":\"Direcci\u00f3n de Comunicaciones Fiscal\u00eda General de la Naci\u00f3n\"},\"url\":\"https:\/\/www.fiscalia.gov.co\/colombia\/author\/kbonilla\/\"}]}<\/script>\n<!-- \/ Yoast SEO plugin. -->","yoast_head_json":{"title":"Fiscal\u00eda General de la Naci\u00f3n","description":"P\u00e1gina oficial de la Fiscal\u00eda General de la Naci\u00f3n \u2013 Colombia. Garantizamos el acceso efectivo a la justicia, la verdad y la reparaci\u00f3n de las v\u00edctimas de los delitos.","robots":{"index":"noindex","follow":"follow"},"og_locale":"es_ES","og_type":"article","og_title":"Fiscal\u00eda General de la Naci\u00f3n","og_description":"P\u00e1gina oficial de la Fiscal\u00eda General de la Naci\u00f3n \u2013 Colombia. Garantizamos el acceso efectivo a la justicia, la verdad y la reparaci\u00f3n de las v\u00edctimas de los delitos.","og_url":"https:\/\/www.fiscalia.gov.co\/colombia\/seccionales\/a-la-carcel-tres-presuntos-disidentes-de-las-farc-por-concierto-para-delinquir-con-fines-de-extorsion-y-cinco-delitos-mas\/","og_site_name":"Fiscal\u00eda General de la Naci\u00f3n","article_publisher":"https:\/\/www.facebook.com\/FiscaliaCol","article_published_time":"2019-10-25T19:11:11+00:00","author":"Direcci\u00f3n de Comunicaciones Fiscal\u00eda General de la Naci\u00f3n","twitter_card":"summary_large_image","twitter_creator":"@FiscaliaCol","twitter_site":"@FiscaliaCol","twitter_misc":{"Escrito por":"Direcci\u00f3n de Comunicaciones Fiscal\u00eda General de la Naci\u00f3n","Tiempo de lectura":"3 minutos"},"schema":{"@context":"https:\/\/schema.org","@graph":[{"@type":"Article","@id":"https:\/\/www.fiscalia.gov.co\/colombia\/seccionales\/a-la-carcel-tres-presuntos-disidentes-de-las-farc-por-concierto-para-delinquir-con-fines-de-extorsion-y-cinco-delitos-mas\/#article","isPartOf":{"@id":"https:\/\/www.fiscalia.gov.co\/colombia\/seccionales\/a-la-carcel-tres-presuntos-disidentes-de-las-farc-por-concierto-para-delinquir-con-fines-de-extorsion-y-cinco-delitos-mas\/"},"author":{"name":"Direcci\u00f3n de Comunicaciones Fiscal\u00eda General de la Naci\u00f3n","@id":"https:\/\/www.fiscalia.gov.co\/colombia\/#\/schema\/person\/bf28d8ae7f1b287bbe3af484b04f43ea"},"headline":"A la c\u00e1rcel tres presuntos disidentes de las Farc por concierto para delinquir con fines de extorsi\u00f3n y cinco delitos m\u00e1s","datePublished":"2019-10-25T19:11:11+00:00","dateModified":"2019-10-25T19:11:11+00:00","mainEntityOfPage":{"@id":"https:\/\/www.fiscalia.gov.co\/colombia\/seccionales\/a-la-carcel-tres-presuntos-disidentes-de-las-farc-por-concierto-para-delinquir-con-fines-de-extorsion-y-cinco-delitos-mas\/"},"wordCount":582,"publisher":{"@id":"https:\/\/www.fiscalia.gov.co\/colombia\/#organization"},"articleSection":["Seccional Ibagu\u00e9","Seccionales","Seguridad territorial"],"inLanguage":"es-CO"},{"@type":"WebPage","@id":"https:\/\/www.fiscalia.gov.co\/colombia\/seccionales\/a-la-carcel-tres-presuntos-disidentes-de-las-farc-por-concierto-para-delinquir-con-fines-de-extorsion-y-cinco-delitos-mas\/","url":"https:\/\/www.fiscalia.gov.co\/colombia\/seccionales\/a-la-carcel-tres-presuntos-disidentes-de-las-farc-por-concierto-para-delinquir-con-fines-de-extorsion-y-cinco-delitos-mas\/","name":"Fiscal\u00eda General de la Naci\u00f3n","isPartOf":{"@id":"https:\/\/www.fiscalia.gov.co\/colombia\/#website"},"datePublished":"2019-10-25T19:11:11+00:00","dateModified":"2019-10-25T19:11:11+00:00","description":"P\u00e1gina oficial de la Fiscal\u00eda General de la Naci\u00f3n \u2013 Colombia. Garantizamos el acceso efectivo a la justicia, la verdad y la reparaci\u00f3n de las v\u00edctimas de los delitos.","breadcrumb":{"@id":"https:\/\/www.fiscalia.gov.co\/colombia\/seccionales\/a-la-carcel-tres-presuntos-disidentes-de-las-farc-por-concierto-para-delinquir-con-fines-de-extorsion-y-cinco-delitos-mas\/#breadcrumb"},"inLanguage":"es-CO","potentialAction":[{"@type":"ReadAction","target":["https:\/\/www.fiscalia.gov.co\/colombia\/seccionales\/a-la-carcel-tres-presuntos-disidentes-de-las-farc-por-concierto-para-delinquir-con-fines-de-extorsion-y-cinco-delitos-mas\/"]}]},{"@type":"BreadcrumbList","@id":"https:\/\/www.fiscalia.gov.co\/colombia\/seccionales\/a-la-carcel-tres-presuntos-disidentes-de-las-farc-por-concierto-para-delinquir-con-fines-de-extorsion-y-cinco-delitos-mas\/#breadcrumb","itemListElement":[{"@type":"ListItem","position":1,"name":"Home","item":"https:\/\/www.fiscalia.gov.co\/colombia\/"},{"@type":"ListItem","position":2,"name":"A la c\u00e1rcel tres presuntos disidentes de las Farc por concierto para delinquir con fines de extorsi\u00f3n y cinco delitos m\u00e1s"}]},{"@type":"WebSite","@id":"https:\/\/www.fiscalia.gov.co\/colombia\/#website","url":"https:\/\/www.fiscalia.gov.co\/colombia\/","name":"Fiscal\u00eda General de la Naci\u00f3n","description":"P\u00e1gina oficial de la Fiscal\u00eda General de la Naci\u00f3n \u2013 Colombia. Garantizamos el acceso efectivo a la justicia, la verdad y la reparaci\u00f3n de las v\u00edctimas de los delitos.","publisher":{"@id":"https:\/\/www.fiscalia.gov.co\/colombia\/#organization"},"potentialAction":[{"@type":"SearchAction","target":{"@type":"EntryPoint","urlTemplate":"https:\/\/www.fiscalia.gov.co\/colombia\/?s={search_term_string}"},"query-input":{"@type":"PropertyValueSpecification","valueRequired":true,"valueName":"search_term_string"}}],"inLanguage":"es-CO"},{"@type":"Organization","@id":"https:\/\/www.fiscalia.gov.co\/colombia\/#organization","name":"Fiscal\u00eda General de la Naci\u00f3n","url":"https:\/\/www.fiscalia.gov.co\/colombia\/","logo":{"@type":"ImageObject","inLanguage":"es-CO","@id":"https:\/\/www.fiscalia.gov.co\/colombia\/#\/schema\/logo\/image\/","url":"https:\/\/www.fiscalia.gov.co\/colombia\/wp-content\/uploads\/LogoHorizontal_1.jpg","contentUrl":"https:\/\/www.fiscalia.gov.co\/colombia\/wp-content\/uploads\/LogoHorizontal_1.jpg","width":300,"height":90,"caption":"Fiscal\u00eda General de la Naci\u00f3n"},"image":{"@id":"https:\/\/www.fiscalia.gov.co\/colombia\/#\/schema\/logo\/image\/"},"sameAs":["https:\/\/www.facebook.com\/FiscaliaCol","https:\/\/x.com\/FiscaliaCol","https:\/\/www.instagram.com\/fiscaliacol","https:\/\/www.linkedin.com\/company\/fiscalia-general-de-la-naci-n\/","https:\/\/youtube.com\/@fiscaliageneraldelanacion-4668?si=6nN79nyQICPU5iTh"]},{"@type":"Person","@id":"https:\/\/www.fiscalia.gov.co\/colombia\/#\/schema\/person\/bf28d8ae7f1b287bbe3af484b04f43ea","name":"Direcci\u00f3n de Comunicaciones Fiscal\u00eda General de la Naci\u00f3n","image":{"@type":"ImageObject","inLanguage":"es-CO","@id":"https:\/\/www.fiscalia.gov.co\/colombia\/#\/schema\/person\/image\/","url":"https:\/\/secure.gravatar.com\/avatar\/9d55ae161d32da16dbdd0b380c080a5f?s=96&d=mm&r=g","contentUrl":"https:\/\/secure.gravatar.com\/avatar\/9d55ae161d32da16dbdd0b380c080a5f?s=96&d=mm&r=g","caption":"Direcci\u00f3n de Comunicaciones Fiscal\u00eda General de la Naci\u00f3n"},"url":"https:\/\/www.fiscalia.gov.co\/colombia\/author\/kbonilla\/"}]}},"_links":{"self":[{"href":"https:\/\/www.fiscalia.gov.co\/colombia\/wp-json\/wp\/v2\/posts\/185660","targetHints":{"allow":["GET"]}}],"collection":[{"href":"https:\/\/www.fiscalia.gov.co\/colombia\/wp-json\/wp\/v2\/posts"}],"about":[{"href":"https:\/\/www.fiscalia.gov.co\/colombia\/wp-json\/wp\/v2\/types\/post"}],"author":[{"embeddable":true,"href":"https:\/\/www.fiscalia.gov.co\/colombia\/wp-json\/wp\/v2\/users\/162"}],"replies":[{"embeddable":true,"href":"https:\/\/www.fiscalia.gov.co\/colombia\/wp-json\/wp\/v2\/comments?post=185660"}],"version-history":[{"count":1,"href":"https:\/\/www.fiscalia.gov.co\/colombia\/wp-json\/wp\/v2\/posts\/185660\/revisions"}],"predecessor-version":[{"id":185661,"href":"https:\/\/www.fiscalia.gov.co\/colombia\/wp-json\/wp\/v2\/posts\/185660\/revisions\/185661"}],"wp:attachment":[{"href":"https:\/\/www.fiscalia.gov.co\/colombia\/wp-json\/wp\/v2\/media?parent=185660"}],"wp:term":[{"taxonomy":"category","embeddable":true,"href":"https:\/\/www.fiscalia.gov.co\/colombia\/wp-json\/wp\/v2\/categories?post=185660"},{"taxonomy":"post_tag","embeddable":true,"href":"https:\/\/www.fiscalia.gov.co\/colombia\/wp-json\/wp\/v2\/tags?post=185660"}],"curies":[{"name":"wp","href":"https:\/\/api.w.org\/{rel}","templated":true}]}}