{"id":185517,"date":"2019-10-22T17:08:00","date_gmt":"2019-10-22T22:08:00","guid":{"rendered":"https:\/\/www.fiscalia.gov.co\/colombia\/?p=185517"},"modified":"2019-10-22T17:08:00","modified_gmt":"2019-10-22T22:08:00","slug":"a-juicio-excomisaria-de-familia-por-omision-en-alertas-que-pudieron-evitar-homicidio-de-nina-de-3-anos-en-armero-guayabal-tolima","status":"publish","type":"post","link":"https:\/\/www.fiscalia.gov.co\/colombia\/seccionales\/a-juicio-excomisaria-de-familia-por-omision-en-alertas-que-pudieron-evitar-homicidio-de-nina-de-3-anos-en-armero-guayabal-tolima\/","title":{"rendered":"A juicio excomisaria de familia por omisi\u00f3n en alertas que pudieron evitar homicidio de ni\u00f1a de 3 a\u00f1os en Armero-Guayabal (Tolima)"},"content":{"rendered":"<p>Inici\u00f3 en el <strong>L\u00edbano (Tolima)<\/strong> el juicio oral en contra de la <strong>excomisaria <\/strong><strong>Katherine de Los \u00c1ngeles Garc\u00eda Rodr\u00edguez<\/strong>, por las presuntas irregularidades que la Fiscal\u00eda detect\u00f3 en el proceso de <strong>protecci\u00f3n de una menor de 3 a\u00f1os<\/strong> que falleci\u00f3 por su estado de desnutrici\u00f3n y maltrato f\u00edsico severo.<\/p>\n<p>Seg\u00fan las investigaciones, <strong>la ni\u00f1a estaba bajo la custodia de sus padrinos<\/strong>, con el aval de la exfuncionaria, luego de ser entregada por su madre por no tener los recursos econ\u00f3micos suficientes para mantenerla.<\/p>\n<p>En la audiencia se determin\u00f3 que la <strong>exfuncionaria podr\u00eda responder por la presunta comisi\u00f3n de los delitos<\/strong> de prevaricato por acci\u00f3n en concurso homog\u00e9neo y sucesivo y prevaricato por omisi\u00f3n, por las posibles irregularidades en el proceso de garantizar, estabilizar, proteger y reparar los derechos de la menor.<\/p>\n<p>La <strong>excomisaria renunci\u00f3 a su cargo un mes despu\u00e9s de la muerte de la ni\u00f1a<\/strong> (21 de abril del a\u00f1o 2017). Sin embargo, para la Fiscal\u00eda, actu\u00f3 de manera negligente, se salt\u00f3 todas las normas legales e hizo caso omiso a las alertas que las autoridades competentes, como el <strong>Instituto Colombiano de Bienestar Familiar<\/strong>, le hizo para restablecer los derechos de la peque\u00f1a.<\/p>\n<p><strong><u>Antecedentes<\/u><\/strong><\/p>\n<p>Seg\u00fan los antecedentes del caso, se suscribi\u00f3 un acta ante la excomisaria para dejar a cargo de la madrina y su esposo a la menor. No obstante, este no era el procedimiento adecuado, pues no se trataba de un asunto conciliable. Adem\u00e1s, debi\u00f3 haberse apoyado en otras entidades o figuras solidarias; buscar familia extensa o un hogar sustituto y asegurar as\u00ed su protecci\u00f3n, pues no se revis\u00f3 jam\u00e1s cu\u00e1l era la situaci\u00f3n de los padrinos ni su entorno familiar.<\/p>\n<p>Meses despu\u00e9s de que los padrinos quedaran con su custodia, la menor de edad ingres\u00f3 al hospital con una picadura de abeja en su rostro. En esa oportunidad los m\u00e9dicos detectaron adem\u00e1s, que la ni\u00f1a se encontraba en evidente estado de abandono, con signos claros de maltrato infantil, desnutrici\u00f3n y descalcificaci\u00f3n, lo que fue reportado debidamente a las autoridades competentes, entre ellas a la comisaria Garc\u00eda Rodr\u00edguez.<\/p>\n<p>En una siguiente oportunidad se report\u00f3 el detrimento del estado de salud de la menor, pero se inform\u00f3 una supuesta omisi\u00f3n de la funcionaria, que no acudi\u00f3 a verificar su estado de salud. Posteriormente, <strong>la ni\u00f1a falleci\u00f3<\/strong>.<\/p>\n<p>Al t\u00e9rmino de esta primera audiencia de juicio, el togado fij\u00f3 fecha para continuarlo el 5 de diciembre pr\u00f3ximo.<\/p>\n<p>La Fiscal\u00eda hace p\u00fablica esta informaci\u00f3n por razones de inter\u00e9s general.<\/p>\n\n<div class=\"twitter-share\"><a href=\"https:\/\/twitter.com\/intent\/tweet?via=fiscaliacol\" class=\"twitter-share-button\">Tweet<\/a><\/div>\n","protected":false},"excerpt":{"rendered":"<p>Inici\u00f3 en el L\u00edbano (Tolima) el juicio oral en contra de la excomisaria Katherine de Los \u00c1ngeles Garc\u00eda Rodr\u00edguez, por las presuntas irregularidades que la Fiscal\u00eda detect\u00f3 en el proceso [&hellip;]<\/p>\n","protected":false},"author":162,"featured_media":0,"comment_status":"closed","ping_status":"open","sticky":false,"template":"","format":"standard","meta":{"tdm_status":"","tdm_grid_status":"","footnotes":""},"categories":[329,303,24099],"tags":[],"class_list":["post-185517","post","type-post","status-publish","format-standard","category-seccional-ibague","category-seccionales","category-seguridad-territorial"],"yoast_head":"<!-- This site is optimized with the Yoast SEO plugin v24.3 - https:\/\/yoast.com\/wordpress\/plugins\/seo\/ -->\n<title>Fiscal\u00eda General de la Naci\u00f3n<\/title>\n<meta name=\"description\" content=\"P\u00e1gina oficial de la Fiscal\u00eda General de la Naci\u00f3n \u2013 Colombia. Garantizamos el acceso efectivo a la justicia, la verdad y la reparaci\u00f3n de las v\u00edctimas de los delitos.\" \/>\n<meta name=\"robots\" content=\"noindex, follow\" \/>\n<meta property=\"og:locale\" content=\"es_ES\" \/>\n<meta property=\"og:type\" content=\"article\" \/>\n<meta property=\"og:title\" content=\"Fiscal\u00eda General de la Naci\u00f3n\" \/>\n<meta property=\"og:description\" content=\"P\u00e1gina oficial de la Fiscal\u00eda General de la Naci\u00f3n \u2013 Colombia. Garantizamos el acceso efectivo a la justicia, la verdad y la reparaci\u00f3n de las v\u00edctimas de los delitos.\" \/>\n<meta property=\"og:url\" content=\"https:\/\/www.fiscalia.gov.co\/colombia\/seccionales\/a-juicio-excomisaria-de-familia-por-omision-en-alertas-que-pudieron-evitar-homicidio-de-nina-de-3-anos-en-armero-guayabal-tolima\/\" \/>\n<meta property=\"og:site_name\" content=\"Fiscal\u00eda General de la Naci\u00f3n\" \/>\n<meta property=\"article:publisher\" content=\"https:\/\/www.facebook.com\/FiscaliaCol\" \/>\n<meta property=\"article:published_time\" content=\"2019-10-22T22:08:00+00:00\" \/>\n<meta name=\"author\" content=\"Direcci\u00f3n de Comunicaciones Fiscal\u00eda General de la Naci\u00f3n\" \/>\n<meta name=\"twitter:card\" content=\"summary_large_image\" \/>\n<meta name=\"twitter:creator\" content=\"@FiscaliaCol\" \/>\n<meta name=\"twitter:site\" content=\"@FiscaliaCol\" \/>\n<meta name=\"twitter:label1\" content=\"Escrito por\" \/>\n\t<meta name=\"twitter:data1\" content=\"Direcci\u00f3n de Comunicaciones Fiscal\u00eda General de la Naci\u00f3n\" \/>\n\t<meta name=\"twitter:label2\" content=\"Tiempo de lectura\" \/>\n\t<meta name=\"twitter:data2\" content=\"2 minutos\" \/>\n<script type=\"application\/ld+json\" class=\"yoast-schema-graph\">{\"@context\":\"https:\/\/schema.org\",\"@graph\":[{\"@type\":\"Article\",\"@id\":\"https:\/\/www.fiscalia.gov.co\/colombia\/seccionales\/a-juicio-excomisaria-de-familia-por-omision-en-alertas-que-pudieron-evitar-homicidio-de-nina-de-3-anos-en-armero-guayabal-tolima\/#article\",\"isPartOf\":{\"@id\":\"https:\/\/www.fiscalia.gov.co\/colombia\/seccionales\/a-juicio-excomisaria-de-familia-por-omision-en-alertas-que-pudieron-evitar-homicidio-de-nina-de-3-anos-en-armero-guayabal-tolima\/\"},\"author\":{\"name\":\"Direcci\u00f3n de Comunicaciones Fiscal\u00eda General de la Naci\u00f3n\",\"@id\":\"https:\/\/www.fiscalia.gov.co\/colombia\/#\/schema\/person\/bf28d8ae7f1b287bbe3af484b04f43ea\"},\"headline\":\"A juicio excomisaria de familia por omisi\u00f3n en alertas que pudieron evitar homicidio de ni\u00f1a de 3 a\u00f1os en Armero-Guayabal (Tolima)\",\"datePublished\":\"2019-10-22T22:08:00+00:00\",\"dateModified\":\"2019-10-22T22:08:00+00:00\",\"mainEntityOfPage\":{\"@id\":\"https:\/\/www.fiscalia.gov.co\/colombia\/seccionales\/a-juicio-excomisaria-de-familia-por-omision-en-alertas-que-pudieron-evitar-homicidio-de-nina-de-3-anos-en-armero-guayabal-tolima\/\"},\"wordCount\":470,\"publisher\":{\"@id\":\"https:\/\/www.fiscalia.gov.co\/colombia\/#organization\"},\"articleSection\":[\"Seccional Ibagu\u00e9\",\"Seccionales\",\"Seguridad territorial\"],\"inLanguage\":\"es-CO\"},{\"@type\":\"WebPage\",\"@id\":\"https:\/\/www.fiscalia.gov.co\/colombia\/seccionales\/a-juicio-excomisaria-de-familia-por-omision-en-alertas-que-pudieron-evitar-homicidio-de-nina-de-3-anos-en-armero-guayabal-tolima\/\",\"url\":\"https:\/\/www.fiscalia.gov.co\/colombia\/seccionales\/a-juicio-excomisaria-de-familia-por-omision-en-alertas-que-pudieron-evitar-homicidio-de-nina-de-3-anos-en-armero-guayabal-tolima\/\",\"name\":\"Fiscal\u00eda General de la Naci\u00f3n\",\"isPartOf\":{\"@id\":\"https:\/\/www.fiscalia.gov.co\/colombia\/#website\"},\"datePublished\":\"2019-10-22T22:08:00+00:00\",\"dateModified\":\"2019-10-22T22:08:00+00:00\",\"description\":\"P\u00e1gina oficial de la Fiscal\u00eda General de la Naci\u00f3n \u2013 Colombia. Garantizamos el acceso efectivo a la justicia, la verdad y la reparaci\u00f3n de las v\u00edctimas de los delitos.\",\"breadcrumb\":{\"@id\":\"https:\/\/www.fiscalia.gov.co\/colombia\/seccionales\/a-juicio-excomisaria-de-familia-por-omision-en-alertas-que-pudieron-evitar-homicidio-de-nina-de-3-anos-en-armero-guayabal-tolima\/#breadcrumb\"},\"inLanguage\":\"es-CO\",\"potentialAction\":[{\"@type\":\"ReadAction\",\"target\":[\"https:\/\/www.fiscalia.gov.co\/colombia\/seccionales\/a-juicio-excomisaria-de-familia-por-omision-en-alertas-que-pudieron-evitar-homicidio-de-nina-de-3-anos-en-armero-guayabal-tolima\/\"]}]},{\"@type\":\"BreadcrumbList\",\"@id\":\"https:\/\/www.fiscalia.gov.co\/colombia\/seccionales\/a-juicio-excomisaria-de-familia-por-omision-en-alertas-que-pudieron-evitar-homicidio-de-nina-de-3-anos-en-armero-guayabal-tolima\/#breadcrumb\",\"itemListElement\":[{\"@type\":\"ListItem\",\"position\":1,\"name\":\"Home\",\"item\":\"https:\/\/www.fiscalia.gov.co\/colombia\/\"},{\"@type\":\"ListItem\",\"position\":2,\"name\":\"A juicio excomisaria de familia por omisi\u00f3n en alertas que pudieron evitar homicidio de ni\u00f1a de 3 a\u00f1os en Armero-Guayabal (Tolima)\"}]},{\"@type\":\"WebSite\",\"@id\":\"https:\/\/www.fiscalia.gov.co\/colombia\/#website\",\"url\":\"https:\/\/www.fiscalia.gov.co\/colombia\/\",\"name\":\"Fiscal\u00eda General de la Naci\u00f3n\",\"description\":\"P\u00e1gina oficial de la Fiscal\u00eda General de la Naci\u00f3n \u2013 Colombia. Garantizamos el acceso efectivo a la justicia, la verdad y la reparaci\u00f3n de las v\u00edctimas de los delitos.\",\"publisher\":{\"@id\":\"https:\/\/www.fiscalia.gov.co\/colombia\/#organization\"},\"potentialAction\":[{\"@type\":\"SearchAction\",\"target\":{\"@type\":\"EntryPoint\",\"urlTemplate\":\"https:\/\/www.fiscalia.gov.co\/colombia\/?s={search_term_string}\"},\"query-input\":{\"@type\":\"PropertyValueSpecification\",\"valueRequired\":true,\"valueName\":\"search_term_string\"}}],\"inLanguage\":\"es-CO\"},{\"@type\":\"Organization\",\"@id\":\"https:\/\/www.fiscalia.gov.co\/colombia\/#organization\",\"name\":\"Fiscal\u00eda General de la Naci\u00f3n\",\"url\":\"https:\/\/www.fiscalia.gov.co\/colombia\/\",\"logo\":{\"@type\":\"ImageObject\",\"inLanguage\":\"es-CO\",\"@id\":\"https:\/\/www.fiscalia.gov.co\/colombia\/#\/schema\/logo\/image\/\",\"url\":\"https:\/\/www.fiscalia.gov.co\/colombia\/wp-content\/uploads\/LogoHorizontal_1.jpg\",\"contentUrl\":\"https:\/\/www.fiscalia.gov.co\/colombia\/wp-content\/uploads\/LogoHorizontal_1.jpg\",\"width\":300,\"height\":90,\"caption\":\"Fiscal\u00eda General de la Naci\u00f3n\"},\"image\":{\"@id\":\"https:\/\/www.fiscalia.gov.co\/colombia\/#\/schema\/logo\/image\/\"},\"sameAs\":[\"https:\/\/www.facebook.com\/FiscaliaCol\",\"https:\/\/x.com\/FiscaliaCol\",\"https:\/\/www.instagram.com\/fiscaliacol\",\"https:\/\/www.linkedin.com\/company\/fiscalia-general-de-la-naci-n\/\",\"https:\/\/youtube.com\/@fiscaliageneraldelanacion-4668?si=6nN79nyQICPU5iTh\"]},{\"@type\":\"Person\",\"@id\":\"https:\/\/www.fiscalia.gov.co\/colombia\/#\/schema\/person\/bf28d8ae7f1b287bbe3af484b04f43ea\",\"name\":\"Direcci\u00f3n de Comunicaciones Fiscal\u00eda General de la Naci\u00f3n\",\"image\":{\"@type\":\"ImageObject\",\"inLanguage\":\"es-CO\",\"@id\":\"https:\/\/www.fiscalia.gov.co\/colombia\/#\/schema\/person\/image\/\",\"url\":\"https:\/\/secure.gravatar.com\/avatar\/9d55ae161d32da16dbdd0b380c080a5f?s=96&d=mm&r=g\",\"contentUrl\":\"https:\/\/secure.gravatar.com\/avatar\/9d55ae161d32da16dbdd0b380c080a5f?s=96&d=mm&r=g\",\"caption\":\"Direcci\u00f3n de Comunicaciones Fiscal\u00eda General de la Naci\u00f3n\"},\"url\":\"https:\/\/www.fiscalia.gov.co\/colombia\/author\/kbonilla\/\"}]}<\/script>\n<!-- \/ Yoast SEO plugin. -->","yoast_head_json":{"title":"Fiscal\u00eda General de la Naci\u00f3n","description":"P\u00e1gina oficial de la Fiscal\u00eda General de la Naci\u00f3n \u2013 Colombia. Garantizamos el acceso efectivo a la justicia, la verdad y la reparaci\u00f3n de las v\u00edctimas de los delitos.","robots":{"index":"noindex","follow":"follow"},"og_locale":"es_ES","og_type":"article","og_title":"Fiscal\u00eda General de la Naci\u00f3n","og_description":"P\u00e1gina oficial de la Fiscal\u00eda General de la Naci\u00f3n \u2013 Colombia. Garantizamos el acceso efectivo a la justicia, la verdad y la reparaci\u00f3n de las v\u00edctimas de los delitos.","og_url":"https:\/\/www.fiscalia.gov.co\/colombia\/seccionales\/a-juicio-excomisaria-de-familia-por-omision-en-alertas-que-pudieron-evitar-homicidio-de-nina-de-3-anos-en-armero-guayabal-tolima\/","og_site_name":"Fiscal\u00eda General de la Naci\u00f3n","article_publisher":"https:\/\/www.facebook.com\/FiscaliaCol","article_published_time":"2019-10-22T22:08:00+00:00","author":"Direcci\u00f3n de Comunicaciones Fiscal\u00eda General de la Naci\u00f3n","twitter_card":"summary_large_image","twitter_creator":"@FiscaliaCol","twitter_site":"@FiscaliaCol","twitter_misc":{"Escrito por":"Direcci\u00f3n de Comunicaciones Fiscal\u00eda General de la Naci\u00f3n","Tiempo de lectura":"2 minutos"},"schema":{"@context":"https:\/\/schema.org","@graph":[{"@type":"Article","@id":"https:\/\/www.fiscalia.gov.co\/colombia\/seccionales\/a-juicio-excomisaria-de-familia-por-omision-en-alertas-que-pudieron-evitar-homicidio-de-nina-de-3-anos-en-armero-guayabal-tolima\/#article","isPartOf":{"@id":"https:\/\/www.fiscalia.gov.co\/colombia\/seccionales\/a-juicio-excomisaria-de-familia-por-omision-en-alertas-que-pudieron-evitar-homicidio-de-nina-de-3-anos-en-armero-guayabal-tolima\/"},"author":{"name":"Direcci\u00f3n de Comunicaciones Fiscal\u00eda General de la Naci\u00f3n","@id":"https:\/\/www.fiscalia.gov.co\/colombia\/#\/schema\/person\/bf28d8ae7f1b287bbe3af484b04f43ea"},"headline":"A juicio excomisaria de familia por omisi\u00f3n en alertas que pudieron evitar homicidio de ni\u00f1a de 3 a\u00f1os en Armero-Guayabal (Tolima)","datePublished":"2019-10-22T22:08:00+00:00","dateModified":"2019-10-22T22:08:00+00:00","mainEntityOfPage":{"@id":"https:\/\/www.fiscalia.gov.co\/colombia\/seccionales\/a-juicio-excomisaria-de-familia-por-omision-en-alertas-que-pudieron-evitar-homicidio-de-nina-de-3-anos-en-armero-guayabal-tolima\/"},"wordCount":470,"publisher":{"@id":"https:\/\/www.fiscalia.gov.co\/colombia\/#organization"},"articleSection":["Seccional Ibagu\u00e9","Seccionales","Seguridad territorial"],"inLanguage":"es-CO"},{"@type":"WebPage","@id":"https:\/\/www.fiscalia.gov.co\/colombia\/seccionales\/a-juicio-excomisaria-de-familia-por-omision-en-alertas-que-pudieron-evitar-homicidio-de-nina-de-3-anos-en-armero-guayabal-tolima\/","url":"https:\/\/www.fiscalia.gov.co\/colombia\/seccionales\/a-juicio-excomisaria-de-familia-por-omision-en-alertas-que-pudieron-evitar-homicidio-de-nina-de-3-anos-en-armero-guayabal-tolima\/","name":"Fiscal\u00eda General de la Naci\u00f3n","isPartOf":{"@id":"https:\/\/www.fiscalia.gov.co\/colombia\/#website"},"datePublished":"2019-10-22T22:08:00+00:00","dateModified":"2019-10-22T22:08:00+00:00","description":"P\u00e1gina oficial de la Fiscal\u00eda General de la Naci\u00f3n \u2013 Colombia. Garantizamos el acceso efectivo a la justicia, la verdad y la reparaci\u00f3n de las v\u00edctimas de los delitos.","breadcrumb":{"@id":"https:\/\/www.fiscalia.gov.co\/colombia\/seccionales\/a-juicio-excomisaria-de-familia-por-omision-en-alertas-que-pudieron-evitar-homicidio-de-nina-de-3-anos-en-armero-guayabal-tolima\/#breadcrumb"},"inLanguage":"es-CO","potentialAction":[{"@type":"ReadAction","target":["https:\/\/www.fiscalia.gov.co\/colombia\/seccionales\/a-juicio-excomisaria-de-familia-por-omision-en-alertas-que-pudieron-evitar-homicidio-de-nina-de-3-anos-en-armero-guayabal-tolima\/"]}]},{"@type":"BreadcrumbList","@id":"https:\/\/www.fiscalia.gov.co\/colombia\/seccionales\/a-juicio-excomisaria-de-familia-por-omision-en-alertas-que-pudieron-evitar-homicidio-de-nina-de-3-anos-en-armero-guayabal-tolima\/#breadcrumb","itemListElement":[{"@type":"ListItem","position":1,"name":"Home","item":"https:\/\/www.fiscalia.gov.co\/colombia\/"},{"@type":"ListItem","position":2,"name":"A juicio excomisaria de familia por omisi\u00f3n en alertas que pudieron evitar homicidio de ni\u00f1a de 3 a\u00f1os en Armero-Guayabal (Tolima)"}]},{"@type":"WebSite","@id":"https:\/\/www.fiscalia.gov.co\/colombia\/#website","url":"https:\/\/www.fiscalia.gov.co\/colombia\/","name":"Fiscal\u00eda General de la Naci\u00f3n","description":"P\u00e1gina oficial de la Fiscal\u00eda General de la Naci\u00f3n \u2013 Colombia. Garantizamos el acceso efectivo a la justicia, la verdad y la reparaci\u00f3n de las v\u00edctimas de los delitos.","publisher":{"@id":"https:\/\/www.fiscalia.gov.co\/colombia\/#organization"},"potentialAction":[{"@type":"SearchAction","target":{"@type":"EntryPoint","urlTemplate":"https:\/\/www.fiscalia.gov.co\/colombia\/?s={search_term_string}"},"query-input":{"@type":"PropertyValueSpecification","valueRequired":true,"valueName":"search_term_string"}}],"inLanguage":"es-CO"},{"@type":"Organization","@id":"https:\/\/www.fiscalia.gov.co\/colombia\/#organization","name":"Fiscal\u00eda General de la Naci\u00f3n","url":"https:\/\/www.fiscalia.gov.co\/colombia\/","logo":{"@type":"ImageObject","inLanguage":"es-CO","@id":"https:\/\/www.fiscalia.gov.co\/colombia\/#\/schema\/logo\/image\/","url":"https:\/\/www.fiscalia.gov.co\/colombia\/wp-content\/uploads\/LogoHorizontal_1.jpg","contentUrl":"https:\/\/www.fiscalia.gov.co\/colombia\/wp-content\/uploads\/LogoHorizontal_1.jpg","width":300,"height":90,"caption":"Fiscal\u00eda General de la Naci\u00f3n"},"image":{"@id":"https:\/\/www.fiscalia.gov.co\/colombia\/#\/schema\/logo\/image\/"},"sameAs":["https:\/\/www.facebook.com\/FiscaliaCol","https:\/\/x.com\/FiscaliaCol","https:\/\/www.instagram.com\/fiscaliacol","https:\/\/www.linkedin.com\/company\/fiscalia-general-de-la-naci-n\/","https:\/\/youtube.com\/@fiscaliageneraldelanacion-4668?si=6nN79nyQICPU5iTh"]},{"@type":"Person","@id":"https:\/\/www.fiscalia.gov.co\/colombia\/#\/schema\/person\/bf28d8ae7f1b287bbe3af484b04f43ea","name":"Direcci\u00f3n de Comunicaciones Fiscal\u00eda General de la Naci\u00f3n","image":{"@type":"ImageObject","inLanguage":"es-CO","@id":"https:\/\/www.fiscalia.gov.co\/colombia\/#\/schema\/person\/image\/","url":"https:\/\/secure.gravatar.com\/avatar\/9d55ae161d32da16dbdd0b380c080a5f?s=96&d=mm&r=g","contentUrl":"https:\/\/secure.gravatar.com\/avatar\/9d55ae161d32da16dbdd0b380c080a5f?s=96&d=mm&r=g","caption":"Direcci\u00f3n de Comunicaciones Fiscal\u00eda General de la Naci\u00f3n"},"url":"https:\/\/www.fiscalia.gov.co\/colombia\/author\/kbonilla\/"}]}},"_links":{"self":[{"href":"https:\/\/www.fiscalia.gov.co\/colombia\/wp-json\/wp\/v2\/posts\/185517","targetHints":{"allow":["GET"]}}],"collection":[{"href":"https:\/\/www.fiscalia.gov.co\/colombia\/wp-json\/wp\/v2\/posts"}],"about":[{"href":"https:\/\/www.fiscalia.gov.co\/colombia\/wp-json\/wp\/v2\/types\/post"}],"author":[{"embeddable":true,"href":"https:\/\/www.fiscalia.gov.co\/colombia\/wp-json\/wp\/v2\/users\/162"}],"replies":[{"embeddable":true,"href":"https:\/\/www.fiscalia.gov.co\/colombia\/wp-json\/wp\/v2\/comments?post=185517"}],"version-history":[{"count":1,"href":"https:\/\/www.fiscalia.gov.co\/colombia\/wp-json\/wp\/v2\/posts\/185517\/revisions"}],"predecessor-version":[{"id":185518,"href":"https:\/\/www.fiscalia.gov.co\/colombia\/wp-json\/wp\/v2\/posts\/185517\/revisions\/185518"}],"wp:attachment":[{"href":"https:\/\/www.fiscalia.gov.co\/colombia\/wp-json\/wp\/v2\/media?parent=185517"}],"wp:term":[{"taxonomy":"category","embeddable":true,"href":"https:\/\/www.fiscalia.gov.co\/colombia\/wp-json\/wp\/v2\/categories?post=185517"},{"taxonomy":"post_tag","embeddable":true,"href":"https:\/\/www.fiscalia.gov.co\/colombia\/wp-json\/wp\/v2\/tags?post=185517"}],"curies":[{"name":"wp","href":"https:\/\/api.w.org\/{rel}","templated":true}]}}