{"id":185142,"date":"2019-10-10T08:55:28","date_gmt":"2019-10-10T13:55:28","guid":{"rendered":"https:\/\/www.fiscalia.gov.co\/colombia\/?p=185142"},"modified":"2019-10-10T08:55:28","modified_gmt":"2019-10-10T13:55:28","slug":"56-capturados-en-estrategia-contra-el-homicidio-y-el-microtrafico-en-magdalena","status":"publish","type":"post","link":"https:\/\/www.fiscalia.gov.co\/colombia\/seccionales\/56-capturados-en-estrategia-contra-el-homicidio-y-el-microtrafico-en-magdalena\/","title":{"rendered":"56 capturados en estrategia contra el homicidio y el microtr\u00e1fico en Magdalena"},"content":{"rendered":"<blockquote class=\"td_quote_box td_box_center\">\n<h4 style=\"text-align: justify;\"><strong><span style=\"font-family: 'Arial',sans-serif;\">El operativo permiti\u00f3 impactar 4 organizaciones criminales, esclarecer cuatro homicidios perpetrados este a\u00f1o en Santa Marta, sacar del mercado m\u00e1s de 1000 dosis de estupefacientes y la incautaci\u00f3n de dinero en efectivo, as\u00ed como armas de fuego.<\/span><\/strong><\/h4>\n<\/blockquote>\n<p>En desarrollo del <strong>plan de priorizaci\u00f3n<\/strong> dispuesto por la Fiscal\u00eda General de la Naci\u00f3n para contrarrestar fen\u00f3menos criminales, la Delegada para la Seguridad Ciudadana del ente acusador \u2014a trav\u00e9s de la Direcci\u00f3n Seccional de Magdalena\u2014, en un trabajo articulado con la Polic\u00eda Nacional y el Ej\u00e9rcito, puso en marcha durante 4 d\u00edas la <strong>estrategia contra el homicidio<\/strong> (principalmente en la modalidad de sicariato) y el microtr\u00e1fico en ese departamento.<\/p>\n<p>Las operaciones, efectuadas por el CTI, la Dij\u00edn, la Polic\u00eda De Santa Marta y soldados del Gaula Ej\u00e9rcito y del Batall\u00f3n de Alta Monta\u00f1a, en los barrios Pesca\u00edto, Gaira y Mar\u00eda Eugenia, entre otros de esa ciudad, y en los municipios de Ci\u00e9naga y Sitionuevo, permitieron la captura de 54 personas (<strong>28 por orden judicial y 26 en flagrancia<\/strong>), otras dos personas fueron notificadas en la c\u00e1rcel Rodrigo de Bastidas de la capital samaria.<\/p>\n<p>De igual manera <strong>se impactaron 4<\/strong> <strong>organizaciones delincuenciales<\/strong> dedicadas al tr\u00e1fico de estupefacientes: Los de las Seis, Los de la Alterna y Los Salados, con presencia en Santa Marta, y Las Liebres que tiene injerencia en el municipio de Sitionuevo. A esta \u00faltima <strong>se le atribuye la instrumentalizaci\u00f3n de menores<\/strong>\u00a0de edad para la venta y distribuci\u00f3n de sustancias alucin\u00f3genas.<\/p>\n<p>Se presume que por lo menos la mitad de las personas capturadas conformar\u00edan las citadas organizaciones delincuenciales.<\/p>\n<p>Asimismo, las acciones operativas permitieron evidenciar que estas estructuras criminales tendr\u00edan v\u00ednculos con el Grupo Delictivo Organizado <strong>(GDO)<\/strong> <strong>Los Pachenca<\/strong>, como su principal proveedora de sustancias il\u00edcitas procedentes de la Sierra Nevada de Santa Marta, ya que seg\u00fan lo establecido es la banda que tiene el <strong>control territorial<\/strong> del manejo de la droga en el departamento.<\/p>\n<p>De acuerdo con el seguimiento a las finanzas criminales, por el negocio il\u00edcito estos cuatro grupos obten\u00edan <strong>ganancias mensuales<\/strong> de <strong>200 millones de pesos <\/strong>aproximadamente.<\/p>\n<p>Adicionalmente, durante las<strong> 115 diligencias de allanamiento <\/strong>que se adelantaron, las autoridades se incautaron de\u00a0m\u00e1s de <strong>1000 dosis de sustancias alucin\u00f3genas<\/strong>, 5 armas de fuego, munici\u00f3n de diferente calibre, 1 moto hurtada y <strong>19 millones de pesos. <\/strong>Tambi\u00e9n se logr\u00f3 la inmovilizaci\u00f3n de 22 motocicletas.<\/p>\n<p>Con dicha <strong>intervenci\u00f3n<\/strong> y por medio de labores investigativas se esclarecieron <strong>4 homicidios<\/strong> \u2014uno de ellos en tiempo r\u00e9cord\u2014 cometidos en la capital de Magdalena en el presente a\u00f1o. Se trata del crimen contra Starlin Dami\u00e1n Amador Mac\u00edas, perpetrado el 4 de octubre \u00faltimo por el cual fue asegurado en centro carcelario Maser Alith M\u00e1rquez S\u00e1nchez, alias Maquina, por los delitos de homicidio agravado en concurso heterog\u00e9neo con porte de arma de fuego.<\/p>\n<p>Jueces de control de garant\u00edas legalizaron las capturas y el ente acusador, por su parte, adelanta las imputaciones seg\u00fan la posible responsabilidad de los detenidos, por los delitos de <strong>homicidio, concierto para delinquir y tr\u00e1fico, fabricaci\u00f3n o porte de estupefacientes.<\/strong><\/p>\n<p>Esta estrategia, implementada primero en Medell\u00edn (Antioquia) hace un mes,<strong> ser\u00e1 replicada en tres ciudades<\/strong> m\u00e1s en los pr\u00f3ximos meses, tras analizar los \u00edndices de homicidios, as\u00ed como las zonas en las cuales se tiene presencia de acopio y comercializaci\u00f3n de estupefacientes, ya que existe una estrecha relaci\u00f3n entre este fen\u00f3meno y el delito de homicidio, con lo cual se pretende minimizar la comisi\u00f3n de cr\u00edmenes, esclarecer los hechos y judicializar a los responsables.<\/p>\n<p>La Fiscal\u00eda hace p\u00fablica esta informaci\u00f3n por razones de inter\u00e9s general.<\/p>\n<p>&nbsp;<\/p>\n<p>&nbsp;<\/p>\n<p>DLBM<\/p>\n\n<div class=\"twitter-share\"><a href=\"https:\/\/twitter.com\/intent\/tweet?via=fiscaliacol\" class=\"twitter-share-button\">Tweet<\/a><\/div>\n","protected":false},"excerpt":{"rendered":"<p>El operativo permiti\u00f3 impactar 4 organizaciones criminales, esclarecer cuatro homicidios perpetrados este a\u00f1o en Santa Marta, sacar del mercado m\u00e1s de 1000 dosis de estupefacientes y la incautaci\u00f3n de dinero en efectivo, as\u00ed como armas de fuego. En desarrollo del plan de priorizaci\u00f3n dispuesto por la Fiscal\u00eda General de la Naci\u00f3n para contrarrestar fen\u00f3menos criminales, [&hellip;]<\/p>\n","protected":false},"author":162,"featured_media":0,"comment_status":"closed","ping_status":"open","sticky":false,"template":"","format":"standard","meta":{"tdm_status":"","tdm_grid_status":"","footnotes":""},"categories":[339,303,24099],"tags":[],"class_list":{"0":"post-185142","1":"post","2":"type-post","3":"status-publish","4":"format-standard","6":"category-seccional-santa-marta","7":"category-seccionales","8":"category-seguridad-territorial"},"yoast_head":"<!-- This site is optimized with the Yoast SEO plugin v24.3 - https:\/\/yoast.com\/wordpress\/plugins\/seo\/ -->\n<title>Fiscal\u00eda General de la Naci\u00f3n<\/title>\n<meta name=\"description\" content=\"P\u00e1gina oficial de la Fiscal\u00eda General de la Naci\u00f3n \u2013 Colombia. Garantizamos el acceso efectivo a la justicia, la verdad y la reparaci\u00f3n de las v\u00edctimas de los delitos.\" \/>\n<meta name=\"robots\" content=\"noindex, follow\" \/>\n<meta property=\"og:locale\" content=\"es_ES\" \/>\n<meta property=\"og:type\" content=\"article\" \/>\n<meta property=\"og:title\" content=\"Fiscal\u00eda General de la Naci\u00f3n\" \/>\n<meta property=\"og:description\" content=\"P\u00e1gina oficial de la Fiscal\u00eda General de la Naci\u00f3n \u2013 Colombia. Garantizamos el acceso efectivo a la justicia, la verdad y la reparaci\u00f3n de las v\u00edctimas de los delitos.\" \/>\n<meta property=\"og:url\" content=\"https:\/\/www.fiscalia.gov.co\/colombia\/seccionales\/56-capturados-en-estrategia-contra-el-homicidio-y-el-microtrafico-en-magdalena\/\" \/>\n<meta property=\"og:site_name\" content=\"Fiscal\u00eda General de la Naci\u00f3n\" \/>\n<meta property=\"article:publisher\" content=\"https:\/\/www.facebook.com\/FiscaliaCol\" \/>\n<meta property=\"article:published_time\" content=\"2019-10-10T13:55:28+00:00\" \/>\n<meta name=\"author\" content=\"Direcci\u00f3n de Comunicaciones Fiscal\u00eda General de la Naci\u00f3n\" \/>\n<meta name=\"twitter:card\" content=\"summary_large_image\" \/>\n<meta name=\"twitter:creator\" content=\"@FiscaliaCol\" \/>\n<meta name=\"twitter:site\" content=\"@FiscaliaCol\" \/>\n<meta name=\"twitter:label1\" content=\"Escrito por\" \/>\n\t<meta name=\"twitter:data1\" content=\"Direcci\u00f3n de Comunicaciones Fiscal\u00eda General de la Naci\u00f3n\" \/>\n\t<meta name=\"twitter:label2\" content=\"Tiempo de lectura\" \/>\n\t<meta name=\"twitter:data2\" content=\"3 minutos\" \/>\n<script type=\"application\/ld+json\" class=\"yoast-schema-graph\">{\"@context\":\"https:\/\/schema.org\",\"@graph\":[{\"@type\":\"Article\",\"@id\":\"https:\/\/www.fiscalia.gov.co\/colombia\/seccionales\/56-capturados-en-estrategia-contra-el-homicidio-y-el-microtrafico-en-magdalena\/#article\",\"isPartOf\":{\"@id\":\"https:\/\/www.fiscalia.gov.co\/colombia\/seccionales\/56-capturados-en-estrategia-contra-el-homicidio-y-el-microtrafico-en-magdalena\/\"},\"author\":{\"name\":\"Direcci\u00f3n de Comunicaciones Fiscal\u00eda General de la Naci\u00f3n\",\"@id\":\"https:\/\/www.fiscalia.gov.co\/colombia\/#\/schema\/person\/bf28d8ae7f1b287bbe3af484b04f43ea\"},\"headline\":\"56 capturados en estrategia contra el homicidio y el microtr\u00e1fico en Magdalena\",\"datePublished\":\"2019-10-10T13:55:28+00:00\",\"dateModified\":\"2019-10-10T13:55:28+00:00\",\"mainEntityOfPage\":{\"@id\":\"https:\/\/www.fiscalia.gov.co\/colombia\/seccionales\/56-capturados-en-estrategia-contra-el-homicidio-y-el-microtrafico-en-magdalena\/\"},\"wordCount\":643,\"publisher\":{\"@id\":\"https:\/\/www.fiscalia.gov.co\/colombia\/#organization\"},\"articleSection\":[\"Seccional Santa Marta\",\"Seccionales\",\"Seguridad territorial\"],\"inLanguage\":\"es-CO\"},{\"@type\":\"WebPage\",\"@id\":\"https:\/\/www.fiscalia.gov.co\/colombia\/seccionales\/56-capturados-en-estrategia-contra-el-homicidio-y-el-microtrafico-en-magdalena\/\",\"url\":\"https:\/\/www.fiscalia.gov.co\/colombia\/seccionales\/56-capturados-en-estrategia-contra-el-homicidio-y-el-microtrafico-en-magdalena\/\",\"name\":\"Fiscal\u00eda General de la Naci\u00f3n\",\"isPartOf\":{\"@id\":\"https:\/\/www.fiscalia.gov.co\/colombia\/#website\"},\"datePublished\":\"2019-10-10T13:55:28+00:00\",\"dateModified\":\"2019-10-10T13:55:28+00:00\",\"description\":\"P\u00e1gina oficial de la Fiscal\u00eda General de la Naci\u00f3n \u2013 Colombia. Garantizamos el acceso efectivo a la justicia, la verdad y la reparaci\u00f3n de las v\u00edctimas de los delitos.\",\"breadcrumb\":{\"@id\":\"https:\/\/www.fiscalia.gov.co\/colombia\/seccionales\/56-capturados-en-estrategia-contra-el-homicidio-y-el-microtrafico-en-magdalena\/#breadcrumb\"},\"inLanguage\":\"es-CO\",\"potentialAction\":[{\"@type\":\"ReadAction\",\"target\":[\"https:\/\/www.fiscalia.gov.co\/colombia\/seccionales\/56-capturados-en-estrategia-contra-el-homicidio-y-el-microtrafico-en-magdalena\/\"]}]},{\"@type\":\"BreadcrumbList\",\"@id\":\"https:\/\/www.fiscalia.gov.co\/colombia\/seccionales\/56-capturados-en-estrategia-contra-el-homicidio-y-el-microtrafico-en-magdalena\/#breadcrumb\",\"itemListElement\":[{\"@type\":\"ListItem\",\"position\":1,\"name\":\"Home\",\"item\":\"https:\/\/www.fiscalia.gov.co\/colombia\/\"},{\"@type\":\"ListItem\",\"position\":2,\"name\":\"56 capturados en estrategia contra el homicidio y el microtr\u00e1fico en Magdalena\"}]},{\"@type\":\"WebSite\",\"@id\":\"https:\/\/www.fiscalia.gov.co\/colombia\/#website\",\"url\":\"https:\/\/www.fiscalia.gov.co\/colombia\/\",\"name\":\"Fiscal\u00eda General de la Naci\u00f3n\",\"description\":\"P\u00e1gina oficial de la Fiscal\u00eda General de la Naci\u00f3n \u2013 Colombia. Garantizamos el acceso efectivo a la justicia, la verdad y la reparaci\u00f3n de las v\u00edctimas de los delitos.\",\"publisher\":{\"@id\":\"https:\/\/www.fiscalia.gov.co\/colombia\/#organization\"},\"potentialAction\":[{\"@type\":\"SearchAction\",\"target\":{\"@type\":\"EntryPoint\",\"urlTemplate\":\"https:\/\/www.fiscalia.gov.co\/colombia\/?s={search_term_string}\"},\"query-input\":{\"@type\":\"PropertyValueSpecification\",\"valueRequired\":true,\"valueName\":\"search_term_string\"}}],\"inLanguage\":\"es-CO\"},{\"@type\":\"Organization\",\"@id\":\"https:\/\/www.fiscalia.gov.co\/colombia\/#organization\",\"name\":\"Fiscal\u00eda General de la Naci\u00f3n\",\"url\":\"https:\/\/www.fiscalia.gov.co\/colombia\/\",\"logo\":{\"@type\":\"ImageObject\",\"inLanguage\":\"es-CO\",\"@id\":\"https:\/\/www.fiscalia.gov.co\/colombia\/#\/schema\/logo\/image\/\",\"url\":\"https:\/\/www.fiscalia.gov.co\/colombia\/wp-content\/uploads\/LogoHorizontal_1.jpg\",\"contentUrl\":\"https:\/\/www.fiscalia.gov.co\/colombia\/wp-content\/uploads\/LogoHorizontal_1.jpg\",\"width\":300,\"height\":90,\"caption\":\"Fiscal\u00eda General de la Naci\u00f3n\"},\"image\":{\"@id\":\"https:\/\/www.fiscalia.gov.co\/colombia\/#\/schema\/logo\/image\/\"},\"sameAs\":[\"https:\/\/www.facebook.com\/FiscaliaCol\",\"https:\/\/x.com\/FiscaliaCol\",\"https:\/\/www.instagram.com\/fiscaliacol\",\"https:\/\/www.linkedin.com\/company\/fiscalia-general-de-la-naci-n\/\",\"https:\/\/youtube.com\/@fiscaliageneraldelanacion-4668?si=6nN79nyQICPU5iTh\"]},{\"@type\":\"Person\",\"@id\":\"https:\/\/www.fiscalia.gov.co\/colombia\/#\/schema\/person\/bf28d8ae7f1b287bbe3af484b04f43ea\",\"name\":\"Direcci\u00f3n de Comunicaciones Fiscal\u00eda General de la Naci\u00f3n\",\"image\":{\"@type\":\"ImageObject\",\"inLanguage\":\"es-CO\",\"@id\":\"https:\/\/www.fiscalia.gov.co\/colombia\/#\/schema\/person\/image\/\",\"url\":\"https:\/\/secure.gravatar.com\/avatar\/9d55ae161d32da16dbdd0b380c080a5f?s=96&d=mm&r=g\",\"contentUrl\":\"https:\/\/secure.gravatar.com\/avatar\/9d55ae161d32da16dbdd0b380c080a5f?s=96&d=mm&r=g\",\"caption\":\"Direcci\u00f3n de Comunicaciones Fiscal\u00eda General de la Naci\u00f3n\"},\"url\":\"https:\/\/www.fiscalia.gov.co\/colombia\/author\/kbonilla\/\"}]}<\/script>\n<!-- \/ Yoast SEO plugin. -->","yoast_head_json":{"title":"Fiscal\u00eda General de la Naci\u00f3n","description":"P\u00e1gina oficial de la Fiscal\u00eda General de la Naci\u00f3n \u2013 Colombia. Garantizamos el acceso efectivo a la justicia, la verdad y la reparaci\u00f3n de las v\u00edctimas de los delitos.","robots":{"index":"noindex","follow":"follow"},"og_locale":"es_ES","og_type":"article","og_title":"Fiscal\u00eda General de la Naci\u00f3n","og_description":"P\u00e1gina oficial de la Fiscal\u00eda General de la Naci\u00f3n \u2013 Colombia. Garantizamos el acceso efectivo a la justicia, la verdad y la reparaci\u00f3n de las v\u00edctimas de los delitos.","og_url":"https:\/\/www.fiscalia.gov.co\/colombia\/seccionales\/56-capturados-en-estrategia-contra-el-homicidio-y-el-microtrafico-en-magdalena\/","og_site_name":"Fiscal\u00eda General de la Naci\u00f3n","article_publisher":"https:\/\/www.facebook.com\/FiscaliaCol","article_published_time":"2019-10-10T13:55:28+00:00","author":"Direcci\u00f3n de Comunicaciones Fiscal\u00eda General de la Naci\u00f3n","twitter_card":"summary_large_image","twitter_creator":"@FiscaliaCol","twitter_site":"@FiscaliaCol","twitter_misc":{"Escrito por":"Direcci\u00f3n de Comunicaciones Fiscal\u00eda General de la Naci\u00f3n","Tiempo de lectura":"3 minutos"},"schema":{"@context":"https:\/\/schema.org","@graph":[{"@type":"Article","@id":"https:\/\/www.fiscalia.gov.co\/colombia\/seccionales\/56-capturados-en-estrategia-contra-el-homicidio-y-el-microtrafico-en-magdalena\/#article","isPartOf":{"@id":"https:\/\/www.fiscalia.gov.co\/colombia\/seccionales\/56-capturados-en-estrategia-contra-el-homicidio-y-el-microtrafico-en-magdalena\/"},"author":{"name":"Direcci\u00f3n de Comunicaciones Fiscal\u00eda General de la Naci\u00f3n","@id":"https:\/\/www.fiscalia.gov.co\/colombia\/#\/schema\/person\/bf28d8ae7f1b287bbe3af484b04f43ea"},"headline":"56 capturados en estrategia contra el homicidio y el microtr\u00e1fico en Magdalena","datePublished":"2019-10-10T13:55:28+00:00","dateModified":"2019-10-10T13:55:28+00:00","mainEntityOfPage":{"@id":"https:\/\/www.fiscalia.gov.co\/colombia\/seccionales\/56-capturados-en-estrategia-contra-el-homicidio-y-el-microtrafico-en-magdalena\/"},"wordCount":643,"publisher":{"@id":"https:\/\/www.fiscalia.gov.co\/colombia\/#organization"},"articleSection":["Seccional Santa Marta","Seccionales","Seguridad territorial"],"inLanguage":"es-CO"},{"@type":"WebPage","@id":"https:\/\/www.fiscalia.gov.co\/colombia\/seccionales\/56-capturados-en-estrategia-contra-el-homicidio-y-el-microtrafico-en-magdalena\/","url":"https:\/\/www.fiscalia.gov.co\/colombia\/seccionales\/56-capturados-en-estrategia-contra-el-homicidio-y-el-microtrafico-en-magdalena\/","name":"Fiscal\u00eda General de la Naci\u00f3n","isPartOf":{"@id":"https:\/\/www.fiscalia.gov.co\/colombia\/#website"},"datePublished":"2019-10-10T13:55:28+00:00","dateModified":"2019-10-10T13:55:28+00:00","description":"P\u00e1gina oficial de la Fiscal\u00eda General de la Naci\u00f3n \u2013 Colombia. Garantizamos el acceso efectivo a la justicia, la verdad y la reparaci\u00f3n de las v\u00edctimas de los delitos.","breadcrumb":{"@id":"https:\/\/www.fiscalia.gov.co\/colombia\/seccionales\/56-capturados-en-estrategia-contra-el-homicidio-y-el-microtrafico-en-magdalena\/#breadcrumb"},"inLanguage":"es-CO","potentialAction":[{"@type":"ReadAction","target":["https:\/\/www.fiscalia.gov.co\/colombia\/seccionales\/56-capturados-en-estrategia-contra-el-homicidio-y-el-microtrafico-en-magdalena\/"]}]},{"@type":"BreadcrumbList","@id":"https:\/\/www.fiscalia.gov.co\/colombia\/seccionales\/56-capturados-en-estrategia-contra-el-homicidio-y-el-microtrafico-en-magdalena\/#breadcrumb","itemListElement":[{"@type":"ListItem","position":1,"name":"Home","item":"https:\/\/www.fiscalia.gov.co\/colombia\/"},{"@type":"ListItem","position":2,"name":"56 capturados en estrategia contra el homicidio y el microtr\u00e1fico en Magdalena"}]},{"@type":"WebSite","@id":"https:\/\/www.fiscalia.gov.co\/colombia\/#website","url":"https:\/\/www.fiscalia.gov.co\/colombia\/","name":"Fiscal\u00eda General de la Naci\u00f3n","description":"P\u00e1gina oficial de la Fiscal\u00eda General de la Naci\u00f3n \u2013 Colombia. Garantizamos el acceso efectivo a la justicia, la verdad y la reparaci\u00f3n de las v\u00edctimas de los delitos.","publisher":{"@id":"https:\/\/www.fiscalia.gov.co\/colombia\/#organization"},"potentialAction":[{"@type":"SearchAction","target":{"@type":"EntryPoint","urlTemplate":"https:\/\/www.fiscalia.gov.co\/colombia\/?s={search_term_string}"},"query-input":{"@type":"PropertyValueSpecification","valueRequired":true,"valueName":"search_term_string"}}],"inLanguage":"es-CO"},{"@type":"Organization","@id":"https:\/\/www.fiscalia.gov.co\/colombia\/#organization","name":"Fiscal\u00eda General de la Naci\u00f3n","url":"https:\/\/www.fiscalia.gov.co\/colombia\/","logo":{"@type":"ImageObject","inLanguage":"es-CO","@id":"https:\/\/www.fiscalia.gov.co\/colombia\/#\/schema\/logo\/image\/","url":"https:\/\/www.fiscalia.gov.co\/colombia\/wp-content\/uploads\/LogoHorizontal_1.jpg","contentUrl":"https:\/\/www.fiscalia.gov.co\/colombia\/wp-content\/uploads\/LogoHorizontal_1.jpg","width":300,"height":90,"caption":"Fiscal\u00eda General de la Naci\u00f3n"},"image":{"@id":"https:\/\/www.fiscalia.gov.co\/colombia\/#\/schema\/logo\/image\/"},"sameAs":["https:\/\/www.facebook.com\/FiscaliaCol","https:\/\/x.com\/FiscaliaCol","https:\/\/www.instagram.com\/fiscaliacol","https:\/\/www.linkedin.com\/company\/fiscalia-general-de-la-naci-n\/","https:\/\/youtube.com\/@fiscaliageneraldelanacion-4668?si=6nN79nyQICPU5iTh"]},{"@type":"Person","@id":"https:\/\/www.fiscalia.gov.co\/colombia\/#\/schema\/person\/bf28d8ae7f1b287bbe3af484b04f43ea","name":"Direcci\u00f3n de Comunicaciones Fiscal\u00eda General de la Naci\u00f3n","image":{"@type":"ImageObject","inLanguage":"es-CO","@id":"https:\/\/www.fiscalia.gov.co\/colombia\/#\/schema\/person\/image\/","url":"https:\/\/secure.gravatar.com\/avatar\/9d55ae161d32da16dbdd0b380c080a5f?s=96&d=mm&r=g","contentUrl":"https:\/\/secure.gravatar.com\/avatar\/9d55ae161d32da16dbdd0b380c080a5f?s=96&d=mm&r=g","caption":"Direcci\u00f3n de Comunicaciones Fiscal\u00eda General de la Naci\u00f3n"},"url":"https:\/\/www.fiscalia.gov.co\/colombia\/author\/kbonilla\/"}]}},"_links":{"self":[{"href":"https:\/\/www.fiscalia.gov.co\/colombia\/wp-json\/wp\/v2\/posts\/185142","targetHints":{"allow":["GET"]}}],"collection":[{"href":"https:\/\/www.fiscalia.gov.co\/colombia\/wp-json\/wp\/v2\/posts"}],"about":[{"href":"https:\/\/www.fiscalia.gov.co\/colombia\/wp-json\/wp\/v2\/types\/post"}],"author":[{"embeddable":true,"href":"https:\/\/www.fiscalia.gov.co\/colombia\/wp-json\/wp\/v2\/users\/162"}],"replies":[{"embeddable":true,"href":"https:\/\/www.fiscalia.gov.co\/colombia\/wp-json\/wp\/v2\/comments?post=185142"}],"version-history":[{"count":1,"href":"https:\/\/www.fiscalia.gov.co\/colombia\/wp-json\/wp\/v2\/posts\/185142\/revisions"}],"predecessor-version":[{"id":185143,"href":"https:\/\/www.fiscalia.gov.co\/colombia\/wp-json\/wp\/v2\/posts\/185142\/revisions\/185143"}],"wp:attachment":[{"href":"https:\/\/www.fiscalia.gov.co\/colombia\/wp-json\/wp\/v2\/media?parent=185142"}],"wp:term":[{"taxonomy":"category","embeddable":true,"href":"https:\/\/www.fiscalia.gov.co\/colombia\/wp-json\/wp\/v2\/categories?post=185142"},{"taxonomy":"post_tag","embeddable":true,"href":"https:\/\/www.fiscalia.gov.co\/colombia\/wp-json\/wp\/v2\/tags?post=185142"}],"curies":[{"name":"wp","href":"https:\/\/api.w.org\/{rel}","templated":true}]}}