{"id":185062,"date":"2019-10-08T16:44:49","date_gmt":"2019-10-08T21:44:49","guid":{"rendered":"https:\/\/www.fiscalia.gov.co\/colombia\/?p=185062"},"modified":"2019-10-08T16:44:49","modified_gmt":"2019-10-08T21:44:49","slug":"fiscalia-imputo-cargos-por-homicidio-culposo-a-tres-medicos-tolimenses","status":"publish","type":"post","link":"https:\/\/www.fiscalia.gov.co\/colombia\/seccionales\/fiscalia-imputo-cargos-por-homicidio-culposo-a-tres-medicos-tolimenses\/","title":{"rendered":"Fiscal\u00eda imput\u00f3 cargos por homicidio culposo a tres m\u00e9dicos tolimenses"},"content":{"rendered":"<blockquote class=\"td_quote_box td_box_center\">\n<h4><strong>Una doctora le habr\u00eda aplicado a una paciente una sustancia que le ocasion\u00f3 alteraciones de conciencia. S\u00f3lo la llev\u00f3 siete horas despu\u00e9s a urgencias en donde le volvieron a aplicar la misma medicaci\u00f3n provoc\u00e1ndole un paro cardiorrespiratorio que obligaba a atenci\u00f3n especializada en la UCI, pero el m\u00e9dico de turno no la recibi\u00f3 porque no hab\u00eda camas disponibles.\u00a0 <\/strong><\/h4>\n<\/blockquote>\n<p>Ante el Juzgado 7\u00b0 Penal Municipal, con funciones de control de garant\u00edas de la Ibagu\u00e9 (Tolima), la Fiscal\u00eda a trav\u00e9s de un despacho de la Unidad de Vida le imput\u00f3 cargos a tres m\u00e9dicos por el delito de <strong>homicidio culposo<\/strong>, por hechos que tuvieron lugar en el Hospital Federico Lleras Acosta en abril del a\u00f1o 2011, cuando al parecer, por <strong>negligencia m\u00e9dica<\/strong> permitieron que muriera una de sus pacientes.<\/p>\n<p>Las investigaciones del caso dan cuenta de que los galenos habr\u00edan incurrido en varias faltas y omisiones de protocolos b\u00e1sicos en la atenci\u00f3n que llevaron a la muerte de Beatriz Sandoval Guayara.<\/p>\n<p><strong>La consulta<\/strong><\/p>\n<p>La v\u00edctima de 44 a\u00f1os, seg\u00fan reposa en los expedientes de la Fiscal\u00eda, fue a consulta porque desde hac\u00eda 6 meses ven\u00eda perdiendo peso de manera progresiva y sin explicaci\u00f3n alguna, por lo que le mandaron a hacerse una endoscopia de v\u00edas digestivas altas, lo cual realiz\u00f3 de manera particular en el consultorio de la doctora Giovanna Suzette Parra Gil, el 31 de marzo de ese a\u00f1o.<\/p>\n<p>Durante el procedimiento, Sandoval Guayara al parecer no tuvo tolerancia a la anestesia local por lo que la m\u00e9dica le sugiri\u00f3 sedaci\u00f3n completa y ella accedi\u00f3. Fue entonces cuando le aplicaron 2 miligramos de midozolam <em>(benzodiazepina utilizada como ansiol\u00edtico o en procesos ligeramente dolorosos)<\/em> y deb\u00eda despertar entre una hora y dos horas despu\u00e9s.<\/p>\n<p>Sin embargo, la paciente tuvo problemas para hacerlo y present\u00f3 alteraciones de conciencia siendo llevada s\u00f3lo hasta siete horas despu\u00e9s por la misma doctora al hospital local de la ciudad, puesto que abr\u00eda los ojos pero estaba en <strong>estado<\/strong> <strong>disociativo<\/strong> \u2014sin hablar ni reconocer a nadie\u2014.<\/p>\n<p>La mujer entr\u00f3 por urgencias con diagn\u00f3stico de hipoglicemia prolongada por ayuno, por lo que fue dejada en observaci\u00f3n para practicarle varios ex\u00e1menes, entre ellos un tac cerebral en el que utilizaron la misma sedaci\u00f3n que al parecer ya le hab\u00eda ocasionado un deterioro neurol\u00f3gico. El procedimiento lo realiz\u00f3 el doctor Javier Vanegas Betancourt, y momentos despu\u00e9s la mujer sufri\u00f3 un paro cardiorrespiratorio que fue asistido por \u00e9l mismo galeno, quien logr\u00f3 estabilizarla. No obstante, horas despu\u00e9s muri\u00f3 a la espera de haber sido ingresada a la Unidad de Cuidados Intermedios, puesto que no la llevaron por falta de camas, seg\u00fan reporte del m\u00e9dico de turno \u00c1lvaro Monroy Mosos.<\/p>\n<p>Finalmente Monroy Mosos decret\u00f3 la muerte cuatro horas despu\u00e9s de haber sufrido el paro.<\/p>\n<p><strong>Negligencia m\u00e9dica<\/strong><\/p>\n<p>Para la Fiscal\u00eda, a la paciente nunca le fue suministrada la valoraci\u00f3n especializada por medicina interna y neurol\u00f3gica, que se hab\u00eda solicitado de manera inicial a su ingreso por urgencias.<\/p>\n<p>De igual manera encuentra una falla descomunal en la acci\u00f3n del m\u00e9dico Vanegas Betancourt, de haberle aplicado m\u00e1s medizolam para la realizaci\u00f3n del tac; sustancia que al parecer hab\u00eda alterado a la paciente y por lo cual hab\u00eda ingresado al hospital, y con la nueva aplicaci\u00f3n acabar\u00eda por agravar su condici\u00f3n, siendo este un acto imprudente, lesivo y negligente.<\/p>\n<p><strong>Ninguno de los procesados acept\u00f3 los cargos<\/strong> y deber\u00e1n seguir compareciendo al proceso.<\/p>\n<p>La Fiscal\u00eda hace p\u00fablica esta informaci\u00f3n por razones de inter\u00e9s general.<\/p>\n<p>&nbsp;<\/p>\n<p>PAAM\/DLBM<\/p>\n<p>&nbsp;<\/p>\n<p>&nbsp;<\/p>\n\n<div class=\"twitter-share\"><a href=\"https:\/\/twitter.com\/intent\/tweet?via=fiscaliacol\" class=\"twitter-share-button\">Tweet<\/a><\/div>\n","protected":false},"excerpt":{"rendered":"<p>Una doctora le habr\u00eda aplicado a una paciente una sustancia que le ocasion\u00f3 alteraciones de conciencia. S\u00f3lo la llev\u00f3 siete horas despu\u00e9s a urgencias en donde le volvieron a aplicar [&hellip;]<\/p>\n","protected":false},"author":162,"featured_media":0,"comment_status":"closed","ping_status":"open","sticky":false,"template":"","format":"standard","meta":{"tdm_status":"","tdm_grid_status":"","footnotes":""},"categories":[329,303,24099],"tags":[],"class_list":["post-185062","post","type-post","status-publish","format-standard","category-seccional-ibague","category-seccionales","category-seguridad-territorial"],"yoast_head":"<!-- This site is optimized with the Yoast SEO plugin v24.3 - https:\/\/yoast.com\/wordpress\/plugins\/seo\/ -->\n<title>Fiscal\u00eda General de la Naci\u00f3n<\/title>\n<meta name=\"description\" content=\"P\u00e1gina oficial de la Fiscal\u00eda General de la Naci\u00f3n \u2013 Colombia. Garantizamos el acceso efectivo a la justicia, la verdad y la reparaci\u00f3n de las v\u00edctimas de los delitos.\" \/>\n<meta name=\"robots\" content=\"noindex, follow\" \/>\n<meta property=\"og:locale\" content=\"es_ES\" \/>\n<meta property=\"og:type\" content=\"article\" \/>\n<meta property=\"og:title\" content=\"Fiscal\u00eda General de la Naci\u00f3n\" \/>\n<meta property=\"og:description\" content=\"P\u00e1gina oficial de la Fiscal\u00eda General de la Naci\u00f3n \u2013 Colombia. Garantizamos el acceso efectivo a la justicia, la verdad y la reparaci\u00f3n de las v\u00edctimas de los delitos.\" \/>\n<meta property=\"og:url\" content=\"https:\/\/www.fiscalia.gov.co\/colombia\/seccionales\/fiscalia-imputo-cargos-por-homicidio-culposo-a-tres-medicos-tolimenses\/\" \/>\n<meta property=\"og:site_name\" content=\"Fiscal\u00eda General de la Naci\u00f3n\" \/>\n<meta property=\"article:publisher\" content=\"https:\/\/www.facebook.com\/FiscaliaCol\" \/>\n<meta property=\"article:published_time\" content=\"2019-10-08T21:44:49+00:00\" \/>\n<meta name=\"author\" content=\"Direcci\u00f3n de Comunicaciones Fiscal\u00eda General de la Naci\u00f3n\" \/>\n<meta name=\"twitter:card\" content=\"summary_large_image\" \/>\n<meta name=\"twitter:creator\" content=\"@FiscaliaCol\" \/>\n<meta name=\"twitter:site\" content=\"@FiscaliaCol\" \/>\n<meta name=\"twitter:label1\" content=\"Escrito por\" \/>\n\t<meta name=\"twitter:data1\" content=\"Direcci\u00f3n de Comunicaciones Fiscal\u00eda General de la Naci\u00f3n\" \/>\n\t<meta name=\"twitter:label2\" content=\"Tiempo de lectura\" \/>\n\t<meta name=\"twitter:data2\" content=\"3 minutos\" \/>\n<script type=\"application\/ld+json\" class=\"yoast-schema-graph\">{\"@context\":\"https:\/\/schema.org\",\"@graph\":[{\"@type\":\"Article\",\"@id\":\"https:\/\/www.fiscalia.gov.co\/colombia\/seccionales\/fiscalia-imputo-cargos-por-homicidio-culposo-a-tres-medicos-tolimenses\/#article\",\"isPartOf\":{\"@id\":\"https:\/\/www.fiscalia.gov.co\/colombia\/seccionales\/fiscalia-imputo-cargos-por-homicidio-culposo-a-tres-medicos-tolimenses\/\"},\"author\":{\"name\":\"Direcci\u00f3n de Comunicaciones Fiscal\u00eda General de la Naci\u00f3n\",\"@id\":\"https:\/\/www.fiscalia.gov.co\/colombia\/#\/schema\/person\/bf28d8ae7f1b287bbe3af484b04f43ea\"},\"headline\":\"Fiscal\u00eda imput\u00f3 cargos por homicidio culposo a tres m\u00e9dicos tolimenses\",\"datePublished\":\"2019-10-08T21:44:49+00:00\",\"dateModified\":\"2019-10-08T21:44:49+00:00\",\"mainEntityOfPage\":{\"@id\":\"https:\/\/www.fiscalia.gov.co\/colombia\/seccionales\/fiscalia-imputo-cargos-por-homicidio-culposo-a-tres-medicos-tolimenses\/\"},\"wordCount\":641,\"publisher\":{\"@id\":\"https:\/\/www.fiscalia.gov.co\/colombia\/#organization\"},\"articleSection\":[\"Seccional Ibagu\u00e9\",\"Seccionales\",\"Seguridad territorial\"],\"inLanguage\":\"es-CO\"},{\"@type\":\"WebPage\",\"@id\":\"https:\/\/www.fiscalia.gov.co\/colombia\/seccionales\/fiscalia-imputo-cargos-por-homicidio-culposo-a-tres-medicos-tolimenses\/\",\"url\":\"https:\/\/www.fiscalia.gov.co\/colombia\/seccionales\/fiscalia-imputo-cargos-por-homicidio-culposo-a-tres-medicos-tolimenses\/\",\"name\":\"Fiscal\u00eda General de la Naci\u00f3n\",\"isPartOf\":{\"@id\":\"https:\/\/www.fiscalia.gov.co\/colombia\/#website\"},\"datePublished\":\"2019-10-08T21:44:49+00:00\",\"dateModified\":\"2019-10-08T21:44:49+00:00\",\"description\":\"P\u00e1gina oficial de la Fiscal\u00eda General de la Naci\u00f3n \u2013 Colombia. Garantizamos el acceso efectivo a la justicia, la verdad y la reparaci\u00f3n de las v\u00edctimas de los delitos.\",\"breadcrumb\":{\"@id\":\"https:\/\/www.fiscalia.gov.co\/colombia\/seccionales\/fiscalia-imputo-cargos-por-homicidio-culposo-a-tres-medicos-tolimenses\/#breadcrumb\"},\"inLanguage\":\"es-CO\",\"potentialAction\":[{\"@type\":\"ReadAction\",\"target\":[\"https:\/\/www.fiscalia.gov.co\/colombia\/seccionales\/fiscalia-imputo-cargos-por-homicidio-culposo-a-tres-medicos-tolimenses\/\"]}]},{\"@type\":\"BreadcrumbList\",\"@id\":\"https:\/\/www.fiscalia.gov.co\/colombia\/seccionales\/fiscalia-imputo-cargos-por-homicidio-culposo-a-tres-medicos-tolimenses\/#breadcrumb\",\"itemListElement\":[{\"@type\":\"ListItem\",\"position\":1,\"name\":\"Home\",\"item\":\"https:\/\/www.fiscalia.gov.co\/colombia\/\"},{\"@type\":\"ListItem\",\"position\":2,\"name\":\"Fiscal\u00eda imput\u00f3 cargos por homicidio culposo a tres m\u00e9dicos tolimenses\"}]},{\"@type\":\"WebSite\",\"@id\":\"https:\/\/www.fiscalia.gov.co\/colombia\/#website\",\"url\":\"https:\/\/www.fiscalia.gov.co\/colombia\/\",\"name\":\"Fiscal\u00eda General de la Naci\u00f3n\",\"description\":\"P\u00e1gina oficial de la Fiscal\u00eda General de la Naci\u00f3n \u2013 Colombia. Garantizamos el acceso efectivo a la justicia, la verdad y la reparaci\u00f3n de las v\u00edctimas de los delitos.\",\"publisher\":{\"@id\":\"https:\/\/www.fiscalia.gov.co\/colombia\/#organization\"},\"potentialAction\":[{\"@type\":\"SearchAction\",\"target\":{\"@type\":\"EntryPoint\",\"urlTemplate\":\"https:\/\/www.fiscalia.gov.co\/colombia\/?s={search_term_string}\"},\"query-input\":{\"@type\":\"PropertyValueSpecification\",\"valueRequired\":true,\"valueName\":\"search_term_string\"}}],\"inLanguage\":\"es-CO\"},{\"@type\":\"Organization\",\"@id\":\"https:\/\/www.fiscalia.gov.co\/colombia\/#organization\",\"name\":\"Fiscal\u00eda General de la Naci\u00f3n\",\"url\":\"https:\/\/www.fiscalia.gov.co\/colombia\/\",\"logo\":{\"@type\":\"ImageObject\",\"inLanguage\":\"es-CO\",\"@id\":\"https:\/\/www.fiscalia.gov.co\/colombia\/#\/schema\/logo\/image\/\",\"url\":\"https:\/\/www.fiscalia.gov.co\/colombia\/wp-content\/uploads\/LogoHorizontal_1.jpg\",\"contentUrl\":\"https:\/\/www.fiscalia.gov.co\/colombia\/wp-content\/uploads\/LogoHorizontal_1.jpg\",\"width\":300,\"height\":90,\"caption\":\"Fiscal\u00eda General de la Naci\u00f3n\"},\"image\":{\"@id\":\"https:\/\/www.fiscalia.gov.co\/colombia\/#\/schema\/logo\/image\/\"},\"sameAs\":[\"https:\/\/www.facebook.com\/FiscaliaCol\",\"https:\/\/x.com\/FiscaliaCol\",\"https:\/\/www.instagram.com\/fiscaliacol\",\"https:\/\/www.linkedin.com\/company\/fiscalia-general-de-la-naci-n\/\",\"https:\/\/youtube.com\/@fiscaliageneraldelanacion-4668?si=6nN79nyQICPU5iTh\"]},{\"@type\":\"Person\",\"@id\":\"https:\/\/www.fiscalia.gov.co\/colombia\/#\/schema\/person\/bf28d8ae7f1b287bbe3af484b04f43ea\",\"name\":\"Direcci\u00f3n de Comunicaciones Fiscal\u00eda General de la Naci\u00f3n\",\"image\":{\"@type\":\"ImageObject\",\"inLanguage\":\"es-CO\",\"@id\":\"https:\/\/www.fiscalia.gov.co\/colombia\/#\/schema\/person\/image\/\",\"url\":\"https:\/\/secure.gravatar.com\/avatar\/9d55ae161d32da16dbdd0b380c080a5f?s=96&d=mm&r=g\",\"contentUrl\":\"https:\/\/secure.gravatar.com\/avatar\/9d55ae161d32da16dbdd0b380c080a5f?s=96&d=mm&r=g\",\"caption\":\"Direcci\u00f3n de Comunicaciones Fiscal\u00eda General de la Naci\u00f3n\"},\"url\":\"https:\/\/www.fiscalia.gov.co\/colombia\/author\/kbonilla\/\"}]}<\/script>\n<!-- \/ Yoast SEO plugin. -->","yoast_head_json":{"title":"Fiscal\u00eda General de la Naci\u00f3n","description":"P\u00e1gina oficial de la Fiscal\u00eda General de la Naci\u00f3n \u2013 Colombia. Garantizamos el acceso efectivo a la justicia, la verdad y la reparaci\u00f3n de las v\u00edctimas de los delitos.","robots":{"index":"noindex","follow":"follow"},"og_locale":"es_ES","og_type":"article","og_title":"Fiscal\u00eda General de la Naci\u00f3n","og_description":"P\u00e1gina oficial de la Fiscal\u00eda General de la Naci\u00f3n \u2013 Colombia. Garantizamos el acceso efectivo a la justicia, la verdad y la reparaci\u00f3n de las v\u00edctimas de los delitos.","og_url":"https:\/\/www.fiscalia.gov.co\/colombia\/seccionales\/fiscalia-imputo-cargos-por-homicidio-culposo-a-tres-medicos-tolimenses\/","og_site_name":"Fiscal\u00eda General de la Naci\u00f3n","article_publisher":"https:\/\/www.facebook.com\/FiscaliaCol","article_published_time":"2019-10-08T21:44:49+00:00","author":"Direcci\u00f3n de Comunicaciones Fiscal\u00eda General de la Naci\u00f3n","twitter_card":"summary_large_image","twitter_creator":"@FiscaliaCol","twitter_site":"@FiscaliaCol","twitter_misc":{"Escrito por":"Direcci\u00f3n de Comunicaciones Fiscal\u00eda General de la Naci\u00f3n","Tiempo de lectura":"3 minutos"},"schema":{"@context":"https:\/\/schema.org","@graph":[{"@type":"Article","@id":"https:\/\/www.fiscalia.gov.co\/colombia\/seccionales\/fiscalia-imputo-cargos-por-homicidio-culposo-a-tres-medicos-tolimenses\/#article","isPartOf":{"@id":"https:\/\/www.fiscalia.gov.co\/colombia\/seccionales\/fiscalia-imputo-cargos-por-homicidio-culposo-a-tres-medicos-tolimenses\/"},"author":{"name":"Direcci\u00f3n de Comunicaciones Fiscal\u00eda General de la Naci\u00f3n","@id":"https:\/\/www.fiscalia.gov.co\/colombia\/#\/schema\/person\/bf28d8ae7f1b287bbe3af484b04f43ea"},"headline":"Fiscal\u00eda imput\u00f3 cargos por homicidio culposo a tres m\u00e9dicos tolimenses","datePublished":"2019-10-08T21:44:49+00:00","dateModified":"2019-10-08T21:44:49+00:00","mainEntityOfPage":{"@id":"https:\/\/www.fiscalia.gov.co\/colombia\/seccionales\/fiscalia-imputo-cargos-por-homicidio-culposo-a-tres-medicos-tolimenses\/"},"wordCount":641,"publisher":{"@id":"https:\/\/www.fiscalia.gov.co\/colombia\/#organization"},"articleSection":["Seccional Ibagu\u00e9","Seccionales","Seguridad territorial"],"inLanguage":"es-CO"},{"@type":"WebPage","@id":"https:\/\/www.fiscalia.gov.co\/colombia\/seccionales\/fiscalia-imputo-cargos-por-homicidio-culposo-a-tres-medicos-tolimenses\/","url":"https:\/\/www.fiscalia.gov.co\/colombia\/seccionales\/fiscalia-imputo-cargos-por-homicidio-culposo-a-tres-medicos-tolimenses\/","name":"Fiscal\u00eda General de la Naci\u00f3n","isPartOf":{"@id":"https:\/\/www.fiscalia.gov.co\/colombia\/#website"},"datePublished":"2019-10-08T21:44:49+00:00","dateModified":"2019-10-08T21:44:49+00:00","description":"P\u00e1gina oficial de la Fiscal\u00eda General de la Naci\u00f3n \u2013 Colombia. Garantizamos el acceso efectivo a la justicia, la verdad y la reparaci\u00f3n de las v\u00edctimas de los delitos.","breadcrumb":{"@id":"https:\/\/www.fiscalia.gov.co\/colombia\/seccionales\/fiscalia-imputo-cargos-por-homicidio-culposo-a-tres-medicos-tolimenses\/#breadcrumb"},"inLanguage":"es-CO","potentialAction":[{"@type":"ReadAction","target":["https:\/\/www.fiscalia.gov.co\/colombia\/seccionales\/fiscalia-imputo-cargos-por-homicidio-culposo-a-tres-medicos-tolimenses\/"]}]},{"@type":"BreadcrumbList","@id":"https:\/\/www.fiscalia.gov.co\/colombia\/seccionales\/fiscalia-imputo-cargos-por-homicidio-culposo-a-tres-medicos-tolimenses\/#breadcrumb","itemListElement":[{"@type":"ListItem","position":1,"name":"Home","item":"https:\/\/www.fiscalia.gov.co\/colombia\/"},{"@type":"ListItem","position":2,"name":"Fiscal\u00eda imput\u00f3 cargos por homicidio culposo a tres m\u00e9dicos tolimenses"}]},{"@type":"WebSite","@id":"https:\/\/www.fiscalia.gov.co\/colombia\/#website","url":"https:\/\/www.fiscalia.gov.co\/colombia\/","name":"Fiscal\u00eda General de la Naci\u00f3n","description":"P\u00e1gina oficial de la Fiscal\u00eda General de la Naci\u00f3n \u2013 Colombia. Garantizamos el acceso efectivo a la justicia, la verdad y la reparaci\u00f3n de las v\u00edctimas de los delitos.","publisher":{"@id":"https:\/\/www.fiscalia.gov.co\/colombia\/#organization"},"potentialAction":[{"@type":"SearchAction","target":{"@type":"EntryPoint","urlTemplate":"https:\/\/www.fiscalia.gov.co\/colombia\/?s={search_term_string}"},"query-input":{"@type":"PropertyValueSpecification","valueRequired":true,"valueName":"search_term_string"}}],"inLanguage":"es-CO"},{"@type":"Organization","@id":"https:\/\/www.fiscalia.gov.co\/colombia\/#organization","name":"Fiscal\u00eda General de la Naci\u00f3n","url":"https:\/\/www.fiscalia.gov.co\/colombia\/","logo":{"@type":"ImageObject","inLanguage":"es-CO","@id":"https:\/\/www.fiscalia.gov.co\/colombia\/#\/schema\/logo\/image\/","url":"https:\/\/www.fiscalia.gov.co\/colombia\/wp-content\/uploads\/LogoHorizontal_1.jpg","contentUrl":"https:\/\/www.fiscalia.gov.co\/colombia\/wp-content\/uploads\/LogoHorizontal_1.jpg","width":300,"height":90,"caption":"Fiscal\u00eda General de la Naci\u00f3n"},"image":{"@id":"https:\/\/www.fiscalia.gov.co\/colombia\/#\/schema\/logo\/image\/"},"sameAs":["https:\/\/www.facebook.com\/FiscaliaCol","https:\/\/x.com\/FiscaliaCol","https:\/\/www.instagram.com\/fiscaliacol","https:\/\/www.linkedin.com\/company\/fiscalia-general-de-la-naci-n\/","https:\/\/youtube.com\/@fiscaliageneraldelanacion-4668?si=6nN79nyQICPU5iTh"]},{"@type":"Person","@id":"https:\/\/www.fiscalia.gov.co\/colombia\/#\/schema\/person\/bf28d8ae7f1b287bbe3af484b04f43ea","name":"Direcci\u00f3n de Comunicaciones Fiscal\u00eda General de la Naci\u00f3n","image":{"@type":"ImageObject","inLanguage":"es-CO","@id":"https:\/\/www.fiscalia.gov.co\/colombia\/#\/schema\/person\/image\/","url":"https:\/\/secure.gravatar.com\/avatar\/9d55ae161d32da16dbdd0b380c080a5f?s=96&d=mm&r=g","contentUrl":"https:\/\/secure.gravatar.com\/avatar\/9d55ae161d32da16dbdd0b380c080a5f?s=96&d=mm&r=g","caption":"Direcci\u00f3n de Comunicaciones Fiscal\u00eda General de la Naci\u00f3n"},"url":"https:\/\/www.fiscalia.gov.co\/colombia\/author\/kbonilla\/"}]}},"_links":{"self":[{"href":"https:\/\/www.fiscalia.gov.co\/colombia\/wp-json\/wp\/v2\/posts\/185062","targetHints":{"allow":["GET"]}}],"collection":[{"href":"https:\/\/www.fiscalia.gov.co\/colombia\/wp-json\/wp\/v2\/posts"}],"about":[{"href":"https:\/\/www.fiscalia.gov.co\/colombia\/wp-json\/wp\/v2\/types\/post"}],"author":[{"embeddable":true,"href":"https:\/\/www.fiscalia.gov.co\/colombia\/wp-json\/wp\/v2\/users\/162"}],"replies":[{"embeddable":true,"href":"https:\/\/www.fiscalia.gov.co\/colombia\/wp-json\/wp\/v2\/comments?post=185062"}],"version-history":[{"count":1,"href":"https:\/\/www.fiscalia.gov.co\/colombia\/wp-json\/wp\/v2\/posts\/185062\/revisions"}],"predecessor-version":[{"id":185063,"href":"https:\/\/www.fiscalia.gov.co\/colombia\/wp-json\/wp\/v2\/posts\/185062\/revisions\/185063"}],"wp:attachment":[{"href":"https:\/\/www.fiscalia.gov.co\/colombia\/wp-json\/wp\/v2\/media?parent=185062"}],"wp:term":[{"taxonomy":"category","embeddable":true,"href":"https:\/\/www.fiscalia.gov.co\/colombia\/wp-json\/wp\/v2\/categories?post=185062"},{"taxonomy":"post_tag","embeddable":true,"href":"https:\/\/www.fiscalia.gov.co\/colombia\/wp-json\/wp\/v2\/tags?post=185062"}],"curies":[{"name":"wp","href":"https:\/\/api.w.org\/{rel}","templated":true}]}}