{"id":184979,"date":"2019-10-07T12:18:47","date_gmt":"2019-10-07T17:18:47","guid":{"rendered":"https:\/\/www.fiscalia.gov.co\/colombia\/?p=184979"},"modified":"2019-10-07T12:18:47","modified_gmt":"2019-10-07T17:18:47","slug":"desmantelada-red-criminal-de-explotacion-sexual-comercial-de-ninas-y-ninos-colombianos-y-venezolanos-en-la-guajira","status":"publish","type":"post","link":"https:\/\/www.fiscalia.gov.co\/colombia\/noticias\/desmantelada-red-criminal-de-explotacion-sexual-comercial-de-ninas-y-ninos-colombianos-y-venezolanos-en-la-guajira\/","title":{"rendered":"Desmantelada red criminal de explotaci\u00f3n sexual comercial de ni\u00f1as y ni\u00f1os colombianos y venezolanos en La Guajira"},"content":{"rendered":"<p>La Fiscal\u00eda General de la Naci\u00f3n contin\u00faa en su lucha por proteger los derechos de las ni\u00f1as, ni\u00f1os y adolescentes.\u00a0 En este sentido en las \u00faltimas horas adelant\u00f3 una operaci\u00f3n conjunta con la SIJIN-DIPRO de la Polic\u00eda Nacional, denominada \u2018Abeona\u2019 y que permiti\u00f3 la desarticulaci\u00f3n de un grupo ilegal dedicado a la explotaci\u00f3n sexual de menores de edad.<\/p>\n<p>La organizaci\u00f3n ilegal se hac\u00eda llamar \u2018La Mona\u2019, y estaba conformado por dos ciudadanos venezolanos y ocho colombianos que explotaban sexualmente a menores con edades entre 14 y 17 a\u00f1os de ambas nacionalidades.<\/p>\n<p>Las investigaciones adelantadas permitieron identificar el actuar de los delincuentes, quienes captaban a los menores a trav\u00e9s de enga\u00f1os y aprovech\u00e1ndose\u00a0 del bajo nivel socioecon\u00f3mico de sus v\u00edctimas y de sus familias.\u00a0 Los agresores les ofrec\u00edan dinero, alimentaci\u00f3n y hospedaje en los municipios de Riohacha, Maicao, Fonseca y San Juan de Cesar, en La Guajira, a cambio de \u201ccomercio sexual\u201d.<\/p>\n<p>En desarrollo del operativo se realizaron nueve capturas en las ciudades de San Juan del C\u00e9sar, Fonseca, Riohacha (La Guajira) y Palmira (Valle del Cauca).\u00a0 Los capturados deber\u00e1n responder por los delitos de proxenetismo con menor de edad y demanda de explotaci\u00f3n sexual comercial de persona menor de 18 a\u00f1os de edad. Las penas por estos delitos, seg\u00fan la ley penal\u00a0 colombiana, oscilan entre 14 y 25 a\u00f1os.<\/p>\n<p>De acuerdo al material probatorio recopilado, las v\u00edctimas eran menores de 14 a\u00f1os, varias con nacionalidad venezolana. Una de ellas fue amarrada y drogada para poder facilitar su participaci\u00f3n en diferentes vej\u00e1menes sexuales.\u00a0 Por lo anterior, las condenas podr\u00edan superar los 37 a\u00f1os de prisi\u00f3n.<\/p>\n<p>Por estos hechos fueron llevados a audiencias preliminares y enviados a centro carcelario ocho personas:<\/p>\n<ul>\n<li>Yasm\u00edn Alicia O\u00f1ate y Yirlen Yaireth O\u00f1ate Ayala. Hermanas que ofrec\u00edan usaban su lugar de residencia para acoger menores de edad y someterlas a explotaci\u00f3n sexual en los municipios de Fonseca y San Juan. Seg\u00fan la investigaci\u00f3n adelantada, estas mujeres habr\u00edan logrado someter mediante enga\u00f1os y amenazas a unas 16 menores.<\/li>\n<li>Ciro Jos\u00e9 Baquero G\u00f3mez y Jos\u00e9 Alfredo Acosta. Contactaban a las hermanas O\u00f1ate para obtener los favores sexuales por los que pagaban entre 40 y 60 mil pesos para acceder carnalmente a las menores de edad.<\/li>\n<li>Liley Mu\u00f1oz Vergara y Kevin David Mart\u00ednez Correa, alias \u2018Estrellita\u2019. De acuerdo al material probatorio recaudado, durante un a\u00f1o estos hombres habr\u00edan tenido en una residencia a una menor de 13 a\u00f1os a la que ten\u00edan amarrada y obligaban al consumo de sustancias estupefacientes.\u00a0 La joven adem\u00e1s era golpeada para que no saliera del inmueble.\u00a0 A este lugar acud\u00edan hombres que eran contactados para accederla carnalmente a cambio de dinero. La ni\u00f1a fue rescatada por la Polic\u00eda y la Fiscal\u00eda General de la Naci\u00f3n.<\/li>\n<li>Feizer Javier Sancedo, alias \u2018Petra\u2019, de nacionalidad venezolana, y Ricaurte Mesa Argote, de oficio taxista, colombiano. El material recopilado demostrar\u00eda que los dos explotaban sexualmente a ni\u00f1os varones menores de edad oriundos de Venezuela que viv\u00edan en extrema pobreza. En la zona tur\u00edstica de Riohacha a los menores para pr\u00e1cticas sexuales y cobraban entre 60 y 80 mil pesos.<\/li>\n<\/ul>\n<p>Mesa Argote, contra de qui\u00e9n exist\u00eda otra orden de captura vigente por el delito de acceso carnal abusivo con menor de edad, era quien, vali\u00e9ndose de su ocupaci\u00f3n como taxista, contactaba posibles \u2018clientes\u2019; hombres, para que abusaran sexualmente de este menor de edad. Adem\u00e1s era quien transportaba al ni\u00f1o a diferentes hoteles en los que era abusado.<\/p>\n<p>Las pr\u00e1cticas sexuales a las que somet\u00edan a los infantes eran tan aberrantes que existe registro de que a uno de ellos le pon\u00edan una peluca y prendas de vestir femeninas con el fin de satisfacer los deseos sexuales de los hombres que eran contactados. Adem\u00e1s, le suministraban sustancias estupefacientes con el fin de mantenerlo controlado y dependiente.<\/p>\n<p>Adicionalmente, por este caso, se inici\u00f3 el proceso de extinci\u00f3n de dominio de los establecimientos que eran usados para cometer estos actos sexuales il\u00edcitos con menores de edad.\u00a0 Un motel, y dos hoteles que est\u00e1n avaluados en, al menos 20.000 millones de pesos ser\u00edan los afectados.<\/p>\n<p>La Fiscal\u00eda General de la Naci\u00f3n hace p\u00fablica esta informaci\u00f3n por razones de inter\u00e9s general.<\/p>\n<p>&nbsp;<\/p>\n\n<div class=\"twitter-share\"><a href=\"https:\/\/twitter.com\/intent\/tweet?via=fiscaliacol\" class=\"twitter-share-button\">Tweet<\/a><\/div>\n","protected":false},"excerpt":{"rendered":"<p>La Fiscal\u00eda General de la Naci\u00f3n contin\u00faa en su lucha por proteger los derechos de las ni\u00f1as, ni\u00f1os y adolescentes.\u00a0 En este sentido en las \u00faltimas horas adelant\u00f3 una operaci\u00f3n conjunta con la SIJIN-DIPRO de la Polic\u00eda Nacional, denominada \u2018Abeona\u2019 y que permiti\u00f3 la desarticulaci\u00f3n de un grupo ilegal dedicado a la explotaci\u00f3n sexual de [&hellip;]<\/p>\n","protected":false},"author":162,"featured_media":0,"comment_status":"closed","ping_status":"open","sticky":false,"template":"","format":"standard","meta":{"_price":"","_stock":"","_tribe_ticket_header":"","_tribe_default_ticket_provider":"","_tribe_ticket_capacity":"0","_ticket_start_date":"","_ticket_end_date":"","_tribe_ticket_show_description":"","_tribe_ticket_show_not_going":false,"_tribe_ticket_use_global_stock":"","_tribe_ticket_global_stock_level":"","_global_stock_mode":"","_global_stock_cap":"","_tribe_rsvp_for_event":"","_tribe_ticket_going_count":"","_tribe_ticket_not_going_count":"","_tribe_tickets_list":"[]","_tribe_ticket_has_attendee_info_fields":false,"tdm_status":"","tdm_grid_status":"","footnotes":""},"categories":[24102,24096,1,24127],"tags":[],"class_list":{"0":"post-184979","1":"post","2":"type-post","3":"status-publish","4":"format-standard","6":"category-derechos-humanos","7":"category-fiscal-general-de-la-nacion","8":"category-noticias","9":"category-violencia-sexual-e-intrafamiliar"},"yoast_head":"<!-- This site is optimized with the Yoast SEO plugin v24.3 - https:\/\/yoast.com\/wordpress\/plugins\/seo\/ -->\n<title>Fiscal\u00eda General de la Naci\u00f3n<\/title>\n<meta name=\"description\" content=\"P\u00e1gina oficial de la Fiscal\u00eda General de la Naci\u00f3n \u2013 Colombia. Garantizamos el acceso efectivo a la justicia, la verdad y la reparaci\u00f3n de las v\u00edctimas de los delitos.\" \/>\n<meta name=\"robots\" content=\"noindex, follow\" \/>\n<meta property=\"og:locale\" content=\"es_ES\" \/>\n<meta property=\"og:type\" content=\"article\" \/>\n<meta property=\"og:title\" content=\"Fiscal\u00eda General de la Naci\u00f3n\" \/>\n<meta property=\"og:description\" content=\"P\u00e1gina oficial de la Fiscal\u00eda General de la Naci\u00f3n \u2013 Colombia. Garantizamos el acceso efectivo a la justicia, la verdad y la reparaci\u00f3n de las v\u00edctimas de los delitos.\" \/>\n<meta property=\"og:url\" content=\"https:\/\/www.fiscalia.gov.co\/colombia\/noticias\/desmantelada-red-criminal-de-explotacion-sexual-comercial-de-ninas-y-ninos-colombianos-y-venezolanos-en-la-guajira\/\" \/>\n<meta property=\"og:site_name\" content=\"Fiscal\u00eda General de la Naci\u00f3n\" \/>\n<meta property=\"article:publisher\" content=\"https:\/\/www.facebook.com\/FiscaliaCol\" \/>\n<meta property=\"article:published_time\" content=\"2019-10-07T17:18:47+00:00\" \/>\n<meta name=\"author\" content=\"Direcci\u00f3n de Comunicaciones Fiscal\u00eda General de la Naci\u00f3n\" \/>\n<meta name=\"twitter:card\" content=\"summary_large_image\" \/>\n<meta name=\"twitter:creator\" content=\"@FiscaliaCol\" \/>\n<meta name=\"twitter:site\" content=\"@FiscaliaCol\" \/>\n<meta name=\"twitter:label1\" content=\"Escrito por\" \/>\n\t<meta name=\"twitter:data1\" content=\"Direcci\u00f3n de Comunicaciones Fiscal\u00eda General de la Naci\u00f3n\" \/>\n\t<meta name=\"twitter:label2\" content=\"Tiempo de lectura\" \/>\n\t<meta name=\"twitter:data2\" content=\"4 minutos\" \/>\n<script type=\"application\/ld+json\" class=\"yoast-schema-graph\">{\"@context\":\"https:\/\/schema.org\",\"@graph\":[{\"@type\":\"Article\",\"@id\":\"https:\/\/www.fiscalia.gov.co\/colombia\/noticias\/desmantelada-red-criminal-de-explotacion-sexual-comercial-de-ninas-y-ninos-colombianos-y-venezolanos-en-la-guajira\/#article\",\"isPartOf\":{\"@id\":\"https:\/\/www.fiscalia.gov.co\/colombia\/noticias\/desmantelada-red-criminal-de-explotacion-sexual-comercial-de-ninas-y-ninos-colombianos-y-venezolanos-en-la-guajira\/\"},\"author\":{\"name\":\"Direcci\u00f3n de Comunicaciones Fiscal\u00eda General de la Naci\u00f3n\",\"@id\":\"https:\/\/www.fiscalia.gov.co\/colombia\/#\/schema\/person\/bf28d8ae7f1b287bbe3af484b04f43ea\"},\"headline\":\"Desmantelada red criminal de explotaci\u00f3n sexual comercial de ni\u00f1as y ni\u00f1os colombianos y venezolanos en La Guajira\",\"datePublished\":\"2019-10-07T17:18:47+00:00\",\"dateModified\":\"2019-10-07T17:18:47+00:00\",\"mainEntityOfPage\":{\"@id\":\"https:\/\/www.fiscalia.gov.co\/colombia\/noticias\/desmantelada-red-criminal-de-explotacion-sexual-comercial-de-ninas-y-ninos-colombianos-y-venezolanos-en-la-guajira\/\"},\"wordCount\":771,\"publisher\":{\"@id\":\"https:\/\/www.fiscalia.gov.co\/colombia\/#organization\"},\"articleSection\":[\"Derechos Humanos\",\"Fiscal General de la Naci\u00f3n\",\"Noticias\",\"Violencia sexual e intrafamiliar\"],\"inLanguage\":\"es-CO\"},{\"@type\":\"WebPage\",\"@id\":\"https:\/\/www.fiscalia.gov.co\/colombia\/noticias\/desmantelada-red-criminal-de-explotacion-sexual-comercial-de-ninas-y-ninos-colombianos-y-venezolanos-en-la-guajira\/\",\"url\":\"https:\/\/www.fiscalia.gov.co\/colombia\/noticias\/desmantelada-red-criminal-de-explotacion-sexual-comercial-de-ninas-y-ninos-colombianos-y-venezolanos-en-la-guajira\/\",\"name\":\"Fiscal\u00eda General de la Naci\u00f3n\",\"isPartOf\":{\"@id\":\"https:\/\/www.fiscalia.gov.co\/colombia\/#website\"},\"datePublished\":\"2019-10-07T17:18:47+00:00\",\"dateModified\":\"2019-10-07T17:18:47+00:00\",\"description\":\"P\u00e1gina oficial de la Fiscal\u00eda General de la Naci\u00f3n \u2013 Colombia. Garantizamos el acceso efectivo a la justicia, la verdad y la reparaci\u00f3n de las v\u00edctimas de los delitos.\",\"breadcrumb\":{\"@id\":\"https:\/\/www.fiscalia.gov.co\/colombia\/noticias\/desmantelada-red-criminal-de-explotacion-sexual-comercial-de-ninas-y-ninos-colombianos-y-venezolanos-en-la-guajira\/#breadcrumb\"},\"inLanguage\":\"es-CO\",\"potentialAction\":[{\"@type\":\"ReadAction\",\"target\":[\"https:\/\/www.fiscalia.gov.co\/colombia\/noticias\/desmantelada-red-criminal-de-explotacion-sexual-comercial-de-ninas-y-ninos-colombianos-y-venezolanos-en-la-guajira\/\"]}]},{\"@type\":\"BreadcrumbList\",\"@id\":\"https:\/\/www.fiscalia.gov.co\/colombia\/noticias\/desmantelada-red-criminal-de-explotacion-sexual-comercial-de-ninas-y-ninos-colombianos-y-venezolanos-en-la-guajira\/#breadcrumb\",\"itemListElement\":[{\"@type\":\"ListItem\",\"position\":1,\"name\":\"Home\",\"item\":\"https:\/\/www.fiscalia.gov.co\/colombia\/\"},{\"@type\":\"ListItem\",\"position\":2,\"name\":\"Desmantelada red criminal de explotaci\u00f3n sexual comercial de ni\u00f1as y ni\u00f1os colombianos y venezolanos en La Guajira\"}]},{\"@type\":\"WebSite\",\"@id\":\"https:\/\/www.fiscalia.gov.co\/colombia\/#website\",\"url\":\"https:\/\/www.fiscalia.gov.co\/colombia\/\",\"name\":\"Fiscal\u00eda General de la Naci\u00f3n\",\"description\":\"P\u00e1gina oficial de la Fiscal\u00eda General de la Naci\u00f3n \u2013 Colombia. Garantizamos el acceso efectivo a la justicia, la verdad y la reparaci\u00f3n de las v\u00edctimas de los delitos.\",\"publisher\":{\"@id\":\"https:\/\/www.fiscalia.gov.co\/colombia\/#organization\"},\"potentialAction\":[{\"@type\":\"SearchAction\",\"target\":{\"@type\":\"EntryPoint\",\"urlTemplate\":\"https:\/\/www.fiscalia.gov.co\/colombia\/?s={search_term_string}\"},\"query-input\":{\"@type\":\"PropertyValueSpecification\",\"valueRequired\":true,\"valueName\":\"search_term_string\"}}],\"inLanguage\":\"es-CO\"},{\"@type\":\"Organization\",\"@id\":\"https:\/\/www.fiscalia.gov.co\/colombia\/#organization\",\"name\":\"Fiscal\u00eda General de la Naci\u00f3n\",\"url\":\"https:\/\/www.fiscalia.gov.co\/colombia\/\",\"logo\":{\"@type\":\"ImageObject\",\"inLanguage\":\"es-CO\",\"@id\":\"https:\/\/www.fiscalia.gov.co\/colombia\/#\/schema\/logo\/image\/\",\"url\":\"https:\/\/www.fiscalia.gov.co\/colombia\/wp-content\/uploads\/LogoHorizontal_1.jpg\",\"contentUrl\":\"https:\/\/www.fiscalia.gov.co\/colombia\/wp-content\/uploads\/LogoHorizontal_1.jpg\",\"width\":300,\"height\":90,\"caption\":\"Fiscal\u00eda General de la Naci\u00f3n\"},\"image\":{\"@id\":\"https:\/\/www.fiscalia.gov.co\/colombia\/#\/schema\/logo\/image\/\"},\"sameAs\":[\"https:\/\/www.facebook.com\/FiscaliaCol\",\"https:\/\/x.com\/FiscaliaCol\",\"https:\/\/www.instagram.com\/fiscaliacol\",\"https:\/\/www.linkedin.com\/company\/fiscalia-general-de-la-naci-n\/\",\"https:\/\/youtube.com\/@fiscaliageneraldelanacion-4668?si=6nN79nyQICPU5iTh\"]},{\"@type\":\"Person\",\"@id\":\"https:\/\/www.fiscalia.gov.co\/colombia\/#\/schema\/person\/bf28d8ae7f1b287bbe3af484b04f43ea\",\"name\":\"Direcci\u00f3n de Comunicaciones Fiscal\u00eda General de la Naci\u00f3n\",\"image\":{\"@type\":\"ImageObject\",\"inLanguage\":\"es-CO\",\"@id\":\"https:\/\/www.fiscalia.gov.co\/colombia\/#\/schema\/person\/image\/\",\"url\":\"https:\/\/secure.gravatar.com\/avatar\/9d55ae161d32da16dbdd0b380c080a5f?s=96&d=mm&r=g\",\"contentUrl\":\"https:\/\/secure.gravatar.com\/avatar\/9d55ae161d32da16dbdd0b380c080a5f?s=96&d=mm&r=g\",\"caption\":\"Direcci\u00f3n de Comunicaciones Fiscal\u00eda General de la Naci\u00f3n\"},\"url\":\"https:\/\/www.fiscalia.gov.co\/colombia\/author\/kbonilla\/\"}]}<\/script>\n<!-- \/ Yoast SEO plugin. -->","yoast_head_json":{"title":"Fiscal\u00eda General de la Naci\u00f3n","description":"P\u00e1gina oficial de la Fiscal\u00eda General de la Naci\u00f3n \u2013 Colombia. Garantizamos el acceso efectivo a la justicia, la verdad y la reparaci\u00f3n de las v\u00edctimas de los delitos.","robots":{"index":"noindex","follow":"follow"},"og_locale":"es_ES","og_type":"article","og_title":"Fiscal\u00eda General de la Naci\u00f3n","og_description":"P\u00e1gina oficial de la Fiscal\u00eda General de la Naci\u00f3n \u2013 Colombia. Garantizamos el acceso efectivo a la justicia, la verdad y la reparaci\u00f3n de las v\u00edctimas de los delitos.","og_url":"https:\/\/www.fiscalia.gov.co\/colombia\/noticias\/desmantelada-red-criminal-de-explotacion-sexual-comercial-de-ninas-y-ninos-colombianos-y-venezolanos-en-la-guajira\/","og_site_name":"Fiscal\u00eda General de la Naci\u00f3n","article_publisher":"https:\/\/www.facebook.com\/FiscaliaCol","article_published_time":"2019-10-07T17:18:47+00:00","author":"Direcci\u00f3n de Comunicaciones Fiscal\u00eda General de la Naci\u00f3n","twitter_card":"summary_large_image","twitter_creator":"@FiscaliaCol","twitter_site":"@FiscaliaCol","twitter_misc":{"Escrito por":"Direcci\u00f3n de Comunicaciones Fiscal\u00eda General de la Naci\u00f3n","Tiempo de lectura":"4 minutos"},"schema":{"@context":"https:\/\/schema.org","@graph":[{"@type":"Article","@id":"https:\/\/www.fiscalia.gov.co\/colombia\/noticias\/desmantelada-red-criminal-de-explotacion-sexual-comercial-de-ninas-y-ninos-colombianos-y-venezolanos-en-la-guajira\/#article","isPartOf":{"@id":"https:\/\/www.fiscalia.gov.co\/colombia\/noticias\/desmantelada-red-criminal-de-explotacion-sexual-comercial-de-ninas-y-ninos-colombianos-y-venezolanos-en-la-guajira\/"},"author":{"name":"Direcci\u00f3n de Comunicaciones Fiscal\u00eda General de la Naci\u00f3n","@id":"https:\/\/www.fiscalia.gov.co\/colombia\/#\/schema\/person\/bf28d8ae7f1b287bbe3af484b04f43ea"},"headline":"Desmantelada red criminal de explotaci\u00f3n sexual comercial de ni\u00f1as y ni\u00f1os colombianos y venezolanos en La Guajira","datePublished":"2019-10-07T17:18:47+00:00","dateModified":"2019-10-07T17:18:47+00:00","mainEntityOfPage":{"@id":"https:\/\/www.fiscalia.gov.co\/colombia\/noticias\/desmantelada-red-criminal-de-explotacion-sexual-comercial-de-ninas-y-ninos-colombianos-y-venezolanos-en-la-guajira\/"},"wordCount":771,"publisher":{"@id":"https:\/\/www.fiscalia.gov.co\/colombia\/#organization"},"articleSection":["Derechos Humanos","Fiscal General de la Naci\u00f3n","Noticias","Violencia sexual e intrafamiliar"],"inLanguage":"es-CO"},{"@type":"WebPage","@id":"https:\/\/www.fiscalia.gov.co\/colombia\/noticias\/desmantelada-red-criminal-de-explotacion-sexual-comercial-de-ninas-y-ninos-colombianos-y-venezolanos-en-la-guajira\/","url":"https:\/\/www.fiscalia.gov.co\/colombia\/noticias\/desmantelada-red-criminal-de-explotacion-sexual-comercial-de-ninas-y-ninos-colombianos-y-venezolanos-en-la-guajira\/","name":"Fiscal\u00eda General de la Naci\u00f3n","isPartOf":{"@id":"https:\/\/www.fiscalia.gov.co\/colombia\/#website"},"datePublished":"2019-10-07T17:18:47+00:00","dateModified":"2019-10-07T17:18:47+00:00","description":"P\u00e1gina oficial de la Fiscal\u00eda General de la Naci\u00f3n \u2013 Colombia. Garantizamos el acceso efectivo a la justicia, la verdad y la reparaci\u00f3n de las v\u00edctimas de los delitos.","breadcrumb":{"@id":"https:\/\/www.fiscalia.gov.co\/colombia\/noticias\/desmantelada-red-criminal-de-explotacion-sexual-comercial-de-ninas-y-ninos-colombianos-y-venezolanos-en-la-guajira\/#breadcrumb"},"inLanguage":"es-CO","potentialAction":[{"@type":"ReadAction","target":["https:\/\/www.fiscalia.gov.co\/colombia\/noticias\/desmantelada-red-criminal-de-explotacion-sexual-comercial-de-ninas-y-ninos-colombianos-y-venezolanos-en-la-guajira\/"]}]},{"@type":"BreadcrumbList","@id":"https:\/\/www.fiscalia.gov.co\/colombia\/noticias\/desmantelada-red-criminal-de-explotacion-sexual-comercial-de-ninas-y-ninos-colombianos-y-venezolanos-en-la-guajira\/#breadcrumb","itemListElement":[{"@type":"ListItem","position":1,"name":"Home","item":"https:\/\/www.fiscalia.gov.co\/colombia\/"},{"@type":"ListItem","position":2,"name":"Desmantelada red criminal de explotaci\u00f3n sexual comercial de ni\u00f1as y ni\u00f1os colombianos y venezolanos en La Guajira"}]},{"@type":"WebSite","@id":"https:\/\/www.fiscalia.gov.co\/colombia\/#website","url":"https:\/\/www.fiscalia.gov.co\/colombia\/","name":"Fiscal\u00eda General de la Naci\u00f3n","description":"P\u00e1gina oficial de la Fiscal\u00eda General de la Naci\u00f3n \u2013 Colombia. Garantizamos el acceso efectivo a la justicia, la verdad y la reparaci\u00f3n de las v\u00edctimas de los delitos.","publisher":{"@id":"https:\/\/www.fiscalia.gov.co\/colombia\/#organization"},"potentialAction":[{"@type":"SearchAction","target":{"@type":"EntryPoint","urlTemplate":"https:\/\/www.fiscalia.gov.co\/colombia\/?s={search_term_string}"},"query-input":{"@type":"PropertyValueSpecification","valueRequired":true,"valueName":"search_term_string"}}],"inLanguage":"es-CO"},{"@type":"Organization","@id":"https:\/\/www.fiscalia.gov.co\/colombia\/#organization","name":"Fiscal\u00eda General de la Naci\u00f3n","url":"https:\/\/www.fiscalia.gov.co\/colombia\/","logo":{"@type":"ImageObject","inLanguage":"es-CO","@id":"https:\/\/www.fiscalia.gov.co\/colombia\/#\/schema\/logo\/image\/","url":"https:\/\/www.fiscalia.gov.co\/colombia\/wp-content\/uploads\/LogoHorizontal_1.jpg","contentUrl":"https:\/\/www.fiscalia.gov.co\/colombia\/wp-content\/uploads\/LogoHorizontal_1.jpg","width":300,"height":90,"caption":"Fiscal\u00eda General de la Naci\u00f3n"},"image":{"@id":"https:\/\/www.fiscalia.gov.co\/colombia\/#\/schema\/logo\/image\/"},"sameAs":["https:\/\/www.facebook.com\/FiscaliaCol","https:\/\/x.com\/FiscaliaCol","https:\/\/www.instagram.com\/fiscaliacol","https:\/\/www.linkedin.com\/company\/fiscalia-general-de-la-naci-n\/","https:\/\/youtube.com\/@fiscaliageneraldelanacion-4668?si=6nN79nyQICPU5iTh"]},{"@type":"Person","@id":"https:\/\/www.fiscalia.gov.co\/colombia\/#\/schema\/person\/bf28d8ae7f1b287bbe3af484b04f43ea","name":"Direcci\u00f3n de Comunicaciones Fiscal\u00eda General de la Naci\u00f3n","image":{"@type":"ImageObject","inLanguage":"es-CO","@id":"https:\/\/www.fiscalia.gov.co\/colombia\/#\/schema\/person\/image\/","url":"https:\/\/secure.gravatar.com\/avatar\/9d55ae161d32da16dbdd0b380c080a5f?s=96&d=mm&r=g","contentUrl":"https:\/\/secure.gravatar.com\/avatar\/9d55ae161d32da16dbdd0b380c080a5f?s=96&d=mm&r=g","caption":"Direcci\u00f3n de Comunicaciones Fiscal\u00eda General de la Naci\u00f3n"},"url":"https:\/\/www.fiscalia.gov.co\/colombia\/author\/kbonilla\/"}]}},"_links":{"self":[{"href":"https:\/\/www.fiscalia.gov.co\/colombia\/wp-json\/wp\/v2\/posts\/184979","targetHints":{"allow":["GET"]}}],"collection":[{"href":"https:\/\/www.fiscalia.gov.co\/colombia\/wp-json\/wp\/v2\/posts"}],"about":[{"href":"https:\/\/www.fiscalia.gov.co\/colombia\/wp-json\/wp\/v2\/types\/post"}],"author":[{"embeddable":true,"href":"https:\/\/www.fiscalia.gov.co\/colombia\/wp-json\/wp\/v2\/users\/162"}],"replies":[{"embeddable":true,"href":"https:\/\/www.fiscalia.gov.co\/colombia\/wp-json\/wp\/v2\/comments?post=184979"}],"version-history":[{"count":1,"href":"https:\/\/www.fiscalia.gov.co\/colombia\/wp-json\/wp\/v2\/posts\/184979\/revisions"}],"predecessor-version":[{"id":184987,"href":"https:\/\/www.fiscalia.gov.co\/colombia\/wp-json\/wp\/v2\/posts\/184979\/revisions\/184987"}],"wp:attachment":[{"href":"https:\/\/www.fiscalia.gov.co\/colombia\/wp-json\/wp\/v2\/media?parent=184979"}],"wp:term":[{"taxonomy":"category","embeddable":true,"href":"https:\/\/www.fiscalia.gov.co\/colombia\/wp-json\/wp\/v2\/categories?post=184979"},{"taxonomy":"post_tag","embeddable":true,"href":"https:\/\/www.fiscalia.gov.co\/colombia\/wp-json\/wp\/v2\/tags?post=184979"}],"curies":[{"name":"wp","href":"https:\/\/api.w.org\/{rel}","templated":true}]}}