{"id":184677,"date":"2019-10-01T09:32:06","date_gmt":"2019-10-01T14:32:06","guid":{"rendered":"https:\/\/www.fiscalia.gov.co\/colombia\/?p=184677"},"modified":"2019-10-01T09:32:06","modified_gmt":"2019-10-01T14:32:06","slug":"orden-de-captura-contra-tres-integrantes-del-coce-del-eln-por-asesinato-de-dos-periodistas","status":"publish","type":"post","link":"https:\/\/www.fiscalia.gov.co\/colombia\/seccionales\/orden-de-captura-contra-tres-integrantes-del-coce-del-eln-por-asesinato-de-dos-periodistas\/","title":{"rendered":"Orden de captura contra tres integrantes del COCE del ELN por asesinato de dos periodistas"},"content":{"rendered":"<p>En las \u00faltimas horas un Fiscal de la Direcci\u00f3n Especializada contra las Violaciones a los Derechos Humanos de la Fiscal\u00eda General de la Naci\u00f3n impuso medida de aseguramiento consistente en detenci\u00f3n preventiva contra tres integrantes de la c\u00fapula del Comando Central (COCE) del ELN.<\/p>\n<p>Se trata de Nicol\u00e1s Rodr\u00edguez Bautista, alias \u2018Gabino\u2019; Israel Ram\u00edrez Pineda, alias \u2018Pablo Beltr\u00e1n\u2019; y Eli\u00e9cer Herlinton Chamorro Acosta, alias \u2018Antonio Garc\u00eda\u2019.<\/p>\n<p>Los jefes guerrilleros son se\u00f1alados como presuntos autores mediatos de homicidio agravado de los periodistas Julio Daniel Chaparro Hurtado y Jorge Enrique Torres Navas, ocurrido el 24 de abril de 1991 en el municipio de Segovia (Antioquia).<\/p>\n<p>Mediante el proceso, que se adelanta en Ley 600, el ente investigador determin\u00f3 que los dos comunicadores viajaron hasta Segovia para recaudar informaci\u00f3n que les permitiera narrar en una cr\u00f3nica los hechos sucedidos el 11 de noviembre de 1988, en lo que se conoci\u00f3 como la \u2018Masacre de Segovia\u2019, y que dej\u00f3 46 personas asesinadas y 45 m\u00e1s heridas producto de una incursi\u00f3n paramilitar de un grupo comandado por Fidel Casta\u00f1o Gil.<\/p>\n<p><strong><u>Los v\u00ednculos del ELN<\/u><\/strong><\/p>\n<p>La investigaci\u00f3n permiti\u00f3 establecer que el homicidio de los dos periodistas fue ejecutado por integrantes del Ej\u00e9rcito de Liberaci\u00f3n Nacional (ELN) quienes creyeron que los hombres que reci\u00e9n llegaban de Bogot\u00e1 (3:30 p.m.) hac\u00edan parte de la inteligencia militar.<\/p>\n<p>Durante el recaudo de pruebas, los investigadores de la Fiscal\u00eda determinaron que estas personas fallecieron por \u201ccircunstancias que imposibilitan el ejercicio de la acci\u00f3n penal contra ellos\u201d, seg\u00fan el fiscal del caso, quien agreg\u00f3 que el actuar de los milicianos del ELN, que hicieron efectivo la muerte violenta de Chaparro y Torres, no fue una decisi\u00f3n aislada sino que correspondi\u00f3 a \u00f3rdenes impartidas por sus superiores en la agrupaci\u00f3n armada ilegal.<\/p>\n<p><strong><u>Crimen de guerra<\/u><\/strong><\/p>\n<p>El asesinato, ocurrido hace 28 a\u00f1os, fue declarado como \u201cCrimen de guerra\u201d por la Fiscal\u00eda General de la Naci\u00f3n en diciembre pasado. \u201cEran civiles que no participaban en el conflicto\u201d, argument\u00f3 el ente investigador tras recordar los tratados internacionales suscritos por el Estado colombiano, por cual consider\u00f3 aplicable las normas del Derecho Internacional Humanitario.<\/p>\n<p>En este caso, la investigaci\u00f3n da por probado que con las muertes de Chaparro Hurtado y Torres Navas se cumple claramente el nexo con el conflicto interno, y que no fueron asesinados por su condici\u00f3n de periodistas.<\/p>\n<p>\u201cAqu\u00ed las milicias del ELN actuaron en acatamiento a su misi\u00f3n de combatir a las fuerzas del Estado y opositores a sus objetivos de lucha, con el convencimiento de que las v\u00edctimas eran miembros de inteligencia militar, a quienes por dem\u00e1s catalogaban como aliados de los paramilitares, otros de sus enemigos naturales en este extenso conflicto colombiano\u201d, precisa la Fiscal\u00eda y agrega que con estos dos asesinatos se incurri\u00f3 en el llamado \u201chomicidio intencional\u201d.<\/p>\n<p>La Fiscal\u00eda General de la Naci\u00f3n publica esta informaci\u00f3n por razones de inter\u00e9s general.<\/p>\n\n<div class=\"twitter-share\"><a href=\"https:\/\/twitter.com\/intent\/tweet?via=fiscaliacol\" class=\"twitter-share-button\">Tweet<\/a><\/div>\n","protected":false},"excerpt":{"rendered":"<p>En las \u00faltimas horas un Fiscal de la Direcci\u00f3n Especializada contra las Violaciones a los Derechos Humanos de la Fiscal\u00eda General de la Naci\u00f3n impuso medida de aseguramiento consistente en detenci\u00f3n preventiva contra tres integrantes de la c\u00fapula del Comando Central (COCE) del ELN. Se trata de Nicol\u00e1s Rodr\u00edguez Bautista, alias \u2018Gabino\u2019; Israel Ram\u00edrez Pineda, [&hellip;]<\/p>\n","protected":false},"author":162,"featured_media":0,"comment_status":"closed","ping_status":"open","sticky":false,"template":"","format":"standard","meta":{"_price":"","_stock":"","_tribe_ticket_header":"","_tribe_default_ticket_provider":"","_tribe_ticket_capacity":"0","_ticket_start_date":"","_ticket_end_date":"","_tribe_ticket_show_description":"","_tribe_ticket_show_not_going":false,"_tribe_ticket_use_global_stock":"","_tribe_ticket_global_stock_level":"","_global_stock_mode":"","_global_stock_cap":"","_tribe_rsvp_for_event":"","_tribe_ticket_going_count":"","_tribe_ticket_not_going_count":"","_tribe_tickets_list":"[]","_tribe_ticket_has_attendee_info_fields":false,"tdm_status":"","tdm_grid_status":"","footnotes":""},"categories":[24102,321,303],"tags":[],"class_list":{"0":"post-184677","1":"post","2":"type-post","3":"status-publish","4":"format-standard","6":"category-derechos-humanos","7":"category-seccional-bogota","8":"category-seccionales"},"yoast_head":"<!-- This site is optimized with the Yoast SEO plugin v24.3 - https:\/\/yoast.com\/wordpress\/plugins\/seo\/ -->\n<title>Fiscal\u00eda General de la Naci\u00f3n<\/title>\n<meta name=\"description\" content=\"P\u00e1gina oficial de la Fiscal\u00eda General de la Naci\u00f3n \u2013 Colombia. Garantizamos el acceso efectivo a la justicia, la verdad y la reparaci\u00f3n de las v\u00edctimas de los delitos.\" \/>\n<meta name=\"robots\" content=\"noindex, follow\" \/>\n<meta property=\"og:locale\" content=\"es_ES\" \/>\n<meta property=\"og:type\" content=\"article\" \/>\n<meta property=\"og:title\" content=\"Fiscal\u00eda General de la Naci\u00f3n\" \/>\n<meta property=\"og:description\" content=\"P\u00e1gina oficial de la Fiscal\u00eda General de la Naci\u00f3n \u2013 Colombia. Garantizamos el acceso efectivo a la justicia, la verdad y la reparaci\u00f3n de las v\u00edctimas de los delitos.\" \/>\n<meta property=\"og:url\" content=\"https:\/\/www.fiscalia.gov.co\/colombia\/seccionales\/orden-de-captura-contra-tres-integrantes-del-coce-del-eln-por-asesinato-de-dos-periodistas\/\" \/>\n<meta property=\"og:site_name\" content=\"Fiscal\u00eda General de la Naci\u00f3n\" \/>\n<meta property=\"article:publisher\" content=\"https:\/\/www.facebook.com\/FiscaliaCol\" \/>\n<meta property=\"article:published_time\" content=\"2019-10-01T14:32:06+00:00\" \/>\n<meta name=\"author\" content=\"Direcci\u00f3n de Comunicaciones Fiscal\u00eda General de la Naci\u00f3n\" \/>\n<meta name=\"twitter:card\" content=\"summary_large_image\" \/>\n<meta name=\"twitter:creator\" content=\"@FiscaliaCol\" \/>\n<meta name=\"twitter:site\" content=\"@FiscaliaCol\" \/>\n<meta name=\"twitter:label1\" content=\"Escrito por\" \/>\n\t<meta name=\"twitter:data1\" content=\"Direcci\u00f3n de Comunicaciones Fiscal\u00eda General de la Naci\u00f3n\" \/>\n\t<meta name=\"twitter:label2\" content=\"Tiempo de lectura\" \/>\n\t<meta name=\"twitter:data2\" content=\"3 minutos\" \/>\n<script type=\"application\/ld+json\" class=\"yoast-schema-graph\">{\"@context\":\"https:\/\/schema.org\",\"@graph\":[{\"@type\":\"Article\",\"@id\":\"https:\/\/www.fiscalia.gov.co\/colombia\/seccionales\/orden-de-captura-contra-tres-integrantes-del-coce-del-eln-por-asesinato-de-dos-periodistas\/#article\",\"isPartOf\":{\"@id\":\"https:\/\/www.fiscalia.gov.co\/colombia\/seccionales\/orden-de-captura-contra-tres-integrantes-del-coce-del-eln-por-asesinato-de-dos-periodistas\/\"},\"author\":{\"name\":\"Direcci\u00f3n de Comunicaciones Fiscal\u00eda General de la Naci\u00f3n\",\"@id\":\"https:\/\/www.fiscalia.gov.co\/colombia\/#\/schema\/person\/bf28d8ae7f1b287bbe3af484b04f43ea\"},\"headline\":\"Orden de captura contra tres integrantes del COCE del ELN por asesinato de dos periodistas\",\"datePublished\":\"2019-10-01T14:32:06+00:00\",\"dateModified\":\"2019-10-01T14:32:06+00:00\",\"mainEntityOfPage\":{\"@id\":\"https:\/\/www.fiscalia.gov.co\/colombia\/seccionales\/orden-de-captura-contra-tres-integrantes-del-coce-del-eln-por-asesinato-de-dos-periodistas\/\"},\"wordCount\":519,\"publisher\":{\"@id\":\"https:\/\/www.fiscalia.gov.co\/colombia\/#organization\"},\"articleSection\":[\"Derechos Humanos\",\"Seccional Bogot\u00e1\",\"Seccionales\"],\"inLanguage\":\"es-CO\"},{\"@type\":\"WebPage\",\"@id\":\"https:\/\/www.fiscalia.gov.co\/colombia\/seccionales\/orden-de-captura-contra-tres-integrantes-del-coce-del-eln-por-asesinato-de-dos-periodistas\/\",\"url\":\"https:\/\/www.fiscalia.gov.co\/colombia\/seccionales\/orden-de-captura-contra-tres-integrantes-del-coce-del-eln-por-asesinato-de-dos-periodistas\/\",\"name\":\"Fiscal\u00eda General de la Naci\u00f3n\",\"isPartOf\":{\"@id\":\"https:\/\/www.fiscalia.gov.co\/colombia\/#website\"},\"datePublished\":\"2019-10-01T14:32:06+00:00\",\"dateModified\":\"2019-10-01T14:32:06+00:00\",\"description\":\"P\u00e1gina oficial de la Fiscal\u00eda General de la Naci\u00f3n \u2013 Colombia. Garantizamos el acceso efectivo a la justicia, la verdad y la reparaci\u00f3n de las v\u00edctimas de los delitos.\",\"breadcrumb\":{\"@id\":\"https:\/\/www.fiscalia.gov.co\/colombia\/seccionales\/orden-de-captura-contra-tres-integrantes-del-coce-del-eln-por-asesinato-de-dos-periodistas\/#breadcrumb\"},\"inLanguage\":\"es-CO\",\"potentialAction\":[{\"@type\":\"ReadAction\",\"target\":[\"https:\/\/www.fiscalia.gov.co\/colombia\/seccionales\/orden-de-captura-contra-tres-integrantes-del-coce-del-eln-por-asesinato-de-dos-periodistas\/\"]}]},{\"@type\":\"BreadcrumbList\",\"@id\":\"https:\/\/www.fiscalia.gov.co\/colombia\/seccionales\/orden-de-captura-contra-tres-integrantes-del-coce-del-eln-por-asesinato-de-dos-periodistas\/#breadcrumb\",\"itemListElement\":[{\"@type\":\"ListItem\",\"position\":1,\"name\":\"Home\",\"item\":\"https:\/\/www.fiscalia.gov.co\/colombia\/\"},{\"@type\":\"ListItem\",\"position\":2,\"name\":\"Orden de captura contra tres integrantes del COCE del ELN por asesinato de dos periodistas\"}]},{\"@type\":\"WebSite\",\"@id\":\"https:\/\/www.fiscalia.gov.co\/colombia\/#website\",\"url\":\"https:\/\/www.fiscalia.gov.co\/colombia\/\",\"name\":\"Fiscal\u00eda General de la Naci\u00f3n\",\"description\":\"P\u00e1gina oficial de la Fiscal\u00eda General de la Naci\u00f3n \u2013 Colombia. Garantizamos el acceso efectivo a la justicia, la verdad y la reparaci\u00f3n de las v\u00edctimas de los delitos.\",\"publisher\":{\"@id\":\"https:\/\/www.fiscalia.gov.co\/colombia\/#organization\"},\"potentialAction\":[{\"@type\":\"SearchAction\",\"target\":{\"@type\":\"EntryPoint\",\"urlTemplate\":\"https:\/\/www.fiscalia.gov.co\/colombia\/?s={search_term_string}\"},\"query-input\":{\"@type\":\"PropertyValueSpecification\",\"valueRequired\":true,\"valueName\":\"search_term_string\"}}],\"inLanguage\":\"es-CO\"},{\"@type\":\"Organization\",\"@id\":\"https:\/\/www.fiscalia.gov.co\/colombia\/#organization\",\"name\":\"Fiscal\u00eda General de la Naci\u00f3n\",\"url\":\"https:\/\/www.fiscalia.gov.co\/colombia\/\",\"logo\":{\"@type\":\"ImageObject\",\"inLanguage\":\"es-CO\",\"@id\":\"https:\/\/www.fiscalia.gov.co\/colombia\/#\/schema\/logo\/image\/\",\"url\":\"https:\/\/www.fiscalia.gov.co\/colombia\/wp-content\/uploads\/LogoHorizontal_1.jpg\",\"contentUrl\":\"https:\/\/www.fiscalia.gov.co\/colombia\/wp-content\/uploads\/LogoHorizontal_1.jpg\",\"width\":300,\"height\":90,\"caption\":\"Fiscal\u00eda General de la Naci\u00f3n\"},\"image\":{\"@id\":\"https:\/\/www.fiscalia.gov.co\/colombia\/#\/schema\/logo\/image\/\"},\"sameAs\":[\"https:\/\/www.facebook.com\/FiscaliaCol\",\"https:\/\/x.com\/FiscaliaCol\",\"https:\/\/www.instagram.com\/fiscaliacol\",\"https:\/\/www.linkedin.com\/company\/fiscalia-general-de-la-naci-n\/\",\"https:\/\/youtube.com\/@fiscaliageneraldelanacion-4668?si=6nN79nyQICPU5iTh\"]},{\"@type\":\"Person\",\"@id\":\"https:\/\/www.fiscalia.gov.co\/colombia\/#\/schema\/person\/bf28d8ae7f1b287bbe3af484b04f43ea\",\"name\":\"Direcci\u00f3n de Comunicaciones Fiscal\u00eda General de la Naci\u00f3n\",\"image\":{\"@type\":\"ImageObject\",\"inLanguage\":\"es-CO\",\"@id\":\"https:\/\/www.fiscalia.gov.co\/colombia\/#\/schema\/person\/image\/\",\"url\":\"https:\/\/secure.gravatar.com\/avatar\/9d55ae161d32da16dbdd0b380c080a5f?s=96&d=mm&r=g\",\"contentUrl\":\"https:\/\/secure.gravatar.com\/avatar\/9d55ae161d32da16dbdd0b380c080a5f?s=96&d=mm&r=g\",\"caption\":\"Direcci\u00f3n de Comunicaciones Fiscal\u00eda General de la Naci\u00f3n\"},\"url\":\"https:\/\/www.fiscalia.gov.co\/colombia\/author\/kbonilla\/\"}]}<\/script>\n<!-- \/ Yoast SEO plugin. -->","yoast_head_json":{"title":"Fiscal\u00eda General de la Naci\u00f3n","description":"P\u00e1gina oficial de la Fiscal\u00eda General de la Naci\u00f3n \u2013 Colombia. Garantizamos el acceso efectivo a la justicia, la verdad y la reparaci\u00f3n de las v\u00edctimas de los delitos.","robots":{"index":"noindex","follow":"follow"},"og_locale":"es_ES","og_type":"article","og_title":"Fiscal\u00eda General de la Naci\u00f3n","og_description":"P\u00e1gina oficial de la Fiscal\u00eda General de la Naci\u00f3n \u2013 Colombia. Garantizamos el acceso efectivo a la justicia, la verdad y la reparaci\u00f3n de las v\u00edctimas de los delitos.","og_url":"https:\/\/www.fiscalia.gov.co\/colombia\/seccionales\/orden-de-captura-contra-tres-integrantes-del-coce-del-eln-por-asesinato-de-dos-periodistas\/","og_site_name":"Fiscal\u00eda General de la Naci\u00f3n","article_publisher":"https:\/\/www.facebook.com\/FiscaliaCol","article_published_time":"2019-10-01T14:32:06+00:00","author":"Direcci\u00f3n de Comunicaciones Fiscal\u00eda General de la Naci\u00f3n","twitter_card":"summary_large_image","twitter_creator":"@FiscaliaCol","twitter_site":"@FiscaliaCol","twitter_misc":{"Escrito por":"Direcci\u00f3n de Comunicaciones Fiscal\u00eda General de la Naci\u00f3n","Tiempo de lectura":"3 minutos"},"schema":{"@context":"https:\/\/schema.org","@graph":[{"@type":"Article","@id":"https:\/\/www.fiscalia.gov.co\/colombia\/seccionales\/orden-de-captura-contra-tres-integrantes-del-coce-del-eln-por-asesinato-de-dos-periodistas\/#article","isPartOf":{"@id":"https:\/\/www.fiscalia.gov.co\/colombia\/seccionales\/orden-de-captura-contra-tres-integrantes-del-coce-del-eln-por-asesinato-de-dos-periodistas\/"},"author":{"name":"Direcci\u00f3n de Comunicaciones Fiscal\u00eda General de la Naci\u00f3n","@id":"https:\/\/www.fiscalia.gov.co\/colombia\/#\/schema\/person\/bf28d8ae7f1b287bbe3af484b04f43ea"},"headline":"Orden de captura contra tres integrantes del COCE del ELN por asesinato de dos periodistas","datePublished":"2019-10-01T14:32:06+00:00","dateModified":"2019-10-01T14:32:06+00:00","mainEntityOfPage":{"@id":"https:\/\/www.fiscalia.gov.co\/colombia\/seccionales\/orden-de-captura-contra-tres-integrantes-del-coce-del-eln-por-asesinato-de-dos-periodistas\/"},"wordCount":519,"publisher":{"@id":"https:\/\/www.fiscalia.gov.co\/colombia\/#organization"},"articleSection":["Derechos Humanos","Seccional Bogot\u00e1","Seccionales"],"inLanguage":"es-CO"},{"@type":"WebPage","@id":"https:\/\/www.fiscalia.gov.co\/colombia\/seccionales\/orden-de-captura-contra-tres-integrantes-del-coce-del-eln-por-asesinato-de-dos-periodistas\/","url":"https:\/\/www.fiscalia.gov.co\/colombia\/seccionales\/orden-de-captura-contra-tres-integrantes-del-coce-del-eln-por-asesinato-de-dos-periodistas\/","name":"Fiscal\u00eda General de la Naci\u00f3n","isPartOf":{"@id":"https:\/\/www.fiscalia.gov.co\/colombia\/#website"},"datePublished":"2019-10-01T14:32:06+00:00","dateModified":"2019-10-01T14:32:06+00:00","description":"P\u00e1gina oficial de la Fiscal\u00eda General de la Naci\u00f3n \u2013 Colombia. Garantizamos el acceso efectivo a la justicia, la verdad y la reparaci\u00f3n de las v\u00edctimas de los delitos.","breadcrumb":{"@id":"https:\/\/www.fiscalia.gov.co\/colombia\/seccionales\/orden-de-captura-contra-tres-integrantes-del-coce-del-eln-por-asesinato-de-dos-periodistas\/#breadcrumb"},"inLanguage":"es-CO","potentialAction":[{"@type":"ReadAction","target":["https:\/\/www.fiscalia.gov.co\/colombia\/seccionales\/orden-de-captura-contra-tres-integrantes-del-coce-del-eln-por-asesinato-de-dos-periodistas\/"]}]},{"@type":"BreadcrumbList","@id":"https:\/\/www.fiscalia.gov.co\/colombia\/seccionales\/orden-de-captura-contra-tres-integrantes-del-coce-del-eln-por-asesinato-de-dos-periodistas\/#breadcrumb","itemListElement":[{"@type":"ListItem","position":1,"name":"Home","item":"https:\/\/www.fiscalia.gov.co\/colombia\/"},{"@type":"ListItem","position":2,"name":"Orden de captura contra tres integrantes del COCE del ELN por asesinato de dos periodistas"}]},{"@type":"WebSite","@id":"https:\/\/www.fiscalia.gov.co\/colombia\/#website","url":"https:\/\/www.fiscalia.gov.co\/colombia\/","name":"Fiscal\u00eda General de la Naci\u00f3n","description":"P\u00e1gina oficial de la Fiscal\u00eda General de la Naci\u00f3n \u2013 Colombia. Garantizamos el acceso efectivo a la justicia, la verdad y la reparaci\u00f3n de las v\u00edctimas de los delitos.","publisher":{"@id":"https:\/\/www.fiscalia.gov.co\/colombia\/#organization"},"potentialAction":[{"@type":"SearchAction","target":{"@type":"EntryPoint","urlTemplate":"https:\/\/www.fiscalia.gov.co\/colombia\/?s={search_term_string}"},"query-input":{"@type":"PropertyValueSpecification","valueRequired":true,"valueName":"search_term_string"}}],"inLanguage":"es-CO"},{"@type":"Organization","@id":"https:\/\/www.fiscalia.gov.co\/colombia\/#organization","name":"Fiscal\u00eda General de la Naci\u00f3n","url":"https:\/\/www.fiscalia.gov.co\/colombia\/","logo":{"@type":"ImageObject","inLanguage":"es-CO","@id":"https:\/\/www.fiscalia.gov.co\/colombia\/#\/schema\/logo\/image\/","url":"https:\/\/www.fiscalia.gov.co\/colombia\/wp-content\/uploads\/LogoHorizontal_1.jpg","contentUrl":"https:\/\/www.fiscalia.gov.co\/colombia\/wp-content\/uploads\/LogoHorizontal_1.jpg","width":300,"height":90,"caption":"Fiscal\u00eda General de la Naci\u00f3n"},"image":{"@id":"https:\/\/www.fiscalia.gov.co\/colombia\/#\/schema\/logo\/image\/"},"sameAs":["https:\/\/www.facebook.com\/FiscaliaCol","https:\/\/x.com\/FiscaliaCol","https:\/\/www.instagram.com\/fiscaliacol","https:\/\/www.linkedin.com\/company\/fiscalia-general-de-la-naci-n\/","https:\/\/youtube.com\/@fiscaliageneraldelanacion-4668?si=6nN79nyQICPU5iTh"]},{"@type":"Person","@id":"https:\/\/www.fiscalia.gov.co\/colombia\/#\/schema\/person\/bf28d8ae7f1b287bbe3af484b04f43ea","name":"Direcci\u00f3n de Comunicaciones Fiscal\u00eda General de la Naci\u00f3n","image":{"@type":"ImageObject","inLanguage":"es-CO","@id":"https:\/\/www.fiscalia.gov.co\/colombia\/#\/schema\/person\/image\/","url":"https:\/\/secure.gravatar.com\/avatar\/9d55ae161d32da16dbdd0b380c080a5f?s=96&d=mm&r=g","contentUrl":"https:\/\/secure.gravatar.com\/avatar\/9d55ae161d32da16dbdd0b380c080a5f?s=96&d=mm&r=g","caption":"Direcci\u00f3n de Comunicaciones Fiscal\u00eda General de la Naci\u00f3n"},"url":"https:\/\/www.fiscalia.gov.co\/colombia\/author\/kbonilla\/"}]}},"_links":{"self":[{"href":"https:\/\/www.fiscalia.gov.co\/colombia\/wp-json\/wp\/v2\/posts\/184677","targetHints":{"allow":["GET"]}}],"collection":[{"href":"https:\/\/www.fiscalia.gov.co\/colombia\/wp-json\/wp\/v2\/posts"}],"about":[{"href":"https:\/\/www.fiscalia.gov.co\/colombia\/wp-json\/wp\/v2\/types\/post"}],"author":[{"embeddable":true,"href":"https:\/\/www.fiscalia.gov.co\/colombia\/wp-json\/wp\/v2\/users\/162"}],"replies":[{"embeddable":true,"href":"https:\/\/www.fiscalia.gov.co\/colombia\/wp-json\/wp\/v2\/comments?post=184677"}],"version-history":[{"count":1,"href":"https:\/\/www.fiscalia.gov.co\/colombia\/wp-json\/wp\/v2\/posts\/184677\/revisions"}],"predecessor-version":[{"id":184678,"href":"https:\/\/www.fiscalia.gov.co\/colombia\/wp-json\/wp\/v2\/posts\/184677\/revisions\/184678"}],"wp:attachment":[{"href":"https:\/\/www.fiscalia.gov.co\/colombia\/wp-json\/wp\/v2\/media?parent=184677"}],"wp:term":[{"taxonomy":"category","embeddable":true,"href":"https:\/\/www.fiscalia.gov.co\/colombia\/wp-json\/wp\/v2\/categories?post=184677"},{"taxonomy":"post_tag","embeddable":true,"href":"https:\/\/www.fiscalia.gov.co\/colombia\/wp-json\/wp\/v2\/tags?post=184677"}],"curies":[{"name":"wp","href":"https:\/\/api.w.org\/{rel}","templated":true}]}}