{"id":184564,"date":"2019-09-27T10:51:39","date_gmt":"2019-09-27T15:51:39","guid":{"rendered":"https:\/\/www.fiscalia.gov.co\/colombia\/?p=184564"},"modified":"2019-09-27T10:54:08","modified_gmt":"2019-09-27T15:54:08","slug":"condenada-a-14-anos-de-prision-exsecretaria-de-asociacion-de-vivienda-por-estafa-masiva-de-cerca-de-4000-millones-en-mariquita-tolima","status":"publish","type":"post","link":"https:\/\/www.fiscalia.gov.co\/colombia\/seccionales\/condenada-a-14-anos-de-prision-exsecretaria-de-asociacion-de-vivienda-por-estafa-masiva-de-cerca-de-4000-millones-en-mariquita-tolima\/","title":{"rendered":"Condenada a 14 a\u00f1os de prisi\u00f3n exsecretaria de asociaci\u00f3n de vivienda por estafa masiva de cerca de $4000 millones en Mariquita (Tolima)"},"content":{"rendered":"<blockquote class=\"td_quote_box td_box_center\">\n<h4><strong>La mujer enga\u00f1\u00f3 a varias personas con lotes para vivienda de inter\u00e9s social que fueron revendidos una y otra vez, luego de que depositaran su confianza en ella debido a que era la primera dama del municipio en ese momento.<\/strong><\/h4>\n<\/blockquote>\n<p>Rosa \u00c1ngela Guti\u00e9rrez Fairfoot, exsecretaria de la <strong>Asociaci\u00f3n de Vivienda de Inter\u00e9s Social Balcones de Prado de Mariquita<\/strong>, fue condenada por el Juzgado 2\u00b0 Penal del Circuito Especializado de Ibagu\u00e9 (Tolima), a la pena de <strong>14 a\u00f1os y 10 meses de prisi\u00f3n (178 meses) <\/strong>por el delito de estafa agravada \u2014modalidad masa\u2014 de la que fueron <strong>v\u00edctimas m\u00e1s de 1200 personas<\/strong> que perdieron una suma cercana a los $4.000\u2019000.000, en el a\u00f1o 2017 en San Sebasti\u00e1n de Mariquita.<\/p>\n<p>La mujer, quien para la \u00e9poca de los hechos era la esposa del mandatario de la municipalidad tolimense, deber\u00e1 pagar adem\u00e1s una multa de 1500 salarios m\u00ednimos legales vigentes para ese entonces. Adem\u00e1s, fue inhabilitada para ejercer cargos y funciones p\u00fablicas por el mismo lapso de la pena principal.<\/p>\n<p>Es de recordar que la encartada, en la audiencia preparatoria realizada en mayo pasado, acept\u00f3 la responsabilidad de uno de los dos delitos por los que la hab\u00eda acusado la Fiscal\u00eda, es decir, por el que ayer se emiti\u00f3 esta condena. Por ello, se produjo una ruptura procesal y el ente acusador continuar\u00e1 la investigaci\u00f3n por el punible de <strong>enriquecimiento il\u00edcito.<\/strong><\/p>\n<p>De igual manera el juzgado especializado, que acogi\u00f3 los argumentos y pruebas presentadas por la Fiscal\u00eda, orden\u00f3 compulsa de copias para que se investigue a otras personas que pudieron haber participado en la estafa masiva a los ciudadanos mariquite\u00f1os, en caso de que a\u00fan no se les haya vinculado al proceso.<\/p>\n<p><strong>Los motivos de esta condena<\/strong><\/p>\n<p>La investigada Guti\u00e9rrez Fairfoot se gan\u00f3 la confianza de la poblaci\u00f3n por su reconocimiento en la sociedad como la primera dama del municipio. As\u00ed, comercializ\u00f3 a trav\u00e9s de la citada asociaci\u00f3n, 175 lotes de un predio rural con capacidad para construir el mismo n\u00famero de viviendas de inter\u00e9s social, asegurando que su esposo modificar\u00eda el Plan de Ordenamiento Territorial (POT) para que este fuera urbano.<\/p>\n<p>El predio habr\u00eda sido adquirido por su hoy exesposo, Alejandro Galindo Rinc\u00f3n, cuando fue concejal.<\/p>\n<p><strong>Vendi\u00f3 y revendi\u00f3<\/strong><\/p>\n<p>Se logr\u00f3 demostrar que pese a que ella conoc\u00eda que los\u00a0lotes\u00a0no eran urbanizables,\u00a0los comercializ\u00f3 y revendi\u00f3, llegando a tener un mismo lote hasta 8 propietarios, a quienes no les entregaban escrituras, sino que les suscrib\u00edan una carta de venta.<\/p>\n<p>Incluso pudo haber revendido en 640 oportunidades, y 191 veces m\u00e1s, a trav\u00e9s de terceros en calidad de comisionistas.<\/p>\n<p>Gracias a esto, la procesada al parecer tuvo un incremento patrimonial injustificado y, entre los a\u00f1os 2010 y 2017, se dice que realiz\u00f3 movimientos por m\u00e1s de $6.000\u2019000.000 en sus cuentas personales, lo cual sigue siendo objeto de investigaci\u00f3n.<\/p>\n<p>Igualmente, se trata de establecer si los dineros adquiridos il\u00edcitamente de la venta y reventa de los lotes se usaron para el pago de n\u00f3mina y d\u00e1divas para impulsar la campa\u00f1a a la Alcald\u00eda de Mariquita 2016-2019.<\/p>\n<p>Esta <strong>sentencia es de primera instancia<\/strong> y sobre ella proceden los recursos de ley.<\/p>\n<p>La Fiscal\u00eda hace p\u00fablica esta informaci\u00f3n por razones de inter\u00e9s general.<\/p>\n<p>&nbsp;<\/p>\n<p>PAAM\/DLBM<\/p>\n<p>&nbsp;<\/p>\n\n<div class=\"twitter-share\"><a href=\"https:\/\/twitter.com\/intent\/tweet?via=fiscaliacol\" class=\"twitter-share-button\">Tweet<\/a><\/div>\n","protected":false},"excerpt":{"rendered":"<p>La mujer enga\u00f1\u00f3 a varias personas con lotes para vivienda de inter\u00e9s social que fueron revendidos una y otra vez, luego de que depositaran su confianza en ella debido a [&hellip;]<\/p>\n","protected":false},"author":162,"featured_media":0,"comment_status":"closed","ping_status":"open","sticky":false,"template":"","format":"standard","meta":{"tdm_status":"","tdm_grid_status":"","footnotes":""},"categories":[24097,329,303],"tags":[],"class_list":["post-184564","post","type-post","status-publish","format-standard","category-corrupcion","category-seccional-ibague","category-seccionales"],"yoast_head":"<!-- This site is optimized with the Yoast SEO plugin v24.3 - https:\/\/yoast.com\/wordpress\/plugins\/seo\/ -->\n<title>Fiscal\u00eda General de la Naci\u00f3n<\/title>\n<meta name=\"description\" content=\"P\u00e1gina oficial de la Fiscal\u00eda General de la Naci\u00f3n \u2013 Colombia. Garantizamos el acceso efectivo a la justicia, la verdad y la reparaci\u00f3n de las v\u00edctimas de los delitos.\" \/>\n<meta name=\"robots\" content=\"noindex, follow\" \/>\n<meta property=\"og:locale\" content=\"es_ES\" \/>\n<meta property=\"og:type\" content=\"article\" \/>\n<meta property=\"og:title\" content=\"Fiscal\u00eda General de la Naci\u00f3n\" \/>\n<meta property=\"og:description\" content=\"P\u00e1gina oficial de la Fiscal\u00eda General de la Naci\u00f3n \u2013 Colombia. Garantizamos el acceso efectivo a la justicia, la verdad y la reparaci\u00f3n de las v\u00edctimas de los delitos.\" \/>\n<meta property=\"og:url\" content=\"https:\/\/www.fiscalia.gov.co\/colombia\/seccionales\/condenada-a-14-anos-de-prision-exsecretaria-de-asociacion-de-vivienda-por-estafa-masiva-de-cerca-de-4000-millones-en-mariquita-tolima\/\" \/>\n<meta property=\"og:site_name\" content=\"Fiscal\u00eda General de la Naci\u00f3n\" \/>\n<meta property=\"article:publisher\" content=\"https:\/\/www.facebook.com\/FiscaliaCol\" \/>\n<meta property=\"article:published_time\" content=\"2019-09-27T15:51:39+00:00\" \/>\n<meta property=\"article:modified_time\" content=\"2019-09-27T15:54:08+00:00\" \/>\n<meta name=\"author\" content=\"Direcci\u00f3n de Comunicaciones Fiscal\u00eda General de la Naci\u00f3n\" \/>\n<meta name=\"twitter:card\" content=\"summary_large_image\" \/>\n<meta name=\"twitter:creator\" content=\"@FiscaliaCol\" \/>\n<meta name=\"twitter:site\" content=\"@FiscaliaCol\" \/>\n<meta name=\"twitter:label1\" content=\"Escrito por\" \/>\n\t<meta name=\"twitter:data1\" content=\"Direcci\u00f3n de Comunicaciones Fiscal\u00eda General de la Naci\u00f3n\" \/>\n\t<meta name=\"twitter:label2\" content=\"Tiempo de lectura\" \/>\n\t<meta name=\"twitter:data2\" content=\"3 minutos\" \/>\n<script type=\"application\/ld+json\" class=\"yoast-schema-graph\">{\"@context\":\"https:\/\/schema.org\",\"@graph\":[{\"@type\":\"Article\",\"@id\":\"https:\/\/www.fiscalia.gov.co\/colombia\/seccionales\/condenada-a-14-anos-de-prision-exsecretaria-de-asociacion-de-vivienda-por-estafa-masiva-de-cerca-de-4000-millones-en-mariquita-tolima\/#article\",\"isPartOf\":{\"@id\":\"https:\/\/www.fiscalia.gov.co\/colombia\/seccionales\/condenada-a-14-anos-de-prision-exsecretaria-de-asociacion-de-vivienda-por-estafa-masiva-de-cerca-de-4000-millones-en-mariquita-tolima\/\"},\"author\":{\"name\":\"Direcci\u00f3n de Comunicaciones Fiscal\u00eda General de la Naci\u00f3n\",\"@id\":\"https:\/\/www.fiscalia.gov.co\/colombia\/#\/schema\/person\/bf28d8ae7f1b287bbe3af484b04f43ea\"},\"headline\":\"Condenada a 14 a\u00f1os de prisi\u00f3n exsecretaria de asociaci\u00f3n de vivienda por estafa masiva de cerca de $4000 millones en Mariquita (Tolima)\",\"datePublished\":\"2019-09-27T15:51:39+00:00\",\"dateModified\":\"2019-09-27T15:54:08+00:00\",\"mainEntityOfPage\":{\"@id\":\"https:\/\/www.fiscalia.gov.co\/colombia\/seccionales\/condenada-a-14-anos-de-prision-exsecretaria-de-asociacion-de-vivienda-por-estafa-masiva-de-cerca-de-4000-millones-en-mariquita-tolima\/\"},\"wordCount\":587,\"publisher\":{\"@id\":\"https:\/\/www.fiscalia.gov.co\/colombia\/#organization\"},\"articleSection\":[\"Corrupci\u00f3n\",\"Seccional Ibagu\u00e9\",\"Seccionales\"],\"inLanguage\":\"es-CO\"},{\"@type\":\"WebPage\",\"@id\":\"https:\/\/www.fiscalia.gov.co\/colombia\/seccionales\/condenada-a-14-anos-de-prision-exsecretaria-de-asociacion-de-vivienda-por-estafa-masiva-de-cerca-de-4000-millones-en-mariquita-tolima\/\",\"url\":\"https:\/\/www.fiscalia.gov.co\/colombia\/seccionales\/condenada-a-14-anos-de-prision-exsecretaria-de-asociacion-de-vivienda-por-estafa-masiva-de-cerca-de-4000-millones-en-mariquita-tolima\/\",\"name\":\"Fiscal\u00eda General de la Naci\u00f3n\",\"isPartOf\":{\"@id\":\"https:\/\/www.fiscalia.gov.co\/colombia\/#website\"},\"datePublished\":\"2019-09-27T15:51:39+00:00\",\"dateModified\":\"2019-09-27T15:54:08+00:00\",\"description\":\"P\u00e1gina oficial de la Fiscal\u00eda General de la Naci\u00f3n \u2013 Colombia. Garantizamos el acceso efectivo a la justicia, la verdad y la reparaci\u00f3n de las v\u00edctimas de los delitos.\",\"breadcrumb\":{\"@id\":\"https:\/\/www.fiscalia.gov.co\/colombia\/seccionales\/condenada-a-14-anos-de-prision-exsecretaria-de-asociacion-de-vivienda-por-estafa-masiva-de-cerca-de-4000-millones-en-mariquita-tolima\/#breadcrumb\"},\"inLanguage\":\"es-CO\",\"potentialAction\":[{\"@type\":\"ReadAction\",\"target\":[\"https:\/\/www.fiscalia.gov.co\/colombia\/seccionales\/condenada-a-14-anos-de-prision-exsecretaria-de-asociacion-de-vivienda-por-estafa-masiva-de-cerca-de-4000-millones-en-mariquita-tolima\/\"]}]},{\"@type\":\"BreadcrumbList\",\"@id\":\"https:\/\/www.fiscalia.gov.co\/colombia\/seccionales\/condenada-a-14-anos-de-prision-exsecretaria-de-asociacion-de-vivienda-por-estafa-masiva-de-cerca-de-4000-millones-en-mariquita-tolima\/#breadcrumb\",\"itemListElement\":[{\"@type\":\"ListItem\",\"position\":1,\"name\":\"Home\",\"item\":\"https:\/\/www.fiscalia.gov.co\/colombia\/\"},{\"@type\":\"ListItem\",\"position\":2,\"name\":\"Condenada a 14 a\u00f1os de prisi\u00f3n exsecretaria de asociaci\u00f3n de vivienda por estafa masiva de cerca de $4000 millones en Mariquita (Tolima)\"}]},{\"@type\":\"WebSite\",\"@id\":\"https:\/\/www.fiscalia.gov.co\/colombia\/#website\",\"url\":\"https:\/\/www.fiscalia.gov.co\/colombia\/\",\"name\":\"Fiscal\u00eda General de la Naci\u00f3n\",\"description\":\"P\u00e1gina oficial de la Fiscal\u00eda General de la Naci\u00f3n \u2013 Colombia. Garantizamos el acceso efectivo a la justicia, la verdad y la reparaci\u00f3n de las v\u00edctimas de los delitos.\",\"publisher\":{\"@id\":\"https:\/\/www.fiscalia.gov.co\/colombia\/#organization\"},\"potentialAction\":[{\"@type\":\"SearchAction\",\"target\":{\"@type\":\"EntryPoint\",\"urlTemplate\":\"https:\/\/www.fiscalia.gov.co\/colombia\/?s={search_term_string}\"},\"query-input\":{\"@type\":\"PropertyValueSpecification\",\"valueRequired\":true,\"valueName\":\"search_term_string\"}}],\"inLanguage\":\"es-CO\"},{\"@type\":\"Organization\",\"@id\":\"https:\/\/www.fiscalia.gov.co\/colombia\/#organization\",\"name\":\"Fiscal\u00eda General de la Naci\u00f3n\",\"url\":\"https:\/\/www.fiscalia.gov.co\/colombia\/\",\"logo\":{\"@type\":\"ImageObject\",\"inLanguage\":\"es-CO\",\"@id\":\"https:\/\/www.fiscalia.gov.co\/colombia\/#\/schema\/logo\/image\/\",\"url\":\"https:\/\/www.fiscalia.gov.co\/colombia\/wp-content\/uploads\/LogoHorizontal_1.jpg\",\"contentUrl\":\"https:\/\/www.fiscalia.gov.co\/colombia\/wp-content\/uploads\/LogoHorizontal_1.jpg\",\"width\":300,\"height\":90,\"caption\":\"Fiscal\u00eda General de la Naci\u00f3n\"},\"image\":{\"@id\":\"https:\/\/www.fiscalia.gov.co\/colombia\/#\/schema\/logo\/image\/\"},\"sameAs\":[\"https:\/\/www.facebook.com\/FiscaliaCol\",\"https:\/\/x.com\/FiscaliaCol\",\"https:\/\/www.instagram.com\/fiscaliacol\",\"https:\/\/www.linkedin.com\/company\/fiscalia-general-de-la-naci-n\/\",\"https:\/\/youtube.com\/@fiscaliageneraldelanacion-4668?si=6nN79nyQICPU5iTh\"]},{\"@type\":\"Person\",\"@id\":\"https:\/\/www.fiscalia.gov.co\/colombia\/#\/schema\/person\/bf28d8ae7f1b287bbe3af484b04f43ea\",\"name\":\"Direcci\u00f3n de Comunicaciones Fiscal\u00eda General de la Naci\u00f3n\",\"image\":{\"@type\":\"ImageObject\",\"inLanguage\":\"es-CO\",\"@id\":\"https:\/\/www.fiscalia.gov.co\/colombia\/#\/schema\/person\/image\/\",\"url\":\"https:\/\/secure.gravatar.com\/avatar\/9d55ae161d32da16dbdd0b380c080a5f?s=96&d=mm&r=g\",\"contentUrl\":\"https:\/\/secure.gravatar.com\/avatar\/9d55ae161d32da16dbdd0b380c080a5f?s=96&d=mm&r=g\",\"caption\":\"Direcci\u00f3n de Comunicaciones Fiscal\u00eda General de la Naci\u00f3n\"},\"url\":\"https:\/\/www.fiscalia.gov.co\/colombia\/author\/kbonilla\/\"}]}<\/script>\n<!-- \/ Yoast SEO plugin. -->","yoast_head_json":{"title":"Fiscal\u00eda General de la Naci\u00f3n","description":"P\u00e1gina oficial de la Fiscal\u00eda General de la Naci\u00f3n \u2013 Colombia. Garantizamos el acceso efectivo a la justicia, la verdad y la reparaci\u00f3n de las v\u00edctimas de los delitos.","robots":{"index":"noindex","follow":"follow"},"og_locale":"es_ES","og_type":"article","og_title":"Fiscal\u00eda General de la Naci\u00f3n","og_description":"P\u00e1gina oficial de la Fiscal\u00eda General de la Naci\u00f3n \u2013 Colombia. Garantizamos el acceso efectivo a la justicia, la verdad y la reparaci\u00f3n de las v\u00edctimas de los delitos.","og_url":"https:\/\/www.fiscalia.gov.co\/colombia\/seccionales\/condenada-a-14-anos-de-prision-exsecretaria-de-asociacion-de-vivienda-por-estafa-masiva-de-cerca-de-4000-millones-en-mariquita-tolima\/","og_site_name":"Fiscal\u00eda General de la Naci\u00f3n","article_publisher":"https:\/\/www.facebook.com\/FiscaliaCol","article_published_time":"2019-09-27T15:51:39+00:00","article_modified_time":"2019-09-27T15:54:08+00:00","author":"Direcci\u00f3n de Comunicaciones Fiscal\u00eda General de la Naci\u00f3n","twitter_card":"summary_large_image","twitter_creator":"@FiscaliaCol","twitter_site":"@FiscaliaCol","twitter_misc":{"Escrito por":"Direcci\u00f3n de Comunicaciones Fiscal\u00eda General de la Naci\u00f3n","Tiempo de lectura":"3 minutos"},"schema":{"@context":"https:\/\/schema.org","@graph":[{"@type":"Article","@id":"https:\/\/www.fiscalia.gov.co\/colombia\/seccionales\/condenada-a-14-anos-de-prision-exsecretaria-de-asociacion-de-vivienda-por-estafa-masiva-de-cerca-de-4000-millones-en-mariquita-tolima\/#article","isPartOf":{"@id":"https:\/\/www.fiscalia.gov.co\/colombia\/seccionales\/condenada-a-14-anos-de-prision-exsecretaria-de-asociacion-de-vivienda-por-estafa-masiva-de-cerca-de-4000-millones-en-mariquita-tolima\/"},"author":{"name":"Direcci\u00f3n de Comunicaciones Fiscal\u00eda General de la Naci\u00f3n","@id":"https:\/\/www.fiscalia.gov.co\/colombia\/#\/schema\/person\/bf28d8ae7f1b287bbe3af484b04f43ea"},"headline":"Condenada a 14 a\u00f1os de prisi\u00f3n exsecretaria de asociaci\u00f3n de vivienda por estafa masiva de cerca de $4000 millones en Mariquita (Tolima)","datePublished":"2019-09-27T15:51:39+00:00","dateModified":"2019-09-27T15:54:08+00:00","mainEntityOfPage":{"@id":"https:\/\/www.fiscalia.gov.co\/colombia\/seccionales\/condenada-a-14-anos-de-prision-exsecretaria-de-asociacion-de-vivienda-por-estafa-masiva-de-cerca-de-4000-millones-en-mariquita-tolima\/"},"wordCount":587,"publisher":{"@id":"https:\/\/www.fiscalia.gov.co\/colombia\/#organization"},"articleSection":["Corrupci\u00f3n","Seccional Ibagu\u00e9","Seccionales"],"inLanguage":"es-CO"},{"@type":"WebPage","@id":"https:\/\/www.fiscalia.gov.co\/colombia\/seccionales\/condenada-a-14-anos-de-prision-exsecretaria-de-asociacion-de-vivienda-por-estafa-masiva-de-cerca-de-4000-millones-en-mariquita-tolima\/","url":"https:\/\/www.fiscalia.gov.co\/colombia\/seccionales\/condenada-a-14-anos-de-prision-exsecretaria-de-asociacion-de-vivienda-por-estafa-masiva-de-cerca-de-4000-millones-en-mariquita-tolima\/","name":"Fiscal\u00eda General de la Naci\u00f3n","isPartOf":{"@id":"https:\/\/www.fiscalia.gov.co\/colombia\/#website"},"datePublished":"2019-09-27T15:51:39+00:00","dateModified":"2019-09-27T15:54:08+00:00","description":"P\u00e1gina oficial de la Fiscal\u00eda General de la Naci\u00f3n \u2013 Colombia. Garantizamos el acceso efectivo a la justicia, la verdad y la reparaci\u00f3n de las v\u00edctimas de los delitos.","breadcrumb":{"@id":"https:\/\/www.fiscalia.gov.co\/colombia\/seccionales\/condenada-a-14-anos-de-prision-exsecretaria-de-asociacion-de-vivienda-por-estafa-masiva-de-cerca-de-4000-millones-en-mariquita-tolima\/#breadcrumb"},"inLanguage":"es-CO","potentialAction":[{"@type":"ReadAction","target":["https:\/\/www.fiscalia.gov.co\/colombia\/seccionales\/condenada-a-14-anos-de-prision-exsecretaria-de-asociacion-de-vivienda-por-estafa-masiva-de-cerca-de-4000-millones-en-mariquita-tolima\/"]}]},{"@type":"BreadcrumbList","@id":"https:\/\/www.fiscalia.gov.co\/colombia\/seccionales\/condenada-a-14-anos-de-prision-exsecretaria-de-asociacion-de-vivienda-por-estafa-masiva-de-cerca-de-4000-millones-en-mariquita-tolima\/#breadcrumb","itemListElement":[{"@type":"ListItem","position":1,"name":"Home","item":"https:\/\/www.fiscalia.gov.co\/colombia\/"},{"@type":"ListItem","position":2,"name":"Condenada a 14 a\u00f1os de prisi\u00f3n exsecretaria de asociaci\u00f3n de vivienda por estafa masiva de cerca de $4000 millones en Mariquita (Tolima)"}]},{"@type":"WebSite","@id":"https:\/\/www.fiscalia.gov.co\/colombia\/#website","url":"https:\/\/www.fiscalia.gov.co\/colombia\/","name":"Fiscal\u00eda General de la Naci\u00f3n","description":"P\u00e1gina oficial de la Fiscal\u00eda General de la Naci\u00f3n \u2013 Colombia. Garantizamos el acceso efectivo a la justicia, la verdad y la reparaci\u00f3n de las v\u00edctimas de los delitos.","publisher":{"@id":"https:\/\/www.fiscalia.gov.co\/colombia\/#organization"},"potentialAction":[{"@type":"SearchAction","target":{"@type":"EntryPoint","urlTemplate":"https:\/\/www.fiscalia.gov.co\/colombia\/?s={search_term_string}"},"query-input":{"@type":"PropertyValueSpecification","valueRequired":true,"valueName":"search_term_string"}}],"inLanguage":"es-CO"},{"@type":"Organization","@id":"https:\/\/www.fiscalia.gov.co\/colombia\/#organization","name":"Fiscal\u00eda General de la Naci\u00f3n","url":"https:\/\/www.fiscalia.gov.co\/colombia\/","logo":{"@type":"ImageObject","inLanguage":"es-CO","@id":"https:\/\/www.fiscalia.gov.co\/colombia\/#\/schema\/logo\/image\/","url":"https:\/\/www.fiscalia.gov.co\/colombia\/wp-content\/uploads\/LogoHorizontal_1.jpg","contentUrl":"https:\/\/www.fiscalia.gov.co\/colombia\/wp-content\/uploads\/LogoHorizontal_1.jpg","width":300,"height":90,"caption":"Fiscal\u00eda General de la Naci\u00f3n"},"image":{"@id":"https:\/\/www.fiscalia.gov.co\/colombia\/#\/schema\/logo\/image\/"},"sameAs":["https:\/\/www.facebook.com\/FiscaliaCol","https:\/\/x.com\/FiscaliaCol","https:\/\/www.instagram.com\/fiscaliacol","https:\/\/www.linkedin.com\/company\/fiscalia-general-de-la-naci-n\/","https:\/\/youtube.com\/@fiscaliageneraldelanacion-4668?si=6nN79nyQICPU5iTh"]},{"@type":"Person","@id":"https:\/\/www.fiscalia.gov.co\/colombia\/#\/schema\/person\/bf28d8ae7f1b287bbe3af484b04f43ea","name":"Direcci\u00f3n de Comunicaciones Fiscal\u00eda General de la Naci\u00f3n","image":{"@type":"ImageObject","inLanguage":"es-CO","@id":"https:\/\/www.fiscalia.gov.co\/colombia\/#\/schema\/person\/image\/","url":"https:\/\/secure.gravatar.com\/avatar\/9d55ae161d32da16dbdd0b380c080a5f?s=96&d=mm&r=g","contentUrl":"https:\/\/secure.gravatar.com\/avatar\/9d55ae161d32da16dbdd0b380c080a5f?s=96&d=mm&r=g","caption":"Direcci\u00f3n de Comunicaciones Fiscal\u00eda General de la Naci\u00f3n"},"url":"https:\/\/www.fiscalia.gov.co\/colombia\/author\/kbonilla\/"}]}},"_links":{"self":[{"href":"https:\/\/www.fiscalia.gov.co\/colombia\/wp-json\/wp\/v2\/posts\/184564","targetHints":{"allow":["GET"]}}],"collection":[{"href":"https:\/\/www.fiscalia.gov.co\/colombia\/wp-json\/wp\/v2\/posts"}],"about":[{"href":"https:\/\/www.fiscalia.gov.co\/colombia\/wp-json\/wp\/v2\/types\/post"}],"author":[{"embeddable":true,"href":"https:\/\/www.fiscalia.gov.co\/colombia\/wp-json\/wp\/v2\/users\/162"}],"replies":[{"embeddable":true,"href":"https:\/\/www.fiscalia.gov.co\/colombia\/wp-json\/wp\/v2\/comments?post=184564"}],"version-history":[{"count":2,"href":"https:\/\/www.fiscalia.gov.co\/colombia\/wp-json\/wp\/v2\/posts\/184564\/revisions"}],"predecessor-version":[{"id":184566,"href":"https:\/\/www.fiscalia.gov.co\/colombia\/wp-json\/wp\/v2\/posts\/184564\/revisions\/184566"}],"wp:attachment":[{"href":"https:\/\/www.fiscalia.gov.co\/colombia\/wp-json\/wp\/v2\/media?parent=184564"}],"wp:term":[{"taxonomy":"category","embeddable":true,"href":"https:\/\/www.fiscalia.gov.co\/colombia\/wp-json\/wp\/v2\/categories?post=184564"},{"taxonomy":"post_tag","embeddable":true,"href":"https:\/\/www.fiscalia.gov.co\/colombia\/wp-json\/wp\/v2\/tags?post=184564"}],"curies":[{"name":"wp","href":"https:\/\/api.w.org\/{rel}","templated":true}]}}