{"id":183717,"date":"2019-09-05T10:37:56","date_gmt":"2019-09-05T15:37:56","guid":{"rendered":"https:\/\/www.fiscalia.gov.co\/colombia\/?p=183717"},"modified":"2019-09-05T10:37:56","modified_gmt":"2019-09-05T15:37:56","slug":"fiscalia-fortalece-atencion-con-medico-legista-para-casos-de-violencia-intrafamiliar-y-delitos-sexuales-en-la-uri","status":"publish","type":"post","link":"https:\/\/www.fiscalia.gov.co\/colombia\/seccionales\/fiscalia-fortalece-atencion-con-medico-legista-para-casos-de-violencia-intrafamiliar-y-delitos-sexuales-en-la-uri\/","title":{"rendered":"Fiscal\u00eda fortalece atenci\u00f3n con m\u00e9dico legista para casos de violencia intrafamiliar y delitos sexuales en la URI"},"content":{"rendered":"<p>La <strong>Unidad de Reacci\u00f3n Inmediata<\/strong> (URI) de la <strong>Fiscal\u00eda General de la Naci\u00f3n<\/strong> en Cali contar\u00e1, a partir de hoy, con un m\u00e9dico del <strong>Instituto Nacional de Medicina Legal<\/strong>, quien realizar\u00e1 las <strong>valoraciones m\u00e9dico-legistas<\/strong> para los casos relacionados con <strong>violencia intrafamiliar y abuso sexual<\/strong>.<\/p>\n<p>Los fiscales de las estrategias relacionados con este tipo de delitos <strong>podr\u00e1n acceder directamente<\/strong> en el sistema a los <strong>informes de valoraci\u00f3n<\/strong> m\u00e9dico-legista de las v\u00edctimas <strong>para acopiar las pruebas al expediente<\/strong>.<\/p>\n<p>Igualmente, se contar\u00e1 con el servicio de un veh\u00edculo para trasladar desde cualquier punto de la ciudad a los usuarios hasta la URI, esto con el prop\u00f3sito de que el caso sea atendido de manera urgente, cuando as\u00ed se requiera.<\/p>\n<p>De esta manera, se <strong>fortalecen las estrategias<\/strong> para atender a los ciudadanos de manera r\u00e1pida y oportuna con el equipo de Polic\u00eda Judicial y receptores de denuncias.<\/p>\n<p><strong>As\u00ed operar\u00e1<\/strong>:<\/p>\n<ol>\n<li>Los usuarios, v\u00edctimas de violencia intrafamiliar y\/o abusos sexuales, son recibidos por tres Fiscales de las estrategias para ambos delitos, quienes entrevistar\u00e1n a las v\u00edctimas, definir\u00e1n la ruta que se debe activar, ya sea como acto urgente o como denuncia.<\/li>\n<li>Si se activa como denuncia, la estrategia actualmente cuenta con dos receptores de denuncia, exclusivos para la creaci\u00f3n de noticias criminales de este tipo de delitos.<\/li>\n<li>Una vez se inicie la recepci\u00f3n de la denuncia un Fiscal de Intervenci\u00f3n Temprana establecer\u00e1 si el riesgo es alto o grave.<\/li>\n<li>Si se activa como acto urgente, las v\u00edctimas ser\u00e1n dirigidas hacia la Polic\u00eda Judicial de actos urgentes y se llevan las actividades investigativas correspondientes a lo solicitado por el Fiscal.<\/li>\n<\/ol>\n<p>La <strong>Ruta de Atenci\u00f3n<\/strong> para las V\u00edctimas de Violencia Intrafamiliar y Delitos Sexuales est\u00e1 integrada por:<\/p>\n<ol>\n<li>Tres fiscales de violencia intrafamiliar.<\/li>\n<li>Dos asistentes de fiscal para violencia intrafamiliar<\/li>\n<li>Un fiscal de delitos sexuales.<\/li>\n<li>Un asistente de fiscal para delitos sexuales<\/li>\n<li>Seis unidades de Polic\u00eda Judicial<\/li>\n<li>Dos sic\u00f3logas peritas<\/li>\n<li>Dos sic\u00f3logas de Atenci\u00f3n al Usuario para la Realizaci\u00f3n de Valoraciones de Riesgo.<\/li>\n<\/ol>\n<p>A esta estrategia de mejoramiento de Atenci\u00f3n al Usuario se sum\u00f3 un funcionario del Instituto Colombiano de Bienestar Familiar (ICBF) con un funcionario, y el servicio de la C\u00e1mara Gesell para entrevistas con menores que han sido v\u00edctimas de abusos sexuales.<\/p>\n<p>La Fiscal\u00eda General de la Naci\u00f3n publica esta informaci\u00f3n por razones de inter\u00e9s general.<\/p>\n<p>&nbsp;<\/p>\n<p>JGPV\/MAGA<\/p>\n<p>&nbsp;<\/p>\n\n<div class=\"twitter-share\"><a href=\"https:\/\/twitter.com\/intent\/tweet?via=fiscaliacol\" class=\"twitter-share-button\">Tweet<\/a><\/div>\n","protected":false},"excerpt":{"rendered":"<p>La Unidad de Reacci\u00f3n Inmediata (URI) de la Fiscal\u00eda General de la Naci\u00f3n en Cali contar\u00e1, a partir de hoy, con un m\u00e9dico del Instituto Nacional de Medicina Legal, quien realizar\u00e1 las valoraciones m\u00e9dico-legistas para los casos relacionados con violencia intrafamiliar y abuso sexual. Los fiscales de las estrategias relacionados con este tipo de delitos [&hellip;]<\/p>\n","protected":false},"author":162,"featured_media":0,"comment_status":"closed","ping_status":"open","sticky":false,"template":"","format":"standard","meta":{"_price":"","_stock":"","_tribe_ticket_header":"","_tribe_default_ticket_provider":"","_tribe_ticket_capacity":"0","_ticket_start_date":"","_ticket_end_date":"","_tribe_ticket_show_description":"","_tribe_ticket_show_not_going":false,"_tribe_ticket_use_global_stock":"","_tribe_ticket_global_stock_level":"","_global_stock_mode":"","_global_stock_cap":"","_tribe_rsvp_for_event":"","_tribe_ticket_going_count":"","_tribe_ticket_not_going_count":"","_tribe_tickets_list":"[]","_tribe_ticket_has_attendee_info_fields":false,"tdm_status":"","tdm_grid_status":"","footnotes":""},"categories":[324,303,24099,24127],"tags":[],"class_list":{"0":"post-183717","1":"post","2":"type-post","3":"status-publish","4":"format-standard","6":"category-seccional-cali","7":"category-seccionales","8":"category-seguridad-territorial","9":"category-violencia-sexual-e-intrafamiliar"},"yoast_head":"<!-- This site is optimized with the Yoast SEO plugin v24.3 - https:\/\/yoast.com\/wordpress\/plugins\/seo\/ -->\n<title>Fiscal\u00eda General de la Naci\u00f3n<\/title>\n<meta name=\"description\" content=\"P\u00e1gina oficial de la Fiscal\u00eda General de la Naci\u00f3n \u2013 Colombia. Garantizamos el acceso efectivo a la justicia, la verdad y la reparaci\u00f3n de las v\u00edctimas de los delitos.\" \/>\n<meta name=\"robots\" content=\"noindex, follow\" \/>\n<meta property=\"og:locale\" content=\"es_ES\" \/>\n<meta property=\"og:type\" content=\"article\" \/>\n<meta property=\"og:title\" content=\"Fiscal\u00eda General de la Naci\u00f3n\" \/>\n<meta property=\"og:description\" content=\"P\u00e1gina oficial de la Fiscal\u00eda General de la Naci\u00f3n \u2013 Colombia. Garantizamos el acceso efectivo a la justicia, la verdad y la reparaci\u00f3n de las v\u00edctimas de los delitos.\" \/>\n<meta property=\"og:url\" content=\"https:\/\/www.fiscalia.gov.co\/colombia\/seccionales\/fiscalia-fortalece-atencion-con-medico-legista-para-casos-de-violencia-intrafamiliar-y-delitos-sexuales-en-la-uri\/\" \/>\n<meta property=\"og:site_name\" content=\"Fiscal\u00eda General de la Naci\u00f3n\" \/>\n<meta property=\"article:publisher\" content=\"https:\/\/www.facebook.com\/FiscaliaCol\" \/>\n<meta property=\"article:published_time\" content=\"2019-09-05T15:37:56+00:00\" \/>\n<meta name=\"author\" content=\"Direcci\u00f3n de Comunicaciones Fiscal\u00eda General de la Naci\u00f3n\" \/>\n<meta name=\"twitter:card\" content=\"summary_large_image\" \/>\n<meta name=\"twitter:creator\" content=\"@FiscaliaCol\" \/>\n<meta name=\"twitter:site\" content=\"@FiscaliaCol\" \/>\n<meta name=\"twitter:label1\" content=\"Escrito por\" \/>\n\t<meta name=\"twitter:data1\" content=\"Direcci\u00f3n de Comunicaciones Fiscal\u00eda General de la Naci\u00f3n\" \/>\n\t<meta name=\"twitter:label2\" content=\"Tiempo de lectura\" \/>\n\t<meta name=\"twitter:data2\" content=\"2 minutos\" \/>\n<script type=\"application\/ld+json\" class=\"yoast-schema-graph\">{\"@context\":\"https:\/\/schema.org\",\"@graph\":[{\"@type\":\"Article\",\"@id\":\"https:\/\/www.fiscalia.gov.co\/colombia\/seccionales\/fiscalia-fortalece-atencion-con-medico-legista-para-casos-de-violencia-intrafamiliar-y-delitos-sexuales-en-la-uri\/#article\",\"isPartOf\":{\"@id\":\"https:\/\/www.fiscalia.gov.co\/colombia\/seccionales\/fiscalia-fortalece-atencion-con-medico-legista-para-casos-de-violencia-intrafamiliar-y-delitos-sexuales-en-la-uri\/\"},\"author\":{\"name\":\"Direcci\u00f3n de Comunicaciones Fiscal\u00eda General de la Naci\u00f3n\",\"@id\":\"https:\/\/www.fiscalia.gov.co\/colombia\/#\/schema\/person\/bf28d8ae7f1b287bbe3af484b04f43ea\"},\"headline\":\"Fiscal\u00eda fortalece atenci\u00f3n con m\u00e9dico legista para casos de violencia intrafamiliar y delitos sexuales en la URI\",\"datePublished\":\"2019-09-05T15:37:56+00:00\",\"dateModified\":\"2019-09-05T15:37:56+00:00\",\"mainEntityOfPage\":{\"@id\":\"https:\/\/www.fiscalia.gov.co\/colombia\/seccionales\/fiscalia-fortalece-atencion-con-medico-legista-para-casos-de-violencia-intrafamiliar-y-delitos-sexuales-en-la-uri\/\"},\"wordCount\":441,\"publisher\":{\"@id\":\"https:\/\/www.fiscalia.gov.co\/colombia\/#organization\"},\"articleSection\":[\"Seccional Cali\",\"Seccionales\",\"Seguridad territorial\",\"Violencia sexual e intrafamiliar\"],\"inLanguage\":\"es-CO\"},{\"@type\":\"WebPage\",\"@id\":\"https:\/\/www.fiscalia.gov.co\/colombia\/seccionales\/fiscalia-fortalece-atencion-con-medico-legista-para-casos-de-violencia-intrafamiliar-y-delitos-sexuales-en-la-uri\/\",\"url\":\"https:\/\/www.fiscalia.gov.co\/colombia\/seccionales\/fiscalia-fortalece-atencion-con-medico-legista-para-casos-de-violencia-intrafamiliar-y-delitos-sexuales-en-la-uri\/\",\"name\":\"Fiscal\u00eda General de la Naci\u00f3n\",\"isPartOf\":{\"@id\":\"https:\/\/www.fiscalia.gov.co\/colombia\/#website\"},\"datePublished\":\"2019-09-05T15:37:56+00:00\",\"dateModified\":\"2019-09-05T15:37:56+00:00\",\"description\":\"P\u00e1gina oficial de la Fiscal\u00eda General de la Naci\u00f3n \u2013 Colombia. Garantizamos el acceso efectivo a la justicia, la verdad y la reparaci\u00f3n de las v\u00edctimas de los delitos.\",\"breadcrumb\":{\"@id\":\"https:\/\/www.fiscalia.gov.co\/colombia\/seccionales\/fiscalia-fortalece-atencion-con-medico-legista-para-casos-de-violencia-intrafamiliar-y-delitos-sexuales-en-la-uri\/#breadcrumb\"},\"inLanguage\":\"es-CO\",\"potentialAction\":[{\"@type\":\"ReadAction\",\"target\":[\"https:\/\/www.fiscalia.gov.co\/colombia\/seccionales\/fiscalia-fortalece-atencion-con-medico-legista-para-casos-de-violencia-intrafamiliar-y-delitos-sexuales-en-la-uri\/\"]}]},{\"@type\":\"BreadcrumbList\",\"@id\":\"https:\/\/www.fiscalia.gov.co\/colombia\/seccionales\/fiscalia-fortalece-atencion-con-medico-legista-para-casos-de-violencia-intrafamiliar-y-delitos-sexuales-en-la-uri\/#breadcrumb\",\"itemListElement\":[{\"@type\":\"ListItem\",\"position\":1,\"name\":\"Home\",\"item\":\"https:\/\/www.fiscalia.gov.co\/colombia\/\"},{\"@type\":\"ListItem\",\"position\":2,\"name\":\"Fiscal\u00eda fortalece atenci\u00f3n con m\u00e9dico legista para casos de violencia intrafamiliar y delitos sexuales en la URI\"}]},{\"@type\":\"WebSite\",\"@id\":\"https:\/\/www.fiscalia.gov.co\/colombia\/#website\",\"url\":\"https:\/\/www.fiscalia.gov.co\/colombia\/\",\"name\":\"Fiscal\u00eda General de la Naci\u00f3n\",\"description\":\"P\u00e1gina oficial de la Fiscal\u00eda General de la Naci\u00f3n \u2013 Colombia. Garantizamos el acceso efectivo a la justicia, la verdad y la reparaci\u00f3n de las v\u00edctimas de los delitos.\",\"publisher\":{\"@id\":\"https:\/\/www.fiscalia.gov.co\/colombia\/#organization\"},\"potentialAction\":[{\"@type\":\"SearchAction\",\"target\":{\"@type\":\"EntryPoint\",\"urlTemplate\":\"https:\/\/www.fiscalia.gov.co\/colombia\/?s={search_term_string}\"},\"query-input\":{\"@type\":\"PropertyValueSpecification\",\"valueRequired\":true,\"valueName\":\"search_term_string\"}}],\"inLanguage\":\"es-CO\"},{\"@type\":\"Organization\",\"@id\":\"https:\/\/www.fiscalia.gov.co\/colombia\/#organization\",\"name\":\"Fiscal\u00eda General de la Naci\u00f3n\",\"url\":\"https:\/\/www.fiscalia.gov.co\/colombia\/\",\"logo\":{\"@type\":\"ImageObject\",\"inLanguage\":\"es-CO\",\"@id\":\"https:\/\/www.fiscalia.gov.co\/colombia\/#\/schema\/logo\/image\/\",\"url\":\"https:\/\/www.fiscalia.gov.co\/colombia\/wp-content\/uploads\/LogoHorizontal_1.jpg\",\"contentUrl\":\"https:\/\/www.fiscalia.gov.co\/colombia\/wp-content\/uploads\/LogoHorizontal_1.jpg\",\"width\":300,\"height\":90,\"caption\":\"Fiscal\u00eda General de la Naci\u00f3n\"},\"image\":{\"@id\":\"https:\/\/www.fiscalia.gov.co\/colombia\/#\/schema\/logo\/image\/\"},\"sameAs\":[\"https:\/\/www.facebook.com\/FiscaliaCol\",\"https:\/\/x.com\/FiscaliaCol\",\"https:\/\/www.instagram.com\/fiscaliacol\",\"https:\/\/www.linkedin.com\/company\/fiscalia-general-de-la-naci-n\/\",\"https:\/\/youtube.com\/@fiscaliageneraldelanacion-4668?si=6nN79nyQICPU5iTh\"]},{\"@type\":\"Person\",\"@id\":\"https:\/\/www.fiscalia.gov.co\/colombia\/#\/schema\/person\/bf28d8ae7f1b287bbe3af484b04f43ea\",\"name\":\"Direcci\u00f3n de Comunicaciones Fiscal\u00eda General de la Naci\u00f3n\",\"image\":{\"@type\":\"ImageObject\",\"inLanguage\":\"es-CO\",\"@id\":\"https:\/\/www.fiscalia.gov.co\/colombia\/#\/schema\/person\/image\/\",\"url\":\"https:\/\/secure.gravatar.com\/avatar\/9d55ae161d32da16dbdd0b380c080a5f?s=96&d=mm&r=g\",\"contentUrl\":\"https:\/\/secure.gravatar.com\/avatar\/9d55ae161d32da16dbdd0b380c080a5f?s=96&d=mm&r=g\",\"caption\":\"Direcci\u00f3n de Comunicaciones Fiscal\u00eda General de la Naci\u00f3n\"},\"url\":\"https:\/\/www.fiscalia.gov.co\/colombia\/author\/kbonilla\/\"}]}<\/script>\n<!-- \/ Yoast SEO plugin. -->","yoast_head_json":{"title":"Fiscal\u00eda General de la Naci\u00f3n","description":"P\u00e1gina oficial de la Fiscal\u00eda General de la Naci\u00f3n \u2013 Colombia. Garantizamos el acceso efectivo a la justicia, la verdad y la reparaci\u00f3n de las v\u00edctimas de los delitos.","robots":{"index":"noindex","follow":"follow"},"og_locale":"es_ES","og_type":"article","og_title":"Fiscal\u00eda General de la Naci\u00f3n","og_description":"P\u00e1gina oficial de la Fiscal\u00eda General de la Naci\u00f3n \u2013 Colombia. Garantizamos el acceso efectivo a la justicia, la verdad y la reparaci\u00f3n de las v\u00edctimas de los delitos.","og_url":"https:\/\/www.fiscalia.gov.co\/colombia\/seccionales\/fiscalia-fortalece-atencion-con-medico-legista-para-casos-de-violencia-intrafamiliar-y-delitos-sexuales-en-la-uri\/","og_site_name":"Fiscal\u00eda General de la Naci\u00f3n","article_publisher":"https:\/\/www.facebook.com\/FiscaliaCol","article_published_time":"2019-09-05T15:37:56+00:00","author":"Direcci\u00f3n de Comunicaciones Fiscal\u00eda General de la Naci\u00f3n","twitter_card":"summary_large_image","twitter_creator":"@FiscaliaCol","twitter_site":"@FiscaliaCol","twitter_misc":{"Escrito por":"Direcci\u00f3n de Comunicaciones Fiscal\u00eda General de la Naci\u00f3n","Tiempo de lectura":"2 minutos"},"schema":{"@context":"https:\/\/schema.org","@graph":[{"@type":"Article","@id":"https:\/\/www.fiscalia.gov.co\/colombia\/seccionales\/fiscalia-fortalece-atencion-con-medico-legista-para-casos-de-violencia-intrafamiliar-y-delitos-sexuales-en-la-uri\/#article","isPartOf":{"@id":"https:\/\/www.fiscalia.gov.co\/colombia\/seccionales\/fiscalia-fortalece-atencion-con-medico-legista-para-casos-de-violencia-intrafamiliar-y-delitos-sexuales-en-la-uri\/"},"author":{"name":"Direcci\u00f3n de Comunicaciones Fiscal\u00eda General de la Naci\u00f3n","@id":"https:\/\/www.fiscalia.gov.co\/colombia\/#\/schema\/person\/bf28d8ae7f1b287bbe3af484b04f43ea"},"headline":"Fiscal\u00eda fortalece atenci\u00f3n con m\u00e9dico legista para casos de violencia intrafamiliar y delitos sexuales en la URI","datePublished":"2019-09-05T15:37:56+00:00","dateModified":"2019-09-05T15:37:56+00:00","mainEntityOfPage":{"@id":"https:\/\/www.fiscalia.gov.co\/colombia\/seccionales\/fiscalia-fortalece-atencion-con-medico-legista-para-casos-de-violencia-intrafamiliar-y-delitos-sexuales-en-la-uri\/"},"wordCount":441,"publisher":{"@id":"https:\/\/www.fiscalia.gov.co\/colombia\/#organization"},"articleSection":["Seccional Cali","Seccionales","Seguridad territorial","Violencia sexual e intrafamiliar"],"inLanguage":"es-CO"},{"@type":"WebPage","@id":"https:\/\/www.fiscalia.gov.co\/colombia\/seccionales\/fiscalia-fortalece-atencion-con-medico-legista-para-casos-de-violencia-intrafamiliar-y-delitos-sexuales-en-la-uri\/","url":"https:\/\/www.fiscalia.gov.co\/colombia\/seccionales\/fiscalia-fortalece-atencion-con-medico-legista-para-casos-de-violencia-intrafamiliar-y-delitos-sexuales-en-la-uri\/","name":"Fiscal\u00eda General de la Naci\u00f3n","isPartOf":{"@id":"https:\/\/www.fiscalia.gov.co\/colombia\/#website"},"datePublished":"2019-09-05T15:37:56+00:00","dateModified":"2019-09-05T15:37:56+00:00","description":"P\u00e1gina oficial de la Fiscal\u00eda General de la Naci\u00f3n \u2013 Colombia. Garantizamos el acceso efectivo a la justicia, la verdad y la reparaci\u00f3n de las v\u00edctimas de los delitos.","breadcrumb":{"@id":"https:\/\/www.fiscalia.gov.co\/colombia\/seccionales\/fiscalia-fortalece-atencion-con-medico-legista-para-casos-de-violencia-intrafamiliar-y-delitos-sexuales-en-la-uri\/#breadcrumb"},"inLanguage":"es-CO","potentialAction":[{"@type":"ReadAction","target":["https:\/\/www.fiscalia.gov.co\/colombia\/seccionales\/fiscalia-fortalece-atencion-con-medico-legista-para-casos-de-violencia-intrafamiliar-y-delitos-sexuales-en-la-uri\/"]}]},{"@type":"BreadcrumbList","@id":"https:\/\/www.fiscalia.gov.co\/colombia\/seccionales\/fiscalia-fortalece-atencion-con-medico-legista-para-casos-de-violencia-intrafamiliar-y-delitos-sexuales-en-la-uri\/#breadcrumb","itemListElement":[{"@type":"ListItem","position":1,"name":"Home","item":"https:\/\/www.fiscalia.gov.co\/colombia\/"},{"@type":"ListItem","position":2,"name":"Fiscal\u00eda fortalece atenci\u00f3n con m\u00e9dico legista para casos de violencia intrafamiliar y delitos sexuales en la URI"}]},{"@type":"WebSite","@id":"https:\/\/www.fiscalia.gov.co\/colombia\/#website","url":"https:\/\/www.fiscalia.gov.co\/colombia\/","name":"Fiscal\u00eda General de la Naci\u00f3n","description":"P\u00e1gina oficial de la Fiscal\u00eda General de la Naci\u00f3n \u2013 Colombia. Garantizamos el acceso efectivo a la justicia, la verdad y la reparaci\u00f3n de las v\u00edctimas de los delitos.","publisher":{"@id":"https:\/\/www.fiscalia.gov.co\/colombia\/#organization"},"potentialAction":[{"@type":"SearchAction","target":{"@type":"EntryPoint","urlTemplate":"https:\/\/www.fiscalia.gov.co\/colombia\/?s={search_term_string}"},"query-input":{"@type":"PropertyValueSpecification","valueRequired":true,"valueName":"search_term_string"}}],"inLanguage":"es-CO"},{"@type":"Organization","@id":"https:\/\/www.fiscalia.gov.co\/colombia\/#organization","name":"Fiscal\u00eda General de la Naci\u00f3n","url":"https:\/\/www.fiscalia.gov.co\/colombia\/","logo":{"@type":"ImageObject","inLanguage":"es-CO","@id":"https:\/\/www.fiscalia.gov.co\/colombia\/#\/schema\/logo\/image\/","url":"https:\/\/www.fiscalia.gov.co\/colombia\/wp-content\/uploads\/LogoHorizontal_1.jpg","contentUrl":"https:\/\/www.fiscalia.gov.co\/colombia\/wp-content\/uploads\/LogoHorizontal_1.jpg","width":300,"height":90,"caption":"Fiscal\u00eda General de la Naci\u00f3n"},"image":{"@id":"https:\/\/www.fiscalia.gov.co\/colombia\/#\/schema\/logo\/image\/"},"sameAs":["https:\/\/www.facebook.com\/FiscaliaCol","https:\/\/x.com\/FiscaliaCol","https:\/\/www.instagram.com\/fiscaliacol","https:\/\/www.linkedin.com\/company\/fiscalia-general-de-la-naci-n\/","https:\/\/youtube.com\/@fiscaliageneraldelanacion-4668?si=6nN79nyQICPU5iTh"]},{"@type":"Person","@id":"https:\/\/www.fiscalia.gov.co\/colombia\/#\/schema\/person\/bf28d8ae7f1b287bbe3af484b04f43ea","name":"Direcci\u00f3n de Comunicaciones Fiscal\u00eda General de la Naci\u00f3n","image":{"@type":"ImageObject","inLanguage":"es-CO","@id":"https:\/\/www.fiscalia.gov.co\/colombia\/#\/schema\/person\/image\/","url":"https:\/\/secure.gravatar.com\/avatar\/9d55ae161d32da16dbdd0b380c080a5f?s=96&d=mm&r=g","contentUrl":"https:\/\/secure.gravatar.com\/avatar\/9d55ae161d32da16dbdd0b380c080a5f?s=96&d=mm&r=g","caption":"Direcci\u00f3n de Comunicaciones Fiscal\u00eda General de la Naci\u00f3n"},"url":"https:\/\/www.fiscalia.gov.co\/colombia\/author\/kbonilla\/"}]}},"_links":{"self":[{"href":"https:\/\/www.fiscalia.gov.co\/colombia\/wp-json\/wp\/v2\/posts\/183717","targetHints":{"allow":["GET"]}}],"collection":[{"href":"https:\/\/www.fiscalia.gov.co\/colombia\/wp-json\/wp\/v2\/posts"}],"about":[{"href":"https:\/\/www.fiscalia.gov.co\/colombia\/wp-json\/wp\/v2\/types\/post"}],"author":[{"embeddable":true,"href":"https:\/\/www.fiscalia.gov.co\/colombia\/wp-json\/wp\/v2\/users\/162"}],"replies":[{"embeddable":true,"href":"https:\/\/www.fiscalia.gov.co\/colombia\/wp-json\/wp\/v2\/comments?post=183717"}],"version-history":[{"count":1,"href":"https:\/\/www.fiscalia.gov.co\/colombia\/wp-json\/wp\/v2\/posts\/183717\/revisions"}],"predecessor-version":[{"id":183718,"href":"https:\/\/www.fiscalia.gov.co\/colombia\/wp-json\/wp\/v2\/posts\/183717\/revisions\/183718"}],"wp:attachment":[{"href":"https:\/\/www.fiscalia.gov.co\/colombia\/wp-json\/wp\/v2\/media?parent=183717"}],"wp:term":[{"taxonomy":"category","embeddable":true,"href":"https:\/\/www.fiscalia.gov.co\/colombia\/wp-json\/wp\/v2\/categories?post=183717"},{"taxonomy":"post_tag","embeddable":true,"href":"https:\/\/www.fiscalia.gov.co\/colombia\/wp-json\/wp\/v2\/tags?post=183717"}],"curies":[{"name":"wp","href":"https:\/\/api.w.org\/{rel}","templated":true}]}}