{"id":183709,"date":"2019-09-05T10:15:59","date_gmt":"2019-09-05T15:15:59","guid":{"rendered":"https:\/\/www.fiscalia.gov.co\/colombia\/?p=183709"},"modified":"2019-09-05T10:15:59","modified_gmt":"2019-09-05T15:15:59","slug":"golpe-estructural-al-trafico-de-insumos-quimicos-para-la-produccion-de-cocaina","status":"publish","type":"post","link":"https:\/\/www.fiscalia.gov.co\/colombia\/noticias\/golpe-estructural-al-trafico-de-insumos-quimicos-para-la-produccion-de-cocaina\/","title":{"rendered":"Golpe estructural al tr\u00e1fico de insumos qu\u00edmicos para la producci\u00f3n de coca\u00edna"},"content":{"rendered":"<blockquote class=\"td_quote_box td_box_center\">\n<h3><strong>La Fiscal\u00eda General de la Naci\u00f3n y la Polic\u00eda Nacional capturaron a 11 presuntos integrantes de una organizaci\u00f3n criminal se\u00f1alada de desviar insumos hacia los laboratorios de producci\u00f3n de estupefacientes en Cauca y Nari\u00f1o.<\/strong><\/h3>\n<\/blockquote>\n<p>Dos insumos esenciales e irremplazables en el procesamiento de coca\u00edna, el \u00e1cido clorh\u00eddrico y el \u00e1cido sulf\u00farico, presuntamente eran desviados en grandes cantidades desde la Costa Atl\u00e1ntica y Santander por una red criminal que habr\u00eda dise\u00f1ado un andamiaje ilegal de acopio y transporte de estas sustancias.<\/p>\n<p>La Fiscal\u00eda General de la Naci\u00f3n, a trav\u00e9s del Cuerpo T\u00e9cnico de Investigaci\u00f3n (CTI), y la Direcci\u00f3n Antinarc\u00f3ticos de la Polic\u00eda Nacional identificaron la actividad il\u00edcita, a los supuestos integrantes de la organizaci\u00f3n, los lugares de almacenamiento, los m\u00e9todos de camuflaje y las rutas utilizadas para llevar los insumos a los laboratorios de producci\u00f3n de estupefacientes en Nari\u00f1o y Cauca.<\/p>\n<p>En 14 meses de investigaciones se estableci\u00f3 que la estructura esperaba en Barranquilla la llegada de los contenedores cargados de \u00e1cido clorh\u00eddrico y sulf\u00farico, y, con el presunto auspicio de trabajadores de las empresas importadoras de qu\u00edmicos, desviaba algunas cantidades hacia bodegas ubicadas en ciudades de la Costa Atl\u00e1ntica.<\/p>\n<p>Los indicios dan cuenta que, luego de agrupar varios galones, los insumos eran trasladados en tractocamiones hasta los complejos narcotraficantes en el sur del pa\u00eds. Esta misma modalidad era utilizada en Santander y Meta, desde donde los integrantes de la estructura enviaban otro tipo de elementos como cemento e hidrocarburos.<\/p>\n<p>Por orden judicial, nueve de los se\u00f1alados responsables de la cadena criminal fueron capturados en diligencias cumplidas en Barranquilla, Santa Marta, Barrancabermeja (Santander), y Samaniego y Pasto (Nari\u00f1o). Simult\u00e1neamente, dos de los supuestos transportadores de la red fueron capturados en flagrancia mientras movilizaban ilegalmente insumos en Tulu\u00e1 (Valle del Cauca).<\/p>\n<p>Durante las diligencias fueron incautados 3.369 galones de \u00e1cido sulf\u00farico, 17 toneladas de cemento y algo m\u00e1s de 34 millones de pesos en efectivo.<\/p>\n<p>Los procesados fueron presentados en audiencias concentradas y un fiscal destacado ante el CTI los imput\u00f3 como presuntos responsables de los delitos de concierto para delinquir agravado y tr\u00e1fico de sustancias para la elaboraci\u00f3n de narc\u00f3ticos. Tres de los indiciados aceptaron los cargos, cuatro m\u00e1s se comprometieron a colaborar con las investigaciones y los dem\u00e1s rechazaron su participaci\u00f3n en los hechos.<\/p>\n<p>Por disposici\u00f3n de un juez de control de garant\u00edas de Barranquilla, los nueve capturados por orden judicial recibieron medida privativa de la libertad de detenci\u00f3n domiciliaria.<\/p>\n<p>Entre los judicializados est\u00e1n dos de los denominados coordinadores de la estructura conocidos como \u2018T\u00edo\u2019 y \u2018Omar\u2019, quienes ser\u00edan los m\u00e1ximos financiadores y los responsables de recibir los insumos en Nari\u00f1o y trasladarlos hasta los complejos narcotraficantes.<\/p>\n<p>Otros de los detenidos estar\u00edan vinculados a la desviaci\u00f3n, acopio y transporte de los qu\u00edmicos e hidrocarburos como alias Cachaco, Carlos, Fernando, James, Sandon\u00e1, Gomelo y Mocho, este \u00faltimo habr\u00eda usado su condici\u00f3n de discapacidad para intentar pasar desapercibido y dirigir los despachos de qu\u00edmicos desde bodegas en la Costa Atl\u00e1ntica.<\/p>\n<p>En esta primera fase de la investigaci\u00f3n el CTI de la Fiscal\u00eda General de la Naci\u00f3n y la Direcci\u00f3n Antinarc\u00f3ticos de la Polic\u00eda Nacional han incautado 3.369 galones de \u00e1cido sulf\u00farico, 11.500 galones de hidrocarburo y 17 toneladas de insumos s\u00f3lidos. Al impedir la llegada de estos elementos a los laboratorios se evit\u00f3 la producci\u00f3n de 13 toneladas y media de coca\u00edna y comercializaci\u00f3n de 133\u00a0 millones de dosis de droga.<\/p>\n<p>La Fiscal\u00eda General de la Naci\u00f3n hace p\u00fablica esta informaci\u00f3n por razones de inter\u00e9s general.<\/p>\n\n<div class=\"twitter-share\"><a href=\"https:\/\/twitter.com\/intent\/tweet?via=fiscaliacol\" class=\"twitter-share-button\">Tweet<\/a><\/div>\n","protected":false},"excerpt":{"rendered":"<p>La Fiscal\u00eda General de la Naci\u00f3n y la Polic\u00eda Nacional capturaron a 11 presuntos integrantes de una organizaci\u00f3n criminal se\u00f1alada de desviar insumos hacia los laboratorios de producci\u00f3n de estupefacientes en Cauca y Nari\u00f1o. Dos insumos esenciales e irremplazables en el procesamiento de coca\u00edna, el \u00e1cido clorh\u00eddrico y el \u00e1cido sulf\u00farico, presuntamente eran desviados en [&hellip;]<\/p>\n","protected":false},"author":162,"featured_media":0,"comment_status":"closed","ping_status":"open","sticky":false,"template":"","format":"standard","meta":{"_price":"","_stock":"","_tribe_ticket_header":"","_tribe_default_ticket_provider":"","_tribe_ticket_capacity":"0","_ticket_start_date":"","_ticket_end_date":"","_tribe_ticket_show_description":"","_tribe_ticket_show_not_going":false,"_tribe_ticket_use_global_stock":"","_tribe_ticket_global_stock_level":"","_global_stock_mode":"","_global_stock_cap":"","_tribe_rsvp_for_event":"","_tribe_ticket_going_count":"","_tribe_ticket_not_going_count":"","_tribe_tickets_list":"[]","_tribe_ticket_has_attendee_info_fields":false,"tdm_status":"","tdm_grid_status":"","footnotes":""},"categories":[24115,1],"tags":[],"class_list":{"0":"post-183709","1":"post","2":"type-post","3":"status-publish","4":"format-standard","6":"category-narcotrafico","7":"category-noticias"},"yoast_head":"<!-- This site is optimized with the Yoast SEO plugin v24.3 - https:\/\/yoast.com\/wordpress\/plugins\/seo\/ -->\n<title>Fiscal\u00eda General de la Naci\u00f3n<\/title>\n<meta name=\"description\" content=\"P\u00e1gina oficial de la Fiscal\u00eda General de la Naci\u00f3n \u2013 Colombia. Garantizamos el acceso efectivo a la justicia, la verdad y la reparaci\u00f3n de las v\u00edctimas de los delitos.\" \/>\n<meta name=\"robots\" content=\"noindex, follow\" \/>\n<meta property=\"og:locale\" content=\"es_ES\" \/>\n<meta property=\"og:type\" content=\"article\" \/>\n<meta property=\"og:title\" content=\"Fiscal\u00eda General de la Naci\u00f3n\" \/>\n<meta property=\"og:description\" content=\"P\u00e1gina oficial de la Fiscal\u00eda General de la Naci\u00f3n \u2013 Colombia. Garantizamos el acceso efectivo a la justicia, la verdad y la reparaci\u00f3n de las v\u00edctimas de los delitos.\" \/>\n<meta property=\"og:url\" content=\"https:\/\/www.fiscalia.gov.co\/colombia\/noticias\/golpe-estructural-al-trafico-de-insumos-quimicos-para-la-produccion-de-cocaina\/\" \/>\n<meta property=\"og:site_name\" content=\"Fiscal\u00eda General de la Naci\u00f3n\" \/>\n<meta property=\"article:publisher\" content=\"https:\/\/www.facebook.com\/FiscaliaCol\" \/>\n<meta property=\"article:published_time\" content=\"2019-09-05T15:15:59+00:00\" \/>\n<meta name=\"author\" content=\"Direcci\u00f3n de Comunicaciones Fiscal\u00eda General de la Naci\u00f3n\" \/>\n<meta name=\"twitter:card\" content=\"summary_large_image\" \/>\n<meta name=\"twitter:creator\" content=\"@FiscaliaCol\" \/>\n<meta name=\"twitter:site\" content=\"@FiscaliaCol\" \/>\n<meta name=\"twitter:label1\" content=\"Escrito por\" \/>\n\t<meta name=\"twitter:data1\" content=\"Direcci\u00f3n de Comunicaciones Fiscal\u00eda General de la Naci\u00f3n\" \/>\n\t<meta name=\"twitter:label2\" content=\"Tiempo de lectura\" \/>\n\t<meta name=\"twitter:data2\" content=\"3 minutos\" \/>\n<script type=\"application\/ld+json\" class=\"yoast-schema-graph\">{\"@context\":\"https:\/\/schema.org\",\"@graph\":[{\"@type\":\"Article\",\"@id\":\"https:\/\/www.fiscalia.gov.co\/colombia\/noticias\/golpe-estructural-al-trafico-de-insumos-quimicos-para-la-produccion-de-cocaina\/#article\",\"isPartOf\":{\"@id\":\"https:\/\/www.fiscalia.gov.co\/colombia\/noticias\/golpe-estructural-al-trafico-de-insumos-quimicos-para-la-produccion-de-cocaina\/\"},\"author\":{\"name\":\"Direcci\u00f3n de Comunicaciones Fiscal\u00eda General de la Naci\u00f3n\",\"@id\":\"https:\/\/www.fiscalia.gov.co\/colombia\/#\/schema\/person\/bf28d8ae7f1b287bbe3af484b04f43ea\"},\"headline\":\"Golpe estructural al tr\u00e1fico de insumos qu\u00edmicos para la producci\u00f3n de coca\u00edna\",\"datePublished\":\"2019-09-05T15:15:59+00:00\",\"dateModified\":\"2019-09-05T15:15:59+00:00\",\"mainEntityOfPage\":{\"@id\":\"https:\/\/www.fiscalia.gov.co\/colombia\/noticias\/golpe-estructural-al-trafico-de-insumos-quimicos-para-la-produccion-de-cocaina\/\"},\"wordCount\":653,\"publisher\":{\"@id\":\"https:\/\/www.fiscalia.gov.co\/colombia\/#organization\"},\"articleSection\":[\"Narcotr\u00e1fico\",\"Noticias\"],\"inLanguage\":\"es-CO\"},{\"@type\":\"WebPage\",\"@id\":\"https:\/\/www.fiscalia.gov.co\/colombia\/noticias\/golpe-estructural-al-trafico-de-insumos-quimicos-para-la-produccion-de-cocaina\/\",\"url\":\"https:\/\/www.fiscalia.gov.co\/colombia\/noticias\/golpe-estructural-al-trafico-de-insumos-quimicos-para-la-produccion-de-cocaina\/\",\"name\":\"Fiscal\u00eda General de la Naci\u00f3n\",\"isPartOf\":{\"@id\":\"https:\/\/www.fiscalia.gov.co\/colombia\/#website\"},\"datePublished\":\"2019-09-05T15:15:59+00:00\",\"dateModified\":\"2019-09-05T15:15:59+00:00\",\"description\":\"P\u00e1gina oficial de la Fiscal\u00eda General de la Naci\u00f3n \u2013 Colombia. Garantizamos el acceso efectivo a la justicia, la verdad y la reparaci\u00f3n de las v\u00edctimas de los delitos.\",\"breadcrumb\":{\"@id\":\"https:\/\/www.fiscalia.gov.co\/colombia\/noticias\/golpe-estructural-al-trafico-de-insumos-quimicos-para-la-produccion-de-cocaina\/#breadcrumb\"},\"inLanguage\":\"es-CO\",\"potentialAction\":[{\"@type\":\"ReadAction\",\"target\":[\"https:\/\/www.fiscalia.gov.co\/colombia\/noticias\/golpe-estructural-al-trafico-de-insumos-quimicos-para-la-produccion-de-cocaina\/\"]}]},{\"@type\":\"BreadcrumbList\",\"@id\":\"https:\/\/www.fiscalia.gov.co\/colombia\/noticias\/golpe-estructural-al-trafico-de-insumos-quimicos-para-la-produccion-de-cocaina\/#breadcrumb\",\"itemListElement\":[{\"@type\":\"ListItem\",\"position\":1,\"name\":\"Home\",\"item\":\"https:\/\/www.fiscalia.gov.co\/colombia\/\"},{\"@type\":\"ListItem\",\"position\":2,\"name\":\"Golpe estructural al tr\u00e1fico de insumos qu\u00edmicos para la producci\u00f3n de coca\u00edna\"}]},{\"@type\":\"WebSite\",\"@id\":\"https:\/\/www.fiscalia.gov.co\/colombia\/#website\",\"url\":\"https:\/\/www.fiscalia.gov.co\/colombia\/\",\"name\":\"Fiscal\u00eda General de la Naci\u00f3n\",\"description\":\"P\u00e1gina oficial de la Fiscal\u00eda General de la Naci\u00f3n \u2013 Colombia. Garantizamos el acceso efectivo a la justicia, la verdad y la reparaci\u00f3n de las v\u00edctimas de los delitos.\",\"publisher\":{\"@id\":\"https:\/\/www.fiscalia.gov.co\/colombia\/#organization\"},\"potentialAction\":[{\"@type\":\"SearchAction\",\"target\":{\"@type\":\"EntryPoint\",\"urlTemplate\":\"https:\/\/www.fiscalia.gov.co\/colombia\/?s={search_term_string}\"},\"query-input\":{\"@type\":\"PropertyValueSpecification\",\"valueRequired\":true,\"valueName\":\"search_term_string\"}}],\"inLanguage\":\"es-CO\"},{\"@type\":\"Organization\",\"@id\":\"https:\/\/www.fiscalia.gov.co\/colombia\/#organization\",\"name\":\"Fiscal\u00eda General de la Naci\u00f3n\",\"url\":\"https:\/\/www.fiscalia.gov.co\/colombia\/\",\"logo\":{\"@type\":\"ImageObject\",\"inLanguage\":\"es-CO\",\"@id\":\"https:\/\/www.fiscalia.gov.co\/colombia\/#\/schema\/logo\/image\/\",\"url\":\"https:\/\/www.fiscalia.gov.co\/colombia\/wp-content\/uploads\/LogoHorizontal_1.jpg\",\"contentUrl\":\"https:\/\/www.fiscalia.gov.co\/colombia\/wp-content\/uploads\/LogoHorizontal_1.jpg\",\"width\":300,\"height\":90,\"caption\":\"Fiscal\u00eda General de la Naci\u00f3n\"},\"image\":{\"@id\":\"https:\/\/www.fiscalia.gov.co\/colombia\/#\/schema\/logo\/image\/\"},\"sameAs\":[\"https:\/\/www.facebook.com\/FiscaliaCol\",\"https:\/\/x.com\/FiscaliaCol\",\"https:\/\/www.instagram.com\/fiscaliacol\",\"https:\/\/www.linkedin.com\/company\/fiscalia-general-de-la-naci-n\/\",\"https:\/\/youtube.com\/@fiscaliageneraldelanacion-4668?si=6nN79nyQICPU5iTh\"]},{\"@type\":\"Person\",\"@id\":\"https:\/\/www.fiscalia.gov.co\/colombia\/#\/schema\/person\/bf28d8ae7f1b287bbe3af484b04f43ea\",\"name\":\"Direcci\u00f3n de Comunicaciones Fiscal\u00eda General de la Naci\u00f3n\",\"image\":{\"@type\":\"ImageObject\",\"inLanguage\":\"es-CO\",\"@id\":\"https:\/\/www.fiscalia.gov.co\/colombia\/#\/schema\/person\/image\/\",\"url\":\"https:\/\/secure.gravatar.com\/avatar\/9d55ae161d32da16dbdd0b380c080a5f?s=96&d=mm&r=g\",\"contentUrl\":\"https:\/\/secure.gravatar.com\/avatar\/9d55ae161d32da16dbdd0b380c080a5f?s=96&d=mm&r=g\",\"caption\":\"Direcci\u00f3n de Comunicaciones Fiscal\u00eda General de la Naci\u00f3n\"},\"url\":\"https:\/\/www.fiscalia.gov.co\/colombia\/author\/kbonilla\/\"}]}<\/script>\n<!-- \/ Yoast SEO plugin. -->","yoast_head_json":{"title":"Fiscal\u00eda General de la Naci\u00f3n","description":"P\u00e1gina oficial de la Fiscal\u00eda General de la Naci\u00f3n \u2013 Colombia. Garantizamos el acceso efectivo a la justicia, la verdad y la reparaci\u00f3n de las v\u00edctimas de los delitos.","robots":{"index":"noindex","follow":"follow"},"og_locale":"es_ES","og_type":"article","og_title":"Fiscal\u00eda General de la Naci\u00f3n","og_description":"P\u00e1gina oficial de la Fiscal\u00eda General de la Naci\u00f3n \u2013 Colombia. Garantizamos el acceso efectivo a la justicia, la verdad y la reparaci\u00f3n de las v\u00edctimas de los delitos.","og_url":"https:\/\/www.fiscalia.gov.co\/colombia\/noticias\/golpe-estructural-al-trafico-de-insumos-quimicos-para-la-produccion-de-cocaina\/","og_site_name":"Fiscal\u00eda General de la Naci\u00f3n","article_publisher":"https:\/\/www.facebook.com\/FiscaliaCol","article_published_time":"2019-09-05T15:15:59+00:00","author":"Direcci\u00f3n de Comunicaciones Fiscal\u00eda General de la Naci\u00f3n","twitter_card":"summary_large_image","twitter_creator":"@FiscaliaCol","twitter_site":"@FiscaliaCol","twitter_misc":{"Escrito por":"Direcci\u00f3n de Comunicaciones Fiscal\u00eda General de la Naci\u00f3n","Tiempo de lectura":"3 minutos"},"schema":{"@context":"https:\/\/schema.org","@graph":[{"@type":"Article","@id":"https:\/\/www.fiscalia.gov.co\/colombia\/noticias\/golpe-estructural-al-trafico-de-insumos-quimicos-para-la-produccion-de-cocaina\/#article","isPartOf":{"@id":"https:\/\/www.fiscalia.gov.co\/colombia\/noticias\/golpe-estructural-al-trafico-de-insumos-quimicos-para-la-produccion-de-cocaina\/"},"author":{"name":"Direcci\u00f3n de Comunicaciones Fiscal\u00eda General de la Naci\u00f3n","@id":"https:\/\/www.fiscalia.gov.co\/colombia\/#\/schema\/person\/bf28d8ae7f1b287bbe3af484b04f43ea"},"headline":"Golpe estructural al tr\u00e1fico de insumos qu\u00edmicos para la producci\u00f3n de coca\u00edna","datePublished":"2019-09-05T15:15:59+00:00","dateModified":"2019-09-05T15:15:59+00:00","mainEntityOfPage":{"@id":"https:\/\/www.fiscalia.gov.co\/colombia\/noticias\/golpe-estructural-al-trafico-de-insumos-quimicos-para-la-produccion-de-cocaina\/"},"wordCount":653,"publisher":{"@id":"https:\/\/www.fiscalia.gov.co\/colombia\/#organization"},"articleSection":["Narcotr\u00e1fico","Noticias"],"inLanguage":"es-CO"},{"@type":"WebPage","@id":"https:\/\/www.fiscalia.gov.co\/colombia\/noticias\/golpe-estructural-al-trafico-de-insumos-quimicos-para-la-produccion-de-cocaina\/","url":"https:\/\/www.fiscalia.gov.co\/colombia\/noticias\/golpe-estructural-al-trafico-de-insumos-quimicos-para-la-produccion-de-cocaina\/","name":"Fiscal\u00eda General de la Naci\u00f3n","isPartOf":{"@id":"https:\/\/www.fiscalia.gov.co\/colombia\/#website"},"datePublished":"2019-09-05T15:15:59+00:00","dateModified":"2019-09-05T15:15:59+00:00","description":"P\u00e1gina oficial de la Fiscal\u00eda General de la Naci\u00f3n \u2013 Colombia. Garantizamos el acceso efectivo a la justicia, la verdad y la reparaci\u00f3n de las v\u00edctimas de los delitos.","breadcrumb":{"@id":"https:\/\/www.fiscalia.gov.co\/colombia\/noticias\/golpe-estructural-al-trafico-de-insumos-quimicos-para-la-produccion-de-cocaina\/#breadcrumb"},"inLanguage":"es-CO","potentialAction":[{"@type":"ReadAction","target":["https:\/\/www.fiscalia.gov.co\/colombia\/noticias\/golpe-estructural-al-trafico-de-insumos-quimicos-para-la-produccion-de-cocaina\/"]}]},{"@type":"BreadcrumbList","@id":"https:\/\/www.fiscalia.gov.co\/colombia\/noticias\/golpe-estructural-al-trafico-de-insumos-quimicos-para-la-produccion-de-cocaina\/#breadcrumb","itemListElement":[{"@type":"ListItem","position":1,"name":"Home","item":"https:\/\/www.fiscalia.gov.co\/colombia\/"},{"@type":"ListItem","position":2,"name":"Golpe estructural al tr\u00e1fico de insumos qu\u00edmicos para la producci\u00f3n de coca\u00edna"}]},{"@type":"WebSite","@id":"https:\/\/www.fiscalia.gov.co\/colombia\/#website","url":"https:\/\/www.fiscalia.gov.co\/colombia\/","name":"Fiscal\u00eda General de la Naci\u00f3n","description":"P\u00e1gina oficial de la Fiscal\u00eda General de la Naci\u00f3n \u2013 Colombia. Garantizamos el acceso efectivo a la justicia, la verdad y la reparaci\u00f3n de las v\u00edctimas de los delitos.","publisher":{"@id":"https:\/\/www.fiscalia.gov.co\/colombia\/#organization"},"potentialAction":[{"@type":"SearchAction","target":{"@type":"EntryPoint","urlTemplate":"https:\/\/www.fiscalia.gov.co\/colombia\/?s={search_term_string}"},"query-input":{"@type":"PropertyValueSpecification","valueRequired":true,"valueName":"search_term_string"}}],"inLanguage":"es-CO"},{"@type":"Organization","@id":"https:\/\/www.fiscalia.gov.co\/colombia\/#organization","name":"Fiscal\u00eda General de la Naci\u00f3n","url":"https:\/\/www.fiscalia.gov.co\/colombia\/","logo":{"@type":"ImageObject","inLanguage":"es-CO","@id":"https:\/\/www.fiscalia.gov.co\/colombia\/#\/schema\/logo\/image\/","url":"https:\/\/www.fiscalia.gov.co\/colombia\/wp-content\/uploads\/LogoHorizontal_1.jpg","contentUrl":"https:\/\/www.fiscalia.gov.co\/colombia\/wp-content\/uploads\/LogoHorizontal_1.jpg","width":300,"height":90,"caption":"Fiscal\u00eda General de la Naci\u00f3n"},"image":{"@id":"https:\/\/www.fiscalia.gov.co\/colombia\/#\/schema\/logo\/image\/"},"sameAs":["https:\/\/www.facebook.com\/FiscaliaCol","https:\/\/x.com\/FiscaliaCol","https:\/\/www.instagram.com\/fiscaliacol","https:\/\/www.linkedin.com\/company\/fiscalia-general-de-la-naci-n\/","https:\/\/youtube.com\/@fiscaliageneraldelanacion-4668?si=6nN79nyQICPU5iTh"]},{"@type":"Person","@id":"https:\/\/www.fiscalia.gov.co\/colombia\/#\/schema\/person\/bf28d8ae7f1b287bbe3af484b04f43ea","name":"Direcci\u00f3n de Comunicaciones Fiscal\u00eda General de la Naci\u00f3n","image":{"@type":"ImageObject","inLanguage":"es-CO","@id":"https:\/\/www.fiscalia.gov.co\/colombia\/#\/schema\/person\/image\/","url":"https:\/\/secure.gravatar.com\/avatar\/9d55ae161d32da16dbdd0b380c080a5f?s=96&d=mm&r=g","contentUrl":"https:\/\/secure.gravatar.com\/avatar\/9d55ae161d32da16dbdd0b380c080a5f?s=96&d=mm&r=g","caption":"Direcci\u00f3n de Comunicaciones Fiscal\u00eda General de la Naci\u00f3n"},"url":"https:\/\/www.fiscalia.gov.co\/colombia\/author\/kbonilla\/"}]}},"_links":{"self":[{"href":"https:\/\/www.fiscalia.gov.co\/colombia\/wp-json\/wp\/v2\/posts\/183709","targetHints":{"allow":["GET"]}}],"collection":[{"href":"https:\/\/www.fiscalia.gov.co\/colombia\/wp-json\/wp\/v2\/posts"}],"about":[{"href":"https:\/\/www.fiscalia.gov.co\/colombia\/wp-json\/wp\/v2\/types\/post"}],"author":[{"embeddable":true,"href":"https:\/\/www.fiscalia.gov.co\/colombia\/wp-json\/wp\/v2\/users\/162"}],"replies":[{"embeddable":true,"href":"https:\/\/www.fiscalia.gov.co\/colombia\/wp-json\/wp\/v2\/comments?post=183709"}],"version-history":[{"count":1,"href":"https:\/\/www.fiscalia.gov.co\/colombia\/wp-json\/wp\/v2\/posts\/183709\/revisions"}],"predecessor-version":[{"id":183710,"href":"https:\/\/www.fiscalia.gov.co\/colombia\/wp-json\/wp\/v2\/posts\/183709\/revisions\/183710"}],"wp:attachment":[{"href":"https:\/\/www.fiscalia.gov.co\/colombia\/wp-json\/wp\/v2\/media?parent=183709"}],"wp:term":[{"taxonomy":"category","embeddable":true,"href":"https:\/\/www.fiscalia.gov.co\/colombia\/wp-json\/wp\/v2\/categories?post=183709"},{"taxonomy":"post_tag","embeddable":true,"href":"https:\/\/www.fiscalia.gov.co\/colombia\/wp-json\/wp\/v2\/tags?post=183709"}],"curies":[{"name":"wp","href":"https:\/\/api.w.org\/{rel}","templated":true}]}}