{"id":183638,"date":"2019-09-03T12:25:30","date_gmt":"2019-09-03T17:25:30","guid":{"rendered":"https:\/\/www.fiscalia.gov.co\/colombia\/?p=183638"},"modified":"2019-09-03T12:25:30","modified_gmt":"2019-09-03T17:25:30","slug":"imputado-alcalde-de-puerto-rico-caqueta-y-uno-de-sus-secretarios-de-despacho-por-supuesta-contratacion-irregular-de-suministro-de-alimentos-para-diferentes-instituciones","status":"publish","type":"post","link":"https:\/\/www.fiscalia.gov.co\/colombia\/seccionales\/imputado-alcalde-de-puerto-rico-caqueta-y-uno-de-sus-secretarios-de-despacho-por-supuesta-contratacion-irregular-de-suministro-de-alimentos-para-diferentes-instituciones\/","title":{"rendered":"Imputado alcalde de Puerto Rico (Caquet\u00e1) y uno de sus secretarios de despacho por supuesta contrataci\u00f3n irregular de suministro de alimentos para diferentes instituciones"},"content":{"rendered":"<blockquote class=\"td_quote_box td_box_center\">\n<h4><strong>Se estableci\u00f3 adem\u00e1s que hubo un presunto sobrecosto de $134.317.557.<\/strong><\/h4>\n<\/blockquote>\n<p>Por los delitos de <strong>contrato sin cumplimiento de requisitos legales<\/strong> y <strong>peculado por apropiaci\u00f3n a favor de terceros<\/strong>, la Fiscal\u00eda imput\u00f3 cargos al alcalde de Puerto Rico (Caquet\u00e1), Hern\u00e1n Armando Bravo Molina, y a su secretario de Desarrollo Social, Reyes Casta\u00f1eda Silva, por posibles irregularidades detectadas en un contrato de suministro, que seg\u00fan los peritos de la Unidad de Administraci\u00f3n P\u00fablica del CTI, la modalidad elegida no fue la apropiada.<\/p>\n<p>De igual manera fue imputado el contratista Carlos Arturo Llanos\u00a0Torres por el delito de peculado por apropiaci\u00f3n en provecho propio.<\/p>\n<p>Se trata del contrato de suministro N\u00b0 008 del 29 de junio de 2016, el cual ten\u00eda por objeto el \u201c<em>suministro de alimentos, mobiliario, equipo de menaje, materiales de construcci\u00f3n, ferreter\u00eda y dem\u00e1s elementos de dotaci\u00f3n de las instituciones educativas, Polic\u00eda Nacional, Alcald\u00eda Municipal y hogares comunitarios del municipio de Puerto Rico (Caquet\u00e1), por valor<\/em> de $<strong>1.086\u2019940.836<\/strong>.<\/p>\n<p>La modalidad elegida fue la de selecci\u00f3n abreviada por causal de bienes de caracter\u00edsticas t\u00e9cnicas uniformes y de com\u00fan utilizaci\u00f3n, que para los investigadores no fue la adecuada, pues debi\u00f3 realizarse por licitaci\u00f3n p\u00fablica, siendo esta una de las falencias detectadas en la etapa precontractual.<\/p>\n<p>En su an\u00e1lisis consideraron los peritos que el estudio de mercado fue insuficiente; el pliego de condiciones estaba direccionado al contratista porque establecieron requisitos en relaci\u00f3n a la experiencia espec\u00edfica que s\u00f3lo \u00e9l cumpl\u00eda. Es decir, se limit\u00f3 la pluralidad de oferentes y adem\u00e1s no se publicarpon en la p\u00e1gina del Secop (Sistema Electr\u00f3nico de Contrataci\u00f3n P\u00fablica) varias etapas del proceso contractual, vulnerando de esta manera los requisitos de planeaci\u00f3n, selecci\u00f3n objetiva, transparencia y publicidad.<\/p>\n<p>Asimismo, se estableci\u00f3 que hubo un presunto sobrecosto en los elementos que conforman el objeto del contrato en la suma de $134.317.557.<\/p>\n<p>Ninguno acept\u00f3 los cargos imputados por el ente acusador.<\/p>\n<p>La Fiscal\u00eda hace p\u00fablica esta informaci\u00f3n por razones de inter\u00e9s general.<\/p>\n<p>&nbsp;<\/p>\n<p>PAAM\/DLBM<\/p>\n\n<div class=\"twitter-share\"><a href=\"https:\/\/twitter.com\/intent\/tweet?via=fiscaliacol\" class=\"twitter-share-button\">Tweet<\/a><\/div>\n","protected":false},"excerpt":{"rendered":"<p>Se estableci\u00f3 adem\u00e1s que hubo un presunto sobrecosto de $134.317.557. Por los delitos de contrato sin cumplimiento de requisitos legales y peculado por apropiaci\u00f3n a favor de terceros, la Fiscal\u00eda imput\u00f3 cargos al alcalde de Puerto Rico (Caquet\u00e1), Hern\u00e1n Armando Bravo Molina, y a su secretario de Desarrollo Social, Reyes Casta\u00f1eda Silva, por posibles irregularidades [&hellip;]<\/p>\n","protected":false},"author":162,"featured_media":0,"comment_status":"closed","ping_status":"open","sticky":false,"template":"","format":"standard","meta":{"tdm_status":"","tdm_grid_status":"","footnotes":""},"categories":[24097,328,303],"tags":[],"class_list":{"0":"post-183638","1":"post","2":"type-post","3":"status-publish","4":"format-standard","6":"category-corrupcion","7":"category-seccional-florencia","8":"category-seccionales"},"yoast_head":"<!-- This site is optimized with the Yoast SEO plugin v24.3 - https:\/\/yoast.com\/wordpress\/plugins\/seo\/ -->\n<title>Fiscal\u00eda General de la Naci\u00f3n<\/title>\n<meta name=\"description\" content=\"P\u00e1gina oficial de la Fiscal\u00eda General de la Naci\u00f3n \u2013 Colombia. Garantizamos el acceso efectivo a la justicia, la verdad y la reparaci\u00f3n de las v\u00edctimas de los delitos.\" \/>\n<meta name=\"robots\" content=\"noindex, follow\" \/>\n<meta property=\"og:locale\" content=\"es_ES\" \/>\n<meta property=\"og:type\" content=\"article\" \/>\n<meta property=\"og:title\" content=\"Fiscal\u00eda General de la Naci\u00f3n\" \/>\n<meta property=\"og:description\" content=\"P\u00e1gina oficial de la Fiscal\u00eda General de la Naci\u00f3n \u2013 Colombia. Garantizamos el acceso efectivo a la justicia, la verdad y la reparaci\u00f3n de las v\u00edctimas de los delitos.\" \/>\n<meta property=\"og:url\" content=\"https:\/\/www.fiscalia.gov.co\/colombia\/seccionales\/imputado-alcalde-de-puerto-rico-caqueta-y-uno-de-sus-secretarios-de-despacho-por-supuesta-contratacion-irregular-de-suministro-de-alimentos-para-diferentes-instituciones\/\" \/>\n<meta property=\"og:site_name\" content=\"Fiscal\u00eda General de la Naci\u00f3n\" \/>\n<meta property=\"article:publisher\" content=\"https:\/\/www.facebook.com\/FiscaliaCol\" \/>\n<meta property=\"article:published_time\" content=\"2019-09-03T17:25:30+00:00\" \/>\n<meta name=\"author\" content=\"Direcci\u00f3n de Comunicaciones Fiscal\u00eda General de la Naci\u00f3n\" \/>\n<meta name=\"twitter:card\" content=\"summary_large_image\" \/>\n<meta name=\"twitter:creator\" content=\"@FiscaliaCol\" \/>\n<meta name=\"twitter:site\" content=\"@FiscaliaCol\" \/>\n<meta name=\"twitter:label1\" content=\"Escrito por\" \/>\n\t<meta name=\"twitter:data1\" content=\"Direcci\u00f3n de Comunicaciones Fiscal\u00eda General de la Naci\u00f3n\" \/>\n\t<meta name=\"twitter:label2\" content=\"Tiempo de lectura\" \/>\n\t<meta name=\"twitter:data2\" content=\"2 minutos\" \/>\n<script type=\"application\/ld+json\" class=\"yoast-schema-graph\">{\"@context\":\"https:\/\/schema.org\",\"@graph\":[{\"@type\":\"Article\",\"@id\":\"https:\/\/www.fiscalia.gov.co\/colombia\/seccionales\/imputado-alcalde-de-puerto-rico-caqueta-y-uno-de-sus-secretarios-de-despacho-por-supuesta-contratacion-irregular-de-suministro-de-alimentos-para-diferentes-instituciones\/#article\",\"isPartOf\":{\"@id\":\"https:\/\/www.fiscalia.gov.co\/colombia\/seccionales\/imputado-alcalde-de-puerto-rico-caqueta-y-uno-de-sus-secretarios-de-despacho-por-supuesta-contratacion-irregular-de-suministro-de-alimentos-para-diferentes-instituciones\/\"},\"author\":{\"name\":\"Direcci\u00f3n de Comunicaciones Fiscal\u00eda General de la Naci\u00f3n\",\"@id\":\"https:\/\/www.fiscalia.gov.co\/colombia\/#\/schema\/person\/bf28d8ae7f1b287bbe3af484b04f43ea\"},\"headline\":\"Imputado alcalde de Puerto Rico (Caquet\u00e1) y uno de sus secretarios de despacho por supuesta contrataci\u00f3n irregular de suministro de alimentos para diferentes instituciones\",\"datePublished\":\"2019-09-03T17:25:30+00:00\",\"dateModified\":\"2019-09-03T17:25:30+00:00\",\"mainEntityOfPage\":{\"@id\":\"https:\/\/www.fiscalia.gov.co\/colombia\/seccionales\/imputado-alcalde-de-puerto-rico-caqueta-y-uno-de-sus-secretarios-de-despacho-por-supuesta-contratacion-irregular-de-suministro-de-alimentos-para-diferentes-instituciones\/\"},\"wordCount\":381,\"publisher\":{\"@id\":\"https:\/\/www.fiscalia.gov.co\/colombia\/#organization\"},\"articleSection\":[\"Corrupci\u00f3n\",\"Seccional Florencia\",\"Seccionales\"],\"inLanguage\":\"es-CO\"},{\"@type\":\"WebPage\",\"@id\":\"https:\/\/www.fiscalia.gov.co\/colombia\/seccionales\/imputado-alcalde-de-puerto-rico-caqueta-y-uno-de-sus-secretarios-de-despacho-por-supuesta-contratacion-irregular-de-suministro-de-alimentos-para-diferentes-instituciones\/\",\"url\":\"https:\/\/www.fiscalia.gov.co\/colombia\/seccionales\/imputado-alcalde-de-puerto-rico-caqueta-y-uno-de-sus-secretarios-de-despacho-por-supuesta-contratacion-irregular-de-suministro-de-alimentos-para-diferentes-instituciones\/\",\"name\":\"Fiscal\u00eda General de la Naci\u00f3n\",\"isPartOf\":{\"@id\":\"https:\/\/www.fiscalia.gov.co\/colombia\/#website\"},\"datePublished\":\"2019-09-03T17:25:30+00:00\",\"dateModified\":\"2019-09-03T17:25:30+00:00\",\"description\":\"P\u00e1gina oficial de la Fiscal\u00eda General de la Naci\u00f3n \u2013 Colombia. Garantizamos el acceso efectivo a la justicia, la verdad y la reparaci\u00f3n de las v\u00edctimas de los delitos.\",\"breadcrumb\":{\"@id\":\"https:\/\/www.fiscalia.gov.co\/colombia\/seccionales\/imputado-alcalde-de-puerto-rico-caqueta-y-uno-de-sus-secretarios-de-despacho-por-supuesta-contratacion-irregular-de-suministro-de-alimentos-para-diferentes-instituciones\/#breadcrumb\"},\"inLanguage\":\"es-CO\",\"potentialAction\":[{\"@type\":\"ReadAction\",\"target\":[\"https:\/\/www.fiscalia.gov.co\/colombia\/seccionales\/imputado-alcalde-de-puerto-rico-caqueta-y-uno-de-sus-secretarios-de-despacho-por-supuesta-contratacion-irregular-de-suministro-de-alimentos-para-diferentes-instituciones\/\"]}]},{\"@type\":\"BreadcrumbList\",\"@id\":\"https:\/\/www.fiscalia.gov.co\/colombia\/seccionales\/imputado-alcalde-de-puerto-rico-caqueta-y-uno-de-sus-secretarios-de-despacho-por-supuesta-contratacion-irregular-de-suministro-de-alimentos-para-diferentes-instituciones\/#breadcrumb\",\"itemListElement\":[{\"@type\":\"ListItem\",\"position\":1,\"name\":\"Home\",\"item\":\"https:\/\/www.fiscalia.gov.co\/colombia\/\"},{\"@type\":\"ListItem\",\"position\":2,\"name\":\"Imputado alcalde de Puerto Rico (Caquet\u00e1) y uno de sus secretarios de despacho por supuesta contrataci\u00f3n irregular de suministro de alimentos para diferentes instituciones\"}]},{\"@type\":\"WebSite\",\"@id\":\"https:\/\/www.fiscalia.gov.co\/colombia\/#website\",\"url\":\"https:\/\/www.fiscalia.gov.co\/colombia\/\",\"name\":\"Fiscal\u00eda General de la Naci\u00f3n\",\"description\":\"P\u00e1gina oficial de la Fiscal\u00eda General de la Naci\u00f3n \u2013 Colombia. Garantizamos el acceso efectivo a la justicia, la verdad y la reparaci\u00f3n de las v\u00edctimas de los delitos.\",\"publisher\":{\"@id\":\"https:\/\/www.fiscalia.gov.co\/colombia\/#organization\"},\"potentialAction\":[{\"@type\":\"SearchAction\",\"target\":{\"@type\":\"EntryPoint\",\"urlTemplate\":\"https:\/\/www.fiscalia.gov.co\/colombia\/?s={search_term_string}\"},\"query-input\":{\"@type\":\"PropertyValueSpecification\",\"valueRequired\":true,\"valueName\":\"search_term_string\"}}],\"inLanguage\":\"es-CO\"},{\"@type\":\"Organization\",\"@id\":\"https:\/\/www.fiscalia.gov.co\/colombia\/#organization\",\"name\":\"Fiscal\u00eda General de la Naci\u00f3n\",\"url\":\"https:\/\/www.fiscalia.gov.co\/colombia\/\",\"logo\":{\"@type\":\"ImageObject\",\"inLanguage\":\"es-CO\",\"@id\":\"https:\/\/www.fiscalia.gov.co\/colombia\/#\/schema\/logo\/image\/\",\"url\":\"https:\/\/www.fiscalia.gov.co\/colombia\/wp-content\/uploads\/LogoHorizontal_1.jpg\",\"contentUrl\":\"https:\/\/www.fiscalia.gov.co\/colombia\/wp-content\/uploads\/LogoHorizontal_1.jpg\",\"width\":300,\"height\":90,\"caption\":\"Fiscal\u00eda General de la Naci\u00f3n\"},\"image\":{\"@id\":\"https:\/\/www.fiscalia.gov.co\/colombia\/#\/schema\/logo\/image\/\"},\"sameAs\":[\"https:\/\/www.facebook.com\/FiscaliaCol\",\"https:\/\/x.com\/FiscaliaCol\",\"https:\/\/www.instagram.com\/fiscaliacol\",\"https:\/\/www.linkedin.com\/company\/fiscalia-general-de-la-naci-n\/\",\"https:\/\/youtube.com\/@fiscaliageneraldelanacion-4668?si=6nN79nyQICPU5iTh\"]},{\"@type\":\"Person\",\"@id\":\"https:\/\/www.fiscalia.gov.co\/colombia\/#\/schema\/person\/bf28d8ae7f1b287bbe3af484b04f43ea\",\"name\":\"Direcci\u00f3n de Comunicaciones Fiscal\u00eda General de la Naci\u00f3n\",\"image\":{\"@type\":\"ImageObject\",\"inLanguage\":\"es-CO\",\"@id\":\"https:\/\/www.fiscalia.gov.co\/colombia\/#\/schema\/person\/image\/\",\"url\":\"https:\/\/secure.gravatar.com\/avatar\/9d55ae161d32da16dbdd0b380c080a5f?s=96&d=mm&r=g\",\"contentUrl\":\"https:\/\/secure.gravatar.com\/avatar\/9d55ae161d32da16dbdd0b380c080a5f?s=96&d=mm&r=g\",\"caption\":\"Direcci\u00f3n de Comunicaciones Fiscal\u00eda General de la Naci\u00f3n\"},\"url\":\"https:\/\/www.fiscalia.gov.co\/colombia\/author\/kbonilla\/\"}]}<\/script>\n<!-- \/ Yoast SEO plugin. -->","yoast_head_json":{"title":"Fiscal\u00eda General de la Naci\u00f3n","description":"P\u00e1gina oficial de la Fiscal\u00eda General de la Naci\u00f3n \u2013 Colombia. Garantizamos el acceso efectivo a la justicia, la verdad y la reparaci\u00f3n de las v\u00edctimas de los delitos.","robots":{"index":"noindex","follow":"follow"},"og_locale":"es_ES","og_type":"article","og_title":"Fiscal\u00eda General de la Naci\u00f3n","og_description":"P\u00e1gina oficial de la Fiscal\u00eda General de la Naci\u00f3n \u2013 Colombia. Garantizamos el acceso efectivo a la justicia, la verdad y la reparaci\u00f3n de las v\u00edctimas de los delitos.","og_url":"https:\/\/www.fiscalia.gov.co\/colombia\/seccionales\/imputado-alcalde-de-puerto-rico-caqueta-y-uno-de-sus-secretarios-de-despacho-por-supuesta-contratacion-irregular-de-suministro-de-alimentos-para-diferentes-instituciones\/","og_site_name":"Fiscal\u00eda General de la Naci\u00f3n","article_publisher":"https:\/\/www.facebook.com\/FiscaliaCol","article_published_time":"2019-09-03T17:25:30+00:00","author":"Direcci\u00f3n de Comunicaciones Fiscal\u00eda General de la Naci\u00f3n","twitter_card":"summary_large_image","twitter_creator":"@FiscaliaCol","twitter_site":"@FiscaliaCol","twitter_misc":{"Escrito por":"Direcci\u00f3n de Comunicaciones Fiscal\u00eda General de la Naci\u00f3n","Tiempo de lectura":"2 minutos"},"schema":{"@context":"https:\/\/schema.org","@graph":[{"@type":"Article","@id":"https:\/\/www.fiscalia.gov.co\/colombia\/seccionales\/imputado-alcalde-de-puerto-rico-caqueta-y-uno-de-sus-secretarios-de-despacho-por-supuesta-contratacion-irregular-de-suministro-de-alimentos-para-diferentes-instituciones\/#article","isPartOf":{"@id":"https:\/\/www.fiscalia.gov.co\/colombia\/seccionales\/imputado-alcalde-de-puerto-rico-caqueta-y-uno-de-sus-secretarios-de-despacho-por-supuesta-contratacion-irregular-de-suministro-de-alimentos-para-diferentes-instituciones\/"},"author":{"name":"Direcci\u00f3n de Comunicaciones Fiscal\u00eda General de la Naci\u00f3n","@id":"https:\/\/www.fiscalia.gov.co\/colombia\/#\/schema\/person\/bf28d8ae7f1b287bbe3af484b04f43ea"},"headline":"Imputado alcalde de Puerto Rico (Caquet\u00e1) y uno de sus secretarios de despacho por supuesta contrataci\u00f3n irregular de suministro de alimentos para diferentes instituciones","datePublished":"2019-09-03T17:25:30+00:00","dateModified":"2019-09-03T17:25:30+00:00","mainEntityOfPage":{"@id":"https:\/\/www.fiscalia.gov.co\/colombia\/seccionales\/imputado-alcalde-de-puerto-rico-caqueta-y-uno-de-sus-secretarios-de-despacho-por-supuesta-contratacion-irregular-de-suministro-de-alimentos-para-diferentes-instituciones\/"},"wordCount":381,"publisher":{"@id":"https:\/\/www.fiscalia.gov.co\/colombia\/#organization"},"articleSection":["Corrupci\u00f3n","Seccional Florencia","Seccionales"],"inLanguage":"es-CO"},{"@type":"WebPage","@id":"https:\/\/www.fiscalia.gov.co\/colombia\/seccionales\/imputado-alcalde-de-puerto-rico-caqueta-y-uno-de-sus-secretarios-de-despacho-por-supuesta-contratacion-irregular-de-suministro-de-alimentos-para-diferentes-instituciones\/","url":"https:\/\/www.fiscalia.gov.co\/colombia\/seccionales\/imputado-alcalde-de-puerto-rico-caqueta-y-uno-de-sus-secretarios-de-despacho-por-supuesta-contratacion-irregular-de-suministro-de-alimentos-para-diferentes-instituciones\/","name":"Fiscal\u00eda General de la Naci\u00f3n","isPartOf":{"@id":"https:\/\/www.fiscalia.gov.co\/colombia\/#website"},"datePublished":"2019-09-03T17:25:30+00:00","dateModified":"2019-09-03T17:25:30+00:00","description":"P\u00e1gina oficial de la Fiscal\u00eda General de la Naci\u00f3n \u2013 Colombia. Garantizamos el acceso efectivo a la justicia, la verdad y la reparaci\u00f3n de las v\u00edctimas de los delitos.","breadcrumb":{"@id":"https:\/\/www.fiscalia.gov.co\/colombia\/seccionales\/imputado-alcalde-de-puerto-rico-caqueta-y-uno-de-sus-secretarios-de-despacho-por-supuesta-contratacion-irregular-de-suministro-de-alimentos-para-diferentes-instituciones\/#breadcrumb"},"inLanguage":"es-CO","potentialAction":[{"@type":"ReadAction","target":["https:\/\/www.fiscalia.gov.co\/colombia\/seccionales\/imputado-alcalde-de-puerto-rico-caqueta-y-uno-de-sus-secretarios-de-despacho-por-supuesta-contratacion-irregular-de-suministro-de-alimentos-para-diferentes-instituciones\/"]}]},{"@type":"BreadcrumbList","@id":"https:\/\/www.fiscalia.gov.co\/colombia\/seccionales\/imputado-alcalde-de-puerto-rico-caqueta-y-uno-de-sus-secretarios-de-despacho-por-supuesta-contratacion-irregular-de-suministro-de-alimentos-para-diferentes-instituciones\/#breadcrumb","itemListElement":[{"@type":"ListItem","position":1,"name":"Home","item":"https:\/\/www.fiscalia.gov.co\/colombia\/"},{"@type":"ListItem","position":2,"name":"Imputado alcalde de Puerto Rico (Caquet\u00e1) y uno de sus secretarios de despacho por supuesta contrataci\u00f3n irregular de suministro de alimentos para diferentes instituciones"}]},{"@type":"WebSite","@id":"https:\/\/www.fiscalia.gov.co\/colombia\/#website","url":"https:\/\/www.fiscalia.gov.co\/colombia\/","name":"Fiscal\u00eda General de la Naci\u00f3n","description":"P\u00e1gina oficial de la Fiscal\u00eda General de la Naci\u00f3n \u2013 Colombia. Garantizamos el acceso efectivo a la justicia, la verdad y la reparaci\u00f3n de las v\u00edctimas de los delitos.","publisher":{"@id":"https:\/\/www.fiscalia.gov.co\/colombia\/#organization"},"potentialAction":[{"@type":"SearchAction","target":{"@type":"EntryPoint","urlTemplate":"https:\/\/www.fiscalia.gov.co\/colombia\/?s={search_term_string}"},"query-input":{"@type":"PropertyValueSpecification","valueRequired":true,"valueName":"search_term_string"}}],"inLanguage":"es-CO"},{"@type":"Organization","@id":"https:\/\/www.fiscalia.gov.co\/colombia\/#organization","name":"Fiscal\u00eda General de la Naci\u00f3n","url":"https:\/\/www.fiscalia.gov.co\/colombia\/","logo":{"@type":"ImageObject","inLanguage":"es-CO","@id":"https:\/\/www.fiscalia.gov.co\/colombia\/#\/schema\/logo\/image\/","url":"https:\/\/www.fiscalia.gov.co\/colombia\/wp-content\/uploads\/LogoHorizontal_1.jpg","contentUrl":"https:\/\/www.fiscalia.gov.co\/colombia\/wp-content\/uploads\/LogoHorizontal_1.jpg","width":300,"height":90,"caption":"Fiscal\u00eda General de la Naci\u00f3n"},"image":{"@id":"https:\/\/www.fiscalia.gov.co\/colombia\/#\/schema\/logo\/image\/"},"sameAs":["https:\/\/www.facebook.com\/FiscaliaCol","https:\/\/x.com\/FiscaliaCol","https:\/\/www.instagram.com\/fiscaliacol","https:\/\/www.linkedin.com\/company\/fiscalia-general-de-la-naci-n\/","https:\/\/youtube.com\/@fiscaliageneraldelanacion-4668?si=6nN79nyQICPU5iTh"]},{"@type":"Person","@id":"https:\/\/www.fiscalia.gov.co\/colombia\/#\/schema\/person\/bf28d8ae7f1b287bbe3af484b04f43ea","name":"Direcci\u00f3n de Comunicaciones Fiscal\u00eda General de la Naci\u00f3n","image":{"@type":"ImageObject","inLanguage":"es-CO","@id":"https:\/\/www.fiscalia.gov.co\/colombia\/#\/schema\/person\/image\/","url":"https:\/\/secure.gravatar.com\/avatar\/9d55ae161d32da16dbdd0b380c080a5f?s=96&d=mm&r=g","contentUrl":"https:\/\/secure.gravatar.com\/avatar\/9d55ae161d32da16dbdd0b380c080a5f?s=96&d=mm&r=g","caption":"Direcci\u00f3n de Comunicaciones Fiscal\u00eda General de la Naci\u00f3n"},"url":"https:\/\/www.fiscalia.gov.co\/colombia\/author\/kbonilla\/"}]}},"_links":{"self":[{"href":"https:\/\/www.fiscalia.gov.co\/colombia\/wp-json\/wp\/v2\/posts\/183638","targetHints":{"allow":["GET"]}}],"collection":[{"href":"https:\/\/www.fiscalia.gov.co\/colombia\/wp-json\/wp\/v2\/posts"}],"about":[{"href":"https:\/\/www.fiscalia.gov.co\/colombia\/wp-json\/wp\/v2\/types\/post"}],"author":[{"embeddable":true,"href":"https:\/\/www.fiscalia.gov.co\/colombia\/wp-json\/wp\/v2\/users\/162"}],"replies":[{"embeddable":true,"href":"https:\/\/www.fiscalia.gov.co\/colombia\/wp-json\/wp\/v2\/comments?post=183638"}],"version-history":[{"count":1,"href":"https:\/\/www.fiscalia.gov.co\/colombia\/wp-json\/wp\/v2\/posts\/183638\/revisions"}],"predecessor-version":[{"id":183639,"href":"https:\/\/www.fiscalia.gov.co\/colombia\/wp-json\/wp\/v2\/posts\/183638\/revisions\/183639"}],"wp:attachment":[{"href":"https:\/\/www.fiscalia.gov.co\/colombia\/wp-json\/wp\/v2\/media?parent=183638"}],"wp:term":[{"taxonomy":"category","embeddable":true,"href":"https:\/\/www.fiscalia.gov.co\/colombia\/wp-json\/wp\/v2\/categories?post=183638"},{"taxonomy":"post_tag","embeddable":true,"href":"https:\/\/www.fiscalia.gov.co\/colombia\/wp-json\/wp\/v2\/tags?post=183638"}],"curies":[{"name":"wp","href":"https:\/\/api.w.org\/{rel}","templated":true}]}}