{"id":183561,"date":"2019-09-02T12:27:40","date_gmt":"2019-09-02T17:27:40","guid":{"rendered":"https:\/\/www.fiscalia.gov.co\/colombia\/?p=183561"},"modified":"2019-09-02T12:27:40","modified_gmt":"2019-09-02T17:27:40","slug":"a-la-carcel-alcalde-de-quibdo-choco-y-tres-personas-mas-por-posibles-inconsistencias-en-contrato-para-la-construccion-de-una-unidad-de-salud","status":"publish","type":"post","link":"https:\/\/www.fiscalia.gov.co\/colombia\/seccionales\/a-la-carcel-alcalde-de-quibdo-choco-y-tres-personas-mas-por-posibles-inconsistencias-en-contrato-para-la-construccion-de-una-unidad-de-salud\/","title":{"rendered":"A la c\u00e1rcel alcalde de Quibd\u00f3 (Choc\u00f3) y tres personas m\u00e1s por posibles inconsistencias en contrato para la construcci\u00f3n de una unidad de salud"},"content":{"rendered":"<p>Por solicitud de la fiscal\u00eda, el Juzgado 14 Penal Municipal, con funci\u00f3n de garant\u00edas, impuso <strong>medida de aseguramiento<\/strong> en contra del alcalde de Quibd\u00f3 (Choc\u00f3), Isa\u00edas Chal\u00e1 Ibarg\u00fcen; y tres personas m\u00e1s, por los delitos de <strong>inter\u00e9s indebido en la celebraci\u00f3n de contratos<\/strong>, <strong>peculado por apropiaci\u00f3n<\/strong>, <strong>contrato sin cumplimiento de requisitos legales<\/strong> y <strong>falsedad ideol\u00f3gica en documento p\u00fablico, <\/strong>agravado por el uso.<\/p>\n<p>Los hechos comenzaron el 7 de julio de 2017, cuando la alcald\u00eda de Quibd\u00f3, bajo la administraci\u00f3n de Chal\u00e1 Ibarg\u00fcen \u2014elegido para el per\u00edodo 2016 &#8211; 2019\u2014, firm\u00f3 el contrato 139 con Emir Borja Palacios, cuyo objeto era la <strong>construcci\u00f3n de la Unidad Intermedia de Salud El Care\u00f1o<\/strong>, proyecto para el cual la alcald\u00eda municipal contaba con aproximadamente $5.000 millones. Se evidenci\u00f3 que para poder realizar el proyecto, <strong>el Ministerio de Salud deb\u00eda dar su aval y emitir un concepto positivo<\/strong>, pero esto no se efectu\u00f3 y sin embargo, el contrato se realiz\u00f3 y se comenz\u00f3 con la obra.<\/p>\n<p>Adem\u00e1s, en agosto de 2017, se firm\u00f3 un contrato de interventor\u00eda con el se\u00f1or C\u00e9sar Augusto Mosquera Hurtado, quien deb\u00eda hacer seguimiento de la obra. Tambi\u00e9n se nombr\u00f3 a Rodolfo Nelson Cordoba Pino, funcionario de la alcald\u00eda de Quibd\u00f3, como supervisor del contrato.<\/p>\n<p>Para noviembre del mismo a\u00f1o, la Alcald\u00eda pag\u00f3 al contratista <strong>$901 millones<\/strong> aproximadamente, para que invirtiera en materiales, mano de obra y comenzara la construcci\u00f3n. Posteriormente, <strong>se desembolsaron $326 millones<\/strong> m\u00e1s, dineros que tambi\u00e9n eran para la continuaci\u00f3n de la obra pero que no fueron pagados al contratista sino a un tercero.<\/p>\n<p>El 27 de diciembre de 2017, se tuvo que suspender la obra porque no contaba con el soporte t\u00e9cnico que emit\u00eda el Ministerio de Salud, el cual solicit\u00f3 la liquidaci\u00f3n de dicho contrato, lo cual se realiz\u00f3 el 12 de marzo de 2019.<\/p>\n<p>Cabe recalcar que a partir de esta \u00faltima fecha no se pod\u00eda realizar ninguna obra en el terreno donde se pretend\u00eda construir la Unidad Intermedia de Salud El Care\u00f1o; no obstante, desde el 1 de marzo \u00faltimo, las personas antes mencionadas habr\u00edan firmado un acta de reinicio.<\/p>\n<p>Entre las irregularidades detectadas, de acuerdo con la investigaci\u00f3n realizada por el CTI de la Fiscal\u00eda Seccional Bogot\u00e1, est\u00e1n los cambios en la construcci\u00f3n, pues el 19 de marzo de 2017 hab\u00eda unas vigas de hierro descubiertas, pero para el 17 de mayo de 2019, estas vigas ya hab\u00edan sido tapadas con concreto; lo que era contrario a lo que se afirmaba en el acta de liquidaci\u00f3n del contrato.<\/p>\n<p>Las investigaciones permitieron evidenciar que el alcalde Chal\u00e1 Ibarg\u00fcen, el 13 de diciembre de 2018, <strong>al parecer entreg\u00f3 firmadas cuatro certificaciones en las que legitimaba que los pagos realizados al contratista<\/strong> estaban acordes con la realizaci\u00f3n del proyecto, pero result\u00f3 ser falso porque exist\u00edan varias modificaciones en el tama\u00f1o del \u00e1rea intervenida y en la cantidad de materiales utilizados.<\/p>\n<p>Se determin\u00f3 adem\u00e1s que el municipio de Quibd\u00f3 pag\u00f3 en total al contratista <strong>$1.226 <\/strong>millones, de los cuales <strong>solo hab\u00eda utilizado $821 millones<\/strong> porque no todo fue para la construcci\u00f3n de la unidad de salud. As\u00ed, el contratista <strong>deb\u00eda devolver $406 millones de pesos<\/strong>, pero <strong>solo devolvi\u00f3 $1\u2019600.000<\/strong>.<\/p>\n<p>Esto indica que este contrato desde la etapa de licitaci\u00f3n supuestamente present\u00f3 maniobras ilegales, ya que no cont\u00f3 nunca con el aval del Ministerio de Salud, el valor pagado al contratista no fue equivalente al trabajo realizado y, adem\u00e1s, <strong>continu\u00f3 la intervenci\u00f3n del terreno despu\u00e9s del acta de liquidaci\u00f3n<\/strong>.<\/p>\n<p>Despu\u00e9s de seis meses de investigaci\u00f3n por parte de una fiscal de la Unidad de Administraci\u00f3n P\u00fablica, de la Direcci\u00f3n Seccional Bogot\u00e1, el CTI materializ\u00f3 las capturas, el pasado 22 de agosto, de Isa\u00edas Chal\u00e1 Ibarg\u00fcen, Emir Borja Palacios, Rodolfo Nelson Cordoba Pino y C\u00e9sar Augusto Mosquera Hurtado, quienes no admitieron su responsabilidad en estos hechos de corrupci\u00f3n contra el sector de la salud en el municipio de Quibd\u00f3.<\/p>\n<p>La Fiscal\u00eda hace p\u00fablica esta informaci\u00f3n por razones de inter\u00e9s general.<\/p>\n<p>&nbsp;<\/p>\n<p>&nbsp;<\/p>\n<p>LMFO\/DLBM<\/p>\n\n<div class=\"twitter-share\"><a href=\"https:\/\/twitter.com\/intent\/tweet?via=fiscaliacol\" class=\"twitter-share-button\">Tweet<\/a><\/div>\n","protected":false},"excerpt":{"rendered":"<p>Por solicitud de la fiscal\u00eda, el Juzgado 14 Penal Municipal, con funci\u00f3n de garant\u00edas, impuso medida de aseguramiento en contra del alcalde de Quibd\u00f3 (Choc\u00f3), Isa\u00edas Chal\u00e1 Ibarg\u00fcen; y tres personas m\u00e1s, por los delitos de inter\u00e9s indebido en la celebraci\u00f3n de contratos, peculado por apropiaci\u00f3n, contrato sin cumplimiento de requisitos legales y falsedad ideol\u00f3gica [&hellip;]<\/p>\n","protected":false},"author":162,"featured_media":0,"comment_status":"closed","ping_status":"open","sticky":false,"template":"","format":"standard","meta":{"_price":"","_stock":"","_tribe_ticket_header":"","_tribe_default_ticket_provider":"","_tribe_ticket_capacity":"0","_ticket_start_date":"","_ticket_end_date":"","_tribe_ticket_show_description":"","_tribe_ticket_show_not_going":false,"_tribe_ticket_use_global_stock":"","_tribe_ticket_global_stock_level":"","_global_stock_mode":"","_global_stock_cap":"","_tribe_rsvp_for_event":"","_tribe_ticket_going_count":"","_tribe_ticket_not_going_count":"","_tribe_tickets_list":"[]","_tribe_ticket_has_attendee_info_fields":false,"tdm_status":"","tdm_grid_status":"","footnotes":""},"categories":[24097,2336,303],"tags":[],"class_list":{"0":"post-183561","1":"post","2":"type-post","3":"status-publish","4":"format-standard","6":"category-corrupcion","7":"category-seccional-quibdo","8":"category-seccionales"},"yoast_head":"<!-- This site is optimized with the Yoast SEO plugin v24.3 - https:\/\/yoast.com\/wordpress\/plugins\/seo\/ -->\n<title>Fiscal\u00eda General de la Naci\u00f3n<\/title>\n<meta name=\"description\" content=\"P\u00e1gina oficial de la Fiscal\u00eda General de la Naci\u00f3n \u2013 Colombia. Garantizamos el acceso efectivo a la justicia, la verdad y la reparaci\u00f3n de las v\u00edctimas de los delitos.\" \/>\n<meta name=\"robots\" content=\"noindex, follow\" \/>\n<meta property=\"og:locale\" content=\"es_ES\" \/>\n<meta property=\"og:type\" content=\"article\" \/>\n<meta property=\"og:title\" content=\"Fiscal\u00eda General de la Naci\u00f3n\" \/>\n<meta property=\"og:description\" content=\"P\u00e1gina oficial de la Fiscal\u00eda General de la Naci\u00f3n \u2013 Colombia. Garantizamos el acceso efectivo a la justicia, la verdad y la reparaci\u00f3n de las v\u00edctimas de los delitos.\" \/>\n<meta property=\"og:url\" content=\"https:\/\/www.fiscalia.gov.co\/colombia\/seccionales\/a-la-carcel-alcalde-de-quibdo-choco-y-tres-personas-mas-por-posibles-inconsistencias-en-contrato-para-la-construccion-de-una-unidad-de-salud\/\" \/>\n<meta property=\"og:site_name\" content=\"Fiscal\u00eda General de la Naci\u00f3n\" \/>\n<meta property=\"article:publisher\" content=\"https:\/\/www.facebook.com\/FiscaliaCol\" \/>\n<meta property=\"article:published_time\" content=\"2019-09-02T17:27:40+00:00\" \/>\n<meta name=\"author\" content=\"Direcci\u00f3n de Comunicaciones Fiscal\u00eda General de la Naci\u00f3n\" \/>\n<meta name=\"twitter:card\" content=\"summary_large_image\" \/>\n<meta name=\"twitter:creator\" content=\"@FiscaliaCol\" \/>\n<meta name=\"twitter:site\" content=\"@FiscaliaCol\" \/>\n<meta name=\"twitter:label1\" content=\"Escrito por\" \/>\n\t<meta name=\"twitter:data1\" content=\"Direcci\u00f3n de Comunicaciones Fiscal\u00eda General de la Naci\u00f3n\" \/>\n\t<meta name=\"twitter:label2\" content=\"Tiempo de lectura\" \/>\n\t<meta name=\"twitter:data2\" content=\"4 minutos\" \/>\n<script type=\"application\/ld+json\" class=\"yoast-schema-graph\">{\"@context\":\"https:\/\/schema.org\",\"@graph\":[{\"@type\":\"Article\",\"@id\":\"https:\/\/www.fiscalia.gov.co\/colombia\/seccionales\/a-la-carcel-alcalde-de-quibdo-choco-y-tres-personas-mas-por-posibles-inconsistencias-en-contrato-para-la-construccion-de-una-unidad-de-salud\/#article\",\"isPartOf\":{\"@id\":\"https:\/\/www.fiscalia.gov.co\/colombia\/seccionales\/a-la-carcel-alcalde-de-quibdo-choco-y-tres-personas-mas-por-posibles-inconsistencias-en-contrato-para-la-construccion-de-una-unidad-de-salud\/\"},\"author\":{\"name\":\"Direcci\u00f3n de Comunicaciones Fiscal\u00eda General de la Naci\u00f3n\",\"@id\":\"https:\/\/www.fiscalia.gov.co\/colombia\/#\/schema\/person\/bf28d8ae7f1b287bbe3af484b04f43ea\"},\"headline\":\"A la c\u00e1rcel alcalde de Quibd\u00f3 (Choc\u00f3) y tres personas m\u00e1s por posibles inconsistencias en contrato para la construcci\u00f3n de una unidad de salud\",\"datePublished\":\"2019-09-02T17:27:40+00:00\",\"dateModified\":\"2019-09-02T17:27:40+00:00\",\"mainEntityOfPage\":{\"@id\":\"https:\/\/www.fiscalia.gov.co\/colombia\/seccionales\/a-la-carcel-alcalde-de-quibdo-choco-y-tres-personas-mas-por-posibles-inconsistencias-en-contrato-para-la-construccion-de-una-unidad-de-salud\/\"},\"wordCount\":728,\"publisher\":{\"@id\":\"https:\/\/www.fiscalia.gov.co\/colombia\/#organization\"},\"articleSection\":[\"Corrupci\u00f3n\",\"Seccional Quibd\u00f3\",\"Seccionales\"],\"inLanguage\":\"es-CO\"},{\"@type\":\"WebPage\",\"@id\":\"https:\/\/www.fiscalia.gov.co\/colombia\/seccionales\/a-la-carcel-alcalde-de-quibdo-choco-y-tres-personas-mas-por-posibles-inconsistencias-en-contrato-para-la-construccion-de-una-unidad-de-salud\/\",\"url\":\"https:\/\/www.fiscalia.gov.co\/colombia\/seccionales\/a-la-carcel-alcalde-de-quibdo-choco-y-tres-personas-mas-por-posibles-inconsistencias-en-contrato-para-la-construccion-de-una-unidad-de-salud\/\",\"name\":\"Fiscal\u00eda General de la Naci\u00f3n\",\"isPartOf\":{\"@id\":\"https:\/\/www.fiscalia.gov.co\/colombia\/#website\"},\"datePublished\":\"2019-09-02T17:27:40+00:00\",\"dateModified\":\"2019-09-02T17:27:40+00:00\",\"description\":\"P\u00e1gina oficial de la Fiscal\u00eda General de la Naci\u00f3n \u2013 Colombia. Garantizamos el acceso efectivo a la justicia, la verdad y la reparaci\u00f3n de las v\u00edctimas de los delitos.\",\"breadcrumb\":{\"@id\":\"https:\/\/www.fiscalia.gov.co\/colombia\/seccionales\/a-la-carcel-alcalde-de-quibdo-choco-y-tres-personas-mas-por-posibles-inconsistencias-en-contrato-para-la-construccion-de-una-unidad-de-salud\/#breadcrumb\"},\"inLanguage\":\"es-CO\",\"potentialAction\":[{\"@type\":\"ReadAction\",\"target\":[\"https:\/\/www.fiscalia.gov.co\/colombia\/seccionales\/a-la-carcel-alcalde-de-quibdo-choco-y-tres-personas-mas-por-posibles-inconsistencias-en-contrato-para-la-construccion-de-una-unidad-de-salud\/\"]}]},{\"@type\":\"BreadcrumbList\",\"@id\":\"https:\/\/www.fiscalia.gov.co\/colombia\/seccionales\/a-la-carcel-alcalde-de-quibdo-choco-y-tres-personas-mas-por-posibles-inconsistencias-en-contrato-para-la-construccion-de-una-unidad-de-salud\/#breadcrumb\",\"itemListElement\":[{\"@type\":\"ListItem\",\"position\":1,\"name\":\"Home\",\"item\":\"https:\/\/www.fiscalia.gov.co\/colombia\/\"},{\"@type\":\"ListItem\",\"position\":2,\"name\":\"A la c\u00e1rcel alcalde de Quibd\u00f3 (Choc\u00f3) y tres personas m\u00e1s por posibles inconsistencias en contrato para la construcci\u00f3n de una unidad de salud\"}]},{\"@type\":\"WebSite\",\"@id\":\"https:\/\/www.fiscalia.gov.co\/colombia\/#website\",\"url\":\"https:\/\/www.fiscalia.gov.co\/colombia\/\",\"name\":\"Fiscal\u00eda General de la Naci\u00f3n\",\"description\":\"P\u00e1gina oficial de la Fiscal\u00eda General de la Naci\u00f3n \u2013 Colombia. Garantizamos el acceso efectivo a la justicia, la verdad y la reparaci\u00f3n de las v\u00edctimas de los delitos.\",\"publisher\":{\"@id\":\"https:\/\/www.fiscalia.gov.co\/colombia\/#organization\"},\"potentialAction\":[{\"@type\":\"SearchAction\",\"target\":{\"@type\":\"EntryPoint\",\"urlTemplate\":\"https:\/\/www.fiscalia.gov.co\/colombia\/?s={search_term_string}\"},\"query-input\":{\"@type\":\"PropertyValueSpecification\",\"valueRequired\":true,\"valueName\":\"search_term_string\"}}],\"inLanguage\":\"es-CO\"},{\"@type\":\"Organization\",\"@id\":\"https:\/\/www.fiscalia.gov.co\/colombia\/#organization\",\"name\":\"Fiscal\u00eda General de la Naci\u00f3n\",\"url\":\"https:\/\/www.fiscalia.gov.co\/colombia\/\",\"logo\":{\"@type\":\"ImageObject\",\"inLanguage\":\"es-CO\",\"@id\":\"https:\/\/www.fiscalia.gov.co\/colombia\/#\/schema\/logo\/image\/\",\"url\":\"https:\/\/www.fiscalia.gov.co\/colombia\/wp-content\/uploads\/LogoHorizontal_1.jpg\",\"contentUrl\":\"https:\/\/www.fiscalia.gov.co\/colombia\/wp-content\/uploads\/LogoHorizontal_1.jpg\",\"width\":300,\"height\":90,\"caption\":\"Fiscal\u00eda General de la Naci\u00f3n\"},\"image\":{\"@id\":\"https:\/\/www.fiscalia.gov.co\/colombia\/#\/schema\/logo\/image\/\"},\"sameAs\":[\"https:\/\/www.facebook.com\/FiscaliaCol\",\"https:\/\/x.com\/FiscaliaCol\",\"https:\/\/www.instagram.com\/fiscaliacol\",\"https:\/\/www.linkedin.com\/company\/fiscalia-general-de-la-naci-n\/\",\"https:\/\/youtube.com\/@fiscaliageneraldelanacion-4668?si=6nN79nyQICPU5iTh\"]},{\"@type\":\"Person\",\"@id\":\"https:\/\/www.fiscalia.gov.co\/colombia\/#\/schema\/person\/bf28d8ae7f1b287bbe3af484b04f43ea\",\"name\":\"Direcci\u00f3n de Comunicaciones Fiscal\u00eda General de la Naci\u00f3n\",\"image\":{\"@type\":\"ImageObject\",\"inLanguage\":\"es-CO\",\"@id\":\"https:\/\/www.fiscalia.gov.co\/colombia\/#\/schema\/person\/image\/\",\"url\":\"https:\/\/secure.gravatar.com\/avatar\/9d55ae161d32da16dbdd0b380c080a5f?s=96&d=mm&r=g\",\"contentUrl\":\"https:\/\/secure.gravatar.com\/avatar\/9d55ae161d32da16dbdd0b380c080a5f?s=96&d=mm&r=g\",\"caption\":\"Direcci\u00f3n de Comunicaciones Fiscal\u00eda General de la Naci\u00f3n\"},\"url\":\"https:\/\/www.fiscalia.gov.co\/colombia\/author\/kbonilla\/\"}]}<\/script>\n<!-- \/ Yoast SEO plugin. -->","yoast_head_json":{"title":"Fiscal\u00eda General de la Naci\u00f3n","description":"P\u00e1gina oficial de la Fiscal\u00eda General de la Naci\u00f3n \u2013 Colombia. Garantizamos el acceso efectivo a la justicia, la verdad y la reparaci\u00f3n de las v\u00edctimas de los delitos.","robots":{"index":"noindex","follow":"follow"},"og_locale":"es_ES","og_type":"article","og_title":"Fiscal\u00eda General de la Naci\u00f3n","og_description":"P\u00e1gina oficial de la Fiscal\u00eda General de la Naci\u00f3n \u2013 Colombia. Garantizamos el acceso efectivo a la justicia, la verdad y la reparaci\u00f3n de las v\u00edctimas de los delitos.","og_url":"https:\/\/www.fiscalia.gov.co\/colombia\/seccionales\/a-la-carcel-alcalde-de-quibdo-choco-y-tres-personas-mas-por-posibles-inconsistencias-en-contrato-para-la-construccion-de-una-unidad-de-salud\/","og_site_name":"Fiscal\u00eda General de la Naci\u00f3n","article_publisher":"https:\/\/www.facebook.com\/FiscaliaCol","article_published_time":"2019-09-02T17:27:40+00:00","author":"Direcci\u00f3n de Comunicaciones Fiscal\u00eda General de la Naci\u00f3n","twitter_card":"summary_large_image","twitter_creator":"@FiscaliaCol","twitter_site":"@FiscaliaCol","twitter_misc":{"Escrito por":"Direcci\u00f3n de Comunicaciones Fiscal\u00eda General de la Naci\u00f3n","Tiempo de lectura":"4 minutos"},"schema":{"@context":"https:\/\/schema.org","@graph":[{"@type":"Article","@id":"https:\/\/www.fiscalia.gov.co\/colombia\/seccionales\/a-la-carcel-alcalde-de-quibdo-choco-y-tres-personas-mas-por-posibles-inconsistencias-en-contrato-para-la-construccion-de-una-unidad-de-salud\/#article","isPartOf":{"@id":"https:\/\/www.fiscalia.gov.co\/colombia\/seccionales\/a-la-carcel-alcalde-de-quibdo-choco-y-tres-personas-mas-por-posibles-inconsistencias-en-contrato-para-la-construccion-de-una-unidad-de-salud\/"},"author":{"name":"Direcci\u00f3n de Comunicaciones Fiscal\u00eda General de la Naci\u00f3n","@id":"https:\/\/www.fiscalia.gov.co\/colombia\/#\/schema\/person\/bf28d8ae7f1b287bbe3af484b04f43ea"},"headline":"A la c\u00e1rcel alcalde de Quibd\u00f3 (Choc\u00f3) y tres personas m\u00e1s por posibles inconsistencias en contrato para la construcci\u00f3n de una unidad de salud","datePublished":"2019-09-02T17:27:40+00:00","dateModified":"2019-09-02T17:27:40+00:00","mainEntityOfPage":{"@id":"https:\/\/www.fiscalia.gov.co\/colombia\/seccionales\/a-la-carcel-alcalde-de-quibdo-choco-y-tres-personas-mas-por-posibles-inconsistencias-en-contrato-para-la-construccion-de-una-unidad-de-salud\/"},"wordCount":728,"publisher":{"@id":"https:\/\/www.fiscalia.gov.co\/colombia\/#organization"},"articleSection":["Corrupci\u00f3n","Seccional Quibd\u00f3","Seccionales"],"inLanguage":"es-CO"},{"@type":"WebPage","@id":"https:\/\/www.fiscalia.gov.co\/colombia\/seccionales\/a-la-carcel-alcalde-de-quibdo-choco-y-tres-personas-mas-por-posibles-inconsistencias-en-contrato-para-la-construccion-de-una-unidad-de-salud\/","url":"https:\/\/www.fiscalia.gov.co\/colombia\/seccionales\/a-la-carcel-alcalde-de-quibdo-choco-y-tres-personas-mas-por-posibles-inconsistencias-en-contrato-para-la-construccion-de-una-unidad-de-salud\/","name":"Fiscal\u00eda General de la Naci\u00f3n","isPartOf":{"@id":"https:\/\/www.fiscalia.gov.co\/colombia\/#website"},"datePublished":"2019-09-02T17:27:40+00:00","dateModified":"2019-09-02T17:27:40+00:00","description":"P\u00e1gina oficial de la Fiscal\u00eda General de la Naci\u00f3n \u2013 Colombia. Garantizamos el acceso efectivo a la justicia, la verdad y la reparaci\u00f3n de las v\u00edctimas de los delitos.","breadcrumb":{"@id":"https:\/\/www.fiscalia.gov.co\/colombia\/seccionales\/a-la-carcel-alcalde-de-quibdo-choco-y-tres-personas-mas-por-posibles-inconsistencias-en-contrato-para-la-construccion-de-una-unidad-de-salud\/#breadcrumb"},"inLanguage":"es-CO","potentialAction":[{"@type":"ReadAction","target":["https:\/\/www.fiscalia.gov.co\/colombia\/seccionales\/a-la-carcel-alcalde-de-quibdo-choco-y-tres-personas-mas-por-posibles-inconsistencias-en-contrato-para-la-construccion-de-una-unidad-de-salud\/"]}]},{"@type":"BreadcrumbList","@id":"https:\/\/www.fiscalia.gov.co\/colombia\/seccionales\/a-la-carcel-alcalde-de-quibdo-choco-y-tres-personas-mas-por-posibles-inconsistencias-en-contrato-para-la-construccion-de-una-unidad-de-salud\/#breadcrumb","itemListElement":[{"@type":"ListItem","position":1,"name":"Home","item":"https:\/\/www.fiscalia.gov.co\/colombia\/"},{"@type":"ListItem","position":2,"name":"A la c\u00e1rcel alcalde de Quibd\u00f3 (Choc\u00f3) y tres personas m\u00e1s por posibles inconsistencias en contrato para la construcci\u00f3n de una unidad de salud"}]},{"@type":"WebSite","@id":"https:\/\/www.fiscalia.gov.co\/colombia\/#website","url":"https:\/\/www.fiscalia.gov.co\/colombia\/","name":"Fiscal\u00eda General de la Naci\u00f3n","description":"P\u00e1gina oficial de la Fiscal\u00eda General de la Naci\u00f3n \u2013 Colombia. Garantizamos el acceso efectivo a la justicia, la verdad y la reparaci\u00f3n de las v\u00edctimas de los delitos.","publisher":{"@id":"https:\/\/www.fiscalia.gov.co\/colombia\/#organization"},"potentialAction":[{"@type":"SearchAction","target":{"@type":"EntryPoint","urlTemplate":"https:\/\/www.fiscalia.gov.co\/colombia\/?s={search_term_string}"},"query-input":{"@type":"PropertyValueSpecification","valueRequired":true,"valueName":"search_term_string"}}],"inLanguage":"es-CO"},{"@type":"Organization","@id":"https:\/\/www.fiscalia.gov.co\/colombia\/#organization","name":"Fiscal\u00eda General de la Naci\u00f3n","url":"https:\/\/www.fiscalia.gov.co\/colombia\/","logo":{"@type":"ImageObject","inLanguage":"es-CO","@id":"https:\/\/www.fiscalia.gov.co\/colombia\/#\/schema\/logo\/image\/","url":"https:\/\/www.fiscalia.gov.co\/colombia\/wp-content\/uploads\/LogoHorizontal_1.jpg","contentUrl":"https:\/\/www.fiscalia.gov.co\/colombia\/wp-content\/uploads\/LogoHorizontal_1.jpg","width":300,"height":90,"caption":"Fiscal\u00eda General de la Naci\u00f3n"},"image":{"@id":"https:\/\/www.fiscalia.gov.co\/colombia\/#\/schema\/logo\/image\/"},"sameAs":["https:\/\/www.facebook.com\/FiscaliaCol","https:\/\/x.com\/FiscaliaCol","https:\/\/www.instagram.com\/fiscaliacol","https:\/\/www.linkedin.com\/company\/fiscalia-general-de-la-naci-n\/","https:\/\/youtube.com\/@fiscaliageneraldelanacion-4668?si=6nN79nyQICPU5iTh"]},{"@type":"Person","@id":"https:\/\/www.fiscalia.gov.co\/colombia\/#\/schema\/person\/bf28d8ae7f1b287bbe3af484b04f43ea","name":"Direcci\u00f3n de Comunicaciones Fiscal\u00eda General de la Naci\u00f3n","image":{"@type":"ImageObject","inLanguage":"es-CO","@id":"https:\/\/www.fiscalia.gov.co\/colombia\/#\/schema\/person\/image\/","url":"https:\/\/secure.gravatar.com\/avatar\/9d55ae161d32da16dbdd0b380c080a5f?s=96&d=mm&r=g","contentUrl":"https:\/\/secure.gravatar.com\/avatar\/9d55ae161d32da16dbdd0b380c080a5f?s=96&d=mm&r=g","caption":"Direcci\u00f3n de Comunicaciones Fiscal\u00eda General de la Naci\u00f3n"},"url":"https:\/\/www.fiscalia.gov.co\/colombia\/author\/kbonilla\/"}]}},"_links":{"self":[{"href":"https:\/\/www.fiscalia.gov.co\/colombia\/wp-json\/wp\/v2\/posts\/183561","targetHints":{"allow":["GET"]}}],"collection":[{"href":"https:\/\/www.fiscalia.gov.co\/colombia\/wp-json\/wp\/v2\/posts"}],"about":[{"href":"https:\/\/www.fiscalia.gov.co\/colombia\/wp-json\/wp\/v2\/types\/post"}],"author":[{"embeddable":true,"href":"https:\/\/www.fiscalia.gov.co\/colombia\/wp-json\/wp\/v2\/users\/162"}],"replies":[{"embeddable":true,"href":"https:\/\/www.fiscalia.gov.co\/colombia\/wp-json\/wp\/v2\/comments?post=183561"}],"version-history":[{"count":1,"href":"https:\/\/www.fiscalia.gov.co\/colombia\/wp-json\/wp\/v2\/posts\/183561\/revisions"}],"predecessor-version":[{"id":183562,"href":"https:\/\/www.fiscalia.gov.co\/colombia\/wp-json\/wp\/v2\/posts\/183561\/revisions\/183562"}],"wp:attachment":[{"href":"https:\/\/www.fiscalia.gov.co\/colombia\/wp-json\/wp\/v2\/media?parent=183561"}],"wp:term":[{"taxonomy":"category","embeddable":true,"href":"https:\/\/www.fiscalia.gov.co\/colombia\/wp-json\/wp\/v2\/categories?post=183561"},{"taxonomy":"post_tag","embeddable":true,"href":"https:\/\/www.fiscalia.gov.co\/colombia\/wp-json\/wp\/v2\/tags?post=183561"}],"curies":[{"name":"wp","href":"https:\/\/api.w.org\/{rel}","templated":true}]}}