{"id":183423,"date":"2019-08-29T11:55:39","date_gmt":"2019-08-29T16:55:39","guid":{"rendered":"https:\/\/www.fiscalia.gov.co\/colombia\/?p=183423"},"modified":"2019-08-29T11:55:39","modified_gmt":"2019-08-29T16:55:39","slug":"cayo-richard-el-exintegrante-de-las-auc-que-heredo-el-trono-criminal-de-los-puntilleros","status":"publish","type":"post","link":"https:\/\/www.fiscalia.gov.co\/colombia\/noticias\/cayo-richard-el-exintegrante-de-las-auc-que-heredo-el-trono-criminal-de-los-puntilleros\/","title":{"rendered":"Cay\u00f3 \u2018Richard\u2019, el exintegrante de las AUC que hered\u00f3 el trono criminal de \u2018Los Puntilleros\u2019"},"content":{"rendered":"<blockquote class=\"td_quote_box td_box_center\">\n<h4><strong>La Fiscal\u00eda General de la Naci\u00f3n y la Polic\u00eda Nacional capturaron a Edilson Cifuentes Hern\u00e1ndez, alias Richard. En su extenso prontuario criminal figuran 15 sentencias condenatorias por m\u00faltiples delitos y 35 procesos investigativos por desaparici\u00f3n forzada, concierto para delinquir y homicidio. <\/strong><\/h4>\n<\/blockquote>\n<p>En una calle del centro de Bogot\u00e1, en una acci\u00f3n coordinada de la Fiscal\u00eda General de la Naci\u00f3n y unidades especiales del Gaula \u00c9lite de la Polic\u00eda Nacional fue capturado Edilson Cifuentes Hern\u00e1ndez, alias Richard, quien se habr\u00eda convertido en el m\u00e1ximo cabecilla de \u2018Los Puntilleros\u2019 tras la neutralizaci\u00f3n de \u00d3scar Mauricio Pach\u00f3n Rozo o \u2018Puntilla\u2019, en diciembre de 2018 en Medell\u00edn.<\/p>\n<p>\u2018Richard\u2019 es recordado como exintegrante de las desaparecidas autodefensas en los Llanos Orientales y como uno de los principales promotores del exterminio parcial de la Uni\u00f3n Patri\u00f3tica (UP) en los a\u00f1os 80 y 90. De hecho, dentro del proceso de la Ley de Justicia y Paz le figuran 15 sentencias condenatorias por homicidio en persona protegida, desaparici\u00f3n forzada, tortura, porte ilegal de armas y secuestro, y 35 procesos investigativos por desaparici\u00f3n forzada, concierto para delinquir y homicidio.<\/p>\n<p>El se\u00f1alado cabecilla de \u2018Los Puntilleros\u2019 fue capturado en 2006 y, tras cumplir varias condenas en el marco de Justicia y Paz, recobr\u00f3 la libertad en 2016.\u00a0 Un a\u00f1o despu\u00e9s, en julio de 2017, fue detenido nuevamente por delitos cometidos luego de cumplir las respectivas sentencias en su contra.<\/p>\n<p>\u2018Richard\u2019 ser\u00eda el determinador del atentado contra una caravana oficial del Inpec que trasladaba a un interno en la v\u00eda Guamal-Granada (Meta). En ese ataque, ocurrido en octubre de 2016, murieron dos dragoneantes del Instituto Nacional Penitenciario y Carcelario (Inpec).<\/p>\n<p>En ese entonces, el veh\u00edculo de esa Instituci\u00f3n fue atacado por hombres armados que, de manera equivocada, pensaron que el recluso que transportaban era alias \u2018Soldado\u2019, integrante de los mismos \u2018Puntilleros\u2019. El objetivo criminal era asesinarlo por temas de control territorial en los Llanos Orientales.<\/p>\n<p>Luego de su detenci\u00f3n por estos hechos, \u2018Richard\u2019 recobr\u00f3 la libertad el pasado 5 de mayo del a\u00f1o en curso, y est\u00e1 programada la audiencia de inicio de juicio oral para el pr\u00f3ximo 5 de noviembre.<\/p>\n<p>Si bien sigue vinculado al proceso por la muerte de los funcionarios del Inpec, la orden de captura actual contra el se\u00f1alado cabecilla de \u2018Los Puntilleros\u2019 es por otros hechos como la presunta autor\u00eda en el asesinato de un patrullero de la Polic\u00eda Nacional, ocurrido el 12 de mayo de 2017, en San Mart\u00edn (Meta), y el crimen de un supuesto integrante de \u2018Los Puntilleros\u2019, conocido como \u2018Gualas\u2019, registrado en mayo de 2019, en Bogot\u00e1.<\/p>\n<p>Alias Richard fue presentado ante un juez de control de garant\u00edas de la ciudad. En las audiencias concentradas un fiscal de la Direcci\u00f3n Especializada contra el Crimen Organizado le imput\u00f3 cargos por los delitos de: concierto para delinquir agravado, homicidio agravado, y fabricaci\u00f3n, tr\u00e1fico y porte de armas de fuego.<\/p>\n<p>Al t\u00e9rmino de las diligencias judiciales y por solicitud de la Fiscal\u00eda, el procesado recibi\u00f3 medida de aseguramiento en centro carcelario.<\/p>\n<p>De \u2018Richard\u2019 tambi\u00e9n se logr\u00f3 establecer que habr\u00eda sostenido reuniones y alianzas directas con \u2018Otoniel\u2019, m\u00e1ximo cabecilla del \u2018Clan del Golfo\u2019, para ejercer control criminal en municipios de Meta, Guaviare y Vichada, a trav\u00e9s del narcotr\u00e1fico y cobro de extorsiones a ganaderos, comerciantes, transportadores, agricultores y propietario de fincas, entre otras v\u00edctimas.<\/p>\n<p><strong><u>Historial criminal<\/u><\/strong><\/p>\n<p>En el prontuario criminal del denominado heredero del trono de Los Puntilleros tambi\u00e9n figura que, en sus inicios, trabaj\u00f3 para capos del narcotr\u00e1fico como Gonzalo Rodr\u00edguez Gacha, y que, posteriormente, estableci\u00f3 alianzas con exjefes de las autodefensas como \u2018HH\u2019, extraditado a Estados Unidos y posteriormente deportado a Colombia.<\/p>\n<p>Gracias a la captura de \u2018Richard\u2019, la Fiscal\u00eda General de la Naci\u00f3n y la Polic\u00eda Nacional ponen nuevamente a disposici\u00f3n de la justicia a este se\u00f1alado criminal, tristemente c\u00e9lebre por su presunta responsabilidad en m\u00faltiples masacres en los Llanos Orientales, como las de Ca\u00f1o Sibao (1992) en El Castillo y la de Puerto Alvira (1998) en Mapirip\u00e1n (Meta).<\/p>\n<p>La Fiscal\u00eda General de la Naci\u00f3n hace p\u00fablica esta informaci\u00f3n por razones de inter\u00e9s general.<\/p>\n<p>&nbsp;<\/p>\n<p>&nbsp;<\/p>\n\n<div class=\"twitter-share\"><a href=\"https:\/\/twitter.com\/intent\/tweet?via=fiscaliacol\" class=\"twitter-share-button\">Tweet<\/a><\/div>\n","protected":false},"excerpt":{"rendered":"<p>La Fiscal\u00eda General de la Naci\u00f3n y la Polic\u00eda Nacional capturaron a Edilson Cifuentes Hern\u00e1ndez, alias Richard. En su extenso prontuario criminal figuran 15 sentencias condenatorias por m\u00faltiples delitos y 35 procesos investigativos por desaparici\u00f3n forzada, concierto para delinquir y homicidio. En una calle del centro de Bogot\u00e1, en una acci\u00f3n coordinada de la Fiscal\u00eda [&hellip;]<\/p>\n","protected":false},"author":162,"featured_media":0,"comment_status":"closed","ping_status":"open","sticky":false,"template":"","format":"standard","meta":{"_price":"","_stock":"","_tribe_ticket_header":"","_tribe_default_ticket_provider":"","_tribe_ticket_capacity":"0","_ticket_start_date":"","_ticket_end_date":"","_tribe_ticket_show_description":"","_tribe_ticket_show_not_going":false,"_tribe_ticket_use_global_stock":"","_tribe_ticket_global_stock_level":"","_global_stock_mode":"","_global_stock_cap":"","_tribe_rsvp_for_event":"","_tribe_ticket_going_count":"","_tribe_ticket_not_going_count":"","_tribe_tickets_list":"[]","_tribe_ticket_has_attendee_info_fields":false,"tdm_status":"","tdm_grid_status":"","footnotes":""},"categories":[24098,1,321,303],"tags":[],"class_list":{"0":"post-183423","1":"post","2":"type-post","3":"status-publish","4":"format-standard","6":"category-crimen-organizado","7":"category-noticias","8":"category-seccional-bogota","9":"category-seccionales"},"yoast_head":"<!-- This site is optimized with the Yoast SEO plugin v24.3 - https:\/\/yoast.com\/wordpress\/plugins\/seo\/ -->\n<title>Fiscal\u00eda General de la Naci\u00f3n<\/title>\n<meta name=\"description\" content=\"P\u00e1gina oficial de la Fiscal\u00eda General de la Naci\u00f3n \u2013 Colombia. Garantizamos el acceso efectivo a la justicia, la verdad y la reparaci\u00f3n de las v\u00edctimas de los delitos.\" \/>\n<meta name=\"robots\" content=\"noindex, follow\" \/>\n<meta property=\"og:locale\" content=\"es_ES\" \/>\n<meta property=\"og:type\" content=\"article\" \/>\n<meta property=\"og:title\" content=\"Fiscal\u00eda General de la Naci\u00f3n\" \/>\n<meta property=\"og:description\" content=\"P\u00e1gina oficial de la Fiscal\u00eda General de la Naci\u00f3n \u2013 Colombia. Garantizamos el acceso efectivo a la justicia, la verdad y la reparaci\u00f3n de las v\u00edctimas de los delitos.\" \/>\n<meta property=\"og:url\" content=\"https:\/\/www.fiscalia.gov.co\/colombia\/noticias\/cayo-richard-el-exintegrante-de-las-auc-que-heredo-el-trono-criminal-de-los-puntilleros\/\" \/>\n<meta property=\"og:site_name\" content=\"Fiscal\u00eda General de la Naci\u00f3n\" \/>\n<meta property=\"article:publisher\" content=\"https:\/\/www.facebook.com\/FiscaliaCol\" \/>\n<meta property=\"article:published_time\" content=\"2019-08-29T16:55:39+00:00\" \/>\n<meta name=\"author\" content=\"Direcci\u00f3n de Comunicaciones Fiscal\u00eda General de la Naci\u00f3n\" \/>\n<meta name=\"twitter:card\" content=\"summary_large_image\" \/>\n<meta name=\"twitter:creator\" content=\"@FiscaliaCol\" \/>\n<meta name=\"twitter:site\" content=\"@FiscaliaCol\" \/>\n<meta name=\"twitter:label1\" content=\"Escrito por\" \/>\n\t<meta name=\"twitter:data1\" content=\"Direcci\u00f3n de Comunicaciones Fiscal\u00eda General de la Naci\u00f3n\" \/>\n\t<meta name=\"twitter:label2\" content=\"Tiempo de lectura\" \/>\n\t<meta name=\"twitter:data2\" content=\"4 minutos\" \/>\n<script type=\"application\/ld+json\" class=\"yoast-schema-graph\">{\"@context\":\"https:\/\/schema.org\",\"@graph\":[{\"@type\":\"Article\",\"@id\":\"https:\/\/www.fiscalia.gov.co\/colombia\/noticias\/cayo-richard-el-exintegrante-de-las-auc-que-heredo-el-trono-criminal-de-los-puntilleros\/#article\",\"isPartOf\":{\"@id\":\"https:\/\/www.fiscalia.gov.co\/colombia\/noticias\/cayo-richard-el-exintegrante-de-las-auc-que-heredo-el-trono-criminal-de-los-puntilleros\/\"},\"author\":{\"name\":\"Direcci\u00f3n de Comunicaciones Fiscal\u00eda General de la Naci\u00f3n\",\"@id\":\"https:\/\/www.fiscalia.gov.co\/colombia\/#\/schema\/person\/bf28d8ae7f1b287bbe3af484b04f43ea\"},\"headline\":\"Cay\u00f3 \u2018Richard\u2019, el exintegrante de las AUC que hered\u00f3 el trono criminal de \u2018Los Puntilleros\u2019\",\"datePublished\":\"2019-08-29T16:55:39+00:00\",\"dateModified\":\"2019-08-29T16:55:39+00:00\",\"mainEntityOfPage\":{\"@id\":\"https:\/\/www.fiscalia.gov.co\/colombia\/noticias\/cayo-richard-el-exintegrante-de-las-auc-que-heredo-el-trono-criminal-de-los-puntilleros\/\"},\"wordCount\":734,\"publisher\":{\"@id\":\"https:\/\/www.fiscalia.gov.co\/colombia\/#organization\"},\"articleSection\":[\"Crimen organizado\",\"Noticias\",\"Seccional Bogot\u00e1\",\"Seccionales\"],\"inLanguage\":\"es-CO\"},{\"@type\":\"WebPage\",\"@id\":\"https:\/\/www.fiscalia.gov.co\/colombia\/noticias\/cayo-richard-el-exintegrante-de-las-auc-que-heredo-el-trono-criminal-de-los-puntilleros\/\",\"url\":\"https:\/\/www.fiscalia.gov.co\/colombia\/noticias\/cayo-richard-el-exintegrante-de-las-auc-que-heredo-el-trono-criminal-de-los-puntilleros\/\",\"name\":\"Fiscal\u00eda General de la Naci\u00f3n\",\"isPartOf\":{\"@id\":\"https:\/\/www.fiscalia.gov.co\/colombia\/#website\"},\"datePublished\":\"2019-08-29T16:55:39+00:00\",\"dateModified\":\"2019-08-29T16:55:39+00:00\",\"description\":\"P\u00e1gina oficial de la Fiscal\u00eda General de la Naci\u00f3n \u2013 Colombia. Garantizamos el acceso efectivo a la justicia, la verdad y la reparaci\u00f3n de las v\u00edctimas de los delitos.\",\"breadcrumb\":{\"@id\":\"https:\/\/www.fiscalia.gov.co\/colombia\/noticias\/cayo-richard-el-exintegrante-de-las-auc-que-heredo-el-trono-criminal-de-los-puntilleros\/#breadcrumb\"},\"inLanguage\":\"es-CO\",\"potentialAction\":[{\"@type\":\"ReadAction\",\"target\":[\"https:\/\/www.fiscalia.gov.co\/colombia\/noticias\/cayo-richard-el-exintegrante-de-las-auc-que-heredo-el-trono-criminal-de-los-puntilleros\/\"]}]},{\"@type\":\"BreadcrumbList\",\"@id\":\"https:\/\/www.fiscalia.gov.co\/colombia\/noticias\/cayo-richard-el-exintegrante-de-las-auc-que-heredo-el-trono-criminal-de-los-puntilleros\/#breadcrumb\",\"itemListElement\":[{\"@type\":\"ListItem\",\"position\":1,\"name\":\"Home\",\"item\":\"https:\/\/www.fiscalia.gov.co\/colombia\/\"},{\"@type\":\"ListItem\",\"position\":2,\"name\":\"Cay\u00f3 \u2018Richard\u2019, el exintegrante de las AUC que hered\u00f3 el trono criminal de \u2018Los Puntilleros\u2019\"}]},{\"@type\":\"WebSite\",\"@id\":\"https:\/\/www.fiscalia.gov.co\/colombia\/#website\",\"url\":\"https:\/\/www.fiscalia.gov.co\/colombia\/\",\"name\":\"Fiscal\u00eda General de la Naci\u00f3n\",\"description\":\"P\u00e1gina oficial de la Fiscal\u00eda General de la Naci\u00f3n \u2013 Colombia. Garantizamos el acceso efectivo a la justicia, la verdad y la reparaci\u00f3n de las v\u00edctimas de los delitos.\",\"publisher\":{\"@id\":\"https:\/\/www.fiscalia.gov.co\/colombia\/#organization\"},\"potentialAction\":[{\"@type\":\"SearchAction\",\"target\":{\"@type\":\"EntryPoint\",\"urlTemplate\":\"https:\/\/www.fiscalia.gov.co\/colombia\/?s={search_term_string}\"},\"query-input\":{\"@type\":\"PropertyValueSpecification\",\"valueRequired\":true,\"valueName\":\"search_term_string\"}}],\"inLanguage\":\"es-CO\"},{\"@type\":\"Organization\",\"@id\":\"https:\/\/www.fiscalia.gov.co\/colombia\/#organization\",\"name\":\"Fiscal\u00eda General de la Naci\u00f3n\",\"url\":\"https:\/\/www.fiscalia.gov.co\/colombia\/\",\"logo\":{\"@type\":\"ImageObject\",\"inLanguage\":\"es-CO\",\"@id\":\"https:\/\/www.fiscalia.gov.co\/colombia\/#\/schema\/logo\/image\/\",\"url\":\"https:\/\/www.fiscalia.gov.co\/colombia\/wp-content\/uploads\/LogoHorizontal_1.jpg\",\"contentUrl\":\"https:\/\/www.fiscalia.gov.co\/colombia\/wp-content\/uploads\/LogoHorizontal_1.jpg\",\"width\":300,\"height\":90,\"caption\":\"Fiscal\u00eda General de la Naci\u00f3n\"},\"image\":{\"@id\":\"https:\/\/www.fiscalia.gov.co\/colombia\/#\/schema\/logo\/image\/\"},\"sameAs\":[\"https:\/\/www.facebook.com\/FiscaliaCol\",\"https:\/\/x.com\/FiscaliaCol\",\"https:\/\/www.instagram.com\/fiscaliacol\",\"https:\/\/www.linkedin.com\/company\/fiscalia-general-de-la-naci-n\/\",\"https:\/\/youtube.com\/@fiscaliageneraldelanacion-4668?si=6nN79nyQICPU5iTh\"]},{\"@type\":\"Person\",\"@id\":\"https:\/\/www.fiscalia.gov.co\/colombia\/#\/schema\/person\/bf28d8ae7f1b287bbe3af484b04f43ea\",\"name\":\"Direcci\u00f3n de Comunicaciones Fiscal\u00eda General de la Naci\u00f3n\",\"image\":{\"@type\":\"ImageObject\",\"inLanguage\":\"es-CO\",\"@id\":\"https:\/\/www.fiscalia.gov.co\/colombia\/#\/schema\/person\/image\/\",\"url\":\"https:\/\/secure.gravatar.com\/avatar\/9d55ae161d32da16dbdd0b380c080a5f?s=96&d=mm&r=g\",\"contentUrl\":\"https:\/\/secure.gravatar.com\/avatar\/9d55ae161d32da16dbdd0b380c080a5f?s=96&d=mm&r=g\",\"caption\":\"Direcci\u00f3n de Comunicaciones Fiscal\u00eda General de la Naci\u00f3n\"},\"url\":\"https:\/\/www.fiscalia.gov.co\/colombia\/author\/kbonilla\/\"}]}<\/script>\n<!-- \/ Yoast SEO plugin. -->","yoast_head_json":{"title":"Fiscal\u00eda General de la Naci\u00f3n","description":"P\u00e1gina oficial de la Fiscal\u00eda General de la Naci\u00f3n \u2013 Colombia. Garantizamos el acceso efectivo a la justicia, la verdad y la reparaci\u00f3n de las v\u00edctimas de los delitos.","robots":{"index":"noindex","follow":"follow"},"og_locale":"es_ES","og_type":"article","og_title":"Fiscal\u00eda General de la Naci\u00f3n","og_description":"P\u00e1gina oficial de la Fiscal\u00eda General de la Naci\u00f3n \u2013 Colombia. Garantizamos el acceso efectivo a la justicia, la verdad y la reparaci\u00f3n de las v\u00edctimas de los delitos.","og_url":"https:\/\/www.fiscalia.gov.co\/colombia\/noticias\/cayo-richard-el-exintegrante-de-las-auc-que-heredo-el-trono-criminal-de-los-puntilleros\/","og_site_name":"Fiscal\u00eda General de la Naci\u00f3n","article_publisher":"https:\/\/www.facebook.com\/FiscaliaCol","article_published_time":"2019-08-29T16:55:39+00:00","author":"Direcci\u00f3n de Comunicaciones Fiscal\u00eda General de la Naci\u00f3n","twitter_card":"summary_large_image","twitter_creator":"@FiscaliaCol","twitter_site":"@FiscaliaCol","twitter_misc":{"Escrito por":"Direcci\u00f3n de Comunicaciones Fiscal\u00eda General de la Naci\u00f3n","Tiempo de lectura":"4 minutos"},"schema":{"@context":"https:\/\/schema.org","@graph":[{"@type":"Article","@id":"https:\/\/www.fiscalia.gov.co\/colombia\/noticias\/cayo-richard-el-exintegrante-de-las-auc-que-heredo-el-trono-criminal-de-los-puntilleros\/#article","isPartOf":{"@id":"https:\/\/www.fiscalia.gov.co\/colombia\/noticias\/cayo-richard-el-exintegrante-de-las-auc-que-heredo-el-trono-criminal-de-los-puntilleros\/"},"author":{"name":"Direcci\u00f3n de Comunicaciones Fiscal\u00eda General de la Naci\u00f3n","@id":"https:\/\/www.fiscalia.gov.co\/colombia\/#\/schema\/person\/bf28d8ae7f1b287bbe3af484b04f43ea"},"headline":"Cay\u00f3 \u2018Richard\u2019, el exintegrante de las AUC que hered\u00f3 el trono criminal de \u2018Los Puntilleros\u2019","datePublished":"2019-08-29T16:55:39+00:00","dateModified":"2019-08-29T16:55:39+00:00","mainEntityOfPage":{"@id":"https:\/\/www.fiscalia.gov.co\/colombia\/noticias\/cayo-richard-el-exintegrante-de-las-auc-que-heredo-el-trono-criminal-de-los-puntilleros\/"},"wordCount":734,"publisher":{"@id":"https:\/\/www.fiscalia.gov.co\/colombia\/#organization"},"articleSection":["Crimen organizado","Noticias","Seccional Bogot\u00e1","Seccionales"],"inLanguage":"es-CO"},{"@type":"WebPage","@id":"https:\/\/www.fiscalia.gov.co\/colombia\/noticias\/cayo-richard-el-exintegrante-de-las-auc-que-heredo-el-trono-criminal-de-los-puntilleros\/","url":"https:\/\/www.fiscalia.gov.co\/colombia\/noticias\/cayo-richard-el-exintegrante-de-las-auc-que-heredo-el-trono-criminal-de-los-puntilleros\/","name":"Fiscal\u00eda General de la Naci\u00f3n","isPartOf":{"@id":"https:\/\/www.fiscalia.gov.co\/colombia\/#website"},"datePublished":"2019-08-29T16:55:39+00:00","dateModified":"2019-08-29T16:55:39+00:00","description":"P\u00e1gina oficial de la Fiscal\u00eda General de la Naci\u00f3n \u2013 Colombia. Garantizamos el acceso efectivo a la justicia, la verdad y la reparaci\u00f3n de las v\u00edctimas de los delitos.","breadcrumb":{"@id":"https:\/\/www.fiscalia.gov.co\/colombia\/noticias\/cayo-richard-el-exintegrante-de-las-auc-que-heredo-el-trono-criminal-de-los-puntilleros\/#breadcrumb"},"inLanguage":"es-CO","potentialAction":[{"@type":"ReadAction","target":["https:\/\/www.fiscalia.gov.co\/colombia\/noticias\/cayo-richard-el-exintegrante-de-las-auc-que-heredo-el-trono-criminal-de-los-puntilleros\/"]}]},{"@type":"BreadcrumbList","@id":"https:\/\/www.fiscalia.gov.co\/colombia\/noticias\/cayo-richard-el-exintegrante-de-las-auc-que-heredo-el-trono-criminal-de-los-puntilleros\/#breadcrumb","itemListElement":[{"@type":"ListItem","position":1,"name":"Home","item":"https:\/\/www.fiscalia.gov.co\/colombia\/"},{"@type":"ListItem","position":2,"name":"Cay\u00f3 \u2018Richard\u2019, el exintegrante de las AUC que hered\u00f3 el trono criminal de \u2018Los Puntilleros\u2019"}]},{"@type":"WebSite","@id":"https:\/\/www.fiscalia.gov.co\/colombia\/#website","url":"https:\/\/www.fiscalia.gov.co\/colombia\/","name":"Fiscal\u00eda General de la Naci\u00f3n","description":"P\u00e1gina oficial de la Fiscal\u00eda General de la Naci\u00f3n \u2013 Colombia. Garantizamos el acceso efectivo a la justicia, la verdad y la reparaci\u00f3n de las v\u00edctimas de los delitos.","publisher":{"@id":"https:\/\/www.fiscalia.gov.co\/colombia\/#organization"},"potentialAction":[{"@type":"SearchAction","target":{"@type":"EntryPoint","urlTemplate":"https:\/\/www.fiscalia.gov.co\/colombia\/?s={search_term_string}"},"query-input":{"@type":"PropertyValueSpecification","valueRequired":true,"valueName":"search_term_string"}}],"inLanguage":"es-CO"},{"@type":"Organization","@id":"https:\/\/www.fiscalia.gov.co\/colombia\/#organization","name":"Fiscal\u00eda General de la Naci\u00f3n","url":"https:\/\/www.fiscalia.gov.co\/colombia\/","logo":{"@type":"ImageObject","inLanguage":"es-CO","@id":"https:\/\/www.fiscalia.gov.co\/colombia\/#\/schema\/logo\/image\/","url":"https:\/\/www.fiscalia.gov.co\/colombia\/wp-content\/uploads\/LogoHorizontal_1.jpg","contentUrl":"https:\/\/www.fiscalia.gov.co\/colombia\/wp-content\/uploads\/LogoHorizontal_1.jpg","width":300,"height":90,"caption":"Fiscal\u00eda General de la Naci\u00f3n"},"image":{"@id":"https:\/\/www.fiscalia.gov.co\/colombia\/#\/schema\/logo\/image\/"},"sameAs":["https:\/\/www.facebook.com\/FiscaliaCol","https:\/\/x.com\/FiscaliaCol","https:\/\/www.instagram.com\/fiscaliacol","https:\/\/www.linkedin.com\/company\/fiscalia-general-de-la-naci-n\/","https:\/\/youtube.com\/@fiscaliageneraldelanacion-4668?si=6nN79nyQICPU5iTh"]},{"@type":"Person","@id":"https:\/\/www.fiscalia.gov.co\/colombia\/#\/schema\/person\/bf28d8ae7f1b287bbe3af484b04f43ea","name":"Direcci\u00f3n de Comunicaciones Fiscal\u00eda General de la Naci\u00f3n","image":{"@type":"ImageObject","inLanguage":"es-CO","@id":"https:\/\/www.fiscalia.gov.co\/colombia\/#\/schema\/person\/image\/","url":"https:\/\/secure.gravatar.com\/avatar\/9d55ae161d32da16dbdd0b380c080a5f?s=96&d=mm&r=g","contentUrl":"https:\/\/secure.gravatar.com\/avatar\/9d55ae161d32da16dbdd0b380c080a5f?s=96&d=mm&r=g","caption":"Direcci\u00f3n de Comunicaciones Fiscal\u00eda General de la Naci\u00f3n"},"url":"https:\/\/www.fiscalia.gov.co\/colombia\/author\/kbonilla\/"}]}},"_links":{"self":[{"href":"https:\/\/www.fiscalia.gov.co\/colombia\/wp-json\/wp\/v2\/posts\/183423","targetHints":{"allow":["GET"]}}],"collection":[{"href":"https:\/\/www.fiscalia.gov.co\/colombia\/wp-json\/wp\/v2\/posts"}],"about":[{"href":"https:\/\/www.fiscalia.gov.co\/colombia\/wp-json\/wp\/v2\/types\/post"}],"author":[{"embeddable":true,"href":"https:\/\/www.fiscalia.gov.co\/colombia\/wp-json\/wp\/v2\/users\/162"}],"replies":[{"embeddable":true,"href":"https:\/\/www.fiscalia.gov.co\/colombia\/wp-json\/wp\/v2\/comments?post=183423"}],"version-history":[{"count":1,"href":"https:\/\/www.fiscalia.gov.co\/colombia\/wp-json\/wp\/v2\/posts\/183423\/revisions"}],"predecessor-version":[{"id":183424,"href":"https:\/\/www.fiscalia.gov.co\/colombia\/wp-json\/wp\/v2\/posts\/183423\/revisions\/183424"}],"wp:attachment":[{"href":"https:\/\/www.fiscalia.gov.co\/colombia\/wp-json\/wp\/v2\/media?parent=183423"}],"wp:term":[{"taxonomy":"category","embeddable":true,"href":"https:\/\/www.fiscalia.gov.co\/colombia\/wp-json\/wp\/v2\/categories?post=183423"},{"taxonomy":"post_tag","embeddable":true,"href":"https:\/\/www.fiscalia.gov.co\/colombia\/wp-json\/wp\/v2\/tags?post=183423"}],"curies":[{"name":"wp","href":"https:\/\/api.w.org\/{rel}","templated":true}]}}