{"id":183312,"date":"2019-08-27T16:53:28","date_gmt":"2019-08-27T21:53:28","guid":{"rendered":"https:\/\/www.fiscalia.gov.co\/colombia\/?p=183312"},"modified":"2019-08-27T16:53:28","modified_gmt":"2019-08-27T21:53:28","slug":"en-firme-condena-de-19-anos-de-prision-contra-un-expolicia-y-un-escolta-por-acceder-a-una-mujer-que-estaba-bajo-los-efectos-del-alcohol","status":"publish","type":"post","link":"https:\/\/www.fiscalia.gov.co\/colombia\/seccionales\/en-firme-condena-de-19-anos-de-prision-contra-un-expolicia-y-un-escolta-por-acceder-a-una-mujer-que-estaba-bajo-los-efectos-del-alcohol\/","title":{"rendered":"En firme condena de 19 a\u00f1os de prisi\u00f3n contra un expolic\u00eda y un escolta por acceder a una mujer que estaba bajo los efectos del alcohol"},"content":{"rendered":"<blockquote class=\"td_quote_box td_box_center\">\n<h4><strong>Los procesados hab\u00edan quedado en libertad por vencimiento de t\u00e9rminos pero fueron capturados nuevamente el 5 de marzo al culminar la audiencia de lectura de sentencia en primera instancia.<\/strong><\/h4>\n<\/blockquote>\n<p>En segunda instancia el Tribunal Superior de Ibagu\u00e9 confirm\u00f3 la condena proferida por el Juzgado 4\u00b0 Penal, con funciones de conocimiento de Ibagu\u00e9 (Tolima), en contra de Juan David Poveda Quesada y Jos\u00e9 Libardo Rold\u00e1n Quesada, quienes purgan <strong>19 a\u00f1os y 6 meses de prisi\u00f3n<\/strong>, por el delito <strong>acceso carnal con persona puesta en incapacidad de resistir<\/strong>, en concurso homog\u00e9neo y sucesivo, por los hechos ocurridos el 8 de febrero de 2015.<\/p>\n<p>La decisi\u00f3n inicial se dio a conocer en marzo pasado, luego de que la Fiscal\u00eda venci\u00f3 en juicio al entonces patrullero de la Polic\u00eda Poveda Quesada y al escolta Rold\u00e1n Quesada.<\/p>\n<p>Reposa en los archivos de la investigaci\u00f3n, que ese d\u00eda la mujer v\u00edctima se encontraba en un establecimiento p\u00fablico ubicado en la carrera 2\u00b0 con calle 24 de Ibagu\u00e9, cuando los hoy condenados se acercaron y la invitaron a unos tragos. Ella no le vio inconveniente, puesto que se encontraba en compa\u00f1\u00eda de otros amigos.<\/p>\n<p>Luego de unas horas ambos invitaron a la v\u00edctima y sus acompa\u00f1antes a la casa de uno de ellos donde continuaron ingiriendo licor. No obstante, la joven se qued\u00f3 dormida y cuando despert\u00f3 estaba en una cama con los sujetos a lado y lado, sinti\u00e9ndose maltratada y adolorida en sus partes \u00edntimas, percat\u00e1ndose que hab\u00eda sido abusada sexualmente.<\/p>\n<p>Cuando quiso marcharse, los procesados de 24 a\u00f1os y 37 a\u00f1os se lo impidieron y la accedieron una vez m\u00e1s.<\/p>\n<p>La Fiscal\u00eda hace p\u00fablica esta informaci\u00f3n por razones de inter\u00e9s general.<\/p>\n<p>&nbsp;<\/p>\n<p>PAAM\/DLBM<\/p>\n\n<div class=\"twitter-share\"><a href=\"https:\/\/twitter.com\/intent\/tweet?via=fiscaliacol\" class=\"twitter-share-button\">Tweet<\/a><\/div>\n","protected":false},"excerpt":{"rendered":"<p>Los procesados hab\u00edan quedado en libertad por vencimiento de t\u00e9rminos pero fueron capturados nuevamente el 5 de marzo al culminar la audiencia de lectura de sentencia en primera instancia. En [&hellip;]<\/p>\n","protected":false},"author":162,"featured_media":0,"comment_status":"closed","ping_status":"open","sticky":false,"template":"","format":"standard","meta":{"tdm_status":"","tdm_grid_status":"","footnotes":""},"categories":[329,303,24127],"tags":[],"class_list":["post-183312","post","type-post","status-publish","format-standard","category-seccional-ibague","category-seccionales","category-violencia-sexual-e-intrafamiliar"],"yoast_head":"<!-- This site is optimized with the Yoast SEO plugin v24.3 - https:\/\/yoast.com\/wordpress\/plugins\/seo\/ -->\n<title>Fiscal\u00eda General de la Naci\u00f3n<\/title>\n<meta name=\"description\" content=\"P\u00e1gina oficial de la Fiscal\u00eda General de la Naci\u00f3n \u2013 Colombia. Garantizamos el acceso efectivo a la justicia, la verdad y la reparaci\u00f3n de las v\u00edctimas de los delitos.\" \/>\n<meta name=\"robots\" content=\"noindex, follow\" \/>\n<meta property=\"og:locale\" content=\"es_ES\" \/>\n<meta property=\"og:type\" content=\"article\" \/>\n<meta property=\"og:title\" content=\"Fiscal\u00eda General de la Naci\u00f3n\" \/>\n<meta property=\"og:description\" content=\"P\u00e1gina oficial de la Fiscal\u00eda General de la Naci\u00f3n \u2013 Colombia. Garantizamos el acceso efectivo a la justicia, la verdad y la reparaci\u00f3n de las v\u00edctimas de los delitos.\" \/>\n<meta property=\"og:url\" content=\"https:\/\/www.fiscalia.gov.co\/colombia\/seccionales\/en-firme-condena-de-19-anos-de-prision-contra-un-expolicia-y-un-escolta-por-acceder-a-una-mujer-que-estaba-bajo-los-efectos-del-alcohol\/\" \/>\n<meta property=\"og:site_name\" content=\"Fiscal\u00eda General de la Naci\u00f3n\" \/>\n<meta property=\"article:publisher\" content=\"https:\/\/www.facebook.com\/FiscaliaCol\" \/>\n<meta property=\"article:published_time\" content=\"2019-08-27T21:53:28+00:00\" \/>\n<meta name=\"author\" content=\"Direcci\u00f3n de Comunicaciones Fiscal\u00eda General de la Naci\u00f3n\" \/>\n<meta name=\"twitter:card\" content=\"summary_large_image\" \/>\n<meta name=\"twitter:creator\" content=\"@FiscaliaCol\" \/>\n<meta name=\"twitter:site\" content=\"@FiscaliaCol\" \/>\n<meta name=\"twitter:label1\" content=\"Escrito por\" \/>\n\t<meta name=\"twitter:data1\" content=\"Direcci\u00f3n de Comunicaciones Fiscal\u00eda General de la Naci\u00f3n\" \/>\n\t<meta name=\"twitter:label2\" content=\"Tiempo de lectura\" \/>\n\t<meta name=\"twitter:data2\" content=\"1 minuto\" \/>\n<script type=\"application\/ld+json\" class=\"yoast-schema-graph\">{\"@context\":\"https:\/\/schema.org\",\"@graph\":[{\"@type\":\"Article\",\"@id\":\"https:\/\/www.fiscalia.gov.co\/colombia\/seccionales\/en-firme-condena-de-19-anos-de-prision-contra-un-expolicia-y-un-escolta-por-acceder-a-una-mujer-que-estaba-bajo-los-efectos-del-alcohol\/#article\",\"isPartOf\":{\"@id\":\"https:\/\/www.fiscalia.gov.co\/colombia\/seccionales\/en-firme-condena-de-19-anos-de-prision-contra-un-expolicia-y-un-escolta-por-acceder-a-una-mujer-que-estaba-bajo-los-efectos-del-alcohol\/\"},\"author\":{\"name\":\"Direcci\u00f3n de Comunicaciones Fiscal\u00eda General de la Naci\u00f3n\",\"@id\":\"https:\/\/www.fiscalia.gov.co\/colombia\/#\/schema\/person\/bf28d8ae7f1b287bbe3af484b04f43ea\"},\"headline\":\"En firme condena de 19 a\u00f1os de prisi\u00f3n contra un expolic\u00eda y un escolta por acceder a una mujer que estaba bajo los efectos del alcohol\",\"datePublished\":\"2019-08-27T21:53:28+00:00\",\"dateModified\":\"2019-08-27T21:53:28+00:00\",\"mainEntityOfPage\":{\"@id\":\"https:\/\/www.fiscalia.gov.co\/colombia\/seccionales\/en-firme-condena-de-19-anos-de-prision-contra-un-expolicia-y-un-escolta-por-acceder-a-una-mujer-que-estaba-bajo-los-efectos-del-alcohol\/\"},\"wordCount\":324,\"publisher\":{\"@id\":\"https:\/\/www.fiscalia.gov.co\/colombia\/#organization\"},\"articleSection\":[\"Seccional Ibagu\u00e9\",\"Seccionales\",\"Violencia sexual e intrafamiliar\"],\"inLanguage\":\"es-CO\"},{\"@type\":\"WebPage\",\"@id\":\"https:\/\/www.fiscalia.gov.co\/colombia\/seccionales\/en-firme-condena-de-19-anos-de-prision-contra-un-expolicia-y-un-escolta-por-acceder-a-una-mujer-que-estaba-bajo-los-efectos-del-alcohol\/\",\"url\":\"https:\/\/www.fiscalia.gov.co\/colombia\/seccionales\/en-firme-condena-de-19-anos-de-prision-contra-un-expolicia-y-un-escolta-por-acceder-a-una-mujer-que-estaba-bajo-los-efectos-del-alcohol\/\",\"name\":\"Fiscal\u00eda General de la Naci\u00f3n\",\"isPartOf\":{\"@id\":\"https:\/\/www.fiscalia.gov.co\/colombia\/#website\"},\"datePublished\":\"2019-08-27T21:53:28+00:00\",\"dateModified\":\"2019-08-27T21:53:28+00:00\",\"description\":\"P\u00e1gina oficial de la Fiscal\u00eda General de la Naci\u00f3n \u2013 Colombia. Garantizamos el acceso efectivo a la justicia, la verdad y la reparaci\u00f3n de las v\u00edctimas de los delitos.\",\"breadcrumb\":{\"@id\":\"https:\/\/www.fiscalia.gov.co\/colombia\/seccionales\/en-firme-condena-de-19-anos-de-prision-contra-un-expolicia-y-un-escolta-por-acceder-a-una-mujer-que-estaba-bajo-los-efectos-del-alcohol\/#breadcrumb\"},\"inLanguage\":\"es-CO\",\"potentialAction\":[{\"@type\":\"ReadAction\",\"target\":[\"https:\/\/www.fiscalia.gov.co\/colombia\/seccionales\/en-firme-condena-de-19-anos-de-prision-contra-un-expolicia-y-un-escolta-por-acceder-a-una-mujer-que-estaba-bajo-los-efectos-del-alcohol\/\"]}]},{\"@type\":\"BreadcrumbList\",\"@id\":\"https:\/\/www.fiscalia.gov.co\/colombia\/seccionales\/en-firme-condena-de-19-anos-de-prision-contra-un-expolicia-y-un-escolta-por-acceder-a-una-mujer-que-estaba-bajo-los-efectos-del-alcohol\/#breadcrumb\",\"itemListElement\":[{\"@type\":\"ListItem\",\"position\":1,\"name\":\"Home\",\"item\":\"https:\/\/www.fiscalia.gov.co\/colombia\/\"},{\"@type\":\"ListItem\",\"position\":2,\"name\":\"En firme condena de 19 a\u00f1os de prisi\u00f3n contra un expolic\u00eda y un escolta por acceder a una mujer que estaba bajo los efectos del alcohol\"}]},{\"@type\":\"WebSite\",\"@id\":\"https:\/\/www.fiscalia.gov.co\/colombia\/#website\",\"url\":\"https:\/\/www.fiscalia.gov.co\/colombia\/\",\"name\":\"Fiscal\u00eda General de la Naci\u00f3n\",\"description\":\"P\u00e1gina oficial de la Fiscal\u00eda General de la Naci\u00f3n \u2013 Colombia. Garantizamos el acceso efectivo a la justicia, la verdad y la reparaci\u00f3n de las v\u00edctimas de los delitos.\",\"publisher\":{\"@id\":\"https:\/\/www.fiscalia.gov.co\/colombia\/#organization\"},\"potentialAction\":[{\"@type\":\"SearchAction\",\"target\":{\"@type\":\"EntryPoint\",\"urlTemplate\":\"https:\/\/www.fiscalia.gov.co\/colombia\/?s={search_term_string}\"},\"query-input\":{\"@type\":\"PropertyValueSpecification\",\"valueRequired\":true,\"valueName\":\"search_term_string\"}}],\"inLanguage\":\"es-CO\"},{\"@type\":\"Organization\",\"@id\":\"https:\/\/www.fiscalia.gov.co\/colombia\/#organization\",\"name\":\"Fiscal\u00eda General de la Naci\u00f3n\",\"url\":\"https:\/\/www.fiscalia.gov.co\/colombia\/\",\"logo\":{\"@type\":\"ImageObject\",\"inLanguage\":\"es-CO\",\"@id\":\"https:\/\/www.fiscalia.gov.co\/colombia\/#\/schema\/logo\/image\/\",\"url\":\"https:\/\/www.fiscalia.gov.co\/colombia\/wp-content\/uploads\/LogoHorizontal_1.jpg\",\"contentUrl\":\"https:\/\/www.fiscalia.gov.co\/colombia\/wp-content\/uploads\/LogoHorizontal_1.jpg\",\"width\":300,\"height\":90,\"caption\":\"Fiscal\u00eda General de la Naci\u00f3n\"},\"image\":{\"@id\":\"https:\/\/www.fiscalia.gov.co\/colombia\/#\/schema\/logo\/image\/\"},\"sameAs\":[\"https:\/\/www.facebook.com\/FiscaliaCol\",\"https:\/\/x.com\/FiscaliaCol\",\"https:\/\/www.instagram.com\/fiscaliacol\",\"https:\/\/www.linkedin.com\/company\/fiscalia-general-de-la-naci-n\/\",\"https:\/\/youtube.com\/@fiscaliageneraldelanacion-4668?si=6nN79nyQICPU5iTh\"]},{\"@type\":\"Person\",\"@id\":\"https:\/\/www.fiscalia.gov.co\/colombia\/#\/schema\/person\/bf28d8ae7f1b287bbe3af484b04f43ea\",\"name\":\"Direcci\u00f3n de Comunicaciones Fiscal\u00eda General de la Naci\u00f3n\",\"image\":{\"@type\":\"ImageObject\",\"inLanguage\":\"es-CO\",\"@id\":\"https:\/\/www.fiscalia.gov.co\/colombia\/#\/schema\/person\/image\/\",\"url\":\"https:\/\/secure.gravatar.com\/avatar\/9d55ae161d32da16dbdd0b380c080a5f?s=96&d=mm&r=g\",\"contentUrl\":\"https:\/\/secure.gravatar.com\/avatar\/9d55ae161d32da16dbdd0b380c080a5f?s=96&d=mm&r=g\",\"caption\":\"Direcci\u00f3n de Comunicaciones Fiscal\u00eda General de la Naci\u00f3n\"},\"url\":\"https:\/\/www.fiscalia.gov.co\/colombia\/author\/kbonilla\/\"}]}<\/script>\n<!-- \/ Yoast SEO plugin. -->","yoast_head_json":{"title":"Fiscal\u00eda General de la Naci\u00f3n","description":"P\u00e1gina oficial de la Fiscal\u00eda General de la Naci\u00f3n \u2013 Colombia. Garantizamos el acceso efectivo a la justicia, la verdad y la reparaci\u00f3n de las v\u00edctimas de los delitos.","robots":{"index":"noindex","follow":"follow"},"og_locale":"es_ES","og_type":"article","og_title":"Fiscal\u00eda General de la Naci\u00f3n","og_description":"P\u00e1gina oficial de la Fiscal\u00eda General de la Naci\u00f3n \u2013 Colombia. Garantizamos el acceso efectivo a la justicia, la verdad y la reparaci\u00f3n de las v\u00edctimas de los delitos.","og_url":"https:\/\/www.fiscalia.gov.co\/colombia\/seccionales\/en-firme-condena-de-19-anos-de-prision-contra-un-expolicia-y-un-escolta-por-acceder-a-una-mujer-que-estaba-bajo-los-efectos-del-alcohol\/","og_site_name":"Fiscal\u00eda General de la Naci\u00f3n","article_publisher":"https:\/\/www.facebook.com\/FiscaliaCol","article_published_time":"2019-08-27T21:53:28+00:00","author":"Direcci\u00f3n de Comunicaciones Fiscal\u00eda General de la Naci\u00f3n","twitter_card":"summary_large_image","twitter_creator":"@FiscaliaCol","twitter_site":"@FiscaliaCol","twitter_misc":{"Escrito por":"Direcci\u00f3n de Comunicaciones Fiscal\u00eda General de la Naci\u00f3n","Tiempo de lectura":"1 minuto"},"schema":{"@context":"https:\/\/schema.org","@graph":[{"@type":"Article","@id":"https:\/\/www.fiscalia.gov.co\/colombia\/seccionales\/en-firme-condena-de-19-anos-de-prision-contra-un-expolicia-y-un-escolta-por-acceder-a-una-mujer-que-estaba-bajo-los-efectos-del-alcohol\/#article","isPartOf":{"@id":"https:\/\/www.fiscalia.gov.co\/colombia\/seccionales\/en-firme-condena-de-19-anos-de-prision-contra-un-expolicia-y-un-escolta-por-acceder-a-una-mujer-que-estaba-bajo-los-efectos-del-alcohol\/"},"author":{"name":"Direcci\u00f3n de Comunicaciones Fiscal\u00eda General de la Naci\u00f3n","@id":"https:\/\/www.fiscalia.gov.co\/colombia\/#\/schema\/person\/bf28d8ae7f1b287bbe3af484b04f43ea"},"headline":"En firme condena de 19 a\u00f1os de prisi\u00f3n contra un expolic\u00eda y un escolta por acceder a una mujer que estaba bajo los efectos del alcohol","datePublished":"2019-08-27T21:53:28+00:00","dateModified":"2019-08-27T21:53:28+00:00","mainEntityOfPage":{"@id":"https:\/\/www.fiscalia.gov.co\/colombia\/seccionales\/en-firme-condena-de-19-anos-de-prision-contra-un-expolicia-y-un-escolta-por-acceder-a-una-mujer-que-estaba-bajo-los-efectos-del-alcohol\/"},"wordCount":324,"publisher":{"@id":"https:\/\/www.fiscalia.gov.co\/colombia\/#organization"},"articleSection":["Seccional Ibagu\u00e9","Seccionales","Violencia sexual e intrafamiliar"],"inLanguage":"es-CO"},{"@type":"WebPage","@id":"https:\/\/www.fiscalia.gov.co\/colombia\/seccionales\/en-firme-condena-de-19-anos-de-prision-contra-un-expolicia-y-un-escolta-por-acceder-a-una-mujer-que-estaba-bajo-los-efectos-del-alcohol\/","url":"https:\/\/www.fiscalia.gov.co\/colombia\/seccionales\/en-firme-condena-de-19-anos-de-prision-contra-un-expolicia-y-un-escolta-por-acceder-a-una-mujer-que-estaba-bajo-los-efectos-del-alcohol\/","name":"Fiscal\u00eda General de la Naci\u00f3n","isPartOf":{"@id":"https:\/\/www.fiscalia.gov.co\/colombia\/#website"},"datePublished":"2019-08-27T21:53:28+00:00","dateModified":"2019-08-27T21:53:28+00:00","description":"P\u00e1gina oficial de la Fiscal\u00eda General de la Naci\u00f3n \u2013 Colombia. Garantizamos el acceso efectivo a la justicia, la verdad y la reparaci\u00f3n de las v\u00edctimas de los delitos.","breadcrumb":{"@id":"https:\/\/www.fiscalia.gov.co\/colombia\/seccionales\/en-firme-condena-de-19-anos-de-prision-contra-un-expolicia-y-un-escolta-por-acceder-a-una-mujer-que-estaba-bajo-los-efectos-del-alcohol\/#breadcrumb"},"inLanguage":"es-CO","potentialAction":[{"@type":"ReadAction","target":["https:\/\/www.fiscalia.gov.co\/colombia\/seccionales\/en-firme-condena-de-19-anos-de-prision-contra-un-expolicia-y-un-escolta-por-acceder-a-una-mujer-que-estaba-bajo-los-efectos-del-alcohol\/"]}]},{"@type":"BreadcrumbList","@id":"https:\/\/www.fiscalia.gov.co\/colombia\/seccionales\/en-firme-condena-de-19-anos-de-prision-contra-un-expolicia-y-un-escolta-por-acceder-a-una-mujer-que-estaba-bajo-los-efectos-del-alcohol\/#breadcrumb","itemListElement":[{"@type":"ListItem","position":1,"name":"Home","item":"https:\/\/www.fiscalia.gov.co\/colombia\/"},{"@type":"ListItem","position":2,"name":"En firme condena de 19 a\u00f1os de prisi\u00f3n contra un expolic\u00eda y un escolta por acceder a una mujer que estaba bajo los efectos del alcohol"}]},{"@type":"WebSite","@id":"https:\/\/www.fiscalia.gov.co\/colombia\/#website","url":"https:\/\/www.fiscalia.gov.co\/colombia\/","name":"Fiscal\u00eda General de la Naci\u00f3n","description":"P\u00e1gina oficial de la Fiscal\u00eda General de la Naci\u00f3n \u2013 Colombia. Garantizamos el acceso efectivo a la justicia, la verdad y la reparaci\u00f3n de las v\u00edctimas de los delitos.","publisher":{"@id":"https:\/\/www.fiscalia.gov.co\/colombia\/#organization"},"potentialAction":[{"@type":"SearchAction","target":{"@type":"EntryPoint","urlTemplate":"https:\/\/www.fiscalia.gov.co\/colombia\/?s={search_term_string}"},"query-input":{"@type":"PropertyValueSpecification","valueRequired":true,"valueName":"search_term_string"}}],"inLanguage":"es-CO"},{"@type":"Organization","@id":"https:\/\/www.fiscalia.gov.co\/colombia\/#organization","name":"Fiscal\u00eda General de la Naci\u00f3n","url":"https:\/\/www.fiscalia.gov.co\/colombia\/","logo":{"@type":"ImageObject","inLanguage":"es-CO","@id":"https:\/\/www.fiscalia.gov.co\/colombia\/#\/schema\/logo\/image\/","url":"https:\/\/www.fiscalia.gov.co\/colombia\/wp-content\/uploads\/LogoHorizontal_1.jpg","contentUrl":"https:\/\/www.fiscalia.gov.co\/colombia\/wp-content\/uploads\/LogoHorizontal_1.jpg","width":300,"height":90,"caption":"Fiscal\u00eda General de la Naci\u00f3n"},"image":{"@id":"https:\/\/www.fiscalia.gov.co\/colombia\/#\/schema\/logo\/image\/"},"sameAs":["https:\/\/www.facebook.com\/FiscaliaCol","https:\/\/x.com\/FiscaliaCol","https:\/\/www.instagram.com\/fiscaliacol","https:\/\/www.linkedin.com\/company\/fiscalia-general-de-la-naci-n\/","https:\/\/youtube.com\/@fiscaliageneraldelanacion-4668?si=6nN79nyQICPU5iTh"]},{"@type":"Person","@id":"https:\/\/www.fiscalia.gov.co\/colombia\/#\/schema\/person\/bf28d8ae7f1b287bbe3af484b04f43ea","name":"Direcci\u00f3n de Comunicaciones Fiscal\u00eda General de la Naci\u00f3n","image":{"@type":"ImageObject","inLanguage":"es-CO","@id":"https:\/\/www.fiscalia.gov.co\/colombia\/#\/schema\/person\/image\/","url":"https:\/\/secure.gravatar.com\/avatar\/9d55ae161d32da16dbdd0b380c080a5f?s=96&d=mm&r=g","contentUrl":"https:\/\/secure.gravatar.com\/avatar\/9d55ae161d32da16dbdd0b380c080a5f?s=96&d=mm&r=g","caption":"Direcci\u00f3n de Comunicaciones Fiscal\u00eda General de la Naci\u00f3n"},"url":"https:\/\/www.fiscalia.gov.co\/colombia\/author\/kbonilla\/"}]}},"_links":{"self":[{"href":"https:\/\/www.fiscalia.gov.co\/colombia\/wp-json\/wp\/v2\/posts\/183312","targetHints":{"allow":["GET"]}}],"collection":[{"href":"https:\/\/www.fiscalia.gov.co\/colombia\/wp-json\/wp\/v2\/posts"}],"about":[{"href":"https:\/\/www.fiscalia.gov.co\/colombia\/wp-json\/wp\/v2\/types\/post"}],"author":[{"embeddable":true,"href":"https:\/\/www.fiscalia.gov.co\/colombia\/wp-json\/wp\/v2\/users\/162"}],"replies":[{"embeddable":true,"href":"https:\/\/www.fiscalia.gov.co\/colombia\/wp-json\/wp\/v2\/comments?post=183312"}],"version-history":[{"count":1,"href":"https:\/\/www.fiscalia.gov.co\/colombia\/wp-json\/wp\/v2\/posts\/183312\/revisions"}],"predecessor-version":[{"id":183313,"href":"https:\/\/www.fiscalia.gov.co\/colombia\/wp-json\/wp\/v2\/posts\/183312\/revisions\/183313"}],"wp:attachment":[{"href":"https:\/\/www.fiscalia.gov.co\/colombia\/wp-json\/wp\/v2\/media?parent=183312"}],"wp:term":[{"taxonomy":"category","embeddable":true,"href":"https:\/\/www.fiscalia.gov.co\/colombia\/wp-json\/wp\/v2\/categories?post=183312"},{"taxonomy":"post_tag","embeddable":true,"href":"https:\/\/www.fiscalia.gov.co\/colombia\/wp-json\/wp\/v2\/tags?post=183312"}],"curies":[{"name":"wp","href":"https:\/\/api.w.org\/{rel}","templated":true}]}}