{"id":183113,"date":"2019-08-23T14:27:41","date_gmt":"2019-08-23T19:27:41","guid":{"rendered":"https:\/\/www.fiscalia.gov.co\/colombia\/?p=183113"},"modified":"2019-08-23T14:27:41","modified_gmt":"2019-08-23T19:27:41","slug":"fiscalia-judicializo-al-gerente-de-una-empresa-y-a-un-biologo-por-trafico-ilegal-de-fauna-silvestre","status":"publish","type":"post","link":"https:\/\/www.fiscalia.gov.co\/colombia\/seccionales\/fiscalia-judicializo-al-gerente-de-una-empresa-y-a-un-biologo-por-trafico-ilegal-de-fauna-silvestre\/","title":{"rendered":"Fiscal\u00eda judicializ\u00f3 al gerente de una empresa y a un bi\u00f3logo por tr\u00e1fico ilegal de fauna silvestre"},"content":{"rendered":"<blockquote class=\"td_quote_box td_box_center\">\n<h4 style=\"text-align: justify; background: white;\"><strong><span style=\"font-family: 'Arial',sans-serif; color: black;\">Las investigaciones, adelantadas durante nueve meses, permitieron establecer un comercio ilegal de especies silvestres por 5 a\u00f1os, en Cali (Valle del Cauca).<\/span><\/strong><\/h4>\n<\/blockquote>\n<p>Ante un juez de control de garant\u00edas la Fiscal\u00eda imput\u00f3 cargos a Alejandro Arias Pel\u00e1ez, representante legal y gerente de la empresa Zoomarcanes Compa\u00f1\u00eda Ltda., y al bi\u00f3logo Jes\u00fas Ernesto Ocampo Prado, exfuncionario del Departamento Administrativo de Gesti\u00f3n del Medio Ambiente (Dagma), como presuntos responsables de los delitos de <strong>da\u00f1o en los recursos naturales<\/strong> e <strong>il\u00edcito aprovechamiento de los recursos naturales renovables<\/strong>.<\/p>\n<p>En el caso de Ocampo Prado, el ente investigador tambi\u00e9n le endilg\u00f3 cargos por <strong>prevaricato por omisi\u00f3n<\/strong>.<\/p>\n<p>Al t\u00e9rmino de la diligencia judicial, solo Arias Pel\u00e1ez se allan\u00f3 a cargos.<\/p>\n<p><strong>La investigaci\u00f3n<\/strong><\/p>\n<p>Durante nueve meses, investigadores de la Direcci\u00f3n Especializada contra las Violaciones a los Derechos Humanos adelantaron una indagaci\u00f3n sobre la firma Zoomarcanes, la cual, al parecer, <strong>vendi\u00f3 ilegalmente especies silvestres<\/strong> desde el a\u00f1o 2007 hasta el 2013.<\/p>\n<p>Se conoci\u00f3 que las autoridades ambientales incautaron animales categorizados como amenazados y en v\u00eda de extinci\u00f3n.<\/p>\n<p>En el caso de Jes\u00fas Ernesto Ocampo, los investigadores establecieron que como bi\u00f3logo y entonces funcionario del Grupo de Control de Fauna del Dagma, <strong>habr\u00eda omitido impedir durante 5 a\u00f1os esta comercializaci\u00f3n ilegal de fauna<\/strong>, por parte de la empresa de Alejandro Arias Pel\u00e1ez.<\/p>\n<p>Durante el proceso penal, el ente acusador tuvo la colaboraci\u00f3n y apoyo por parte del Dagma y el Ministerio del Medio Ambiente y Desarrollo Sostenible.<\/p>\n<p>Ambos investigados fueron detenidos por servidores de la Fiscal\u00eda adscritos a la Delegada contra la Criminalidad Organizada, en desarrollo de la operaci\u00f3n Eco-Conciencia.<\/p>\n<p>Cabe resaltar que el tr\u00e1fico y comercio ilegal de especies silvestres es el tercer delito m\u00e1s lucrativo en el mundo, despu\u00e9s del tr\u00e1fico de drogas y la venta ilegal de armas.<\/p>\n<p>La Fiscal\u00eda hace p\u00fablica esta informaci\u00f3n por razones de inter\u00e9s general.<\/p>\n<p>&nbsp;<\/p>\n<p>&nbsp;<\/p>\n<p>JGPV\/DLBM<\/p>\n\n<div class=\"twitter-share\"><a href=\"https:\/\/twitter.com\/intent\/tweet?via=fiscaliacol\" class=\"twitter-share-button\">Tweet<\/a><\/div>\n","protected":false},"excerpt":{"rendered":"<p>Las investigaciones, adelantadas durante nueve meses, permitieron establecer un comercio ilegal de especies silvestres por 5 a\u00f1os, en Cali (Valle del Cauca). Ante un juez de control de garant\u00edas la Fiscal\u00eda imput\u00f3 cargos a Alejandro Arias Pel\u00e1ez, representante legal y gerente de la empresa Zoomarcanes Compa\u00f1\u00eda Ltda., y al bi\u00f3logo Jes\u00fas Ernesto Ocampo Prado, exfuncionario [&hellip;]<\/p>\n","protected":false},"author":162,"featured_media":0,"comment_status":"closed","ping_status":"open","sticky":false,"template":"","format":"standard","meta":{"_price":"","_stock":"","_tribe_ticket_header":"","_tribe_default_ticket_provider":"","_tribe_ticket_capacity":"0","_ticket_start_date":"","_ticket_end_date":"","_tribe_ticket_show_description":"","_tribe_ticket_show_not_going":false,"_tribe_ticket_use_global_stock":"","_tribe_ticket_global_stock_level":"","_global_stock_mode":"","_global_stock_cap":"","_tribe_rsvp_for_event":"","_tribe_ticket_going_count":"","_tribe_ticket_not_going_count":"","_tribe_tickets_list":"[]","_tribe_ticket_has_attendee_info_fields":false,"tdm_status":"","tdm_grid_status":"","footnotes":""},"categories":[24124,324,303],"tags":[],"class_list":{"0":"post-183113","1":"post","2":"type-post","3":"status-publish","4":"format-standard","6":"category-dano-al-medio-ambiente","7":"category-seccional-cali","8":"category-seccionales"},"yoast_head":"<!-- This site is optimized with the Yoast SEO plugin v24.3 - https:\/\/yoast.com\/wordpress\/plugins\/seo\/ -->\n<title>Fiscal\u00eda General de la Naci\u00f3n<\/title>\n<meta name=\"description\" content=\"P\u00e1gina oficial de la Fiscal\u00eda General de la Naci\u00f3n \u2013 Colombia. Garantizamos el acceso efectivo a la justicia, la verdad y la reparaci\u00f3n de las v\u00edctimas de los delitos.\" \/>\n<meta name=\"robots\" content=\"noindex, follow\" \/>\n<meta property=\"og:locale\" content=\"es_ES\" \/>\n<meta property=\"og:type\" content=\"article\" \/>\n<meta property=\"og:title\" content=\"Fiscal\u00eda General de la Naci\u00f3n\" \/>\n<meta property=\"og:description\" content=\"P\u00e1gina oficial de la Fiscal\u00eda General de la Naci\u00f3n \u2013 Colombia. Garantizamos el acceso efectivo a la justicia, la verdad y la reparaci\u00f3n de las v\u00edctimas de los delitos.\" \/>\n<meta property=\"og:url\" content=\"https:\/\/www.fiscalia.gov.co\/colombia\/seccionales\/fiscalia-judicializo-al-gerente-de-una-empresa-y-a-un-biologo-por-trafico-ilegal-de-fauna-silvestre\/\" \/>\n<meta property=\"og:site_name\" content=\"Fiscal\u00eda General de la Naci\u00f3n\" \/>\n<meta property=\"article:publisher\" content=\"https:\/\/www.facebook.com\/FiscaliaCol\" \/>\n<meta property=\"article:published_time\" content=\"2019-08-23T19:27:41+00:00\" \/>\n<meta name=\"author\" content=\"Direcci\u00f3n de Comunicaciones Fiscal\u00eda General de la Naci\u00f3n\" \/>\n<meta name=\"twitter:card\" content=\"summary_large_image\" \/>\n<meta name=\"twitter:creator\" content=\"@FiscaliaCol\" \/>\n<meta name=\"twitter:site\" content=\"@FiscaliaCol\" \/>\n<meta name=\"twitter:label1\" content=\"Escrito por\" \/>\n\t<meta name=\"twitter:data1\" content=\"Direcci\u00f3n de Comunicaciones Fiscal\u00eda General de la Naci\u00f3n\" \/>\n\t<meta name=\"twitter:label2\" content=\"Tiempo de lectura\" \/>\n\t<meta name=\"twitter:data2\" content=\"2 minutos\" \/>\n<script type=\"application\/ld+json\" class=\"yoast-schema-graph\">{\"@context\":\"https:\/\/schema.org\",\"@graph\":[{\"@type\":\"Article\",\"@id\":\"https:\/\/www.fiscalia.gov.co\/colombia\/seccionales\/fiscalia-judicializo-al-gerente-de-una-empresa-y-a-un-biologo-por-trafico-ilegal-de-fauna-silvestre\/#article\",\"isPartOf\":{\"@id\":\"https:\/\/www.fiscalia.gov.co\/colombia\/seccionales\/fiscalia-judicializo-al-gerente-de-una-empresa-y-a-un-biologo-por-trafico-ilegal-de-fauna-silvestre\/\"},\"author\":{\"name\":\"Direcci\u00f3n de Comunicaciones Fiscal\u00eda General de la Naci\u00f3n\",\"@id\":\"https:\/\/www.fiscalia.gov.co\/colombia\/#\/schema\/person\/bf28d8ae7f1b287bbe3af484b04f43ea\"},\"headline\":\"Fiscal\u00eda judicializ\u00f3 al gerente de una empresa y a un bi\u00f3logo por tr\u00e1fico ilegal de fauna silvestre\",\"datePublished\":\"2019-08-23T19:27:41+00:00\",\"dateModified\":\"2019-08-23T19:27:41+00:00\",\"mainEntityOfPage\":{\"@id\":\"https:\/\/www.fiscalia.gov.co\/colombia\/seccionales\/fiscalia-judicializo-al-gerente-de-una-empresa-y-a-un-biologo-por-trafico-ilegal-de-fauna-silvestre\/\"},\"wordCount\":360,\"publisher\":{\"@id\":\"https:\/\/www.fiscalia.gov.co\/colombia\/#organization\"},\"articleSection\":[\"Da\u00f1o al medio ambiente\",\"Seccional Cali\",\"Seccionales\"],\"inLanguage\":\"es-CO\"},{\"@type\":\"WebPage\",\"@id\":\"https:\/\/www.fiscalia.gov.co\/colombia\/seccionales\/fiscalia-judicializo-al-gerente-de-una-empresa-y-a-un-biologo-por-trafico-ilegal-de-fauna-silvestre\/\",\"url\":\"https:\/\/www.fiscalia.gov.co\/colombia\/seccionales\/fiscalia-judicializo-al-gerente-de-una-empresa-y-a-un-biologo-por-trafico-ilegal-de-fauna-silvestre\/\",\"name\":\"Fiscal\u00eda General de la Naci\u00f3n\",\"isPartOf\":{\"@id\":\"https:\/\/www.fiscalia.gov.co\/colombia\/#website\"},\"datePublished\":\"2019-08-23T19:27:41+00:00\",\"dateModified\":\"2019-08-23T19:27:41+00:00\",\"description\":\"P\u00e1gina oficial de la Fiscal\u00eda General de la Naci\u00f3n \u2013 Colombia. Garantizamos el acceso efectivo a la justicia, la verdad y la reparaci\u00f3n de las v\u00edctimas de los delitos.\",\"breadcrumb\":{\"@id\":\"https:\/\/www.fiscalia.gov.co\/colombia\/seccionales\/fiscalia-judicializo-al-gerente-de-una-empresa-y-a-un-biologo-por-trafico-ilegal-de-fauna-silvestre\/#breadcrumb\"},\"inLanguage\":\"es-CO\",\"potentialAction\":[{\"@type\":\"ReadAction\",\"target\":[\"https:\/\/www.fiscalia.gov.co\/colombia\/seccionales\/fiscalia-judicializo-al-gerente-de-una-empresa-y-a-un-biologo-por-trafico-ilegal-de-fauna-silvestre\/\"]}]},{\"@type\":\"BreadcrumbList\",\"@id\":\"https:\/\/www.fiscalia.gov.co\/colombia\/seccionales\/fiscalia-judicializo-al-gerente-de-una-empresa-y-a-un-biologo-por-trafico-ilegal-de-fauna-silvestre\/#breadcrumb\",\"itemListElement\":[{\"@type\":\"ListItem\",\"position\":1,\"name\":\"Home\",\"item\":\"https:\/\/www.fiscalia.gov.co\/colombia\/\"},{\"@type\":\"ListItem\",\"position\":2,\"name\":\"Fiscal\u00eda judicializ\u00f3 al gerente de una empresa y a un bi\u00f3logo por tr\u00e1fico ilegal de fauna silvestre\"}]},{\"@type\":\"WebSite\",\"@id\":\"https:\/\/www.fiscalia.gov.co\/colombia\/#website\",\"url\":\"https:\/\/www.fiscalia.gov.co\/colombia\/\",\"name\":\"Fiscal\u00eda General de la Naci\u00f3n\",\"description\":\"P\u00e1gina oficial de la Fiscal\u00eda General de la Naci\u00f3n \u2013 Colombia. Garantizamos el acceso efectivo a la justicia, la verdad y la reparaci\u00f3n de las v\u00edctimas de los delitos.\",\"publisher\":{\"@id\":\"https:\/\/www.fiscalia.gov.co\/colombia\/#organization\"},\"potentialAction\":[{\"@type\":\"SearchAction\",\"target\":{\"@type\":\"EntryPoint\",\"urlTemplate\":\"https:\/\/www.fiscalia.gov.co\/colombia\/?s={search_term_string}\"},\"query-input\":{\"@type\":\"PropertyValueSpecification\",\"valueRequired\":true,\"valueName\":\"search_term_string\"}}],\"inLanguage\":\"es-CO\"},{\"@type\":\"Organization\",\"@id\":\"https:\/\/www.fiscalia.gov.co\/colombia\/#organization\",\"name\":\"Fiscal\u00eda General de la Naci\u00f3n\",\"url\":\"https:\/\/www.fiscalia.gov.co\/colombia\/\",\"logo\":{\"@type\":\"ImageObject\",\"inLanguage\":\"es-CO\",\"@id\":\"https:\/\/www.fiscalia.gov.co\/colombia\/#\/schema\/logo\/image\/\",\"url\":\"https:\/\/www.fiscalia.gov.co\/colombia\/wp-content\/uploads\/LogoHorizontal_1.jpg\",\"contentUrl\":\"https:\/\/www.fiscalia.gov.co\/colombia\/wp-content\/uploads\/LogoHorizontal_1.jpg\",\"width\":300,\"height\":90,\"caption\":\"Fiscal\u00eda General de la Naci\u00f3n\"},\"image\":{\"@id\":\"https:\/\/www.fiscalia.gov.co\/colombia\/#\/schema\/logo\/image\/\"},\"sameAs\":[\"https:\/\/www.facebook.com\/FiscaliaCol\",\"https:\/\/x.com\/FiscaliaCol\",\"https:\/\/www.instagram.com\/fiscaliacol\",\"https:\/\/www.linkedin.com\/company\/fiscalia-general-de-la-naci-n\/\",\"https:\/\/youtube.com\/@fiscaliageneraldelanacion-4668?si=6nN79nyQICPU5iTh\"]},{\"@type\":\"Person\",\"@id\":\"https:\/\/www.fiscalia.gov.co\/colombia\/#\/schema\/person\/bf28d8ae7f1b287bbe3af484b04f43ea\",\"name\":\"Direcci\u00f3n de Comunicaciones Fiscal\u00eda General de la Naci\u00f3n\",\"image\":{\"@type\":\"ImageObject\",\"inLanguage\":\"es-CO\",\"@id\":\"https:\/\/www.fiscalia.gov.co\/colombia\/#\/schema\/person\/image\/\",\"url\":\"https:\/\/secure.gravatar.com\/avatar\/9d55ae161d32da16dbdd0b380c080a5f?s=96&d=mm&r=g\",\"contentUrl\":\"https:\/\/secure.gravatar.com\/avatar\/9d55ae161d32da16dbdd0b380c080a5f?s=96&d=mm&r=g\",\"caption\":\"Direcci\u00f3n de Comunicaciones Fiscal\u00eda General de la Naci\u00f3n\"},\"url\":\"https:\/\/www.fiscalia.gov.co\/colombia\/author\/kbonilla\/\"}]}<\/script>\n<!-- \/ Yoast SEO plugin. -->","yoast_head_json":{"title":"Fiscal\u00eda General de la Naci\u00f3n","description":"P\u00e1gina oficial de la Fiscal\u00eda General de la Naci\u00f3n \u2013 Colombia. Garantizamos el acceso efectivo a la justicia, la verdad y la reparaci\u00f3n de las v\u00edctimas de los delitos.","robots":{"index":"noindex","follow":"follow"},"og_locale":"es_ES","og_type":"article","og_title":"Fiscal\u00eda General de la Naci\u00f3n","og_description":"P\u00e1gina oficial de la Fiscal\u00eda General de la Naci\u00f3n \u2013 Colombia. Garantizamos el acceso efectivo a la justicia, la verdad y la reparaci\u00f3n de las v\u00edctimas de los delitos.","og_url":"https:\/\/www.fiscalia.gov.co\/colombia\/seccionales\/fiscalia-judicializo-al-gerente-de-una-empresa-y-a-un-biologo-por-trafico-ilegal-de-fauna-silvestre\/","og_site_name":"Fiscal\u00eda General de la Naci\u00f3n","article_publisher":"https:\/\/www.facebook.com\/FiscaliaCol","article_published_time":"2019-08-23T19:27:41+00:00","author":"Direcci\u00f3n de Comunicaciones Fiscal\u00eda General de la Naci\u00f3n","twitter_card":"summary_large_image","twitter_creator":"@FiscaliaCol","twitter_site":"@FiscaliaCol","twitter_misc":{"Escrito por":"Direcci\u00f3n de Comunicaciones Fiscal\u00eda General de la Naci\u00f3n","Tiempo de lectura":"2 minutos"},"schema":{"@context":"https:\/\/schema.org","@graph":[{"@type":"Article","@id":"https:\/\/www.fiscalia.gov.co\/colombia\/seccionales\/fiscalia-judicializo-al-gerente-de-una-empresa-y-a-un-biologo-por-trafico-ilegal-de-fauna-silvestre\/#article","isPartOf":{"@id":"https:\/\/www.fiscalia.gov.co\/colombia\/seccionales\/fiscalia-judicializo-al-gerente-de-una-empresa-y-a-un-biologo-por-trafico-ilegal-de-fauna-silvestre\/"},"author":{"name":"Direcci\u00f3n de Comunicaciones Fiscal\u00eda General de la Naci\u00f3n","@id":"https:\/\/www.fiscalia.gov.co\/colombia\/#\/schema\/person\/bf28d8ae7f1b287bbe3af484b04f43ea"},"headline":"Fiscal\u00eda judicializ\u00f3 al gerente de una empresa y a un bi\u00f3logo por tr\u00e1fico ilegal de fauna silvestre","datePublished":"2019-08-23T19:27:41+00:00","dateModified":"2019-08-23T19:27:41+00:00","mainEntityOfPage":{"@id":"https:\/\/www.fiscalia.gov.co\/colombia\/seccionales\/fiscalia-judicializo-al-gerente-de-una-empresa-y-a-un-biologo-por-trafico-ilegal-de-fauna-silvestre\/"},"wordCount":360,"publisher":{"@id":"https:\/\/www.fiscalia.gov.co\/colombia\/#organization"},"articleSection":["Da\u00f1o al medio ambiente","Seccional Cali","Seccionales"],"inLanguage":"es-CO"},{"@type":"WebPage","@id":"https:\/\/www.fiscalia.gov.co\/colombia\/seccionales\/fiscalia-judicializo-al-gerente-de-una-empresa-y-a-un-biologo-por-trafico-ilegal-de-fauna-silvestre\/","url":"https:\/\/www.fiscalia.gov.co\/colombia\/seccionales\/fiscalia-judicializo-al-gerente-de-una-empresa-y-a-un-biologo-por-trafico-ilegal-de-fauna-silvestre\/","name":"Fiscal\u00eda General de la Naci\u00f3n","isPartOf":{"@id":"https:\/\/www.fiscalia.gov.co\/colombia\/#website"},"datePublished":"2019-08-23T19:27:41+00:00","dateModified":"2019-08-23T19:27:41+00:00","description":"P\u00e1gina oficial de la Fiscal\u00eda General de la Naci\u00f3n \u2013 Colombia. Garantizamos el acceso efectivo a la justicia, la verdad y la reparaci\u00f3n de las v\u00edctimas de los delitos.","breadcrumb":{"@id":"https:\/\/www.fiscalia.gov.co\/colombia\/seccionales\/fiscalia-judicializo-al-gerente-de-una-empresa-y-a-un-biologo-por-trafico-ilegal-de-fauna-silvestre\/#breadcrumb"},"inLanguage":"es-CO","potentialAction":[{"@type":"ReadAction","target":["https:\/\/www.fiscalia.gov.co\/colombia\/seccionales\/fiscalia-judicializo-al-gerente-de-una-empresa-y-a-un-biologo-por-trafico-ilegal-de-fauna-silvestre\/"]}]},{"@type":"BreadcrumbList","@id":"https:\/\/www.fiscalia.gov.co\/colombia\/seccionales\/fiscalia-judicializo-al-gerente-de-una-empresa-y-a-un-biologo-por-trafico-ilegal-de-fauna-silvestre\/#breadcrumb","itemListElement":[{"@type":"ListItem","position":1,"name":"Home","item":"https:\/\/www.fiscalia.gov.co\/colombia\/"},{"@type":"ListItem","position":2,"name":"Fiscal\u00eda judicializ\u00f3 al gerente de una empresa y a un bi\u00f3logo por tr\u00e1fico ilegal de fauna silvestre"}]},{"@type":"WebSite","@id":"https:\/\/www.fiscalia.gov.co\/colombia\/#website","url":"https:\/\/www.fiscalia.gov.co\/colombia\/","name":"Fiscal\u00eda General de la Naci\u00f3n","description":"P\u00e1gina oficial de la Fiscal\u00eda General de la Naci\u00f3n \u2013 Colombia. Garantizamos el acceso efectivo a la justicia, la verdad y la reparaci\u00f3n de las v\u00edctimas de los delitos.","publisher":{"@id":"https:\/\/www.fiscalia.gov.co\/colombia\/#organization"},"potentialAction":[{"@type":"SearchAction","target":{"@type":"EntryPoint","urlTemplate":"https:\/\/www.fiscalia.gov.co\/colombia\/?s={search_term_string}"},"query-input":{"@type":"PropertyValueSpecification","valueRequired":true,"valueName":"search_term_string"}}],"inLanguage":"es-CO"},{"@type":"Organization","@id":"https:\/\/www.fiscalia.gov.co\/colombia\/#organization","name":"Fiscal\u00eda General de la Naci\u00f3n","url":"https:\/\/www.fiscalia.gov.co\/colombia\/","logo":{"@type":"ImageObject","inLanguage":"es-CO","@id":"https:\/\/www.fiscalia.gov.co\/colombia\/#\/schema\/logo\/image\/","url":"https:\/\/www.fiscalia.gov.co\/colombia\/wp-content\/uploads\/LogoHorizontal_1.jpg","contentUrl":"https:\/\/www.fiscalia.gov.co\/colombia\/wp-content\/uploads\/LogoHorizontal_1.jpg","width":300,"height":90,"caption":"Fiscal\u00eda General de la Naci\u00f3n"},"image":{"@id":"https:\/\/www.fiscalia.gov.co\/colombia\/#\/schema\/logo\/image\/"},"sameAs":["https:\/\/www.facebook.com\/FiscaliaCol","https:\/\/x.com\/FiscaliaCol","https:\/\/www.instagram.com\/fiscaliacol","https:\/\/www.linkedin.com\/company\/fiscalia-general-de-la-naci-n\/","https:\/\/youtube.com\/@fiscaliageneraldelanacion-4668?si=6nN79nyQICPU5iTh"]},{"@type":"Person","@id":"https:\/\/www.fiscalia.gov.co\/colombia\/#\/schema\/person\/bf28d8ae7f1b287bbe3af484b04f43ea","name":"Direcci\u00f3n de Comunicaciones Fiscal\u00eda General de la Naci\u00f3n","image":{"@type":"ImageObject","inLanguage":"es-CO","@id":"https:\/\/www.fiscalia.gov.co\/colombia\/#\/schema\/person\/image\/","url":"https:\/\/secure.gravatar.com\/avatar\/9d55ae161d32da16dbdd0b380c080a5f?s=96&d=mm&r=g","contentUrl":"https:\/\/secure.gravatar.com\/avatar\/9d55ae161d32da16dbdd0b380c080a5f?s=96&d=mm&r=g","caption":"Direcci\u00f3n de Comunicaciones Fiscal\u00eda General de la Naci\u00f3n"},"url":"https:\/\/www.fiscalia.gov.co\/colombia\/author\/kbonilla\/"}]}},"_links":{"self":[{"href":"https:\/\/www.fiscalia.gov.co\/colombia\/wp-json\/wp\/v2\/posts\/183113","targetHints":{"allow":["GET"]}}],"collection":[{"href":"https:\/\/www.fiscalia.gov.co\/colombia\/wp-json\/wp\/v2\/posts"}],"about":[{"href":"https:\/\/www.fiscalia.gov.co\/colombia\/wp-json\/wp\/v2\/types\/post"}],"author":[{"embeddable":true,"href":"https:\/\/www.fiscalia.gov.co\/colombia\/wp-json\/wp\/v2\/users\/162"}],"replies":[{"embeddable":true,"href":"https:\/\/www.fiscalia.gov.co\/colombia\/wp-json\/wp\/v2\/comments?post=183113"}],"version-history":[{"count":1,"href":"https:\/\/www.fiscalia.gov.co\/colombia\/wp-json\/wp\/v2\/posts\/183113\/revisions"}],"predecessor-version":[{"id":183114,"href":"https:\/\/www.fiscalia.gov.co\/colombia\/wp-json\/wp\/v2\/posts\/183113\/revisions\/183114"}],"wp:attachment":[{"href":"https:\/\/www.fiscalia.gov.co\/colombia\/wp-json\/wp\/v2\/media?parent=183113"}],"wp:term":[{"taxonomy":"category","embeddable":true,"href":"https:\/\/www.fiscalia.gov.co\/colombia\/wp-json\/wp\/v2\/categories?post=183113"},{"taxonomy":"post_tag","embeddable":true,"href":"https:\/\/www.fiscalia.gov.co\/colombia\/wp-json\/wp\/v2\/tags?post=183113"}],"curies":[{"name":"wp","href":"https:\/\/api.w.org\/{rel}","templated":true}]}}