{"id":183100,"date":"2019-08-23T11:35:24","date_gmt":"2019-08-23T16:35:24","guid":{"rendered":"https:\/\/www.fiscalia.gov.co\/colombia\/?p=183100"},"modified":"2019-08-23T11:35:24","modified_gmt":"2019-08-23T16:35:24","slug":"exfuncionarios-de-reficar-y-dos-particulares-acusados-formalmente-por-corrupcion-en-la-construccion-de-la-refineria-de-cartagena","status":"publish","type":"post","link":"https:\/\/www.fiscalia.gov.co\/colombia\/seccionales\/exfuncionarios-de-reficar-y-dos-particulares-acusados-formalmente-por-corrupcion-en-la-construccion-de-la-refineria-de-cartagena\/","title":{"rendered":"Exfuncionarios de Reficar y dos particulares acusados formalmente por corrupci\u00f3n en la construcci\u00f3n de la Refiner\u00eda de Cartagena"},"content":{"rendered":"<p>Los implicados, cuatro de ellos servidores p\u00fablicos para el momento de la comisi\u00f3n de las conductas punibles, al parecer consolidaron una estrategia para direccionar la contrataci\u00f3n y defraudar las finanzas del Estado con la firma del contrato de construcci\u00f3n de la refiner\u00eda, dirigidos a modificar cl\u00e1usulas contractuales y acuerdos, causando un <strong>sobrecosto que duplic\u00f3 el presupuesto inicial<\/strong> y demor\u00f3 tres a\u00f1os m\u00e1s la entrega del proyecto.<\/p>\n<p>La modernizaci\u00f3n, adecuaci\u00f3n y puesta de funcionamiento estaba planeada para diciembre de 2013, con una inversi\u00f3n de 3700 millones de d\u00f3lares, pero la terminaci\u00f3n de obras del <strong>mega proyecto<\/strong> <strong>Reficar<\/strong> se hizo hasta diciembre de 2015 con una <strong>inversi\u00f3n final de 8000 millones de d\u00f3lares<\/strong>.<\/p>\n<p>Las irregularidades iniciaron con la contrataci\u00f3n del proyecto, pues fue asignado a una empresa que no cumpl\u00eda con los requisitos necesarios para la modernizaci\u00f3n de la refiner\u00eda, en referencia a la capacidad t\u00e9cnica, financiera y experiencia constructiva en refiner\u00edas completas. No hubo licitaci\u00f3n, la adjudicaci\u00f3n fue direccionada a pesar de que la compa\u00f1\u00eda favorecida, en anteriores procesos de evaluaci\u00f3n realizados por Ecopetrol fue descartada por no contar con los par\u00e1metros de calificaci\u00f3n exigidos para este tipo de contratos.<\/p>\n<p>Tras la firma del contrato y ante los problemas de financiamiento que presentaba el contratista, los implicados supuestamente acomodaron las cl\u00e1usulas contractuales para ajustar la forma de pago a la conveniencia del contratista.<\/p>\n<p>Los contratos fueron pactados en la modalidad de pago de \u201ccostos reembolsables\u201d que implicaba que Reficar apalancaba financieramente al contratista con dineros p\u00fablicos asumiendo todos los riesgos, todo ello, en contra de la modalidad de pago inicialmente contratada que era \u201cllave en mano\u201d donde los riesgos de la construcci\u00f3n los asum\u00eda el contratista. Esta modificaci\u00f3n se dio en total beneficio de la compa\u00f1\u00eda contratista.<\/p>\n<p>A pesar de las anomal\u00edas presentadas, en el a\u00f1o 2010 fueron firmados dos contratos m\u00e1s con la empresa y una de sus filiales.<\/p>\n<p>Los directivos de Reficar y la compa\u00f1\u00eda contratista suscribieron cuatro acuerdos denominados \u201cAcuerdos MOA y PIP\u201d con los cuales <strong>fue autorizado el pago por 120 millones de d\u00f3lares de facturas que no ten\u00edan soportes legales<\/strong> de esos gastos. Estas facturas no fueron aprobadas ni fue ordenado su pago por la Auditor\u00eda. Con los acuerdos se violaron los procedimientos establecidos y se favoreci\u00f3 claramente al contratista.<\/p>\n<p>El ente acusador estableci\u00f3 que <strong>fueron desembolsados m\u00e1s de 600.000 millones de pesos para los considerados \u201cgastos suntuosos<\/strong>\u201d, representados en vi\u00e1ticos, viajes de funcionarios y abogados, gastos en hoteles, alquiler de veh\u00edculos, pagos dobles, y en general gastos no rembolsables.<\/p>\n<p>Adem\u00e1s, fueron presentadas facturas por contrataci\u00f3n de personas que nunca estuvieron en el proyecto, alquiler doble de equipos o maquinaria y bonos regalo para el personal administrativo del proyecto de modernizaci\u00f3n de Reficar.<\/p>\n<p><strong><u>Los acusados y los delitos<\/u><\/strong><\/p>\n<ol>\n<li>Orlado Jos\u00e9 Cabrales Mart\u00ednez, ex representante legal de Reficar, fue acusado de inter\u00e9s indebido en la celebraci\u00f3n de contratos.<\/li>\n<li>Reyes Reinoso Yanes, expresidente de Reficar, es acusado de peculado por apropiaci\u00f3n en favor de terceros y enriquecimiento il\u00edcito en favor de terceros y falsedad ideol\u00f3gica en documento p\u00fablico.<\/li>\n<li>Pedro Alfonso Rosales Navarro, exintegrante de la Junta Directiva de Reficar y ex vicepridente de Downstream de Ecopetrol, tambi\u00e9n fue acusado de inter\u00e9s indebido en la celebraci\u00f3n de contratos.<\/li>\n<li>Felipe Arturo Laverde Concha, ex vicepresidente jur\u00eddico de Reficar, acusado de inter\u00e9s indebido en la celebraci\u00f3n de contratos, peculado por apropiaci\u00f3n en favor de terceros y enriquecimiento il\u00edcito de particulares en favor de terceros.<\/li>\n<li>Carlos Alberto Lloreda Silva, revisor fiscal de Reficar entre 2013 y 2015, est\u00e1 acusado por falsedad ideol\u00f3gica en documento p\u00fablico, complicidad en peculado por apropiaci\u00f3n en favor de terceros.<\/li>\n<li>Philip Asherman, exrepresentante de la empresa contratista, responder\u00e1 en juicio por inter\u00e9s indebido en la celebraci\u00f3n de contratos.<\/li>\n<li>Masoud Deidehban, particular representante de empresa contratista, fue acusado por peculado por apropiaci\u00f3n en favor de terceros, enriquecimiento il\u00edcito en particulares en favor de terceros e inter\u00e9s indebido en la celebraci\u00f3n de contratos.<\/li>\n<\/ol>\n<p>La Fiscal\u00eda hace p\u00fablica esta informaci\u00f3n por considerarla de inter\u00e9s general.<\/p>\n<p>&nbsp;<\/p>\n<p>LAGP\/DLBM<\/p>\n\n<div class=\"twitter-share\"><a href=\"https:\/\/twitter.com\/intent\/tweet?via=fiscaliacol\" class=\"twitter-share-button\">Tweet<\/a><\/div>\n","protected":false},"excerpt":{"rendered":"<p>Los implicados, cuatro de ellos servidores p\u00fablicos para el momento de la comisi\u00f3n de las conductas punibles, al parecer consolidaron una estrategia para direccionar la contrataci\u00f3n y defraudar las finanzas [&hellip;]<\/p>\n","protected":false},"author":162,"featured_media":0,"comment_status":"closed","ping_status":"open","sticky":false,"template":"","format":"standard","meta":{"tdm_status":"","tdm_grid_status":"","footnotes":""},"categories":[24107,24097,321,303],"tags":[],"class_list":["post-183100","post","type-post","status-publish","format-standard","category-lucha-contra-corrupcion","category-corrupcion","category-seccional-bogota","category-seccionales"],"yoast_head":"<!-- This site is optimized with the Yoast SEO plugin v24.3 - https:\/\/yoast.com\/wordpress\/plugins\/seo\/ -->\n<title>Fiscal\u00eda General de la Naci\u00f3n<\/title>\n<meta name=\"description\" content=\"P\u00e1gina oficial de la Fiscal\u00eda General de la Naci\u00f3n \u2013 Colombia. Garantizamos el acceso efectivo a la justicia, la verdad y la reparaci\u00f3n de las v\u00edctimas de los delitos.\" \/>\n<meta name=\"robots\" content=\"noindex, follow\" \/>\n<meta property=\"og:locale\" content=\"es_ES\" \/>\n<meta property=\"og:type\" content=\"article\" \/>\n<meta property=\"og:title\" content=\"Fiscal\u00eda General de la Naci\u00f3n\" \/>\n<meta property=\"og:description\" content=\"P\u00e1gina oficial de la Fiscal\u00eda General de la Naci\u00f3n \u2013 Colombia. Garantizamos el acceso efectivo a la justicia, la verdad y la reparaci\u00f3n de las v\u00edctimas de los delitos.\" \/>\n<meta property=\"og:url\" content=\"https:\/\/www.fiscalia.gov.co\/colombia\/seccionales\/exfuncionarios-de-reficar-y-dos-particulares-acusados-formalmente-por-corrupcion-en-la-construccion-de-la-refineria-de-cartagena\/\" \/>\n<meta property=\"og:site_name\" content=\"Fiscal\u00eda General de la Naci\u00f3n\" \/>\n<meta property=\"article:publisher\" content=\"https:\/\/www.facebook.com\/FiscaliaCol\" \/>\n<meta property=\"article:published_time\" content=\"2019-08-23T16:35:24+00:00\" \/>\n<meta name=\"author\" content=\"Direcci\u00f3n de Comunicaciones Fiscal\u00eda General de la Naci\u00f3n\" \/>\n<meta name=\"twitter:card\" content=\"summary_large_image\" \/>\n<meta name=\"twitter:creator\" content=\"@FiscaliaCol\" \/>\n<meta name=\"twitter:site\" content=\"@FiscaliaCol\" \/>\n<meta name=\"twitter:label1\" content=\"Escrito por\" \/>\n\t<meta name=\"twitter:data1\" content=\"Direcci\u00f3n de Comunicaciones Fiscal\u00eda General de la Naci\u00f3n\" \/>\n\t<meta name=\"twitter:label2\" content=\"Tiempo de lectura\" \/>\n\t<meta name=\"twitter:data2\" content=\"4 minutos\" \/>\n<script type=\"application\/ld+json\" class=\"yoast-schema-graph\">{\"@context\":\"https:\/\/schema.org\",\"@graph\":[{\"@type\":\"Article\",\"@id\":\"https:\/\/www.fiscalia.gov.co\/colombia\/seccionales\/exfuncionarios-de-reficar-y-dos-particulares-acusados-formalmente-por-corrupcion-en-la-construccion-de-la-refineria-de-cartagena\/#article\",\"isPartOf\":{\"@id\":\"https:\/\/www.fiscalia.gov.co\/colombia\/seccionales\/exfuncionarios-de-reficar-y-dos-particulares-acusados-formalmente-por-corrupcion-en-la-construccion-de-la-refineria-de-cartagena\/\"},\"author\":{\"name\":\"Direcci\u00f3n de Comunicaciones Fiscal\u00eda General de la Naci\u00f3n\",\"@id\":\"https:\/\/www.fiscalia.gov.co\/colombia\/#\/schema\/person\/bf28d8ae7f1b287bbe3af484b04f43ea\"},\"headline\":\"Exfuncionarios de Reficar y dos particulares acusados formalmente por corrupci\u00f3n en la construcci\u00f3n de la Refiner\u00eda de Cartagena\",\"datePublished\":\"2019-08-23T16:35:24+00:00\",\"dateModified\":\"2019-08-23T16:35:24+00:00\",\"mainEntityOfPage\":{\"@id\":\"https:\/\/www.fiscalia.gov.co\/colombia\/seccionales\/exfuncionarios-de-reficar-y-dos-particulares-acusados-formalmente-por-corrupcion-en-la-construccion-de-la-refineria-de-cartagena\/\"},\"wordCount\":743,\"publisher\":{\"@id\":\"https:\/\/www.fiscalia.gov.co\/colombia\/#organization\"},\"articleSection\":[\"Corrupci\u00f3n\",\"Corrupci\u00f3n\",\"Seccional Bogot\u00e1\",\"Seccionales\"],\"inLanguage\":\"es-CO\"},{\"@type\":\"WebPage\",\"@id\":\"https:\/\/www.fiscalia.gov.co\/colombia\/seccionales\/exfuncionarios-de-reficar-y-dos-particulares-acusados-formalmente-por-corrupcion-en-la-construccion-de-la-refineria-de-cartagena\/\",\"url\":\"https:\/\/www.fiscalia.gov.co\/colombia\/seccionales\/exfuncionarios-de-reficar-y-dos-particulares-acusados-formalmente-por-corrupcion-en-la-construccion-de-la-refineria-de-cartagena\/\",\"name\":\"Fiscal\u00eda General de la Naci\u00f3n\",\"isPartOf\":{\"@id\":\"https:\/\/www.fiscalia.gov.co\/colombia\/#website\"},\"datePublished\":\"2019-08-23T16:35:24+00:00\",\"dateModified\":\"2019-08-23T16:35:24+00:00\",\"description\":\"P\u00e1gina oficial de la Fiscal\u00eda General de la Naci\u00f3n \u2013 Colombia. Garantizamos el acceso efectivo a la justicia, la verdad y la reparaci\u00f3n de las v\u00edctimas de los delitos.\",\"breadcrumb\":{\"@id\":\"https:\/\/www.fiscalia.gov.co\/colombia\/seccionales\/exfuncionarios-de-reficar-y-dos-particulares-acusados-formalmente-por-corrupcion-en-la-construccion-de-la-refineria-de-cartagena\/#breadcrumb\"},\"inLanguage\":\"es-CO\",\"potentialAction\":[{\"@type\":\"ReadAction\",\"target\":[\"https:\/\/www.fiscalia.gov.co\/colombia\/seccionales\/exfuncionarios-de-reficar-y-dos-particulares-acusados-formalmente-por-corrupcion-en-la-construccion-de-la-refineria-de-cartagena\/\"]}]},{\"@type\":\"BreadcrumbList\",\"@id\":\"https:\/\/www.fiscalia.gov.co\/colombia\/seccionales\/exfuncionarios-de-reficar-y-dos-particulares-acusados-formalmente-por-corrupcion-en-la-construccion-de-la-refineria-de-cartagena\/#breadcrumb\",\"itemListElement\":[{\"@type\":\"ListItem\",\"position\":1,\"name\":\"Home\",\"item\":\"https:\/\/www.fiscalia.gov.co\/colombia\/\"},{\"@type\":\"ListItem\",\"position\":2,\"name\":\"Exfuncionarios de Reficar y dos particulares acusados formalmente por corrupci\u00f3n en la construcci\u00f3n de la Refiner\u00eda de Cartagena\"}]},{\"@type\":\"WebSite\",\"@id\":\"https:\/\/www.fiscalia.gov.co\/colombia\/#website\",\"url\":\"https:\/\/www.fiscalia.gov.co\/colombia\/\",\"name\":\"Fiscal\u00eda General de la Naci\u00f3n\",\"description\":\"P\u00e1gina oficial de la Fiscal\u00eda General de la Naci\u00f3n \u2013 Colombia. Garantizamos el acceso efectivo a la justicia, la verdad y la reparaci\u00f3n de las v\u00edctimas de los delitos.\",\"publisher\":{\"@id\":\"https:\/\/www.fiscalia.gov.co\/colombia\/#organization\"},\"potentialAction\":[{\"@type\":\"SearchAction\",\"target\":{\"@type\":\"EntryPoint\",\"urlTemplate\":\"https:\/\/www.fiscalia.gov.co\/colombia\/?s={search_term_string}\"},\"query-input\":{\"@type\":\"PropertyValueSpecification\",\"valueRequired\":true,\"valueName\":\"search_term_string\"}}],\"inLanguage\":\"es-CO\"},{\"@type\":\"Organization\",\"@id\":\"https:\/\/www.fiscalia.gov.co\/colombia\/#organization\",\"name\":\"Fiscal\u00eda General de la Naci\u00f3n\",\"url\":\"https:\/\/www.fiscalia.gov.co\/colombia\/\",\"logo\":{\"@type\":\"ImageObject\",\"inLanguage\":\"es-CO\",\"@id\":\"https:\/\/www.fiscalia.gov.co\/colombia\/#\/schema\/logo\/image\/\",\"url\":\"https:\/\/www.fiscalia.gov.co\/colombia\/wp-content\/uploads\/LogoHorizontal_1.jpg\",\"contentUrl\":\"https:\/\/www.fiscalia.gov.co\/colombia\/wp-content\/uploads\/LogoHorizontal_1.jpg\",\"width\":300,\"height\":90,\"caption\":\"Fiscal\u00eda General de la Naci\u00f3n\"},\"image\":{\"@id\":\"https:\/\/www.fiscalia.gov.co\/colombia\/#\/schema\/logo\/image\/\"},\"sameAs\":[\"https:\/\/www.facebook.com\/FiscaliaCol\",\"https:\/\/x.com\/FiscaliaCol\",\"https:\/\/www.instagram.com\/fiscaliacol\",\"https:\/\/www.linkedin.com\/company\/fiscalia-general-de-la-naci-n\/\",\"https:\/\/youtube.com\/@fiscaliageneraldelanacion-4668?si=6nN79nyQICPU5iTh\"]},{\"@type\":\"Person\",\"@id\":\"https:\/\/www.fiscalia.gov.co\/colombia\/#\/schema\/person\/bf28d8ae7f1b287bbe3af484b04f43ea\",\"name\":\"Direcci\u00f3n de Comunicaciones Fiscal\u00eda General de la Naci\u00f3n\",\"image\":{\"@type\":\"ImageObject\",\"inLanguage\":\"es-CO\",\"@id\":\"https:\/\/www.fiscalia.gov.co\/colombia\/#\/schema\/person\/image\/\",\"url\":\"https:\/\/secure.gravatar.com\/avatar\/9d55ae161d32da16dbdd0b380c080a5f?s=96&d=mm&r=g\",\"contentUrl\":\"https:\/\/secure.gravatar.com\/avatar\/9d55ae161d32da16dbdd0b380c080a5f?s=96&d=mm&r=g\",\"caption\":\"Direcci\u00f3n de Comunicaciones Fiscal\u00eda General de la Naci\u00f3n\"},\"url\":\"https:\/\/www.fiscalia.gov.co\/colombia\/author\/kbonilla\/\"}]}<\/script>\n<!-- \/ Yoast SEO plugin. -->","yoast_head_json":{"title":"Fiscal\u00eda General de la Naci\u00f3n","description":"P\u00e1gina oficial de la Fiscal\u00eda General de la Naci\u00f3n \u2013 Colombia. Garantizamos el acceso efectivo a la justicia, la verdad y la reparaci\u00f3n de las v\u00edctimas de los delitos.","robots":{"index":"noindex","follow":"follow"},"og_locale":"es_ES","og_type":"article","og_title":"Fiscal\u00eda General de la Naci\u00f3n","og_description":"P\u00e1gina oficial de la Fiscal\u00eda General de la Naci\u00f3n \u2013 Colombia. Garantizamos el acceso efectivo a la justicia, la verdad y la reparaci\u00f3n de las v\u00edctimas de los delitos.","og_url":"https:\/\/www.fiscalia.gov.co\/colombia\/seccionales\/exfuncionarios-de-reficar-y-dos-particulares-acusados-formalmente-por-corrupcion-en-la-construccion-de-la-refineria-de-cartagena\/","og_site_name":"Fiscal\u00eda General de la Naci\u00f3n","article_publisher":"https:\/\/www.facebook.com\/FiscaliaCol","article_published_time":"2019-08-23T16:35:24+00:00","author":"Direcci\u00f3n de Comunicaciones Fiscal\u00eda General de la Naci\u00f3n","twitter_card":"summary_large_image","twitter_creator":"@FiscaliaCol","twitter_site":"@FiscaliaCol","twitter_misc":{"Escrito por":"Direcci\u00f3n de Comunicaciones Fiscal\u00eda General de la Naci\u00f3n","Tiempo de lectura":"4 minutos"},"schema":{"@context":"https:\/\/schema.org","@graph":[{"@type":"Article","@id":"https:\/\/www.fiscalia.gov.co\/colombia\/seccionales\/exfuncionarios-de-reficar-y-dos-particulares-acusados-formalmente-por-corrupcion-en-la-construccion-de-la-refineria-de-cartagena\/#article","isPartOf":{"@id":"https:\/\/www.fiscalia.gov.co\/colombia\/seccionales\/exfuncionarios-de-reficar-y-dos-particulares-acusados-formalmente-por-corrupcion-en-la-construccion-de-la-refineria-de-cartagena\/"},"author":{"name":"Direcci\u00f3n de Comunicaciones Fiscal\u00eda General de la Naci\u00f3n","@id":"https:\/\/www.fiscalia.gov.co\/colombia\/#\/schema\/person\/bf28d8ae7f1b287bbe3af484b04f43ea"},"headline":"Exfuncionarios de Reficar y dos particulares acusados formalmente por corrupci\u00f3n en la construcci\u00f3n de la Refiner\u00eda de Cartagena","datePublished":"2019-08-23T16:35:24+00:00","dateModified":"2019-08-23T16:35:24+00:00","mainEntityOfPage":{"@id":"https:\/\/www.fiscalia.gov.co\/colombia\/seccionales\/exfuncionarios-de-reficar-y-dos-particulares-acusados-formalmente-por-corrupcion-en-la-construccion-de-la-refineria-de-cartagena\/"},"wordCount":743,"publisher":{"@id":"https:\/\/www.fiscalia.gov.co\/colombia\/#organization"},"articleSection":["Corrupci\u00f3n","Corrupci\u00f3n","Seccional Bogot\u00e1","Seccionales"],"inLanguage":"es-CO"},{"@type":"WebPage","@id":"https:\/\/www.fiscalia.gov.co\/colombia\/seccionales\/exfuncionarios-de-reficar-y-dos-particulares-acusados-formalmente-por-corrupcion-en-la-construccion-de-la-refineria-de-cartagena\/","url":"https:\/\/www.fiscalia.gov.co\/colombia\/seccionales\/exfuncionarios-de-reficar-y-dos-particulares-acusados-formalmente-por-corrupcion-en-la-construccion-de-la-refineria-de-cartagena\/","name":"Fiscal\u00eda General de la Naci\u00f3n","isPartOf":{"@id":"https:\/\/www.fiscalia.gov.co\/colombia\/#website"},"datePublished":"2019-08-23T16:35:24+00:00","dateModified":"2019-08-23T16:35:24+00:00","description":"P\u00e1gina oficial de la Fiscal\u00eda General de la Naci\u00f3n \u2013 Colombia. Garantizamos el acceso efectivo a la justicia, la verdad y la reparaci\u00f3n de las v\u00edctimas de los delitos.","breadcrumb":{"@id":"https:\/\/www.fiscalia.gov.co\/colombia\/seccionales\/exfuncionarios-de-reficar-y-dos-particulares-acusados-formalmente-por-corrupcion-en-la-construccion-de-la-refineria-de-cartagena\/#breadcrumb"},"inLanguage":"es-CO","potentialAction":[{"@type":"ReadAction","target":["https:\/\/www.fiscalia.gov.co\/colombia\/seccionales\/exfuncionarios-de-reficar-y-dos-particulares-acusados-formalmente-por-corrupcion-en-la-construccion-de-la-refineria-de-cartagena\/"]}]},{"@type":"BreadcrumbList","@id":"https:\/\/www.fiscalia.gov.co\/colombia\/seccionales\/exfuncionarios-de-reficar-y-dos-particulares-acusados-formalmente-por-corrupcion-en-la-construccion-de-la-refineria-de-cartagena\/#breadcrumb","itemListElement":[{"@type":"ListItem","position":1,"name":"Home","item":"https:\/\/www.fiscalia.gov.co\/colombia\/"},{"@type":"ListItem","position":2,"name":"Exfuncionarios de Reficar y dos particulares acusados formalmente por corrupci\u00f3n en la construcci\u00f3n de la Refiner\u00eda de Cartagena"}]},{"@type":"WebSite","@id":"https:\/\/www.fiscalia.gov.co\/colombia\/#website","url":"https:\/\/www.fiscalia.gov.co\/colombia\/","name":"Fiscal\u00eda General de la Naci\u00f3n","description":"P\u00e1gina oficial de la Fiscal\u00eda General de la Naci\u00f3n \u2013 Colombia. Garantizamos el acceso efectivo a la justicia, la verdad y la reparaci\u00f3n de las v\u00edctimas de los delitos.","publisher":{"@id":"https:\/\/www.fiscalia.gov.co\/colombia\/#organization"},"potentialAction":[{"@type":"SearchAction","target":{"@type":"EntryPoint","urlTemplate":"https:\/\/www.fiscalia.gov.co\/colombia\/?s={search_term_string}"},"query-input":{"@type":"PropertyValueSpecification","valueRequired":true,"valueName":"search_term_string"}}],"inLanguage":"es-CO"},{"@type":"Organization","@id":"https:\/\/www.fiscalia.gov.co\/colombia\/#organization","name":"Fiscal\u00eda General de la Naci\u00f3n","url":"https:\/\/www.fiscalia.gov.co\/colombia\/","logo":{"@type":"ImageObject","inLanguage":"es-CO","@id":"https:\/\/www.fiscalia.gov.co\/colombia\/#\/schema\/logo\/image\/","url":"https:\/\/www.fiscalia.gov.co\/colombia\/wp-content\/uploads\/LogoHorizontal_1.jpg","contentUrl":"https:\/\/www.fiscalia.gov.co\/colombia\/wp-content\/uploads\/LogoHorizontal_1.jpg","width":300,"height":90,"caption":"Fiscal\u00eda General de la Naci\u00f3n"},"image":{"@id":"https:\/\/www.fiscalia.gov.co\/colombia\/#\/schema\/logo\/image\/"},"sameAs":["https:\/\/www.facebook.com\/FiscaliaCol","https:\/\/x.com\/FiscaliaCol","https:\/\/www.instagram.com\/fiscaliacol","https:\/\/www.linkedin.com\/company\/fiscalia-general-de-la-naci-n\/","https:\/\/youtube.com\/@fiscaliageneraldelanacion-4668?si=6nN79nyQICPU5iTh"]},{"@type":"Person","@id":"https:\/\/www.fiscalia.gov.co\/colombia\/#\/schema\/person\/bf28d8ae7f1b287bbe3af484b04f43ea","name":"Direcci\u00f3n de Comunicaciones Fiscal\u00eda General de la Naci\u00f3n","image":{"@type":"ImageObject","inLanguage":"es-CO","@id":"https:\/\/www.fiscalia.gov.co\/colombia\/#\/schema\/person\/image\/","url":"https:\/\/secure.gravatar.com\/avatar\/9d55ae161d32da16dbdd0b380c080a5f?s=96&d=mm&r=g","contentUrl":"https:\/\/secure.gravatar.com\/avatar\/9d55ae161d32da16dbdd0b380c080a5f?s=96&d=mm&r=g","caption":"Direcci\u00f3n de Comunicaciones Fiscal\u00eda General de la Naci\u00f3n"},"url":"https:\/\/www.fiscalia.gov.co\/colombia\/author\/kbonilla\/"}]}},"_links":{"self":[{"href":"https:\/\/www.fiscalia.gov.co\/colombia\/wp-json\/wp\/v2\/posts\/183100","targetHints":{"allow":["GET"]}}],"collection":[{"href":"https:\/\/www.fiscalia.gov.co\/colombia\/wp-json\/wp\/v2\/posts"}],"about":[{"href":"https:\/\/www.fiscalia.gov.co\/colombia\/wp-json\/wp\/v2\/types\/post"}],"author":[{"embeddable":true,"href":"https:\/\/www.fiscalia.gov.co\/colombia\/wp-json\/wp\/v2\/users\/162"}],"replies":[{"embeddable":true,"href":"https:\/\/www.fiscalia.gov.co\/colombia\/wp-json\/wp\/v2\/comments?post=183100"}],"version-history":[{"count":1,"href":"https:\/\/www.fiscalia.gov.co\/colombia\/wp-json\/wp\/v2\/posts\/183100\/revisions"}],"predecessor-version":[{"id":183102,"href":"https:\/\/www.fiscalia.gov.co\/colombia\/wp-json\/wp\/v2\/posts\/183100\/revisions\/183102"}],"wp:attachment":[{"href":"https:\/\/www.fiscalia.gov.co\/colombia\/wp-json\/wp\/v2\/media?parent=183100"}],"wp:term":[{"taxonomy":"category","embeddable":true,"href":"https:\/\/www.fiscalia.gov.co\/colombia\/wp-json\/wp\/v2\/categories?post=183100"},{"taxonomy":"post_tag","embeddable":true,"href":"https:\/\/www.fiscalia.gov.co\/colombia\/wp-json\/wp\/v2\/tags?post=183100"}],"curies":[{"name":"wp","href":"https:\/\/api.w.org\/{rel}","templated":true}]}}