{"id":182733,"date":"2019-08-15T09:35:25","date_gmt":"2019-08-15T14:35:25","guid":{"rendered":"https:\/\/www.fiscalia.gov.co\/colombia\/?p=182733"},"modified":"2019-08-15T09:35:25","modified_gmt":"2019-08-15T14:35:25","slug":"tribunal-superior-de-ibague-confirmo-preclusion-en-favor-de-funcionarios-de-cortolima-investigados-por-prevaricato-por-accion","status":"publish","type":"post","link":"https:\/\/www.fiscalia.gov.co\/colombia\/seccionales\/tribunal-superior-de-ibague-confirmo-preclusion-en-favor-de-funcionarios-de-cortolima-investigados-por-prevaricato-por-accion\/","title":{"rendered":"Tribunal Superior de Ibagu\u00e9 confirm\u00f3 preclusi\u00f3n en favor de funcionarios de Cortolima, investigados por prevaricato por acci\u00f3n"},"content":{"rendered":"<blockquote class=\"td_quote_box td_box_center\">\n<h4><strong>El Juzgado 6\u00b0 Penal del Circuito de la capital tolimense ya hab\u00eda tomado la decisi\u00f3n en primera instancia, luego de que la Fiscal\u00eda hiciera la respectiva solicitud al considerar que no hubo comisi\u00f3n de tal delito por parte del gerente y el exjefe de la Oficina Jur\u00eddica.<\/strong><\/h4>\n<\/blockquote>\n<p>En el Palacio de Justicia de Ibagu\u00e9 (Tolima), un fiscal de la Unidad de Administraci\u00f3n P\u00fablica logr\u00f3 que el Tribunal Superior de esa ciudad confirmara, en segunda instancia, la preclusi\u00f3n de la investigaci\u00f3n que hab\u00eda en contra del director general de Cortolima (<strong>Corporaci\u00f3n Aut\u00f3noma Regional del Tolima<\/strong>), Jorge Enrique Cardoso Rodr\u00edguez; y el exjefe de la Oficina Jur\u00eddica, Jos\u00e9 Francisco Montufar, por el delito de <strong>prevaricato por acci\u00f3n<\/strong>, a ra\u00edz de la denuncia instaurada en su contra por la multinacional \u00a0AngloGold Ashanti Colombia (Agac).<\/p>\n<p>Los hechos ocurrieron en el a\u00f1o 2013, cuando la multinacional Agac estaba realizando unos trabajos en zona rural de Doima, en Piedras (Tolima), y la Corporaci\u00f3n decidi\u00f3 detener las labores al considerar que estas no coincid\u00edan con las que ellos hab\u00edan informado, y para las cuales se le hab\u00eda otorgado el permiso, como autoridad ambiental.<\/p>\n<p>Seg\u00fan Cortolima, el permiso era para estudios de suelos mas no para exploraci\u00f3n de agua subterr\u00e1nea, en lo cual emplearon varias t\u00e9cnicas, que de acuerdo con los expertos de la Corporaci\u00f3n, generaban actividades at\u00edpicas de explotaci\u00f3n que pon\u00edan en riesgo la zona.<\/p>\n<p>Fue por tal raz\u00f3n que la multinacional denunci\u00f3 a los funcionarios responsables de emitir la resoluci\u00f3n que orden\u00f3 la suspensi\u00f3n de las actividades para las cuales ya les hab\u00edan dado el aval, considerando que no proced\u00eda y que estaban pasando por encima de la ley.<\/p>\n<p>Sin embargo, la Fiscal\u00eda a trav\u00e9s de peritos expertos en ingenier\u00eda civil, y otras disciplinas y \u00e1reas, logr\u00f3 demostrar que la Corporaci\u00f3n s\u00ed ten\u00eda la raz\u00f3n.<\/p>\n<p>La Fiscal\u00eda hace p\u00fablica esta informaci\u00f3n por razones de inter\u00e9s general.<\/p>\n<p>&nbsp;<\/p>\n<p>&nbsp;<\/p>\n<p>PAAM\/DLBM<\/p>\n\n<div class=\"twitter-share\"><a href=\"https:\/\/twitter.com\/intent\/tweet?via=fiscaliacol\" class=\"twitter-share-button\">Tweet<\/a><\/div>\n","protected":false},"excerpt":{"rendered":"<p>El Juzgado 6\u00b0 Penal del Circuito de la capital tolimense ya hab\u00eda tomado la decisi\u00f3n en primera instancia, luego de que la Fiscal\u00eda hiciera la respectiva solicitud al considerar que [&hellip;]<\/p>\n","protected":false},"author":163,"featured_media":0,"comment_status":"closed","ping_status":"open","sticky":false,"template":"","format":"standard","meta":{"tdm_status":"","tdm_grid_status":"","footnotes":""},"categories":[24097,329,303],"tags":[],"class_list":["post-182733","post","type-post","status-publish","format-standard","category-corrupcion","category-seccional-ibague","category-seccionales"],"yoast_head":"<!-- This site is optimized with the Yoast SEO plugin v24.3 - https:\/\/yoast.com\/wordpress\/plugins\/seo\/ -->\n<title>Fiscal\u00eda General de la Naci\u00f3n<\/title>\n<meta name=\"description\" content=\"P\u00e1gina oficial de la Fiscal\u00eda General de la Naci\u00f3n \u2013 Colombia. Garantizamos el acceso efectivo a la justicia, la verdad y la reparaci\u00f3n de las v\u00edctimas de los delitos.\" \/>\n<meta name=\"robots\" content=\"noindex, follow\" \/>\n<meta property=\"og:locale\" content=\"es_ES\" \/>\n<meta property=\"og:type\" content=\"article\" \/>\n<meta property=\"og:title\" content=\"Fiscal\u00eda General de la Naci\u00f3n\" \/>\n<meta property=\"og:description\" content=\"P\u00e1gina oficial de la Fiscal\u00eda General de la Naci\u00f3n \u2013 Colombia. Garantizamos el acceso efectivo a la justicia, la verdad y la reparaci\u00f3n de las v\u00edctimas de los delitos.\" \/>\n<meta property=\"og:url\" content=\"https:\/\/www.fiscalia.gov.co\/colombia\/seccionales\/tribunal-superior-de-ibague-confirmo-preclusion-en-favor-de-funcionarios-de-cortolima-investigados-por-prevaricato-por-accion\/\" \/>\n<meta property=\"og:site_name\" content=\"Fiscal\u00eda General de la Naci\u00f3n\" \/>\n<meta property=\"article:publisher\" content=\"https:\/\/www.facebook.com\/FiscaliaCol\" \/>\n<meta property=\"article:published_time\" content=\"2019-08-15T14:35:25+00:00\" \/>\n<meta name=\"author\" content=\"Federico Bar\u00f3n\" \/>\n<meta name=\"twitter:card\" content=\"summary_large_image\" \/>\n<meta name=\"twitter:creator\" content=\"@FiscaliaCol\" \/>\n<meta name=\"twitter:site\" content=\"@FiscaliaCol\" \/>\n<meta name=\"twitter:label1\" content=\"Escrito por\" \/>\n\t<meta name=\"twitter:data1\" content=\"Federico Bar\u00f3n\" \/>\n\t<meta name=\"twitter:label2\" content=\"Tiempo de lectura\" \/>\n\t<meta name=\"twitter:data2\" content=\"2 minutos\" \/>\n<script type=\"application\/ld+json\" class=\"yoast-schema-graph\">{\"@context\":\"https:\/\/schema.org\",\"@graph\":[{\"@type\":\"Article\",\"@id\":\"https:\/\/www.fiscalia.gov.co\/colombia\/seccionales\/tribunal-superior-de-ibague-confirmo-preclusion-en-favor-de-funcionarios-de-cortolima-investigados-por-prevaricato-por-accion\/#article\",\"isPartOf\":{\"@id\":\"https:\/\/www.fiscalia.gov.co\/colombia\/seccionales\/tribunal-superior-de-ibague-confirmo-preclusion-en-favor-de-funcionarios-de-cortolima-investigados-por-prevaricato-por-accion\/\"},\"author\":{\"name\":\"Federico Bar\u00f3n\",\"@id\":\"https:\/\/www.fiscalia.gov.co\/colombia\/#\/schema\/person\/6c583a82254e9615e852ba9db84e67ee\"},\"headline\":\"Tribunal Superior de Ibagu\u00e9 confirm\u00f3 preclusi\u00f3n en favor de funcionarios de Cortolima, investigados por prevaricato por acci\u00f3n\",\"datePublished\":\"2019-08-15T14:35:25+00:00\",\"dateModified\":\"2019-08-15T14:35:25+00:00\",\"mainEntityOfPage\":{\"@id\":\"https:\/\/www.fiscalia.gov.co\/colombia\/seccionales\/tribunal-superior-de-ibague-confirmo-preclusion-en-favor-de-funcionarios-de-cortolima-investigados-por-prevaricato-por-accion\/\"},\"wordCount\":375,\"publisher\":{\"@id\":\"https:\/\/www.fiscalia.gov.co\/colombia\/#organization\"},\"articleSection\":[\"Corrupci\u00f3n\",\"Seccional Ibagu\u00e9\",\"Seccionales\"],\"inLanguage\":\"es-CO\"},{\"@type\":\"WebPage\",\"@id\":\"https:\/\/www.fiscalia.gov.co\/colombia\/seccionales\/tribunal-superior-de-ibague-confirmo-preclusion-en-favor-de-funcionarios-de-cortolima-investigados-por-prevaricato-por-accion\/\",\"url\":\"https:\/\/www.fiscalia.gov.co\/colombia\/seccionales\/tribunal-superior-de-ibague-confirmo-preclusion-en-favor-de-funcionarios-de-cortolima-investigados-por-prevaricato-por-accion\/\",\"name\":\"Fiscal\u00eda General de la Naci\u00f3n\",\"isPartOf\":{\"@id\":\"https:\/\/www.fiscalia.gov.co\/colombia\/#website\"},\"datePublished\":\"2019-08-15T14:35:25+00:00\",\"dateModified\":\"2019-08-15T14:35:25+00:00\",\"description\":\"P\u00e1gina oficial de la Fiscal\u00eda General de la Naci\u00f3n \u2013 Colombia. Garantizamos el acceso efectivo a la justicia, la verdad y la reparaci\u00f3n de las v\u00edctimas de los delitos.\",\"breadcrumb\":{\"@id\":\"https:\/\/www.fiscalia.gov.co\/colombia\/seccionales\/tribunal-superior-de-ibague-confirmo-preclusion-en-favor-de-funcionarios-de-cortolima-investigados-por-prevaricato-por-accion\/#breadcrumb\"},\"inLanguage\":\"es-CO\",\"potentialAction\":[{\"@type\":\"ReadAction\",\"target\":[\"https:\/\/www.fiscalia.gov.co\/colombia\/seccionales\/tribunal-superior-de-ibague-confirmo-preclusion-en-favor-de-funcionarios-de-cortolima-investigados-por-prevaricato-por-accion\/\"]}]},{\"@type\":\"BreadcrumbList\",\"@id\":\"https:\/\/www.fiscalia.gov.co\/colombia\/seccionales\/tribunal-superior-de-ibague-confirmo-preclusion-en-favor-de-funcionarios-de-cortolima-investigados-por-prevaricato-por-accion\/#breadcrumb\",\"itemListElement\":[{\"@type\":\"ListItem\",\"position\":1,\"name\":\"Home\",\"item\":\"https:\/\/www.fiscalia.gov.co\/colombia\/\"},{\"@type\":\"ListItem\",\"position\":2,\"name\":\"Tribunal Superior de Ibagu\u00e9 confirm\u00f3 preclusi\u00f3n en favor de funcionarios de Cortolima, investigados por prevaricato por acci\u00f3n\"}]},{\"@type\":\"WebSite\",\"@id\":\"https:\/\/www.fiscalia.gov.co\/colombia\/#website\",\"url\":\"https:\/\/www.fiscalia.gov.co\/colombia\/\",\"name\":\"Fiscal\u00eda General de la Naci\u00f3n\",\"description\":\"P\u00e1gina oficial de la Fiscal\u00eda General de la Naci\u00f3n \u2013 Colombia. Garantizamos el acceso efectivo a la justicia, la verdad y la reparaci\u00f3n de las v\u00edctimas de los delitos.\",\"publisher\":{\"@id\":\"https:\/\/www.fiscalia.gov.co\/colombia\/#organization\"},\"potentialAction\":[{\"@type\":\"SearchAction\",\"target\":{\"@type\":\"EntryPoint\",\"urlTemplate\":\"https:\/\/www.fiscalia.gov.co\/colombia\/?s={search_term_string}\"},\"query-input\":{\"@type\":\"PropertyValueSpecification\",\"valueRequired\":true,\"valueName\":\"search_term_string\"}}],\"inLanguage\":\"es-CO\"},{\"@type\":\"Organization\",\"@id\":\"https:\/\/www.fiscalia.gov.co\/colombia\/#organization\",\"name\":\"Fiscal\u00eda General de la Naci\u00f3n\",\"url\":\"https:\/\/www.fiscalia.gov.co\/colombia\/\",\"logo\":{\"@type\":\"ImageObject\",\"inLanguage\":\"es-CO\",\"@id\":\"https:\/\/www.fiscalia.gov.co\/colombia\/#\/schema\/logo\/image\/\",\"url\":\"https:\/\/www.fiscalia.gov.co\/colombia\/wp-content\/uploads\/LogoHorizontal_1.jpg\",\"contentUrl\":\"https:\/\/www.fiscalia.gov.co\/colombia\/wp-content\/uploads\/LogoHorizontal_1.jpg\",\"width\":300,\"height\":90,\"caption\":\"Fiscal\u00eda General de la Naci\u00f3n\"},\"image\":{\"@id\":\"https:\/\/www.fiscalia.gov.co\/colombia\/#\/schema\/logo\/image\/\"},\"sameAs\":[\"https:\/\/www.facebook.com\/FiscaliaCol\",\"https:\/\/x.com\/FiscaliaCol\",\"https:\/\/www.instagram.com\/fiscaliacol\",\"https:\/\/www.linkedin.com\/company\/fiscalia-general-de-la-naci-n\/\",\"https:\/\/youtube.com\/@fiscaliageneraldelanacion-4668?si=6nN79nyQICPU5iTh\"]},{\"@type\":\"Person\",\"@id\":\"https:\/\/www.fiscalia.gov.co\/colombia\/#\/schema\/person\/6c583a82254e9615e852ba9db84e67ee\",\"name\":\"Federico Bar\u00f3n\",\"image\":{\"@type\":\"ImageObject\",\"inLanguage\":\"es-CO\",\"@id\":\"https:\/\/www.fiscalia.gov.co\/colombia\/#\/schema\/person\/image\/\",\"url\":\"https:\/\/secure.gravatar.com\/avatar\/30ff8ce2c54287c7927de9067165726c?s=96&d=mm&r=g\",\"contentUrl\":\"https:\/\/secure.gravatar.com\/avatar\/30ff8ce2c54287c7927de9067165726c?s=96&d=mm&r=g\",\"caption\":\"Federico Bar\u00f3n\"},\"url\":\"https:\/\/www.fiscalia.gov.co\/colombia\/author\/fbaron\/\"}]}<\/script>\n<!-- \/ Yoast SEO plugin. -->","yoast_head_json":{"title":"Fiscal\u00eda General de la Naci\u00f3n","description":"P\u00e1gina oficial de la Fiscal\u00eda General de la Naci\u00f3n \u2013 Colombia. Garantizamos el acceso efectivo a la justicia, la verdad y la reparaci\u00f3n de las v\u00edctimas de los delitos.","robots":{"index":"noindex","follow":"follow"},"og_locale":"es_ES","og_type":"article","og_title":"Fiscal\u00eda General de la Naci\u00f3n","og_description":"P\u00e1gina oficial de la Fiscal\u00eda General de la Naci\u00f3n \u2013 Colombia. Garantizamos el acceso efectivo a la justicia, la verdad y la reparaci\u00f3n de las v\u00edctimas de los delitos.","og_url":"https:\/\/www.fiscalia.gov.co\/colombia\/seccionales\/tribunal-superior-de-ibague-confirmo-preclusion-en-favor-de-funcionarios-de-cortolima-investigados-por-prevaricato-por-accion\/","og_site_name":"Fiscal\u00eda General de la Naci\u00f3n","article_publisher":"https:\/\/www.facebook.com\/FiscaliaCol","article_published_time":"2019-08-15T14:35:25+00:00","author":"Federico Bar\u00f3n","twitter_card":"summary_large_image","twitter_creator":"@FiscaliaCol","twitter_site":"@FiscaliaCol","twitter_misc":{"Escrito por":"Federico Bar\u00f3n","Tiempo de lectura":"2 minutos"},"schema":{"@context":"https:\/\/schema.org","@graph":[{"@type":"Article","@id":"https:\/\/www.fiscalia.gov.co\/colombia\/seccionales\/tribunal-superior-de-ibague-confirmo-preclusion-en-favor-de-funcionarios-de-cortolima-investigados-por-prevaricato-por-accion\/#article","isPartOf":{"@id":"https:\/\/www.fiscalia.gov.co\/colombia\/seccionales\/tribunal-superior-de-ibague-confirmo-preclusion-en-favor-de-funcionarios-de-cortolima-investigados-por-prevaricato-por-accion\/"},"author":{"name":"Federico Bar\u00f3n","@id":"https:\/\/www.fiscalia.gov.co\/colombia\/#\/schema\/person\/6c583a82254e9615e852ba9db84e67ee"},"headline":"Tribunal Superior de Ibagu\u00e9 confirm\u00f3 preclusi\u00f3n en favor de funcionarios de Cortolima, investigados por prevaricato por acci\u00f3n","datePublished":"2019-08-15T14:35:25+00:00","dateModified":"2019-08-15T14:35:25+00:00","mainEntityOfPage":{"@id":"https:\/\/www.fiscalia.gov.co\/colombia\/seccionales\/tribunal-superior-de-ibague-confirmo-preclusion-en-favor-de-funcionarios-de-cortolima-investigados-por-prevaricato-por-accion\/"},"wordCount":375,"publisher":{"@id":"https:\/\/www.fiscalia.gov.co\/colombia\/#organization"},"articleSection":["Corrupci\u00f3n","Seccional Ibagu\u00e9","Seccionales"],"inLanguage":"es-CO"},{"@type":"WebPage","@id":"https:\/\/www.fiscalia.gov.co\/colombia\/seccionales\/tribunal-superior-de-ibague-confirmo-preclusion-en-favor-de-funcionarios-de-cortolima-investigados-por-prevaricato-por-accion\/","url":"https:\/\/www.fiscalia.gov.co\/colombia\/seccionales\/tribunal-superior-de-ibague-confirmo-preclusion-en-favor-de-funcionarios-de-cortolima-investigados-por-prevaricato-por-accion\/","name":"Fiscal\u00eda General de la Naci\u00f3n","isPartOf":{"@id":"https:\/\/www.fiscalia.gov.co\/colombia\/#website"},"datePublished":"2019-08-15T14:35:25+00:00","dateModified":"2019-08-15T14:35:25+00:00","description":"P\u00e1gina oficial de la Fiscal\u00eda General de la Naci\u00f3n \u2013 Colombia. Garantizamos el acceso efectivo a la justicia, la verdad y la reparaci\u00f3n de las v\u00edctimas de los delitos.","breadcrumb":{"@id":"https:\/\/www.fiscalia.gov.co\/colombia\/seccionales\/tribunal-superior-de-ibague-confirmo-preclusion-en-favor-de-funcionarios-de-cortolima-investigados-por-prevaricato-por-accion\/#breadcrumb"},"inLanguage":"es-CO","potentialAction":[{"@type":"ReadAction","target":["https:\/\/www.fiscalia.gov.co\/colombia\/seccionales\/tribunal-superior-de-ibague-confirmo-preclusion-en-favor-de-funcionarios-de-cortolima-investigados-por-prevaricato-por-accion\/"]}]},{"@type":"BreadcrumbList","@id":"https:\/\/www.fiscalia.gov.co\/colombia\/seccionales\/tribunal-superior-de-ibague-confirmo-preclusion-en-favor-de-funcionarios-de-cortolima-investigados-por-prevaricato-por-accion\/#breadcrumb","itemListElement":[{"@type":"ListItem","position":1,"name":"Home","item":"https:\/\/www.fiscalia.gov.co\/colombia\/"},{"@type":"ListItem","position":2,"name":"Tribunal Superior de Ibagu\u00e9 confirm\u00f3 preclusi\u00f3n en favor de funcionarios de Cortolima, investigados por prevaricato por acci\u00f3n"}]},{"@type":"WebSite","@id":"https:\/\/www.fiscalia.gov.co\/colombia\/#website","url":"https:\/\/www.fiscalia.gov.co\/colombia\/","name":"Fiscal\u00eda General de la Naci\u00f3n","description":"P\u00e1gina oficial de la Fiscal\u00eda General de la Naci\u00f3n \u2013 Colombia. Garantizamos el acceso efectivo a la justicia, la verdad y la reparaci\u00f3n de las v\u00edctimas de los delitos.","publisher":{"@id":"https:\/\/www.fiscalia.gov.co\/colombia\/#organization"},"potentialAction":[{"@type":"SearchAction","target":{"@type":"EntryPoint","urlTemplate":"https:\/\/www.fiscalia.gov.co\/colombia\/?s={search_term_string}"},"query-input":{"@type":"PropertyValueSpecification","valueRequired":true,"valueName":"search_term_string"}}],"inLanguage":"es-CO"},{"@type":"Organization","@id":"https:\/\/www.fiscalia.gov.co\/colombia\/#organization","name":"Fiscal\u00eda General de la Naci\u00f3n","url":"https:\/\/www.fiscalia.gov.co\/colombia\/","logo":{"@type":"ImageObject","inLanguage":"es-CO","@id":"https:\/\/www.fiscalia.gov.co\/colombia\/#\/schema\/logo\/image\/","url":"https:\/\/www.fiscalia.gov.co\/colombia\/wp-content\/uploads\/LogoHorizontal_1.jpg","contentUrl":"https:\/\/www.fiscalia.gov.co\/colombia\/wp-content\/uploads\/LogoHorizontal_1.jpg","width":300,"height":90,"caption":"Fiscal\u00eda General de la Naci\u00f3n"},"image":{"@id":"https:\/\/www.fiscalia.gov.co\/colombia\/#\/schema\/logo\/image\/"},"sameAs":["https:\/\/www.facebook.com\/FiscaliaCol","https:\/\/x.com\/FiscaliaCol","https:\/\/www.instagram.com\/fiscaliacol","https:\/\/www.linkedin.com\/company\/fiscalia-general-de-la-naci-n\/","https:\/\/youtube.com\/@fiscaliageneraldelanacion-4668?si=6nN79nyQICPU5iTh"]},{"@type":"Person","@id":"https:\/\/www.fiscalia.gov.co\/colombia\/#\/schema\/person\/6c583a82254e9615e852ba9db84e67ee","name":"Federico Bar\u00f3n","image":{"@type":"ImageObject","inLanguage":"es-CO","@id":"https:\/\/www.fiscalia.gov.co\/colombia\/#\/schema\/person\/image\/","url":"https:\/\/secure.gravatar.com\/avatar\/30ff8ce2c54287c7927de9067165726c?s=96&d=mm&r=g","contentUrl":"https:\/\/secure.gravatar.com\/avatar\/30ff8ce2c54287c7927de9067165726c?s=96&d=mm&r=g","caption":"Federico Bar\u00f3n"},"url":"https:\/\/www.fiscalia.gov.co\/colombia\/author\/fbaron\/"}]}},"_links":{"self":[{"href":"https:\/\/www.fiscalia.gov.co\/colombia\/wp-json\/wp\/v2\/posts\/182733","targetHints":{"allow":["GET"]}}],"collection":[{"href":"https:\/\/www.fiscalia.gov.co\/colombia\/wp-json\/wp\/v2\/posts"}],"about":[{"href":"https:\/\/www.fiscalia.gov.co\/colombia\/wp-json\/wp\/v2\/types\/post"}],"author":[{"embeddable":true,"href":"https:\/\/www.fiscalia.gov.co\/colombia\/wp-json\/wp\/v2\/users\/163"}],"replies":[{"embeddable":true,"href":"https:\/\/www.fiscalia.gov.co\/colombia\/wp-json\/wp\/v2\/comments?post=182733"}],"version-history":[{"count":2,"href":"https:\/\/www.fiscalia.gov.co\/colombia\/wp-json\/wp\/v2\/posts\/182733\/revisions"}],"predecessor-version":[{"id":182735,"href":"https:\/\/www.fiscalia.gov.co\/colombia\/wp-json\/wp\/v2\/posts\/182733\/revisions\/182735"}],"wp:attachment":[{"href":"https:\/\/www.fiscalia.gov.co\/colombia\/wp-json\/wp\/v2\/media?parent=182733"}],"wp:term":[{"taxonomy":"category","embeddable":true,"href":"https:\/\/www.fiscalia.gov.co\/colombia\/wp-json\/wp\/v2\/categories?post=182733"},{"taxonomy":"post_tag","embeddable":true,"href":"https:\/\/www.fiscalia.gov.co\/colombia\/wp-json\/wp\/v2\/tags?post=182733"}],"curies":[{"name":"wp","href":"https:\/\/api.w.org\/{rel}","templated":true}]}}