{"id":182690,"date":"2019-08-14T13:38:20","date_gmt":"2019-08-14T18:38:20","guid":{"rendered":"https:\/\/www.fiscalia.gov.co\/colombia\/?p=182690"},"modified":"2019-08-14T13:38:20","modified_gmt":"2019-08-14T18:38:20","slug":"sustituyen-medida-de-aseguramiento-al-exalcalde-de-santa-rosa-de-cabal-exsecretario-de-planeacion-y-juridico","status":"publish","type":"post","link":"https:\/\/www.fiscalia.gov.co\/colombia\/seccionales\/sustituyen-medida-de-aseguramiento-al-exalcalde-de-santa-rosa-de-cabal-exsecretario-de-planeacion-y-juridico\/","title":{"rendered":"Sustituyen medida de aseguramiento al exalcalde de Santa Rosa de Cabal, exsecretario de Planeaci\u00f3n y Jur\u00eddico"},"content":{"rendered":"<p>Un Juez orden\u00f3 <strong>sustituir la medida<\/strong> de aseguramiento intramuros que pesaba contra Carlos Eduardo Toro \u00c1vila, exalcalde de Santa Rosa de Cabal (Risaralda) y actual candidato a ese cargo, <strong>por una medida domiciliaria<\/strong>. La misma determinaci\u00f3n cobij\u00f3 a\u00a0Ricardo Buitrago Correa, exsecretario de Planeaci\u00f3n de ese municipio y a Gerardo Restrepo Mar\u00edn, asesor jur\u00eddico.<\/p>\n<p>El pasado mes de julio la Fiscal\u00eda\u00a0<strong>le imput\u00f3<\/strong>\u00a0los delitos de contrato sin cumplimiento de los requisitos legales, falsedad ideol\u00f3gica en documento p\u00fablico, prevaricato por acci\u00f3n y peculado por apropiaci\u00f3n al implicado.<\/p>\n<p>Seg\u00fan las investigaciones de la Fiscal\u00eda, el 31 diciembre del 2015 \u2013<strong>\u00faltimo d\u00eda del periodo de administraci\u00f3n del alcalde municipal<\/strong>\u2013 Toro \u00c1vila, en compa\u00f1\u00eda de sus secretarios, al parecer, instrumentalizaron a la secretaria de Gobierno, para entonces, Diana Carolina Ortega, para que firmara un\u00a0<strong>convenio asociativo<\/strong>\u00a0de vivienda de fecha 30 de diciembre de 2015. Este d\u00eda fung\u00eda como alcaldesa encargada.<\/p>\n<p>Los elementos recopilados en las indagaciones evidenciaron que en el convenio se estipul\u00f3 la\u00a0<strong>construcci\u00f3n de 8.051 viviendas VIS<\/strong>\u00a0y, adem\u00e1s a una obligaci\u00f3n legal como es la carga urban\u00edstica se le dio apariencia de aporte. A cargo del municipio estar\u00eda el aporte de los impuestos de delineaci\u00f3n, licencias de urbanismo y de construcci\u00f3n que\u00a0<strong>requer\u00edan la previa y obligatoria autorizaci\u00f3n del Concejo Municipal.<\/strong><\/p>\n<p>Asimismo, se lograron evidenciar presuntas irregularidades. Una de estas se habr\u00eda dado el 31 de diciembre cuando, presuntamente el Secretario de Planeaci\u00f3n expidi\u00f3 la licencia de urbanismo, no cobr\u00f3 el impuesto de delineaci\u00f3n generado a la expedici\u00f3n de la licencia y, en consecuencia, se produjo un detrimento patrimonial\u00a0de\u00a0<strong>599 millones de pesos.<\/strong><\/p>\n<p>Esta decisi\u00f3n de segunda instancia queda en firme por cuanto no proceden recursos de ley.<\/p>\n<p>La Fiscal\u00eda General\u00a0 de la Naci\u00f3n publica esta informaci\u00f3n por razones de inter\u00e9s general.<\/p>\n<p>&nbsp;<\/p>\n<p>CRV\/MAGA<\/p>\n\n<div class=\"twitter-share\"><a href=\"https:\/\/twitter.com\/intent\/tweet?via=fiscaliacol\" class=\"twitter-share-button\">Tweet<\/a><\/div>\n","protected":false},"excerpt":{"rendered":"<p>Un Juez orden\u00f3 sustituir la medida de aseguramiento intramuros que pesaba contra Carlos Eduardo Toro \u00c1vila, exalcalde de Santa Rosa de Cabal (Risaralda) y actual candidato a ese cargo, por [&hellip;]<\/p>\n","protected":false},"author":163,"featured_media":0,"comment_status":"closed","ping_status":"open","sticky":false,"template":"","format":"standard","meta":{"tdm_status":"","tdm_grid_status":"","footnotes":""},"categories":[24107,335,303],"tags":[],"class_list":["post-182690","post","type-post","status-publish","format-standard","category-lucha-contra-corrupcion","category-seccional-pereira","category-seccionales"],"yoast_head":"<!-- This site is optimized with the Yoast SEO plugin v24.3 - https:\/\/yoast.com\/wordpress\/plugins\/seo\/ -->\n<title>Fiscal\u00eda General de la Naci\u00f3n<\/title>\n<meta name=\"description\" content=\"P\u00e1gina oficial de la Fiscal\u00eda General de la Naci\u00f3n \u2013 Colombia. Garantizamos el acceso efectivo a la justicia, la verdad y la reparaci\u00f3n de las v\u00edctimas de los delitos.\" \/>\n<meta name=\"robots\" content=\"noindex, follow\" \/>\n<meta property=\"og:locale\" content=\"es_ES\" \/>\n<meta property=\"og:type\" content=\"article\" \/>\n<meta property=\"og:title\" content=\"Fiscal\u00eda General de la Naci\u00f3n\" \/>\n<meta property=\"og:description\" content=\"P\u00e1gina oficial de la Fiscal\u00eda General de la Naci\u00f3n \u2013 Colombia. Garantizamos el acceso efectivo a la justicia, la verdad y la reparaci\u00f3n de las v\u00edctimas de los delitos.\" \/>\n<meta property=\"og:url\" content=\"https:\/\/www.fiscalia.gov.co\/colombia\/seccionales\/sustituyen-medida-de-aseguramiento-al-exalcalde-de-santa-rosa-de-cabal-exsecretario-de-planeacion-y-juridico\/\" \/>\n<meta property=\"og:site_name\" content=\"Fiscal\u00eda General de la Naci\u00f3n\" \/>\n<meta property=\"article:publisher\" content=\"https:\/\/www.facebook.com\/FiscaliaCol\" \/>\n<meta property=\"article:published_time\" content=\"2019-08-14T18:38:20+00:00\" \/>\n<meta name=\"author\" content=\"Federico Bar\u00f3n\" \/>\n<meta name=\"twitter:card\" content=\"summary_large_image\" \/>\n<meta name=\"twitter:creator\" content=\"@FiscaliaCol\" \/>\n<meta name=\"twitter:site\" content=\"@FiscaliaCol\" \/>\n<meta name=\"twitter:label1\" content=\"Escrito por\" \/>\n\t<meta name=\"twitter:data1\" content=\"Federico Bar\u00f3n\" \/>\n\t<meta name=\"twitter:label2\" content=\"Tiempo de lectura\" \/>\n\t<meta name=\"twitter:data2\" content=\"2 minutos\" \/>\n<script type=\"application\/ld+json\" class=\"yoast-schema-graph\">{\"@context\":\"https:\/\/schema.org\",\"@graph\":[{\"@type\":\"Article\",\"@id\":\"https:\/\/www.fiscalia.gov.co\/colombia\/seccionales\/sustituyen-medida-de-aseguramiento-al-exalcalde-de-santa-rosa-de-cabal-exsecretario-de-planeacion-y-juridico\/#article\",\"isPartOf\":{\"@id\":\"https:\/\/www.fiscalia.gov.co\/colombia\/seccionales\/sustituyen-medida-de-aseguramiento-al-exalcalde-de-santa-rosa-de-cabal-exsecretario-de-planeacion-y-juridico\/\"},\"author\":{\"name\":\"Federico Bar\u00f3n\",\"@id\":\"https:\/\/www.fiscalia.gov.co\/colombia\/#\/schema\/person\/6c583a82254e9615e852ba9db84e67ee\"},\"headline\":\"Sustituyen medida de aseguramiento al exalcalde de Santa Rosa de Cabal, exsecretario de Planeaci\u00f3n y Jur\u00eddico\",\"datePublished\":\"2019-08-14T18:38:20+00:00\",\"dateModified\":\"2019-08-14T18:38:20+00:00\",\"mainEntityOfPage\":{\"@id\":\"https:\/\/www.fiscalia.gov.co\/colombia\/seccionales\/sustituyen-medida-de-aseguramiento-al-exalcalde-de-santa-rosa-de-cabal-exsecretario-de-planeacion-y-juridico\/\"},\"wordCount\":342,\"publisher\":{\"@id\":\"https:\/\/www.fiscalia.gov.co\/colombia\/#organization\"},\"articleSection\":[\"Corrupci\u00f3n\",\"Seccional Pereira\",\"Seccionales\"],\"inLanguage\":\"es-CO\"},{\"@type\":\"WebPage\",\"@id\":\"https:\/\/www.fiscalia.gov.co\/colombia\/seccionales\/sustituyen-medida-de-aseguramiento-al-exalcalde-de-santa-rosa-de-cabal-exsecretario-de-planeacion-y-juridico\/\",\"url\":\"https:\/\/www.fiscalia.gov.co\/colombia\/seccionales\/sustituyen-medida-de-aseguramiento-al-exalcalde-de-santa-rosa-de-cabal-exsecretario-de-planeacion-y-juridico\/\",\"name\":\"Fiscal\u00eda General de la Naci\u00f3n\",\"isPartOf\":{\"@id\":\"https:\/\/www.fiscalia.gov.co\/colombia\/#website\"},\"datePublished\":\"2019-08-14T18:38:20+00:00\",\"dateModified\":\"2019-08-14T18:38:20+00:00\",\"description\":\"P\u00e1gina oficial de la Fiscal\u00eda General de la Naci\u00f3n \u2013 Colombia. Garantizamos el acceso efectivo a la justicia, la verdad y la reparaci\u00f3n de las v\u00edctimas de los delitos.\",\"breadcrumb\":{\"@id\":\"https:\/\/www.fiscalia.gov.co\/colombia\/seccionales\/sustituyen-medida-de-aseguramiento-al-exalcalde-de-santa-rosa-de-cabal-exsecretario-de-planeacion-y-juridico\/#breadcrumb\"},\"inLanguage\":\"es-CO\",\"potentialAction\":[{\"@type\":\"ReadAction\",\"target\":[\"https:\/\/www.fiscalia.gov.co\/colombia\/seccionales\/sustituyen-medida-de-aseguramiento-al-exalcalde-de-santa-rosa-de-cabal-exsecretario-de-planeacion-y-juridico\/\"]}]},{\"@type\":\"BreadcrumbList\",\"@id\":\"https:\/\/www.fiscalia.gov.co\/colombia\/seccionales\/sustituyen-medida-de-aseguramiento-al-exalcalde-de-santa-rosa-de-cabal-exsecretario-de-planeacion-y-juridico\/#breadcrumb\",\"itemListElement\":[{\"@type\":\"ListItem\",\"position\":1,\"name\":\"Home\",\"item\":\"https:\/\/www.fiscalia.gov.co\/colombia\/\"},{\"@type\":\"ListItem\",\"position\":2,\"name\":\"Sustituyen medida de aseguramiento al exalcalde de Santa Rosa de Cabal, exsecretario de Planeaci\u00f3n y Jur\u00eddico\"}]},{\"@type\":\"WebSite\",\"@id\":\"https:\/\/www.fiscalia.gov.co\/colombia\/#website\",\"url\":\"https:\/\/www.fiscalia.gov.co\/colombia\/\",\"name\":\"Fiscal\u00eda General de la Naci\u00f3n\",\"description\":\"P\u00e1gina oficial de la Fiscal\u00eda General de la Naci\u00f3n \u2013 Colombia. Garantizamos el acceso efectivo a la justicia, la verdad y la reparaci\u00f3n de las v\u00edctimas de los delitos.\",\"publisher\":{\"@id\":\"https:\/\/www.fiscalia.gov.co\/colombia\/#organization\"},\"potentialAction\":[{\"@type\":\"SearchAction\",\"target\":{\"@type\":\"EntryPoint\",\"urlTemplate\":\"https:\/\/www.fiscalia.gov.co\/colombia\/?s={search_term_string}\"},\"query-input\":{\"@type\":\"PropertyValueSpecification\",\"valueRequired\":true,\"valueName\":\"search_term_string\"}}],\"inLanguage\":\"es-CO\"},{\"@type\":\"Organization\",\"@id\":\"https:\/\/www.fiscalia.gov.co\/colombia\/#organization\",\"name\":\"Fiscal\u00eda General de la Naci\u00f3n\",\"url\":\"https:\/\/www.fiscalia.gov.co\/colombia\/\",\"logo\":{\"@type\":\"ImageObject\",\"inLanguage\":\"es-CO\",\"@id\":\"https:\/\/www.fiscalia.gov.co\/colombia\/#\/schema\/logo\/image\/\",\"url\":\"https:\/\/www.fiscalia.gov.co\/colombia\/wp-content\/uploads\/LogoHorizontal_1.jpg\",\"contentUrl\":\"https:\/\/www.fiscalia.gov.co\/colombia\/wp-content\/uploads\/LogoHorizontal_1.jpg\",\"width\":300,\"height\":90,\"caption\":\"Fiscal\u00eda General de la Naci\u00f3n\"},\"image\":{\"@id\":\"https:\/\/www.fiscalia.gov.co\/colombia\/#\/schema\/logo\/image\/\"},\"sameAs\":[\"https:\/\/www.facebook.com\/FiscaliaCol\",\"https:\/\/x.com\/FiscaliaCol\",\"https:\/\/www.instagram.com\/fiscaliacol\",\"https:\/\/www.linkedin.com\/company\/fiscalia-general-de-la-naci-n\/\",\"https:\/\/youtube.com\/@fiscaliageneraldelanacion-4668?si=6nN79nyQICPU5iTh\"]},{\"@type\":\"Person\",\"@id\":\"https:\/\/www.fiscalia.gov.co\/colombia\/#\/schema\/person\/6c583a82254e9615e852ba9db84e67ee\",\"name\":\"Federico Bar\u00f3n\",\"image\":{\"@type\":\"ImageObject\",\"inLanguage\":\"es-CO\",\"@id\":\"https:\/\/www.fiscalia.gov.co\/colombia\/#\/schema\/person\/image\/\",\"url\":\"https:\/\/secure.gravatar.com\/avatar\/30ff8ce2c54287c7927de9067165726c?s=96&d=mm&r=g\",\"contentUrl\":\"https:\/\/secure.gravatar.com\/avatar\/30ff8ce2c54287c7927de9067165726c?s=96&d=mm&r=g\",\"caption\":\"Federico Bar\u00f3n\"},\"url\":\"https:\/\/www.fiscalia.gov.co\/colombia\/author\/fbaron\/\"}]}<\/script>\n<!-- \/ Yoast SEO plugin. -->","yoast_head_json":{"title":"Fiscal\u00eda General de la Naci\u00f3n","description":"P\u00e1gina oficial de la Fiscal\u00eda General de la Naci\u00f3n \u2013 Colombia. Garantizamos el acceso efectivo a la justicia, la verdad y la reparaci\u00f3n de las v\u00edctimas de los delitos.","robots":{"index":"noindex","follow":"follow"},"og_locale":"es_ES","og_type":"article","og_title":"Fiscal\u00eda General de la Naci\u00f3n","og_description":"P\u00e1gina oficial de la Fiscal\u00eda General de la Naci\u00f3n \u2013 Colombia. Garantizamos el acceso efectivo a la justicia, la verdad y la reparaci\u00f3n de las v\u00edctimas de los delitos.","og_url":"https:\/\/www.fiscalia.gov.co\/colombia\/seccionales\/sustituyen-medida-de-aseguramiento-al-exalcalde-de-santa-rosa-de-cabal-exsecretario-de-planeacion-y-juridico\/","og_site_name":"Fiscal\u00eda General de la Naci\u00f3n","article_publisher":"https:\/\/www.facebook.com\/FiscaliaCol","article_published_time":"2019-08-14T18:38:20+00:00","author":"Federico Bar\u00f3n","twitter_card":"summary_large_image","twitter_creator":"@FiscaliaCol","twitter_site":"@FiscaliaCol","twitter_misc":{"Escrito por":"Federico Bar\u00f3n","Tiempo de lectura":"2 minutos"},"schema":{"@context":"https:\/\/schema.org","@graph":[{"@type":"Article","@id":"https:\/\/www.fiscalia.gov.co\/colombia\/seccionales\/sustituyen-medida-de-aseguramiento-al-exalcalde-de-santa-rosa-de-cabal-exsecretario-de-planeacion-y-juridico\/#article","isPartOf":{"@id":"https:\/\/www.fiscalia.gov.co\/colombia\/seccionales\/sustituyen-medida-de-aseguramiento-al-exalcalde-de-santa-rosa-de-cabal-exsecretario-de-planeacion-y-juridico\/"},"author":{"name":"Federico Bar\u00f3n","@id":"https:\/\/www.fiscalia.gov.co\/colombia\/#\/schema\/person\/6c583a82254e9615e852ba9db84e67ee"},"headline":"Sustituyen medida de aseguramiento al exalcalde de Santa Rosa de Cabal, exsecretario de Planeaci\u00f3n y Jur\u00eddico","datePublished":"2019-08-14T18:38:20+00:00","dateModified":"2019-08-14T18:38:20+00:00","mainEntityOfPage":{"@id":"https:\/\/www.fiscalia.gov.co\/colombia\/seccionales\/sustituyen-medida-de-aseguramiento-al-exalcalde-de-santa-rosa-de-cabal-exsecretario-de-planeacion-y-juridico\/"},"wordCount":342,"publisher":{"@id":"https:\/\/www.fiscalia.gov.co\/colombia\/#organization"},"articleSection":["Corrupci\u00f3n","Seccional Pereira","Seccionales"],"inLanguage":"es-CO"},{"@type":"WebPage","@id":"https:\/\/www.fiscalia.gov.co\/colombia\/seccionales\/sustituyen-medida-de-aseguramiento-al-exalcalde-de-santa-rosa-de-cabal-exsecretario-de-planeacion-y-juridico\/","url":"https:\/\/www.fiscalia.gov.co\/colombia\/seccionales\/sustituyen-medida-de-aseguramiento-al-exalcalde-de-santa-rosa-de-cabal-exsecretario-de-planeacion-y-juridico\/","name":"Fiscal\u00eda General de la Naci\u00f3n","isPartOf":{"@id":"https:\/\/www.fiscalia.gov.co\/colombia\/#website"},"datePublished":"2019-08-14T18:38:20+00:00","dateModified":"2019-08-14T18:38:20+00:00","description":"P\u00e1gina oficial de la Fiscal\u00eda General de la Naci\u00f3n \u2013 Colombia. Garantizamos el acceso efectivo a la justicia, la verdad y la reparaci\u00f3n de las v\u00edctimas de los delitos.","breadcrumb":{"@id":"https:\/\/www.fiscalia.gov.co\/colombia\/seccionales\/sustituyen-medida-de-aseguramiento-al-exalcalde-de-santa-rosa-de-cabal-exsecretario-de-planeacion-y-juridico\/#breadcrumb"},"inLanguage":"es-CO","potentialAction":[{"@type":"ReadAction","target":["https:\/\/www.fiscalia.gov.co\/colombia\/seccionales\/sustituyen-medida-de-aseguramiento-al-exalcalde-de-santa-rosa-de-cabal-exsecretario-de-planeacion-y-juridico\/"]}]},{"@type":"BreadcrumbList","@id":"https:\/\/www.fiscalia.gov.co\/colombia\/seccionales\/sustituyen-medida-de-aseguramiento-al-exalcalde-de-santa-rosa-de-cabal-exsecretario-de-planeacion-y-juridico\/#breadcrumb","itemListElement":[{"@type":"ListItem","position":1,"name":"Home","item":"https:\/\/www.fiscalia.gov.co\/colombia\/"},{"@type":"ListItem","position":2,"name":"Sustituyen medida de aseguramiento al exalcalde de Santa Rosa de Cabal, exsecretario de Planeaci\u00f3n y Jur\u00eddico"}]},{"@type":"WebSite","@id":"https:\/\/www.fiscalia.gov.co\/colombia\/#website","url":"https:\/\/www.fiscalia.gov.co\/colombia\/","name":"Fiscal\u00eda General de la Naci\u00f3n","description":"P\u00e1gina oficial de la Fiscal\u00eda General de la Naci\u00f3n \u2013 Colombia. Garantizamos el acceso efectivo a la justicia, la verdad y la reparaci\u00f3n de las v\u00edctimas de los delitos.","publisher":{"@id":"https:\/\/www.fiscalia.gov.co\/colombia\/#organization"},"potentialAction":[{"@type":"SearchAction","target":{"@type":"EntryPoint","urlTemplate":"https:\/\/www.fiscalia.gov.co\/colombia\/?s={search_term_string}"},"query-input":{"@type":"PropertyValueSpecification","valueRequired":true,"valueName":"search_term_string"}}],"inLanguage":"es-CO"},{"@type":"Organization","@id":"https:\/\/www.fiscalia.gov.co\/colombia\/#organization","name":"Fiscal\u00eda General de la Naci\u00f3n","url":"https:\/\/www.fiscalia.gov.co\/colombia\/","logo":{"@type":"ImageObject","inLanguage":"es-CO","@id":"https:\/\/www.fiscalia.gov.co\/colombia\/#\/schema\/logo\/image\/","url":"https:\/\/www.fiscalia.gov.co\/colombia\/wp-content\/uploads\/LogoHorizontal_1.jpg","contentUrl":"https:\/\/www.fiscalia.gov.co\/colombia\/wp-content\/uploads\/LogoHorizontal_1.jpg","width":300,"height":90,"caption":"Fiscal\u00eda General de la Naci\u00f3n"},"image":{"@id":"https:\/\/www.fiscalia.gov.co\/colombia\/#\/schema\/logo\/image\/"},"sameAs":["https:\/\/www.facebook.com\/FiscaliaCol","https:\/\/x.com\/FiscaliaCol","https:\/\/www.instagram.com\/fiscaliacol","https:\/\/www.linkedin.com\/company\/fiscalia-general-de-la-naci-n\/","https:\/\/youtube.com\/@fiscaliageneraldelanacion-4668?si=6nN79nyQICPU5iTh"]},{"@type":"Person","@id":"https:\/\/www.fiscalia.gov.co\/colombia\/#\/schema\/person\/6c583a82254e9615e852ba9db84e67ee","name":"Federico Bar\u00f3n","image":{"@type":"ImageObject","inLanguage":"es-CO","@id":"https:\/\/www.fiscalia.gov.co\/colombia\/#\/schema\/person\/image\/","url":"https:\/\/secure.gravatar.com\/avatar\/30ff8ce2c54287c7927de9067165726c?s=96&d=mm&r=g","contentUrl":"https:\/\/secure.gravatar.com\/avatar\/30ff8ce2c54287c7927de9067165726c?s=96&d=mm&r=g","caption":"Federico Bar\u00f3n"},"url":"https:\/\/www.fiscalia.gov.co\/colombia\/author\/fbaron\/"}]}},"_links":{"self":[{"href":"https:\/\/www.fiscalia.gov.co\/colombia\/wp-json\/wp\/v2\/posts\/182690","targetHints":{"allow":["GET"]}}],"collection":[{"href":"https:\/\/www.fiscalia.gov.co\/colombia\/wp-json\/wp\/v2\/posts"}],"about":[{"href":"https:\/\/www.fiscalia.gov.co\/colombia\/wp-json\/wp\/v2\/types\/post"}],"author":[{"embeddable":true,"href":"https:\/\/www.fiscalia.gov.co\/colombia\/wp-json\/wp\/v2\/users\/163"}],"replies":[{"embeddable":true,"href":"https:\/\/www.fiscalia.gov.co\/colombia\/wp-json\/wp\/v2\/comments?post=182690"}],"version-history":[{"count":1,"href":"https:\/\/www.fiscalia.gov.co\/colombia\/wp-json\/wp\/v2\/posts\/182690\/revisions"}],"predecessor-version":[{"id":182691,"href":"https:\/\/www.fiscalia.gov.co\/colombia\/wp-json\/wp\/v2\/posts\/182690\/revisions\/182691"}],"wp:attachment":[{"href":"https:\/\/www.fiscalia.gov.co\/colombia\/wp-json\/wp\/v2\/media?parent=182690"}],"wp:term":[{"taxonomy":"category","embeddable":true,"href":"https:\/\/www.fiscalia.gov.co\/colombia\/wp-json\/wp\/v2\/categories?post=182690"},{"taxonomy":"post_tag","embeddable":true,"href":"https:\/\/www.fiscalia.gov.co\/colombia\/wp-json\/wp\/v2\/tags?post=182690"}],"curies":[{"name":"wp","href":"https:\/\/api.w.org\/{rel}","templated":true}]}}