{"id":182560,"date":"2019-08-12T09:10:00","date_gmt":"2019-08-12T14:10:00","guid":{"rendered":"https:\/\/www.fiscalia.gov.co\/colombia\/?p=182560"},"modified":"2019-08-12T09:10:00","modified_gmt":"2019-08-12T14:10:00","slug":"fiscalia-imputara-cargos-contra-dos-exgobernadores-de-vichada-y-cuatro-personas-mas-por-posibles-anomalias-en-contratacion","status":"publish","type":"post","link":"https:\/\/www.fiscalia.gov.co\/colombia\/corrupcion\/fiscalia-imputara-cargos-contra-dos-exgobernadores-de-vichada-y-cuatro-personas-mas-por-posibles-anomalias-en-contratacion\/","title":{"rendered":"Fiscal\u00eda imputar\u00e1 cargos contra dos exgobernadores de Vichada y cuatro personas m\u00e1s por posibles anomal\u00edas en contrataci\u00f3n"},"content":{"rendered":"<p>Una fiscal\u00eda delegada ante la Corte Suprema de Justicia formular\u00e1 imputaci\u00f3n de cargos, el pr\u00f3ximo 27 de agosto a las 9 de la ma\u00f1ana, a Sergio Andr\u00e9s Espinosa Fl\u00f3rez y Manuel Alberto Villalba Tavera, como presuntos coautores impropio y propio, respectivamente, a t\u00edtulo de dolo, del delito de <strong>contrato sin cumplimiento de requisitos legales<\/strong> en concurso heterog\u00e9neo con <strong>peculado por apropiaci\u00f3n a favor de terceros.<\/strong><strong>\u00a0<\/strong><\/p>\n<p>La investigaci\u00f3n se deriva de las presuntas irregularidades detectadas en un contrato de compraventa celebrado en diciembre de 2015, entre la Uni\u00f3n Temporal Dotaci\u00f3n Vichada y la Gobernaci\u00f3n de Vichada, cuyo objeto era la \u201c<em>dotaci\u00f3n del Centro de Formaci\u00f3n e Investigaci\u00f3n en Energ\u00edas Renovables \u2013 Ciner\u201d<\/em>, por valor de dos mil trescientos dieciocho millones doscientos cuarenta y dos mil setecientos catorce pesos <strong>($2.318\u2019242.714).<\/strong><\/p>\n<p>El ente acusador evidenci\u00f3 un posible <strong>peculado<\/strong> de mil seiscientos un mil millones cuatrocientos cuatro mil ochocientos cuarenta y ocho pesos <strong>($1.601\u2019404.848)<\/strong>, de dicho contrato, en favor de la citada Uni\u00f3n Temporal cuando los hoy investigados ejercieron como <strong>gobernadores del departamento<\/strong> de Vichada durante el per\u00edodo 2012-2015; Espinosa Fl\u00f3rez como titular, y Villalba Tavera, quien se desempe\u00f1aba como secretario de Hacienda Departamental, pero fue delegado y encargado en varias ocasiones.<\/p>\n<p>Por estos mismos hechos, la Direcci\u00f3n Especializada contra la Corrupci\u00f3n ese mismo d\u00eda, a las 4 de la tarde en el Complejo Judicial de Paloquemao, imputar\u00e1 cargos contra:<\/p>\n<ol>\n<li>Exsecretario de Planeaci\u00f3n, Julio C\u00e9sar Fl\u00f3rez, como presunto coautor por los delitos de inter\u00e9s indebido, y peculado a favor de terceros.<\/li>\n<li>Exfefe de Compras y Suministros de la Gobernaci\u00f3n, Carlos Gonz\u00e1lez Arias, por los delitos de inter\u00e9s indebido en la celebraci\u00f3n de contratos, peculado por apropiaci\u00f3n y falsedad ideol\u00f3gica en documento p\u00fablico.<\/li>\n<li>Excontratista C\u00e9sar Zambrano Garnica, en calidad de coautor de los delitos de inter\u00e9s indebido en la celebraci\u00f3n de contratos y peculado por apropiaci\u00f3n.<\/li>\n<li>El particular Manuel Eduardo Torres Robayo, en calidad de coautor de los delitos de inter\u00e9s indebido en la celebraci\u00f3n de contratos y peculado por apropiaci\u00f3n.<\/li>\n<\/ol>\n<p>&nbsp;<\/p>\n<p>La Fiscal\u00eda hace p\u00fablica esta informaci\u00f3n por razones de inter\u00e9s general.<\/p>\n\n<div class=\"twitter-share\"><a href=\"https:\/\/twitter.com\/intent\/tweet?via=fiscaliacol\" class=\"twitter-share-button\">Tweet<\/a><\/div>\n","protected":false},"excerpt":{"rendered":"<p>Una fiscal\u00eda delegada ante la Corte Suprema de Justicia formular\u00e1 imputaci\u00f3n de cargos, el pr\u00f3ximo 27 de agosto a las 9 de la ma\u00f1ana, a Sergio Andr\u00e9s Espinosa Fl\u00f3rez y [&hellip;]<\/p>\n","protected":false},"author":163,"featured_media":0,"comment_status":"closed","ping_status":"open","sticky":false,"template":"","format":"standard","meta":{"tdm_status":"","tdm_grid_status":"","footnotes":""},"categories":[24097,24107],"tags":[],"class_list":["post-182560","post","type-post","status-publish","format-standard","category-corrupcion","category-lucha-contra-corrupcion"],"yoast_head":"<!-- This site is optimized with the Yoast SEO plugin v24.3 - https:\/\/yoast.com\/wordpress\/plugins\/seo\/ -->\n<title>Fiscal\u00eda General de la Naci\u00f3n<\/title>\n<meta name=\"description\" content=\"P\u00e1gina oficial de la Fiscal\u00eda General de la Naci\u00f3n \u2013 Colombia. Garantizamos el acceso efectivo a la justicia, la verdad y la reparaci\u00f3n de las v\u00edctimas de los delitos.\" \/>\n<meta name=\"robots\" content=\"noindex, follow\" \/>\n<meta property=\"og:locale\" content=\"es_ES\" \/>\n<meta property=\"og:type\" content=\"article\" \/>\n<meta property=\"og:title\" content=\"Fiscal\u00eda General de la Naci\u00f3n\" \/>\n<meta property=\"og:description\" content=\"P\u00e1gina oficial de la Fiscal\u00eda General de la Naci\u00f3n \u2013 Colombia. Garantizamos el acceso efectivo a la justicia, la verdad y la reparaci\u00f3n de las v\u00edctimas de los delitos.\" \/>\n<meta property=\"og:url\" content=\"https:\/\/www.fiscalia.gov.co\/colombia\/corrupcion\/fiscalia-imputara-cargos-contra-dos-exgobernadores-de-vichada-y-cuatro-personas-mas-por-posibles-anomalias-en-contratacion\/\" \/>\n<meta property=\"og:site_name\" content=\"Fiscal\u00eda General de la Naci\u00f3n\" \/>\n<meta property=\"article:publisher\" content=\"https:\/\/www.facebook.com\/FiscaliaCol\" \/>\n<meta property=\"article:published_time\" content=\"2019-08-12T14:10:00+00:00\" \/>\n<meta name=\"author\" content=\"Federico Bar\u00f3n\" \/>\n<meta name=\"twitter:card\" content=\"summary_large_image\" \/>\n<meta name=\"twitter:creator\" content=\"@FiscaliaCol\" \/>\n<meta name=\"twitter:site\" content=\"@FiscaliaCol\" \/>\n<meta name=\"twitter:label1\" content=\"Escrito por\" \/>\n\t<meta name=\"twitter:data1\" content=\"Federico Bar\u00f3n\" \/>\n\t<meta name=\"twitter:label2\" content=\"Tiempo de lectura\" \/>\n\t<meta name=\"twitter:data2\" content=\"2 minutos\" \/>\n<script type=\"application\/ld+json\" class=\"yoast-schema-graph\">{\"@context\":\"https:\/\/schema.org\",\"@graph\":[{\"@type\":\"Article\",\"@id\":\"https:\/\/www.fiscalia.gov.co\/colombia\/corrupcion\/fiscalia-imputara-cargos-contra-dos-exgobernadores-de-vichada-y-cuatro-personas-mas-por-posibles-anomalias-en-contratacion\/#article\",\"isPartOf\":{\"@id\":\"https:\/\/www.fiscalia.gov.co\/colombia\/corrupcion\/fiscalia-imputara-cargos-contra-dos-exgobernadores-de-vichada-y-cuatro-personas-mas-por-posibles-anomalias-en-contratacion\/\"},\"author\":{\"name\":\"Federico Bar\u00f3n\",\"@id\":\"https:\/\/www.fiscalia.gov.co\/colombia\/#\/schema\/person\/6c583a82254e9615e852ba9db84e67ee\"},\"headline\":\"Fiscal\u00eda imputar\u00e1 cargos contra dos exgobernadores de Vichada y cuatro personas m\u00e1s por posibles anomal\u00edas en contrataci\u00f3n\",\"datePublished\":\"2019-08-12T14:10:00+00:00\",\"dateModified\":\"2019-08-12T14:10:00+00:00\",\"mainEntityOfPage\":{\"@id\":\"https:\/\/www.fiscalia.gov.co\/colombia\/corrupcion\/fiscalia-imputara-cargos-contra-dos-exgobernadores-de-vichada-y-cuatro-personas-mas-por-posibles-anomalias-en-contratacion\/\"},\"wordCount\":398,\"publisher\":{\"@id\":\"https:\/\/www.fiscalia.gov.co\/colombia\/#organization\"},\"articleSection\":[\"Corrupci\u00f3n\",\"Corrupci\u00f3n\"],\"inLanguage\":\"es-CO\"},{\"@type\":\"WebPage\",\"@id\":\"https:\/\/www.fiscalia.gov.co\/colombia\/corrupcion\/fiscalia-imputara-cargos-contra-dos-exgobernadores-de-vichada-y-cuatro-personas-mas-por-posibles-anomalias-en-contratacion\/\",\"url\":\"https:\/\/www.fiscalia.gov.co\/colombia\/corrupcion\/fiscalia-imputara-cargos-contra-dos-exgobernadores-de-vichada-y-cuatro-personas-mas-por-posibles-anomalias-en-contratacion\/\",\"name\":\"Fiscal\u00eda General de la Naci\u00f3n\",\"isPartOf\":{\"@id\":\"https:\/\/www.fiscalia.gov.co\/colombia\/#website\"},\"datePublished\":\"2019-08-12T14:10:00+00:00\",\"dateModified\":\"2019-08-12T14:10:00+00:00\",\"description\":\"P\u00e1gina oficial de la Fiscal\u00eda General de la Naci\u00f3n \u2013 Colombia. Garantizamos el acceso efectivo a la justicia, la verdad y la reparaci\u00f3n de las v\u00edctimas de los delitos.\",\"breadcrumb\":{\"@id\":\"https:\/\/www.fiscalia.gov.co\/colombia\/corrupcion\/fiscalia-imputara-cargos-contra-dos-exgobernadores-de-vichada-y-cuatro-personas-mas-por-posibles-anomalias-en-contratacion\/#breadcrumb\"},\"inLanguage\":\"es-CO\",\"potentialAction\":[{\"@type\":\"ReadAction\",\"target\":[\"https:\/\/www.fiscalia.gov.co\/colombia\/corrupcion\/fiscalia-imputara-cargos-contra-dos-exgobernadores-de-vichada-y-cuatro-personas-mas-por-posibles-anomalias-en-contratacion\/\"]}]},{\"@type\":\"BreadcrumbList\",\"@id\":\"https:\/\/www.fiscalia.gov.co\/colombia\/corrupcion\/fiscalia-imputara-cargos-contra-dos-exgobernadores-de-vichada-y-cuatro-personas-mas-por-posibles-anomalias-en-contratacion\/#breadcrumb\",\"itemListElement\":[{\"@type\":\"ListItem\",\"position\":1,\"name\":\"Home\",\"item\":\"https:\/\/www.fiscalia.gov.co\/colombia\/\"},{\"@type\":\"ListItem\",\"position\":2,\"name\":\"Fiscal\u00eda imputar\u00e1 cargos contra dos exgobernadores de Vichada y cuatro personas m\u00e1s por posibles anomal\u00edas en contrataci\u00f3n\"}]},{\"@type\":\"WebSite\",\"@id\":\"https:\/\/www.fiscalia.gov.co\/colombia\/#website\",\"url\":\"https:\/\/www.fiscalia.gov.co\/colombia\/\",\"name\":\"Fiscal\u00eda General de la Naci\u00f3n\",\"description\":\"P\u00e1gina oficial de la Fiscal\u00eda General de la Naci\u00f3n \u2013 Colombia. Garantizamos el acceso efectivo a la justicia, la verdad y la reparaci\u00f3n de las v\u00edctimas de los delitos.\",\"publisher\":{\"@id\":\"https:\/\/www.fiscalia.gov.co\/colombia\/#organization\"},\"potentialAction\":[{\"@type\":\"SearchAction\",\"target\":{\"@type\":\"EntryPoint\",\"urlTemplate\":\"https:\/\/www.fiscalia.gov.co\/colombia\/?s={search_term_string}\"},\"query-input\":{\"@type\":\"PropertyValueSpecification\",\"valueRequired\":true,\"valueName\":\"search_term_string\"}}],\"inLanguage\":\"es-CO\"},{\"@type\":\"Organization\",\"@id\":\"https:\/\/www.fiscalia.gov.co\/colombia\/#organization\",\"name\":\"Fiscal\u00eda General de la Naci\u00f3n\",\"url\":\"https:\/\/www.fiscalia.gov.co\/colombia\/\",\"logo\":{\"@type\":\"ImageObject\",\"inLanguage\":\"es-CO\",\"@id\":\"https:\/\/www.fiscalia.gov.co\/colombia\/#\/schema\/logo\/image\/\",\"url\":\"https:\/\/www.fiscalia.gov.co\/colombia\/wp-content\/uploads\/LogoHorizontal_1.jpg\",\"contentUrl\":\"https:\/\/www.fiscalia.gov.co\/colombia\/wp-content\/uploads\/LogoHorizontal_1.jpg\",\"width\":300,\"height\":90,\"caption\":\"Fiscal\u00eda General de la Naci\u00f3n\"},\"image\":{\"@id\":\"https:\/\/www.fiscalia.gov.co\/colombia\/#\/schema\/logo\/image\/\"},\"sameAs\":[\"https:\/\/www.facebook.com\/FiscaliaCol\",\"https:\/\/x.com\/FiscaliaCol\",\"https:\/\/www.instagram.com\/fiscaliacol\",\"https:\/\/www.linkedin.com\/company\/fiscalia-general-de-la-naci-n\/\",\"https:\/\/youtube.com\/@fiscaliageneraldelanacion-4668?si=6nN79nyQICPU5iTh\"]},{\"@type\":\"Person\",\"@id\":\"https:\/\/www.fiscalia.gov.co\/colombia\/#\/schema\/person\/6c583a82254e9615e852ba9db84e67ee\",\"name\":\"Federico Bar\u00f3n\",\"image\":{\"@type\":\"ImageObject\",\"inLanguage\":\"es-CO\",\"@id\":\"https:\/\/www.fiscalia.gov.co\/colombia\/#\/schema\/person\/image\/\",\"url\":\"https:\/\/secure.gravatar.com\/avatar\/30ff8ce2c54287c7927de9067165726c?s=96&d=mm&r=g\",\"contentUrl\":\"https:\/\/secure.gravatar.com\/avatar\/30ff8ce2c54287c7927de9067165726c?s=96&d=mm&r=g\",\"caption\":\"Federico Bar\u00f3n\"},\"url\":\"https:\/\/www.fiscalia.gov.co\/colombia\/author\/fbaron\/\"}]}<\/script>\n<!-- \/ Yoast SEO plugin. -->","yoast_head_json":{"title":"Fiscal\u00eda General de la Naci\u00f3n","description":"P\u00e1gina oficial de la Fiscal\u00eda General de la Naci\u00f3n \u2013 Colombia. Garantizamos el acceso efectivo a la justicia, la verdad y la reparaci\u00f3n de las v\u00edctimas de los delitos.","robots":{"index":"noindex","follow":"follow"},"og_locale":"es_ES","og_type":"article","og_title":"Fiscal\u00eda General de la Naci\u00f3n","og_description":"P\u00e1gina oficial de la Fiscal\u00eda General de la Naci\u00f3n \u2013 Colombia. Garantizamos el acceso efectivo a la justicia, la verdad y la reparaci\u00f3n de las v\u00edctimas de los delitos.","og_url":"https:\/\/www.fiscalia.gov.co\/colombia\/corrupcion\/fiscalia-imputara-cargos-contra-dos-exgobernadores-de-vichada-y-cuatro-personas-mas-por-posibles-anomalias-en-contratacion\/","og_site_name":"Fiscal\u00eda General de la Naci\u00f3n","article_publisher":"https:\/\/www.facebook.com\/FiscaliaCol","article_published_time":"2019-08-12T14:10:00+00:00","author":"Federico Bar\u00f3n","twitter_card":"summary_large_image","twitter_creator":"@FiscaliaCol","twitter_site":"@FiscaliaCol","twitter_misc":{"Escrito por":"Federico Bar\u00f3n","Tiempo de lectura":"2 minutos"},"schema":{"@context":"https:\/\/schema.org","@graph":[{"@type":"Article","@id":"https:\/\/www.fiscalia.gov.co\/colombia\/corrupcion\/fiscalia-imputara-cargos-contra-dos-exgobernadores-de-vichada-y-cuatro-personas-mas-por-posibles-anomalias-en-contratacion\/#article","isPartOf":{"@id":"https:\/\/www.fiscalia.gov.co\/colombia\/corrupcion\/fiscalia-imputara-cargos-contra-dos-exgobernadores-de-vichada-y-cuatro-personas-mas-por-posibles-anomalias-en-contratacion\/"},"author":{"name":"Federico Bar\u00f3n","@id":"https:\/\/www.fiscalia.gov.co\/colombia\/#\/schema\/person\/6c583a82254e9615e852ba9db84e67ee"},"headline":"Fiscal\u00eda imputar\u00e1 cargos contra dos exgobernadores de Vichada y cuatro personas m\u00e1s por posibles anomal\u00edas en contrataci\u00f3n","datePublished":"2019-08-12T14:10:00+00:00","dateModified":"2019-08-12T14:10:00+00:00","mainEntityOfPage":{"@id":"https:\/\/www.fiscalia.gov.co\/colombia\/corrupcion\/fiscalia-imputara-cargos-contra-dos-exgobernadores-de-vichada-y-cuatro-personas-mas-por-posibles-anomalias-en-contratacion\/"},"wordCount":398,"publisher":{"@id":"https:\/\/www.fiscalia.gov.co\/colombia\/#organization"},"articleSection":["Corrupci\u00f3n","Corrupci\u00f3n"],"inLanguage":"es-CO"},{"@type":"WebPage","@id":"https:\/\/www.fiscalia.gov.co\/colombia\/corrupcion\/fiscalia-imputara-cargos-contra-dos-exgobernadores-de-vichada-y-cuatro-personas-mas-por-posibles-anomalias-en-contratacion\/","url":"https:\/\/www.fiscalia.gov.co\/colombia\/corrupcion\/fiscalia-imputara-cargos-contra-dos-exgobernadores-de-vichada-y-cuatro-personas-mas-por-posibles-anomalias-en-contratacion\/","name":"Fiscal\u00eda General de la Naci\u00f3n","isPartOf":{"@id":"https:\/\/www.fiscalia.gov.co\/colombia\/#website"},"datePublished":"2019-08-12T14:10:00+00:00","dateModified":"2019-08-12T14:10:00+00:00","description":"P\u00e1gina oficial de la Fiscal\u00eda General de la Naci\u00f3n \u2013 Colombia. Garantizamos el acceso efectivo a la justicia, la verdad y la reparaci\u00f3n de las v\u00edctimas de los delitos.","breadcrumb":{"@id":"https:\/\/www.fiscalia.gov.co\/colombia\/corrupcion\/fiscalia-imputara-cargos-contra-dos-exgobernadores-de-vichada-y-cuatro-personas-mas-por-posibles-anomalias-en-contratacion\/#breadcrumb"},"inLanguage":"es-CO","potentialAction":[{"@type":"ReadAction","target":["https:\/\/www.fiscalia.gov.co\/colombia\/corrupcion\/fiscalia-imputara-cargos-contra-dos-exgobernadores-de-vichada-y-cuatro-personas-mas-por-posibles-anomalias-en-contratacion\/"]}]},{"@type":"BreadcrumbList","@id":"https:\/\/www.fiscalia.gov.co\/colombia\/corrupcion\/fiscalia-imputara-cargos-contra-dos-exgobernadores-de-vichada-y-cuatro-personas-mas-por-posibles-anomalias-en-contratacion\/#breadcrumb","itemListElement":[{"@type":"ListItem","position":1,"name":"Home","item":"https:\/\/www.fiscalia.gov.co\/colombia\/"},{"@type":"ListItem","position":2,"name":"Fiscal\u00eda imputar\u00e1 cargos contra dos exgobernadores de Vichada y cuatro personas m\u00e1s por posibles anomal\u00edas en contrataci\u00f3n"}]},{"@type":"WebSite","@id":"https:\/\/www.fiscalia.gov.co\/colombia\/#website","url":"https:\/\/www.fiscalia.gov.co\/colombia\/","name":"Fiscal\u00eda General de la Naci\u00f3n","description":"P\u00e1gina oficial de la Fiscal\u00eda General de la Naci\u00f3n \u2013 Colombia. Garantizamos el acceso efectivo a la justicia, la verdad y la reparaci\u00f3n de las v\u00edctimas de los delitos.","publisher":{"@id":"https:\/\/www.fiscalia.gov.co\/colombia\/#organization"},"potentialAction":[{"@type":"SearchAction","target":{"@type":"EntryPoint","urlTemplate":"https:\/\/www.fiscalia.gov.co\/colombia\/?s={search_term_string}"},"query-input":{"@type":"PropertyValueSpecification","valueRequired":true,"valueName":"search_term_string"}}],"inLanguage":"es-CO"},{"@type":"Organization","@id":"https:\/\/www.fiscalia.gov.co\/colombia\/#organization","name":"Fiscal\u00eda General de la Naci\u00f3n","url":"https:\/\/www.fiscalia.gov.co\/colombia\/","logo":{"@type":"ImageObject","inLanguage":"es-CO","@id":"https:\/\/www.fiscalia.gov.co\/colombia\/#\/schema\/logo\/image\/","url":"https:\/\/www.fiscalia.gov.co\/colombia\/wp-content\/uploads\/LogoHorizontal_1.jpg","contentUrl":"https:\/\/www.fiscalia.gov.co\/colombia\/wp-content\/uploads\/LogoHorizontal_1.jpg","width":300,"height":90,"caption":"Fiscal\u00eda General de la Naci\u00f3n"},"image":{"@id":"https:\/\/www.fiscalia.gov.co\/colombia\/#\/schema\/logo\/image\/"},"sameAs":["https:\/\/www.facebook.com\/FiscaliaCol","https:\/\/x.com\/FiscaliaCol","https:\/\/www.instagram.com\/fiscaliacol","https:\/\/www.linkedin.com\/company\/fiscalia-general-de-la-naci-n\/","https:\/\/youtube.com\/@fiscaliageneraldelanacion-4668?si=6nN79nyQICPU5iTh"]},{"@type":"Person","@id":"https:\/\/www.fiscalia.gov.co\/colombia\/#\/schema\/person\/6c583a82254e9615e852ba9db84e67ee","name":"Federico Bar\u00f3n","image":{"@type":"ImageObject","inLanguage":"es-CO","@id":"https:\/\/www.fiscalia.gov.co\/colombia\/#\/schema\/person\/image\/","url":"https:\/\/secure.gravatar.com\/avatar\/30ff8ce2c54287c7927de9067165726c?s=96&d=mm&r=g","contentUrl":"https:\/\/secure.gravatar.com\/avatar\/30ff8ce2c54287c7927de9067165726c?s=96&d=mm&r=g","caption":"Federico Bar\u00f3n"},"url":"https:\/\/www.fiscalia.gov.co\/colombia\/author\/fbaron\/"}]}},"_links":{"self":[{"href":"https:\/\/www.fiscalia.gov.co\/colombia\/wp-json\/wp\/v2\/posts\/182560","targetHints":{"allow":["GET"]}}],"collection":[{"href":"https:\/\/www.fiscalia.gov.co\/colombia\/wp-json\/wp\/v2\/posts"}],"about":[{"href":"https:\/\/www.fiscalia.gov.co\/colombia\/wp-json\/wp\/v2\/types\/post"}],"author":[{"embeddable":true,"href":"https:\/\/www.fiscalia.gov.co\/colombia\/wp-json\/wp\/v2\/users\/163"}],"replies":[{"embeddable":true,"href":"https:\/\/www.fiscalia.gov.co\/colombia\/wp-json\/wp\/v2\/comments?post=182560"}],"version-history":[{"count":1,"href":"https:\/\/www.fiscalia.gov.co\/colombia\/wp-json\/wp\/v2\/posts\/182560\/revisions"}],"predecessor-version":[{"id":182561,"href":"https:\/\/www.fiscalia.gov.co\/colombia\/wp-json\/wp\/v2\/posts\/182560\/revisions\/182561"}],"wp:attachment":[{"href":"https:\/\/www.fiscalia.gov.co\/colombia\/wp-json\/wp\/v2\/media?parent=182560"}],"wp:term":[{"taxonomy":"category","embeddable":true,"href":"https:\/\/www.fiscalia.gov.co\/colombia\/wp-json\/wp\/v2\/categories?post=182560"},{"taxonomy":"post_tag","embeddable":true,"href":"https:\/\/www.fiscalia.gov.co\/colombia\/wp-json\/wp\/v2\/tags?post=182560"}],"curies":[{"name":"wp","href":"https:\/\/api.w.org\/{rel}","templated":true}]}}