{"id":182317,"date":"2019-08-05T11:01:49","date_gmt":"2019-08-05T16:01:49","guid":{"rendered":"https:\/\/www.fiscalia.gov.co\/colombia\/?p=182317"},"modified":"2019-08-05T11:01:49","modified_gmt":"2019-08-05T16:01:49","slug":"desarticulada-red-criminal-senalada-de-alterar-e-ingresar-medicamentos-de-contrabando-al-pais","status":"publish","type":"post","link":"https:\/\/www.fiscalia.gov.co\/colombia\/derechos-humanos\/desarticulada-red-criminal-senalada-de-alterar-e-ingresar-medicamentos-de-contrabando-al-pais\/","title":{"rendered":"Desarticulada red criminal se\u00f1alada de alterar e ingresar medicamentos de contrabando al pa\u00eds"},"content":{"rendered":"<p>Los productos entraban ilegalmente de Venezuela y Ecuador, muchos de ellos vencidos y en mal estado, por lo que eran alterados para darles apariencia de medicamentos aut\u00e9nticos y venderlos en droguer\u00edas de Antioquia y otras zonas del pa\u00eds.<\/p>\n<p>La Fiscal\u00eda General de la Naci\u00f3n avanza en varias l\u00edneas investigativas con el prop\u00f3sito de salvaguardar la salud p\u00fablica de los colombianos y afectar a las estructuras criminales dedicadas al contrabando y falsificaci\u00f3n de medicamentos.<\/p>\n<p>En diligencias cumplidas en Santa Marta, Cartagena y Medell\u00edn, personal de polic\u00eda judicial de la Direcci\u00f3n Especializada contra las Violaciones a los Derechos Humanos captur\u00f3 a 16 presuntos integrantes de una red delincuencial se\u00f1alada de ingresar productos farmac\u00e9uticos vencidos y en mal estado de Ecuador y Venezuela, modificarlos y ponerlos a la venta en droguer\u00edas.<\/p>\n<p>Adem\u00e1s de la desarticulaci\u00f3n de esta organizaci\u00f3n ilegal, los investigadores se incautaron de algo m\u00e1s de tonelada y media de medicamentos que habr\u00edan sido alterados y estaban listos para ser comercializados, y cuyo valor ascender\u00eda a mil millones de pesos.<\/p>\n<p>En las indagaciones se constat\u00f3 que los productos eran movilizados en veh\u00edculos de transporte p\u00fablico y otros automotores que no cumpl\u00edan las condiciones de fr\u00edo ni conservaci\u00f3n, desde los puntos fronterizos hasta casas de familia en Cartagena y Santa Marta donde los alteraban en su composici\u00f3n, empaques, y sellos de fabricaci\u00f3n y de caducidad.<\/p>\n<p>Con una apariencia distinta y de presunta legalidad, la mercanc\u00eda era vendida y enviada en encomiendas a una cadena de farmacias con sede en Antioquia y droguer\u00edas de Medell\u00edn, Envigado, Bello, Sabaneta, Copacabana e Itagu\u00ed, lugares en los que los medicamentos se ofrec\u00edan a precios inferiores a los que normalmente tienen en el mercado.<\/p>\n<p>Entre las medicinas modificadas por esta organizaci\u00f3n hay tratamientos para enfermedades como la hemofilia, diabetes, artritis y c\u00e1ncer, lo mismo que analg\u00e9sicos, antivirales, anticonceptivos, antial\u00e9rgicos, antidiarreicos, antibi\u00f3ticos; entre otras catalogadas de alto costo o de uso institucional.<\/p>\n<p>La Fiscal\u00eda General de la Naci\u00f3n imput\u00f3 a las 16 personas capturadas por los delitos de concierto para delinquir, corrupci\u00f3n de medicamentos, usurpaci\u00f3n de derechos de propiedad industrial (marcas) y enajenaci\u00f3n ilegal de medicamentos. Por disposici\u00f3n del juez de control de garant\u00edas, 7 de los procesados fueron enviados a centros carcelarios y 9 m\u00e1s recibieron medida de detenci\u00f3n domiciliaria.<\/p>\n<p>Este resultado contra las redes dedicadas a la alteraci\u00f3n y contrabando de productos farmac\u00e9uticos fue posible gracias al trabajo articulado de 4 fiscales y 120 investigadores de la Direcci\u00f3n Especializa contra las Violaciones a los Derechos Humanos, que contaron con el apoyo del Ej\u00e9rcito Nacional, peritos de la Secretar\u00eda de Salud de Antioquia, del Invima y de los laboratorios.<\/p>\n<p>La Fiscal\u00eda General de la Naci\u00f3n hace p\u00fablica esta informaci\u00f3n por razones de inter\u00e9s general.<\/p>\n\n<div class=\"twitter-share\"><a href=\"https:\/\/twitter.com\/intent\/tweet?via=fiscaliacol\" class=\"twitter-share-button\">Tweet<\/a><\/div>\n","protected":false},"excerpt":{"rendered":"<p>Los productos entraban ilegalmente de Venezuela y Ecuador, muchos de ellos vencidos y en mal estado, por lo que eran alterados para darles apariencia de medicamentos aut\u00e9nticos y venderlos en droguer\u00edas de Antioquia y otras zonas del pa\u00eds. La Fiscal\u00eda General de la Naci\u00f3n avanza en varias l\u00edneas investigativas con el prop\u00f3sito de salvaguardar la [&hellip;]<\/p>\n","protected":false},"author":163,"featured_media":0,"comment_status":"closed","ping_status":"open","sticky":false,"template":"","format":"standard","meta":{"tdm_status":"","tdm_grid_status":"","footnotes":""},"categories":[24102],"tags":[],"class_list":{"0":"post-182317","1":"post","2":"type-post","3":"status-publish","4":"format-standard","6":"category-derechos-humanos"},"yoast_head":"<!-- This site is optimized with the Yoast SEO plugin v24.3 - https:\/\/yoast.com\/wordpress\/plugins\/seo\/ -->\n<title>Fiscal\u00eda General de la Naci\u00f3n<\/title>\n<meta name=\"description\" content=\"P\u00e1gina oficial de la Fiscal\u00eda General de la Naci\u00f3n \u2013 Colombia. Garantizamos el acceso efectivo a la justicia, la verdad y la reparaci\u00f3n de las v\u00edctimas de los delitos.\" \/>\n<meta name=\"robots\" content=\"noindex, follow\" \/>\n<meta property=\"og:locale\" content=\"es_ES\" \/>\n<meta property=\"og:type\" content=\"article\" \/>\n<meta property=\"og:title\" content=\"Fiscal\u00eda General de la Naci\u00f3n\" \/>\n<meta property=\"og:description\" content=\"P\u00e1gina oficial de la Fiscal\u00eda General de la Naci\u00f3n \u2013 Colombia. Garantizamos el acceso efectivo a la justicia, la verdad y la reparaci\u00f3n de las v\u00edctimas de los delitos.\" \/>\n<meta property=\"og:url\" content=\"https:\/\/www.fiscalia.gov.co\/colombia\/derechos-humanos\/desarticulada-red-criminal-senalada-de-alterar-e-ingresar-medicamentos-de-contrabando-al-pais\/\" \/>\n<meta property=\"og:site_name\" content=\"Fiscal\u00eda General de la Naci\u00f3n\" \/>\n<meta property=\"article:publisher\" content=\"https:\/\/www.facebook.com\/FiscaliaCol\" \/>\n<meta property=\"article:published_time\" content=\"2019-08-05T16:01:49+00:00\" \/>\n<meta name=\"author\" content=\"Federico Bar\u00f3n\" \/>\n<meta name=\"twitter:card\" content=\"summary_large_image\" \/>\n<meta name=\"twitter:creator\" content=\"@FiscaliaCol\" \/>\n<meta name=\"twitter:site\" content=\"@FiscaliaCol\" \/>\n<meta name=\"twitter:label1\" content=\"Escrito por\" \/>\n\t<meta name=\"twitter:data1\" content=\"Federico Bar\u00f3n\" \/>\n\t<meta name=\"twitter:label2\" content=\"Tiempo de lectura\" \/>\n\t<meta name=\"twitter:data2\" content=\"2 minutos\" \/>\n<script type=\"application\/ld+json\" class=\"yoast-schema-graph\">{\"@context\":\"https:\/\/schema.org\",\"@graph\":[{\"@type\":\"Article\",\"@id\":\"https:\/\/www.fiscalia.gov.co\/colombia\/derechos-humanos\/desarticulada-red-criminal-senalada-de-alterar-e-ingresar-medicamentos-de-contrabando-al-pais\/#article\",\"isPartOf\":{\"@id\":\"https:\/\/www.fiscalia.gov.co\/colombia\/derechos-humanos\/desarticulada-red-criminal-senalada-de-alterar-e-ingresar-medicamentos-de-contrabando-al-pais\/\"},\"author\":{\"name\":\"Federico Bar\u00f3n\",\"@id\":\"https:\/\/www.fiscalia.gov.co\/colombia\/#\/schema\/person\/6c583a82254e9615e852ba9db84e67ee\"},\"headline\":\"Desarticulada red criminal se\u00f1alada de alterar e ingresar medicamentos de contrabando al pa\u00eds\",\"datePublished\":\"2019-08-05T16:01:49+00:00\",\"dateModified\":\"2019-08-05T16:01:49+00:00\",\"mainEntityOfPage\":{\"@id\":\"https:\/\/www.fiscalia.gov.co\/colombia\/derechos-humanos\/desarticulada-red-criminal-senalada-de-alterar-e-ingresar-medicamentos-de-contrabando-al-pais\/\"},\"wordCount\":511,\"publisher\":{\"@id\":\"https:\/\/www.fiscalia.gov.co\/colombia\/#organization\"},\"articleSection\":[\"Derechos Humanos\"],\"inLanguage\":\"es-CO\"},{\"@type\":\"WebPage\",\"@id\":\"https:\/\/www.fiscalia.gov.co\/colombia\/derechos-humanos\/desarticulada-red-criminal-senalada-de-alterar-e-ingresar-medicamentos-de-contrabando-al-pais\/\",\"url\":\"https:\/\/www.fiscalia.gov.co\/colombia\/derechos-humanos\/desarticulada-red-criminal-senalada-de-alterar-e-ingresar-medicamentos-de-contrabando-al-pais\/\",\"name\":\"Fiscal\u00eda General de la Naci\u00f3n\",\"isPartOf\":{\"@id\":\"https:\/\/www.fiscalia.gov.co\/colombia\/#website\"},\"datePublished\":\"2019-08-05T16:01:49+00:00\",\"dateModified\":\"2019-08-05T16:01:49+00:00\",\"description\":\"P\u00e1gina oficial de la Fiscal\u00eda General de la Naci\u00f3n \u2013 Colombia. Garantizamos el acceso efectivo a la justicia, la verdad y la reparaci\u00f3n de las v\u00edctimas de los delitos.\",\"breadcrumb\":{\"@id\":\"https:\/\/www.fiscalia.gov.co\/colombia\/derechos-humanos\/desarticulada-red-criminal-senalada-de-alterar-e-ingresar-medicamentos-de-contrabando-al-pais\/#breadcrumb\"},\"inLanguage\":\"es-CO\",\"potentialAction\":[{\"@type\":\"ReadAction\",\"target\":[\"https:\/\/www.fiscalia.gov.co\/colombia\/derechos-humanos\/desarticulada-red-criminal-senalada-de-alterar-e-ingresar-medicamentos-de-contrabando-al-pais\/\"]}]},{\"@type\":\"BreadcrumbList\",\"@id\":\"https:\/\/www.fiscalia.gov.co\/colombia\/derechos-humanos\/desarticulada-red-criminal-senalada-de-alterar-e-ingresar-medicamentos-de-contrabando-al-pais\/#breadcrumb\",\"itemListElement\":[{\"@type\":\"ListItem\",\"position\":1,\"name\":\"Home\",\"item\":\"https:\/\/www.fiscalia.gov.co\/colombia\/\"},{\"@type\":\"ListItem\",\"position\":2,\"name\":\"Desarticulada red criminal se\u00f1alada de alterar e ingresar medicamentos de contrabando al pa\u00eds\"}]},{\"@type\":\"WebSite\",\"@id\":\"https:\/\/www.fiscalia.gov.co\/colombia\/#website\",\"url\":\"https:\/\/www.fiscalia.gov.co\/colombia\/\",\"name\":\"Fiscal\u00eda General de la Naci\u00f3n\",\"description\":\"P\u00e1gina oficial de la Fiscal\u00eda General de la Naci\u00f3n \u2013 Colombia. Garantizamos el acceso efectivo a la justicia, la verdad y la reparaci\u00f3n de las v\u00edctimas de los delitos.\",\"publisher\":{\"@id\":\"https:\/\/www.fiscalia.gov.co\/colombia\/#organization\"},\"potentialAction\":[{\"@type\":\"SearchAction\",\"target\":{\"@type\":\"EntryPoint\",\"urlTemplate\":\"https:\/\/www.fiscalia.gov.co\/colombia\/?s={search_term_string}\"},\"query-input\":{\"@type\":\"PropertyValueSpecification\",\"valueRequired\":true,\"valueName\":\"search_term_string\"}}],\"inLanguage\":\"es-CO\"},{\"@type\":\"Organization\",\"@id\":\"https:\/\/www.fiscalia.gov.co\/colombia\/#organization\",\"name\":\"Fiscal\u00eda General de la Naci\u00f3n\",\"url\":\"https:\/\/www.fiscalia.gov.co\/colombia\/\",\"logo\":{\"@type\":\"ImageObject\",\"inLanguage\":\"es-CO\",\"@id\":\"https:\/\/www.fiscalia.gov.co\/colombia\/#\/schema\/logo\/image\/\",\"url\":\"https:\/\/www.fiscalia.gov.co\/colombia\/wp-content\/uploads\/LogoHorizontal_1.jpg\",\"contentUrl\":\"https:\/\/www.fiscalia.gov.co\/colombia\/wp-content\/uploads\/LogoHorizontal_1.jpg\",\"width\":300,\"height\":90,\"caption\":\"Fiscal\u00eda General de la Naci\u00f3n\"},\"image\":{\"@id\":\"https:\/\/www.fiscalia.gov.co\/colombia\/#\/schema\/logo\/image\/\"},\"sameAs\":[\"https:\/\/www.facebook.com\/FiscaliaCol\",\"https:\/\/x.com\/FiscaliaCol\",\"https:\/\/www.instagram.com\/fiscaliacol\",\"https:\/\/www.linkedin.com\/company\/fiscalia-general-de-la-naci-n\/\",\"https:\/\/youtube.com\/@fiscaliageneraldelanacion-4668?si=6nN79nyQICPU5iTh\"]},{\"@type\":\"Person\",\"@id\":\"https:\/\/www.fiscalia.gov.co\/colombia\/#\/schema\/person\/6c583a82254e9615e852ba9db84e67ee\",\"name\":\"Federico Bar\u00f3n\",\"image\":{\"@type\":\"ImageObject\",\"inLanguage\":\"es-CO\",\"@id\":\"https:\/\/www.fiscalia.gov.co\/colombia\/#\/schema\/person\/image\/\",\"url\":\"https:\/\/secure.gravatar.com\/avatar\/30ff8ce2c54287c7927de9067165726c?s=96&d=mm&r=g\",\"contentUrl\":\"https:\/\/secure.gravatar.com\/avatar\/30ff8ce2c54287c7927de9067165726c?s=96&d=mm&r=g\",\"caption\":\"Federico Bar\u00f3n\"},\"url\":\"https:\/\/www.fiscalia.gov.co\/colombia\/author\/fbaron\/\"}]}<\/script>\n<!-- \/ Yoast SEO plugin. -->","yoast_head_json":{"title":"Fiscal\u00eda General de la Naci\u00f3n","description":"P\u00e1gina oficial de la Fiscal\u00eda General de la Naci\u00f3n \u2013 Colombia. Garantizamos el acceso efectivo a la justicia, la verdad y la reparaci\u00f3n de las v\u00edctimas de los delitos.","robots":{"index":"noindex","follow":"follow"},"og_locale":"es_ES","og_type":"article","og_title":"Fiscal\u00eda General de la Naci\u00f3n","og_description":"P\u00e1gina oficial de la Fiscal\u00eda General de la Naci\u00f3n \u2013 Colombia. Garantizamos el acceso efectivo a la justicia, la verdad y la reparaci\u00f3n de las v\u00edctimas de los delitos.","og_url":"https:\/\/www.fiscalia.gov.co\/colombia\/derechos-humanos\/desarticulada-red-criminal-senalada-de-alterar-e-ingresar-medicamentos-de-contrabando-al-pais\/","og_site_name":"Fiscal\u00eda General de la Naci\u00f3n","article_publisher":"https:\/\/www.facebook.com\/FiscaliaCol","article_published_time":"2019-08-05T16:01:49+00:00","author":"Federico Bar\u00f3n","twitter_card":"summary_large_image","twitter_creator":"@FiscaliaCol","twitter_site":"@FiscaliaCol","twitter_misc":{"Escrito por":"Federico Bar\u00f3n","Tiempo de lectura":"2 minutos"},"schema":{"@context":"https:\/\/schema.org","@graph":[{"@type":"Article","@id":"https:\/\/www.fiscalia.gov.co\/colombia\/derechos-humanos\/desarticulada-red-criminal-senalada-de-alterar-e-ingresar-medicamentos-de-contrabando-al-pais\/#article","isPartOf":{"@id":"https:\/\/www.fiscalia.gov.co\/colombia\/derechos-humanos\/desarticulada-red-criminal-senalada-de-alterar-e-ingresar-medicamentos-de-contrabando-al-pais\/"},"author":{"name":"Federico Bar\u00f3n","@id":"https:\/\/www.fiscalia.gov.co\/colombia\/#\/schema\/person\/6c583a82254e9615e852ba9db84e67ee"},"headline":"Desarticulada red criminal se\u00f1alada de alterar e ingresar medicamentos de contrabando al pa\u00eds","datePublished":"2019-08-05T16:01:49+00:00","dateModified":"2019-08-05T16:01:49+00:00","mainEntityOfPage":{"@id":"https:\/\/www.fiscalia.gov.co\/colombia\/derechos-humanos\/desarticulada-red-criminal-senalada-de-alterar-e-ingresar-medicamentos-de-contrabando-al-pais\/"},"wordCount":511,"publisher":{"@id":"https:\/\/www.fiscalia.gov.co\/colombia\/#organization"},"articleSection":["Derechos Humanos"],"inLanguage":"es-CO"},{"@type":"WebPage","@id":"https:\/\/www.fiscalia.gov.co\/colombia\/derechos-humanos\/desarticulada-red-criminal-senalada-de-alterar-e-ingresar-medicamentos-de-contrabando-al-pais\/","url":"https:\/\/www.fiscalia.gov.co\/colombia\/derechos-humanos\/desarticulada-red-criminal-senalada-de-alterar-e-ingresar-medicamentos-de-contrabando-al-pais\/","name":"Fiscal\u00eda General de la Naci\u00f3n","isPartOf":{"@id":"https:\/\/www.fiscalia.gov.co\/colombia\/#website"},"datePublished":"2019-08-05T16:01:49+00:00","dateModified":"2019-08-05T16:01:49+00:00","description":"P\u00e1gina oficial de la Fiscal\u00eda General de la Naci\u00f3n \u2013 Colombia. Garantizamos el acceso efectivo a la justicia, la verdad y la reparaci\u00f3n de las v\u00edctimas de los delitos.","breadcrumb":{"@id":"https:\/\/www.fiscalia.gov.co\/colombia\/derechos-humanos\/desarticulada-red-criminal-senalada-de-alterar-e-ingresar-medicamentos-de-contrabando-al-pais\/#breadcrumb"},"inLanguage":"es-CO","potentialAction":[{"@type":"ReadAction","target":["https:\/\/www.fiscalia.gov.co\/colombia\/derechos-humanos\/desarticulada-red-criminal-senalada-de-alterar-e-ingresar-medicamentos-de-contrabando-al-pais\/"]}]},{"@type":"BreadcrumbList","@id":"https:\/\/www.fiscalia.gov.co\/colombia\/derechos-humanos\/desarticulada-red-criminal-senalada-de-alterar-e-ingresar-medicamentos-de-contrabando-al-pais\/#breadcrumb","itemListElement":[{"@type":"ListItem","position":1,"name":"Home","item":"https:\/\/www.fiscalia.gov.co\/colombia\/"},{"@type":"ListItem","position":2,"name":"Desarticulada red criminal se\u00f1alada de alterar e ingresar medicamentos de contrabando al pa\u00eds"}]},{"@type":"WebSite","@id":"https:\/\/www.fiscalia.gov.co\/colombia\/#website","url":"https:\/\/www.fiscalia.gov.co\/colombia\/","name":"Fiscal\u00eda General de la Naci\u00f3n","description":"P\u00e1gina oficial de la Fiscal\u00eda General de la Naci\u00f3n \u2013 Colombia. Garantizamos el acceso efectivo a la justicia, la verdad y la reparaci\u00f3n de las v\u00edctimas de los delitos.","publisher":{"@id":"https:\/\/www.fiscalia.gov.co\/colombia\/#organization"},"potentialAction":[{"@type":"SearchAction","target":{"@type":"EntryPoint","urlTemplate":"https:\/\/www.fiscalia.gov.co\/colombia\/?s={search_term_string}"},"query-input":{"@type":"PropertyValueSpecification","valueRequired":true,"valueName":"search_term_string"}}],"inLanguage":"es-CO"},{"@type":"Organization","@id":"https:\/\/www.fiscalia.gov.co\/colombia\/#organization","name":"Fiscal\u00eda General de la Naci\u00f3n","url":"https:\/\/www.fiscalia.gov.co\/colombia\/","logo":{"@type":"ImageObject","inLanguage":"es-CO","@id":"https:\/\/www.fiscalia.gov.co\/colombia\/#\/schema\/logo\/image\/","url":"https:\/\/www.fiscalia.gov.co\/colombia\/wp-content\/uploads\/LogoHorizontal_1.jpg","contentUrl":"https:\/\/www.fiscalia.gov.co\/colombia\/wp-content\/uploads\/LogoHorizontal_1.jpg","width":300,"height":90,"caption":"Fiscal\u00eda General de la Naci\u00f3n"},"image":{"@id":"https:\/\/www.fiscalia.gov.co\/colombia\/#\/schema\/logo\/image\/"},"sameAs":["https:\/\/www.facebook.com\/FiscaliaCol","https:\/\/x.com\/FiscaliaCol","https:\/\/www.instagram.com\/fiscaliacol","https:\/\/www.linkedin.com\/company\/fiscalia-general-de-la-naci-n\/","https:\/\/youtube.com\/@fiscaliageneraldelanacion-4668?si=6nN79nyQICPU5iTh"]},{"@type":"Person","@id":"https:\/\/www.fiscalia.gov.co\/colombia\/#\/schema\/person\/6c583a82254e9615e852ba9db84e67ee","name":"Federico Bar\u00f3n","image":{"@type":"ImageObject","inLanguage":"es-CO","@id":"https:\/\/www.fiscalia.gov.co\/colombia\/#\/schema\/person\/image\/","url":"https:\/\/secure.gravatar.com\/avatar\/30ff8ce2c54287c7927de9067165726c?s=96&d=mm&r=g","contentUrl":"https:\/\/secure.gravatar.com\/avatar\/30ff8ce2c54287c7927de9067165726c?s=96&d=mm&r=g","caption":"Federico Bar\u00f3n"},"url":"https:\/\/www.fiscalia.gov.co\/colombia\/author\/fbaron\/"}]}},"_links":{"self":[{"href":"https:\/\/www.fiscalia.gov.co\/colombia\/wp-json\/wp\/v2\/posts\/182317","targetHints":{"allow":["GET"]}}],"collection":[{"href":"https:\/\/www.fiscalia.gov.co\/colombia\/wp-json\/wp\/v2\/posts"}],"about":[{"href":"https:\/\/www.fiscalia.gov.co\/colombia\/wp-json\/wp\/v2\/types\/post"}],"author":[{"embeddable":true,"href":"https:\/\/www.fiscalia.gov.co\/colombia\/wp-json\/wp\/v2\/users\/163"}],"replies":[{"embeddable":true,"href":"https:\/\/www.fiscalia.gov.co\/colombia\/wp-json\/wp\/v2\/comments?post=182317"}],"version-history":[{"count":1,"href":"https:\/\/www.fiscalia.gov.co\/colombia\/wp-json\/wp\/v2\/posts\/182317\/revisions"}],"predecessor-version":[{"id":182318,"href":"https:\/\/www.fiscalia.gov.co\/colombia\/wp-json\/wp\/v2\/posts\/182317\/revisions\/182318"}],"wp:attachment":[{"href":"https:\/\/www.fiscalia.gov.co\/colombia\/wp-json\/wp\/v2\/media?parent=182317"}],"wp:term":[{"taxonomy":"category","embeddable":true,"href":"https:\/\/www.fiscalia.gov.co\/colombia\/wp-json\/wp\/v2\/categories?post=182317"},{"taxonomy":"post_tag","embeddable":true,"href":"https:\/\/www.fiscalia.gov.co\/colombia\/wp-json\/wp\/v2\/tags?post=182317"}],"curies":[{"name":"wp","href":"https:\/\/api.w.org\/{rel}","templated":true}]}}