{"id":182315,"date":"2019-08-05T11:00:45","date_gmt":"2019-08-05T16:00:45","guid":{"rendered":"https:\/\/www.fiscalia.gov.co\/colombia\/?p=182315"},"modified":"2019-08-05T11:00:45","modified_gmt":"2019-08-05T16:00:45","slug":"gran-ofensiva-contra-el-secuestro-y-la-extorsion-155-capturas","status":"publish","type":"post","link":"https:\/\/www.fiscalia.gov.co\/colombia\/seguridad-territorial\/gran-ofensiva-contra-el-secuestro-y-la-extorsion-155-capturas\/","title":{"rendered":"Gran ofensiva contra el secuestro y la extorsi\u00f3n: 155 capturas"},"content":{"rendered":"<p>La Fiscal\u00eda General de la Naci\u00f3n y la Polic\u00eda Nacional pusieron en marcha esta megaoperaci\u00f3n en municipios de 22 departamentos y tres ciudades capitales. En total se realizaron 50 diligencias de registro y allanamiento en las que, adem\u00e1s de las detenciones, fueron incautados celulares, agendas y otros elementos indispensables para las investigaciones.<\/p>\n<p>La articulaci\u00f3n de capacidades investigativas y operativas de la Delegada para la Seguridad Ciudadana de la Fiscal\u00eda General de la Naci\u00f3n y la Polic\u00eda Nacional, a trav\u00e9s del Gaula, permitieron asestar el mayor golpe de 2019 a las redes criminales dedicadas al secuestro y a la extorsi\u00f3n en todas sus modalidades.<\/p>\n<p>En la ofensiva denominada \u2018Despertar\u2019 participaron 811 unidades de polic\u00eda y 24 fiscales de diferentes seccionales. En total se realizaron 155 capturas en 50 diligencias de registro y allanamiento cumplidas en las ciudades de Bogot\u00e1, Cali y Medell\u00edn; y en varios municipios de Antioquia, Atl\u00e1ntico, Bol\u00edvar, Caquet\u00e1, Casanare, Cauca, Choc\u00f3, C\u00f3rdoba, Cundinamarca, Guajira, Huila, Magdalena, Meta, Nari\u00f1o, Norte de Santander, Putumayo, Quind\u00edo, Risaralda, Tolima,\u00a0 Santander, Sucre y Valle del Cauca, as\u00ed como en la regi\u00f3n de Magdalena Medio.<\/p>\n<p>En los procedimientos fueron impactados los grupos armados organizados ELN, al que le fueron capturados en Norte de Santander cinco de sus presuntos integrantes vinculados a homicidios selectivos, cobro de extorsiones y hurto de hidrocarburos; y Clan del Golfo, con 11 detenciones en los departamentos de C\u00f3rdoba y Antioquia.<\/p>\n<p>Adicionalmente, cerca de 20 organizaciones delincuenciales fueron golpeadas en sus diferentes componentes, algunas son: \u2018Los Diocesanos\u2019 (Huila), \u2018Los Embaucadores\u2019 (Putumayo), \u2018Los Botones\u2019 (Cundinamarca), \u2018Los Transportadores\u2019 (Bogot\u00e1), \u2018Los Tan\u2019 (Quind\u00edo), \u2018Caballo Negro\u2019 (Valle), \u2018Los Malignos\u2019 (Nari\u00f1o), \u2018Los TX\u2019 (Cali), \u2018Los de la Laguna\u2019 (Norte de Santander), \u2018La Bastilla\u2019 (Santander), \u2018Los Mellos\u2019 (Choc\u00f3), \u2018Los Presos\u2019 (Antioquia), \u2018Los Cerveceros\u2019 (Meta), \u2018Los Hugos\u2019 (Casanare), \u2018Los T\u00edos\u2019 (Bol\u00edvar), \u2018Los Camale\u00f3n\u2019 (Magdalena) y \u2018Las T\u00edas\u2019 (La Guajira).<\/p>\n<p>Uno de los casos m\u00e1s destacados de la operaci\u00f3n \u2018Despertar\u2019 se registr\u00f3 en Valle del Cauca. Desde la c\u00e1rcel de Buga, un hombre identificado como Rafael Antonio R\u00edos Ramos, alias Chagualo, se\u00f1alado cabecilla de la banda La Inmaculada, extorsionaba a sus v\u00edctimas vali\u00e9ndose de una mujer de nacionalidad venezolana, identificada como Naycarlis Alejandra Brice\u00f1o Bonilla, quien ejerc\u00eda actividades de tipo sexual en las zonas de rumba de Tulu\u00e1.<\/p>\n<p>\u2018Chagualo\u2019 habr\u00eda aprovechado la condici\u00f3n de ilegal de la mujer para convertirla en su pareja y c\u00f3mplice. Ella, ser\u00eda la encargada de abordar a las v\u00edctimas en discotecas para sacarles informaci\u00f3n que, posteriormente, era entregada a la organizaci\u00f3n delictiva para realizar extorsiones que pod\u00edan llegar a los 40 millones de pesos.<\/p>\n<p>De otra parte, en Antioquia se hicieron efectivas otras 14 capturas de presuntos integrantes del \u2018Combo Sim\u00f3n Bol\u00edvar\u2019, se\u00f1alados de extorsionar a comerciantes y transportadores de la regi\u00f3n.<\/p>\n<p>En las audiencias concentradas, la Fiscal\u00eda logr\u00f3 que los jueces de control de garant\u00edas impusieran medidas de aseguramiento privativas de la libertada a 89% de los 155 capturados en la operaci\u00f3n \u2018Despertar\u2019.<\/p>\n<p>La Polic\u00eda Nacional y la Fiscal\u00eda General de la Naci\u00f3n recuerdan que, a trav\u00e9s del aplicativo \u2018ADenunciar\u2019, disponible en las p\u00e1ginas web de las dos entidades (<a href=\"http:\/\/www.policia.gov.co\/\">www.policia.gov.co<\/a> &#8211; <a href=\"http:\/\/www.fiscalia.gov.co\/\">www.fiscalia.gov.co<\/a>), la ciudadan\u00eda puede denunciar si es v\u00edctima de extorsi\u00f3n. Asimismo, est\u00e1 habilitada la l\u00ednea Antisecuestro y Antiextorsi\u00f3n 165.<\/p>\n<p>&nbsp;<\/p>\n<p>La Fiscal\u00eda General de la Naci\u00f3n hace p\u00fablica esta informaci\u00f3n por razones de inter\u00e9s general.<\/p>\n\n<div class=\"twitter-share\"><a href=\"https:\/\/twitter.com\/intent\/tweet?via=fiscaliacol\" class=\"twitter-share-button\">Tweet<\/a><\/div>\n","protected":false},"excerpt":{"rendered":"<p>La Fiscal\u00eda General de la Naci\u00f3n y la Polic\u00eda Nacional pusieron en marcha esta megaoperaci\u00f3n en municipios de 22 departamentos y tres ciudades capitales. En total se realizaron 50 diligencias de registro y allanamiento en las que, adem\u00e1s de las detenciones, fueron incautados celulares, agendas y otros elementos indispensables para las investigaciones. La articulaci\u00f3n de [&hellip;]<\/p>\n","protected":false},"author":163,"featured_media":0,"comment_status":"closed","ping_status":"open","sticky":false,"template":"","format":"standard","meta":{"_price":"","_stock":"","_tribe_ticket_header":"","_tribe_default_ticket_provider":"","_tribe_ticket_capacity":"0","_ticket_start_date":"","_ticket_end_date":"","_tribe_ticket_show_description":"","_tribe_ticket_show_not_going":false,"_tribe_ticket_use_global_stock":"","_tribe_ticket_global_stock_level":"","_global_stock_mode":"","_global_stock_cap":"","_tribe_rsvp_for_event":"","_tribe_ticket_going_count":"","_tribe_ticket_not_going_count":"","_tribe_tickets_list":"[]","_tribe_ticket_has_attendee_info_fields":false,"tdm_status":"","tdm_grid_status":"","footnotes":""},"categories":[24099],"tags":[],"class_list":{"0":"post-182315","1":"post","2":"type-post","3":"status-publish","4":"format-standard","6":"category-seguridad-territorial"},"yoast_head":"<!-- This site is optimized with the Yoast SEO plugin v24.3 - https:\/\/yoast.com\/wordpress\/plugins\/seo\/ -->\n<title>Fiscal\u00eda General de la Naci\u00f3n<\/title>\n<meta name=\"description\" content=\"P\u00e1gina oficial de la Fiscal\u00eda General de la Naci\u00f3n \u2013 Colombia. Garantizamos el acceso efectivo a la justicia, la verdad y la reparaci\u00f3n de las v\u00edctimas de los delitos.\" \/>\n<meta name=\"robots\" content=\"noindex, follow\" \/>\n<meta property=\"og:locale\" content=\"es_ES\" \/>\n<meta property=\"og:type\" content=\"article\" \/>\n<meta property=\"og:title\" content=\"Fiscal\u00eda General de la Naci\u00f3n\" \/>\n<meta property=\"og:description\" content=\"P\u00e1gina oficial de la Fiscal\u00eda General de la Naci\u00f3n \u2013 Colombia. Garantizamos el acceso efectivo a la justicia, la verdad y la reparaci\u00f3n de las v\u00edctimas de los delitos.\" \/>\n<meta property=\"og:url\" content=\"https:\/\/www.fiscalia.gov.co\/colombia\/seguridad-territorial\/gran-ofensiva-contra-el-secuestro-y-la-extorsion-155-capturas\/\" \/>\n<meta property=\"og:site_name\" content=\"Fiscal\u00eda General de la Naci\u00f3n\" \/>\n<meta property=\"article:publisher\" content=\"https:\/\/www.facebook.com\/FiscaliaCol\" \/>\n<meta property=\"article:published_time\" content=\"2019-08-05T16:00:45+00:00\" \/>\n<meta name=\"author\" content=\"Federico Bar\u00f3n\" \/>\n<meta name=\"twitter:card\" content=\"summary_large_image\" \/>\n<meta name=\"twitter:creator\" content=\"@FiscaliaCol\" \/>\n<meta name=\"twitter:site\" content=\"@FiscaliaCol\" \/>\n<meta name=\"twitter:label1\" content=\"Escrito por\" \/>\n\t<meta name=\"twitter:data1\" content=\"Federico Bar\u00f3n\" \/>\n\t<meta name=\"twitter:label2\" content=\"Tiempo de lectura\" \/>\n\t<meta name=\"twitter:data2\" content=\"3 minutos\" \/>\n<script type=\"application\/ld+json\" class=\"yoast-schema-graph\">{\"@context\":\"https:\/\/schema.org\",\"@graph\":[{\"@type\":\"Article\",\"@id\":\"https:\/\/www.fiscalia.gov.co\/colombia\/seguridad-territorial\/gran-ofensiva-contra-el-secuestro-y-la-extorsion-155-capturas\/#article\",\"isPartOf\":{\"@id\":\"https:\/\/www.fiscalia.gov.co\/colombia\/seguridad-territorial\/gran-ofensiva-contra-el-secuestro-y-la-extorsion-155-capturas\/\"},\"author\":{\"name\":\"Federico Bar\u00f3n\",\"@id\":\"https:\/\/www.fiscalia.gov.co\/colombia\/#\/schema\/person\/6c583a82254e9615e852ba9db84e67ee\"},\"headline\":\"Gran ofensiva contra el secuestro y la extorsi\u00f3n: 155 capturas\",\"datePublished\":\"2019-08-05T16:00:45+00:00\",\"dateModified\":\"2019-08-05T16:00:45+00:00\",\"mainEntityOfPage\":{\"@id\":\"https:\/\/www.fiscalia.gov.co\/colombia\/seguridad-territorial\/gran-ofensiva-contra-el-secuestro-y-la-extorsion-155-capturas\/\"},\"wordCount\":610,\"publisher\":{\"@id\":\"https:\/\/www.fiscalia.gov.co\/colombia\/#organization\"},\"articleSection\":[\"Seguridad territorial\"],\"inLanguage\":\"es-CO\"},{\"@type\":\"WebPage\",\"@id\":\"https:\/\/www.fiscalia.gov.co\/colombia\/seguridad-territorial\/gran-ofensiva-contra-el-secuestro-y-la-extorsion-155-capturas\/\",\"url\":\"https:\/\/www.fiscalia.gov.co\/colombia\/seguridad-territorial\/gran-ofensiva-contra-el-secuestro-y-la-extorsion-155-capturas\/\",\"name\":\"Fiscal\u00eda General de la Naci\u00f3n\",\"isPartOf\":{\"@id\":\"https:\/\/www.fiscalia.gov.co\/colombia\/#website\"},\"datePublished\":\"2019-08-05T16:00:45+00:00\",\"dateModified\":\"2019-08-05T16:00:45+00:00\",\"description\":\"P\u00e1gina oficial de la Fiscal\u00eda General de la Naci\u00f3n \u2013 Colombia. Garantizamos el acceso efectivo a la justicia, la verdad y la reparaci\u00f3n de las v\u00edctimas de los delitos.\",\"breadcrumb\":{\"@id\":\"https:\/\/www.fiscalia.gov.co\/colombia\/seguridad-territorial\/gran-ofensiva-contra-el-secuestro-y-la-extorsion-155-capturas\/#breadcrumb\"},\"inLanguage\":\"es-CO\",\"potentialAction\":[{\"@type\":\"ReadAction\",\"target\":[\"https:\/\/www.fiscalia.gov.co\/colombia\/seguridad-territorial\/gran-ofensiva-contra-el-secuestro-y-la-extorsion-155-capturas\/\"]}]},{\"@type\":\"BreadcrumbList\",\"@id\":\"https:\/\/www.fiscalia.gov.co\/colombia\/seguridad-territorial\/gran-ofensiva-contra-el-secuestro-y-la-extorsion-155-capturas\/#breadcrumb\",\"itemListElement\":[{\"@type\":\"ListItem\",\"position\":1,\"name\":\"Home\",\"item\":\"https:\/\/www.fiscalia.gov.co\/colombia\/\"},{\"@type\":\"ListItem\",\"position\":2,\"name\":\"Gran ofensiva contra el secuestro y la extorsi\u00f3n: 155 capturas\"}]},{\"@type\":\"WebSite\",\"@id\":\"https:\/\/www.fiscalia.gov.co\/colombia\/#website\",\"url\":\"https:\/\/www.fiscalia.gov.co\/colombia\/\",\"name\":\"Fiscal\u00eda General de la Naci\u00f3n\",\"description\":\"P\u00e1gina oficial de la Fiscal\u00eda General de la Naci\u00f3n \u2013 Colombia. Garantizamos el acceso efectivo a la justicia, la verdad y la reparaci\u00f3n de las v\u00edctimas de los delitos.\",\"publisher\":{\"@id\":\"https:\/\/www.fiscalia.gov.co\/colombia\/#organization\"},\"potentialAction\":[{\"@type\":\"SearchAction\",\"target\":{\"@type\":\"EntryPoint\",\"urlTemplate\":\"https:\/\/www.fiscalia.gov.co\/colombia\/?s={search_term_string}\"},\"query-input\":{\"@type\":\"PropertyValueSpecification\",\"valueRequired\":true,\"valueName\":\"search_term_string\"}}],\"inLanguage\":\"es-CO\"},{\"@type\":\"Organization\",\"@id\":\"https:\/\/www.fiscalia.gov.co\/colombia\/#organization\",\"name\":\"Fiscal\u00eda General de la Naci\u00f3n\",\"url\":\"https:\/\/www.fiscalia.gov.co\/colombia\/\",\"logo\":{\"@type\":\"ImageObject\",\"inLanguage\":\"es-CO\",\"@id\":\"https:\/\/www.fiscalia.gov.co\/colombia\/#\/schema\/logo\/image\/\",\"url\":\"https:\/\/www.fiscalia.gov.co\/colombia\/wp-content\/uploads\/LogoHorizontal_1.jpg\",\"contentUrl\":\"https:\/\/www.fiscalia.gov.co\/colombia\/wp-content\/uploads\/LogoHorizontal_1.jpg\",\"width\":300,\"height\":90,\"caption\":\"Fiscal\u00eda General de la Naci\u00f3n\"},\"image\":{\"@id\":\"https:\/\/www.fiscalia.gov.co\/colombia\/#\/schema\/logo\/image\/\"},\"sameAs\":[\"https:\/\/www.facebook.com\/FiscaliaCol\",\"https:\/\/x.com\/FiscaliaCol\",\"https:\/\/www.instagram.com\/fiscaliacol\",\"https:\/\/www.linkedin.com\/company\/fiscalia-general-de-la-naci-n\/\",\"https:\/\/youtube.com\/@fiscaliageneraldelanacion-4668?si=6nN79nyQICPU5iTh\"]},{\"@type\":\"Person\",\"@id\":\"https:\/\/www.fiscalia.gov.co\/colombia\/#\/schema\/person\/6c583a82254e9615e852ba9db84e67ee\",\"name\":\"Federico Bar\u00f3n\",\"image\":{\"@type\":\"ImageObject\",\"inLanguage\":\"es-CO\",\"@id\":\"https:\/\/www.fiscalia.gov.co\/colombia\/#\/schema\/person\/image\/\",\"url\":\"https:\/\/secure.gravatar.com\/avatar\/30ff8ce2c54287c7927de9067165726c?s=96&d=mm&r=g\",\"contentUrl\":\"https:\/\/secure.gravatar.com\/avatar\/30ff8ce2c54287c7927de9067165726c?s=96&d=mm&r=g\",\"caption\":\"Federico Bar\u00f3n\"},\"url\":\"https:\/\/www.fiscalia.gov.co\/colombia\/author\/fbaron\/\"}]}<\/script>\n<!-- \/ Yoast SEO plugin. -->","yoast_head_json":{"title":"Fiscal\u00eda General de la Naci\u00f3n","description":"P\u00e1gina oficial de la Fiscal\u00eda General de la Naci\u00f3n \u2013 Colombia. Garantizamos el acceso efectivo a la justicia, la verdad y la reparaci\u00f3n de las v\u00edctimas de los delitos.","robots":{"index":"noindex","follow":"follow"},"og_locale":"es_ES","og_type":"article","og_title":"Fiscal\u00eda General de la Naci\u00f3n","og_description":"P\u00e1gina oficial de la Fiscal\u00eda General de la Naci\u00f3n \u2013 Colombia. Garantizamos el acceso efectivo a la justicia, la verdad y la reparaci\u00f3n de las v\u00edctimas de los delitos.","og_url":"https:\/\/www.fiscalia.gov.co\/colombia\/seguridad-territorial\/gran-ofensiva-contra-el-secuestro-y-la-extorsion-155-capturas\/","og_site_name":"Fiscal\u00eda General de la Naci\u00f3n","article_publisher":"https:\/\/www.facebook.com\/FiscaliaCol","article_published_time":"2019-08-05T16:00:45+00:00","author":"Federico Bar\u00f3n","twitter_card":"summary_large_image","twitter_creator":"@FiscaliaCol","twitter_site":"@FiscaliaCol","twitter_misc":{"Escrito por":"Federico Bar\u00f3n","Tiempo de lectura":"3 minutos"},"schema":{"@context":"https:\/\/schema.org","@graph":[{"@type":"Article","@id":"https:\/\/www.fiscalia.gov.co\/colombia\/seguridad-territorial\/gran-ofensiva-contra-el-secuestro-y-la-extorsion-155-capturas\/#article","isPartOf":{"@id":"https:\/\/www.fiscalia.gov.co\/colombia\/seguridad-territorial\/gran-ofensiva-contra-el-secuestro-y-la-extorsion-155-capturas\/"},"author":{"name":"Federico Bar\u00f3n","@id":"https:\/\/www.fiscalia.gov.co\/colombia\/#\/schema\/person\/6c583a82254e9615e852ba9db84e67ee"},"headline":"Gran ofensiva contra el secuestro y la extorsi\u00f3n: 155 capturas","datePublished":"2019-08-05T16:00:45+00:00","dateModified":"2019-08-05T16:00:45+00:00","mainEntityOfPage":{"@id":"https:\/\/www.fiscalia.gov.co\/colombia\/seguridad-territorial\/gran-ofensiva-contra-el-secuestro-y-la-extorsion-155-capturas\/"},"wordCount":610,"publisher":{"@id":"https:\/\/www.fiscalia.gov.co\/colombia\/#organization"},"articleSection":["Seguridad territorial"],"inLanguage":"es-CO"},{"@type":"WebPage","@id":"https:\/\/www.fiscalia.gov.co\/colombia\/seguridad-territorial\/gran-ofensiva-contra-el-secuestro-y-la-extorsion-155-capturas\/","url":"https:\/\/www.fiscalia.gov.co\/colombia\/seguridad-territorial\/gran-ofensiva-contra-el-secuestro-y-la-extorsion-155-capturas\/","name":"Fiscal\u00eda General de la Naci\u00f3n","isPartOf":{"@id":"https:\/\/www.fiscalia.gov.co\/colombia\/#website"},"datePublished":"2019-08-05T16:00:45+00:00","dateModified":"2019-08-05T16:00:45+00:00","description":"P\u00e1gina oficial de la Fiscal\u00eda General de la Naci\u00f3n \u2013 Colombia. Garantizamos el acceso efectivo a la justicia, la verdad y la reparaci\u00f3n de las v\u00edctimas de los delitos.","breadcrumb":{"@id":"https:\/\/www.fiscalia.gov.co\/colombia\/seguridad-territorial\/gran-ofensiva-contra-el-secuestro-y-la-extorsion-155-capturas\/#breadcrumb"},"inLanguage":"es-CO","potentialAction":[{"@type":"ReadAction","target":["https:\/\/www.fiscalia.gov.co\/colombia\/seguridad-territorial\/gran-ofensiva-contra-el-secuestro-y-la-extorsion-155-capturas\/"]}]},{"@type":"BreadcrumbList","@id":"https:\/\/www.fiscalia.gov.co\/colombia\/seguridad-territorial\/gran-ofensiva-contra-el-secuestro-y-la-extorsion-155-capturas\/#breadcrumb","itemListElement":[{"@type":"ListItem","position":1,"name":"Home","item":"https:\/\/www.fiscalia.gov.co\/colombia\/"},{"@type":"ListItem","position":2,"name":"Gran ofensiva contra el secuestro y la extorsi\u00f3n: 155 capturas"}]},{"@type":"WebSite","@id":"https:\/\/www.fiscalia.gov.co\/colombia\/#website","url":"https:\/\/www.fiscalia.gov.co\/colombia\/","name":"Fiscal\u00eda General de la Naci\u00f3n","description":"P\u00e1gina oficial de la Fiscal\u00eda General de la Naci\u00f3n \u2013 Colombia. Garantizamos el acceso efectivo a la justicia, la verdad y la reparaci\u00f3n de las v\u00edctimas de los delitos.","publisher":{"@id":"https:\/\/www.fiscalia.gov.co\/colombia\/#organization"},"potentialAction":[{"@type":"SearchAction","target":{"@type":"EntryPoint","urlTemplate":"https:\/\/www.fiscalia.gov.co\/colombia\/?s={search_term_string}"},"query-input":{"@type":"PropertyValueSpecification","valueRequired":true,"valueName":"search_term_string"}}],"inLanguage":"es-CO"},{"@type":"Organization","@id":"https:\/\/www.fiscalia.gov.co\/colombia\/#organization","name":"Fiscal\u00eda General de la Naci\u00f3n","url":"https:\/\/www.fiscalia.gov.co\/colombia\/","logo":{"@type":"ImageObject","inLanguage":"es-CO","@id":"https:\/\/www.fiscalia.gov.co\/colombia\/#\/schema\/logo\/image\/","url":"https:\/\/www.fiscalia.gov.co\/colombia\/wp-content\/uploads\/LogoHorizontal_1.jpg","contentUrl":"https:\/\/www.fiscalia.gov.co\/colombia\/wp-content\/uploads\/LogoHorizontal_1.jpg","width":300,"height":90,"caption":"Fiscal\u00eda General de la Naci\u00f3n"},"image":{"@id":"https:\/\/www.fiscalia.gov.co\/colombia\/#\/schema\/logo\/image\/"},"sameAs":["https:\/\/www.facebook.com\/FiscaliaCol","https:\/\/x.com\/FiscaliaCol","https:\/\/www.instagram.com\/fiscaliacol","https:\/\/www.linkedin.com\/company\/fiscalia-general-de-la-naci-n\/","https:\/\/youtube.com\/@fiscaliageneraldelanacion-4668?si=6nN79nyQICPU5iTh"]},{"@type":"Person","@id":"https:\/\/www.fiscalia.gov.co\/colombia\/#\/schema\/person\/6c583a82254e9615e852ba9db84e67ee","name":"Federico Bar\u00f3n","image":{"@type":"ImageObject","inLanguage":"es-CO","@id":"https:\/\/www.fiscalia.gov.co\/colombia\/#\/schema\/person\/image\/","url":"https:\/\/secure.gravatar.com\/avatar\/30ff8ce2c54287c7927de9067165726c?s=96&d=mm&r=g","contentUrl":"https:\/\/secure.gravatar.com\/avatar\/30ff8ce2c54287c7927de9067165726c?s=96&d=mm&r=g","caption":"Federico Bar\u00f3n"},"url":"https:\/\/www.fiscalia.gov.co\/colombia\/author\/fbaron\/"}]}},"_links":{"self":[{"href":"https:\/\/www.fiscalia.gov.co\/colombia\/wp-json\/wp\/v2\/posts\/182315","targetHints":{"allow":["GET"]}}],"collection":[{"href":"https:\/\/www.fiscalia.gov.co\/colombia\/wp-json\/wp\/v2\/posts"}],"about":[{"href":"https:\/\/www.fiscalia.gov.co\/colombia\/wp-json\/wp\/v2\/types\/post"}],"author":[{"embeddable":true,"href":"https:\/\/www.fiscalia.gov.co\/colombia\/wp-json\/wp\/v2\/users\/163"}],"replies":[{"embeddable":true,"href":"https:\/\/www.fiscalia.gov.co\/colombia\/wp-json\/wp\/v2\/comments?post=182315"}],"version-history":[{"count":1,"href":"https:\/\/www.fiscalia.gov.co\/colombia\/wp-json\/wp\/v2\/posts\/182315\/revisions"}],"predecessor-version":[{"id":182316,"href":"https:\/\/www.fiscalia.gov.co\/colombia\/wp-json\/wp\/v2\/posts\/182315\/revisions\/182316"}],"wp:attachment":[{"href":"https:\/\/www.fiscalia.gov.co\/colombia\/wp-json\/wp\/v2\/media?parent=182315"}],"wp:term":[{"taxonomy":"category","embeddable":true,"href":"https:\/\/www.fiscalia.gov.co\/colombia\/wp-json\/wp\/v2\/categories?post=182315"},{"taxonomy":"post_tag","embeddable":true,"href":"https:\/\/www.fiscalia.gov.co\/colombia\/wp-json\/wp\/v2\/tags?post=182315"}],"curies":[{"name":"wp","href":"https:\/\/api.w.org\/{rel}","templated":true}]}}