{"id":182205,"date":"2019-08-02T09:38:35","date_gmt":"2019-08-02T14:38:35","guid":{"rendered":"https:\/\/www.fiscalia.gov.co\/colombia\/?p=182205"},"modified":"2019-08-02T09:38:35","modified_gmt":"2019-08-02T14:38:35","slug":"asegurados-militares-activos-y-retirados-por-presuntos-actos-de-corrupcion-administrativa-en-la-cuarta-brigada-del-ejercito-nacional","status":"publish","type":"post","link":"https:\/\/www.fiscalia.gov.co\/colombia\/seccionales\/asegurados-militares-activos-y-retirados-por-presuntos-actos-de-corrupcion-administrativa-en-la-cuarta-brigada-del-ejercito-nacional\/","title":{"rendered":"Asegurados militares activos y retirados por presuntos actos de corrupci\u00f3n administrativa en la cuarta brigada del ej\u00e9rcito nacional"},"content":{"rendered":"<p><i>A la investigaci\u00f3n tambi\u00e9n est\u00e1n vinculados tres civiles que habr\u00edan firmado contratos irregulares por un valor superior a los 3.500 millones de pesos.<\/i><\/p>\n<p>Por solicitud de la Fiscal\u00eda General de la Naci\u00f3n, el Juzgado 30 Penal Municipal de Medell\u00edn, con funciones de control de garant\u00edas, impuso medida de aseguramiento intramuros contra el teniente coronel retirado y exjefe del Batall\u00f3n de Servicios N\u00famero 4 de la Cuarta Brigada del Ej\u00e9rcito Nacional, Harol Felipe P\u00e1ez Roa, como presunto responsable de\u00a0 inter\u00e9s indebido en la celebraci\u00f3n de contratos, cohecho propio, falsedad ideol\u00f3gica en documento p\u00fablico y contrato sin el cumplimiento de los requisitos legales.<\/p>\n<p>Con la misma decisi\u00f3n fueron afectados el excapit\u00e1n Guerly Alex\u00e1nder Carrera Arias y el contratista Samir Fernando Garc\u00eda Buitrago.<\/p>\n<p>El fallador tambi\u00e9n dict\u00f3 medida de aseguramiento en su lugar de domicilio en contra del contratista Jaime Alberto Ram\u00edrez D\u00edaz, el capit\u00e1n y supervisor de contratos Jonathan Bonilla Bonilla, el teniente coronel activo y supervisor de contratos Alex\u00e1nder Carvajal Urquijo, el mayor en ejercicio y jefe de presupuesto del Batall\u00f3n de servicios Edwin Eduardo Carrillo Pacheco, as\u00ed como el sargento primero y almacenista Jhon Henry Roncancio Rodr\u00edguez.<\/p>\n<p>Frente a Ana Luc\u00eda Posada Valencia, contratista y esposa de Garc\u00eda Buitrago, el juez se abstuvo de imponer medida de aseguramiento y orden\u00f3 su libertad inmediata, pero contin\u00faa vinculada al proceso por el delito de contrato sin cumplimiento de los requisitos legales, en calidad de interviniente.<\/p>\n<p>La libertad de la se\u00f1ora Posada Valencia se produjo porque los investigadores establecieron que Garc\u00eda Buitrago, su compa\u00f1ero sentimental, ser\u00eda quien al parecer falsific\u00f3 su firma en numerosas oportunidades para celebrar y ejecutar los contratos.<\/p>\n<p>De acuerdo con la investigaci\u00f3n adelantada por un fiscal de la Unidad de Delitos contra la Administraci\u00f3n P\u00fablica, durante los meses de marzo, abril y mayo del a\u00f1o 2016, P\u00e1ez Roa, quien fung\u00eda como ordenador del gasto del citado batall\u00f3n, habr\u00eda favorecido con millonarios contratos a las empresas Distrilog\u00edstica PG S.AS., representada legalmente por la se\u00f1ora Posada Valencia; al Almac\u00e9n El Infante, representada por el excapit\u00e1n del Ej\u00e9rcito, Guerly Alex\u00e1nder Carrera Arias, y\u00a0 Motoveh\u00edculos S.A.S,\u00a0 cuyo representante legal era Jaime Alberto Ram\u00edrez D\u00edaz, para que suministrara a esa unidad militar, servicios y bienes para su funcionamiento.<\/p>\n<p>Los investigadores del CTI determinaron que a dichas empresas les habr\u00edan entregado, de manera anticipada, informaci\u00f3n privilegiada para que se quedaran con los citados contratos, a cambio de entregar al oficial el equivalente al 10% de los convenios. Se estableci\u00f3 adem\u00e1s que en numerosas ocasiones se habr\u00edan falsificado documentos p\u00fablicos, como actas y planillas, para quedarse con los millonarios contratos.<\/p>\n<p>Ninguno de los procesados se allan\u00f3 a los cargos imputados. El delegado de la Procuradur\u00eda y los defensores de todos los afectados con medidas restrictivas de la libertad apelaron la decisi\u00f3n de primera instancia ante los jueces penales del circuito de Medell\u00edn.<\/p>\n<p>La Fiscal\u00eda hace p\u00fablica esta informaci\u00f3n por razones de inter\u00e9s general.<\/p>\n<p>&nbsp;<\/p>\n<p>LFML\/DLBM<\/p>\n\n<div class=\"twitter-share\"><a href=\"https:\/\/twitter.com\/intent\/tweet?via=fiscaliacol\" class=\"twitter-share-button\">Tweet<\/a><\/div>\n","protected":false},"excerpt":{"rendered":"<p>A la investigaci\u00f3n tambi\u00e9n est\u00e1n vinculados tres civiles que habr\u00edan firmado contratos irregulares por un valor superior a los 3.500 millones de pesos. Por solicitud de la Fiscal\u00eda General de [&hellip;]<\/p>\n","protected":false},"author":163,"featured_media":0,"comment_status":"closed","ping_status":"open","sticky":false,"template":"","format":"standard","meta":{"tdm_status":"","tdm_grid_status":"","footnotes":""},"categories":[24107,331,303],"tags":[],"class_list":["post-182205","post","type-post","status-publish","format-standard","category-lucha-contra-corrupcion","category-seccional-medellin","category-seccionales"],"yoast_head":"<!-- This site is optimized with the Yoast SEO plugin v24.3 - https:\/\/yoast.com\/wordpress\/plugins\/seo\/ -->\n<title>Fiscal\u00eda General de la Naci\u00f3n<\/title>\n<meta name=\"description\" content=\"P\u00e1gina oficial de la Fiscal\u00eda General de la Naci\u00f3n \u2013 Colombia. Garantizamos el acceso efectivo a la justicia, la verdad y la reparaci\u00f3n de las v\u00edctimas de los delitos.\" \/>\n<meta name=\"robots\" content=\"noindex, follow\" \/>\n<meta property=\"og:locale\" content=\"es_ES\" \/>\n<meta property=\"og:type\" content=\"article\" \/>\n<meta property=\"og:title\" content=\"Fiscal\u00eda General de la Naci\u00f3n\" \/>\n<meta property=\"og:description\" content=\"P\u00e1gina oficial de la Fiscal\u00eda General de la Naci\u00f3n \u2013 Colombia. Garantizamos el acceso efectivo a la justicia, la verdad y la reparaci\u00f3n de las v\u00edctimas de los delitos.\" \/>\n<meta property=\"og:url\" content=\"https:\/\/www.fiscalia.gov.co\/colombia\/seccionales\/asegurados-militares-activos-y-retirados-por-presuntos-actos-de-corrupcion-administrativa-en-la-cuarta-brigada-del-ejercito-nacional\/\" \/>\n<meta property=\"og:site_name\" content=\"Fiscal\u00eda General de la Naci\u00f3n\" \/>\n<meta property=\"article:publisher\" content=\"https:\/\/www.facebook.com\/FiscaliaCol\" \/>\n<meta property=\"article:published_time\" content=\"2019-08-02T14:38:35+00:00\" \/>\n<meta name=\"author\" content=\"Federico Bar\u00f3n\" \/>\n<meta name=\"twitter:card\" content=\"summary_large_image\" \/>\n<meta name=\"twitter:creator\" content=\"@FiscaliaCol\" \/>\n<meta name=\"twitter:site\" content=\"@FiscaliaCol\" \/>\n<meta name=\"twitter:label1\" content=\"Escrito por\" \/>\n\t<meta name=\"twitter:data1\" content=\"Federico Bar\u00f3n\" \/>\n\t<meta name=\"twitter:label2\" content=\"Tiempo de lectura\" \/>\n\t<meta name=\"twitter:data2\" content=\"3 minutos\" \/>\n<script type=\"application\/ld+json\" class=\"yoast-schema-graph\">{\"@context\":\"https:\/\/schema.org\",\"@graph\":[{\"@type\":\"Article\",\"@id\":\"https:\/\/www.fiscalia.gov.co\/colombia\/seccionales\/asegurados-militares-activos-y-retirados-por-presuntos-actos-de-corrupcion-administrativa-en-la-cuarta-brigada-del-ejercito-nacional\/#article\",\"isPartOf\":{\"@id\":\"https:\/\/www.fiscalia.gov.co\/colombia\/seccionales\/asegurados-militares-activos-y-retirados-por-presuntos-actos-de-corrupcion-administrativa-en-la-cuarta-brigada-del-ejercito-nacional\/\"},\"author\":{\"name\":\"Federico Bar\u00f3n\",\"@id\":\"https:\/\/www.fiscalia.gov.co\/colombia\/#\/schema\/person\/6c583a82254e9615e852ba9db84e67ee\"},\"headline\":\"Asegurados militares activos y retirados por presuntos actos de corrupci\u00f3n administrativa en la cuarta brigada del ej\u00e9rcito nacional\",\"datePublished\":\"2019-08-02T14:38:35+00:00\",\"dateModified\":\"2019-08-02T14:38:35+00:00\",\"mainEntityOfPage\":{\"@id\":\"https:\/\/www.fiscalia.gov.co\/colombia\/seccionales\/asegurados-militares-activos-y-retirados-por-presuntos-actos-de-corrupcion-administrativa-en-la-cuarta-brigada-del-ejercito-nacional\/\"},\"wordCount\":561,\"publisher\":{\"@id\":\"https:\/\/www.fiscalia.gov.co\/colombia\/#organization\"},\"articleSection\":[\"Corrupci\u00f3n\",\"Seccional Medell\u00edn\",\"Seccionales\"],\"inLanguage\":\"es-CO\"},{\"@type\":\"WebPage\",\"@id\":\"https:\/\/www.fiscalia.gov.co\/colombia\/seccionales\/asegurados-militares-activos-y-retirados-por-presuntos-actos-de-corrupcion-administrativa-en-la-cuarta-brigada-del-ejercito-nacional\/\",\"url\":\"https:\/\/www.fiscalia.gov.co\/colombia\/seccionales\/asegurados-militares-activos-y-retirados-por-presuntos-actos-de-corrupcion-administrativa-en-la-cuarta-brigada-del-ejercito-nacional\/\",\"name\":\"Fiscal\u00eda General de la Naci\u00f3n\",\"isPartOf\":{\"@id\":\"https:\/\/www.fiscalia.gov.co\/colombia\/#website\"},\"datePublished\":\"2019-08-02T14:38:35+00:00\",\"dateModified\":\"2019-08-02T14:38:35+00:00\",\"description\":\"P\u00e1gina oficial de la Fiscal\u00eda General de la Naci\u00f3n \u2013 Colombia. Garantizamos el acceso efectivo a la justicia, la verdad y la reparaci\u00f3n de las v\u00edctimas de los delitos.\",\"breadcrumb\":{\"@id\":\"https:\/\/www.fiscalia.gov.co\/colombia\/seccionales\/asegurados-militares-activos-y-retirados-por-presuntos-actos-de-corrupcion-administrativa-en-la-cuarta-brigada-del-ejercito-nacional\/#breadcrumb\"},\"inLanguage\":\"es-CO\",\"potentialAction\":[{\"@type\":\"ReadAction\",\"target\":[\"https:\/\/www.fiscalia.gov.co\/colombia\/seccionales\/asegurados-militares-activos-y-retirados-por-presuntos-actos-de-corrupcion-administrativa-en-la-cuarta-brigada-del-ejercito-nacional\/\"]}]},{\"@type\":\"BreadcrumbList\",\"@id\":\"https:\/\/www.fiscalia.gov.co\/colombia\/seccionales\/asegurados-militares-activos-y-retirados-por-presuntos-actos-de-corrupcion-administrativa-en-la-cuarta-brigada-del-ejercito-nacional\/#breadcrumb\",\"itemListElement\":[{\"@type\":\"ListItem\",\"position\":1,\"name\":\"Home\",\"item\":\"https:\/\/www.fiscalia.gov.co\/colombia\/\"},{\"@type\":\"ListItem\",\"position\":2,\"name\":\"Asegurados militares activos y retirados por presuntos actos de corrupci\u00f3n administrativa en la cuarta brigada del ej\u00e9rcito nacional\"}]},{\"@type\":\"WebSite\",\"@id\":\"https:\/\/www.fiscalia.gov.co\/colombia\/#website\",\"url\":\"https:\/\/www.fiscalia.gov.co\/colombia\/\",\"name\":\"Fiscal\u00eda General de la Naci\u00f3n\",\"description\":\"P\u00e1gina oficial de la Fiscal\u00eda General de la Naci\u00f3n \u2013 Colombia. Garantizamos el acceso efectivo a la justicia, la verdad y la reparaci\u00f3n de las v\u00edctimas de los delitos.\",\"publisher\":{\"@id\":\"https:\/\/www.fiscalia.gov.co\/colombia\/#organization\"},\"potentialAction\":[{\"@type\":\"SearchAction\",\"target\":{\"@type\":\"EntryPoint\",\"urlTemplate\":\"https:\/\/www.fiscalia.gov.co\/colombia\/?s={search_term_string}\"},\"query-input\":{\"@type\":\"PropertyValueSpecification\",\"valueRequired\":true,\"valueName\":\"search_term_string\"}}],\"inLanguage\":\"es-CO\"},{\"@type\":\"Organization\",\"@id\":\"https:\/\/www.fiscalia.gov.co\/colombia\/#organization\",\"name\":\"Fiscal\u00eda General de la Naci\u00f3n\",\"url\":\"https:\/\/www.fiscalia.gov.co\/colombia\/\",\"logo\":{\"@type\":\"ImageObject\",\"inLanguage\":\"es-CO\",\"@id\":\"https:\/\/www.fiscalia.gov.co\/colombia\/#\/schema\/logo\/image\/\",\"url\":\"https:\/\/www.fiscalia.gov.co\/colombia\/wp-content\/uploads\/LogoHorizontal_1.jpg\",\"contentUrl\":\"https:\/\/www.fiscalia.gov.co\/colombia\/wp-content\/uploads\/LogoHorizontal_1.jpg\",\"width\":300,\"height\":90,\"caption\":\"Fiscal\u00eda General de la Naci\u00f3n\"},\"image\":{\"@id\":\"https:\/\/www.fiscalia.gov.co\/colombia\/#\/schema\/logo\/image\/\"},\"sameAs\":[\"https:\/\/www.facebook.com\/FiscaliaCol\",\"https:\/\/x.com\/FiscaliaCol\",\"https:\/\/www.instagram.com\/fiscaliacol\",\"https:\/\/www.linkedin.com\/company\/fiscalia-general-de-la-naci-n\/\",\"https:\/\/youtube.com\/@fiscaliageneraldelanacion-4668?si=6nN79nyQICPU5iTh\"]},{\"@type\":\"Person\",\"@id\":\"https:\/\/www.fiscalia.gov.co\/colombia\/#\/schema\/person\/6c583a82254e9615e852ba9db84e67ee\",\"name\":\"Federico Bar\u00f3n\",\"image\":{\"@type\":\"ImageObject\",\"inLanguage\":\"es-CO\",\"@id\":\"https:\/\/www.fiscalia.gov.co\/colombia\/#\/schema\/person\/image\/\",\"url\":\"https:\/\/secure.gravatar.com\/avatar\/30ff8ce2c54287c7927de9067165726c?s=96&d=mm&r=g\",\"contentUrl\":\"https:\/\/secure.gravatar.com\/avatar\/30ff8ce2c54287c7927de9067165726c?s=96&d=mm&r=g\",\"caption\":\"Federico Bar\u00f3n\"},\"url\":\"https:\/\/www.fiscalia.gov.co\/colombia\/author\/fbaron\/\"}]}<\/script>\n<!-- \/ Yoast SEO plugin. -->","yoast_head_json":{"title":"Fiscal\u00eda General de la Naci\u00f3n","description":"P\u00e1gina oficial de la Fiscal\u00eda General de la Naci\u00f3n \u2013 Colombia. Garantizamos el acceso efectivo a la justicia, la verdad y la reparaci\u00f3n de las v\u00edctimas de los delitos.","robots":{"index":"noindex","follow":"follow"},"og_locale":"es_ES","og_type":"article","og_title":"Fiscal\u00eda General de la Naci\u00f3n","og_description":"P\u00e1gina oficial de la Fiscal\u00eda General de la Naci\u00f3n \u2013 Colombia. Garantizamos el acceso efectivo a la justicia, la verdad y la reparaci\u00f3n de las v\u00edctimas de los delitos.","og_url":"https:\/\/www.fiscalia.gov.co\/colombia\/seccionales\/asegurados-militares-activos-y-retirados-por-presuntos-actos-de-corrupcion-administrativa-en-la-cuarta-brigada-del-ejercito-nacional\/","og_site_name":"Fiscal\u00eda General de la Naci\u00f3n","article_publisher":"https:\/\/www.facebook.com\/FiscaliaCol","article_published_time":"2019-08-02T14:38:35+00:00","author":"Federico Bar\u00f3n","twitter_card":"summary_large_image","twitter_creator":"@FiscaliaCol","twitter_site":"@FiscaliaCol","twitter_misc":{"Escrito por":"Federico Bar\u00f3n","Tiempo de lectura":"3 minutos"},"schema":{"@context":"https:\/\/schema.org","@graph":[{"@type":"Article","@id":"https:\/\/www.fiscalia.gov.co\/colombia\/seccionales\/asegurados-militares-activos-y-retirados-por-presuntos-actos-de-corrupcion-administrativa-en-la-cuarta-brigada-del-ejercito-nacional\/#article","isPartOf":{"@id":"https:\/\/www.fiscalia.gov.co\/colombia\/seccionales\/asegurados-militares-activos-y-retirados-por-presuntos-actos-de-corrupcion-administrativa-en-la-cuarta-brigada-del-ejercito-nacional\/"},"author":{"name":"Federico Bar\u00f3n","@id":"https:\/\/www.fiscalia.gov.co\/colombia\/#\/schema\/person\/6c583a82254e9615e852ba9db84e67ee"},"headline":"Asegurados militares activos y retirados por presuntos actos de corrupci\u00f3n administrativa en la cuarta brigada del ej\u00e9rcito nacional","datePublished":"2019-08-02T14:38:35+00:00","dateModified":"2019-08-02T14:38:35+00:00","mainEntityOfPage":{"@id":"https:\/\/www.fiscalia.gov.co\/colombia\/seccionales\/asegurados-militares-activos-y-retirados-por-presuntos-actos-de-corrupcion-administrativa-en-la-cuarta-brigada-del-ejercito-nacional\/"},"wordCount":561,"publisher":{"@id":"https:\/\/www.fiscalia.gov.co\/colombia\/#organization"},"articleSection":["Corrupci\u00f3n","Seccional Medell\u00edn","Seccionales"],"inLanguage":"es-CO"},{"@type":"WebPage","@id":"https:\/\/www.fiscalia.gov.co\/colombia\/seccionales\/asegurados-militares-activos-y-retirados-por-presuntos-actos-de-corrupcion-administrativa-en-la-cuarta-brigada-del-ejercito-nacional\/","url":"https:\/\/www.fiscalia.gov.co\/colombia\/seccionales\/asegurados-militares-activos-y-retirados-por-presuntos-actos-de-corrupcion-administrativa-en-la-cuarta-brigada-del-ejercito-nacional\/","name":"Fiscal\u00eda General de la Naci\u00f3n","isPartOf":{"@id":"https:\/\/www.fiscalia.gov.co\/colombia\/#website"},"datePublished":"2019-08-02T14:38:35+00:00","dateModified":"2019-08-02T14:38:35+00:00","description":"P\u00e1gina oficial de la Fiscal\u00eda General de la Naci\u00f3n \u2013 Colombia. Garantizamos el acceso efectivo a la justicia, la verdad y la reparaci\u00f3n de las v\u00edctimas de los delitos.","breadcrumb":{"@id":"https:\/\/www.fiscalia.gov.co\/colombia\/seccionales\/asegurados-militares-activos-y-retirados-por-presuntos-actos-de-corrupcion-administrativa-en-la-cuarta-brigada-del-ejercito-nacional\/#breadcrumb"},"inLanguage":"es-CO","potentialAction":[{"@type":"ReadAction","target":["https:\/\/www.fiscalia.gov.co\/colombia\/seccionales\/asegurados-militares-activos-y-retirados-por-presuntos-actos-de-corrupcion-administrativa-en-la-cuarta-brigada-del-ejercito-nacional\/"]}]},{"@type":"BreadcrumbList","@id":"https:\/\/www.fiscalia.gov.co\/colombia\/seccionales\/asegurados-militares-activos-y-retirados-por-presuntos-actos-de-corrupcion-administrativa-en-la-cuarta-brigada-del-ejercito-nacional\/#breadcrumb","itemListElement":[{"@type":"ListItem","position":1,"name":"Home","item":"https:\/\/www.fiscalia.gov.co\/colombia\/"},{"@type":"ListItem","position":2,"name":"Asegurados militares activos y retirados por presuntos actos de corrupci\u00f3n administrativa en la cuarta brigada del ej\u00e9rcito nacional"}]},{"@type":"WebSite","@id":"https:\/\/www.fiscalia.gov.co\/colombia\/#website","url":"https:\/\/www.fiscalia.gov.co\/colombia\/","name":"Fiscal\u00eda General de la Naci\u00f3n","description":"P\u00e1gina oficial de la Fiscal\u00eda General de la Naci\u00f3n \u2013 Colombia. Garantizamos el acceso efectivo a la justicia, la verdad y la reparaci\u00f3n de las v\u00edctimas de los delitos.","publisher":{"@id":"https:\/\/www.fiscalia.gov.co\/colombia\/#organization"},"potentialAction":[{"@type":"SearchAction","target":{"@type":"EntryPoint","urlTemplate":"https:\/\/www.fiscalia.gov.co\/colombia\/?s={search_term_string}"},"query-input":{"@type":"PropertyValueSpecification","valueRequired":true,"valueName":"search_term_string"}}],"inLanguage":"es-CO"},{"@type":"Organization","@id":"https:\/\/www.fiscalia.gov.co\/colombia\/#organization","name":"Fiscal\u00eda General de la Naci\u00f3n","url":"https:\/\/www.fiscalia.gov.co\/colombia\/","logo":{"@type":"ImageObject","inLanguage":"es-CO","@id":"https:\/\/www.fiscalia.gov.co\/colombia\/#\/schema\/logo\/image\/","url":"https:\/\/www.fiscalia.gov.co\/colombia\/wp-content\/uploads\/LogoHorizontal_1.jpg","contentUrl":"https:\/\/www.fiscalia.gov.co\/colombia\/wp-content\/uploads\/LogoHorizontal_1.jpg","width":300,"height":90,"caption":"Fiscal\u00eda General de la Naci\u00f3n"},"image":{"@id":"https:\/\/www.fiscalia.gov.co\/colombia\/#\/schema\/logo\/image\/"},"sameAs":["https:\/\/www.facebook.com\/FiscaliaCol","https:\/\/x.com\/FiscaliaCol","https:\/\/www.instagram.com\/fiscaliacol","https:\/\/www.linkedin.com\/company\/fiscalia-general-de-la-naci-n\/","https:\/\/youtube.com\/@fiscaliageneraldelanacion-4668?si=6nN79nyQICPU5iTh"]},{"@type":"Person","@id":"https:\/\/www.fiscalia.gov.co\/colombia\/#\/schema\/person\/6c583a82254e9615e852ba9db84e67ee","name":"Federico Bar\u00f3n","image":{"@type":"ImageObject","inLanguage":"es-CO","@id":"https:\/\/www.fiscalia.gov.co\/colombia\/#\/schema\/person\/image\/","url":"https:\/\/secure.gravatar.com\/avatar\/30ff8ce2c54287c7927de9067165726c?s=96&d=mm&r=g","contentUrl":"https:\/\/secure.gravatar.com\/avatar\/30ff8ce2c54287c7927de9067165726c?s=96&d=mm&r=g","caption":"Federico Bar\u00f3n"},"url":"https:\/\/www.fiscalia.gov.co\/colombia\/author\/fbaron\/"}]}},"_links":{"self":[{"href":"https:\/\/www.fiscalia.gov.co\/colombia\/wp-json\/wp\/v2\/posts\/182205","targetHints":{"allow":["GET"]}}],"collection":[{"href":"https:\/\/www.fiscalia.gov.co\/colombia\/wp-json\/wp\/v2\/posts"}],"about":[{"href":"https:\/\/www.fiscalia.gov.co\/colombia\/wp-json\/wp\/v2\/types\/post"}],"author":[{"embeddable":true,"href":"https:\/\/www.fiscalia.gov.co\/colombia\/wp-json\/wp\/v2\/users\/163"}],"replies":[{"embeddable":true,"href":"https:\/\/www.fiscalia.gov.co\/colombia\/wp-json\/wp\/v2\/comments?post=182205"}],"version-history":[{"count":1,"href":"https:\/\/www.fiscalia.gov.co\/colombia\/wp-json\/wp\/v2\/posts\/182205\/revisions"}],"predecessor-version":[{"id":182207,"href":"https:\/\/www.fiscalia.gov.co\/colombia\/wp-json\/wp\/v2\/posts\/182205\/revisions\/182207"}],"wp:attachment":[{"href":"https:\/\/www.fiscalia.gov.co\/colombia\/wp-json\/wp\/v2\/media?parent=182205"}],"wp:term":[{"taxonomy":"category","embeddable":true,"href":"https:\/\/www.fiscalia.gov.co\/colombia\/wp-json\/wp\/v2\/categories?post=182205"},{"taxonomy":"post_tag","embeddable":true,"href":"https:\/\/www.fiscalia.gov.co\/colombia\/wp-json\/wp\/v2\/tags?post=182205"}],"curies":[{"name":"wp","href":"https:\/\/api.w.org\/{rel}","templated":true}]}}