{"id":182145,"date":"2019-07-31T17:27:07","date_gmt":"2019-07-31T22:27:07","guid":{"rendered":"https:\/\/www.fiscalia.gov.co\/colombia\/?p=182145"},"modified":"2019-07-31T17:27:07","modified_gmt":"2019-07-31T22:27:07","slug":"fiscalia-capturo-a-presunto-asesino-de-dos-hermanos-en-los-montes-de-maria-bolivar","status":"publish","type":"post","link":"https:\/\/www.fiscalia.gov.co\/colombia\/seccionales\/fiscalia-capturo-a-presunto-asesino-de-dos-hermanos-en-los-montes-de-maria-bolivar\/","title":{"rendered":"Fiscal\u00eda captur\u00f3 a presunto asesino de dos hermanos en los Montes de Mar\u00eda (Bol\u00edvar)"},"content":{"rendered":"<p>Por su presunta responsabilidad en el delito de <strong>homicidio agravado<\/strong>, Reiner Iv\u00e1n Jerez Rojas fue capturado por funcionarios del CTI de la Fiscal\u00eda Seccional Bol\u00edvar, en desarrollo de la investigaci\u00f3n que le adelanta por el crimen de los hermanos Eder Manuel Vel\u00e1squez M\u00e1rquez y Alfer Manuel Vel\u00e1squez Nisperuza, en hechos ocurridos el pasado 13 de julio en la vereda Verruguitas del corregimiento de Macayepo en el Carmen de Bol\u00edvar (Bol\u00edvar).<\/p>\n<p>El hoy procesado no acept\u00f3 los cargos que le endilg\u00f3 la Fiscal\u00eda y fue cobijado por un juez de control de garant\u00edas con <strong>medida de aseguramiento intramuros<\/strong> en la c\u00e1rcel San Sebasti\u00e1n de Ternera.<\/p>\n<p>Las indagaciones de la Fiscal\u00eda indican que a la vereda llegaron dos hombres en moto, entre ellos se presume que estaba Jerez Rojas,\u00a0a un kiosko de la zona donde unas 15 personas de la misma familia se escampaban de la lluvia. Luego de identificarse como miembros de las <strong>Autodefensas Gaitanistas de Colombia<\/strong>, los atacantes\u00a0preguntaron con foto en mano por las dos v\u00edctimas.<\/p>\n<p>Al identificarlos les dispararon indiscriminadamente. Vel\u00e1squez M\u00e1rquez recibi\u00f3 los disparos en el pecho, mientras que a su hermano lo impactaron en la cabeza. Ambos murieron en el lugar de los hechos.<\/p>\n<p>Ante lo sucedido, una de las personas que estaba en el sitio sac\u00f3 un machete e hiri\u00f3 a los presuntos asesinos, a Jerez Rojas le propin\u00f3 una herida en la cabeza con un machete y al otro en un brazo. Posteriormente huyeron en la moto.<\/p>\n<p>La Fiscal\u00eda investiga si el doble crimen se cometi\u00f3 porque los hermanos hab\u00edan llegado hac\u00eda dos d\u00edas de Sincelejo a instalarse en unas tierras en la vereda, de donde hab\u00edan salido desplazados a\u00f1os atr\u00e1s.<\/p>\n<p>La Fiscal\u00eda publica esta informaci\u00f3n por considerarla de inter\u00e9s general.<\/p>\n<p>&nbsp;<\/p>\n<p>JLH\/DLBM<\/p>\n\n<div class=\"twitter-share\"><a href=\"https:\/\/twitter.com\/intent\/tweet?via=fiscaliacol\" class=\"twitter-share-button\">Tweet<\/a><\/div>\n","protected":false},"excerpt":{"rendered":"<p>Por su presunta responsabilidad en el delito de homicidio agravado, Reiner Iv\u00e1n Jerez Rojas fue capturado por funcionarios del CTI de la Fiscal\u00eda Seccional Bol\u00edvar, en desarrollo de la investigaci\u00f3n que le adelanta por el crimen de los hermanos Eder Manuel Vel\u00e1squez M\u00e1rquez y Alfer Manuel Vel\u00e1squez Nisperuza, en hechos ocurridos el pasado 13 de [&hellip;]<\/p>\n","protected":false},"author":163,"featured_media":0,"comment_status":"closed","ping_status":"open","sticky":false,"template":"","format":"standard","meta":{"_price":"","_stock":"","_tribe_ticket_header":"","_tribe_default_ticket_provider":"","_tribe_ticket_capacity":"0","_ticket_start_date":"","_ticket_end_date":"","_tribe_ticket_show_description":"","_tribe_ticket_show_not_going":false,"_tribe_ticket_use_global_stock":"","_tribe_ticket_global_stock_level":"","_global_stock_mode":"","_global_stock_cap":"","_tribe_rsvp_for_event":"","_tribe_ticket_going_count":"","_tribe_ticket_not_going_count":"","_tribe_tickets_list":"[]","_tribe_ticket_has_attendee_info_fields":false,"tdm_status":"","tdm_grid_status":"","footnotes":""},"categories":[325,303,24099],"tags":[],"class_list":{"0":"post-182145","1":"post","2":"type-post","3":"status-publish","4":"format-standard","6":"category-seccional-cartagena","7":"category-seccionales","8":"category-seguridad-territorial"},"yoast_head":"<!-- This site is optimized with the Yoast SEO plugin v24.3 - https:\/\/yoast.com\/wordpress\/plugins\/seo\/ -->\n<title>Fiscal\u00eda General de la Naci\u00f3n<\/title>\n<meta name=\"description\" content=\"P\u00e1gina oficial de la Fiscal\u00eda General de la Naci\u00f3n \u2013 Colombia. Garantizamos el acceso efectivo a la justicia, la verdad y la reparaci\u00f3n de las v\u00edctimas de los delitos.\" \/>\n<meta name=\"robots\" content=\"noindex, follow\" \/>\n<meta property=\"og:locale\" content=\"es_ES\" \/>\n<meta property=\"og:type\" content=\"article\" \/>\n<meta property=\"og:title\" content=\"Fiscal\u00eda General de la Naci\u00f3n\" \/>\n<meta property=\"og:description\" content=\"P\u00e1gina oficial de la Fiscal\u00eda General de la Naci\u00f3n \u2013 Colombia. Garantizamos el acceso efectivo a la justicia, la verdad y la reparaci\u00f3n de las v\u00edctimas de los delitos.\" \/>\n<meta property=\"og:url\" content=\"https:\/\/www.fiscalia.gov.co\/colombia\/seccionales\/fiscalia-capturo-a-presunto-asesino-de-dos-hermanos-en-los-montes-de-maria-bolivar\/\" \/>\n<meta property=\"og:site_name\" content=\"Fiscal\u00eda General de la Naci\u00f3n\" \/>\n<meta property=\"article:publisher\" content=\"https:\/\/www.facebook.com\/FiscaliaCol\" \/>\n<meta property=\"article:published_time\" content=\"2019-07-31T22:27:07+00:00\" \/>\n<meta name=\"author\" content=\"Federico Bar\u00f3n\" \/>\n<meta name=\"twitter:card\" content=\"summary_large_image\" \/>\n<meta name=\"twitter:creator\" content=\"@FiscaliaCol\" \/>\n<meta name=\"twitter:site\" content=\"@FiscaliaCol\" \/>\n<meta name=\"twitter:label1\" content=\"Escrito por\" \/>\n\t<meta name=\"twitter:data1\" content=\"Federico Bar\u00f3n\" \/>\n\t<meta name=\"twitter:label2\" content=\"Tiempo de lectura\" \/>\n\t<meta name=\"twitter:data2\" content=\"2 minutos\" \/>\n<script type=\"application\/ld+json\" class=\"yoast-schema-graph\">{\"@context\":\"https:\/\/schema.org\",\"@graph\":[{\"@type\":\"Article\",\"@id\":\"https:\/\/www.fiscalia.gov.co\/colombia\/seccionales\/fiscalia-capturo-a-presunto-asesino-de-dos-hermanos-en-los-montes-de-maria-bolivar\/#article\",\"isPartOf\":{\"@id\":\"https:\/\/www.fiscalia.gov.co\/colombia\/seccionales\/fiscalia-capturo-a-presunto-asesino-de-dos-hermanos-en-los-montes-de-maria-bolivar\/\"},\"author\":{\"name\":\"Federico Bar\u00f3n\",\"@id\":\"https:\/\/www.fiscalia.gov.co\/colombia\/#\/schema\/person\/6c583a82254e9615e852ba9db84e67ee\"},\"headline\":\"Fiscal\u00eda captur\u00f3 a presunto asesino de dos hermanos en los Montes de Mar\u00eda (Bol\u00edvar)\",\"datePublished\":\"2019-07-31T22:27:07+00:00\",\"dateModified\":\"2019-07-31T22:27:07+00:00\",\"mainEntityOfPage\":{\"@id\":\"https:\/\/www.fiscalia.gov.co\/colombia\/seccionales\/fiscalia-capturo-a-presunto-asesino-de-dos-hermanos-en-los-montes-de-maria-bolivar\/\"},\"wordCount\":333,\"publisher\":{\"@id\":\"https:\/\/www.fiscalia.gov.co\/colombia\/#organization\"},\"articleSection\":[\"Seccional Cartagena\",\"Seccionales\",\"Seguridad territorial\"],\"inLanguage\":\"es-CO\"},{\"@type\":\"WebPage\",\"@id\":\"https:\/\/www.fiscalia.gov.co\/colombia\/seccionales\/fiscalia-capturo-a-presunto-asesino-de-dos-hermanos-en-los-montes-de-maria-bolivar\/\",\"url\":\"https:\/\/www.fiscalia.gov.co\/colombia\/seccionales\/fiscalia-capturo-a-presunto-asesino-de-dos-hermanos-en-los-montes-de-maria-bolivar\/\",\"name\":\"Fiscal\u00eda General de la Naci\u00f3n\",\"isPartOf\":{\"@id\":\"https:\/\/www.fiscalia.gov.co\/colombia\/#website\"},\"datePublished\":\"2019-07-31T22:27:07+00:00\",\"dateModified\":\"2019-07-31T22:27:07+00:00\",\"description\":\"P\u00e1gina oficial de la Fiscal\u00eda General de la Naci\u00f3n \u2013 Colombia. Garantizamos el acceso efectivo a la justicia, la verdad y la reparaci\u00f3n de las v\u00edctimas de los delitos.\",\"breadcrumb\":{\"@id\":\"https:\/\/www.fiscalia.gov.co\/colombia\/seccionales\/fiscalia-capturo-a-presunto-asesino-de-dos-hermanos-en-los-montes-de-maria-bolivar\/#breadcrumb\"},\"inLanguage\":\"es-CO\",\"potentialAction\":[{\"@type\":\"ReadAction\",\"target\":[\"https:\/\/www.fiscalia.gov.co\/colombia\/seccionales\/fiscalia-capturo-a-presunto-asesino-de-dos-hermanos-en-los-montes-de-maria-bolivar\/\"]}]},{\"@type\":\"BreadcrumbList\",\"@id\":\"https:\/\/www.fiscalia.gov.co\/colombia\/seccionales\/fiscalia-capturo-a-presunto-asesino-de-dos-hermanos-en-los-montes-de-maria-bolivar\/#breadcrumb\",\"itemListElement\":[{\"@type\":\"ListItem\",\"position\":1,\"name\":\"Home\",\"item\":\"https:\/\/www.fiscalia.gov.co\/colombia\/\"},{\"@type\":\"ListItem\",\"position\":2,\"name\":\"Fiscal\u00eda captur\u00f3 a presunto asesino de dos hermanos en los Montes de Mar\u00eda (Bol\u00edvar)\"}]},{\"@type\":\"WebSite\",\"@id\":\"https:\/\/www.fiscalia.gov.co\/colombia\/#website\",\"url\":\"https:\/\/www.fiscalia.gov.co\/colombia\/\",\"name\":\"Fiscal\u00eda General de la Naci\u00f3n\",\"description\":\"P\u00e1gina oficial de la Fiscal\u00eda General de la Naci\u00f3n \u2013 Colombia. Garantizamos el acceso efectivo a la justicia, la verdad y la reparaci\u00f3n de las v\u00edctimas de los delitos.\",\"publisher\":{\"@id\":\"https:\/\/www.fiscalia.gov.co\/colombia\/#organization\"},\"potentialAction\":[{\"@type\":\"SearchAction\",\"target\":{\"@type\":\"EntryPoint\",\"urlTemplate\":\"https:\/\/www.fiscalia.gov.co\/colombia\/?s={search_term_string}\"},\"query-input\":{\"@type\":\"PropertyValueSpecification\",\"valueRequired\":true,\"valueName\":\"search_term_string\"}}],\"inLanguage\":\"es-CO\"},{\"@type\":\"Organization\",\"@id\":\"https:\/\/www.fiscalia.gov.co\/colombia\/#organization\",\"name\":\"Fiscal\u00eda General de la Naci\u00f3n\",\"url\":\"https:\/\/www.fiscalia.gov.co\/colombia\/\",\"logo\":{\"@type\":\"ImageObject\",\"inLanguage\":\"es-CO\",\"@id\":\"https:\/\/www.fiscalia.gov.co\/colombia\/#\/schema\/logo\/image\/\",\"url\":\"https:\/\/www.fiscalia.gov.co\/colombia\/wp-content\/uploads\/LogoHorizontal_1.jpg\",\"contentUrl\":\"https:\/\/www.fiscalia.gov.co\/colombia\/wp-content\/uploads\/LogoHorizontal_1.jpg\",\"width\":300,\"height\":90,\"caption\":\"Fiscal\u00eda General de la Naci\u00f3n\"},\"image\":{\"@id\":\"https:\/\/www.fiscalia.gov.co\/colombia\/#\/schema\/logo\/image\/\"},\"sameAs\":[\"https:\/\/www.facebook.com\/FiscaliaCol\",\"https:\/\/x.com\/FiscaliaCol\",\"https:\/\/www.instagram.com\/fiscaliacol\",\"https:\/\/www.linkedin.com\/company\/fiscalia-general-de-la-naci-n\/\",\"https:\/\/youtube.com\/@fiscaliageneraldelanacion-4668?si=6nN79nyQICPU5iTh\"]},{\"@type\":\"Person\",\"@id\":\"https:\/\/www.fiscalia.gov.co\/colombia\/#\/schema\/person\/6c583a82254e9615e852ba9db84e67ee\",\"name\":\"Federico Bar\u00f3n\",\"image\":{\"@type\":\"ImageObject\",\"inLanguage\":\"es-CO\",\"@id\":\"https:\/\/www.fiscalia.gov.co\/colombia\/#\/schema\/person\/image\/\",\"url\":\"https:\/\/secure.gravatar.com\/avatar\/30ff8ce2c54287c7927de9067165726c?s=96&d=mm&r=g\",\"contentUrl\":\"https:\/\/secure.gravatar.com\/avatar\/30ff8ce2c54287c7927de9067165726c?s=96&d=mm&r=g\",\"caption\":\"Federico Bar\u00f3n\"},\"url\":\"https:\/\/www.fiscalia.gov.co\/colombia\/author\/fbaron\/\"}]}<\/script>\n<!-- \/ Yoast SEO plugin. -->","yoast_head_json":{"title":"Fiscal\u00eda General de la Naci\u00f3n","description":"P\u00e1gina oficial de la Fiscal\u00eda General de la Naci\u00f3n \u2013 Colombia. Garantizamos el acceso efectivo a la justicia, la verdad y la reparaci\u00f3n de las v\u00edctimas de los delitos.","robots":{"index":"noindex","follow":"follow"},"og_locale":"es_ES","og_type":"article","og_title":"Fiscal\u00eda General de la Naci\u00f3n","og_description":"P\u00e1gina oficial de la Fiscal\u00eda General de la Naci\u00f3n \u2013 Colombia. Garantizamos el acceso efectivo a la justicia, la verdad y la reparaci\u00f3n de las v\u00edctimas de los delitos.","og_url":"https:\/\/www.fiscalia.gov.co\/colombia\/seccionales\/fiscalia-capturo-a-presunto-asesino-de-dos-hermanos-en-los-montes-de-maria-bolivar\/","og_site_name":"Fiscal\u00eda General de la Naci\u00f3n","article_publisher":"https:\/\/www.facebook.com\/FiscaliaCol","article_published_time":"2019-07-31T22:27:07+00:00","author":"Federico Bar\u00f3n","twitter_card":"summary_large_image","twitter_creator":"@FiscaliaCol","twitter_site":"@FiscaliaCol","twitter_misc":{"Escrito por":"Federico Bar\u00f3n","Tiempo de lectura":"2 minutos"},"schema":{"@context":"https:\/\/schema.org","@graph":[{"@type":"Article","@id":"https:\/\/www.fiscalia.gov.co\/colombia\/seccionales\/fiscalia-capturo-a-presunto-asesino-de-dos-hermanos-en-los-montes-de-maria-bolivar\/#article","isPartOf":{"@id":"https:\/\/www.fiscalia.gov.co\/colombia\/seccionales\/fiscalia-capturo-a-presunto-asesino-de-dos-hermanos-en-los-montes-de-maria-bolivar\/"},"author":{"name":"Federico Bar\u00f3n","@id":"https:\/\/www.fiscalia.gov.co\/colombia\/#\/schema\/person\/6c583a82254e9615e852ba9db84e67ee"},"headline":"Fiscal\u00eda captur\u00f3 a presunto asesino de dos hermanos en los Montes de Mar\u00eda (Bol\u00edvar)","datePublished":"2019-07-31T22:27:07+00:00","dateModified":"2019-07-31T22:27:07+00:00","mainEntityOfPage":{"@id":"https:\/\/www.fiscalia.gov.co\/colombia\/seccionales\/fiscalia-capturo-a-presunto-asesino-de-dos-hermanos-en-los-montes-de-maria-bolivar\/"},"wordCount":333,"publisher":{"@id":"https:\/\/www.fiscalia.gov.co\/colombia\/#organization"},"articleSection":["Seccional Cartagena","Seccionales","Seguridad territorial"],"inLanguage":"es-CO"},{"@type":"WebPage","@id":"https:\/\/www.fiscalia.gov.co\/colombia\/seccionales\/fiscalia-capturo-a-presunto-asesino-de-dos-hermanos-en-los-montes-de-maria-bolivar\/","url":"https:\/\/www.fiscalia.gov.co\/colombia\/seccionales\/fiscalia-capturo-a-presunto-asesino-de-dos-hermanos-en-los-montes-de-maria-bolivar\/","name":"Fiscal\u00eda General de la Naci\u00f3n","isPartOf":{"@id":"https:\/\/www.fiscalia.gov.co\/colombia\/#website"},"datePublished":"2019-07-31T22:27:07+00:00","dateModified":"2019-07-31T22:27:07+00:00","description":"P\u00e1gina oficial de la Fiscal\u00eda General de la Naci\u00f3n \u2013 Colombia. Garantizamos el acceso efectivo a la justicia, la verdad y la reparaci\u00f3n de las v\u00edctimas de los delitos.","breadcrumb":{"@id":"https:\/\/www.fiscalia.gov.co\/colombia\/seccionales\/fiscalia-capturo-a-presunto-asesino-de-dos-hermanos-en-los-montes-de-maria-bolivar\/#breadcrumb"},"inLanguage":"es-CO","potentialAction":[{"@type":"ReadAction","target":["https:\/\/www.fiscalia.gov.co\/colombia\/seccionales\/fiscalia-capturo-a-presunto-asesino-de-dos-hermanos-en-los-montes-de-maria-bolivar\/"]}]},{"@type":"BreadcrumbList","@id":"https:\/\/www.fiscalia.gov.co\/colombia\/seccionales\/fiscalia-capturo-a-presunto-asesino-de-dos-hermanos-en-los-montes-de-maria-bolivar\/#breadcrumb","itemListElement":[{"@type":"ListItem","position":1,"name":"Home","item":"https:\/\/www.fiscalia.gov.co\/colombia\/"},{"@type":"ListItem","position":2,"name":"Fiscal\u00eda captur\u00f3 a presunto asesino de dos hermanos en los Montes de Mar\u00eda (Bol\u00edvar)"}]},{"@type":"WebSite","@id":"https:\/\/www.fiscalia.gov.co\/colombia\/#website","url":"https:\/\/www.fiscalia.gov.co\/colombia\/","name":"Fiscal\u00eda General de la Naci\u00f3n","description":"P\u00e1gina oficial de la Fiscal\u00eda General de la Naci\u00f3n \u2013 Colombia. Garantizamos el acceso efectivo a la justicia, la verdad y la reparaci\u00f3n de las v\u00edctimas de los delitos.","publisher":{"@id":"https:\/\/www.fiscalia.gov.co\/colombia\/#organization"},"potentialAction":[{"@type":"SearchAction","target":{"@type":"EntryPoint","urlTemplate":"https:\/\/www.fiscalia.gov.co\/colombia\/?s={search_term_string}"},"query-input":{"@type":"PropertyValueSpecification","valueRequired":true,"valueName":"search_term_string"}}],"inLanguage":"es-CO"},{"@type":"Organization","@id":"https:\/\/www.fiscalia.gov.co\/colombia\/#organization","name":"Fiscal\u00eda General de la Naci\u00f3n","url":"https:\/\/www.fiscalia.gov.co\/colombia\/","logo":{"@type":"ImageObject","inLanguage":"es-CO","@id":"https:\/\/www.fiscalia.gov.co\/colombia\/#\/schema\/logo\/image\/","url":"https:\/\/www.fiscalia.gov.co\/colombia\/wp-content\/uploads\/LogoHorizontal_1.jpg","contentUrl":"https:\/\/www.fiscalia.gov.co\/colombia\/wp-content\/uploads\/LogoHorizontal_1.jpg","width":300,"height":90,"caption":"Fiscal\u00eda General de la Naci\u00f3n"},"image":{"@id":"https:\/\/www.fiscalia.gov.co\/colombia\/#\/schema\/logo\/image\/"},"sameAs":["https:\/\/www.facebook.com\/FiscaliaCol","https:\/\/x.com\/FiscaliaCol","https:\/\/www.instagram.com\/fiscaliacol","https:\/\/www.linkedin.com\/company\/fiscalia-general-de-la-naci-n\/","https:\/\/youtube.com\/@fiscaliageneraldelanacion-4668?si=6nN79nyQICPU5iTh"]},{"@type":"Person","@id":"https:\/\/www.fiscalia.gov.co\/colombia\/#\/schema\/person\/6c583a82254e9615e852ba9db84e67ee","name":"Federico Bar\u00f3n","image":{"@type":"ImageObject","inLanguage":"es-CO","@id":"https:\/\/www.fiscalia.gov.co\/colombia\/#\/schema\/person\/image\/","url":"https:\/\/secure.gravatar.com\/avatar\/30ff8ce2c54287c7927de9067165726c?s=96&d=mm&r=g","contentUrl":"https:\/\/secure.gravatar.com\/avatar\/30ff8ce2c54287c7927de9067165726c?s=96&d=mm&r=g","caption":"Federico Bar\u00f3n"},"url":"https:\/\/www.fiscalia.gov.co\/colombia\/author\/fbaron\/"}]}},"_links":{"self":[{"href":"https:\/\/www.fiscalia.gov.co\/colombia\/wp-json\/wp\/v2\/posts\/182145","targetHints":{"allow":["GET"]}}],"collection":[{"href":"https:\/\/www.fiscalia.gov.co\/colombia\/wp-json\/wp\/v2\/posts"}],"about":[{"href":"https:\/\/www.fiscalia.gov.co\/colombia\/wp-json\/wp\/v2\/types\/post"}],"author":[{"embeddable":true,"href":"https:\/\/www.fiscalia.gov.co\/colombia\/wp-json\/wp\/v2\/users\/163"}],"replies":[{"embeddable":true,"href":"https:\/\/www.fiscalia.gov.co\/colombia\/wp-json\/wp\/v2\/comments?post=182145"}],"version-history":[{"count":1,"href":"https:\/\/www.fiscalia.gov.co\/colombia\/wp-json\/wp\/v2\/posts\/182145\/revisions"}],"predecessor-version":[{"id":182146,"href":"https:\/\/www.fiscalia.gov.co\/colombia\/wp-json\/wp\/v2\/posts\/182145\/revisions\/182146"}],"wp:attachment":[{"href":"https:\/\/www.fiscalia.gov.co\/colombia\/wp-json\/wp\/v2\/media?parent=182145"}],"wp:term":[{"taxonomy":"category","embeddable":true,"href":"https:\/\/www.fiscalia.gov.co\/colombia\/wp-json\/wp\/v2\/categories?post=182145"},{"taxonomy":"post_tag","embeddable":true,"href":"https:\/\/www.fiscalia.gov.co\/colombia\/wp-json\/wp\/v2\/tags?post=182145"}],"curies":[{"name":"wp","href":"https:\/\/api.w.org\/{rel}","templated":true}]}}