{"id":181152,"date":"2019-07-08T16:28:35","date_gmt":"2019-07-08T21:28:35","guid":{"rendered":"https:\/\/www.fiscalia.gov.co\/colombia\/?p=181152"},"modified":"2019-07-09T08:51:33","modified_gmt":"2019-07-09T13:51:33","slug":"fiscalia-logra-acuerdo-de-pago-con-implicados-del-caso-odebrecht-por-cerca-de-24-000-millones-de-pesos","status":"publish","type":"post","link":"https:\/\/www.fiscalia.gov.co\/colombia\/corrupcion\/fiscalia-logra-acuerdo-de-pago-con-implicados-del-caso-odebrecht-por-cerca-de-24-000-millones-de-pesos\/","title":{"rendered":"Fiscal\u00eda logra acuerdo de pago con implicados del caso Odebrecht por cerca de 24.000 millones de pesos"},"content":{"rendered":"<blockquote class=\"td_quote_box td_box_center\">\n<h4><strong>A la fecha la Fiscal\u00eda ha acordado pagos por cerca de 24.000 millones de pesos. De esa suma, el pasado 17 de enero ingresaron m\u00e1s de 6 mil millones de pesos correspondientes a los 6.5 millones de d\u00f3lares pagados por la adjudicaci\u00f3n del contrato Ruta del Sol II.<\/strong><\/h4>\n<\/blockquote>\n<p>La Fiscal\u00eda General de la Naci\u00f3n avanza en su prop\u00f3sito de recuperar los dineros comprometidos en casos de corrupci\u00f3n. En esta oportunidad lleg\u00f3 a los implicados en el caso Odebrecht, en el que se pagaron sobornos para la adjudicaci\u00f3n de contratos de infraestructura en el pa\u00eds.<\/p>\n<h4><strong>ACUERDOS DE PAGO<\/strong><\/h4>\n<ul>\n<li>El 11 de enero de 2019, un juez de garant\u00edas aval\u00f3 el principio de oportunidad otorgado por la Fiscal\u00eda General de la Naci\u00f3n a los se\u00f1ores Luiz Antonio Bueno Junior, Luiz Antonio Mameri y Luiz Eduardo Da Rocha, exdirectivos de la firma brasilera Constructora Norberto Odebrecht, implicados en las investigaciones adelantadas por la adjudicaci\u00f3n del contrato Ruta del Sol II.<\/li>\n<li>El 17 de enero de 2019 se hizo efectivo el primer pago por m\u00e1s de $6.300 millones de pesos, quedando pendientes dos cuotas que se har\u00e1n efectivas el pr\u00f3ximo 30 de agosto de 2019 y el 31 de enero de 2020, por la cuales el Estado colombiano recibir\u00e1 el pago total de 6.5 millones de d\u00f3lares.<\/li>\n<li>El 28 de febrero de 2019 un juez especializado de extinci\u00f3n de dominio dict\u00f3 sentencia para la afectaci\u00f3n definitiva de acciones por valor de 2 millones de d\u00f3lares de la sociedad Pacific Infrastructure Venture Inc. (PINF), que aparecen a nombre de Oil &amp; Gas Logistic, en relaci\u00f3n con el proceso que se adelanta contra el exviceministro de Transporte, Gabriel Ignacio Garc\u00eda Morales.<\/li>\n<li>A la fecha, con los acuerdos de pago, la Fiscal\u00eda ha recibido casi 24.000 millones de pesos del dinero comprometido en el caso Odebrecht.<\/li>\n<\/ul>\n<h4><strong>NO HABR\u00c1 CAMBIO DE FISCALES<\/strong><\/h4>\n<ul>\n<li>En relaci\u00f3n con las l\u00edneas de investigaci\u00f3n, compuestas por 35 noticias criminales, se ha determinado que seguir\u00e1n a cargo de los fiscales que ven\u00edan adelantando cada proceso, como producto de su larga trayectoria en el ente acusador.<\/li>\n<li>Son 14 los fiscales asignados a las investigaciones de Odebrecht: 3 fiscales delegados ante la Corte Suprema de Justicia; un fiscal auxiliar ante la Corte Suprema de Justicia, 4 fiscales delegados ante Tribunal de Distrito, 2 fiscales delegados ante jueces de circuito especializado, 2 fiscales delegados ante los jueces del circuito y 2 fiscales ante los jueces municipales, su trayectoria en la instituci\u00f3n y hoja de vida garantizan su imparcialidad y autonom\u00eda en el desempe\u00f1o de su funci\u00f3n.<\/li>\n<\/ul>\n<h4><strong>DECISIONES DEL FISCAL <em>ADHOC<\/em><\/strong><\/h4>\n<p>Las actuaciones judiciales que adelant\u00f3 Leonardo Espinosa llevaron a que:<\/p>\n<ul>\n<li>Se ratificara la acusaci\u00f3n que hab\u00eda hecho la Fiscal\u00eda General de la Naci\u00f3n en contra de: Federico Gaviria y Eduardo Jos\u00e9 Zambrano. Y en el caso de Gustavo Adolfo Torres y Gabriel Alejandro Dumar se adicion\u00f3 el delito de lavado de activos.<\/li>\n<li>Para el 27 de junio estaba programada la audiencia de imputaci\u00f3n de cargos a los ciudadanos brasileros: Amilton Hideaki Sendai, Eder Paolo Ferracuti y Marcio Marrangoni, la cual fue suspendida a petici\u00f3n de la defensa. Estas actuaciones contin\u00faan en los procesos que sigue la Fiscal\u00eda y est\u00e1n siendo valoradas por los fiscales a cargo de los casos.<\/li>\n<li>En el caso de las exministras Gina Parody y Cecilia \u00c1lvarez, orden\u00f3 el desarchivo porque encontr\u00f3 nuevas elementos e imparti\u00f3 \u00f3rdenes de polic\u00eda judicial que se est\u00e1n ejecutando y sus resultados ser\u00e1n revisados por el fiscal delegado ante la Corte.<\/li>\n<\/ul>\n<h4><strong>BALANCE<\/strong><\/h4>\n<p><img loading=\"lazy\" decoding=\"async\" class=\"alignnone size-full wp-image-181154\" src=\"https:\/\/www.fiscalia.gov.co\/colombia\/wp-content\/uploads\/Odb.jpg\" alt=\"\" width=\"980\" height=\"545\" srcset=\"https:\/\/www.fiscalia.gov.co\/colombia\/wp-content\/uploads\/Odb.jpg 980w, https:\/\/www.fiscalia.gov.co\/colombia\/wp-content\/uploads\/Odb-300x167.jpg 300w, https:\/\/www.fiscalia.gov.co\/colombia\/wp-content\/uploads\/Odb-768x427.jpg 768w, https:\/\/www.fiscalia.gov.co\/colombia\/wp-content\/uploads\/Odb-696x387.jpg 696w, https:\/\/www.fiscalia.gov.co\/colombia\/wp-content\/uploads\/Odb-755x420.jpg 755w\" sizes=\"auto, (max-width: 980px) 100vw, 980px\" \/><\/p>\n<p><em>La Fiscal\u00eda General de la Naci\u00f3n hace p\u00fablica esta informaci\u00f3n por considerarla de inter\u00e9s general.<\/em><\/p>\n<p>&nbsp;<\/p>\n\n<div class=\"twitter-share\"><a href=\"https:\/\/twitter.com\/intent\/tweet?via=fiscaliacol\" class=\"twitter-share-button\">Tweet<\/a><\/div>\n","protected":false},"excerpt":{"rendered":"<p>A la fecha la Fiscal\u00eda ha acordado pagos por cerca de 24.000 millones de pesos. De esa suma, el pasado 17 de enero ingresaron m\u00e1s de 6 mil millones de [&hellip;]<\/p>\n","protected":false},"author":162,"featured_media":0,"comment_status":"closed","ping_status":"open","sticky":false,"template":"","format":"video","meta":{"tdm_status":"","tdm_grid_status":"","footnotes":""},"categories":[24097,24107,24126],"tags":[],"class_list":["post-181152","post","type-post","status-publish","format-video","category-corrupcion","category-lucha-contra-corrupcion","category-vicefiscal-general-de-la-nacion","post_format-post-format-video"],"yoast_head":"<!-- This site is optimized with the Yoast SEO plugin v24.3 - https:\/\/yoast.com\/wordpress\/plugins\/seo\/ -->\n<title>Fiscal\u00eda General de la Naci\u00f3n<\/title>\n<meta name=\"description\" content=\"P\u00e1gina oficial de la Fiscal\u00eda General de la Naci\u00f3n \u2013 Colombia. Garantizamos el acceso efectivo a la justicia, la verdad y la reparaci\u00f3n de las v\u00edctimas de los delitos.\" \/>\n<meta name=\"robots\" content=\"noindex, follow\" \/>\n<meta property=\"og:locale\" content=\"es_ES\" \/>\n<meta property=\"og:type\" content=\"article\" \/>\n<meta property=\"og:title\" content=\"Fiscal\u00eda General de la Naci\u00f3n\" \/>\n<meta property=\"og:description\" content=\"P\u00e1gina oficial de la Fiscal\u00eda General de la Naci\u00f3n \u2013 Colombia. Garantizamos el acceso efectivo a la justicia, la verdad y la reparaci\u00f3n de las v\u00edctimas de los delitos.\" \/>\n<meta property=\"og:url\" content=\"https:\/\/www.fiscalia.gov.co\/colombia\/corrupcion\/fiscalia-logra-acuerdo-de-pago-con-implicados-del-caso-odebrecht-por-cerca-de-24-000-millones-de-pesos\/\" \/>\n<meta property=\"og:site_name\" content=\"Fiscal\u00eda General de la Naci\u00f3n\" \/>\n<meta property=\"article:publisher\" content=\"https:\/\/www.facebook.com\/FiscaliaCol\" \/>\n<meta property=\"article:published_time\" content=\"2019-07-08T21:28:35+00:00\" \/>\n<meta property=\"article:modified_time\" content=\"2019-07-09T13:51:33+00:00\" \/>\n<meta property=\"og:image\" content=\"https:\/\/www.fiscalia.gov.co\/colombia\/wp-content\/uploads\/Odb.jpg\" \/>\n<meta name=\"author\" content=\"Direcci\u00f3n de Comunicaciones Fiscal\u00eda General de la Naci\u00f3n\" \/>\n<meta name=\"twitter:card\" content=\"summary_large_image\" \/>\n<meta name=\"twitter:creator\" content=\"@FiscaliaCol\" \/>\n<meta name=\"twitter:site\" content=\"@FiscaliaCol\" \/>\n<meta name=\"twitter:label1\" content=\"Escrito por\" \/>\n\t<meta name=\"twitter:data1\" content=\"Direcci\u00f3n de Comunicaciones Fiscal\u00eda General de la Naci\u00f3n\" \/>\n\t<meta name=\"twitter:label2\" content=\"Tiempo de lectura\" \/>\n\t<meta name=\"twitter:data2\" content=\"3 minutos\" \/>\n<script type=\"application\/ld+json\" class=\"yoast-schema-graph\">{\"@context\":\"https:\/\/schema.org\",\"@graph\":[{\"@type\":\"Article\",\"@id\":\"https:\/\/www.fiscalia.gov.co\/colombia\/corrupcion\/fiscalia-logra-acuerdo-de-pago-con-implicados-del-caso-odebrecht-por-cerca-de-24-000-millones-de-pesos\/#article\",\"isPartOf\":{\"@id\":\"https:\/\/www.fiscalia.gov.co\/colombia\/corrupcion\/fiscalia-logra-acuerdo-de-pago-con-implicados-del-caso-odebrecht-por-cerca-de-24-000-millones-de-pesos\/\"},\"author\":{\"name\":\"Direcci\u00f3n de Comunicaciones Fiscal\u00eda General de la Naci\u00f3n\",\"@id\":\"https:\/\/www.fiscalia.gov.co\/colombia\/#\/schema\/person\/bf28d8ae7f1b287bbe3af484b04f43ea\"},\"headline\":\"Fiscal\u00eda logra acuerdo de pago con implicados del caso Odebrecht por cerca de 24.000 millones de pesos\",\"datePublished\":\"2019-07-08T21:28:35+00:00\",\"dateModified\":\"2019-07-09T13:51:33+00:00\",\"mainEntityOfPage\":{\"@id\":\"https:\/\/www.fiscalia.gov.co\/colombia\/corrupcion\/fiscalia-logra-acuerdo-de-pago-con-implicados-del-caso-odebrecht-por-cerca-de-24-000-millones-de-pesos\/\"},\"wordCount\":631,\"publisher\":{\"@id\":\"https:\/\/www.fiscalia.gov.co\/colombia\/#organization\"},\"image\":{\"@id\":\"https:\/\/www.fiscalia.gov.co\/colombia\/corrupcion\/fiscalia-logra-acuerdo-de-pago-con-implicados-del-caso-odebrecht-por-cerca-de-24-000-millones-de-pesos\/#primaryimage\"},\"thumbnailUrl\":\"https:\/\/www.fiscalia.gov.co\/colombia\/wp-content\/uploads\/Odb.jpg\",\"articleSection\":[\"Corrupci\u00f3n\",\"Corrupci\u00f3n\",\"Vicefiscal General de la Naci\u00f3n\"],\"inLanguage\":\"es-CO\"},{\"@type\":\"WebPage\",\"@id\":\"https:\/\/www.fiscalia.gov.co\/colombia\/corrupcion\/fiscalia-logra-acuerdo-de-pago-con-implicados-del-caso-odebrecht-por-cerca-de-24-000-millones-de-pesos\/\",\"url\":\"https:\/\/www.fiscalia.gov.co\/colombia\/corrupcion\/fiscalia-logra-acuerdo-de-pago-con-implicados-del-caso-odebrecht-por-cerca-de-24-000-millones-de-pesos\/\",\"name\":\"Fiscal\u00eda General de la Naci\u00f3n\",\"isPartOf\":{\"@id\":\"https:\/\/www.fiscalia.gov.co\/colombia\/#website\"},\"primaryImageOfPage\":{\"@id\":\"https:\/\/www.fiscalia.gov.co\/colombia\/corrupcion\/fiscalia-logra-acuerdo-de-pago-con-implicados-del-caso-odebrecht-por-cerca-de-24-000-millones-de-pesos\/#primaryimage\"},\"image\":{\"@id\":\"https:\/\/www.fiscalia.gov.co\/colombia\/corrupcion\/fiscalia-logra-acuerdo-de-pago-con-implicados-del-caso-odebrecht-por-cerca-de-24-000-millones-de-pesos\/#primaryimage\"},\"thumbnailUrl\":\"https:\/\/www.fiscalia.gov.co\/colombia\/wp-content\/uploads\/Odb.jpg\",\"datePublished\":\"2019-07-08T21:28:35+00:00\",\"dateModified\":\"2019-07-09T13:51:33+00:00\",\"description\":\"P\u00e1gina oficial de la Fiscal\u00eda General de la Naci\u00f3n \u2013 Colombia. Garantizamos el acceso efectivo a la justicia, la verdad y la reparaci\u00f3n de las v\u00edctimas de los delitos.\",\"breadcrumb\":{\"@id\":\"https:\/\/www.fiscalia.gov.co\/colombia\/corrupcion\/fiscalia-logra-acuerdo-de-pago-con-implicados-del-caso-odebrecht-por-cerca-de-24-000-millones-de-pesos\/#breadcrumb\"},\"inLanguage\":\"es-CO\",\"potentialAction\":[{\"@type\":\"ReadAction\",\"target\":[\"https:\/\/www.fiscalia.gov.co\/colombia\/corrupcion\/fiscalia-logra-acuerdo-de-pago-con-implicados-del-caso-odebrecht-por-cerca-de-24-000-millones-de-pesos\/\"]}]},{\"@type\":\"ImageObject\",\"inLanguage\":\"es-CO\",\"@id\":\"https:\/\/www.fiscalia.gov.co\/colombia\/corrupcion\/fiscalia-logra-acuerdo-de-pago-con-implicados-del-caso-odebrecht-por-cerca-de-24-000-millones-de-pesos\/#primaryimage\",\"url\":\"https:\/\/www.fiscalia.gov.co\/colombia\/wp-content\/uploads\/Odb.jpg\",\"contentUrl\":\"https:\/\/www.fiscalia.gov.co\/colombia\/wp-content\/uploads\/Odb.jpg\",\"width\":980,\"height\":545},{\"@type\":\"BreadcrumbList\",\"@id\":\"https:\/\/www.fiscalia.gov.co\/colombia\/corrupcion\/fiscalia-logra-acuerdo-de-pago-con-implicados-del-caso-odebrecht-por-cerca-de-24-000-millones-de-pesos\/#breadcrumb\",\"itemListElement\":[{\"@type\":\"ListItem\",\"position\":1,\"name\":\"Home\",\"item\":\"https:\/\/www.fiscalia.gov.co\/colombia\/\"},{\"@type\":\"ListItem\",\"position\":2,\"name\":\"Fiscal\u00eda logra acuerdo de pago con implicados del caso Odebrecht por cerca de 24.000 millones de pesos\"}]},{\"@type\":\"WebSite\",\"@id\":\"https:\/\/www.fiscalia.gov.co\/colombia\/#website\",\"url\":\"https:\/\/www.fiscalia.gov.co\/colombia\/\",\"name\":\"Fiscal\u00eda General de la Naci\u00f3n\",\"description\":\"P\u00e1gina oficial de la Fiscal\u00eda General de la Naci\u00f3n \u2013 Colombia. Garantizamos el acceso efectivo a la justicia, la verdad y la reparaci\u00f3n de las v\u00edctimas de los delitos.\",\"publisher\":{\"@id\":\"https:\/\/www.fiscalia.gov.co\/colombia\/#organization\"},\"potentialAction\":[{\"@type\":\"SearchAction\",\"target\":{\"@type\":\"EntryPoint\",\"urlTemplate\":\"https:\/\/www.fiscalia.gov.co\/colombia\/?s={search_term_string}\"},\"query-input\":{\"@type\":\"PropertyValueSpecification\",\"valueRequired\":true,\"valueName\":\"search_term_string\"}}],\"inLanguage\":\"es-CO\"},{\"@type\":\"Organization\",\"@id\":\"https:\/\/www.fiscalia.gov.co\/colombia\/#organization\",\"name\":\"Fiscal\u00eda General de la Naci\u00f3n\",\"url\":\"https:\/\/www.fiscalia.gov.co\/colombia\/\",\"logo\":{\"@type\":\"ImageObject\",\"inLanguage\":\"es-CO\",\"@id\":\"https:\/\/www.fiscalia.gov.co\/colombia\/#\/schema\/logo\/image\/\",\"url\":\"https:\/\/www.fiscalia.gov.co\/colombia\/wp-content\/uploads\/LogoHorizontal_1.jpg\",\"contentUrl\":\"https:\/\/www.fiscalia.gov.co\/colombia\/wp-content\/uploads\/LogoHorizontal_1.jpg\",\"width\":300,\"height\":90,\"caption\":\"Fiscal\u00eda General de la Naci\u00f3n\"},\"image\":{\"@id\":\"https:\/\/www.fiscalia.gov.co\/colombia\/#\/schema\/logo\/image\/\"},\"sameAs\":[\"https:\/\/www.facebook.com\/FiscaliaCol\",\"https:\/\/x.com\/FiscaliaCol\",\"https:\/\/www.instagram.com\/fiscaliacol\",\"https:\/\/www.linkedin.com\/company\/fiscalia-general-de-la-naci-n\/\",\"https:\/\/youtube.com\/@fiscaliageneraldelanacion-4668?si=6nN79nyQICPU5iTh\"]},{\"@type\":\"Person\",\"@id\":\"https:\/\/www.fiscalia.gov.co\/colombia\/#\/schema\/person\/bf28d8ae7f1b287bbe3af484b04f43ea\",\"name\":\"Direcci\u00f3n de Comunicaciones Fiscal\u00eda General de la Naci\u00f3n\",\"image\":{\"@type\":\"ImageObject\",\"inLanguage\":\"es-CO\",\"@id\":\"https:\/\/www.fiscalia.gov.co\/colombia\/#\/schema\/person\/image\/\",\"url\":\"https:\/\/secure.gravatar.com\/avatar\/9d55ae161d32da16dbdd0b380c080a5f?s=96&d=mm&r=g\",\"contentUrl\":\"https:\/\/secure.gravatar.com\/avatar\/9d55ae161d32da16dbdd0b380c080a5f?s=96&d=mm&r=g\",\"caption\":\"Direcci\u00f3n de Comunicaciones Fiscal\u00eda General de la Naci\u00f3n\"},\"url\":\"https:\/\/www.fiscalia.gov.co\/colombia\/author\/kbonilla\/\"}]}<\/script>\n<!-- \/ Yoast SEO plugin. -->","yoast_head_json":{"title":"Fiscal\u00eda General de la Naci\u00f3n","description":"P\u00e1gina oficial de la Fiscal\u00eda General de la Naci\u00f3n \u2013 Colombia. Garantizamos el acceso efectivo a la justicia, la verdad y la reparaci\u00f3n de las v\u00edctimas de los delitos.","robots":{"index":"noindex","follow":"follow"},"og_locale":"es_ES","og_type":"article","og_title":"Fiscal\u00eda General de la Naci\u00f3n","og_description":"P\u00e1gina oficial de la Fiscal\u00eda General de la Naci\u00f3n \u2013 Colombia. Garantizamos el acceso efectivo a la justicia, la verdad y la reparaci\u00f3n de las v\u00edctimas de los delitos.","og_url":"https:\/\/www.fiscalia.gov.co\/colombia\/corrupcion\/fiscalia-logra-acuerdo-de-pago-con-implicados-del-caso-odebrecht-por-cerca-de-24-000-millones-de-pesos\/","og_site_name":"Fiscal\u00eda General de la Naci\u00f3n","article_publisher":"https:\/\/www.facebook.com\/FiscaliaCol","article_published_time":"2019-07-08T21:28:35+00:00","article_modified_time":"2019-07-09T13:51:33+00:00","og_image":[{"url":"https:\/\/www.fiscalia.gov.co\/colombia\/wp-content\/uploads\/Odb.jpg","type":"","width":"","height":""}],"author":"Direcci\u00f3n de Comunicaciones Fiscal\u00eda General de la Naci\u00f3n","twitter_card":"summary_large_image","twitter_creator":"@FiscaliaCol","twitter_site":"@FiscaliaCol","twitter_misc":{"Escrito por":"Direcci\u00f3n de Comunicaciones Fiscal\u00eda General de la Naci\u00f3n","Tiempo de lectura":"3 minutos"},"schema":{"@context":"https:\/\/schema.org","@graph":[{"@type":"Article","@id":"https:\/\/www.fiscalia.gov.co\/colombia\/corrupcion\/fiscalia-logra-acuerdo-de-pago-con-implicados-del-caso-odebrecht-por-cerca-de-24-000-millones-de-pesos\/#article","isPartOf":{"@id":"https:\/\/www.fiscalia.gov.co\/colombia\/corrupcion\/fiscalia-logra-acuerdo-de-pago-con-implicados-del-caso-odebrecht-por-cerca-de-24-000-millones-de-pesos\/"},"author":{"name":"Direcci\u00f3n de Comunicaciones Fiscal\u00eda General de la Naci\u00f3n","@id":"https:\/\/www.fiscalia.gov.co\/colombia\/#\/schema\/person\/bf28d8ae7f1b287bbe3af484b04f43ea"},"headline":"Fiscal\u00eda logra acuerdo de pago con implicados del caso Odebrecht por cerca de 24.000 millones de pesos","datePublished":"2019-07-08T21:28:35+00:00","dateModified":"2019-07-09T13:51:33+00:00","mainEntityOfPage":{"@id":"https:\/\/www.fiscalia.gov.co\/colombia\/corrupcion\/fiscalia-logra-acuerdo-de-pago-con-implicados-del-caso-odebrecht-por-cerca-de-24-000-millones-de-pesos\/"},"wordCount":631,"publisher":{"@id":"https:\/\/www.fiscalia.gov.co\/colombia\/#organization"},"image":{"@id":"https:\/\/www.fiscalia.gov.co\/colombia\/corrupcion\/fiscalia-logra-acuerdo-de-pago-con-implicados-del-caso-odebrecht-por-cerca-de-24-000-millones-de-pesos\/#primaryimage"},"thumbnailUrl":"https:\/\/www.fiscalia.gov.co\/colombia\/wp-content\/uploads\/Odb.jpg","articleSection":["Corrupci\u00f3n","Corrupci\u00f3n","Vicefiscal General de la Naci\u00f3n"],"inLanguage":"es-CO"},{"@type":"WebPage","@id":"https:\/\/www.fiscalia.gov.co\/colombia\/corrupcion\/fiscalia-logra-acuerdo-de-pago-con-implicados-del-caso-odebrecht-por-cerca-de-24-000-millones-de-pesos\/","url":"https:\/\/www.fiscalia.gov.co\/colombia\/corrupcion\/fiscalia-logra-acuerdo-de-pago-con-implicados-del-caso-odebrecht-por-cerca-de-24-000-millones-de-pesos\/","name":"Fiscal\u00eda General de la Naci\u00f3n","isPartOf":{"@id":"https:\/\/www.fiscalia.gov.co\/colombia\/#website"},"primaryImageOfPage":{"@id":"https:\/\/www.fiscalia.gov.co\/colombia\/corrupcion\/fiscalia-logra-acuerdo-de-pago-con-implicados-del-caso-odebrecht-por-cerca-de-24-000-millones-de-pesos\/#primaryimage"},"image":{"@id":"https:\/\/www.fiscalia.gov.co\/colombia\/corrupcion\/fiscalia-logra-acuerdo-de-pago-con-implicados-del-caso-odebrecht-por-cerca-de-24-000-millones-de-pesos\/#primaryimage"},"thumbnailUrl":"https:\/\/www.fiscalia.gov.co\/colombia\/wp-content\/uploads\/Odb.jpg","datePublished":"2019-07-08T21:28:35+00:00","dateModified":"2019-07-09T13:51:33+00:00","description":"P\u00e1gina oficial de la Fiscal\u00eda General de la Naci\u00f3n \u2013 Colombia. Garantizamos el acceso efectivo a la justicia, la verdad y la reparaci\u00f3n de las v\u00edctimas de los delitos.","breadcrumb":{"@id":"https:\/\/www.fiscalia.gov.co\/colombia\/corrupcion\/fiscalia-logra-acuerdo-de-pago-con-implicados-del-caso-odebrecht-por-cerca-de-24-000-millones-de-pesos\/#breadcrumb"},"inLanguage":"es-CO","potentialAction":[{"@type":"ReadAction","target":["https:\/\/www.fiscalia.gov.co\/colombia\/corrupcion\/fiscalia-logra-acuerdo-de-pago-con-implicados-del-caso-odebrecht-por-cerca-de-24-000-millones-de-pesos\/"]}]},{"@type":"ImageObject","inLanguage":"es-CO","@id":"https:\/\/www.fiscalia.gov.co\/colombia\/corrupcion\/fiscalia-logra-acuerdo-de-pago-con-implicados-del-caso-odebrecht-por-cerca-de-24-000-millones-de-pesos\/#primaryimage","url":"https:\/\/www.fiscalia.gov.co\/colombia\/wp-content\/uploads\/Odb.jpg","contentUrl":"https:\/\/www.fiscalia.gov.co\/colombia\/wp-content\/uploads\/Odb.jpg","width":980,"height":545},{"@type":"BreadcrumbList","@id":"https:\/\/www.fiscalia.gov.co\/colombia\/corrupcion\/fiscalia-logra-acuerdo-de-pago-con-implicados-del-caso-odebrecht-por-cerca-de-24-000-millones-de-pesos\/#breadcrumb","itemListElement":[{"@type":"ListItem","position":1,"name":"Home","item":"https:\/\/www.fiscalia.gov.co\/colombia\/"},{"@type":"ListItem","position":2,"name":"Fiscal\u00eda logra acuerdo de pago con implicados del caso Odebrecht por cerca de 24.000 millones de pesos"}]},{"@type":"WebSite","@id":"https:\/\/www.fiscalia.gov.co\/colombia\/#website","url":"https:\/\/www.fiscalia.gov.co\/colombia\/","name":"Fiscal\u00eda General de la Naci\u00f3n","description":"P\u00e1gina oficial de la Fiscal\u00eda General de la Naci\u00f3n \u2013 Colombia. Garantizamos el acceso efectivo a la justicia, la verdad y la reparaci\u00f3n de las v\u00edctimas de los delitos.","publisher":{"@id":"https:\/\/www.fiscalia.gov.co\/colombia\/#organization"},"potentialAction":[{"@type":"SearchAction","target":{"@type":"EntryPoint","urlTemplate":"https:\/\/www.fiscalia.gov.co\/colombia\/?s={search_term_string}"},"query-input":{"@type":"PropertyValueSpecification","valueRequired":true,"valueName":"search_term_string"}}],"inLanguage":"es-CO"},{"@type":"Organization","@id":"https:\/\/www.fiscalia.gov.co\/colombia\/#organization","name":"Fiscal\u00eda General de la Naci\u00f3n","url":"https:\/\/www.fiscalia.gov.co\/colombia\/","logo":{"@type":"ImageObject","inLanguage":"es-CO","@id":"https:\/\/www.fiscalia.gov.co\/colombia\/#\/schema\/logo\/image\/","url":"https:\/\/www.fiscalia.gov.co\/colombia\/wp-content\/uploads\/LogoHorizontal_1.jpg","contentUrl":"https:\/\/www.fiscalia.gov.co\/colombia\/wp-content\/uploads\/LogoHorizontal_1.jpg","width":300,"height":90,"caption":"Fiscal\u00eda General de la Naci\u00f3n"},"image":{"@id":"https:\/\/www.fiscalia.gov.co\/colombia\/#\/schema\/logo\/image\/"},"sameAs":["https:\/\/www.facebook.com\/FiscaliaCol","https:\/\/x.com\/FiscaliaCol","https:\/\/www.instagram.com\/fiscaliacol","https:\/\/www.linkedin.com\/company\/fiscalia-general-de-la-naci-n\/","https:\/\/youtube.com\/@fiscaliageneraldelanacion-4668?si=6nN79nyQICPU5iTh"]},{"@type":"Person","@id":"https:\/\/www.fiscalia.gov.co\/colombia\/#\/schema\/person\/bf28d8ae7f1b287bbe3af484b04f43ea","name":"Direcci\u00f3n de Comunicaciones Fiscal\u00eda General de la Naci\u00f3n","image":{"@type":"ImageObject","inLanguage":"es-CO","@id":"https:\/\/www.fiscalia.gov.co\/colombia\/#\/schema\/person\/image\/","url":"https:\/\/secure.gravatar.com\/avatar\/9d55ae161d32da16dbdd0b380c080a5f?s=96&d=mm&r=g","contentUrl":"https:\/\/secure.gravatar.com\/avatar\/9d55ae161d32da16dbdd0b380c080a5f?s=96&d=mm&r=g","caption":"Direcci\u00f3n de Comunicaciones Fiscal\u00eda General de la Naci\u00f3n"},"url":"https:\/\/www.fiscalia.gov.co\/colombia\/author\/kbonilla\/"}]}},"_links":{"self":[{"href":"https:\/\/www.fiscalia.gov.co\/colombia\/wp-json\/wp\/v2\/posts\/181152","targetHints":{"allow":["GET"]}}],"collection":[{"href":"https:\/\/www.fiscalia.gov.co\/colombia\/wp-json\/wp\/v2\/posts"}],"about":[{"href":"https:\/\/www.fiscalia.gov.co\/colombia\/wp-json\/wp\/v2\/types\/post"}],"author":[{"embeddable":true,"href":"https:\/\/www.fiscalia.gov.co\/colombia\/wp-json\/wp\/v2\/users\/162"}],"replies":[{"embeddable":true,"href":"https:\/\/www.fiscalia.gov.co\/colombia\/wp-json\/wp\/v2\/comments?post=181152"}],"version-history":[{"count":1,"href":"https:\/\/www.fiscalia.gov.co\/colombia\/wp-json\/wp\/v2\/posts\/181152\/revisions"}],"predecessor-version":[{"id":181155,"href":"https:\/\/www.fiscalia.gov.co\/colombia\/wp-json\/wp\/v2\/posts\/181152\/revisions\/181155"}],"wp:attachment":[{"href":"https:\/\/www.fiscalia.gov.co\/colombia\/wp-json\/wp\/v2\/media?parent=181152"}],"wp:term":[{"taxonomy":"category","embeddable":true,"href":"https:\/\/www.fiscalia.gov.co\/colombia\/wp-json\/wp\/v2\/categories?post=181152"},{"taxonomy":"post_tag","embeddable":true,"href":"https:\/\/www.fiscalia.gov.co\/colombia\/wp-json\/wp\/v2\/tags?post=181152"}],"curies":[{"name":"wp","href":"https:\/\/api.w.org\/{rel}","templated":true}]}}