{"id":180906,"date":"2019-06-28T15:42:19","date_gmt":"2019-06-28T20:42:19","guid":{"rendered":"https:\/\/www.fiscalia.gov.co\/colombia\/?p=180906"},"modified":"2019-06-28T15:42:19","modified_gmt":"2019-06-28T20:42:19","slug":"con-coordenadas-especificas-empezo-la-suspension-de-electricidad-a-los-invernaderos-de-marihuana-que-hurtan-energia-en-el-cauca","status":"publish","type":"post","link":"https:\/\/www.fiscalia.gov.co\/colombia\/noticias\/con-coordenadas-especificas-empezo-la-suspension-de-electricidad-a-los-invernaderos-de-marihuana-que-hurtan-energia-en-el-cauca\/","title":{"rendered":"Con coordenadas espec\u00edficas, empez\u00f3 la suspensi\u00f3n de electricidad a los invernaderos de marihuana que hurtan energ\u00eda en el Cauca"},"content":{"rendered":"<blockquote class=\"td_quote_box td_box_center\">\n<h4><strong>En total, la Fiscal\u00eda General de la Naci\u00f3n identific\u00f3 32 puntos en 18 veredas del Cauca donde se realizar\u00e1n los corte de energ\u00eda, y est\u00e1n dirigidos puntualmente a invernaderos de marihuana que hurtan la energ\u00eda.<\/strong><\/h4>\n<\/blockquote>\n<p>En el marco de la pol\u00edtica disruptiva de lucha contra el narcotr\u00e1fico, la Fiscal\u00eda General de la Naci\u00f3n le comunic\u00f3 a la\u00a0 Compa\u00f1\u00eda de Energ\u00eda de Occidente (CEO) los puntos espec\u00edficos del Cauca donde han sido detectados invernaderos de marihuana que hurtan la energ\u00eda el\u00e9ctrica en este departamento del sur del pa\u00eds.<\/p>\n<p>Seg\u00fan se pudo evidenciar, organizaciones ilegales vienen utilizando de manera il\u00edcita la energ\u00eda el\u00e9ctrica que est\u00e1 destinada a atender las necesidades de los pobladores y el comercio legal.<\/p>\n<p>El uso il\u00edcito del servicio p\u00fablico ha favorecido los referidos cultivos, pues les permite a actores ilegales acelerar el crecimiento de las plantas, generando mayores ingresos para la organizaci\u00f3n que se lucra de su comercializaci\u00f3n.<\/p>\n<p>El material probatorio recaudado permiti\u00f3 identificar con claridad 32 puntos en 18 veredas del departamento en donde est\u00e1n localizados los sembrad\u00edos que, desde esta semana, est\u00e1n siendo atacados por el accionar legal y administrativo.<\/p>\n<p>Las acciones est\u00e1n dirigidas a puntos espec\u00edficos ubicados en los municipios de Corinto, Miranda, Caloto y Torib\u00edo; espec\u00edficamente en las veredas Chicarronal, La Cristalina, La Playa, Media Naranja, Las Cruces, San Pedro, Corinto, La Cima, Buenavista, Santa Elena, La Granja, La Susana, Loma de Paja, La Tolda, Buena Vista, El Palo, Huasano, La Palma y Cristalina, en el Cauca.<\/p>\n<p>A pesar de que esta acci\u00f3n -aclara la entidad- no es una orden judicial, ni permite la imposici\u00f3n de sanciones; los operativos han contado con el respaldo de diferentes comunidades y las autoridades locales, incluidas las ind\u00edgenas. Estas han garantizado el ingreso de los expertos a los sitios previamente identificados para realizar los cortes de energ\u00eda.<\/p>\n<p>De esta manera, la Fiscal\u00eda y las autoridades locales suman esfuerzos para la prevenci\u00f3n del delito, y una forma de frenar los hechos de violencia que han venido afectando las comunidades locales.<\/p>\n<p>Con estas acciones se garantiza que no se afectar\u00e1 el diario vivir de los campesinos o de las empresas legales ubicadas en la regi\u00f3n, por no tratarse de cortes generalizados, pues los operativos por parte del ente investigador y de dem\u00e1s actores est\u00e1n dirigidos a luchar contra los cultivos il\u00edcitos y el narcotr\u00e1fico, adem\u00e1s de prevenir la comisi\u00f3n de delitos asociados.<\/p>\n<p>Seg\u00fan los reportes oficiales, en el Cauca actualmente existen 233 hect\u00e1reas de marihuana sembradas que se han convertido en un dolor de cabeza para los habitantes de la regi\u00f3n del pa\u00eds.<\/p>\n<p>La primera jornada de cortes de energ\u00eda se cumpli\u00f3 esta semana en un lugar espec\u00edfico de la vereda de Buena Vista, en Torib\u00edo. En este punto, como en los dem\u00e1s a los que se espera llegar, la comunidad ha acompa\u00f1ado los procesos de suspensi\u00f3n del servicio realizados por la empresa de energ\u00eda. Cada una de estas acciones ha permitido la desconexi\u00f3n de transformadores y equipos instalados de manera irregular.<\/p>\n<p>La Fiscal\u00eda General de la Naci\u00f3n hace p\u00fablica esta informaci\u00f3n por razones de inter\u00e9s general.<\/p>\n\n<div class=\"twitter-share\"><a href=\"https:\/\/twitter.com\/intent\/tweet?via=fiscaliacol\" class=\"twitter-share-button\">Tweet<\/a><\/div>\n","protected":false},"excerpt":{"rendered":"<p>En total, la Fiscal\u00eda General de la Naci\u00f3n identific\u00f3 32 puntos en 18 veredas del Cauca donde se realizar\u00e1n los corte de energ\u00eda, y est\u00e1n dirigidos puntualmente a invernaderos de marihuana que hurtan la energ\u00eda. En el marco de la pol\u00edtica disruptiva de lucha contra el narcotr\u00e1fico, la Fiscal\u00eda General de la Naci\u00f3n le comunic\u00f3 [&hellip;]<\/p>\n","protected":false},"author":162,"featured_media":0,"comment_status":"closed","ping_status":"open","sticky":false,"template":"","format":"standard","meta":{"_price":"","_stock":"","_tribe_ticket_header":"","_tribe_default_ticket_provider":"","_tribe_ticket_capacity":"0","_ticket_start_date":"","_ticket_end_date":"","_tribe_ticket_show_description":"","_tribe_ticket_show_not_going":false,"_tribe_ticket_use_global_stock":"","_tribe_ticket_global_stock_level":"","_global_stock_mode":"","_global_stock_cap":"","_tribe_rsvp_for_event":"","_tribe_ticket_going_count":"","_tribe_ticket_not_going_count":"","_tribe_tickets_list":"[]","_tribe_ticket_has_attendee_info_fields":false,"tdm_status":"","tdm_grid_status":"","footnotes":""},"categories":[24115,1],"tags":[],"class_list":{"0":"post-180906","1":"post","2":"type-post","3":"status-publish","4":"format-standard","6":"category-narcotrafico","7":"category-noticias"},"yoast_head":"<!-- This site is optimized with the Yoast SEO plugin v24.3 - https:\/\/yoast.com\/wordpress\/plugins\/seo\/ -->\n<title>Fiscal\u00eda General de la Naci\u00f3n<\/title>\n<meta name=\"description\" content=\"P\u00e1gina oficial de la Fiscal\u00eda General de la Naci\u00f3n \u2013 Colombia. Garantizamos el acceso efectivo a la justicia, la verdad y la reparaci\u00f3n de las v\u00edctimas de los delitos.\" \/>\n<meta name=\"robots\" content=\"noindex, follow\" \/>\n<meta property=\"og:locale\" content=\"es_ES\" \/>\n<meta property=\"og:type\" content=\"article\" \/>\n<meta property=\"og:title\" content=\"Fiscal\u00eda General de la Naci\u00f3n\" \/>\n<meta property=\"og:description\" content=\"P\u00e1gina oficial de la Fiscal\u00eda General de la Naci\u00f3n \u2013 Colombia. Garantizamos el acceso efectivo a la justicia, la verdad y la reparaci\u00f3n de las v\u00edctimas de los delitos.\" \/>\n<meta property=\"og:url\" content=\"https:\/\/www.fiscalia.gov.co\/colombia\/noticias\/con-coordenadas-especificas-empezo-la-suspension-de-electricidad-a-los-invernaderos-de-marihuana-que-hurtan-energia-en-el-cauca\/\" \/>\n<meta property=\"og:site_name\" content=\"Fiscal\u00eda General de la Naci\u00f3n\" \/>\n<meta property=\"article:publisher\" content=\"https:\/\/www.facebook.com\/FiscaliaCol\" \/>\n<meta property=\"article:published_time\" content=\"2019-06-28T20:42:19+00:00\" \/>\n<meta name=\"author\" content=\"Direcci\u00f3n de Comunicaciones Fiscal\u00eda General de la Naci\u00f3n\" \/>\n<meta name=\"twitter:card\" content=\"summary_large_image\" \/>\n<meta name=\"twitter:creator\" content=\"@FiscaliaCol\" \/>\n<meta name=\"twitter:site\" content=\"@FiscaliaCol\" \/>\n<meta name=\"twitter:label1\" content=\"Escrito por\" \/>\n\t<meta name=\"twitter:data1\" content=\"Direcci\u00f3n de Comunicaciones Fiscal\u00eda General de la Naci\u00f3n\" \/>\n\t<meta name=\"twitter:label2\" content=\"Tiempo de lectura\" \/>\n\t<meta name=\"twitter:data2\" content=\"3 minutos\" \/>\n<script type=\"application\/ld+json\" class=\"yoast-schema-graph\">{\"@context\":\"https:\/\/schema.org\",\"@graph\":[{\"@type\":\"Article\",\"@id\":\"https:\/\/www.fiscalia.gov.co\/colombia\/noticias\/con-coordenadas-especificas-empezo-la-suspension-de-electricidad-a-los-invernaderos-de-marihuana-que-hurtan-energia-en-el-cauca\/#article\",\"isPartOf\":{\"@id\":\"https:\/\/www.fiscalia.gov.co\/colombia\/noticias\/con-coordenadas-especificas-empezo-la-suspension-de-electricidad-a-los-invernaderos-de-marihuana-que-hurtan-energia-en-el-cauca\/\"},\"author\":{\"name\":\"Direcci\u00f3n de Comunicaciones Fiscal\u00eda General de la Naci\u00f3n\",\"@id\":\"https:\/\/www.fiscalia.gov.co\/colombia\/#\/schema\/person\/bf28d8ae7f1b287bbe3af484b04f43ea\"},\"headline\":\"Con coordenadas espec\u00edficas, empez\u00f3 la suspensi\u00f3n de electricidad a los invernaderos de marihuana que hurtan energ\u00eda en el Cauca\",\"datePublished\":\"2019-06-28T20:42:19+00:00\",\"dateModified\":\"2019-06-28T20:42:19+00:00\",\"mainEntityOfPage\":{\"@id\":\"https:\/\/www.fiscalia.gov.co\/colombia\/noticias\/con-coordenadas-especificas-empezo-la-suspension-de-electricidad-a-los-invernaderos-de-marihuana-que-hurtan-energia-en-el-cauca\/\"},\"wordCount\":585,\"publisher\":{\"@id\":\"https:\/\/www.fiscalia.gov.co\/colombia\/#organization\"},\"articleSection\":[\"Narcotr\u00e1fico\",\"Noticias\"],\"inLanguage\":\"es-CO\"},{\"@type\":\"WebPage\",\"@id\":\"https:\/\/www.fiscalia.gov.co\/colombia\/noticias\/con-coordenadas-especificas-empezo-la-suspension-de-electricidad-a-los-invernaderos-de-marihuana-que-hurtan-energia-en-el-cauca\/\",\"url\":\"https:\/\/www.fiscalia.gov.co\/colombia\/noticias\/con-coordenadas-especificas-empezo-la-suspension-de-electricidad-a-los-invernaderos-de-marihuana-que-hurtan-energia-en-el-cauca\/\",\"name\":\"Fiscal\u00eda General de la Naci\u00f3n\",\"isPartOf\":{\"@id\":\"https:\/\/www.fiscalia.gov.co\/colombia\/#website\"},\"datePublished\":\"2019-06-28T20:42:19+00:00\",\"dateModified\":\"2019-06-28T20:42:19+00:00\",\"description\":\"P\u00e1gina oficial de la Fiscal\u00eda General de la Naci\u00f3n \u2013 Colombia. Garantizamos el acceso efectivo a la justicia, la verdad y la reparaci\u00f3n de las v\u00edctimas de los delitos.\",\"breadcrumb\":{\"@id\":\"https:\/\/www.fiscalia.gov.co\/colombia\/noticias\/con-coordenadas-especificas-empezo-la-suspension-de-electricidad-a-los-invernaderos-de-marihuana-que-hurtan-energia-en-el-cauca\/#breadcrumb\"},\"inLanguage\":\"es-CO\",\"potentialAction\":[{\"@type\":\"ReadAction\",\"target\":[\"https:\/\/www.fiscalia.gov.co\/colombia\/noticias\/con-coordenadas-especificas-empezo-la-suspension-de-electricidad-a-los-invernaderos-de-marihuana-que-hurtan-energia-en-el-cauca\/\"]}]},{\"@type\":\"BreadcrumbList\",\"@id\":\"https:\/\/www.fiscalia.gov.co\/colombia\/noticias\/con-coordenadas-especificas-empezo-la-suspension-de-electricidad-a-los-invernaderos-de-marihuana-que-hurtan-energia-en-el-cauca\/#breadcrumb\",\"itemListElement\":[{\"@type\":\"ListItem\",\"position\":1,\"name\":\"Home\",\"item\":\"https:\/\/www.fiscalia.gov.co\/colombia\/\"},{\"@type\":\"ListItem\",\"position\":2,\"name\":\"Con coordenadas espec\u00edficas, empez\u00f3 la suspensi\u00f3n de electricidad a los invernaderos de marihuana que hurtan energ\u00eda en el Cauca\"}]},{\"@type\":\"WebSite\",\"@id\":\"https:\/\/www.fiscalia.gov.co\/colombia\/#website\",\"url\":\"https:\/\/www.fiscalia.gov.co\/colombia\/\",\"name\":\"Fiscal\u00eda General de la Naci\u00f3n\",\"description\":\"P\u00e1gina oficial de la Fiscal\u00eda General de la Naci\u00f3n \u2013 Colombia. Garantizamos el acceso efectivo a la justicia, la verdad y la reparaci\u00f3n de las v\u00edctimas de los delitos.\",\"publisher\":{\"@id\":\"https:\/\/www.fiscalia.gov.co\/colombia\/#organization\"},\"potentialAction\":[{\"@type\":\"SearchAction\",\"target\":{\"@type\":\"EntryPoint\",\"urlTemplate\":\"https:\/\/www.fiscalia.gov.co\/colombia\/?s={search_term_string}\"},\"query-input\":{\"@type\":\"PropertyValueSpecification\",\"valueRequired\":true,\"valueName\":\"search_term_string\"}}],\"inLanguage\":\"es-CO\"},{\"@type\":\"Organization\",\"@id\":\"https:\/\/www.fiscalia.gov.co\/colombia\/#organization\",\"name\":\"Fiscal\u00eda General de la Naci\u00f3n\",\"url\":\"https:\/\/www.fiscalia.gov.co\/colombia\/\",\"logo\":{\"@type\":\"ImageObject\",\"inLanguage\":\"es-CO\",\"@id\":\"https:\/\/www.fiscalia.gov.co\/colombia\/#\/schema\/logo\/image\/\",\"url\":\"https:\/\/www.fiscalia.gov.co\/colombia\/wp-content\/uploads\/LogoHorizontal_1.jpg\",\"contentUrl\":\"https:\/\/www.fiscalia.gov.co\/colombia\/wp-content\/uploads\/LogoHorizontal_1.jpg\",\"width\":300,\"height\":90,\"caption\":\"Fiscal\u00eda General de la Naci\u00f3n\"},\"image\":{\"@id\":\"https:\/\/www.fiscalia.gov.co\/colombia\/#\/schema\/logo\/image\/\"},\"sameAs\":[\"https:\/\/www.facebook.com\/FiscaliaCol\",\"https:\/\/x.com\/FiscaliaCol\",\"https:\/\/www.instagram.com\/fiscaliacol\",\"https:\/\/www.linkedin.com\/company\/fiscalia-general-de-la-naci-n\/\",\"https:\/\/youtube.com\/@fiscaliageneraldelanacion-4668?si=6nN79nyQICPU5iTh\"]},{\"@type\":\"Person\",\"@id\":\"https:\/\/www.fiscalia.gov.co\/colombia\/#\/schema\/person\/bf28d8ae7f1b287bbe3af484b04f43ea\",\"name\":\"Direcci\u00f3n de Comunicaciones Fiscal\u00eda General de la Naci\u00f3n\",\"image\":{\"@type\":\"ImageObject\",\"inLanguage\":\"es-CO\",\"@id\":\"https:\/\/www.fiscalia.gov.co\/colombia\/#\/schema\/person\/image\/\",\"url\":\"https:\/\/secure.gravatar.com\/avatar\/9d55ae161d32da16dbdd0b380c080a5f?s=96&d=mm&r=g\",\"contentUrl\":\"https:\/\/secure.gravatar.com\/avatar\/9d55ae161d32da16dbdd0b380c080a5f?s=96&d=mm&r=g\",\"caption\":\"Direcci\u00f3n de Comunicaciones Fiscal\u00eda General de la Naci\u00f3n\"},\"url\":\"https:\/\/www.fiscalia.gov.co\/colombia\/author\/kbonilla\/\"}]}<\/script>\n<!-- \/ Yoast SEO plugin. -->","yoast_head_json":{"title":"Fiscal\u00eda General de la Naci\u00f3n","description":"P\u00e1gina oficial de la Fiscal\u00eda General de la Naci\u00f3n \u2013 Colombia. Garantizamos el acceso efectivo a la justicia, la verdad y la reparaci\u00f3n de las v\u00edctimas de los delitos.","robots":{"index":"noindex","follow":"follow"},"og_locale":"es_ES","og_type":"article","og_title":"Fiscal\u00eda General de la Naci\u00f3n","og_description":"P\u00e1gina oficial de la Fiscal\u00eda General de la Naci\u00f3n \u2013 Colombia. Garantizamos el acceso efectivo a la justicia, la verdad y la reparaci\u00f3n de las v\u00edctimas de los delitos.","og_url":"https:\/\/www.fiscalia.gov.co\/colombia\/noticias\/con-coordenadas-especificas-empezo-la-suspension-de-electricidad-a-los-invernaderos-de-marihuana-que-hurtan-energia-en-el-cauca\/","og_site_name":"Fiscal\u00eda General de la Naci\u00f3n","article_publisher":"https:\/\/www.facebook.com\/FiscaliaCol","article_published_time":"2019-06-28T20:42:19+00:00","author":"Direcci\u00f3n de Comunicaciones Fiscal\u00eda General de la Naci\u00f3n","twitter_card":"summary_large_image","twitter_creator":"@FiscaliaCol","twitter_site":"@FiscaliaCol","twitter_misc":{"Escrito por":"Direcci\u00f3n de Comunicaciones Fiscal\u00eda General de la Naci\u00f3n","Tiempo de lectura":"3 minutos"},"schema":{"@context":"https:\/\/schema.org","@graph":[{"@type":"Article","@id":"https:\/\/www.fiscalia.gov.co\/colombia\/noticias\/con-coordenadas-especificas-empezo-la-suspension-de-electricidad-a-los-invernaderos-de-marihuana-que-hurtan-energia-en-el-cauca\/#article","isPartOf":{"@id":"https:\/\/www.fiscalia.gov.co\/colombia\/noticias\/con-coordenadas-especificas-empezo-la-suspension-de-electricidad-a-los-invernaderos-de-marihuana-que-hurtan-energia-en-el-cauca\/"},"author":{"name":"Direcci\u00f3n de Comunicaciones Fiscal\u00eda General de la Naci\u00f3n","@id":"https:\/\/www.fiscalia.gov.co\/colombia\/#\/schema\/person\/bf28d8ae7f1b287bbe3af484b04f43ea"},"headline":"Con coordenadas espec\u00edficas, empez\u00f3 la suspensi\u00f3n de electricidad a los invernaderos de marihuana que hurtan energ\u00eda en el Cauca","datePublished":"2019-06-28T20:42:19+00:00","dateModified":"2019-06-28T20:42:19+00:00","mainEntityOfPage":{"@id":"https:\/\/www.fiscalia.gov.co\/colombia\/noticias\/con-coordenadas-especificas-empezo-la-suspension-de-electricidad-a-los-invernaderos-de-marihuana-que-hurtan-energia-en-el-cauca\/"},"wordCount":585,"publisher":{"@id":"https:\/\/www.fiscalia.gov.co\/colombia\/#organization"},"articleSection":["Narcotr\u00e1fico","Noticias"],"inLanguage":"es-CO"},{"@type":"WebPage","@id":"https:\/\/www.fiscalia.gov.co\/colombia\/noticias\/con-coordenadas-especificas-empezo-la-suspension-de-electricidad-a-los-invernaderos-de-marihuana-que-hurtan-energia-en-el-cauca\/","url":"https:\/\/www.fiscalia.gov.co\/colombia\/noticias\/con-coordenadas-especificas-empezo-la-suspension-de-electricidad-a-los-invernaderos-de-marihuana-que-hurtan-energia-en-el-cauca\/","name":"Fiscal\u00eda General de la Naci\u00f3n","isPartOf":{"@id":"https:\/\/www.fiscalia.gov.co\/colombia\/#website"},"datePublished":"2019-06-28T20:42:19+00:00","dateModified":"2019-06-28T20:42:19+00:00","description":"P\u00e1gina oficial de la Fiscal\u00eda General de la Naci\u00f3n \u2013 Colombia. Garantizamos el acceso efectivo a la justicia, la verdad y la reparaci\u00f3n de las v\u00edctimas de los delitos.","breadcrumb":{"@id":"https:\/\/www.fiscalia.gov.co\/colombia\/noticias\/con-coordenadas-especificas-empezo-la-suspension-de-electricidad-a-los-invernaderos-de-marihuana-que-hurtan-energia-en-el-cauca\/#breadcrumb"},"inLanguage":"es-CO","potentialAction":[{"@type":"ReadAction","target":["https:\/\/www.fiscalia.gov.co\/colombia\/noticias\/con-coordenadas-especificas-empezo-la-suspension-de-electricidad-a-los-invernaderos-de-marihuana-que-hurtan-energia-en-el-cauca\/"]}]},{"@type":"BreadcrumbList","@id":"https:\/\/www.fiscalia.gov.co\/colombia\/noticias\/con-coordenadas-especificas-empezo-la-suspension-de-electricidad-a-los-invernaderos-de-marihuana-que-hurtan-energia-en-el-cauca\/#breadcrumb","itemListElement":[{"@type":"ListItem","position":1,"name":"Home","item":"https:\/\/www.fiscalia.gov.co\/colombia\/"},{"@type":"ListItem","position":2,"name":"Con coordenadas espec\u00edficas, empez\u00f3 la suspensi\u00f3n de electricidad a los invernaderos de marihuana que hurtan energ\u00eda en el Cauca"}]},{"@type":"WebSite","@id":"https:\/\/www.fiscalia.gov.co\/colombia\/#website","url":"https:\/\/www.fiscalia.gov.co\/colombia\/","name":"Fiscal\u00eda General de la Naci\u00f3n","description":"P\u00e1gina oficial de la Fiscal\u00eda General de la Naci\u00f3n \u2013 Colombia. Garantizamos el acceso efectivo a la justicia, la verdad y la reparaci\u00f3n de las v\u00edctimas de los delitos.","publisher":{"@id":"https:\/\/www.fiscalia.gov.co\/colombia\/#organization"},"potentialAction":[{"@type":"SearchAction","target":{"@type":"EntryPoint","urlTemplate":"https:\/\/www.fiscalia.gov.co\/colombia\/?s={search_term_string}"},"query-input":{"@type":"PropertyValueSpecification","valueRequired":true,"valueName":"search_term_string"}}],"inLanguage":"es-CO"},{"@type":"Organization","@id":"https:\/\/www.fiscalia.gov.co\/colombia\/#organization","name":"Fiscal\u00eda General de la Naci\u00f3n","url":"https:\/\/www.fiscalia.gov.co\/colombia\/","logo":{"@type":"ImageObject","inLanguage":"es-CO","@id":"https:\/\/www.fiscalia.gov.co\/colombia\/#\/schema\/logo\/image\/","url":"https:\/\/www.fiscalia.gov.co\/colombia\/wp-content\/uploads\/LogoHorizontal_1.jpg","contentUrl":"https:\/\/www.fiscalia.gov.co\/colombia\/wp-content\/uploads\/LogoHorizontal_1.jpg","width":300,"height":90,"caption":"Fiscal\u00eda General de la Naci\u00f3n"},"image":{"@id":"https:\/\/www.fiscalia.gov.co\/colombia\/#\/schema\/logo\/image\/"},"sameAs":["https:\/\/www.facebook.com\/FiscaliaCol","https:\/\/x.com\/FiscaliaCol","https:\/\/www.instagram.com\/fiscaliacol","https:\/\/www.linkedin.com\/company\/fiscalia-general-de-la-naci-n\/","https:\/\/youtube.com\/@fiscaliageneraldelanacion-4668?si=6nN79nyQICPU5iTh"]},{"@type":"Person","@id":"https:\/\/www.fiscalia.gov.co\/colombia\/#\/schema\/person\/bf28d8ae7f1b287bbe3af484b04f43ea","name":"Direcci\u00f3n de Comunicaciones Fiscal\u00eda General de la Naci\u00f3n","image":{"@type":"ImageObject","inLanguage":"es-CO","@id":"https:\/\/www.fiscalia.gov.co\/colombia\/#\/schema\/person\/image\/","url":"https:\/\/secure.gravatar.com\/avatar\/9d55ae161d32da16dbdd0b380c080a5f?s=96&d=mm&r=g","contentUrl":"https:\/\/secure.gravatar.com\/avatar\/9d55ae161d32da16dbdd0b380c080a5f?s=96&d=mm&r=g","caption":"Direcci\u00f3n de Comunicaciones Fiscal\u00eda General de la Naci\u00f3n"},"url":"https:\/\/www.fiscalia.gov.co\/colombia\/author\/kbonilla\/"}]}},"_links":{"self":[{"href":"https:\/\/www.fiscalia.gov.co\/colombia\/wp-json\/wp\/v2\/posts\/180906","targetHints":{"allow":["GET"]}}],"collection":[{"href":"https:\/\/www.fiscalia.gov.co\/colombia\/wp-json\/wp\/v2\/posts"}],"about":[{"href":"https:\/\/www.fiscalia.gov.co\/colombia\/wp-json\/wp\/v2\/types\/post"}],"author":[{"embeddable":true,"href":"https:\/\/www.fiscalia.gov.co\/colombia\/wp-json\/wp\/v2\/users\/162"}],"replies":[{"embeddable":true,"href":"https:\/\/www.fiscalia.gov.co\/colombia\/wp-json\/wp\/v2\/comments?post=180906"}],"version-history":[{"count":1,"href":"https:\/\/www.fiscalia.gov.co\/colombia\/wp-json\/wp\/v2\/posts\/180906\/revisions"}],"predecessor-version":[{"id":180908,"href":"https:\/\/www.fiscalia.gov.co\/colombia\/wp-json\/wp\/v2\/posts\/180906\/revisions\/180908"}],"wp:attachment":[{"href":"https:\/\/www.fiscalia.gov.co\/colombia\/wp-json\/wp\/v2\/media?parent=180906"}],"wp:term":[{"taxonomy":"category","embeddable":true,"href":"https:\/\/www.fiscalia.gov.co\/colombia\/wp-json\/wp\/v2\/categories?post=180906"},{"taxonomy":"post_tag","embeddable":true,"href":"https:\/\/www.fiscalia.gov.co\/colombia\/wp-json\/wp\/v2\/tags?post=180906"}],"curies":[{"name":"wp","href":"https:\/\/api.w.org\/{rel}","templated":true}]}}