{"id":180826,"date":"2019-06-27T09:12:20","date_gmt":"2019-06-27T14:12:20","guid":{"rendered":"https:\/\/www.fiscalia.gov.co\/colombia\/?p=180826"},"modified":"2019-06-27T09:13:01","modified_gmt":"2019-06-27T14:13:01","slug":"fiscalia-obtiene-medida-contra-un-fiscal-y-un-abogado-por-corrupcion-en-la-administracion-de-justicia","status":"publish","type":"post","link":"https:\/\/www.fiscalia.gov.co\/colombia\/noticias\/fiscalia-obtiene-medida-contra-un-fiscal-y-un-abogado-por-corrupcion-en-la-administracion-de-justicia\/","title":{"rendered":"Fiscal\u00eda obtiene medida contra un fiscal y un abogado por corrupci\u00f3n en la administraci\u00f3n de justicia"},"content":{"rendered":"<p>La Fiscal\u00eda puso al descubierto un caso que afecta la administraci\u00f3n de justicia. Se trata de la manera ama\u00f1ada como al parecer el fiscal delegado ante jueces del circuito de esa localidad, Julio C\u00e9sar S\u00e1nchez Acu\u00f1a, habr\u00eda articulado esfuerzos con profesionales del derecho y servidores judiciales para presuntamente beneficiar a personas investigadas por diferentes delitos en el sur del pa\u00eds.<\/p>\n<p>Para alcanzar su cometido el fiscal S\u00e1nchez, al parecer, se confabulaba con abogados y jueces para que tramitaran preacuerdos con los implicados en delitos, y supuestamente, tras recibir distintas sumas de dinero, \u00e9stos \u00faltimos habr\u00edan obtenido beneficios judiciales que iban desde disminuciones en sus penas, medidas domiciliarias, hasta libertades.<\/p>\n<p><strong>Caso 1: Beneficios a implicado en captaci\u00f3n de dineros<\/strong><\/p>\n<p>Al parecer, el fiscal S\u00e1nchez, con la ayuda del abogado William Alexander Argoti Lagos, otorg\u00f3 un preacuerdo que benefici\u00f3 con medida domiciliaria a un hombre encargado de conseguir clientes y recaudar dineros para una captadora ilegal de dinero en Mocoa o lo que se ha conocido popularmente como \u2018pir\u00e1mide\u2019, la cual se habr\u00eda apropiado de los ahorros de decenas de incautos.<\/p>\n<p><strong>Caso 2: Cambio de delito a mujer que supuestamente envenen\u00f3 a sus hijos. <\/strong><\/p>\n<p>En esta investigaci\u00f3n, se constat\u00f3 que a pesar del hecho grave por el que la mujer fue procesada, se cambiaron los delitos y se obtuvo una pena m\u00ednima de 21 meses de prisi\u00f3n. Fue vinculado juez penal municipal de Mocoa (Putumayo), Leonel D\u00edaz Mora, quien aprob\u00f3 el preacuerdo, pese a estar impedido por haber hecho parte de las audiencias preliminares.<\/p>\n<p><strong>Caso 3: Rebaja de penas en caso de secuestro de menores. <\/strong><\/p>\n<p>Estar\u00eda relacionado con la indebida tasaci\u00f3n de los delitos imputados. Esto le permiti\u00f3 al implicado obtener una rebaja de penas, de nuevo mediante un preacuerdo.<\/p>\n<p><strong>Caso 4: Libertad para tres personas quienes estar\u00edan relacionadas con una organizaci\u00f3n criminal.<\/strong><\/p>\n<p>Al parecer el fiscal no prepar\u00f3 de manera adecuada y suficiente los argumentos para que los detenidos fueran cobijados con medida de aseguramiento, de tal forma que el juez del caso les concedi\u00f3 la libertad a los tres detenidos.<\/p>\n<p><strong>Caso 5: Libertad en caso de hurto de unas llantas.<\/strong><\/p>\n<p>A trav\u00e9s un preacuerdo se otorg\u00f3 la libertad a los procesados por el hurto de llantas. Por estos hechos la Fiscal\u00eda investiga tambi\u00e9n, la presunta participaci\u00f3n irregular del fiscal delegado ante jueces del circuito en Mocoa, Edelberto Zapata Mu\u00f1oz.<\/p>\n<p>Por todas estas investigaciones la Fiscal\u00eda General de la Naci\u00f3n imput\u00f3 como presuntos responsables de los delitos de concusi\u00f3n, prevaricato por acci\u00f3n simple y agravado, y fraude procesal a:<\/p>\n<ul>\n<li>Julio C\u00e9sar S\u00e1nchez Acu\u00f1a, fiscal delegado ante jueces del circuito en Mocoa (Putumayo).<\/li>\n<li>William Alexander Argoti Lagos, abogado.<\/li>\n<li>Leonel D\u00edaz Mora, juez penal municipal de Mocoa (Putumayo)<\/li>\n<li>Edelberto Zapata Mu\u00f1oz, fiscal delegado ante jueces del circuito en Mocoa (Putumayo).<\/li>\n<\/ul>\n<p>La Fiscal\u00eda pidi\u00f3 medida de aseguramiento en centro carcelario contra de S\u00e1nchez Acu\u00f1a, Argoti Lagos, y D\u00edaz Mora.<\/p>\n<p>El juez del caso les otorg\u00f3 las siguientes medidas no privativas de la libertad a S\u00e1nchez y Argoti Lagos: obligaci\u00f3n de presentarse peri\u00f3dicamente o cuando sea requerido, buena conducta, prohibici\u00f3n de salir del pa\u00eds, prohibici\u00f3n de comunicarse con las v\u00edctimas, y prestar cauci\u00f3n por un salario m\u00ednimo legal vigente.<\/p>\n<p>La Fiscal\u00eda General\u00a0 de la Naci\u00f3n hace p\u00fablica esta informaci\u00f3n por razones de inter\u00e9s general.<\/p>\n\n<div class=\"twitter-share\"><a href=\"https:\/\/twitter.com\/intent\/tweet?via=fiscaliacol\" class=\"twitter-share-button\">Tweet<\/a><\/div>\n","protected":false},"excerpt":{"rendered":"<p>La Fiscal\u00eda puso al descubierto un caso que afecta la administraci\u00f3n de justicia. Se trata de la manera ama\u00f1ada como al parecer el fiscal delegado ante jueces del circuito de [&hellip;]<\/p>\n","protected":false},"author":162,"featured_media":0,"comment_status":"closed","ping_status":"open","sticky":false,"template":"","format":"standard","meta":{"tdm_status":"","tdm_grid_status":"","footnotes":""},"categories":[24107,24097,1],"tags":[],"class_list":["post-180826","post","type-post","status-publish","format-standard","category-lucha-contra-corrupcion","category-corrupcion","category-noticias"],"yoast_head":"<!-- This site is optimized with the Yoast SEO plugin v24.3 - https:\/\/yoast.com\/wordpress\/plugins\/seo\/ -->\n<title>Fiscal\u00eda General de la Naci\u00f3n<\/title>\n<meta name=\"description\" content=\"P\u00e1gina oficial de la Fiscal\u00eda General de la Naci\u00f3n \u2013 Colombia. Garantizamos el acceso efectivo a la justicia, la verdad y la reparaci\u00f3n de las v\u00edctimas de los delitos.\" \/>\n<meta name=\"robots\" content=\"noindex, follow\" \/>\n<meta property=\"og:locale\" content=\"es_ES\" \/>\n<meta property=\"og:type\" content=\"article\" \/>\n<meta property=\"og:title\" content=\"Fiscal\u00eda General de la Naci\u00f3n\" \/>\n<meta property=\"og:description\" content=\"P\u00e1gina oficial de la Fiscal\u00eda General de la Naci\u00f3n \u2013 Colombia. Garantizamos el acceso efectivo a la justicia, la verdad y la reparaci\u00f3n de las v\u00edctimas de los delitos.\" \/>\n<meta property=\"og:url\" content=\"https:\/\/www.fiscalia.gov.co\/colombia\/noticias\/fiscalia-obtiene-medida-contra-un-fiscal-y-un-abogado-por-corrupcion-en-la-administracion-de-justicia\/\" \/>\n<meta property=\"og:site_name\" content=\"Fiscal\u00eda General de la Naci\u00f3n\" \/>\n<meta property=\"article:publisher\" content=\"https:\/\/www.facebook.com\/FiscaliaCol\" \/>\n<meta property=\"article:published_time\" content=\"2019-06-27T14:12:20+00:00\" \/>\n<meta property=\"article:modified_time\" content=\"2019-06-27T14:13:01+00:00\" \/>\n<meta name=\"author\" content=\"Direcci\u00f3n de Comunicaciones Fiscal\u00eda General de la Naci\u00f3n\" \/>\n<meta name=\"twitter:card\" content=\"summary_large_image\" \/>\n<meta name=\"twitter:creator\" content=\"@FiscaliaCol\" \/>\n<meta name=\"twitter:site\" content=\"@FiscaliaCol\" \/>\n<meta name=\"twitter:label1\" content=\"Escrito por\" \/>\n\t<meta name=\"twitter:data1\" content=\"Direcci\u00f3n de Comunicaciones Fiscal\u00eda General de la Naci\u00f3n\" \/>\n\t<meta name=\"twitter:label2\" content=\"Tiempo de lectura\" \/>\n\t<meta name=\"twitter:data2\" content=\"3 minutos\" \/>\n<script type=\"application\/ld+json\" class=\"yoast-schema-graph\">{\"@context\":\"https:\/\/schema.org\",\"@graph\":[{\"@type\":\"Article\",\"@id\":\"https:\/\/www.fiscalia.gov.co\/colombia\/noticias\/fiscalia-obtiene-medida-contra-un-fiscal-y-un-abogado-por-corrupcion-en-la-administracion-de-justicia\/#article\",\"isPartOf\":{\"@id\":\"https:\/\/www.fiscalia.gov.co\/colombia\/noticias\/fiscalia-obtiene-medida-contra-un-fiscal-y-un-abogado-por-corrupcion-en-la-administracion-de-justicia\/\"},\"author\":{\"name\":\"Direcci\u00f3n de Comunicaciones Fiscal\u00eda General de la Naci\u00f3n\",\"@id\":\"https:\/\/www.fiscalia.gov.co\/colombia\/#\/schema\/person\/bf28d8ae7f1b287bbe3af484b04f43ea\"},\"headline\":\"Fiscal\u00eda obtiene medida contra un fiscal y un abogado por corrupci\u00f3n en la administraci\u00f3n de justicia\",\"datePublished\":\"2019-06-27T14:12:20+00:00\",\"dateModified\":\"2019-06-27T14:13:01+00:00\",\"mainEntityOfPage\":{\"@id\":\"https:\/\/www.fiscalia.gov.co\/colombia\/noticias\/fiscalia-obtiene-medida-contra-un-fiscal-y-un-abogado-por-corrupcion-en-la-administracion-de-justicia\/\"},\"wordCount\":606,\"publisher\":{\"@id\":\"https:\/\/www.fiscalia.gov.co\/colombia\/#organization\"},\"articleSection\":[\"Corrupci\u00f3n\",\"Corrupci\u00f3n\",\"Noticias\"],\"inLanguage\":\"es-CO\"},{\"@type\":\"WebPage\",\"@id\":\"https:\/\/www.fiscalia.gov.co\/colombia\/noticias\/fiscalia-obtiene-medida-contra-un-fiscal-y-un-abogado-por-corrupcion-en-la-administracion-de-justicia\/\",\"url\":\"https:\/\/www.fiscalia.gov.co\/colombia\/noticias\/fiscalia-obtiene-medida-contra-un-fiscal-y-un-abogado-por-corrupcion-en-la-administracion-de-justicia\/\",\"name\":\"Fiscal\u00eda General de la Naci\u00f3n\",\"isPartOf\":{\"@id\":\"https:\/\/www.fiscalia.gov.co\/colombia\/#website\"},\"datePublished\":\"2019-06-27T14:12:20+00:00\",\"dateModified\":\"2019-06-27T14:13:01+00:00\",\"description\":\"P\u00e1gina oficial de la Fiscal\u00eda General de la Naci\u00f3n \u2013 Colombia. Garantizamos el acceso efectivo a la justicia, la verdad y la reparaci\u00f3n de las v\u00edctimas de los delitos.\",\"breadcrumb\":{\"@id\":\"https:\/\/www.fiscalia.gov.co\/colombia\/noticias\/fiscalia-obtiene-medida-contra-un-fiscal-y-un-abogado-por-corrupcion-en-la-administracion-de-justicia\/#breadcrumb\"},\"inLanguage\":\"es-CO\",\"potentialAction\":[{\"@type\":\"ReadAction\",\"target\":[\"https:\/\/www.fiscalia.gov.co\/colombia\/noticias\/fiscalia-obtiene-medida-contra-un-fiscal-y-un-abogado-por-corrupcion-en-la-administracion-de-justicia\/\"]}]},{\"@type\":\"BreadcrumbList\",\"@id\":\"https:\/\/www.fiscalia.gov.co\/colombia\/noticias\/fiscalia-obtiene-medida-contra-un-fiscal-y-un-abogado-por-corrupcion-en-la-administracion-de-justicia\/#breadcrumb\",\"itemListElement\":[{\"@type\":\"ListItem\",\"position\":1,\"name\":\"Home\",\"item\":\"https:\/\/www.fiscalia.gov.co\/colombia\/\"},{\"@type\":\"ListItem\",\"position\":2,\"name\":\"Fiscal\u00eda obtiene medida contra un fiscal y un abogado por corrupci\u00f3n en la administraci\u00f3n de justicia\"}]},{\"@type\":\"WebSite\",\"@id\":\"https:\/\/www.fiscalia.gov.co\/colombia\/#website\",\"url\":\"https:\/\/www.fiscalia.gov.co\/colombia\/\",\"name\":\"Fiscal\u00eda General de la Naci\u00f3n\",\"description\":\"P\u00e1gina oficial de la Fiscal\u00eda General de la Naci\u00f3n \u2013 Colombia. Garantizamos el acceso efectivo a la justicia, la verdad y la reparaci\u00f3n de las v\u00edctimas de los delitos.\",\"publisher\":{\"@id\":\"https:\/\/www.fiscalia.gov.co\/colombia\/#organization\"},\"potentialAction\":[{\"@type\":\"SearchAction\",\"target\":{\"@type\":\"EntryPoint\",\"urlTemplate\":\"https:\/\/www.fiscalia.gov.co\/colombia\/?s={search_term_string}\"},\"query-input\":{\"@type\":\"PropertyValueSpecification\",\"valueRequired\":true,\"valueName\":\"search_term_string\"}}],\"inLanguage\":\"es-CO\"},{\"@type\":\"Organization\",\"@id\":\"https:\/\/www.fiscalia.gov.co\/colombia\/#organization\",\"name\":\"Fiscal\u00eda General de la Naci\u00f3n\",\"url\":\"https:\/\/www.fiscalia.gov.co\/colombia\/\",\"logo\":{\"@type\":\"ImageObject\",\"inLanguage\":\"es-CO\",\"@id\":\"https:\/\/www.fiscalia.gov.co\/colombia\/#\/schema\/logo\/image\/\",\"url\":\"https:\/\/www.fiscalia.gov.co\/colombia\/wp-content\/uploads\/LogoHorizontal_1.jpg\",\"contentUrl\":\"https:\/\/www.fiscalia.gov.co\/colombia\/wp-content\/uploads\/LogoHorizontal_1.jpg\",\"width\":300,\"height\":90,\"caption\":\"Fiscal\u00eda General de la Naci\u00f3n\"},\"image\":{\"@id\":\"https:\/\/www.fiscalia.gov.co\/colombia\/#\/schema\/logo\/image\/\"},\"sameAs\":[\"https:\/\/www.facebook.com\/FiscaliaCol\",\"https:\/\/x.com\/FiscaliaCol\",\"https:\/\/www.instagram.com\/fiscaliacol\",\"https:\/\/www.linkedin.com\/company\/fiscalia-general-de-la-naci-n\/\",\"https:\/\/youtube.com\/@fiscaliageneraldelanacion-4668?si=6nN79nyQICPU5iTh\"]},{\"@type\":\"Person\",\"@id\":\"https:\/\/www.fiscalia.gov.co\/colombia\/#\/schema\/person\/bf28d8ae7f1b287bbe3af484b04f43ea\",\"name\":\"Direcci\u00f3n de Comunicaciones Fiscal\u00eda General de la Naci\u00f3n\",\"image\":{\"@type\":\"ImageObject\",\"inLanguage\":\"es-CO\",\"@id\":\"https:\/\/www.fiscalia.gov.co\/colombia\/#\/schema\/person\/image\/\",\"url\":\"https:\/\/secure.gravatar.com\/avatar\/9d55ae161d32da16dbdd0b380c080a5f?s=96&d=mm&r=g\",\"contentUrl\":\"https:\/\/secure.gravatar.com\/avatar\/9d55ae161d32da16dbdd0b380c080a5f?s=96&d=mm&r=g\",\"caption\":\"Direcci\u00f3n de Comunicaciones Fiscal\u00eda General de la Naci\u00f3n\"},\"url\":\"https:\/\/www.fiscalia.gov.co\/colombia\/author\/kbonilla\/\"}]}<\/script>\n<!-- \/ Yoast SEO plugin. -->","yoast_head_json":{"title":"Fiscal\u00eda General de la Naci\u00f3n","description":"P\u00e1gina oficial de la Fiscal\u00eda General de la Naci\u00f3n \u2013 Colombia. Garantizamos el acceso efectivo a la justicia, la verdad y la reparaci\u00f3n de las v\u00edctimas de los delitos.","robots":{"index":"noindex","follow":"follow"},"og_locale":"es_ES","og_type":"article","og_title":"Fiscal\u00eda General de la Naci\u00f3n","og_description":"P\u00e1gina oficial de la Fiscal\u00eda General de la Naci\u00f3n \u2013 Colombia. Garantizamos el acceso efectivo a la justicia, la verdad y la reparaci\u00f3n de las v\u00edctimas de los delitos.","og_url":"https:\/\/www.fiscalia.gov.co\/colombia\/noticias\/fiscalia-obtiene-medida-contra-un-fiscal-y-un-abogado-por-corrupcion-en-la-administracion-de-justicia\/","og_site_name":"Fiscal\u00eda General de la Naci\u00f3n","article_publisher":"https:\/\/www.facebook.com\/FiscaliaCol","article_published_time":"2019-06-27T14:12:20+00:00","article_modified_time":"2019-06-27T14:13:01+00:00","author":"Direcci\u00f3n de Comunicaciones Fiscal\u00eda General de la Naci\u00f3n","twitter_card":"summary_large_image","twitter_creator":"@FiscaliaCol","twitter_site":"@FiscaliaCol","twitter_misc":{"Escrito por":"Direcci\u00f3n de Comunicaciones Fiscal\u00eda General de la Naci\u00f3n","Tiempo de lectura":"3 minutos"},"schema":{"@context":"https:\/\/schema.org","@graph":[{"@type":"Article","@id":"https:\/\/www.fiscalia.gov.co\/colombia\/noticias\/fiscalia-obtiene-medida-contra-un-fiscal-y-un-abogado-por-corrupcion-en-la-administracion-de-justicia\/#article","isPartOf":{"@id":"https:\/\/www.fiscalia.gov.co\/colombia\/noticias\/fiscalia-obtiene-medida-contra-un-fiscal-y-un-abogado-por-corrupcion-en-la-administracion-de-justicia\/"},"author":{"name":"Direcci\u00f3n de Comunicaciones Fiscal\u00eda General de la Naci\u00f3n","@id":"https:\/\/www.fiscalia.gov.co\/colombia\/#\/schema\/person\/bf28d8ae7f1b287bbe3af484b04f43ea"},"headline":"Fiscal\u00eda obtiene medida contra un fiscal y un abogado por corrupci\u00f3n en la administraci\u00f3n de justicia","datePublished":"2019-06-27T14:12:20+00:00","dateModified":"2019-06-27T14:13:01+00:00","mainEntityOfPage":{"@id":"https:\/\/www.fiscalia.gov.co\/colombia\/noticias\/fiscalia-obtiene-medida-contra-un-fiscal-y-un-abogado-por-corrupcion-en-la-administracion-de-justicia\/"},"wordCount":606,"publisher":{"@id":"https:\/\/www.fiscalia.gov.co\/colombia\/#organization"},"articleSection":["Corrupci\u00f3n","Corrupci\u00f3n","Noticias"],"inLanguage":"es-CO"},{"@type":"WebPage","@id":"https:\/\/www.fiscalia.gov.co\/colombia\/noticias\/fiscalia-obtiene-medida-contra-un-fiscal-y-un-abogado-por-corrupcion-en-la-administracion-de-justicia\/","url":"https:\/\/www.fiscalia.gov.co\/colombia\/noticias\/fiscalia-obtiene-medida-contra-un-fiscal-y-un-abogado-por-corrupcion-en-la-administracion-de-justicia\/","name":"Fiscal\u00eda General de la Naci\u00f3n","isPartOf":{"@id":"https:\/\/www.fiscalia.gov.co\/colombia\/#website"},"datePublished":"2019-06-27T14:12:20+00:00","dateModified":"2019-06-27T14:13:01+00:00","description":"P\u00e1gina oficial de la Fiscal\u00eda General de la Naci\u00f3n \u2013 Colombia. Garantizamos el acceso efectivo a la justicia, la verdad y la reparaci\u00f3n de las v\u00edctimas de los delitos.","breadcrumb":{"@id":"https:\/\/www.fiscalia.gov.co\/colombia\/noticias\/fiscalia-obtiene-medida-contra-un-fiscal-y-un-abogado-por-corrupcion-en-la-administracion-de-justicia\/#breadcrumb"},"inLanguage":"es-CO","potentialAction":[{"@type":"ReadAction","target":["https:\/\/www.fiscalia.gov.co\/colombia\/noticias\/fiscalia-obtiene-medida-contra-un-fiscal-y-un-abogado-por-corrupcion-en-la-administracion-de-justicia\/"]}]},{"@type":"BreadcrumbList","@id":"https:\/\/www.fiscalia.gov.co\/colombia\/noticias\/fiscalia-obtiene-medida-contra-un-fiscal-y-un-abogado-por-corrupcion-en-la-administracion-de-justicia\/#breadcrumb","itemListElement":[{"@type":"ListItem","position":1,"name":"Home","item":"https:\/\/www.fiscalia.gov.co\/colombia\/"},{"@type":"ListItem","position":2,"name":"Fiscal\u00eda obtiene medida contra un fiscal y un abogado por corrupci\u00f3n en la administraci\u00f3n de justicia"}]},{"@type":"WebSite","@id":"https:\/\/www.fiscalia.gov.co\/colombia\/#website","url":"https:\/\/www.fiscalia.gov.co\/colombia\/","name":"Fiscal\u00eda General de la Naci\u00f3n","description":"P\u00e1gina oficial de la Fiscal\u00eda General de la Naci\u00f3n \u2013 Colombia. Garantizamos el acceso efectivo a la justicia, la verdad y la reparaci\u00f3n de las v\u00edctimas de los delitos.","publisher":{"@id":"https:\/\/www.fiscalia.gov.co\/colombia\/#organization"},"potentialAction":[{"@type":"SearchAction","target":{"@type":"EntryPoint","urlTemplate":"https:\/\/www.fiscalia.gov.co\/colombia\/?s={search_term_string}"},"query-input":{"@type":"PropertyValueSpecification","valueRequired":true,"valueName":"search_term_string"}}],"inLanguage":"es-CO"},{"@type":"Organization","@id":"https:\/\/www.fiscalia.gov.co\/colombia\/#organization","name":"Fiscal\u00eda General de la Naci\u00f3n","url":"https:\/\/www.fiscalia.gov.co\/colombia\/","logo":{"@type":"ImageObject","inLanguage":"es-CO","@id":"https:\/\/www.fiscalia.gov.co\/colombia\/#\/schema\/logo\/image\/","url":"https:\/\/www.fiscalia.gov.co\/colombia\/wp-content\/uploads\/LogoHorizontal_1.jpg","contentUrl":"https:\/\/www.fiscalia.gov.co\/colombia\/wp-content\/uploads\/LogoHorizontal_1.jpg","width":300,"height":90,"caption":"Fiscal\u00eda General de la Naci\u00f3n"},"image":{"@id":"https:\/\/www.fiscalia.gov.co\/colombia\/#\/schema\/logo\/image\/"},"sameAs":["https:\/\/www.facebook.com\/FiscaliaCol","https:\/\/x.com\/FiscaliaCol","https:\/\/www.instagram.com\/fiscaliacol","https:\/\/www.linkedin.com\/company\/fiscalia-general-de-la-naci-n\/","https:\/\/youtube.com\/@fiscaliageneraldelanacion-4668?si=6nN79nyQICPU5iTh"]},{"@type":"Person","@id":"https:\/\/www.fiscalia.gov.co\/colombia\/#\/schema\/person\/bf28d8ae7f1b287bbe3af484b04f43ea","name":"Direcci\u00f3n de Comunicaciones Fiscal\u00eda General de la Naci\u00f3n","image":{"@type":"ImageObject","inLanguage":"es-CO","@id":"https:\/\/www.fiscalia.gov.co\/colombia\/#\/schema\/person\/image\/","url":"https:\/\/secure.gravatar.com\/avatar\/9d55ae161d32da16dbdd0b380c080a5f?s=96&d=mm&r=g","contentUrl":"https:\/\/secure.gravatar.com\/avatar\/9d55ae161d32da16dbdd0b380c080a5f?s=96&d=mm&r=g","caption":"Direcci\u00f3n de Comunicaciones Fiscal\u00eda General de la Naci\u00f3n"},"url":"https:\/\/www.fiscalia.gov.co\/colombia\/author\/kbonilla\/"}]}},"_links":{"self":[{"href":"https:\/\/www.fiscalia.gov.co\/colombia\/wp-json\/wp\/v2\/posts\/180826","targetHints":{"allow":["GET"]}}],"collection":[{"href":"https:\/\/www.fiscalia.gov.co\/colombia\/wp-json\/wp\/v2\/posts"}],"about":[{"href":"https:\/\/www.fiscalia.gov.co\/colombia\/wp-json\/wp\/v2\/types\/post"}],"author":[{"embeddable":true,"href":"https:\/\/www.fiscalia.gov.co\/colombia\/wp-json\/wp\/v2\/users\/162"}],"replies":[{"embeddable":true,"href":"https:\/\/www.fiscalia.gov.co\/colombia\/wp-json\/wp\/v2\/comments?post=180826"}],"version-history":[{"count":1,"href":"https:\/\/www.fiscalia.gov.co\/colombia\/wp-json\/wp\/v2\/posts\/180826\/revisions"}],"predecessor-version":[{"id":180827,"href":"https:\/\/www.fiscalia.gov.co\/colombia\/wp-json\/wp\/v2\/posts\/180826\/revisions\/180827"}],"wp:attachment":[{"href":"https:\/\/www.fiscalia.gov.co\/colombia\/wp-json\/wp\/v2\/media?parent=180826"}],"wp:term":[{"taxonomy":"category","embeddable":true,"href":"https:\/\/www.fiscalia.gov.co\/colombia\/wp-json\/wp\/v2\/categories?post=180826"},{"taxonomy":"post_tag","embeddable":true,"href":"https:\/\/www.fiscalia.gov.co\/colombia\/wp-json\/wp\/v2\/tags?post=180826"}],"curies":[{"name":"wp","href":"https:\/\/api.w.org\/{rel}","templated":true}]}}